{"id":3723,"date":"2011-09-20T13:20:02","date_gmt":"2011-09-20T17:20:02","guid":{"rendered":"http:\/\/www.deputadovander.com.br\/website\/?p=3723"},"modified":"2011-09-20T13:20:02","modified_gmt":"2011-09-20T17:20:02","slug":"vander-propoe-mudanca-na-constituicao-em-prol-da-carreira-de-delegado","status":"publish","type":"post","link":"https:\/\/vanderloubet.com.br\/deputado\/vander-propoe-mudanca-na-constituicao-em-prol-da-carreira-de-delegado\/","title":{"rendered":"Vander prop\u00f5e mudan\u00e7a na Constitui\u00e7\u00e3o em prol da carreira de delegado"},"content":{"rendered":"<p style=\"text-align: center;\"><figure id=\"attachment_2882\" aria-describedby=\"caption-attachment-2882\" style=\"width: 320px\" class=\"wp-caption aligncenter\"><a href=\"http:\/\/www.deputadovander.com.br\/website\/wp-content\/uploads\/2011\/02\/foto-2011-02-17-vander-plenario.jpg\" target=\"_blank\"><img decoding=\"async\" class=\"size-medium wp-image-2882 \" title=\"foto-2011-02-17-vander-plenario\" src=\"http:\/\/www.deputadovander.com.br\/website\/wp-content\/uploads\/2011\/02\/foto-2011-02-17-vander-plenario-320x400.jpg\" alt=\"Deputado Federal Vander Loubet\" width=\"320\" height=\"400\" \/><\/a><figcaption id=\"caption-attachment-2882\" class=\"wp-caption-text\">Deputado Federal Vander Loubet<\/figcaption><\/figure><\/p>\n<p>O deputado federal Vander Loubet (PT-MS) apresentou no \u00faltimo dia 15 uma emenda substitutiva (<a title=\"Link\" href=\"http:\/\/www.camara.gov.br\/proposicoesWeb\/fichadetramitacao?idProposicao=520010\" target=\"_blank\">EMC-8\/2011<\/a>) com o objetivo de dar nova reda\u00e7\u00e3o \u00e0 <a title=\"Link\" href=\"http:\/\/www.camara.gov.br\/proposicoesWeb\/fichadetramitacao?idProposicao=463155\" target=\"_blank\">Proposta de Emenda \u00e0 Constitui\u00e7\u00e3o (PEC) 443\/2009<\/a>, de autoria do deputado federal Bonif\u00e1cio de Andrada (PSDB-MG), que fixa par\u00e2metros para a remunera\u00e7\u00e3o dos advogados p\u00fablicos.<\/p>\n<p>O projeto do mineiro pretende alterar o artigo 131 da Constitui\u00e7\u00e3o Federal visando conferir tratamento remunerat\u00f3rio uniforme entre os membros da Advocacia P\u00fablica, da Defensoria P\u00fablica, do Poder Judici\u00e1rio e do Minist\u00e9rio P\u00fablico, pondo fim \u00e0 discrimina\u00e7\u00e3o remunerat\u00f3ria entre as carreiras consideradas como essenciais \u00e0 Justi\u00e7a.<\/p>\n<p>Na EMC-8\/2011, Vander prop\u00f5e que a PEC 443\/2009 inclua tamb\u00e9m os delegados das pol\u00edcias Federal e Civil dos Estados no rol das carreiras beneficiadas com a medida. Al\u00e9m disso, o petista sugere que ao inv\u00e9s de alterar o artigo 131, seja acrescentado um novo artigo &#8211; de n\u00famero 251 &#8211; \u00e0 Constitui\u00e7\u00e3o Federal consagrando esse entendimento.<\/p>\n<p>Na justificativa da emenda, o deputado Vander Loubet argumenta que uma modifica\u00e7\u00e3o do artigo 241 da CF em 1998 causou grave transtorno ao tratamento da carreira de delegado de pol\u00edcia, deixando de lado, em alguns Estados, esse important\u00edssimo profissional do Direito, atitude que revela enorme descaso aos profissionais que exercem esse cargo p\u00fablico essencial \u00e0 seguran\u00e7a p\u00fablica e \u00e0 garantida do direito do cidad\u00e3o. &#8220;Da\u00ed a raz\u00e3o de os delegados de pol\u00edcia terem tratamento remunerat\u00f3rio equivalente ao dos demais membros das carreiras jur\u00eddicas p\u00fablicas&#8221;, afirma o parlamentar.<\/p>\n<p>Atualmente a PEC 443\/2009 tramita numa Comiss\u00e3o Especial, constitu\u00edda em junho de 2010 e relatada pelo deputado Mauro Benevides (PMDB-CE). Al\u00e9m da emenda de Vander, foram apresentadas outras sete emendas \u00e0 proposta.<\/p>\n<p><span style=\"font-size: 11px;\">(\u00c9der Yanaguita\/Assessoria Deputado Vander)<\/span><\/p>\n","protected":false},"excerpt":{"rendered":"<p>Deputado apresentou emenda substitutiva \u00e0 PEC 443\/2009.<\/p>\n","protected":false},"author":2,"featured_media":0,"comment_status":"closed","ping_status":"open","sticky":false,"template":"","format":"standard","meta":{"jetpack_post_was_ever_published":false,"_jetpack_newsletter_access":"","_jetpack_dont_email_post_to_subs":false,"_jetpack_newsletter_tier_id":0,"_jetpack_memberships_contains_paywalled_content":false,"_jetpack_memberships_contains_paid_content":false,"footnotes":""},"categories":[10],"tags":[19,31,53,128,281,332,502,594,608,709,807,1178,1336,1514,1570,1655,1661,1896,2033],"class_list":{"0":"post-3723","1":"post","2":"type-post","3":"status-publish","4":"format-standard","6":"category-noticias","7":"tag-19","8":"tag-31","9":"tag-advogados","10":"tag-andrada","11":"tag-bonifacio","12":"tag-camara","13":"tag-congresso","14":"tag-delegados","15":"tag-deputado","16":"tag-emenda","17":"tag-federal","18":"tag-loubet","19":"tag-ms","20":"tag-pec","21":"tag-policia","22":"tag-pt","23":"tag-publicos","24":"tag-substitutiva","25":"tag-vander"},"yoast_head":"<!-- This site is optimized with the Yoast SEO plugin v27.4 - https:\/\/yoast.com\/product\/yoast-seo-wordpress\/ -->\n<title>Vander prop\u00f5e mudan\u00e7a na Constitui\u00e7\u00e3o em prol da carreira de delegado<\/title>\n<meta name=\"robots\" content=\"index, follow, max-snippet:-1, max-image-preview:large, max-video-preview:-1\" \/>\n<link rel=\"canonical\" href=\"https:\/\/vanderloubet.com.br\/deputado\/vander-propoe-mudanca-na-constituicao-em-prol-da-carreira-de-delegado\/\" \/>\n<meta property=\"og:locale\" content=\"pt_BR\" \/>\n<meta property=\"og:type\" content=\"article\" \/>\n<meta property=\"og:title\" content=\"Vander prop\u00f5e mudan\u00e7a na Constitui\u00e7\u00e3o em prol da carreira de delegado\" \/>\n<meta property=\"og:description\" content=\"Deputado apresentou emenda substitutiva \u00e0 PEC 443\/2009.\" \/>\n<meta property=\"og:url\" content=\"https:\/\/vanderloubet.com.br\/deputado\/vander-propoe-mudanca-na-constituicao-em-prol-da-carreira-de-delegado\/\" \/>\n<meta property=\"og:site_name\" content=\"Deputado Federal Vander Loubet\" \/>\n<meta property=\"article:publisher\" content=\"https:\/\/facebook.com\/deputadovander\" \/>\n<meta property=\"article:published_time\" content=\"2011-09-20T17:20:02+00:00\" \/>\n<meta property=\"og:image\" content=\"http:\/\/www.deputadovander.com.br\/website\/wp-content\/uploads\/2011\/02\/foto-2011-02-17-vander-plenario-320x400.jpg\" \/>\n<meta name=\"author\" content=\"\u00c9der\" \/>\n<meta name=\"twitter:card\" content=\"summary_large_image\" \/>\n<meta name=\"twitter:creator\" content=\"@vanderloubet\" \/>\n<meta name=\"twitter:site\" content=\"@vanderloubet\" \/>\n<script type=\"application\/ld+json\" class=\"yoast-schema-graph\">{\"@context\":\"https:\\\/\\\/schema.org\",\"@graph\":[{\"@type\":\"Article\",\"@id\":\"https:\\\/\\\/vanderloubet.com.br\\\/deputado\\\/vander-propoe-mudanca-na-constituicao-em-prol-da-carreira-de-delegado\\\/#article\",\"isPartOf\":{\"@id\":\"https:\\\/\\\/vanderloubet.com.br\\\/deputado\\\/vander-propoe-mudanca-na-constituicao-em-prol-da-carreira-de-delegado\\\/\"},\"author\":{\"name\":\"\u00c9der\",\"@id\":\"https:\\\/\\\/vanderloubet.com.br\\\/deputado\\\/#\\\/schema\\\/person\\\/15b51bd564532a8a68d9dec1b8eb890e\"},\"headline\":\"Vander prop\u00f5e mudan\u00e7a na Constitui\u00e7\u00e3o em prol da carreira de delegado\",\"datePublished\":\"2011-09-20T17:20:02+00:00\",\"mainEntityOfPage\":{\"@id\":\"https:\\\/\\\/vanderloubet.com.br\\\/deputado\\\/vander-propoe-mudanca-na-constituicao-em-prol-da-carreira-de-delegado\\\/\"},\"wordCount\":320,\"publisher\":{\"@id\":\"https:\\\/\\\/vanderloubet.com.br\\\/deputado\\\/#organization\"},\"image\":{\"@id\":\"https:\\\/\\\/vanderloubet.com.br\\\/deputado\\\/vander-propoe-mudanca-na-constituicao-em-prol-da-carreira-de-delegado\\\/#primaryimage\"},\"thumbnailUrl\":\"http:\\\/\\\/www.deputadovander.com.br\\\/website\\\/wp-content\\\/uploads\\\/2011\\\/02\\\/foto-2011-02-17-vander-plenario-320x400.jpg\",\"keywords\":[\"2009\",\"443\",\"advogados\",\"andrada\",\"bonif\u00e1cio\",\"c\u00e2mara\",\"congresso\",\"delegados\",\"deputado\",\"emenda\",\"federal\",\"loubet\",\"MS\",\"pec\",\"pol\u00edcia\",\"PT\",\"p\u00fablicos\",\"substitutiva\",\"vander\"],\"articleSection\":[\"Not\u00edcias\"],\"inLanguage\":\"pt-BR\"},{\"@type\":\"WebPage\",\"@id\":\"https:\\\/\\\/vanderloubet.com.br\\\/deputado\\\/vander-propoe-mudanca-na-constituicao-em-prol-da-carreira-de-delegado\\\/\",\"url\":\"https:\\\/\\\/vanderloubet.com.br\\\/deputado\\\/vander-propoe-mudanca-na-constituicao-em-prol-da-carreira-de-delegado\\\/\",\"name\":\"Vander prop\u00f5e mudan\u00e7a na Constitui\u00e7\u00e3o em prol da carreira de delegado\",\"isPartOf\":{\"@id\":\"https:\\\/\\\/vanderloubet.com.br\\\/deputado\\\/#website\"},\"primaryImageOfPage\":{\"@id\":\"https:\\\/\\\/vanderloubet.com.br\\\/deputado\\\/vander-propoe-mudanca-na-constituicao-em-prol-da-carreira-de-delegado\\\/#primaryimage\"},\"image\":{\"@id\":\"https:\\\/\\\/vanderloubet.com.br\\\/deputado\\\/vander-propoe-mudanca-na-constituicao-em-prol-da-carreira-de-delegado\\\/#primaryimage\"},\"thumbnailUrl\":\"http:\\\/\\\/www.deputadovander.com.br\\\/website\\\/wp-content\\\/uploads\\\/2011\\\/02\\\/foto-2011-02-17-vander-plenario-320x400.jpg\",\"datePublished\":\"2011-09-20T17:20:02+00:00\",\"breadcrumb\":{\"@id\":\"https:\\\/\\\/vanderloubet.com.br\\\/deputado\\\/vander-propoe-mudanca-na-constituicao-em-prol-da-carreira-de-delegado\\\/#breadcrumb\"},\"inLanguage\":\"pt-BR\",\"potentialAction\":[{\"@type\":\"ReadAction\",\"target\":[\"https:\\\/\\\/vanderloubet.com.br\\\/deputado\\\/vander-propoe-mudanca-na-constituicao-em-prol-da-carreira-de-delegado\\\/\"]}]},{\"@type\":\"ImageObject\",\"inLanguage\":\"pt-BR\",\"@id\":\"https:\\\/\\\/vanderloubet.com.br\\\/deputado\\\/vander-propoe-mudanca-na-constituicao-em-prol-da-carreira-de-delegado\\\/#primaryimage\",\"url\":\"http:\\\/\\\/www.deputadovander.com.br\\\/website\\\/wp-content\\\/uploads\\\/2011\\\/02\\\/foto-2011-02-17-vander-plenario-320x400.jpg\",\"contentUrl\":\"http:\\\/\\\/www.deputadovander.com.br\\\/website\\\/wp-content\\\/uploads\\\/2011\\\/02\\\/foto-2011-02-17-vander-plenario-320x400.jpg\"},{\"@type\":\"BreadcrumbList\",\"@id\":\"https:\\\/\\\/vanderloubet.com.br\\\/deputado\\\/vander-propoe-mudanca-na-constituicao-em-prol-da-carreira-de-delegado\\\/#breadcrumb\",\"itemListElement\":[{\"@type\":\"ListItem\",\"position\":1,\"name\":\"In\u00edcio\",\"item\":\"https:\\\/\\\/vanderloubet.com.br\\\/deputado\\\/\"},{\"@type\":\"ListItem\",\"position\":2,\"name\":\"Vander prop\u00f5e mudan\u00e7a na Constitui\u00e7\u00e3o em prol da carreira de delegado\"}]},{\"@type\":\"WebSite\",\"@id\":\"https:\\\/\\\/vanderloubet.com.br\\\/deputado\\\/#website\",\"url\":\"https:\\\/\\\/vanderloubet.com.br\\\/deputado\\\/\",\"name\":\"Deputado Federal Vander Loubet\",\"description\":\"O Federal de MS\",\"publisher\":{\"@id\":\"https:\\\/\\\/vanderloubet.com.br\\\/deputado\\\/#organization\"},\"alternateName\":\"Deputado Vander\",\"potentialAction\":[{\"@type\":\"SearchAction\",\"target\":{\"@type\":\"EntryPoint\",\"urlTemplate\":\"https:\\\/\\\/vanderloubet.com.br\\\/deputado\\\/?s={search_term_string}\"},\"query-input\":{\"@type\":\"PropertyValueSpecification\",\"valueRequired\":true,\"valueName\":\"search_term_string\"}}],\"inLanguage\":\"pt-BR\"},{\"@type\":\"Organization\",\"@id\":\"https:\\\/\\\/vanderloubet.com.br\\\/deputado\\\/#organization\",\"name\":\"Deputado Federal Vander Loubet\",\"alternateName\":\"Deputado Vander\",\"url\":\"https:\\\/\\\/vanderloubet.com.br\\\/deputado\\\/\",\"logo\":{\"@type\":\"ImageObject\",\"inLanguage\":\"pt-BR\",\"@id\":\"https:\\\/\\\/vanderloubet.com.br\\\/deputado\\\/#\\\/schema\\\/logo\\\/image\\\/\",\"url\":\"https:\\\/\\\/vanderloubet.com.br\\\/deputado\\\/wp-content\\\/uploads\\\/2023\\\/06\\\/foto-2023-06-19-mandato-deputado-vander.jpg\",\"contentUrl\":\"https:\\\/\\\/vanderloubet.com.br\\\/deputado\\\/wp-content\\\/uploads\\\/2023\\\/06\\\/foto-2023-06-19-mandato-deputado-vander.jpg\",\"width\":1080,\"height\":1080,\"caption\":\"Deputado Federal Vander Loubet\"},\"image\":{\"@id\":\"https:\\\/\\\/vanderloubet.com.br\\\/deputado\\\/#\\\/schema\\\/logo\\\/image\\\/\"},\"sameAs\":[\"https:\\\/\\\/facebook.com\\\/deputadovander\",\"https:\\\/\\\/x.com\\\/vanderloubet\",\"https:\\\/\\\/instagram.com\\\/vanderloubet\",\"https:\\\/\\\/youtube.com\\\/vanderloubet\",\"https:\\\/\\\/tiktok.com\\\/@vanderloubetms\"]},{\"@type\":\"Person\",\"@id\":\"https:\\\/\\\/vanderloubet.com.br\\\/deputado\\\/#\\\/schema\\\/person\\\/15b51bd564532a8a68d9dec1b8eb890e\",\"name\":\"\u00c9der\",\"image\":{\"@type\":\"ImageObject\",\"inLanguage\":\"pt-BR\",\"@id\":\"https:\\\/\\\/vanderloubet.com.br\\\/deputado\\\/wp-content\\\/litespeed\\\/avatar\\\/88ca4090d9d5ab1c9495f6ca03b68efa.jpg?ver=1777058957\",\"url\":\"https:\\\/\\\/vanderloubet.com.br\\\/deputado\\\/wp-content\\\/litespeed\\\/avatar\\\/88ca4090d9d5ab1c9495f6ca03b68efa.jpg?ver=1777058957\",\"contentUrl\":\"https:\\\/\\\/vanderloubet.com.br\\\/deputado\\\/wp-content\\\/litespeed\\\/avatar\\\/88ca4090d9d5ab1c9495f6ca03b68efa.jpg?ver=1777058957\",\"caption\":\"\u00c9der\"}}]}<\/script>\n<!-- \/ Yoast SEO plugin. -->","yoast_head_json":{"title":"Vander prop\u00f5e mudan\u00e7a na Constitui\u00e7\u00e3o em prol da carreira de delegado","robots":{"index":"index","follow":"follow","max-snippet":"max-snippet:-1","max-image-preview":"max-image-preview:large","max-video-preview":"max-video-preview:-1"},"canonical":"https:\/\/vanderloubet.com.br\/deputado\/vander-propoe-mudanca-na-constituicao-em-prol-da-carreira-de-delegado\/","og_locale":"pt_BR","og_type":"article","og_title":"Vander prop\u00f5e mudan\u00e7a na Constitui\u00e7\u00e3o em prol da carreira de delegado","og_description":"Deputado apresentou emenda substitutiva \u00e0 PEC 443\/2009.","og_url":"https:\/\/vanderloubet.com.br\/deputado\/vander-propoe-mudanca-na-constituicao-em-prol-da-carreira-de-delegado\/","og_site_name":"Deputado Federal Vander Loubet","article_publisher":"https:\/\/facebook.com\/deputadovander","article_published_time":"2011-09-20T17:20:02+00:00","og_image":[{"url":"http:\/\/www.deputadovander.com.br\/website\/wp-content\/uploads\/2011\/02\/foto-2011-02-17-vander-plenario-320x400.jpg","type":"","width":"","height":""}],"author":"\u00c9der","twitter_card":"summary_large_image","twitter_creator":"@vanderloubet","twitter_site":"@vanderloubet","schema":{"@context":"https:\/\/schema.org","@graph":[{"@type":"Article","@id":"https:\/\/vanderloubet.com.br\/deputado\/vander-propoe-mudanca-na-constituicao-em-prol-da-carreira-de-delegado\/#article","isPartOf":{"@id":"https:\/\/vanderloubet.com.br\/deputado\/vander-propoe-mudanca-na-constituicao-em-prol-da-carreira-de-delegado\/"},"author":{"name":"\u00c9der","@id":"https:\/\/vanderloubet.com.br\/deputado\/#\/schema\/person\/15b51bd564532a8a68d9dec1b8eb890e"},"headline":"Vander prop\u00f5e mudan\u00e7a na Constitui\u00e7\u00e3o em prol da carreira de delegado","datePublished":"2011-09-20T17:20:02+00:00","mainEntityOfPage":{"@id":"https:\/\/vanderloubet.com.br\/deputado\/vander-propoe-mudanca-na-constituicao-em-prol-da-carreira-de-delegado\/"},"wordCount":320,"publisher":{"@id":"https:\/\/vanderloubet.com.br\/deputado\/#organization"},"image":{"@id":"https:\/\/vanderloubet.com.br\/deputado\/vander-propoe-mudanca-na-constituicao-em-prol-da-carreira-de-delegado\/#primaryimage"},"thumbnailUrl":"http:\/\/www.deputadovander.com.br\/website\/wp-content\/uploads\/2011\/02\/foto-2011-02-17-vander-plenario-320x400.jpg","keywords":["2009","443","advogados","andrada","bonif\u00e1cio","c\u00e2mara","congresso","delegados","deputado","emenda","federal","loubet","MS","pec","pol\u00edcia","PT","p\u00fablicos","substitutiva","vander"],"articleSection":["Not\u00edcias"],"inLanguage":"pt-BR"},{"@type":"WebPage","@id":"https:\/\/vanderloubet.com.br\/deputado\/vander-propoe-mudanca-na-constituicao-em-prol-da-carreira-de-delegado\/","url":"https:\/\/vanderloubet.com.br\/deputado\/vander-propoe-mudanca-na-constituicao-em-prol-da-carreira-de-delegado\/","name":"Vander prop\u00f5e mudan\u00e7a na Constitui\u00e7\u00e3o em prol da carreira de delegado","isPartOf":{"@id":"https:\/\/vanderloubet.com.br\/deputado\/#website"},"primaryImageOfPage":{"@id":"https:\/\/vanderloubet.com.br\/deputado\/vander-propoe-mudanca-na-constituicao-em-prol-da-carreira-de-delegado\/#primaryimage"},"image":{"@id":"https:\/\/vanderloubet.com.br\/deputado\/vander-propoe-mudanca-na-constituicao-em-prol-da-carreira-de-delegado\/#primaryimage"},"thumbnailUrl":"http:\/\/www.deputadovander.com.br\/website\/wp-content\/uploads\/2011\/02\/foto-2011-02-17-vander-plenario-320x400.jpg","datePublished":"2011-09-20T17:20:02+00:00","breadcrumb":{"@id":"https:\/\/vanderloubet.com.br\/deputado\/vander-propoe-mudanca-na-constituicao-em-prol-da-carreira-de-delegado\/#breadcrumb"},"inLanguage":"pt-BR","potentialAction":[{"@type":"ReadAction","target":["https:\/\/vanderloubet.com.br\/deputado\/vander-propoe-mudanca-na-constituicao-em-prol-da-carreira-de-delegado\/"]}]},{"@type":"ImageObject","inLanguage":"pt-BR","@id":"https:\/\/vanderloubet.com.br\/deputado\/vander-propoe-mudanca-na-constituicao-em-prol-da-carreira-de-delegado\/#primaryimage","url":"http:\/\/www.deputadovander.com.br\/website\/wp-content\/uploads\/2011\/02\/foto-2011-02-17-vander-plenario-320x400.jpg","contentUrl":"http:\/\/www.deputadovander.com.br\/website\/wp-content\/uploads\/2011\/02\/foto-2011-02-17-vander-plenario-320x400.jpg"},{"@type":"BreadcrumbList","@id":"https:\/\/vanderloubet.com.br\/deputado\/vander-propoe-mudanca-na-constituicao-em-prol-da-carreira-de-delegado\/#breadcrumb","itemListElement":[{"@type":"ListItem","position":1,"name":"In\u00edcio","item":"https:\/\/vanderloubet.com.br\/deputado\/"},{"@type":"ListItem","position":2,"name":"Vander prop\u00f5e mudan\u00e7a na Constitui\u00e7\u00e3o em prol da carreira de delegado"}]},{"@type":"WebSite","@id":"https:\/\/vanderloubet.com.br\/deputado\/#website","url":"https:\/\/vanderloubet.com.br\/deputado\/","name":"Deputado Federal Vander Loubet","description":"O Federal de MS","publisher":{"@id":"https:\/\/vanderloubet.com.br\/deputado\/#organization"},"alternateName":"Deputado Vander","potentialAction":[{"@type":"SearchAction","target":{"@type":"EntryPoint","urlTemplate":"https:\/\/vanderloubet.com.br\/deputado\/?s={search_term_string}"},"query-input":{"@type":"PropertyValueSpecification","valueRequired":true,"valueName":"search_term_string"}}],"inLanguage":"pt-BR"},{"@type":"Organization","@id":"https:\/\/vanderloubet.com.br\/deputado\/#organization","name":"Deputado Federal Vander Loubet","alternateName":"Deputado Vander","url":"https:\/\/vanderloubet.com.br\/deputado\/","logo":{"@type":"ImageObject","inLanguage":"pt-BR","@id":"https:\/\/vanderloubet.com.br\/deputado\/#\/schema\/logo\/image\/","url":"https:\/\/vanderloubet.com.br\/deputado\/wp-content\/uploads\/2023\/06\/foto-2023-06-19-mandato-deputado-vander.jpg","contentUrl":"https:\/\/vanderloubet.com.br\/deputado\/wp-content\/uploads\/2023\/06\/foto-2023-06-19-mandato-deputado-vander.jpg","width":1080,"height":1080,"caption":"Deputado Federal Vander Loubet"},"image":{"@id":"https:\/\/vanderloubet.com.br\/deputado\/#\/schema\/logo\/image\/"},"sameAs":["https:\/\/facebook.com\/deputadovander","https:\/\/x.com\/vanderloubet","https:\/\/instagram.com\/vanderloubet","https:\/\/youtube.com\/vanderloubet","https:\/\/tiktok.com\/@vanderloubetms"]},{"@type":"Person","@id":"https:\/\/vanderloubet.com.br\/deputado\/#\/schema\/person\/15b51bd564532a8a68d9dec1b8eb890e","name":"\u00c9der","image":{"@type":"ImageObject","inLanguage":"pt-BR","@id":"https:\/\/vanderloubet.com.br\/deputado\/wp-content\/litespeed\/avatar\/88ca4090d9d5ab1c9495f6ca03b68efa.jpg?ver=1777058957","url":"https:\/\/vanderloubet.com.br\/deputado\/wp-content\/litespeed\/avatar\/88ca4090d9d5ab1c9495f6ca03b68efa.jpg?ver=1777058957","contentUrl":"https:\/\/vanderloubet.com.br\/deputado\/wp-content\/litespeed\/avatar\/88ca4090d9d5ab1c9495f6ca03b68efa.jpg?ver=1777058957","caption":"\u00c9der"}}]}},"jetpack_featured_media_url":"","jetpack_sharing_enabled":true,"_links":{"self":[{"href":"https:\/\/vanderloubet.com.br\/deputado\/wp-json\/wp\/v2\/posts\/3723","targetHints":{"allow":["GET"]}}],"collection":[{"href":"https:\/\/vanderloubet.com.br\/deputado\/wp-json\/wp\/v2\/posts"}],"about":[{"href":"https:\/\/vanderloubet.com.br\/deputado\/wp-json\/wp\/v2\/types\/post"}],"author":[{"embeddable":true,"href":"https:\/\/vanderloubet.com.br\/deputado\/wp-json\/wp\/v2\/users\/2"}],"replies":[{"embeddable":true,"href":"https:\/\/vanderloubet.com.br\/deputado\/wp-json\/wp\/v2\/comments?post=3723"}],"version-history":[{"count":0,"href":"https:\/\/vanderloubet.com.br\/deputado\/wp-json\/wp\/v2\/posts\/3723\/revisions"}],"wp:attachment":[{"href":"https:\/\/vanderloubet.com.br\/deputado\/wp-json\/wp\/v2\/media?parent=3723"}],"wp:term":[{"taxonomy":"category","embeddable":true,"href":"https:\/\/vanderloubet.com.br\/deputado\/wp-json\/wp\/v2\/categories?post=3723"},{"taxonomy":"post_tag","embeddable":true,"href":"https:\/\/vanderloubet.com.br\/deputado\/wp-json\/wp\/v2\/tags?post=3723"}],"curies":[{"name":"wp","href":"https:\/\/api.w.org\/{rel}","templated":true}]}}