{"id":3712,"date":"2011-09-16T00:31:29","date_gmt":"2011-09-16T04:31:29","guid":{"rendered":"http:\/\/www.deputadovander.com.br\/website\/?p=3712"},"modified":"2011-09-16T00:31:29","modified_gmt":"2011-09-16T04:31:29","slug":"deputados-fecham-acordo-para-votar-emenda-29-na-proxima-quarta","status":"publish","type":"post","link":"https:\/\/vanderloubet.com.br\/deputado\/deputados-fecham-acordo-para-votar-emenda-29-na-proxima-quarta\/","title":{"rendered":"Deputados fecham acordo para votar Emenda 29 na pr\u00f3xima quarta"},"content":{"rendered":"<p style=\"text-align: center;\"><figure id=\"attachment_754\" aria-describedby=\"caption-attachment-754\" style=\"width: 300px\" class=\"wp-caption aligncenter\"><a href=\"http:\/\/www.deputadovander.com.br\/website\/wp-content\/uploads\/2010\/05\/foto-2010-05-10-plenario-camara1.jpg\" target=\"_blank\"><img decoding=\"async\" class=\"size-medium wp-image-754 \" title=\"foto-2010-05-10-plenario-camara\" src=\"http:\/\/www.deputadovander.com.br\/website\/wp-content\/uploads\/2010\/05\/foto-2010-05-10-plenario-camara1-300x225.jpg\" alt=\"Plen\u00e1rio da C\u00e2mara em Bras\u00edlia\" width=\"300\" height=\"225\" \/><\/a><figcaption id=\"caption-attachment-754\" class=\"wp-caption-text\">Plen\u00e1rio da C\u00e2mara em Bras\u00edlia<\/figcaption><\/figure><\/p>\n<p>Acordo fechado nesta quarta-feira com os l\u00edderes vai permitir que a pauta seja liberada para a vota\u00e7\u00e3o do projeto que regulamenta os recursos para a sa\u00fade previstos na Emenda 29. Indica\u00e7\u00e3o da C\u00e2mara para o TCU e anistia criminal para bombeiros tamb\u00e9m podem ser votadas.<\/p>\n<p>Um acordo fechado entre todos os l\u00edderes partid\u00e1rios e o presidente da C\u00e2mara, Marco Maia (PT-RS), vai permitir que a pauta seja liberada para a vota\u00e7\u00e3o, na pr\u00f3xima quarta-feira (21), do projeto que regulamenta os recursos para a sa\u00fade previstos na Emenda 29 (<a title=\"Link\" href=\"http:\/\/www.camara.gov.br\/proposicoesWeb\/fichadetramitacao?idProposicao=394079\" target=\"_blank\">PLP 306\/08<\/a>).<\/p>\n<p><strong>Sem novo imposto<\/strong><\/p>\n<p>Com a quest\u00e3o da cria\u00e7\u00e3o de um imposto para a sa\u00fade nos moldes da antiga CPMF refeitada por grande parte dos parlamentares, o deputado federal Vander Loubet (PT-MS) defende que o Parlamento e o Executivo busquem alternativas para destinar mais recursos \u00e0 sa\u00fade. &#8220;N\u00e3o h\u00e1 raz\u00e3o para mais taxas sobre os contribuintes&#8221;, defende o parlamentar.<\/p>\n<p>Por solicita\u00e7\u00e3o do deputado estadual George Takimoto (PSL), Vander deve propor na C\u00e2mara a ado\u00e7\u00e3o de um sistema que assegure ao setor da sa\u00fade uma parcela dos recursos obtidos pelas loterias da Caixa Econ\u00f4mica Federal (CEF) ou um projeto de lei criando um concurso com igual objetivo. &#8220;Acredito que a id\u00e9ia \u00e9 vi\u00e1vel e vem ao encontro de uma condi\u00e7\u00e3o de primeira e inadi\u00e1vel necessidade para incrementar o atendimento no sistema p\u00fablico de sa\u00fade&#8221;, afirmou o petista.<\/p>\n<p>Sobre a chamada &#8220;Loteria da Sa\u00fade&#8221;, o deputado Vander disse que j\u00e1 pediu estudos \u00e0 sua assessoria t\u00e9cnica e que em breve ter\u00e1 o formato do projeto para buscar apoio junto aos colegas da C\u00e2mara.<\/p>\n<p><strong>Emenda 29<\/strong><\/p>\n<p>A Emenda 29 fixa os percentuais m\u00ednimos a serem gastos na sa\u00fade por estados, munic\u00edpios e Uni\u00e3o. A regulamenta\u00e7\u00e3o tramita sob a forma do Projeto de Lei Complementar 306\/08, do Senado. O texto principal da proposta foi aprovado pelo Plen\u00e1rio em 2008, mas a vota\u00e7\u00e3o n\u00e3o foi conclu\u00edda. Por falta de acordo, a proposta est\u00e1 parada no Plen\u00e1rio desde ent\u00e3o.<\/p>\n<p>De acordo com o texto aprovado, o governo federal destinar\u00e1 \u00e0 \u00e1rea de sa\u00fade o valor empenhado no ano anterior, acrescido da varia\u00e7\u00e3o nominal do Produto Interno Bruto (PIB). Se houver revis\u00e3o posterior para cima no c\u00e1lculo do PIB, cr\u00e9ditos adicionais dever\u00e3o ser abertos para ajustar o total. No caso de revis\u00e3o para baixo, o valor m\u00ednimo nominal n\u00e3o poder\u00e1 ser reduzido.<\/p>\n<p>Os estados dever\u00e3o aplicar 12% da receita corrente bruta. Os munic\u00edpios, 15%. O Distrito Federal dever\u00e1 aplicar 12% ou 15%, conforme a receita seja origin\u00e1ria de um imposto de base estadual ou municipal.<\/p>\n<p><span style=\"font-size: 11px;\">(\u00c9der Yanaguita\/Assessoria Deputado Vander)<\/span><\/p>\n","protected":false},"excerpt":{"rendered":"<p>Ainda sobre o tema, Vander deve propor que setor da sa\u00fade receba parcela dos recursos obtidos pelas loterias da Caixa.<\/p>\n","protected":false},"author":2,"featured_media":0,"comment_status":"closed","ping_status":"open","sticky":false,"template":"","format":"standard","meta":{"jetpack_post_was_ever_published":false,"_jetpack_newsletter_access":"","_jetpack_dont_email_post_to_subs":false,"_jetpack_newsletter_tier_id":0,"_jetpack_memberships_contains_paywalled_content":false,"_jetpack_memberships_contains_paid_content":false,"footnotes":""},"categories":[10],"tags":[26,324,332,544,608,709,807,906,1177,1178,1199,1220,1336,1655,1761,1803,1822,1913,2033,2073],"class_list":{"0":"post-3712","1":"post","2":"type-post","3":"status-publish","4":"format-standard","6":"category-noticias","7":"tag-26","8":"tag-caixa","9":"tag-camara","10":"tag-cpmf","11":"tag-deputado","12":"tag-emenda","13":"tag-federal","14":"tag-george","15":"tag-loterias","16":"tag-loubet","17":"tag-maia","18":"tag-marco","19":"tag-ms","20":"tag-pt","21":"tag-rs","22":"tag-saude","23":"tag-senado","24":"tag-takimoto","25":"tag-vander","26":"tag-votacao"},"yoast_head":"<!-- This site is optimized with the Yoast SEO plugin v27.4 - https:\/\/yoast.com\/product\/yoast-seo-wordpress\/ -->\n<title>Deputados fecham acordo para votar Emenda 29 na pr\u00f3xima quarta<\/title>\n<meta name=\"robots\" content=\"index, follow, max-snippet:-1, max-image-preview:large, max-video-preview:-1\" \/>\n<link rel=\"canonical\" href=\"https:\/\/vanderloubet.com.br\/deputado\/deputados-fecham-acordo-para-votar-emenda-29-na-proxima-quarta\/\" \/>\n<meta property=\"og:locale\" content=\"pt_BR\" \/>\n<meta property=\"og:type\" content=\"article\" \/>\n<meta property=\"og:title\" content=\"Deputados fecham acordo para votar Emenda 29 na pr\u00f3xima quarta\" \/>\n<meta property=\"og:description\" content=\"Ainda sobre o tema, Vander deve propor que setor da sa\u00fade receba parcela dos recursos obtidos pelas loterias da Caixa.\" \/>\n<meta property=\"og:url\" content=\"https:\/\/vanderloubet.com.br\/deputado\/deputados-fecham-acordo-para-votar-emenda-29-na-proxima-quarta\/\" \/>\n<meta property=\"og:site_name\" content=\"Deputado Federal Vander Loubet\" \/>\n<meta property=\"article:publisher\" content=\"https:\/\/facebook.com\/deputadovander\" \/>\n<meta property=\"article:published_time\" content=\"2011-09-16T04:31:29+00:00\" \/>\n<meta property=\"og:image\" content=\"http:\/\/www.deputadovander.com.br\/website\/wp-content\/uploads\/2010\/05\/foto-2010-05-10-plenario-camara1-300x225.jpg\" \/>\n<meta name=\"author\" content=\"\u00c9der\" \/>\n<meta name=\"twitter:card\" content=\"summary_large_image\" \/>\n<meta name=\"twitter:creator\" content=\"@vanderloubet\" \/>\n<meta name=\"twitter:site\" content=\"@vanderloubet\" \/>\n<script type=\"application\/ld+json\" class=\"yoast-schema-graph\">{\"@context\":\"https:\\\/\\\/schema.org\",\"@graph\":[{\"@type\":\"Article\",\"@id\":\"https:\\\/\\\/vanderloubet.com.br\\\/deputado\\\/deputados-fecham-acordo-para-votar-emenda-29-na-proxima-quarta\\\/#article\",\"isPartOf\":{\"@id\":\"https:\\\/\\\/vanderloubet.com.br\\\/deputado\\\/deputados-fecham-acordo-para-votar-emenda-29-na-proxima-quarta\\\/\"},\"author\":{\"name\":\"\u00c9der\",\"@id\":\"https:\\\/\\\/vanderloubet.com.br\\\/deputado\\\/#\\\/schema\\\/person\\\/15b51bd564532a8a68d9dec1b8eb890e\"},\"headline\":\"Deputados fecham acordo para votar Emenda 29 na pr\u00f3xima quarta\",\"datePublished\":\"2011-09-16T04:31:29+00:00\",\"mainEntityOfPage\":{\"@id\":\"https:\\\/\\\/vanderloubet.com.br\\\/deputado\\\/deputados-fecham-acordo-para-votar-emenda-29-na-proxima-quarta\\\/\"},\"wordCount\":487,\"publisher\":{\"@id\":\"https:\\\/\\\/vanderloubet.com.br\\\/deputado\\\/#organization\"},\"image\":{\"@id\":\"https:\\\/\\\/vanderloubet.com.br\\\/deputado\\\/deputados-fecham-acordo-para-votar-emenda-29-na-proxima-quarta\\\/#primaryimage\"},\"thumbnailUrl\":\"http:\\\/\\\/www.deputadovander.com.br\\\/website\\\/wp-content\\\/uploads\\\/2010\\\/05\\\/foto-2010-05-10-plenario-camara1-300x225.jpg\",\"keywords\":[\"29\",\"caixa\",\"c\u00e2mara\",\"cpmf\",\"deputado\",\"emenda\",\"federal\",\"george\",\"loterias\",\"loubet\",\"maia\",\"marco\",\"MS\",\"PT\",\"rs\",\"sa\u00fade\",\"senado\",\"takimoto\",\"vander\",\"vota\u00e7\u00e3o\"],\"articleSection\":[\"Not\u00edcias\"],\"inLanguage\":\"pt-BR\"},{\"@type\":\"WebPage\",\"@id\":\"https:\\\/\\\/vanderloubet.com.br\\\/deputado\\\/deputados-fecham-acordo-para-votar-emenda-29-na-proxima-quarta\\\/\",\"url\":\"https:\\\/\\\/vanderloubet.com.br\\\/deputado\\\/deputados-fecham-acordo-para-votar-emenda-29-na-proxima-quarta\\\/\",\"name\":\"Deputados fecham acordo para votar Emenda 29 na pr\u00f3xima quarta\",\"isPartOf\":{\"@id\":\"https:\\\/\\\/vanderloubet.com.br\\\/deputado\\\/#website\"},\"primaryImageOfPage\":{\"@id\":\"https:\\\/\\\/vanderloubet.com.br\\\/deputado\\\/deputados-fecham-acordo-para-votar-emenda-29-na-proxima-quarta\\\/#primaryimage\"},\"image\":{\"@id\":\"https:\\\/\\\/vanderloubet.com.br\\\/deputado\\\/deputados-fecham-acordo-para-votar-emenda-29-na-proxima-quarta\\\/#primaryimage\"},\"thumbnailUrl\":\"http:\\\/\\\/www.deputadovander.com.br\\\/website\\\/wp-content\\\/uploads\\\/2010\\\/05\\\/foto-2010-05-10-plenario-camara1-300x225.jpg\",\"datePublished\":\"2011-09-16T04:31:29+00:00\",\"breadcrumb\":{\"@id\":\"https:\\\/\\\/vanderloubet.com.br\\\/deputado\\\/deputados-fecham-acordo-para-votar-emenda-29-na-proxima-quarta\\\/#breadcrumb\"},\"inLanguage\":\"pt-BR\",\"potentialAction\":[{\"@type\":\"ReadAction\",\"target\":[\"https:\\\/\\\/vanderloubet.com.br\\\/deputado\\\/deputados-fecham-acordo-para-votar-emenda-29-na-proxima-quarta\\\/\"]}]},{\"@type\":\"ImageObject\",\"inLanguage\":\"pt-BR\",\"@id\":\"https:\\\/\\\/vanderloubet.com.br\\\/deputado\\\/deputados-fecham-acordo-para-votar-emenda-29-na-proxima-quarta\\\/#primaryimage\",\"url\":\"http:\\\/\\\/www.deputadovander.com.br\\\/website\\\/wp-content\\\/uploads\\\/2010\\\/05\\\/foto-2010-05-10-plenario-camara1-300x225.jpg\",\"contentUrl\":\"http:\\\/\\\/www.deputadovander.com.br\\\/website\\\/wp-content\\\/uploads\\\/2010\\\/05\\\/foto-2010-05-10-plenario-camara1-300x225.jpg\"},{\"@type\":\"BreadcrumbList\",\"@id\":\"https:\\\/\\\/vanderloubet.com.br\\\/deputado\\\/deputados-fecham-acordo-para-votar-emenda-29-na-proxima-quarta\\\/#breadcrumb\",\"itemListElement\":[{\"@type\":\"ListItem\",\"position\":1,\"name\":\"In\u00edcio\",\"item\":\"https:\\\/\\\/vanderloubet.com.br\\\/deputado\\\/\"},{\"@type\":\"ListItem\",\"position\":2,\"name\":\"Deputados fecham acordo para votar Emenda 29 na pr\u00f3xima quarta\"}]},{\"@type\":\"WebSite\",\"@id\":\"https:\\\/\\\/vanderloubet.com.br\\\/deputado\\\/#website\",\"url\":\"https:\\\/\\\/vanderloubet.com.br\\\/deputado\\\/\",\"name\":\"Deputado Federal Vander Loubet\",\"description\":\"O Federal de MS\",\"publisher\":{\"@id\":\"https:\\\/\\\/vanderloubet.com.br\\\/deputado\\\/#organization\"},\"alternateName\":\"Deputado Vander\",\"potentialAction\":[{\"@type\":\"SearchAction\",\"target\":{\"@type\":\"EntryPoint\",\"urlTemplate\":\"https:\\\/\\\/vanderloubet.com.br\\\/deputado\\\/?s={search_term_string}\"},\"query-input\":{\"@type\":\"PropertyValueSpecification\",\"valueRequired\":true,\"valueName\":\"search_term_string\"}}],\"inLanguage\":\"pt-BR\"},{\"@type\":\"Organization\",\"@id\":\"https:\\\/\\\/vanderloubet.com.br\\\/deputado\\\/#organization\",\"name\":\"Deputado Federal Vander Loubet\",\"alternateName\":\"Deputado Vander\",\"url\":\"https:\\\/\\\/vanderloubet.com.br\\\/deputado\\\/\",\"logo\":{\"@type\":\"ImageObject\",\"inLanguage\":\"pt-BR\",\"@id\":\"https:\\\/\\\/vanderloubet.com.br\\\/deputado\\\/#\\\/schema\\\/logo\\\/image\\\/\",\"url\":\"https:\\\/\\\/vanderloubet.com.br\\\/deputado\\\/wp-content\\\/uploads\\\/2023\\\/06\\\/foto-2023-06-19-mandato-deputado-vander.jpg\",\"contentUrl\":\"https:\\\/\\\/vanderloubet.com.br\\\/deputado\\\/wp-content\\\/uploads\\\/2023\\\/06\\\/foto-2023-06-19-mandato-deputado-vander.jpg\",\"width\":1080,\"height\":1080,\"caption\":\"Deputado Federal Vander Loubet\"},\"image\":{\"@id\":\"https:\\\/\\\/vanderloubet.com.br\\\/deputado\\\/#\\\/schema\\\/logo\\\/image\\\/\"},\"sameAs\":[\"https:\\\/\\\/facebook.com\\\/deputadovander\",\"https:\\\/\\\/x.com\\\/vanderloubet\",\"https:\\\/\\\/instagram.com\\\/vanderloubet\",\"https:\\\/\\\/youtube.com\\\/vanderloubet\",\"https:\\\/\\\/tiktok.com\\\/@vanderloubetms\"]},{\"@type\":\"Person\",\"@id\":\"https:\\\/\\\/vanderloubet.com.br\\\/deputado\\\/#\\\/schema\\\/person\\\/15b51bd564532a8a68d9dec1b8eb890e\",\"name\":\"\u00c9der\",\"image\":{\"@type\":\"ImageObject\",\"inLanguage\":\"pt-BR\",\"@id\":\"https:\\\/\\\/vanderloubet.com.br\\\/deputado\\\/wp-content\\\/litespeed\\\/avatar\\\/88ca4090d9d5ab1c9495f6ca03b68efa.jpg?ver=1777058957\",\"url\":\"https:\\\/\\\/vanderloubet.com.br\\\/deputado\\\/wp-content\\\/litespeed\\\/avatar\\\/88ca4090d9d5ab1c9495f6ca03b68efa.jpg?ver=1777058957\",\"contentUrl\":\"https:\\\/\\\/vanderloubet.com.br\\\/deputado\\\/wp-content\\\/litespeed\\\/avatar\\\/88ca4090d9d5ab1c9495f6ca03b68efa.jpg?ver=1777058957\",\"caption\":\"\u00c9der\"}}]}<\/script>\n<!-- \/ Yoast SEO plugin. -->","yoast_head_json":{"title":"Deputados fecham acordo para votar Emenda 29 na pr\u00f3xima quarta","robots":{"index":"index","follow":"follow","max-snippet":"max-snippet:-1","max-image-preview":"max-image-preview:large","max-video-preview":"max-video-preview:-1"},"canonical":"https:\/\/vanderloubet.com.br\/deputado\/deputados-fecham-acordo-para-votar-emenda-29-na-proxima-quarta\/","og_locale":"pt_BR","og_type":"article","og_title":"Deputados fecham acordo para votar Emenda 29 na pr\u00f3xima quarta","og_description":"Ainda sobre o tema, Vander deve propor que setor da sa\u00fade receba parcela dos recursos obtidos pelas loterias da Caixa.","og_url":"https:\/\/vanderloubet.com.br\/deputado\/deputados-fecham-acordo-para-votar-emenda-29-na-proxima-quarta\/","og_site_name":"Deputado Federal Vander Loubet","article_publisher":"https:\/\/facebook.com\/deputadovander","article_published_time":"2011-09-16T04:31:29+00:00","og_image":[{"url":"http:\/\/www.deputadovander.com.br\/website\/wp-content\/uploads\/2010\/05\/foto-2010-05-10-plenario-camara1-300x225.jpg","type":"","width":"","height":""}],"author":"\u00c9der","twitter_card":"summary_large_image","twitter_creator":"@vanderloubet","twitter_site":"@vanderloubet","schema":{"@context":"https:\/\/schema.org","@graph":[{"@type":"Article","@id":"https:\/\/vanderloubet.com.br\/deputado\/deputados-fecham-acordo-para-votar-emenda-29-na-proxima-quarta\/#article","isPartOf":{"@id":"https:\/\/vanderloubet.com.br\/deputado\/deputados-fecham-acordo-para-votar-emenda-29-na-proxima-quarta\/"},"author":{"name":"\u00c9der","@id":"https:\/\/vanderloubet.com.br\/deputado\/#\/schema\/person\/15b51bd564532a8a68d9dec1b8eb890e"},"headline":"Deputados fecham acordo para votar Emenda 29 na pr\u00f3xima quarta","datePublished":"2011-09-16T04:31:29+00:00","mainEntityOfPage":{"@id":"https:\/\/vanderloubet.com.br\/deputado\/deputados-fecham-acordo-para-votar-emenda-29-na-proxima-quarta\/"},"wordCount":487,"publisher":{"@id":"https:\/\/vanderloubet.com.br\/deputado\/#organization"},"image":{"@id":"https:\/\/vanderloubet.com.br\/deputado\/deputados-fecham-acordo-para-votar-emenda-29-na-proxima-quarta\/#primaryimage"},"thumbnailUrl":"http:\/\/www.deputadovander.com.br\/website\/wp-content\/uploads\/2010\/05\/foto-2010-05-10-plenario-camara1-300x225.jpg","keywords":["29","caixa","c\u00e2mara","cpmf","deputado","emenda","federal","george","loterias","loubet","maia","marco","MS","PT","rs","sa\u00fade","senado","takimoto","vander","vota\u00e7\u00e3o"],"articleSection":["Not\u00edcias"],"inLanguage":"pt-BR"},{"@type":"WebPage","@id":"https:\/\/vanderloubet.com.br\/deputado\/deputados-fecham-acordo-para-votar-emenda-29-na-proxima-quarta\/","url":"https:\/\/vanderloubet.com.br\/deputado\/deputados-fecham-acordo-para-votar-emenda-29-na-proxima-quarta\/","name":"Deputados fecham acordo para votar Emenda 29 na pr\u00f3xima quarta","isPartOf":{"@id":"https:\/\/vanderloubet.com.br\/deputado\/#website"},"primaryImageOfPage":{"@id":"https:\/\/vanderloubet.com.br\/deputado\/deputados-fecham-acordo-para-votar-emenda-29-na-proxima-quarta\/#primaryimage"},"image":{"@id":"https:\/\/vanderloubet.com.br\/deputado\/deputados-fecham-acordo-para-votar-emenda-29-na-proxima-quarta\/#primaryimage"},"thumbnailUrl":"http:\/\/www.deputadovander.com.br\/website\/wp-content\/uploads\/2010\/05\/foto-2010-05-10-plenario-camara1-300x225.jpg","datePublished":"2011-09-16T04:31:29+00:00","breadcrumb":{"@id":"https:\/\/vanderloubet.com.br\/deputado\/deputados-fecham-acordo-para-votar-emenda-29-na-proxima-quarta\/#breadcrumb"},"inLanguage":"pt-BR","potentialAction":[{"@type":"ReadAction","target":["https:\/\/vanderloubet.com.br\/deputado\/deputados-fecham-acordo-para-votar-emenda-29-na-proxima-quarta\/"]}]},{"@type":"ImageObject","inLanguage":"pt-BR","@id":"https:\/\/vanderloubet.com.br\/deputado\/deputados-fecham-acordo-para-votar-emenda-29-na-proxima-quarta\/#primaryimage","url":"http:\/\/www.deputadovander.com.br\/website\/wp-content\/uploads\/2010\/05\/foto-2010-05-10-plenario-camara1-300x225.jpg","contentUrl":"http:\/\/www.deputadovander.com.br\/website\/wp-content\/uploads\/2010\/05\/foto-2010-05-10-plenario-camara1-300x225.jpg"},{"@type":"BreadcrumbList","@id":"https:\/\/vanderloubet.com.br\/deputado\/deputados-fecham-acordo-para-votar-emenda-29-na-proxima-quarta\/#breadcrumb","itemListElement":[{"@type":"ListItem","position":1,"name":"In\u00edcio","item":"https:\/\/vanderloubet.com.br\/deputado\/"},{"@type":"ListItem","position":2,"name":"Deputados fecham acordo para votar Emenda 29 na pr\u00f3xima quarta"}]},{"@type":"WebSite","@id":"https:\/\/vanderloubet.com.br\/deputado\/#website","url":"https:\/\/vanderloubet.com.br\/deputado\/","name":"Deputado Federal Vander Loubet","description":"O Federal de MS","publisher":{"@id":"https:\/\/vanderloubet.com.br\/deputado\/#organization"},"alternateName":"Deputado Vander","potentialAction":[{"@type":"SearchAction","target":{"@type":"EntryPoint","urlTemplate":"https:\/\/vanderloubet.com.br\/deputado\/?s={search_term_string}"},"query-input":{"@type":"PropertyValueSpecification","valueRequired":true,"valueName":"search_term_string"}}],"inLanguage":"pt-BR"},{"@type":"Organization","@id":"https:\/\/vanderloubet.com.br\/deputado\/#organization","name":"Deputado Federal Vander Loubet","alternateName":"Deputado Vander","url":"https:\/\/vanderloubet.com.br\/deputado\/","logo":{"@type":"ImageObject","inLanguage":"pt-BR","@id":"https:\/\/vanderloubet.com.br\/deputado\/#\/schema\/logo\/image\/","url":"https:\/\/vanderloubet.com.br\/deputado\/wp-content\/uploads\/2023\/06\/foto-2023-06-19-mandato-deputado-vander.jpg","contentUrl":"https:\/\/vanderloubet.com.br\/deputado\/wp-content\/uploads\/2023\/06\/foto-2023-06-19-mandato-deputado-vander.jpg","width":1080,"height":1080,"caption":"Deputado Federal Vander Loubet"},"image":{"@id":"https:\/\/vanderloubet.com.br\/deputado\/#\/schema\/logo\/image\/"},"sameAs":["https:\/\/facebook.com\/deputadovander","https:\/\/x.com\/vanderloubet","https:\/\/instagram.com\/vanderloubet","https:\/\/youtube.com\/vanderloubet","https:\/\/tiktok.com\/@vanderloubetms"]},{"@type":"Person","@id":"https:\/\/vanderloubet.com.br\/deputado\/#\/schema\/person\/15b51bd564532a8a68d9dec1b8eb890e","name":"\u00c9der","image":{"@type":"ImageObject","inLanguage":"pt-BR","@id":"https:\/\/vanderloubet.com.br\/deputado\/wp-content\/litespeed\/avatar\/88ca4090d9d5ab1c9495f6ca03b68efa.jpg?ver=1777058957","url":"https:\/\/vanderloubet.com.br\/deputado\/wp-content\/litespeed\/avatar\/88ca4090d9d5ab1c9495f6ca03b68efa.jpg?ver=1777058957","contentUrl":"https:\/\/vanderloubet.com.br\/deputado\/wp-content\/litespeed\/avatar\/88ca4090d9d5ab1c9495f6ca03b68efa.jpg?ver=1777058957","caption":"\u00c9der"}}]}},"jetpack_featured_media_url":"","jetpack_sharing_enabled":true,"_links":{"self":[{"href":"https:\/\/vanderloubet.com.br\/deputado\/wp-json\/wp\/v2\/posts\/3712","targetHints":{"allow":["GET"]}}],"collection":[{"href":"https:\/\/vanderloubet.com.br\/deputado\/wp-json\/wp\/v2\/posts"}],"about":[{"href":"https:\/\/vanderloubet.com.br\/deputado\/wp-json\/wp\/v2\/types\/post"}],"author":[{"embeddable":true,"href":"https:\/\/vanderloubet.com.br\/deputado\/wp-json\/wp\/v2\/users\/2"}],"replies":[{"embeddable":true,"href":"https:\/\/vanderloubet.com.br\/deputado\/wp-json\/wp\/v2\/comments?post=3712"}],"version-history":[{"count":0,"href":"https:\/\/vanderloubet.com.br\/deputado\/wp-json\/wp\/v2\/posts\/3712\/revisions"}],"wp:attachment":[{"href":"https:\/\/vanderloubet.com.br\/deputado\/wp-json\/wp\/v2\/media?parent=3712"}],"wp:term":[{"taxonomy":"category","embeddable":true,"href":"https:\/\/vanderloubet.com.br\/deputado\/wp-json\/wp\/v2\/categories?post=3712"},{"taxonomy":"post_tag","embeddable":true,"href":"https:\/\/vanderloubet.com.br\/deputado\/wp-json\/wp\/v2\/tags?post=3712"}],"curies":[{"name":"wp","href":"https:\/\/api.w.org\/{rel}","templated":true}]}}