{"id":371,"date":"2010-03-19T09:49:20","date_gmt":"2010-03-19T13:49:20","guid":{"rendered":"http:\/\/www.deputadovander.com.br\/website\/?p=371"},"modified":"2010-03-19T09:49:20","modified_gmt":"2010-03-19T13:49:20","slug":"expogrande-ministro-anuncia-r-20-milhoes-para-capital","status":"publish","type":"post","link":"https:\/\/vanderloubet.com.br\/deputado\/expogrande-ministro-anuncia-r-20-milhoes-para-capital\/","title":{"rendered":"Expogrande: ministro anuncia R$ 20 milh\u00f5es para Capital"},"content":{"rendered":"<p style=\"text-align: center;\">\n<figure id=\"attachment_372\" aria-describedby=\"caption-attachment-372\" style=\"width: 300px\" class=\"wp-caption aligncenter\"><a href=\"http:\/\/deputadovander.com.br\/website\/wp-content\/uploads\/2010\/03\/foto-2010-03-19-bernardo-expogrande1.jpg\" target=\"_blank\"><img decoding=\"async\" class=\"size-medium wp-image-372 \" title=\"foto-2010-03-19-bernardo-expogrande\" src=\"http:\/\/www.deputadovander.com.br\/website\/wp-content\/uploads\/2010\/03\/foto-2010-03-19-bernardo-expogrande-300x225.jpg\" alt=\"Ministro do Planejamento, Paulo Bernardo\" width=\"300\" height=\"225\" \/><\/a><figcaption id=\"caption-attachment-372\" class=\"wp-caption-text\">Ministro do Planejamento, Paulo Bernardo<\/figcaption><\/figure>\n<p>O ministro do Planejamento, Paulo Bernardo, anunciou em coletiva realuzada ontem (18), na 72\u00aa Expogrande, que em dez dias o governo federal vai liberar R$ 20 milh\u00f5es para socorrer Campo Grande, ap\u00f3s os estragos nas avenidas Ricardo Brand\u00e3o e Cear\u00e1, causados pela enxurrada de 27 de fevereiro.<\/p>\n<p>Logo ap\u00f3s os estragos da chuva, o prefeito Nelson Trad Filho (PMDB), juntamente com o deputado federal Vander Loubet (PT) e outros parlamentares da bancada federal estiveram em Bras\u00edlia com o ministro para solicitar a ajuda do governo federal. Na ocasi\u00e3o, foram solicitados R$ 32 milh\u00f5es para as obras de urg\u00eancia e preventivas. Entretanto, segundo Bernardo, n\u00e3o ser\u00e1 poss\u00edvel liberar esse montante e sim os recursos destinados apenas para as obras emergenciais. S\u00e3o R$ 20 milh\u00f5es que j\u00e1 ser\u00e3o disponibilizados, garantiu o ex-secret\u00e1rio de Receita e Controle do governo de Zeca do PT.<\/p>\n<p>O prefeito Nelsinho, que tem defendido publicamente a candidatura \u00e0 Presid\u00eancia da ministra-chefe da Casa Civil, Dilma Roussef, comemorou o an\u00fancio. &#8220;Para mim os R$ 20 milh\u00f5es j\u00e1 est\u00e3o \u00f3timos&#8221;, diz. Da mesma forma, o deputado Vander ficou muito satisfeito com a libera\u00e7\u00e3o desses recursos. &#8220;Sab\u00edamos que Campo Grande ia poder contar com a generosidade e o apoio do presidente Lula. Esses R$ 20 milh\u00f5es ser\u00e3o fundamentais na recupera\u00e7\u00e3o dos grandes estragos que nossa capital sofreu com a chuva&#8221;, destacou Vander.<\/p>\n","protected":false},"excerpt":{"rendered":"<p>Paulo Bernardo disse que o recurso \u00e9 emergencial e j\u00e1 ser\u00e1 disponibilizado. Prefeito Nelsinho e deputado Vander comemoraram a ajuda.<\/p>\n","protected":false},"author":2,"featured_media":0,"comment_status":"closed","ping_status":"open","sticky":false,"template":"","format":"standard","meta":{"jetpack_post_was_ever_published":false,"_jetpack_newsletter_access":"","_jetpack_dont_email_post_to_subs":false,"_jetpack_newsletter_tier_id":0,"_jetpack_memberships_contains_paywalled_content":false,"_jetpack_memberships_contains_paid_content":false,"footnotes":""},"categories":[10],"tags":[342,777,1504,1554,2035],"class_list":{"0":"post-371","1":"post","2":"type-post","3":"status-publish","4":"format-standard","6":"category-noticias","7":"tag-campo-grande","8":"tag-expogrande","9":"tag-paulo-bernardo","10":"tag-planejamento","11":"tag-vander-loubet"},"yoast_head":"<!-- This site is optimized with the Yoast SEO plugin v27.4 - https:\/\/yoast.com\/product\/yoast-seo-wordpress\/ -->\n<title>Expogrande: ministro anuncia R$ 20 milh\u00f5es para Capital<\/title>\n<meta name=\"robots\" content=\"index, follow, max-snippet:-1, max-image-preview:large, max-video-preview:-1\" \/>\n<link rel=\"canonical\" href=\"https:\/\/vanderloubet.com.br\/deputado\/expogrande-ministro-anuncia-r-20-milhoes-para-capital\/\" \/>\n<meta property=\"og:locale\" content=\"pt_BR\" \/>\n<meta property=\"og:type\" content=\"article\" \/>\n<meta property=\"og:title\" content=\"Expogrande: ministro anuncia R$ 20 milh\u00f5es para Capital\" \/>\n<meta property=\"og:description\" content=\"Paulo Bernardo disse que o recurso \u00e9 emergencial e j\u00e1 ser\u00e1 disponibilizado. Prefeito Nelsinho e deputado Vander comemoraram a ajuda.\" \/>\n<meta property=\"og:url\" content=\"https:\/\/vanderloubet.com.br\/deputado\/expogrande-ministro-anuncia-r-20-milhoes-para-capital\/\" \/>\n<meta property=\"og:site_name\" content=\"Deputado Federal Vander Loubet\" \/>\n<meta property=\"article:publisher\" content=\"https:\/\/facebook.com\/deputadovander\" \/>\n<meta property=\"article:published_time\" content=\"2010-03-19T13:49:20+00:00\" \/>\n<meta property=\"og:image\" content=\"http:\/\/www.deputadovander.com.br\/website\/wp-content\/uploads\/2010\/03\/foto-2010-03-19-bernardo-expogrande-300x225.jpg\" \/>\n<meta name=\"author\" content=\"\u00c9der\" \/>\n<meta name=\"twitter:card\" content=\"summary_large_image\" \/>\n<meta name=\"twitter:creator\" content=\"@vanderloubet\" \/>\n<meta name=\"twitter:site\" content=\"@vanderloubet\" \/>\n<script type=\"application\/ld+json\" class=\"yoast-schema-graph\">{\"@context\":\"https:\\\/\\\/schema.org\",\"@graph\":[{\"@type\":\"Article\",\"@id\":\"https:\\\/\\\/vanderloubet.com.br\\\/deputado\\\/expogrande-ministro-anuncia-r-20-milhoes-para-capital\\\/#article\",\"isPartOf\":{\"@id\":\"https:\\\/\\\/vanderloubet.com.br\\\/deputado\\\/expogrande-ministro-anuncia-r-20-milhoes-para-capital\\\/\"},\"author\":{\"name\":\"\u00c9der\",\"@id\":\"https:\\\/\\\/vanderloubet.com.br\\\/deputado\\\/#\\\/schema\\\/person\\\/15b51bd564532a8a68d9dec1b8eb890e\"},\"headline\":\"Expogrande: ministro anuncia R$ 20 milh\u00f5es para Capital\",\"datePublished\":\"2010-03-19T13:49:20+00:00\",\"mainEntityOfPage\":{\"@id\":\"https:\\\/\\\/vanderloubet.com.br\\\/deputado\\\/expogrande-ministro-anuncia-r-20-milhoes-para-capital\\\/\"},\"wordCount\":256,\"publisher\":{\"@id\":\"https:\\\/\\\/vanderloubet.com.br\\\/deputado\\\/#organization\"},\"image\":{\"@id\":\"https:\\\/\\\/vanderloubet.com.br\\\/deputado\\\/expogrande-ministro-anuncia-r-20-milhoes-para-capital\\\/#primaryimage\"},\"thumbnailUrl\":\"http:\\\/\\\/www.deputadovander.com.br\\\/website\\\/wp-content\\\/uploads\\\/2010\\\/03\\\/foto-2010-03-19-bernardo-expogrande-300x225.jpg\",\"keywords\":[\"campo grande\",\"expogrande\",\"paulo bernardo\",\"planejamento\",\"vander loubet\"],\"articleSection\":[\"Not\u00edcias\"],\"inLanguage\":\"pt-BR\"},{\"@type\":\"WebPage\",\"@id\":\"https:\\\/\\\/vanderloubet.com.br\\\/deputado\\\/expogrande-ministro-anuncia-r-20-milhoes-para-capital\\\/\",\"url\":\"https:\\\/\\\/vanderloubet.com.br\\\/deputado\\\/expogrande-ministro-anuncia-r-20-milhoes-para-capital\\\/\",\"name\":\"Expogrande: ministro anuncia R$ 20 milh\u00f5es para Capital\",\"isPartOf\":{\"@id\":\"https:\\\/\\\/vanderloubet.com.br\\\/deputado\\\/#website\"},\"primaryImageOfPage\":{\"@id\":\"https:\\\/\\\/vanderloubet.com.br\\\/deputado\\\/expogrande-ministro-anuncia-r-20-milhoes-para-capital\\\/#primaryimage\"},\"image\":{\"@id\":\"https:\\\/\\\/vanderloubet.com.br\\\/deputado\\\/expogrande-ministro-anuncia-r-20-milhoes-para-capital\\\/#primaryimage\"},\"thumbnailUrl\":\"http:\\\/\\\/www.deputadovander.com.br\\\/website\\\/wp-content\\\/uploads\\\/2010\\\/03\\\/foto-2010-03-19-bernardo-expogrande-300x225.jpg\",\"datePublished\":\"2010-03-19T13:49:20+00:00\",\"breadcrumb\":{\"@id\":\"https:\\\/\\\/vanderloubet.com.br\\\/deputado\\\/expogrande-ministro-anuncia-r-20-milhoes-para-capital\\\/#breadcrumb\"},\"inLanguage\":\"pt-BR\",\"potentialAction\":[{\"@type\":\"ReadAction\",\"target\":[\"https:\\\/\\\/vanderloubet.com.br\\\/deputado\\\/expogrande-ministro-anuncia-r-20-milhoes-para-capital\\\/\"]}]},{\"@type\":\"ImageObject\",\"inLanguage\":\"pt-BR\",\"@id\":\"https:\\\/\\\/vanderloubet.com.br\\\/deputado\\\/expogrande-ministro-anuncia-r-20-milhoes-para-capital\\\/#primaryimage\",\"url\":\"http:\\\/\\\/www.deputadovander.com.br\\\/website\\\/wp-content\\\/uploads\\\/2010\\\/03\\\/foto-2010-03-19-bernardo-expogrande-300x225.jpg\",\"contentUrl\":\"http:\\\/\\\/www.deputadovander.com.br\\\/website\\\/wp-content\\\/uploads\\\/2010\\\/03\\\/foto-2010-03-19-bernardo-expogrande-300x225.jpg\"},{\"@type\":\"BreadcrumbList\",\"@id\":\"https:\\\/\\\/vanderloubet.com.br\\\/deputado\\\/expogrande-ministro-anuncia-r-20-milhoes-para-capital\\\/#breadcrumb\",\"itemListElement\":[{\"@type\":\"ListItem\",\"position\":1,\"name\":\"In\u00edcio\",\"item\":\"https:\\\/\\\/vanderloubet.com.br\\\/deputado\\\/\"},{\"@type\":\"ListItem\",\"position\":2,\"name\":\"Expogrande: ministro anuncia R$ 20 milh\u00f5es para Capital\"}]},{\"@type\":\"WebSite\",\"@id\":\"https:\\\/\\\/vanderloubet.com.br\\\/deputado\\\/#website\",\"url\":\"https:\\\/\\\/vanderloubet.com.br\\\/deputado\\\/\",\"name\":\"Deputado Federal Vander Loubet\",\"description\":\"O Federal de MS\",\"publisher\":{\"@id\":\"https:\\\/\\\/vanderloubet.com.br\\\/deputado\\\/#organization\"},\"alternateName\":\"Deputado Vander\",\"potentialAction\":[{\"@type\":\"SearchAction\",\"target\":{\"@type\":\"EntryPoint\",\"urlTemplate\":\"https:\\\/\\\/vanderloubet.com.br\\\/deputado\\\/?s={search_term_string}\"},\"query-input\":{\"@type\":\"PropertyValueSpecification\",\"valueRequired\":true,\"valueName\":\"search_term_string\"}}],\"inLanguage\":\"pt-BR\"},{\"@type\":\"Organization\",\"@id\":\"https:\\\/\\\/vanderloubet.com.br\\\/deputado\\\/#organization\",\"name\":\"Deputado Federal Vander Loubet\",\"alternateName\":\"Deputado Vander\",\"url\":\"https:\\\/\\\/vanderloubet.com.br\\\/deputado\\\/\",\"logo\":{\"@type\":\"ImageObject\",\"inLanguage\":\"pt-BR\",\"@id\":\"https:\\\/\\\/vanderloubet.com.br\\\/deputado\\\/#\\\/schema\\\/logo\\\/image\\\/\",\"url\":\"https:\\\/\\\/vanderloubet.com.br\\\/deputado\\\/wp-content\\\/uploads\\\/2023\\\/06\\\/foto-2023-06-19-mandato-deputado-vander.jpg\",\"contentUrl\":\"https:\\\/\\\/vanderloubet.com.br\\\/deputado\\\/wp-content\\\/uploads\\\/2023\\\/06\\\/foto-2023-06-19-mandato-deputado-vander.jpg\",\"width\":1080,\"height\":1080,\"caption\":\"Deputado Federal Vander Loubet\"},\"image\":{\"@id\":\"https:\\\/\\\/vanderloubet.com.br\\\/deputado\\\/#\\\/schema\\\/logo\\\/image\\\/\"},\"sameAs\":[\"https:\\\/\\\/facebook.com\\\/deputadovander\",\"https:\\\/\\\/x.com\\\/vanderloubet\",\"https:\\\/\\\/instagram.com\\\/vanderloubet\",\"https:\\\/\\\/youtube.com\\\/vanderloubet\",\"https:\\\/\\\/tiktok.com\\\/@vanderloubetms\"]},{\"@type\":\"Person\",\"@id\":\"https:\\\/\\\/vanderloubet.com.br\\\/deputado\\\/#\\\/schema\\\/person\\\/15b51bd564532a8a68d9dec1b8eb890e\",\"name\":\"\u00c9der\",\"image\":{\"@type\":\"ImageObject\",\"inLanguage\":\"pt-BR\",\"@id\":\"https:\\\/\\\/vanderloubet.com.br\\\/deputado\\\/wp-content\\\/litespeed\\\/avatar\\\/88ca4090d9d5ab1c9495f6ca03b68efa.jpg?ver=1777058957\",\"url\":\"https:\\\/\\\/vanderloubet.com.br\\\/deputado\\\/wp-content\\\/litespeed\\\/avatar\\\/88ca4090d9d5ab1c9495f6ca03b68efa.jpg?ver=1777058957\",\"contentUrl\":\"https:\\\/\\\/vanderloubet.com.br\\\/deputado\\\/wp-content\\\/litespeed\\\/avatar\\\/88ca4090d9d5ab1c9495f6ca03b68efa.jpg?ver=1777058957\",\"caption\":\"\u00c9der\"}}]}<\/script>\n<!-- \/ Yoast SEO plugin. -->","yoast_head_json":{"title":"Expogrande: ministro anuncia R$ 20 milh\u00f5es para Capital","robots":{"index":"index","follow":"follow","max-snippet":"max-snippet:-1","max-image-preview":"max-image-preview:large","max-video-preview":"max-video-preview:-1"},"canonical":"https:\/\/vanderloubet.com.br\/deputado\/expogrande-ministro-anuncia-r-20-milhoes-para-capital\/","og_locale":"pt_BR","og_type":"article","og_title":"Expogrande: ministro anuncia R$ 20 milh\u00f5es para Capital","og_description":"Paulo Bernardo disse que o recurso \u00e9 emergencial e j\u00e1 ser\u00e1 disponibilizado. Prefeito Nelsinho e deputado Vander comemoraram a ajuda.","og_url":"https:\/\/vanderloubet.com.br\/deputado\/expogrande-ministro-anuncia-r-20-milhoes-para-capital\/","og_site_name":"Deputado Federal Vander Loubet","article_publisher":"https:\/\/facebook.com\/deputadovander","article_published_time":"2010-03-19T13:49:20+00:00","og_image":[{"url":"http:\/\/www.deputadovander.com.br\/website\/wp-content\/uploads\/2010\/03\/foto-2010-03-19-bernardo-expogrande-300x225.jpg","type":"","width":"","height":""}],"author":"\u00c9der","twitter_card":"summary_large_image","twitter_creator":"@vanderloubet","twitter_site":"@vanderloubet","schema":{"@context":"https:\/\/schema.org","@graph":[{"@type":"Article","@id":"https:\/\/vanderloubet.com.br\/deputado\/expogrande-ministro-anuncia-r-20-milhoes-para-capital\/#article","isPartOf":{"@id":"https:\/\/vanderloubet.com.br\/deputado\/expogrande-ministro-anuncia-r-20-milhoes-para-capital\/"},"author":{"name":"\u00c9der","@id":"https:\/\/vanderloubet.com.br\/deputado\/#\/schema\/person\/15b51bd564532a8a68d9dec1b8eb890e"},"headline":"Expogrande: ministro anuncia R$ 20 milh\u00f5es para Capital","datePublished":"2010-03-19T13:49:20+00:00","mainEntityOfPage":{"@id":"https:\/\/vanderloubet.com.br\/deputado\/expogrande-ministro-anuncia-r-20-milhoes-para-capital\/"},"wordCount":256,"publisher":{"@id":"https:\/\/vanderloubet.com.br\/deputado\/#organization"},"image":{"@id":"https:\/\/vanderloubet.com.br\/deputado\/expogrande-ministro-anuncia-r-20-milhoes-para-capital\/#primaryimage"},"thumbnailUrl":"http:\/\/www.deputadovander.com.br\/website\/wp-content\/uploads\/2010\/03\/foto-2010-03-19-bernardo-expogrande-300x225.jpg","keywords":["campo grande","expogrande","paulo bernardo","planejamento","vander loubet"],"articleSection":["Not\u00edcias"],"inLanguage":"pt-BR"},{"@type":"WebPage","@id":"https:\/\/vanderloubet.com.br\/deputado\/expogrande-ministro-anuncia-r-20-milhoes-para-capital\/","url":"https:\/\/vanderloubet.com.br\/deputado\/expogrande-ministro-anuncia-r-20-milhoes-para-capital\/","name":"Expogrande: ministro anuncia R$ 20 milh\u00f5es para Capital","isPartOf":{"@id":"https:\/\/vanderloubet.com.br\/deputado\/#website"},"primaryImageOfPage":{"@id":"https:\/\/vanderloubet.com.br\/deputado\/expogrande-ministro-anuncia-r-20-milhoes-para-capital\/#primaryimage"},"image":{"@id":"https:\/\/vanderloubet.com.br\/deputado\/expogrande-ministro-anuncia-r-20-milhoes-para-capital\/#primaryimage"},"thumbnailUrl":"http:\/\/www.deputadovander.com.br\/website\/wp-content\/uploads\/2010\/03\/foto-2010-03-19-bernardo-expogrande-300x225.jpg","datePublished":"2010-03-19T13:49:20+00:00","breadcrumb":{"@id":"https:\/\/vanderloubet.com.br\/deputado\/expogrande-ministro-anuncia-r-20-milhoes-para-capital\/#breadcrumb"},"inLanguage":"pt-BR","potentialAction":[{"@type":"ReadAction","target":["https:\/\/vanderloubet.com.br\/deputado\/expogrande-ministro-anuncia-r-20-milhoes-para-capital\/"]}]},{"@type":"ImageObject","inLanguage":"pt-BR","@id":"https:\/\/vanderloubet.com.br\/deputado\/expogrande-ministro-anuncia-r-20-milhoes-para-capital\/#primaryimage","url":"http:\/\/www.deputadovander.com.br\/website\/wp-content\/uploads\/2010\/03\/foto-2010-03-19-bernardo-expogrande-300x225.jpg","contentUrl":"http:\/\/www.deputadovander.com.br\/website\/wp-content\/uploads\/2010\/03\/foto-2010-03-19-bernardo-expogrande-300x225.jpg"},{"@type":"BreadcrumbList","@id":"https:\/\/vanderloubet.com.br\/deputado\/expogrande-ministro-anuncia-r-20-milhoes-para-capital\/#breadcrumb","itemListElement":[{"@type":"ListItem","position":1,"name":"In\u00edcio","item":"https:\/\/vanderloubet.com.br\/deputado\/"},{"@type":"ListItem","position":2,"name":"Expogrande: ministro anuncia R$ 20 milh\u00f5es para Capital"}]},{"@type":"WebSite","@id":"https:\/\/vanderloubet.com.br\/deputado\/#website","url":"https:\/\/vanderloubet.com.br\/deputado\/","name":"Deputado Federal Vander Loubet","description":"O Federal de MS","publisher":{"@id":"https:\/\/vanderloubet.com.br\/deputado\/#organization"},"alternateName":"Deputado Vander","potentialAction":[{"@type":"SearchAction","target":{"@type":"EntryPoint","urlTemplate":"https:\/\/vanderloubet.com.br\/deputado\/?s={search_term_string}"},"query-input":{"@type":"PropertyValueSpecification","valueRequired":true,"valueName":"search_term_string"}}],"inLanguage":"pt-BR"},{"@type":"Organization","@id":"https:\/\/vanderloubet.com.br\/deputado\/#organization","name":"Deputado Federal Vander Loubet","alternateName":"Deputado Vander","url":"https:\/\/vanderloubet.com.br\/deputado\/","logo":{"@type":"ImageObject","inLanguage":"pt-BR","@id":"https:\/\/vanderloubet.com.br\/deputado\/#\/schema\/logo\/image\/","url":"https:\/\/vanderloubet.com.br\/deputado\/wp-content\/uploads\/2023\/06\/foto-2023-06-19-mandato-deputado-vander.jpg","contentUrl":"https:\/\/vanderloubet.com.br\/deputado\/wp-content\/uploads\/2023\/06\/foto-2023-06-19-mandato-deputado-vander.jpg","width":1080,"height":1080,"caption":"Deputado Federal Vander Loubet"},"image":{"@id":"https:\/\/vanderloubet.com.br\/deputado\/#\/schema\/logo\/image\/"},"sameAs":["https:\/\/facebook.com\/deputadovander","https:\/\/x.com\/vanderloubet","https:\/\/instagram.com\/vanderloubet","https:\/\/youtube.com\/vanderloubet","https:\/\/tiktok.com\/@vanderloubetms"]},{"@type":"Person","@id":"https:\/\/vanderloubet.com.br\/deputado\/#\/schema\/person\/15b51bd564532a8a68d9dec1b8eb890e","name":"\u00c9der","image":{"@type":"ImageObject","inLanguage":"pt-BR","@id":"https:\/\/vanderloubet.com.br\/deputado\/wp-content\/litespeed\/avatar\/88ca4090d9d5ab1c9495f6ca03b68efa.jpg?ver=1777058957","url":"https:\/\/vanderloubet.com.br\/deputado\/wp-content\/litespeed\/avatar\/88ca4090d9d5ab1c9495f6ca03b68efa.jpg?ver=1777058957","contentUrl":"https:\/\/vanderloubet.com.br\/deputado\/wp-content\/litespeed\/avatar\/88ca4090d9d5ab1c9495f6ca03b68efa.jpg?ver=1777058957","caption":"\u00c9der"}}]}},"jetpack_featured_media_url":"","jetpack_sharing_enabled":true,"_links":{"self":[{"href":"https:\/\/vanderloubet.com.br\/deputado\/wp-json\/wp\/v2\/posts\/371","targetHints":{"allow":["GET"]}}],"collection":[{"href":"https:\/\/vanderloubet.com.br\/deputado\/wp-json\/wp\/v2\/posts"}],"about":[{"href":"https:\/\/vanderloubet.com.br\/deputado\/wp-json\/wp\/v2\/types\/post"}],"author":[{"embeddable":true,"href":"https:\/\/vanderloubet.com.br\/deputado\/wp-json\/wp\/v2\/users\/2"}],"replies":[{"embeddable":true,"href":"https:\/\/vanderloubet.com.br\/deputado\/wp-json\/wp\/v2\/comments?post=371"}],"version-history":[{"count":0,"href":"https:\/\/vanderloubet.com.br\/deputado\/wp-json\/wp\/v2\/posts\/371\/revisions"}],"wp:attachment":[{"href":"https:\/\/vanderloubet.com.br\/deputado\/wp-json\/wp\/v2\/media?parent=371"}],"wp:term":[{"taxonomy":"category","embeddable":true,"href":"https:\/\/vanderloubet.com.br\/deputado\/wp-json\/wp\/v2\/categories?post=371"},{"taxonomy":"post_tag","embeddable":true,"href":"https:\/\/vanderloubet.com.br\/deputado\/wp-json\/wp\/v2\/tags?post=371"}],"curies":[{"name":"wp","href":"https:\/\/api.w.org\/{rel}","templated":true}]}}