{"id":3696,"date":"2011-09-08T07:00:56","date_gmt":"2011-09-08T11:00:56","guid":{"rendered":"http:\/\/www.deputadovander.com.br\/website\/?p=3696"},"modified":"2011-09-08T07:00:56","modified_gmt":"2011-09-08T11:00:56","slug":"ouvidoria-da-camara-divulga-temas-que-serao-ouvidos-em-ms","status":"publish","type":"post","link":"https:\/\/vanderloubet.com.br\/deputado\/ouvidoria-da-camara-divulga-temas-que-serao-ouvidos-em-ms\/","title":{"rendered":"Ouvidoria da C\u00e2mara divulga temas que ser\u00e3o ouvidos em MS"},"content":{"rendered":"<p style=\"text-align: center;\"><figure id=\"attachment_3697\" aria-describedby=\"caption-attachment-3697\" style=\"width: 400px\" class=\"wp-caption aligncenter\"><a href=\"http:\/\/www.deputadovander.com.br\/website\/wp-content\/uploads\/2011\/09\/foto-2011-09-08-miguel-correa-vander-loubet.jpg\" target=\"_blank\"><img decoding=\"async\" class=\"size-medium wp-image-3697 \" title=\"foto-2011-09-08-miguel-correa-vander-loubet\" src=\"http:\/\/www.deputadovander.com.br\/website\/wp-content\/uploads\/2011\/09\/foto-2011-09-08-miguel-correa-vander-loubet-400x266.jpg\" alt=\"Deputados federais Miguel Corr\u00eaa (PT-MG) e Vander Loubet (PT-MS)\" width=\"400\" height=\"266\" \/><\/a><figcaption id=\"caption-attachment-3697\" class=\"wp-caption-text\">Deputados federais Miguel Corr\u00eaa (PT-MG) e Vander Loubet (PT-MS)<\/figcaption><\/figure><\/p>\n<p>O projeto &#8220;A C\u00e2mara quer te ouvir&#8221;, de iniciativa da Ouvidoria da C\u00e2mara dos Deputados, estar\u00e1 no pr\u00f3ximo dia 15 de setembro na Assembl\u00e9ia Legislativa de Mato Grosso do Sul. Em Campo Grande, o ouvidor-geral da C\u00e2mara, deputado federal Miguel Corr\u00eaa (PT-MG) e os deputados Luis Tib\u00e9 (PTdoB-MG), Vander Loubet (PT-MS), Geraldo Resende (PMDB-MS) e Edson Giroto (PR-MS) ouvir\u00e3o os sul-mato-grossenses sobre seguran\u00e7a p\u00fablica com foco em fronteiras e rota do tr\u00e1fico; infraestrutura e log\u00edstica; meio ambiente e turismo com foco na preserva\u00e7\u00e3o e povos ind\u00edgenas.<\/p>\n<p>A visita do ouvidor \u00e0 Capital tem como objetivo ouvir a sociedade sobre alguns dos temas em discuss\u00e3o na C\u00e2mara Federal para que a opini\u00e3o do cidad\u00e3o influencie as decis\u00f5es do Congresso Nacional. &#8220;Estamos levando a C\u00e2mara dos Deputados \u00e0 sociedade brasileira, ouvindo-a e incentivando-a a participar e a intervir nos temas de import\u00e2ncia nacional&#8221;, disse Miguel Corr\u00eaa.<\/p>\n<p><strong>Ouvidoria<\/strong><\/p>\n<p>A Ouvidoria Parlamentar \u00e9 um \u00f3rg\u00e3o integrante da Mesa Diretora da C\u00e2mara dos Deputados, criada para ser o canal de interlocu\u00e7\u00e3o entre a C\u00e2mara e a sociedade. Tem como principais atribui\u00e7\u00f5es receber e encaminhar aos \u00f3rg\u00e3os competentes as demandas formuladas pelos cidad\u00e3os. Por interm\u00e9dio do &#8220;Fale com a Ouvidoria&#8221; (http:\/\/www2.camara.gov.br\/participe\/fale-com-a-ouvidoria), o cidad\u00e3o pode manifestar \u00e0 C\u00e2mara Federal sua opini\u00e3o, cr\u00edtica e at\u00e9 mesmo fazer sugest\u00f5es que impliquem no aprimoramento das atividades do Parlamento.<\/p>\n<p><strong>Servi\u00e7o<\/strong><\/p>\n<p>&#8220;A C\u00e2mara quer te Ouvir&#8221; &#8211; Campo Grande\/MS<br \/>\nLocal: Assembl\u00e9ia Legislativa &#8211; Parque dos Poderes<br \/>\nData: 15 de setembro de 2011<br \/>\nHor\u00e1rio: 14 \u00e0s 17 horas<\/p>\n<p><span style=\"font-size: 11px;\">(Assessoria de Comunica\u00e7\u00e3o\/Ouvidoria C\u00e2mara dos Deputados)<\/span><\/p>\n","protected":false},"excerpt":{"rendered":"<p>Projeto &#8220;A C\u00e2mara quer te Ouvir&#8221; em Campo Grande ter\u00e1 ouvidor-geral, deputado Miguel Corr\u00eaa, e deputado Vander Loubet.<\/p>\n","protected":false},"author":2,"featured_media":0,"comment_status":"closed","ping_status":"open","sticky":false,"template":"","format":"standard","meta":{"jetpack_post_was_ever_published":false,"_jetpack_newsletter_access":"","_jetpack_dont_email_post_to_subs":false,"_jetpack_newsletter_tier_id":0,"_jetpack_memberships_contains_paywalled_content":false,"_jetpack_memberships_contains_paid_content":false,"footnotes":""},"categories":[10],"tags":[193,332,341,502,529,608,693,807,909,921,936,1137,1178,1281,1289,1336,1442,1564,1598,1655,1716,2033],"class_list":{"0":"post-3696","1":"post","2":"type-post","3":"status-publish","4":"format-standard","6":"category-noticias","7":"tag-assembleia","8":"tag-camara","9":"tag-campo","10":"tag-congresso","11":"tag-correa","12":"tag-deputado","13":"tag-edson","14":"tag-federal","15":"tag-geraldo","16":"tag-giroto","17":"tag-grande","18":"tag-legislativa","19":"tag-loubet","20":"tag-mg","21":"tag-miguel","22":"tag-ms","23":"tag-ouvidoria","24":"tag-pmdb","25":"tag-pr","26":"tag-pt","27":"tag-resende","28":"tag-vander"},"yoast_head":"<!-- This site is optimized with the Yoast SEO plugin v27.4 - https:\/\/yoast.com\/product\/yoast-seo-wordpress\/ -->\n<title>Ouvidoria da C\u00e2mara divulga temas que ser\u00e3o ouvidos em MS<\/title>\n<meta name=\"robots\" content=\"index, follow, max-snippet:-1, max-image-preview:large, max-video-preview:-1\" \/>\n<link rel=\"canonical\" href=\"https:\/\/vanderloubet.com.br\/deputado\/ouvidoria-da-camara-divulga-temas-que-serao-ouvidos-em-ms\/\" \/>\n<meta property=\"og:locale\" content=\"pt_BR\" \/>\n<meta property=\"og:type\" content=\"article\" \/>\n<meta property=\"og:title\" content=\"Ouvidoria da C\u00e2mara divulga temas que ser\u00e3o ouvidos em MS\" \/>\n<meta property=\"og:description\" content=\"Projeto &quot;A C\u00e2mara quer te Ouvir&quot; em Campo Grande ter\u00e1 ouvidor-geral, deputado Miguel Corr\u00eaa, e deputado Vander Loubet.\" \/>\n<meta property=\"og:url\" content=\"https:\/\/vanderloubet.com.br\/deputado\/ouvidoria-da-camara-divulga-temas-que-serao-ouvidos-em-ms\/\" \/>\n<meta property=\"og:site_name\" content=\"Deputado Federal Vander Loubet\" \/>\n<meta property=\"article:publisher\" content=\"https:\/\/facebook.com\/deputadovander\" \/>\n<meta property=\"article:published_time\" content=\"2011-09-08T11:00:56+00:00\" \/>\n<meta property=\"og:image\" content=\"http:\/\/www.deputadovander.com.br\/website\/wp-content\/uploads\/2011\/09\/foto-2011-09-08-miguel-correa-vander-loubet-400x266.jpg\" \/>\n<meta name=\"author\" content=\"\u00c9der\" \/>\n<meta name=\"twitter:card\" content=\"summary_large_image\" \/>\n<meta name=\"twitter:creator\" content=\"@vanderloubet\" \/>\n<meta name=\"twitter:site\" content=\"@vanderloubet\" \/>\n<script type=\"application\/ld+json\" class=\"yoast-schema-graph\">{\"@context\":\"https:\\\/\\\/schema.org\",\"@graph\":[{\"@type\":\"Article\",\"@id\":\"https:\\\/\\\/vanderloubet.com.br\\\/deputado\\\/ouvidoria-da-camara-divulga-temas-que-serao-ouvidos-em-ms\\\/#article\",\"isPartOf\":{\"@id\":\"https:\\\/\\\/vanderloubet.com.br\\\/deputado\\\/ouvidoria-da-camara-divulga-temas-que-serao-ouvidos-em-ms\\\/\"},\"author\":{\"name\":\"\u00c9der\",\"@id\":\"https:\\\/\\\/vanderloubet.com.br\\\/deputado\\\/#\\\/schema\\\/person\\\/15b51bd564532a8a68d9dec1b8eb890e\"},\"headline\":\"Ouvidoria da C\u00e2mara divulga temas que ser\u00e3o ouvidos em MS\",\"datePublished\":\"2011-09-08T11:00:56+00:00\",\"mainEntityOfPage\":{\"@id\":\"https:\\\/\\\/vanderloubet.com.br\\\/deputado\\\/ouvidoria-da-camara-divulga-temas-que-serao-ouvidos-em-ms\\\/\"},\"wordCount\":320,\"publisher\":{\"@id\":\"https:\\\/\\\/vanderloubet.com.br\\\/deputado\\\/#organization\"},\"image\":{\"@id\":\"https:\\\/\\\/vanderloubet.com.br\\\/deputado\\\/ouvidoria-da-camara-divulga-temas-que-serao-ouvidos-em-ms\\\/#primaryimage\"},\"thumbnailUrl\":\"http:\\\/\\\/www.deputadovander.com.br\\\/website\\\/wp-content\\\/uploads\\\/2011\\\/09\\\/foto-2011-09-08-miguel-correa-vander-loubet-400x266.jpg\",\"keywords\":[\"assembl\u00e9ia\",\"c\u00e2mara\",\"campo\",\"congresso\",\"corr\u00eaa\",\"deputado\",\"edson\",\"federal\",\"geraldo\",\"giroto\",\"grande\",\"legislativa\",\"loubet\",\"mg\",\"miguel\",\"MS\",\"ouvidoria\",\"pmdb\",\"pr\",\"PT\",\"resende\",\"vander\"],\"articleSection\":[\"Not\u00edcias\"],\"inLanguage\":\"pt-BR\"},{\"@type\":\"WebPage\",\"@id\":\"https:\\\/\\\/vanderloubet.com.br\\\/deputado\\\/ouvidoria-da-camara-divulga-temas-que-serao-ouvidos-em-ms\\\/\",\"url\":\"https:\\\/\\\/vanderloubet.com.br\\\/deputado\\\/ouvidoria-da-camara-divulga-temas-que-serao-ouvidos-em-ms\\\/\",\"name\":\"Ouvidoria da C\u00e2mara divulga temas que ser\u00e3o ouvidos em MS\",\"isPartOf\":{\"@id\":\"https:\\\/\\\/vanderloubet.com.br\\\/deputado\\\/#website\"},\"primaryImageOfPage\":{\"@id\":\"https:\\\/\\\/vanderloubet.com.br\\\/deputado\\\/ouvidoria-da-camara-divulga-temas-que-serao-ouvidos-em-ms\\\/#primaryimage\"},\"image\":{\"@id\":\"https:\\\/\\\/vanderloubet.com.br\\\/deputado\\\/ouvidoria-da-camara-divulga-temas-que-serao-ouvidos-em-ms\\\/#primaryimage\"},\"thumbnailUrl\":\"http:\\\/\\\/www.deputadovander.com.br\\\/website\\\/wp-content\\\/uploads\\\/2011\\\/09\\\/foto-2011-09-08-miguel-correa-vander-loubet-400x266.jpg\",\"datePublished\":\"2011-09-08T11:00:56+00:00\",\"breadcrumb\":{\"@id\":\"https:\\\/\\\/vanderloubet.com.br\\\/deputado\\\/ouvidoria-da-camara-divulga-temas-que-serao-ouvidos-em-ms\\\/#breadcrumb\"},\"inLanguage\":\"pt-BR\",\"potentialAction\":[{\"@type\":\"ReadAction\",\"target\":[\"https:\\\/\\\/vanderloubet.com.br\\\/deputado\\\/ouvidoria-da-camara-divulga-temas-que-serao-ouvidos-em-ms\\\/\"]}]},{\"@type\":\"ImageObject\",\"inLanguage\":\"pt-BR\",\"@id\":\"https:\\\/\\\/vanderloubet.com.br\\\/deputado\\\/ouvidoria-da-camara-divulga-temas-que-serao-ouvidos-em-ms\\\/#primaryimage\",\"url\":\"http:\\\/\\\/www.deputadovander.com.br\\\/website\\\/wp-content\\\/uploads\\\/2011\\\/09\\\/foto-2011-09-08-miguel-correa-vander-loubet-400x266.jpg\",\"contentUrl\":\"http:\\\/\\\/www.deputadovander.com.br\\\/website\\\/wp-content\\\/uploads\\\/2011\\\/09\\\/foto-2011-09-08-miguel-correa-vander-loubet-400x266.jpg\"},{\"@type\":\"BreadcrumbList\",\"@id\":\"https:\\\/\\\/vanderloubet.com.br\\\/deputado\\\/ouvidoria-da-camara-divulga-temas-que-serao-ouvidos-em-ms\\\/#breadcrumb\",\"itemListElement\":[{\"@type\":\"ListItem\",\"position\":1,\"name\":\"In\u00edcio\",\"item\":\"https:\\\/\\\/vanderloubet.com.br\\\/deputado\\\/\"},{\"@type\":\"ListItem\",\"position\":2,\"name\":\"Ouvidoria da C\u00e2mara divulga temas que ser\u00e3o ouvidos em MS\"}]},{\"@type\":\"WebSite\",\"@id\":\"https:\\\/\\\/vanderloubet.com.br\\\/deputado\\\/#website\",\"url\":\"https:\\\/\\\/vanderloubet.com.br\\\/deputado\\\/\",\"name\":\"Deputado Federal Vander Loubet\",\"description\":\"O Federal de MS\",\"publisher\":{\"@id\":\"https:\\\/\\\/vanderloubet.com.br\\\/deputado\\\/#organization\"},\"alternateName\":\"Deputado Vander\",\"potentialAction\":[{\"@type\":\"SearchAction\",\"target\":{\"@type\":\"EntryPoint\",\"urlTemplate\":\"https:\\\/\\\/vanderloubet.com.br\\\/deputado\\\/?s={search_term_string}\"},\"query-input\":{\"@type\":\"PropertyValueSpecification\",\"valueRequired\":true,\"valueName\":\"search_term_string\"}}],\"inLanguage\":\"pt-BR\"},{\"@type\":\"Organization\",\"@id\":\"https:\\\/\\\/vanderloubet.com.br\\\/deputado\\\/#organization\",\"name\":\"Deputado Federal Vander Loubet\",\"alternateName\":\"Deputado Vander\",\"url\":\"https:\\\/\\\/vanderloubet.com.br\\\/deputado\\\/\",\"logo\":{\"@type\":\"ImageObject\",\"inLanguage\":\"pt-BR\",\"@id\":\"https:\\\/\\\/vanderloubet.com.br\\\/deputado\\\/#\\\/schema\\\/logo\\\/image\\\/\",\"url\":\"https:\\\/\\\/vanderloubet.com.br\\\/deputado\\\/wp-content\\\/uploads\\\/2023\\\/06\\\/foto-2023-06-19-mandato-deputado-vander.jpg\",\"contentUrl\":\"https:\\\/\\\/vanderloubet.com.br\\\/deputado\\\/wp-content\\\/uploads\\\/2023\\\/06\\\/foto-2023-06-19-mandato-deputado-vander.jpg\",\"width\":1080,\"height\":1080,\"caption\":\"Deputado Federal Vander Loubet\"},\"image\":{\"@id\":\"https:\\\/\\\/vanderloubet.com.br\\\/deputado\\\/#\\\/schema\\\/logo\\\/image\\\/\"},\"sameAs\":[\"https:\\\/\\\/facebook.com\\\/deputadovander\",\"https:\\\/\\\/x.com\\\/vanderloubet\",\"https:\\\/\\\/instagram.com\\\/vanderloubet\",\"https:\\\/\\\/youtube.com\\\/vanderloubet\",\"https:\\\/\\\/tiktok.com\\\/@vanderloubetms\"]},{\"@type\":\"Person\",\"@id\":\"https:\\\/\\\/vanderloubet.com.br\\\/deputado\\\/#\\\/schema\\\/person\\\/15b51bd564532a8a68d9dec1b8eb890e\",\"name\":\"\u00c9der\",\"image\":{\"@type\":\"ImageObject\",\"inLanguage\":\"pt-BR\",\"@id\":\"https:\\\/\\\/vanderloubet.com.br\\\/deputado\\\/wp-content\\\/litespeed\\\/avatar\\\/88ca4090d9d5ab1c9495f6ca03b68efa.jpg?ver=1777058957\",\"url\":\"https:\\\/\\\/vanderloubet.com.br\\\/deputado\\\/wp-content\\\/litespeed\\\/avatar\\\/88ca4090d9d5ab1c9495f6ca03b68efa.jpg?ver=1777058957\",\"contentUrl\":\"https:\\\/\\\/vanderloubet.com.br\\\/deputado\\\/wp-content\\\/litespeed\\\/avatar\\\/88ca4090d9d5ab1c9495f6ca03b68efa.jpg?ver=1777058957\",\"caption\":\"\u00c9der\"}}]}<\/script>\n<!-- \/ Yoast SEO plugin. -->","yoast_head_json":{"title":"Ouvidoria da C\u00e2mara divulga temas que ser\u00e3o ouvidos em MS","robots":{"index":"index","follow":"follow","max-snippet":"max-snippet:-1","max-image-preview":"max-image-preview:large","max-video-preview":"max-video-preview:-1"},"canonical":"https:\/\/vanderloubet.com.br\/deputado\/ouvidoria-da-camara-divulga-temas-que-serao-ouvidos-em-ms\/","og_locale":"pt_BR","og_type":"article","og_title":"Ouvidoria da C\u00e2mara divulga temas que ser\u00e3o ouvidos em MS","og_description":"Projeto \"A C\u00e2mara quer te Ouvir\" em Campo Grande ter\u00e1 ouvidor-geral, deputado Miguel Corr\u00eaa, e deputado Vander Loubet.","og_url":"https:\/\/vanderloubet.com.br\/deputado\/ouvidoria-da-camara-divulga-temas-que-serao-ouvidos-em-ms\/","og_site_name":"Deputado Federal Vander Loubet","article_publisher":"https:\/\/facebook.com\/deputadovander","article_published_time":"2011-09-08T11:00:56+00:00","og_image":[{"url":"http:\/\/www.deputadovander.com.br\/website\/wp-content\/uploads\/2011\/09\/foto-2011-09-08-miguel-correa-vander-loubet-400x266.jpg","type":"","width":"","height":""}],"author":"\u00c9der","twitter_card":"summary_large_image","twitter_creator":"@vanderloubet","twitter_site":"@vanderloubet","schema":{"@context":"https:\/\/schema.org","@graph":[{"@type":"Article","@id":"https:\/\/vanderloubet.com.br\/deputado\/ouvidoria-da-camara-divulga-temas-que-serao-ouvidos-em-ms\/#article","isPartOf":{"@id":"https:\/\/vanderloubet.com.br\/deputado\/ouvidoria-da-camara-divulga-temas-que-serao-ouvidos-em-ms\/"},"author":{"name":"\u00c9der","@id":"https:\/\/vanderloubet.com.br\/deputado\/#\/schema\/person\/15b51bd564532a8a68d9dec1b8eb890e"},"headline":"Ouvidoria da C\u00e2mara divulga temas que ser\u00e3o ouvidos em MS","datePublished":"2011-09-08T11:00:56+00:00","mainEntityOfPage":{"@id":"https:\/\/vanderloubet.com.br\/deputado\/ouvidoria-da-camara-divulga-temas-que-serao-ouvidos-em-ms\/"},"wordCount":320,"publisher":{"@id":"https:\/\/vanderloubet.com.br\/deputado\/#organization"},"image":{"@id":"https:\/\/vanderloubet.com.br\/deputado\/ouvidoria-da-camara-divulga-temas-que-serao-ouvidos-em-ms\/#primaryimage"},"thumbnailUrl":"http:\/\/www.deputadovander.com.br\/website\/wp-content\/uploads\/2011\/09\/foto-2011-09-08-miguel-correa-vander-loubet-400x266.jpg","keywords":["assembl\u00e9ia","c\u00e2mara","campo","congresso","corr\u00eaa","deputado","edson","federal","geraldo","giroto","grande","legislativa","loubet","mg","miguel","MS","ouvidoria","pmdb","pr","PT","resende","vander"],"articleSection":["Not\u00edcias"],"inLanguage":"pt-BR"},{"@type":"WebPage","@id":"https:\/\/vanderloubet.com.br\/deputado\/ouvidoria-da-camara-divulga-temas-que-serao-ouvidos-em-ms\/","url":"https:\/\/vanderloubet.com.br\/deputado\/ouvidoria-da-camara-divulga-temas-que-serao-ouvidos-em-ms\/","name":"Ouvidoria da C\u00e2mara divulga temas que ser\u00e3o ouvidos em MS","isPartOf":{"@id":"https:\/\/vanderloubet.com.br\/deputado\/#website"},"primaryImageOfPage":{"@id":"https:\/\/vanderloubet.com.br\/deputado\/ouvidoria-da-camara-divulga-temas-que-serao-ouvidos-em-ms\/#primaryimage"},"image":{"@id":"https:\/\/vanderloubet.com.br\/deputado\/ouvidoria-da-camara-divulga-temas-que-serao-ouvidos-em-ms\/#primaryimage"},"thumbnailUrl":"http:\/\/www.deputadovander.com.br\/website\/wp-content\/uploads\/2011\/09\/foto-2011-09-08-miguel-correa-vander-loubet-400x266.jpg","datePublished":"2011-09-08T11:00:56+00:00","breadcrumb":{"@id":"https:\/\/vanderloubet.com.br\/deputado\/ouvidoria-da-camara-divulga-temas-que-serao-ouvidos-em-ms\/#breadcrumb"},"inLanguage":"pt-BR","potentialAction":[{"@type":"ReadAction","target":["https:\/\/vanderloubet.com.br\/deputado\/ouvidoria-da-camara-divulga-temas-que-serao-ouvidos-em-ms\/"]}]},{"@type":"ImageObject","inLanguage":"pt-BR","@id":"https:\/\/vanderloubet.com.br\/deputado\/ouvidoria-da-camara-divulga-temas-que-serao-ouvidos-em-ms\/#primaryimage","url":"http:\/\/www.deputadovander.com.br\/website\/wp-content\/uploads\/2011\/09\/foto-2011-09-08-miguel-correa-vander-loubet-400x266.jpg","contentUrl":"http:\/\/www.deputadovander.com.br\/website\/wp-content\/uploads\/2011\/09\/foto-2011-09-08-miguel-correa-vander-loubet-400x266.jpg"},{"@type":"BreadcrumbList","@id":"https:\/\/vanderloubet.com.br\/deputado\/ouvidoria-da-camara-divulga-temas-que-serao-ouvidos-em-ms\/#breadcrumb","itemListElement":[{"@type":"ListItem","position":1,"name":"In\u00edcio","item":"https:\/\/vanderloubet.com.br\/deputado\/"},{"@type":"ListItem","position":2,"name":"Ouvidoria da C\u00e2mara divulga temas que ser\u00e3o ouvidos em MS"}]},{"@type":"WebSite","@id":"https:\/\/vanderloubet.com.br\/deputado\/#website","url":"https:\/\/vanderloubet.com.br\/deputado\/","name":"Deputado Federal Vander Loubet","description":"O Federal de MS","publisher":{"@id":"https:\/\/vanderloubet.com.br\/deputado\/#organization"},"alternateName":"Deputado Vander","potentialAction":[{"@type":"SearchAction","target":{"@type":"EntryPoint","urlTemplate":"https:\/\/vanderloubet.com.br\/deputado\/?s={search_term_string}"},"query-input":{"@type":"PropertyValueSpecification","valueRequired":true,"valueName":"search_term_string"}}],"inLanguage":"pt-BR"},{"@type":"Organization","@id":"https:\/\/vanderloubet.com.br\/deputado\/#organization","name":"Deputado Federal Vander Loubet","alternateName":"Deputado Vander","url":"https:\/\/vanderloubet.com.br\/deputado\/","logo":{"@type":"ImageObject","inLanguage":"pt-BR","@id":"https:\/\/vanderloubet.com.br\/deputado\/#\/schema\/logo\/image\/","url":"https:\/\/vanderloubet.com.br\/deputado\/wp-content\/uploads\/2023\/06\/foto-2023-06-19-mandato-deputado-vander.jpg","contentUrl":"https:\/\/vanderloubet.com.br\/deputado\/wp-content\/uploads\/2023\/06\/foto-2023-06-19-mandato-deputado-vander.jpg","width":1080,"height":1080,"caption":"Deputado Federal Vander Loubet"},"image":{"@id":"https:\/\/vanderloubet.com.br\/deputado\/#\/schema\/logo\/image\/"},"sameAs":["https:\/\/facebook.com\/deputadovander","https:\/\/x.com\/vanderloubet","https:\/\/instagram.com\/vanderloubet","https:\/\/youtube.com\/vanderloubet","https:\/\/tiktok.com\/@vanderloubetms"]},{"@type":"Person","@id":"https:\/\/vanderloubet.com.br\/deputado\/#\/schema\/person\/15b51bd564532a8a68d9dec1b8eb890e","name":"\u00c9der","image":{"@type":"ImageObject","inLanguage":"pt-BR","@id":"https:\/\/vanderloubet.com.br\/deputado\/wp-content\/litespeed\/avatar\/88ca4090d9d5ab1c9495f6ca03b68efa.jpg?ver=1777058957","url":"https:\/\/vanderloubet.com.br\/deputado\/wp-content\/litespeed\/avatar\/88ca4090d9d5ab1c9495f6ca03b68efa.jpg?ver=1777058957","contentUrl":"https:\/\/vanderloubet.com.br\/deputado\/wp-content\/litespeed\/avatar\/88ca4090d9d5ab1c9495f6ca03b68efa.jpg?ver=1777058957","caption":"\u00c9der"}}]}},"jetpack_featured_media_url":"","jetpack_sharing_enabled":true,"_links":{"self":[{"href":"https:\/\/vanderloubet.com.br\/deputado\/wp-json\/wp\/v2\/posts\/3696","targetHints":{"allow":["GET"]}}],"collection":[{"href":"https:\/\/vanderloubet.com.br\/deputado\/wp-json\/wp\/v2\/posts"}],"about":[{"href":"https:\/\/vanderloubet.com.br\/deputado\/wp-json\/wp\/v2\/types\/post"}],"author":[{"embeddable":true,"href":"https:\/\/vanderloubet.com.br\/deputado\/wp-json\/wp\/v2\/users\/2"}],"replies":[{"embeddable":true,"href":"https:\/\/vanderloubet.com.br\/deputado\/wp-json\/wp\/v2\/comments?post=3696"}],"version-history":[{"count":0,"href":"https:\/\/vanderloubet.com.br\/deputado\/wp-json\/wp\/v2\/posts\/3696\/revisions"}],"wp:attachment":[{"href":"https:\/\/vanderloubet.com.br\/deputado\/wp-json\/wp\/v2\/media?parent=3696"}],"wp:term":[{"taxonomy":"category","embeddable":true,"href":"https:\/\/vanderloubet.com.br\/deputado\/wp-json\/wp\/v2\/categories?post=3696"},{"taxonomy":"post_tag","embeddable":true,"href":"https:\/\/vanderloubet.com.br\/deputado\/wp-json\/wp\/v2\/tags?post=3696"}],"curies":[{"name":"wp","href":"https:\/\/api.w.org\/{rel}","templated":true}]}}