{"id":3691,"date":"2011-09-06T07:00:44","date_gmt":"2011-09-06T11:00:44","guid":{"rendered":"http:\/\/www.deputadovander.com.br\/website\/?p=3691"},"modified":"2011-09-06T07:00:44","modified_gmt":"2011-09-06T11:00:44","slug":"vander-pt-se-fortaleceu-e-atendeu-anseios-da-sociedade","status":"publish","type":"post","link":"https:\/\/vanderloubet.com.br\/deputado\/vander-pt-se-fortaleceu-e-atendeu-anseios-da-sociedade\/","title":{"rendered":"Vander: PT se fortaleceu e atendeu anseios da sociedade"},"content":{"rendered":"<p style=\"text-align: center;\"><figure id=\"attachment_1207\" aria-describedby=\"caption-attachment-1207\" style=\"width: 300px\" class=\"wp-caption aligncenter\"><a href=\"http:\/\/www.deputadovander.com.br\/website\/wp-content\/uploads\/2010\/05\/foto-2010-05-27-vander-audiencias1.jpg\" target=\"_blank\"><img decoding=\"async\" class=\"size-medium wp-image-1207 \" title=\"foto-2010-05-27-vander-audiencias\" src=\"http:\/\/www.deputadovander.com.br\/website\/wp-content\/uploads\/2010\/05\/foto-2010-05-27-vander-audiencias1-300x225.jpg\" alt=\"Deputado Federal Vander Loubet\" width=\"300\" height=\"225\" \/><\/a><figcaption id=\"caption-attachment-1207\" class=\"wp-caption-text\">Deputado Federal Vander Loubet<\/figcaption><\/figure><\/p>\n<p>Ao adotar itens inovadores no estatuto e aprofundar a democracia interna, como a aprova\u00e7\u00e3o da paridade de g\u00eanero na forma\u00e7\u00e3o dos diret\u00f3rios e de crit\u00e9rios mais rigorosos nas filia\u00e7\u00f5es, o 4\u00ba Congresso do PT, realizado de 2 a 4 deste m\u00eas em Bras\u00edlia (DF), fortaleceu o partido internamente e o fez ainda mais identificado com as aspira\u00e7\u00f5es da sociedade. Assim avalia o deputado federal Vander Loubet (PT-MS), que retornou da plen\u00e1ria convencido de que a participa\u00e7\u00e3o da milit\u00e2ncia continua sendo um dos maiores diferenciais da legenda.<\/p>\n<p>&#8220;Todas as pesquisas feitas nos \u00faltimos 10, 15 anos confirmam o PT como o partido preferido da maioria da popula\u00e7\u00e3o. N\u00e3o podemos desmerecer tamanha confian\u00e7a. Por isso \u00e9 necess\u00e1rio aperfei\u00e7oar nosso conte\u00fado, nossa organicidade e as nossas regras para acompanhar o clamor da sociedade&#8221;, argumenta. Vander se refere aos novos dispositivos dos estatutos e \u00e0 Resolu\u00e7\u00e3o Pol\u00edtica aprovada ao final do Congresso.<\/p>\n<p><strong>Avan\u00e7os<\/strong><\/p>\n<p>Entre os avan\u00e7os estatut\u00e1rios, Vander cita a ado\u00e7\u00e3o da paridade de g\u00eanero, pela qual as mulheres ter\u00e3o direito a 50% da composi\u00e7\u00e3o das dire\u00e7\u00f5es, delega\u00e7\u00f5es, comiss\u00f5es e cargos com fun\u00e7\u00f5es espec\u00edficas de secretarias; da cota geracional, em que 20% dos jovens at\u00e9 29 anos ter\u00e3o de ser contemplados em todas as chapas, assim como a presen\u00e7a proporcional das etnias. &#8220;A paridade \u00e9 uma luta que vem de 20 anos e mais uma vez o PT disse sim a todas as mulheres do campo, da cidade, as \u00edndias, negras, de todas as origens e credos, enfim, um recorte total de g\u00eanero como direito humano&#8221;.<\/p>\n<p>O deputado Vander pontua ainda os dispositivos para aperfei\u00e7oar a qualifica\u00e7\u00e3o org\u00e2nica e program\u00e1tica da milit\u00e2ncia e as exig\u00eancias nos compromissos dos filiados que, entre outras determina\u00e7\u00f5es, ter\u00e3o obrigatoriedade de contribuir financeiramente com o partido. Al\u00e9m disso, os novos filiados tamb\u00e9m ser\u00e3o obrigados a cumprir condi\u00e7\u00f5es estatut\u00e1rias, entre as quais participar de ao menos uma reuni\u00e3o ou curso de forma\u00e7\u00e3o pol\u00edtica antes de exercer direitos como o de votar ou inscrever suas candidaturas nos Processos de Elei\u00e7\u00e3o Direta (PEDs) para escolha da dire\u00e7\u00e3o.<\/p>\n<p>Os 1.350 delegados votaram tamb\u00e9m pela limita\u00e7\u00e3o de mandatos congressuais consecutivos (dois de senador e tr\u00eas de deputado federal) a partir de 2014 e pela cria\u00e7\u00e3o de um mecanismo para impedir pr\u00e9vias desnecess\u00e1rias. A regra disp\u00f5e que quando se apresentarem mais de um candidato a um cargo eletivo \u2013 de prefeito, por exemplo \u2013, se n\u00e3o houver consenso a escolha pode ser sacramentada mediante a manifesta\u00e7\u00e3o de 2\/3 do diret\u00f3rio. Em alguns casos, a candidatura poder\u00e1 ser definida durante encontro de delegados do partido.<\/p>\n<p><strong>Partido aberto<\/strong><\/p>\n<p>Para Vander Loubet, esses dispositivos mant\u00e9m o PT como partido aberto, mas munido de garantias para assegurar compromisso com os estatutos e o programa. &#8220;\u00c9 livre entrar no PT, n\u00e3o se exige atestado algum, a n\u00e3o ser o compromisso de cumprir as regras estatut\u00e1rias e defender o ide\u00e1rio program\u00e1tico. Ser militante do PT n\u00e3o \u00e9 apenas assinar a ficha e ter sua carteirinha. \u00c9 participar da vida do partido, contribuir com as finan\u00e7as, adquirir conhecimento pol\u00edtico e program\u00e1tico, exercer de fato e de direito os deveres e direitos do ativismo democr\u00e1tico e popular&#8221;, enfatiza.<\/p>\n<p>O parlamentar petista diz que a aprova\u00e7\u00e3o do marco regulat\u00f3rio da m\u00eddia n\u00e3o implica qualquer forma de censura \u00e0 liberdade de imprensa nem reprime a livre manifesta\u00e7\u00e3o das id\u00e9ias. &#8220;Os Estados Unidos t\u00eam esse marco e quem nos critica acham que os Estados Unidos s\u00e3o modelo de democracia. Acontece que l\u00e1 nos EUA o ve\u00edculo de imprensa precisa assumir seu lado partid\u00e1rio-ideol\u00f3gico, enquanto aqui no Brasil existe um monop\u00f3lio de empresas, inclusive impedindo a democratiza\u00e7\u00e3o das comunica\u00e7\u00f5es. E o que estamos querendo \u00e9 exatamente isso, democratizar a comunica\u00e7\u00e3o. Est\u00e1 na Constitui\u00e7\u00e3o Federal, falta apenas regulamentar&#8221;, sustenta.<\/p>\n<p>&#8220;O que n\u00e3o se pode aceitar \u00e9 que liberdade de imprensa seja confundida com a massifica\u00e7\u00e3o de vers\u00f5es e estigmas unilaterais, pr\u00e1tica usual na chamada propriedade cruzada, em que um mesmo grupo econ\u00f4mico, por meio de diversos bra\u00e7os na m\u00eddia, tenta impor a sua verdade, desqualificando, impedindo ou deturpando as vers\u00f5es que o contrariam&#8221;, conclui Vander.<\/p>\n<p><span style=\"font-size: 11px;\">(Edson Moraes\/Assessoria Deputado Vander)<\/span><\/p>\n","protected":false},"excerpt":{"rendered":"<p>Entre avan\u00e7os estatut\u00e1rios, Vander cita ado\u00e7\u00e3o da paridade de g\u00eanero, cota geracional e presen\u00e7a proporcional das etnias.<\/p>\n","protected":false},"author":2,"featured_media":0,"comment_status":"closed","ping_status":"open","sticky":false,"template":"","format":"standard","meta":{"jetpack_post_was_ever_published":false,"_jetpack_newsletter_access":"","_jetpack_dont_email_post_to_subs":false,"_jetpack_newsletter_tier_id":0,"_jetpack_memberships_contains_paywalled_content":false,"_jetpack_memberships_contains_paid_content":false,"footnotes":""},"categories":[10],"tags":[302,502,608,645,746,748,766,807,1001,1178,1286,1290,1291,1336,1655,2011,2033],"class_list":{"0":"post-3691","1":"post","2":"type-post","3":"status-publish","4":"format-standard","6":"category-noticias","7":"tag-brasilia","8":"tag-congresso","9":"tag-deputado","10":"tag-diretorio","11":"tag-estados","12":"tag-estatuto","13":"tag-eua","14":"tag-federal","15":"tag-imprensa","16":"tag-loubet","17":"tag-midia","18":"tag-militancia","19":"tag-militante","20":"tag-ms","21":"tag-pt","22":"tag-unidos","23":"tag-vander"},"yoast_head":"<!-- This site is optimized with the Yoast SEO plugin v27.4 - https:\/\/yoast.com\/product\/yoast-seo-wordpress\/ -->\n<title>Vander: PT se fortaleceu e atendeu anseios da sociedade<\/title>\n<meta name=\"robots\" content=\"index, follow, max-snippet:-1, max-image-preview:large, max-video-preview:-1\" \/>\n<link rel=\"canonical\" href=\"https:\/\/vanderloubet.com.br\/deputado\/vander-pt-se-fortaleceu-e-atendeu-anseios-da-sociedade\/\" \/>\n<meta property=\"og:locale\" content=\"pt_BR\" \/>\n<meta property=\"og:type\" content=\"article\" \/>\n<meta property=\"og:title\" content=\"Vander: PT se fortaleceu e atendeu anseios da sociedade\" \/>\n<meta property=\"og:description\" content=\"Entre avan\u00e7os estatut\u00e1rios, Vander cita ado\u00e7\u00e3o da paridade de g\u00eanero, cota geracional e presen\u00e7a proporcional das etnias.\" \/>\n<meta property=\"og:url\" content=\"https:\/\/vanderloubet.com.br\/deputado\/vander-pt-se-fortaleceu-e-atendeu-anseios-da-sociedade\/\" \/>\n<meta property=\"og:site_name\" content=\"Deputado Federal Vander Loubet\" \/>\n<meta property=\"article:publisher\" content=\"https:\/\/facebook.com\/deputadovander\" \/>\n<meta property=\"article:published_time\" content=\"2011-09-06T11:00:44+00:00\" \/>\n<meta property=\"og:image\" content=\"http:\/\/www.deputadovander.com.br\/website\/wp-content\/uploads\/2010\/05\/foto-2010-05-27-vander-audiencias1-300x225.jpg\" \/>\n<meta name=\"author\" content=\"\u00c9der\" \/>\n<meta name=\"twitter:card\" content=\"summary_large_image\" \/>\n<meta name=\"twitter:creator\" content=\"@vanderloubet\" \/>\n<meta name=\"twitter:site\" content=\"@vanderloubet\" \/>\n<script type=\"application\/ld+json\" class=\"yoast-schema-graph\">{\"@context\":\"https:\\\/\\\/schema.org\",\"@graph\":[{\"@type\":\"Article\",\"@id\":\"https:\\\/\\\/vanderloubet.com.br\\\/deputado\\\/vander-pt-se-fortaleceu-e-atendeu-anseios-da-sociedade\\\/#article\",\"isPartOf\":{\"@id\":\"https:\\\/\\\/vanderloubet.com.br\\\/deputado\\\/vander-pt-se-fortaleceu-e-atendeu-anseios-da-sociedade\\\/\"},\"author\":{\"name\":\"\u00c9der\",\"@id\":\"https:\\\/\\\/vanderloubet.com.br\\\/deputado\\\/#\\\/schema\\\/person\\\/15b51bd564532a8a68d9dec1b8eb890e\"},\"headline\":\"Vander: PT se fortaleceu e atendeu anseios da sociedade\",\"datePublished\":\"2011-09-06T11:00:44+00:00\",\"mainEntityOfPage\":{\"@id\":\"https:\\\/\\\/vanderloubet.com.br\\\/deputado\\\/vander-pt-se-fortaleceu-e-atendeu-anseios-da-sociedade\\\/\"},\"wordCount\":768,\"publisher\":{\"@id\":\"https:\\\/\\\/vanderloubet.com.br\\\/deputado\\\/#organization\"},\"image\":{\"@id\":\"https:\\\/\\\/vanderloubet.com.br\\\/deputado\\\/vander-pt-se-fortaleceu-e-atendeu-anseios-da-sociedade\\\/#primaryimage\"},\"thumbnailUrl\":\"http:\\\/\\\/www.deputadovander.com.br\\\/website\\\/wp-content\\\/uploads\\\/2010\\\/05\\\/foto-2010-05-27-vander-audiencias1-300x225.jpg\",\"keywords\":[\"bras\u00edlia\",\"congresso\",\"deputado\",\"diret\u00f3rio\",\"estados\",\"estatuto\",\"eua\",\"federal\",\"imprensa\",\"loubet\",\"m\u00eddia\",\"milit\u00e2ncia\",\"militante\",\"MS\",\"PT\",\"unidos\",\"vander\"],\"articleSection\":[\"Not\u00edcias\"],\"inLanguage\":\"pt-BR\"},{\"@type\":\"WebPage\",\"@id\":\"https:\\\/\\\/vanderloubet.com.br\\\/deputado\\\/vander-pt-se-fortaleceu-e-atendeu-anseios-da-sociedade\\\/\",\"url\":\"https:\\\/\\\/vanderloubet.com.br\\\/deputado\\\/vander-pt-se-fortaleceu-e-atendeu-anseios-da-sociedade\\\/\",\"name\":\"Vander: PT se fortaleceu e atendeu anseios da sociedade\",\"isPartOf\":{\"@id\":\"https:\\\/\\\/vanderloubet.com.br\\\/deputado\\\/#website\"},\"primaryImageOfPage\":{\"@id\":\"https:\\\/\\\/vanderloubet.com.br\\\/deputado\\\/vander-pt-se-fortaleceu-e-atendeu-anseios-da-sociedade\\\/#primaryimage\"},\"image\":{\"@id\":\"https:\\\/\\\/vanderloubet.com.br\\\/deputado\\\/vander-pt-se-fortaleceu-e-atendeu-anseios-da-sociedade\\\/#primaryimage\"},\"thumbnailUrl\":\"http:\\\/\\\/www.deputadovander.com.br\\\/website\\\/wp-content\\\/uploads\\\/2010\\\/05\\\/foto-2010-05-27-vander-audiencias1-300x225.jpg\",\"datePublished\":\"2011-09-06T11:00:44+00:00\",\"breadcrumb\":{\"@id\":\"https:\\\/\\\/vanderloubet.com.br\\\/deputado\\\/vander-pt-se-fortaleceu-e-atendeu-anseios-da-sociedade\\\/#breadcrumb\"},\"inLanguage\":\"pt-BR\",\"potentialAction\":[{\"@type\":\"ReadAction\",\"target\":[\"https:\\\/\\\/vanderloubet.com.br\\\/deputado\\\/vander-pt-se-fortaleceu-e-atendeu-anseios-da-sociedade\\\/\"]}]},{\"@type\":\"ImageObject\",\"inLanguage\":\"pt-BR\",\"@id\":\"https:\\\/\\\/vanderloubet.com.br\\\/deputado\\\/vander-pt-se-fortaleceu-e-atendeu-anseios-da-sociedade\\\/#primaryimage\",\"url\":\"http:\\\/\\\/www.deputadovander.com.br\\\/website\\\/wp-content\\\/uploads\\\/2010\\\/05\\\/foto-2010-05-27-vander-audiencias1-300x225.jpg\",\"contentUrl\":\"http:\\\/\\\/www.deputadovander.com.br\\\/website\\\/wp-content\\\/uploads\\\/2010\\\/05\\\/foto-2010-05-27-vander-audiencias1-300x225.jpg\"},{\"@type\":\"BreadcrumbList\",\"@id\":\"https:\\\/\\\/vanderloubet.com.br\\\/deputado\\\/vander-pt-se-fortaleceu-e-atendeu-anseios-da-sociedade\\\/#breadcrumb\",\"itemListElement\":[{\"@type\":\"ListItem\",\"position\":1,\"name\":\"In\u00edcio\",\"item\":\"https:\\\/\\\/vanderloubet.com.br\\\/deputado\\\/\"},{\"@type\":\"ListItem\",\"position\":2,\"name\":\"Vander: PT se fortaleceu e atendeu anseios da sociedade\"}]},{\"@type\":\"WebSite\",\"@id\":\"https:\\\/\\\/vanderloubet.com.br\\\/deputado\\\/#website\",\"url\":\"https:\\\/\\\/vanderloubet.com.br\\\/deputado\\\/\",\"name\":\"Deputado Federal Vander Loubet\",\"description\":\"O Federal de MS\",\"publisher\":{\"@id\":\"https:\\\/\\\/vanderloubet.com.br\\\/deputado\\\/#organization\"},\"alternateName\":\"Deputado Vander\",\"potentialAction\":[{\"@type\":\"SearchAction\",\"target\":{\"@type\":\"EntryPoint\",\"urlTemplate\":\"https:\\\/\\\/vanderloubet.com.br\\\/deputado\\\/?s={search_term_string}\"},\"query-input\":{\"@type\":\"PropertyValueSpecification\",\"valueRequired\":true,\"valueName\":\"search_term_string\"}}],\"inLanguage\":\"pt-BR\"},{\"@type\":\"Organization\",\"@id\":\"https:\\\/\\\/vanderloubet.com.br\\\/deputado\\\/#organization\",\"name\":\"Deputado Federal Vander Loubet\",\"alternateName\":\"Deputado Vander\",\"url\":\"https:\\\/\\\/vanderloubet.com.br\\\/deputado\\\/\",\"logo\":{\"@type\":\"ImageObject\",\"inLanguage\":\"pt-BR\",\"@id\":\"https:\\\/\\\/vanderloubet.com.br\\\/deputado\\\/#\\\/schema\\\/logo\\\/image\\\/\",\"url\":\"https:\\\/\\\/vanderloubet.com.br\\\/deputado\\\/wp-content\\\/uploads\\\/2023\\\/06\\\/foto-2023-06-19-mandato-deputado-vander.jpg\",\"contentUrl\":\"https:\\\/\\\/vanderloubet.com.br\\\/deputado\\\/wp-content\\\/uploads\\\/2023\\\/06\\\/foto-2023-06-19-mandato-deputado-vander.jpg\",\"width\":1080,\"height\":1080,\"caption\":\"Deputado Federal Vander Loubet\"},\"image\":{\"@id\":\"https:\\\/\\\/vanderloubet.com.br\\\/deputado\\\/#\\\/schema\\\/logo\\\/image\\\/\"},\"sameAs\":[\"https:\\\/\\\/facebook.com\\\/deputadovander\",\"https:\\\/\\\/x.com\\\/vanderloubet\",\"https:\\\/\\\/instagram.com\\\/vanderloubet\",\"https:\\\/\\\/youtube.com\\\/vanderloubet\",\"https:\\\/\\\/tiktok.com\\\/@vanderloubetms\"]},{\"@type\":\"Person\",\"@id\":\"https:\\\/\\\/vanderloubet.com.br\\\/deputado\\\/#\\\/schema\\\/person\\\/15b51bd564532a8a68d9dec1b8eb890e\",\"name\":\"\u00c9der\",\"image\":{\"@type\":\"ImageObject\",\"inLanguage\":\"pt-BR\",\"@id\":\"https:\\\/\\\/vanderloubet.com.br\\\/deputado\\\/wp-content\\\/litespeed\\\/avatar\\\/88ca4090d9d5ab1c9495f6ca03b68efa.jpg?ver=1777058957\",\"url\":\"https:\\\/\\\/vanderloubet.com.br\\\/deputado\\\/wp-content\\\/litespeed\\\/avatar\\\/88ca4090d9d5ab1c9495f6ca03b68efa.jpg?ver=1777058957\",\"contentUrl\":\"https:\\\/\\\/vanderloubet.com.br\\\/deputado\\\/wp-content\\\/litespeed\\\/avatar\\\/88ca4090d9d5ab1c9495f6ca03b68efa.jpg?ver=1777058957\",\"caption\":\"\u00c9der\"}}]}<\/script>\n<!-- \/ Yoast SEO plugin. -->","yoast_head_json":{"title":"Vander: PT se fortaleceu e atendeu anseios da sociedade","robots":{"index":"index","follow":"follow","max-snippet":"max-snippet:-1","max-image-preview":"max-image-preview:large","max-video-preview":"max-video-preview:-1"},"canonical":"https:\/\/vanderloubet.com.br\/deputado\/vander-pt-se-fortaleceu-e-atendeu-anseios-da-sociedade\/","og_locale":"pt_BR","og_type":"article","og_title":"Vander: PT se fortaleceu e atendeu anseios da sociedade","og_description":"Entre avan\u00e7os estatut\u00e1rios, Vander cita ado\u00e7\u00e3o da paridade de g\u00eanero, cota geracional e presen\u00e7a proporcional das etnias.","og_url":"https:\/\/vanderloubet.com.br\/deputado\/vander-pt-se-fortaleceu-e-atendeu-anseios-da-sociedade\/","og_site_name":"Deputado Federal Vander Loubet","article_publisher":"https:\/\/facebook.com\/deputadovander","article_published_time":"2011-09-06T11:00:44+00:00","og_image":[{"url":"http:\/\/www.deputadovander.com.br\/website\/wp-content\/uploads\/2010\/05\/foto-2010-05-27-vander-audiencias1-300x225.jpg","type":"","width":"","height":""}],"author":"\u00c9der","twitter_card":"summary_large_image","twitter_creator":"@vanderloubet","twitter_site":"@vanderloubet","schema":{"@context":"https:\/\/schema.org","@graph":[{"@type":"Article","@id":"https:\/\/vanderloubet.com.br\/deputado\/vander-pt-se-fortaleceu-e-atendeu-anseios-da-sociedade\/#article","isPartOf":{"@id":"https:\/\/vanderloubet.com.br\/deputado\/vander-pt-se-fortaleceu-e-atendeu-anseios-da-sociedade\/"},"author":{"name":"\u00c9der","@id":"https:\/\/vanderloubet.com.br\/deputado\/#\/schema\/person\/15b51bd564532a8a68d9dec1b8eb890e"},"headline":"Vander: PT se fortaleceu e atendeu anseios da sociedade","datePublished":"2011-09-06T11:00:44+00:00","mainEntityOfPage":{"@id":"https:\/\/vanderloubet.com.br\/deputado\/vander-pt-se-fortaleceu-e-atendeu-anseios-da-sociedade\/"},"wordCount":768,"publisher":{"@id":"https:\/\/vanderloubet.com.br\/deputado\/#organization"},"image":{"@id":"https:\/\/vanderloubet.com.br\/deputado\/vander-pt-se-fortaleceu-e-atendeu-anseios-da-sociedade\/#primaryimage"},"thumbnailUrl":"http:\/\/www.deputadovander.com.br\/website\/wp-content\/uploads\/2010\/05\/foto-2010-05-27-vander-audiencias1-300x225.jpg","keywords":["bras\u00edlia","congresso","deputado","diret\u00f3rio","estados","estatuto","eua","federal","imprensa","loubet","m\u00eddia","milit\u00e2ncia","militante","MS","PT","unidos","vander"],"articleSection":["Not\u00edcias"],"inLanguage":"pt-BR"},{"@type":"WebPage","@id":"https:\/\/vanderloubet.com.br\/deputado\/vander-pt-se-fortaleceu-e-atendeu-anseios-da-sociedade\/","url":"https:\/\/vanderloubet.com.br\/deputado\/vander-pt-se-fortaleceu-e-atendeu-anseios-da-sociedade\/","name":"Vander: PT se fortaleceu e atendeu anseios da sociedade","isPartOf":{"@id":"https:\/\/vanderloubet.com.br\/deputado\/#website"},"primaryImageOfPage":{"@id":"https:\/\/vanderloubet.com.br\/deputado\/vander-pt-se-fortaleceu-e-atendeu-anseios-da-sociedade\/#primaryimage"},"image":{"@id":"https:\/\/vanderloubet.com.br\/deputado\/vander-pt-se-fortaleceu-e-atendeu-anseios-da-sociedade\/#primaryimage"},"thumbnailUrl":"http:\/\/www.deputadovander.com.br\/website\/wp-content\/uploads\/2010\/05\/foto-2010-05-27-vander-audiencias1-300x225.jpg","datePublished":"2011-09-06T11:00:44+00:00","breadcrumb":{"@id":"https:\/\/vanderloubet.com.br\/deputado\/vander-pt-se-fortaleceu-e-atendeu-anseios-da-sociedade\/#breadcrumb"},"inLanguage":"pt-BR","potentialAction":[{"@type":"ReadAction","target":["https:\/\/vanderloubet.com.br\/deputado\/vander-pt-se-fortaleceu-e-atendeu-anseios-da-sociedade\/"]}]},{"@type":"ImageObject","inLanguage":"pt-BR","@id":"https:\/\/vanderloubet.com.br\/deputado\/vander-pt-se-fortaleceu-e-atendeu-anseios-da-sociedade\/#primaryimage","url":"http:\/\/www.deputadovander.com.br\/website\/wp-content\/uploads\/2010\/05\/foto-2010-05-27-vander-audiencias1-300x225.jpg","contentUrl":"http:\/\/www.deputadovander.com.br\/website\/wp-content\/uploads\/2010\/05\/foto-2010-05-27-vander-audiencias1-300x225.jpg"},{"@type":"BreadcrumbList","@id":"https:\/\/vanderloubet.com.br\/deputado\/vander-pt-se-fortaleceu-e-atendeu-anseios-da-sociedade\/#breadcrumb","itemListElement":[{"@type":"ListItem","position":1,"name":"In\u00edcio","item":"https:\/\/vanderloubet.com.br\/deputado\/"},{"@type":"ListItem","position":2,"name":"Vander: PT se fortaleceu e atendeu anseios da sociedade"}]},{"@type":"WebSite","@id":"https:\/\/vanderloubet.com.br\/deputado\/#website","url":"https:\/\/vanderloubet.com.br\/deputado\/","name":"Deputado Federal Vander Loubet","description":"O Federal de MS","publisher":{"@id":"https:\/\/vanderloubet.com.br\/deputado\/#organization"},"alternateName":"Deputado Vander","potentialAction":[{"@type":"SearchAction","target":{"@type":"EntryPoint","urlTemplate":"https:\/\/vanderloubet.com.br\/deputado\/?s={search_term_string}"},"query-input":{"@type":"PropertyValueSpecification","valueRequired":true,"valueName":"search_term_string"}}],"inLanguage":"pt-BR"},{"@type":"Organization","@id":"https:\/\/vanderloubet.com.br\/deputado\/#organization","name":"Deputado Federal Vander Loubet","alternateName":"Deputado Vander","url":"https:\/\/vanderloubet.com.br\/deputado\/","logo":{"@type":"ImageObject","inLanguage":"pt-BR","@id":"https:\/\/vanderloubet.com.br\/deputado\/#\/schema\/logo\/image\/","url":"https:\/\/vanderloubet.com.br\/deputado\/wp-content\/uploads\/2023\/06\/foto-2023-06-19-mandato-deputado-vander.jpg","contentUrl":"https:\/\/vanderloubet.com.br\/deputado\/wp-content\/uploads\/2023\/06\/foto-2023-06-19-mandato-deputado-vander.jpg","width":1080,"height":1080,"caption":"Deputado Federal Vander Loubet"},"image":{"@id":"https:\/\/vanderloubet.com.br\/deputado\/#\/schema\/logo\/image\/"},"sameAs":["https:\/\/facebook.com\/deputadovander","https:\/\/x.com\/vanderloubet","https:\/\/instagram.com\/vanderloubet","https:\/\/youtube.com\/vanderloubet","https:\/\/tiktok.com\/@vanderloubetms"]},{"@type":"Person","@id":"https:\/\/vanderloubet.com.br\/deputado\/#\/schema\/person\/15b51bd564532a8a68d9dec1b8eb890e","name":"\u00c9der","image":{"@type":"ImageObject","inLanguage":"pt-BR","@id":"https:\/\/vanderloubet.com.br\/deputado\/wp-content\/litespeed\/avatar\/88ca4090d9d5ab1c9495f6ca03b68efa.jpg?ver=1777058957","url":"https:\/\/vanderloubet.com.br\/deputado\/wp-content\/litespeed\/avatar\/88ca4090d9d5ab1c9495f6ca03b68efa.jpg?ver=1777058957","contentUrl":"https:\/\/vanderloubet.com.br\/deputado\/wp-content\/litespeed\/avatar\/88ca4090d9d5ab1c9495f6ca03b68efa.jpg?ver=1777058957","caption":"\u00c9der"}}]}},"jetpack_featured_media_url":"","jetpack_sharing_enabled":true,"_links":{"self":[{"href":"https:\/\/vanderloubet.com.br\/deputado\/wp-json\/wp\/v2\/posts\/3691","targetHints":{"allow":["GET"]}}],"collection":[{"href":"https:\/\/vanderloubet.com.br\/deputado\/wp-json\/wp\/v2\/posts"}],"about":[{"href":"https:\/\/vanderloubet.com.br\/deputado\/wp-json\/wp\/v2\/types\/post"}],"author":[{"embeddable":true,"href":"https:\/\/vanderloubet.com.br\/deputado\/wp-json\/wp\/v2\/users\/2"}],"replies":[{"embeddable":true,"href":"https:\/\/vanderloubet.com.br\/deputado\/wp-json\/wp\/v2\/comments?post=3691"}],"version-history":[{"count":0,"href":"https:\/\/vanderloubet.com.br\/deputado\/wp-json\/wp\/v2\/posts\/3691\/revisions"}],"wp:attachment":[{"href":"https:\/\/vanderloubet.com.br\/deputado\/wp-json\/wp\/v2\/media?parent=3691"}],"wp:term":[{"taxonomy":"category","embeddable":true,"href":"https:\/\/vanderloubet.com.br\/deputado\/wp-json\/wp\/v2\/categories?post=3691"},{"taxonomy":"post_tag","embeddable":true,"href":"https:\/\/vanderloubet.com.br\/deputado\/wp-json\/wp\/v2\/tags?post=3691"}],"curies":[{"name":"wp","href":"https:\/\/api.w.org\/{rel}","templated":true}]}}