{"id":3676,"date":"2011-08-30T10:48:19","date_gmt":"2011-08-30T14:48:19","guid":{"rendered":"http:\/\/www.deputadovander.com.br\/website\/?p=3676"},"modified":"2011-08-30T10:48:19","modified_gmt":"2011-08-30T14:48:19","slug":"bancada-deve-fazer-mutirao-para-garantir-recursos-federais-a-ms","status":"publish","type":"post","link":"https:\/\/vanderloubet.com.br\/deputado\/bancada-deve-fazer-mutirao-para-garantir-recursos-federais-a-ms\/","title":{"rendered":"Bancada deve fazer mutir\u00e3o para garantir recursos federais a MS"},"content":{"rendered":"<p style=\"text-align: center;\"><figure id=\"attachment_3677\" aria-describedby=\"caption-attachment-3677\" style=\"width: 400px\" class=\"wp-caption aligncenter\"><a href=\"http:\/\/www.deputadovander.com.br\/website\/wp-content\/uploads\/2011\/08\/foto-2011-08-30-reuniao-bancada-caixa.jpg\" target=\"_blank\"><img decoding=\"async\" class=\"size-medium wp-image-3677 \" title=\"foto-2011-08-30-reuniao-bancada-caixa\" src=\"http:\/\/www.deputadovander.com.br\/website\/wp-content\/uploads\/2011\/08\/foto-2011-08-30-reuniao-bancada-caixa-400x300.jpg\" alt=\"Bancada federal e t\u00e9cnicos na Superintend\u00eancia da Caixa em MS (foto: Chico Ribeiro)\" width=\"400\" height=\"300\" \/><\/a><figcaption id=\"caption-attachment-3677\" class=\"wp-caption-text\">Bancada federal e t\u00e9cnicos na Superintend\u00eancia da Caixa em MS (foto: Chico Ribeiro)<\/figcaption><\/figure><\/p>\n<p>Em reuni\u00e3o realizada nesta segunda-feira (29) com o superintendente da Caixa Econ\u00f4mica Federal (CEF), Paulo Antunes, a bancada federal de Mato Grosso do Sul decidiu promover um mutir\u00e3o entre deputados, senadores e prefeitos para evitar a perda de recursos inseridos no Or\u00e7amento Geral da Uni\u00e3o (OGU) de 2010. O deputado federal Vander Loubet (PT-MS) foi representado pelo assessor Sandro Omar dos Santos.<\/p>\n<p>Na conversa, concluiu-se que os projetos pendentes, com recursos inseridos no Or\u00e7amento da Uni\u00e3o nos anos 2007 a 2009, os chamados &#8220;restos a pagar&#8221;, s\u00e3o poucos. A maioria foi regularizada e os projetos est\u00e3o garantidos. Essa maioria foi &#8220;salva&#8221; por um mutir\u00e3o feito pelos parlamentares e prefeitos no primeiro semestre deste ano, faltando ser liberados R$ 17 milh\u00f5es, referentes a obras j\u00e1 iniciadas.<\/p>\n<p>A preocupa\u00e7\u00e3o da bancada agora \u00e9 com os projetos relativos ao OGU de 2010. A id\u00e9ia dos parlamentares \u00e9 fazer um novo mutir\u00e3o para que os projetos referentes a emendas do ano passado sejam priorizados, com todos os problemas sanados a fim de que os munic\u00edpios n\u00e3o sofram com a suspens\u00e3o de recursos importantes. Muitas das obras que n\u00e3o come\u00e7aram ainda t\u00eam situa\u00e7\u00f5es pendentes, como a falta de documentos a serem apresentados pelas prefeituras, falhas nos projetos e at\u00e9 falta de licen\u00e7a ambiental.<\/p>\n<p>O mutir\u00e3o para desentravar projetos garantidos pelo Or\u00e7amento de 2010 tamb\u00e9m foi bem aceita pela Associa\u00e7\u00e3o dos Munic\u00edpios de Mato Grosso do Sul (Assomasul), que vai trabalhar junto aos munic\u00edpios a fim de auxiliar os prefeitos a sanar todas as irregularidades.<\/p>\n<p><span style=\"font-size: 11px;\">(fonte: Assecom\/Deputado Geraldo Resende)<\/span><\/p>\n","protected":false},"excerpt":{"rendered":"<p>Proposta foi definida durante reuni\u00e3o da bancada federal de MS na Superintend\u00eancia da Caixa Econ\u00f4mica Federal.<\/p>\n","protected":false},"author":2,"featured_media":0,"comment_status":"closed","ping_status":"open","sticky":false,"template":"","format":"standard","meta":{"jetpack_post_was_ever_published":false,"_jetpack_newsletter_access":"","_jetpack_dont_email_post_to_subs":false,"_jetpack_newsletter_tier_id":0,"_jetpack_memberships_contains_paywalled_content":false,"_jetpack_memberships_contains_paid_content":false,"footnotes":""},"categories":[10],"tags":[148,236,324,608,687,807,908,942,1178,1246,1336,1415,1433,1502,1902,1903,2006,2033],"class_list":{"0":"post-3676","1":"post","2":"type-post","3":"status-publish","4":"format-standard","6":"category-noticias","7":"tag-antunes","8":"tag-bancada","9":"tag-caixa","10":"tag-deputado","11":"tag-economica","12":"tag-federal","13":"tag-geral","14":"tag-grosso","15":"tag-loubet","16":"tag-mato","17":"tag-ms","18":"tag-ogu","19":"tag-orcamento","20":"tag-paulo","21":"tag-sul","22":"tag-superintendencia","23":"tag-uniao","24":"tag-vander"},"yoast_head":"<!-- This site is optimized with the Yoast SEO plugin v27.4 - https:\/\/yoast.com\/product\/yoast-seo-wordpress\/ -->\n<title>Bancada deve fazer mutir\u00e3o para garantir recursos federais a MS<\/title>\n<meta name=\"robots\" content=\"index, follow, max-snippet:-1, max-image-preview:large, max-video-preview:-1\" \/>\n<link rel=\"canonical\" href=\"https:\/\/vanderloubet.com.br\/deputado\/bancada-deve-fazer-mutirao-para-garantir-recursos-federais-a-ms\/\" \/>\n<meta property=\"og:locale\" content=\"pt_BR\" \/>\n<meta property=\"og:type\" content=\"article\" \/>\n<meta property=\"og:title\" content=\"Bancada deve fazer mutir\u00e3o para garantir recursos federais a MS\" \/>\n<meta property=\"og:description\" content=\"Proposta foi definida durante reuni\u00e3o da bancada federal de MS na Superintend\u00eancia da Caixa Econ\u00f4mica Federal.\" \/>\n<meta property=\"og:url\" content=\"https:\/\/vanderloubet.com.br\/deputado\/bancada-deve-fazer-mutirao-para-garantir-recursos-federais-a-ms\/\" \/>\n<meta property=\"og:site_name\" content=\"Deputado Federal Vander Loubet\" \/>\n<meta property=\"article:publisher\" content=\"https:\/\/facebook.com\/deputadovander\" \/>\n<meta property=\"article:published_time\" content=\"2011-08-30T14:48:19+00:00\" \/>\n<meta property=\"og:image\" content=\"http:\/\/www.deputadovander.com.br\/website\/wp-content\/uploads\/2011\/08\/foto-2011-08-30-reuniao-bancada-caixa-400x300.jpg\" \/>\n<meta name=\"author\" content=\"\u00c9der\" \/>\n<meta name=\"twitter:card\" content=\"summary_large_image\" \/>\n<meta name=\"twitter:creator\" content=\"@vanderloubet\" \/>\n<meta name=\"twitter:site\" content=\"@vanderloubet\" \/>\n<script type=\"application\/ld+json\" class=\"yoast-schema-graph\">{\"@context\":\"https:\\\/\\\/schema.org\",\"@graph\":[{\"@type\":\"Article\",\"@id\":\"https:\\\/\\\/vanderloubet.com.br\\\/deputado\\\/bancada-deve-fazer-mutirao-para-garantir-recursos-federais-a-ms\\\/#article\",\"isPartOf\":{\"@id\":\"https:\\\/\\\/vanderloubet.com.br\\\/deputado\\\/bancada-deve-fazer-mutirao-para-garantir-recursos-federais-a-ms\\\/\"},\"author\":{\"name\":\"\u00c9der\",\"@id\":\"https:\\\/\\\/vanderloubet.com.br\\\/deputado\\\/#\\\/schema\\\/person\\\/15b51bd564532a8a68d9dec1b8eb890e\"},\"headline\":\"Bancada deve fazer mutir\u00e3o para garantir recursos federais a MS\",\"datePublished\":\"2011-08-30T14:48:19+00:00\",\"mainEntityOfPage\":{\"@id\":\"https:\\\/\\\/vanderloubet.com.br\\\/deputado\\\/bancada-deve-fazer-mutirao-para-garantir-recursos-federais-a-ms\\\/\"},\"wordCount\":307,\"publisher\":{\"@id\":\"https:\\\/\\\/vanderloubet.com.br\\\/deputado\\\/#organization\"},\"image\":{\"@id\":\"https:\\\/\\\/vanderloubet.com.br\\\/deputado\\\/bancada-deve-fazer-mutirao-para-garantir-recursos-federais-a-ms\\\/#primaryimage\"},\"thumbnailUrl\":\"http:\\\/\\\/www.deputadovander.com.br\\\/website\\\/wp-content\\\/uploads\\\/2011\\\/08\\\/foto-2011-08-30-reuniao-bancada-caixa-400x300.jpg\",\"keywords\":[\"antunes\",\"bancada\",\"caixa\",\"deputado\",\"econ\u00f4mica\",\"federal\",\"geral\",\"grosso\",\"loubet\",\"mato\",\"MS\",\"ogu\",\"or\u00e7amento\",\"paulo\",\"sul\",\"superintend\u00eancia\",\"uni\u00e3o\",\"vander\"],\"articleSection\":[\"Not\u00edcias\"],\"inLanguage\":\"pt-BR\"},{\"@type\":\"WebPage\",\"@id\":\"https:\\\/\\\/vanderloubet.com.br\\\/deputado\\\/bancada-deve-fazer-mutirao-para-garantir-recursos-federais-a-ms\\\/\",\"url\":\"https:\\\/\\\/vanderloubet.com.br\\\/deputado\\\/bancada-deve-fazer-mutirao-para-garantir-recursos-federais-a-ms\\\/\",\"name\":\"Bancada deve fazer mutir\u00e3o para garantir recursos federais a MS\",\"isPartOf\":{\"@id\":\"https:\\\/\\\/vanderloubet.com.br\\\/deputado\\\/#website\"},\"primaryImageOfPage\":{\"@id\":\"https:\\\/\\\/vanderloubet.com.br\\\/deputado\\\/bancada-deve-fazer-mutirao-para-garantir-recursos-federais-a-ms\\\/#primaryimage\"},\"image\":{\"@id\":\"https:\\\/\\\/vanderloubet.com.br\\\/deputado\\\/bancada-deve-fazer-mutirao-para-garantir-recursos-federais-a-ms\\\/#primaryimage\"},\"thumbnailUrl\":\"http:\\\/\\\/www.deputadovander.com.br\\\/website\\\/wp-content\\\/uploads\\\/2011\\\/08\\\/foto-2011-08-30-reuniao-bancada-caixa-400x300.jpg\",\"datePublished\":\"2011-08-30T14:48:19+00:00\",\"breadcrumb\":{\"@id\":\"https:\\\/\\\/vanderloubet.com.br\\\/deputado\\\/bancada-deve-fazer-mutirao-para-garantir-recursos-federais-a-ms\\\/#breadcrumb\"},\"inLanguage\":\"pt-BR\",\"potentialAction\":[{\"@type\":\"ReadAction\",\"target\":[\"https:\\\/\\\/vanderloubet.com.br\\\/deputado\\\/bancada-deve-fazer-mutirao-para-garantir-recursos-federais-a-ms\\\/\"]}]},{\"@type\":\"ImageObject\",\"inLanguage\":\"pt-BR\",\"@id\":\"https:\\\/\\\/vanderloubet.com.br\\\/deputado\\\/bancada-deve-fazer-mutirao-para-garantir-recursos-federais-a-ms\\\/#primaryimage\",\"url\":\"http:\\\/\\\/www.deputadovander.com.br\\\/website\\\/wp-content\\\/uploads\\\/2011\\\/08\\\/foto-2011-08-30-reuniao-bancada-caixa-400x300.jpg\",\"contentUrl\":\"http:\\\/\\\/www.deputadovander.com.br\\\/website\\\/wp-content\\\/uploads\\\/2011\\\/08\\\/foto-2011-08-30-reuniao-bancada-caixa-400x300.jpg\"},{\"@type\":\"BreadcrumbList\",\"@id\":\"https:\\\/\\\/vanderloubet.com.br\\\/deputado\\\/bancada-deve-fazer-mutirao-para-garantir-recursos-federais-a-ms\\\/#breadcrumb\",\"itemListElement\":[{\"@type\":\"ListItem\",\"position\":1,\"name\":\"In\u00edcio\",\"item\":\"https:\\\/\\\/vanderloubet.com.br\\\/deputado\\\/\"},{\"@type\":\"ListItem\",\"position\":2,\"name\":\"Bancada deve fazer mutir\u00e3o para garantir recursos federais a MS\"}]},{\"@type\":\"WebSite\",\"@id\":\"https:\\\/\\\/vanderloubet.com.br\\\/deputado\\\/#website\",\"url\":\"https:\\\/\\\/vanderloubet.com.br\\\/deputado\\\/\",\"name\":\"Deputado Federal Vander Loubet\",\"description\":\"O Federal de MS\",\"publisher\":{\"@id\":\"https:\\\/\\\/vanderloubet.com.br\\\/deputado\\\/#organization\"},\"alternateName\":\"Deputado Vander\",\"potentialAction\":[{\"@type\":\"SearchAction\",\"target\":{\"@type\":\"EntryPoint\",\"urlTemplate\":\"https:\\\/\\\/vanderloubet.com.br\\\/deputado\\\/?s={search_term_string}\"},\"query-input\":{\"@type\":\"PropertyValueSpecification\",\"valueRequired\":true,\"valueName\":\"search_term_string\"}}],\"inLanguage\":\"pt-BR\"},{\"@type\":\"Organization\",\"@id\":\"https:\\\/\\\/vanderloubet.com.br\\\/deputado\\\/#organization\",\"name\":\"Deputado Federal Vander Loubet\",\"alternateName\":\"Deputado Vander\",\"url\":\"https:\\\/\\\/vanderloubet.com.br\\\/deputado\\\/\",\"logo\":{\"@type\":\"ImageObject\",\"inLanguage\":\"pt-BR\",\"@id\":\"https:\\\/\\\/vanderloubet.com.br\\\/deputado\\\/#\\\/schema\\\/logo\\\/image\\\/\",\"url\":\"https:\\\/\\\/vanderloubet.com.br\\\/deputado\\\/wp-content\\\/uploads\\\/2023\\\/06\\\/foto-2023-06-19-mandato-deputado-vander.jpg\",\"contentUrl\":\"https:\\\/\\\/vanderloubet.com.br\\\/deputado\\\/wp-content\\\/uploads\\\/2023\\\/06\\\/foto-2023-06-19-mandato-deputado-vander.jpg\",\"width\":1080,\"height\":1080,\"caption\":\"Deputado Federal Vander Loubet\"},\"image\":{\"@id\":\"https:\\\/\\\/vanderloubet.com.br\\\/deputado\\\/#\\\/schema\\\/logo\\\/image\\\/\"},\"sameAs\":[\"https:\\\/\\\/facebook.com\\\/deputadovander\",\"https:\\\/\\\/x.com\\\/vanderloubet\",\"https:\\\/\\\/instagram.com\\\/vanderloubet\",\"https:\\\/\\\/youtube.com\\\/vanderloubet\",\"https:\\\/\\\/tiktok.com\\\/@vanderloubetms\"]},{\"@type\":\"Person\",\"@id\":\"https:\\\/\\\/vanderloubet.com.br\\\/deputado\\\/#\\\/schema\\\/person\\\/15b51bd564532a8a68d9dec1b8eb890e\",\"name\":\"\u00c9der\",\"image\":{\"@type\":\"ImageObject\",\"inLanguage\":\"pt-BR\",\"@id\":\"https:\\\/\\\/vanderloubet.com.br\\\/deputado\\\/wp-content\\\/litespeed\\\/avatar\\\/88ca4090d9d5ab1c9495f6ca03b68efa.jpg?ver=1777058957\",\"url\":\"https:\\\/\\\/vanderloubet.com.br\\\/deputado\\\/wp-content\\\/litespeed\\\/avatar\\\/88ca4090d9d5ab1c9495f6ca03b68efa.jpg?ver=1777058957\",\"contentUrl\":\"https:\\\/\\\/vanderloubet.com.br\\\/deputado\\\/wp-content\\\/litespeed\\\/avatar\\\/88ca4090d9d5ab1c9495f6ca03b68efa.jpg?ver=1777058957\",\"caption\":\"\u00c9der\"}}]}<\/script>\n<!-- \/ Yoast SEO plugin. -->","yoast_head_json":{"title":"Bancada deve fazer mutir\u00e3o para garantir recursos federais a MS","robots":{"index":"index","follow":"follow","max-snippet":"max-snippet:-1","max-image-preview":"max-image-preview:large","max-video-preview":"max-video-preview:-1"},"canonical":"https:\/\/vanderloubet.com.br\/deputado\/bancada-deve-fazer-mutirao-para-garantir-recursos-federais-a-ms\/","og_locale":"pt_BR","og_type":"article","og_title":"Bancada deve fazer mutir\u00e3o para garantir recursos federais a MS","og_description":"Proposta foi definida durante reuni\u00e3o da bancada federal de MS na Superintend\u00eancia da Caixa Econ\u00f4mica Federal.","og_url":"https:\/\/vanderloubet.com.br\/deputado\/bancada-deve-fazer-mutirao-para-garantir-recursos-federais-a-ms\/","og_site_name":"Deputado Federal Vander Loubet","article_publisher":"https:\/\/facebook.com\/deputadovander","article_published_time":"2011-08-30T14:48:19+00:00","og_image":[{"url":"http:\/\/www.deputadovander.com.br\/website\/wp-content\/uploads\/2011\/08\/foto-2011-08-30-reuniao-bancada-caixa-400x300.jpg","type":"","width":"","height":""}],"author":"\u00c9der","twitter_card":"summary_large_image","twitter_creator":"@vanderloubet","twitter_site":"@vanderloubet","schema":{"@context":"https:\/\/schema.org","@graph":[{"@type":"Article","@id":"https:\/\/vanderloubet.com.br\/deputado\/bancada-deve-fazer-mutirao-para-garantir-recursos-federais-a-ms\/#article","isPartOf":{"@id":"https:\/\/vanderloubet.com.br\/deputado\/bancada-deve-fazer-mutirao-para-garantir-recursos-federais-a-ms\/"},"author":{"name":"\u00c9der","@id":"https:\/\/vanderloubet.com.br\/deputado\/#\/schema\/person\/15b51bd564532a8a68d9dec1b8eb890e"},"headline":"Bancada deve fazer mutir\u00e3o para garantir recursos federais a MS","datePublished":"2011-08-30T14:48:19+00:00","mainEntityOfPage":{"@id":"https:\/\/vanderloubet.com.br\/deputado\/bancada-deve-fazer-mutirao-para-garantir-recursos-federais-a-ms\/"},"wordCount":307,"publisher":{"@id":"https:\/\/vanderloubet.com.br\/deputado\/#organization"},"image":{"@id":"https:\/\/vanderloubet.com.br\/deputado\/bancada-deve-fazer-mutirao-para-garantir-recursos-federais-a-ms\/#primaryimage"},"thumbnailUrl":"http:\/\/www.deputadovander.com.br\/website\/wp-content\/uploads\/2011\/08\/foto-2011-08-30-reuniao-bancada-caixa-400x300.jpg","keywords":["antunes","bancada","caixa","deputado","econ\u00f4mica","federal","geral","grosso","loubet","mato","MS","ogu","or\u00e7amento","paulo","sul","superintend\u00eancia","uni\u00e3o","vander"],"articleSection":["Not\u00edcias"],"inLanguage":"pt-BR"},{"@type":"WebPage","@id":"https:\/\/vanderloubet.com.br\/deputado\/bancada-deve-fazer-mutirao-para-garantir-recursos-federais-a-ms\/","url":"https:\/\/vanderloubet.com.br\/deputado\/bancada-deve-fazer-mutirao-para-garantir-recursos-federais-a-ms\/","name":"Bancada deve fazer mutir\u00e3o para garantir recursos federais a MS","isPartOf":{"@id":"https:\/\/vanderloubet.com.br\/deputado\/#website"},"primaryImageOfPage":{"@id":"https:\/\/vanderloubet.com.br\/deputado\/bancada-deve-fazer-mutirao-para-garantir-recursos-federais-a-ms\/#primaryimage"},"image":{"@id":"https:\/\/vanderloubet.com.br\/deputado\/bancada-deve-fazer-mutirao-para-garantir-recursos-federais-a-ms\/#primaryimage"},"thumbnailUrl":"http:\/\/www.deputadovander.com.br\/website\/wp-content\/uploads\/2011\/08\/foto-2011-08-30-reuniao-bancada-caixa-400x300.jpg","datePublished":"2011-08-30T14:48:19+00:00","breadcrumb":{"@id":"https:\/\/vanderloubet.com.br\/deputado\/bancada-deve-fazer-mutirao-para-garantir-recursos-federais-a-ms\/#breadcrumb"},"inLanguage":"pt-BR","potentialAction":[{"@type":"ReadAction","target":["https:\/\/vanderloubet.com.br\/deputado\/bancada-deve-fazer-mutirao-para-garantir-recursos-federais-a-ms\/"]}]},{"@type":"ImageObject","inLanguage":"pt-BR","@id":"https:\/\/vanderloubet.com.br\/deputado\/bancada-deve-fazer-mutirao-para-garantir-recursos-federais-a-ms\/#primaryimage","url":"http:\/\/www.deputadovander.com.br\/website\/wp-content\/uploads\/2011\/08\/foto-2011-08-30-reuniao-bancada-caixa-400x300.jpg","contentUrl":"http:\/\/www.deputadovander.com.br\/website\/wp-content\/uploads\/2011\/08\/foto-2011-08-30-reuniao-bancada-caixa-400x300.jpg"},{"@type":"BreadcrumbList","@id":"https:\/\/vanderloubet.com.br\/deputado\/bancada-deve-fazer-mutirao-para-garantir-recursos-federais-a-ms\/#breadcrumb","itemListElement":[{"@type":"ListItem","position":1,"name":"In\u00edcio","item":"https:\/\/vanderloubet.com.br\/deputado\/"},{"@type":"ListItem","position":2,"name":"Bancada deve fazer mutir\u00e3o para garantir recursos federais a MS"}]},{"@type":"WebSite","@id":"https:\/\/vanderloubet.com.br\/deputado\/#website","url":"https:\/\/vanderloubet.com.br\/deputado\/","name":"Deputado Federal Vander Loubet","description":"O Federal de MS","publisher":{"@id":"https:\/\/vanderloubet.com.br\/deputado\/#organization"},"alternateName":"Deputado Vander","potentialAction":[{"@type":"SearchAction","target":{"@type":"EntryPoint","urlTemplate":"https:\/\/vanderloubet.com.br\/deputado\/?s={search_term_string}"},"query-input":{"@type":"PropertyValueSpecification","valueRequired":true,"valueName":"search_term_string"}}],"inLanguage":"pt-BR"},{"@type":"Organization","@id":"https:\/\/vanderloubet.com.br\/deputado\/#organization","name":"Deputado Federal Vander Loubet","alternateName":"Deputado Vander","url":"https:\/\/vanderloubet.com.br\/deputado\/","logo":{"@type":"ImageObject","inLanguage":"pt-BR","@id":"https:\/\/vanderloubet.com.br\/deputado\/#\/schema\/logo\/image\/","url":"https:\/\/vanderloubet.com.br\/deputado\/wp-content\/uploads\/2023\/06\/foto-2023-06-19-mandato-deputado-vander.jpg","contentUrl":"https:\/\/vanderloubet.com.br\/deputado\/wp-content\/uploads\/2023\/06\/foto-2023-06-19-mandato-deputado-vander.jpg","width":1080,"height":1080,"caption":"Deputado Federal Vander Loubet"},"image":{"@id":"https:\/\/vanderloubet.com.br\/deputado\/#\/schema\/logo\/image\/"},"sameAs":["https:\/\/facebook.com\/deputadovander","https:\/\/x.com\/vanderloubet","https:\/\/instagram.com\/vanderloubet","https:\/\/youtube.com\/vanderloubet","https:\/\/tiktok.com\/@vanderloubetms"]},{"@type":"Person","@id":"https:\/\/vanderloubet.com.br\/deputado\/#\/schema\/person\/15b51bd564532a8a68d9dec1b8eb890e","name":"\u00c9der","image":{"@type":"ImageObject","inLanguage":"pt-BR","@id":"https:\/\/vanderloubet.com.br\/deputado\/wp-content\/litespeed\/avatar\/88ca4090d9d5ab1c9495f6ca03b68efa.jpg?ver=1777058957","url":"https:\/\/vanderloubet.com.br\/deputado\/wp-content\/litespeed\/avatar\/88ca4090d9d5ab1c9495f6ca03b68efa.jpg?ver=1777058957","contentUrl":"https:\/\/vanderloubet.com.br\/deputado\/wp-content\/litespeed\/avatar\/88ca4090d9d5ab1c9495f6ca03b68efa.jpg?ver=1777058957","caption":"\u00c9der"}}]}},"jetpack_featured_media_url":"","jetpack_sharing_enabled":true,"_links":{"self":[{"href":"https:\/\/vanderloubet.com.br\/deputado\/wp-json\/wp\/v2\/posts\/3676","targetHints":{"allow":["GET"]}}],"collection":[{"href":"https:\/\/vanderloubet.com.br\/deputado\/wp-json\/wp\/v2\/posts"}],"about":[{"href":"https:\/\/vanderloubet.com.br\/deputado\/wp-json\/wp\/v2\/types\/post"}],"author":[{"embeddable":true,"href":"https:\/\/vanderloubet.com.br\/deputado\/wp-json\/wp\/v2\/users\/2"}],"replies":[{"embeddable":true,"href":"https:\/\/vanderloubet.com.br\/deputado\/wp-json\/wp\/v2\/comments?post=3676"}],"version-history":[{"count":0,"href":"https:\/\/vanderloubet.com.br\/deputado\/wp-json\/wp\/v2\/posts\/3676\/revisions"}],"wp:attachment":[{"href":"https:\/\/vanderloubet.com.br\/deputado\/wp-json\/wp\/v2\/media?parent=3676"}],"wp:term":[{"taxonomy":"category","embeddable":true,"href":"https:\/\/vanderloubet.com.br\/deputado\/wp-json\/wp\/v2\/categories?post=3676"},{"taxonomy":"post_tag","embeddable":true,"href":"https:\/\/vanderloubet.com.br\/deputado\/wp-json\/wp\/v2\/tags?post=3676"}],"curies":[{"name":"wp","href":"https:\/\/api.w.org\/{rel}","templated":true}]}}