{"id":3666,"date":"2011-08-26T06:06:38","date_gmt":"2011-08-26T10:06:38","guid":{"rendered":"http:\/\/www.deputadovander.com.br\/website\/?p=3666"},"modified":"2011-08-26T06:06:38","modified_gmt":"2011-08-26T10:06:38","slug":"roseli-loubet-e-homenageada-com-titulo-de-cidada-campo-grandense","status":"publish","type":"post","link":"https:\/\/vanderloubet.com.br\/deputado\/roseli-loubet-e-homenageada-com-titulo-de-cidada-campo-grandense\/","title":{"rendered":"Roseli Loubet \u00e9 homenageada com t\u00edtulo de Cidad\u00e3 Campo-Grandense"},"content":{"rendered":"<p style=\"text-align: center;\"><figure id=\"attachment_3667\" aria-describedby=\"caption-attachment-3667\" style=\"width: 400px\" class=\"wp-caption aligncenter\"><a href=\"http:\/\/www.deputadovander.com.br\/website\/wp-content\/uploads\/2011\/08\/foto-2011-08-26-roseli-loubet.jpg\" target=\"_blank\"><img decoding=\"async\" class=\"size-medium wp-image-3667 \" title=\"foto-2011-08-26-roseli-loubet\" src=\"http:\/\/www.deputadovander.com.br\/website\/wp-content\/uploads\/2011\/08\/foto-2011-08-26-roseli-loubet-400x266.jpg\" alt=\"Roseli Loubet, ap\u00f3s receber o t\u00edtulo de Cidad\u00e3 Campo-Grandense\" width=\"400\" height=\"266\" \/><\/a><figcaption id=\"caption-attachment-3667\" class=\"wp-caption-text\">Roseli Loubet, ap\u00f3s receber o t\u00edtulo de Cidad\u00e3 Campo-Grandense<\/figcaption><\/figure><\/p>\n<p>Em sess\u00e3o solene realizada na noite da \u00faltima quinta-feira (25) para comemorar o anivers\u00e1rio de Campo Grande, no Centro de Conven\u00e7\u00f5es Rubens Gil de Camillo, a C\u00e2mara Municipal entregou a diversas personalidades o t\u00edtulo de Cidad\u00e3o Campo-Grandense e a medalha do M\u00e9rito Legislativo. Roseli da Cruz Loubet foi homenageada pelo vereador Alex (PT) com o t\u00edtulo de Cidad\u00e3 Campo-Grandense, conforme o Decreto Legislativo 1.462\/11.<\/p>\n<p>A homenageada \u00e9 formada em Pedagogia pela Faculdade de F\u00e1tima do Sul. Natural de Caarap\u00f3 (MS), \u00e9 casada com o deputado federal Vander Loubet (PT-MS), com quem t\u00eam dois filhos: Tamara e Bernardo.<\/p>\n<p>Come\u00e7ou a trabalhar aos 16 anos no com\u00e9rcio em F\u00e1tima do Sul. Em 1988, passou em concurso p\u00fablico do Banco do Brasil para trabalhar no munic\u00edpio de Porto Murtinho. Em 1991 veio para Campo Grande. Ao longo dessa trajet\u00f3ria, sempre participou ativamente das mobiliza\u00e7\u00f5es trabalhistas e populares em defesa de direitos leg\u00edtimos e essenciais \u00e0 dignidade humana.<\/p>\n<p>Foi diretora do Sindicato dos Banc\u00e1rios por 12 anos, onde esteve permanentemente engajada nas campanhas e atividades direcionadas por seus ideais humanistas, conciliando suas aptid\u00f5es para diferentes desafios que se completam na intui\u00e7\u00e3o, na intelig\u00eancia e na responsabilidade de esposa e de m\u00e3e.<\/p>\n<p>Humanista, participou de diversas conquistas para o munic\u00edpio de Campo Grande, seja na busca de investimentos para realiza\u00e7\u00e3o de obras de infraestrutura, seja com o apoio, a presen\u00e7a e a participa\u00e7\u00e3o nas in\u00fameras interven\u00e7\u00f5es que dizem respeito aos interesses da coletividade.<\/p>\n<p><span style=\"font-size: 11px;\">(Assessoria de Comunica\u00e7\u00e3o\/Deputado Vander)<\/span><\/p>\n","protected":false},"excerpt":{"rendered":"<p>Esposa do deputado Vander Loubet foi homenageada pelo vereador Alex (PT) em sess\u00e3o solene da C\u00e2mara Municipal.<\/p>\n","protected":false},"author":2,"featured_media":0,"comment_status":"closed","ping_status":"open","sticky":false,"template":"","format":"standard","meta":{"jetpack_post_was_ever_published":false,"_jetpack_newsletter_access":"","_jetpack_dont_email_post_to_subs":false,"_jetpack_newsletter_tier_id":0,"_jetpack_memberships_contains_paywalled_content":false,"_jetpack_memberships_contains_paid_content":false,"footnotes":""},"categories":[10],"tags":[93,332,341,440,557,608,807,936,1178,1336,1345,1655,1755,1952,2033,2047],"class_list":{"0":"post-3666","1":"post","2":"type-post","3":"status-publish","4":"format-standard","6":"category-noticias","7":"tag-alex","8":"tag-camara","9":"tag-campo","10":"tag-cidadao","11":"tag-cruz","12":"tag-deputado","13":"tag-federal","14":"tag-grande","15":"tag-loubet","16":"tag-ms","17":"tag-municipal","18":"tag-pt","19":"tag-roseli","20":"tag-titulo","21":"tag-vander","22":"tag-vereador"},"yoast_head":"<!-- This site is optimized with the Yoast SEO plugin v27.4 - https:\/\/yoast.com\/product\/yoast-seo-wordpress\/ -->\n<title>Roseli Loubet \u00e9 homenageada com t\u00edtulo de Cidad\u00e3 Campo-Grandense<\/title>\n<meta name=\"robots\" content=\"index, follow, max-snippet:-1, max-image-preview:large, max-video-preview:-1\" \/>\n<link rel=\"canonical\" href=\"https:\/\/vanderloubet.com.br\/deputado\/roseli-loubet-e-homenageada-com-titulo-de-cidada-campo-grandense\/\" \/>\n<meta property=\"og:locale\" content=\"pt_BR\" \/>\n<meta property=\"og:type\" content=\"article\" \/>\n<meta property=\"og:title\" content=\"Roseli Loubet \u00e9 homenageada com t\u00edtulo de Cidad\u00e3 Campo-Grandense\" \/>\n<meta property=\"og:description\" content=\"Esposa do deputado Vander Loubet foi homenageada pelo vereador Alex (PT) em sess\u00e3o solene da C\u00e2mara Municipal.\" \/>\n<meta property=\"og:url\" content=\"https:\/\/vanderloubet.com.br\/deputado\/roseli-loubet-e-homenageada-com-titulo-de-cidada-campo-grandense\/\" \/>\n<meta property=\"og:site_name\" content=\"Deputado Federal Vander Loubet\" \/>\n<meta property=\"article:publisher\" content=\"https:\/\/facebook.com\/deputadovander\" \/>\n<meta property=\"article:published_time\" content=\"2011-08-26T10:06:38+00:00\" \/>\n<meta property=\"og:image\" content=\"http:\/\/www.deputadovander.com.br\/website\/wp-content\/uploads\/2011\/08\/foto-2011-08-26-roseli-loubet-400x266.jpg\" \/>\n<meta name=\"author\" content=\"\u00c9der\" \/>\n<meta name=\"twitter:card\" content=\"summary_large_image\" \/>\n<meta name=\"twitter:creator\" content=\"@vanderloubet\" \/>\n<meta name=\"twitter:site\" content=\"@vanderloubet\" \/>\n<script type=\"application\/ld+json\" class=\"yoast-schema-graph\">{\"@context\":\"https:\\\/\\\/schema.org\",\"@graph\":[{\"@type\":\"Article\",\"@id\":\"https:\\\/\\\/vanderloubet.com.br\\\/deputado\\\/roseli-loubet-e-homenageada-com-titulo-de-cidada-campo-grandense\\\/#article\",\"isPartOf\":{\"@id\":\"https:\\\/\\\/vanderloubet.com.br\\\/deputado\\\/roseli-loubet-e-homenageada-com-titulo-de-cidada-campo-grandense\\\/\"},\"author\":{\"name\":\"\u00c9der\",\"@id\":\"https:\\\/\\\/vanderloubet.com.br\\\/deputado\\\/#\\\/schema\\\/person\\\/15b51bd564532a8a68d9dec1b8eb890e\"},\"headline\":\"Roseli Loubet \u00e9 homenageada com t\u00edtulo de Cidad\u00e3 Campo-Grandense\",\"datePublished\":\"2011-08-26T10:06:38+00:00\",\"mainEntityOfPage\":{\"@id\":\"https:\\\/\\\/vanderloubet.com.br\\\/deputado\\\/roseli-loubet-e-homenageada-com-titulo-de-cidada-campo-grandense\\\/\"},\"wordCount\":292,\"publisher\":{\"@id\":\"https:\\\/\\\/vanderloubet.com.br\\\/deputado\\\/#organization\"},\"image\":{\"@id\":\"https:\\\/\\\/vanderloubet.com.br\\\/deputado\\\/roseli-loubet-e-homenageada-com-titulo-de-cidada-campo-grandense\\\/#primaryimage\"},\"thumbnailUrl\":\"http:\\\/\\\/www.deputadovander.com.br\\\/website\\\/wp-content\\\/uploads\\\/2011\\\/08\\\/foto-2011-08-26-roseli-loubet-400x266.jpg\",\"keywords\":[\"alex\",\"c\u00e2mara\",\"campo\",\"cidad\u00e3o\",\"cruz\",\"deputado\",\"federal\",\"grande\",\"loubet\",\"MS\",\"municipal\",\"PT\",\"roseli\",\"t\u00edtulo\",\"vander\",\"vereador\"],\"articleSection\":[\"Not\u00edcias\"],\"inLanguage\":\"pt-BR\"},{\"@type\":\"WebPage\",\"@id\":\"https:\\\/\\\/vanderloubet.com.br\\\/deputado\\\/roseli-loubet-e-homenageada-com-titulo-de-cidada-campo-grandense\\\/\",\"url\":\"https:\\\/\\\/vanderloubet.com.br\\\/deputado\\\/roseli-loubet-e-homenageada-com-titulo-de-cidada-campo-grandense\\\/\",\"name\":\"Roseli Loubet \u00e9 homenageada com t\u00edtulo de Cidad\u00e3 Campo-Grandense\",\"isPartOf\":{\"@id\":\"https:\\\/\\\/vanderloubet.com.br\\\/deputado\\\/#website\"},\"primaryImageOfPage\":{\"@id\":\"https:\\\/\\\/vanderloubet.com.br\\\/deputado\\\/roseli-loubet-e-homenageada-com-titulo-de-cidada-campo-grandense\\\/#primaryimage\"},\"image\":{\"@id\":\"https:\\\/\\\/vanderloubet.com.br\\\/deputado\\\/roseli-loubet-e-homenageada-com-titulo-de-cidada-campo-grandense\\\/#primaryimage\"},\"thumbnailUrl\":\"http:\\\/\\\/www.deputadovander.com.br\\\/website\\\/wp-content\\\/uploads\\\/2011\\\/08\\\/foto-2011-08-26-roseli-loubet-400x266.jpg\",\"datePublished\":\"2011-08-26T10:06:38+00:00\",\"breadcrumb\":{\"@id\":\"https:\\\/\\\/vanderloubet.com.br\\\/deputado\\\/roseli-loubet-e-homenageada-com-titulo-de-cidada-campo-grandense\\\/#breadcrumb\"},\"inLanguage\":\"pt-BR\",\"potentialAction\":[{\"@type\":\"ReadAction\",\"target\":[\"https:\\\/\\\/vanderloubet.com.br\\\/deputado\\\/roseli-loubet-e-homenageada-com-titulo-de-cidada-campo-grandense\\\/\"]}]},{\"@type\":\"ImageObject\",\"inLanguage\":\"pt-BR\",\"@id\":\"https:\\\/\\\/vanderloubet.com.br\\\/deputado\\\/roseli-loubet-e-homenageada-com-titulo-de-cidada-campo-grandense\\\/#primaryimage\",\"url\":\"http:\\\/\\\/www.deputadovander.com.br\\\/website\\\/wp-content\\\/uploads\\\/2011\\\/08\\\/foto-2011-08-26-roseli-loubet-400x266.jpg\",\"contentUrl\":\"http:\\\/\\\/www.deputadovander.com.br\\\/website\\\/wp-content\\\/uploads\\\/2011\\\/08\\\/foto-2011-08-26-roseli-loubet-400x266.jpg\"},{\"@type\":\"BreadcrumbList\",\"@id\":\"https:\\\/\\\/vanderloubet.com.br\\\/deputado\\\/roseli-loubet-e-homenageada-com-titulo-de-cidada-campo-grandense\\\/#breadcrumb\",\"itemListElement\":[{\"@type\":\"ListItem\",\"position\":1,\"name\":\"In\u00edcio\",\"item\":\"https:\\\/\\\/vanderloubet.com.br\\\/deputado\\\/\"},{\"@type\":\"ListItem\",\"position\":2,\"name\":\"Roseli Loubet \u00e9 homenageada com t\u00edtulo de Cidad\u00e3 Campo-Grandense\"}]},{\"@type\":\"WebSite\",\"@id\":\"https:\\\/\\\/vanderloubet.com.br\\\/deputado\\\/#website\",\"url\":\"https:\\\/\\\/vanderloubet.com.br\\\/deputado\\\/\",\"name\":\"Deputado Federal Vander Loubet\",\"description\":\"O Federal de MS\",\"publisher\":{\"@id\":\"https:\\\/\\\/vanderloubet.com.br\\\/deputado\\\/#organization\"},\"alternateName\":\"Deputado Vander\",\"potentialAction\":[{\"@type\":\"SearchAction\",\"target\":{\"@type\":\"EntryPoint\",\"urlTemplate\":\"https:\\\/\\\/vanderloubet.com.br\\\/deputado\\\/?s={search_term_string}\"},\"query-input\":{\"@type\":\"PropertyValueSpecification\",\"valueRequired\":true,\"valueName\":\"search_term_string\"}}],\"inLanguage\":\"pt-BR\"},{\"@type\":\"Organization\",\"@id\":\"https:\\\/\\\/vanderloubet.com.br\\\/deputado\\\/#organization\",\"name\":\"Deputado Federal Vander Loubet\",\"alternateName\":\"Deputado Vander\",\"url\":\"https:\\\/\\\/vanderloubet.com.br\\\/deputado\\\/\",\"logo\":{\"@type\":\"ImageObject\",\"inLanguage\":\"pt-BR\",\"@id\":\"https:\\\/\\\/vanderloubet.com.br\\\/deputado\\\/#\\\/schema\\\/logo\\\/image\\\/\",\"url\":\"https:\\\/\\\/vanderloubet.com.br\\\/deputado\\\/wp-content\\\/uploads\\\/2023\\\/06\\\/foto-2023-06-19-mandato-deputado-vander.jpg\",\"contentUrl\":\"https:\\\/\\\/vanderloubet.com.br\\\/deputado\\\/wp-content\\\/uploads\\\/2023\\\/06\\\/foto-2023-06-19-mandato-deputado-vander.jpg\",\"width\":1080,\"height\":1080,\"caption\":\"Deputado Federal Vander Loubet\"},\"image\":{\"@id\":\"https:\\\/\\\/vanderloubet.com.br\\\/deputado\\\/#\\\/schema\\\/logo\\\/image\\\/\"},\"sameAs\":[\"https:\\\/\\\/facebook.com\\\/deputadovander\",\"https:\\\/\\\/x.com\\\/vanderloubet\",\"https:\\\/\\\/instagram.com\\\/vanderloubet\",\"https:\\\/\\\/youtube.com\\\/vanderloubet\",\"https:\\\/\\\/tiktok.com\\\/@vanderloubetms\"]},{\"@type\":\"Person\",\"@id\":\"https:\\\/\\\/vanderloubet.com.br\\\/deputado\\\/#\\\/schema\\\/person\\\/15b51bd564532a8a68d9dec1b8eb890e\",\"name\":\"\u00c9der\",\"image\":{\"@type\":\"ImageObject\",\"inLanguage\":\"pt-BR\",\"@id\":\"https:\\\/\\\/vanderloubet.com.br\\\/deputado\\\/wp-content\\\/litespeed\\\/avatar\\\/88ca4090d9d5ab1c9495f6ca03b68efa.jpg?ver=1777058957\",\"url\":\"https:\\\/\\\/vanderloubet.com.br\\\/deputado\\\/wp-content\\\/litespeed\\\/avatar\\\/88ca4090d9d5ab1c9495f6ca03b68efa.jpg?ver=1777058957\",\"contentUrl\":\"https:\\\/\\\/vanderloubet.com.br\\\/deputado\\\/wp-content\\\/litespeed\\\/avatar\\\/88ca4090d9d5ab1c9495f6ca03b68efa.jpg?ver=1777058957\",\"caption\":\"\u00c9der\"}}]}<\/script>\n<!-- \/ Yoast SEO plugin. -->","yoast_head_json":{"title":"Roseli Loubet \u00e9 homenageada com t\u00edtulo de Cidad\u00e3 Campo-Grandense","robots":{"index":"index","follow":"follow","max-snippet":"max-snippet:-1","max-image-preview":"max-image-preview:large","max-video-preview":"max-video-preview:-1"},"canonical":"https:\/\/vanderloubet.com.br\/deputado\/roseli-loubet-e-homenageada-com-titulo-de-cidada-campo-grandense\/","og_locale":"pt_BR","og_type":"article","og_title":"Roseli Loubet \u00e9 homenageada com t\u00edtulo de Cidad\u00e3 Campo-Grandense","og_description":"Esposa do deputado Vander Loubet foi homenageada pelo vereador Alex (PT) em sess\u00e3o solene da C\u00e2mara Municipal.","og_url":"https:\/\/vanderloubet.com.br\/deputado\/roseli-loubet-e-homenageada-com-titulo-de-cidada-campo-grandense\/","og_site_name":"Deputado Federal Vander Loubet","article_publisher":"https:\/\/facebook.com\/deputadovander","article_published_time":"2011-08-26T10:06:38+00:00","og_image":[{"url":"http:\/\/www.deputadovander.com.br\/website\/wp-content\/uploads\/2011\/08\/foto-2011-08-26-roseli-loubet-400x266.jpg","type":"","width":"","height":""}],"author":"\u00c9der","twitter_card":"summary_large_image","twitter_creator":"@vanderloubet","twitter_site":"@vanderloubet","schema":{"@context":"https:\/\/schema.org","@graph":[{"@type":"Article","@id":"https:\/\/vanderloubet.com.br\/deputado\/roseli-loubet-e-homenageada-com-titulo-de-cidada-campo-grandense\/#article","isPartOf":{"@id":"https:\/\/vanderloubet.com.br\/deputado\/roseli-loubet-e-homenageada-com-titulo-de-cidada-campo-grandense\/"},"author":{"name":"\u00c9der","@id":"https:\/\/vanderloubet.com.br\/deputado\/#\/schema\/person\/15b51bd564532a8a68d9dec1b8eb890e"},"headline":"Roseli Loubet \u00e9 homenageada com t\u00edtulo de Cidad\u00e3 Campo-Grandense","datePublished":"2011-08-26T10:06:38+00:00","mainEntityOfPage":{"@id":"https:\/\/vanderloubet.com.br\/deputado\/roseli-loubet-e-homenageada-com-titulo-de-cidada-campo-grandense\/"},"wordCount":292,"publisher":{"@id":"https:\/\/vanderloubet.com.br\/deputado\/#organization"},"image":{"@id":"https:\/\/vanderloubet.com.br\/deputado\/roseli-loubet-e-homenageada-com-titulo-de-cidada-campo-grandense\/#primaryimage"},"thumbnailUrl":"http:\/\/www.deputadovander.com.br\/website\/wp-content\/uploads\/2011\/08\/foto-2011-08-26-roseli-loubet-400x266.jpg","keywords":["alex","c\u00e2mara","campo","cidad\u00e3o","cruz","deputado","federal","grande","loubet","MS","municipal","PT","roseli","t\u00edtulo","vander","vereador"],"articleSection":["Not\u00edcias"],"inLanguage":"pt-BR"},{"@type":"WebPage","@id":"https:\/\/vanderloubet.com.br\/deputado\/roseli-loubet-e-homenageada-com-titulo-de-cidada-campo-grandense\/","url":"https:\/\/vanderloubet.com.br\/deputado\/roseli-loubet-e-homenageada-com-titulo-de-cidada-campo-grandense\/","name":"Roseli Loubet \u00e9 homenageada com t\u00edtulo de Cidad\u00e3 Campo-Grandense","isPartOf":{"@id":"https:\/\/vanderloubet.com.br\/deputado\/#website"},"primaryImageOfPage":{"@id":"https:\/\/vanderloubet.com.br\/deputado\/roseli-loubet-e-homenageada-com-titulo-de-cidada-campo-grandense\/#primaryimage"},"image":{"@id":"https:\/\/vanderloubet.com.br\/deputado\/roseli-loubet-e-homenageada-com-titulo-de-cidada-campo-grandense\/#primaryimage"},"thumbnailUrl":"http:\/\/www.deputadovander.com.br\/website\/wp-content\/uploads\/2011\/08\/foto-2011-08-26-roseli-loubet-400x266.jpg","datePublished":"2011-08-26T10:06:38+00:00","breadcrumb":{"@id":"https:\/\/vanderloubet.com.br\/deputado\/roseli-loubet-e-homenageada-com-titulo-de-cidada-campo-grandense\/#breadcrumb"},"inLanguage":"pt-BR","potentialAction":[{"@type":"ReadAction","target":["https:\/\/vanderloubet.com.br\/deputado\/roseli-loubet-e-homenageada-com-titulo-de-cidada-campo-grandense\/"]}]},{"@type":"ImageObject","inLanguage":"pt-BR","@id":"https:\/\/vanderloubet.com.br\/deputado\/roseli-loubet-e-homenageada-com-titulo-de-cidada-campo-grandense\/#primaryimage","url":"http:\/\/www.deputadovander.com.br\/website\/wp-content\/uploads\/2011\/08\/foto-2011-08-26-roseli-loubet-400x266.jpg","contentUrl":"http:\/\/www.deputadovander.com.br\/website\/wp-content\/uploads\/2011\/08\/foto-2011-08-26-roseli-loubet-400x266.jpg"},{"@type":"BreadcrumbList","@id":"https:\/\/vanderloubet.com.br\/deputado\/roseli-loubet-e-homenageada-com-titulo-de-cidada-campo-grandense\/#breadcrumb","itemListElement":[{"@type":"ListItem","position":1,"name":"In\u00edcio","item":"https:\/\/vanderloubet.com.br\/deputado\/"},{"@type":"ListItem","position":2,"name":"Roseli Loubet \u00e9 homenageada com t\u00edtulo de Cidad\u00e3 Campo-Grandense"}]},{"@type":"WebSite","@id":"https:\/\/vanderloubet.com.br\/deputado\/#website","url":"https:\/\/vanderloubet.com.br\/deputado\/","name":"Deputado Federal Vander Loubet","description":"O Federal de MS","publisher":{"@id":"https:\/\/vanderloubet.com.br\/deputado\/#organization"},"alternateName":"Deputado Vander","potentialAction":[{"@type":"SearchAction","target":{"@type":"EntryPoint","urlTemplate":"https:\/\/vanderloubet.com.br\/deputado\/?s={search_term_string}"},"query-input":{"@type":"PropertyValueSpecification","valueRequired":true,"valueName":"search_term_string"}}],"inLanguage":"pt-BR"},{"@type":"Organization","@id":"https:\/\/vanderloubet.com.br\/deputado\/#organization","name":"Deputado Federal Vander Loubet","alternateName":"Deputado Vander","url":"https:\/\/vanderloubet.com.br\/deputado\/","logo":{"@type":"ImageObject","inLanguage":"pt-BR","@id":"https:\/\/vanderloubet.com.br\/deputado\/#\/schema\/logo\/image\/","url":"https:\/\/vanderloubet.com.br\/deputado\/wp-content\/uploads\/2023\/06\/foto-2023-06-19-mandato-deputado-vander.jpg","contentUrl":"https:\/\/vanderloubet.com.br\/deputado\/wp-content\/uploads\/2023\/06\/foto-2023-06-19-mandato-deputado-vander.jpg","width":1080,"height":1080,"caption":"Deputado Federal Vander Loubet"},"image":{"@id":"https:\/\/vanderloubet.com.br\/deputado\/#\/schema\/logo\/image\/"},"sameAs":["https:\/\/facebook.com\/deputadovander","https:\/\/x.com\/vanderloubet","https:\/\/instagram.com\/vanderloubet","https:\/\/youtube.com\/vanderloubet","https:\/\/tiktok.com\/@vanderloubetms"]},{"@type":"Person","@id":"https:\/\/vanderloubet.com.br\/deputado\/#\/schema\/person\/15b51bd564532a8a68d9dec1b8eb890e","name":"\u00c9der","image":{"@type":"ImageObject","inLanguage":"pt-BR","@id":"https:\/\/vanderloubet.com.br\/deputado\/wp-content\/litespeed\/avatar\/88ca4090d9d5ab1c9495f6ca03b68efa.jpg?ver=1777058957","url":"https:\/\/vanderloubet.com.br\/deputado\/wp-content\/litespeed\/avatar\/88ca4090d9d5ab1c9495f6ca03b68efa.jpg?ver=1777058957","contentUrl":"https:\/\/vanderloubet.com.br\/deputado\/wp-content\/litespeed\/avatar\/88ca4090d9d5ab1c9495f6ca03b68efa.jpg?ver=1777058957","caption":"\u00c9der"}}]}},"jetpack_featured_media_url":"","jetpack_sharing_enabled":true,"_links":{"self":[{"href":"https:\/\/vanderloubet.com.br\/deputado\/wp-json\/wp\/v2\/posts\/3666","targetHints":{"allow":["GET"]}}],"collection":[{"href":"https:\/\/vanderloubet.com.br\/deputado\/wp-json\/wp\/v2\/posts"}],"about":[{"href":"https:\/\/vanderloubet.com.br\/deputado\/wp-json\/wp\/v2\/types\/post"}],"author":[{"embeddable":true,"href":"https:\/\/vanderloubet.com.br\/deputado\/wp-json\/wp\/v2\/users\/2"}],"replies":[{"embeddable":true,"href":"https:\/\/vanderloubet.com.br\/deputado\/wp-json\/wp\/v2\/comments?post=3666"}],"version-history":[{"count":0,"href":"https:\/\/vanderloubet.com.br\/deputado\/wp-json\/wp\/v2\/posts\/3666\/revisions"}],"wp:attachment":[{"href":"https:\/\/vanderloubet.com.br\/deputado\/wp-json\/wp\/v2\/media?parent=3666"}],"wp:term":[{"taxonomy":"category","embeddable":true,"href":"https:\/\/vanderloubet.com.br\/deputado\/wp-json\/wp\/v2\/categories?post=3666"},{"taxonomy":"post_tag","embeddable":true,"href":"https:\/\/vanderloubet.com.br\/deputado\/wp-json\/wp\/v2\/tags?post=3666"}],"curies":[{"name":"wp","href":"https:\/\/api.w.org\/{rel}","templated":true}]}}