{"id":3633,"date":"2011-08-19T15:24:57","date_gmt":"2011-08-19T19:24:57","guid":{"rendered":"http:\/\/www.deputadovander.com.br\/website\/?p=3633"},"modified":"2011-08-19T15:24:57","modified_gmt":"2011-08-19T19:24:57","slug":"a-prisao-da-praca-ary-coelho","status":"publish","type":"post","link":"https:\/\/vanderloubet.com.br\/deputado\/a-prisao-da-praca-ary-coelho\/","title":{"rendered":"A pris\u00e3o da Pra\u00e7a Ary Coelho"},"content":{"rendered":"<p><em>Vander Loubet*<\/em><\/p>\n<p>A proposta do prefeito Nelson Trad Filho (PMDB) de cercar a Pra\u00e7a Ary Coelho, nosso mais importante centro geogr\u00e1fico, hist\u00f3rico e cultural, que remonta a origem de Campo Grande, deve ser r\u00e1pida e enfaticamente combatida, pois trata-se de um disparate administrativo sem precedentes em nossa exist\u00eancia secular.<\/p>\n<p>A Pra\u00e7a Ary Coelho \u00e9 o local p\u00fablico mais tradicional de Campo Grande e, ao longo da hist\u00f3ria, foi chamada de Pra\u00e7a Dois de Novembro, Pra\u00e7a da Independ\u00eancia e Pra\u00e7a da Liberdade. Somente em meados dos anos 50 passou a ter a atual denomina\u00e7\u00e3o, em homenagem ao ex-prefeito assassinado em Cuiab\u00e1 em 1952.<\/p>\n<p>A decis\u00e3o centralizadora e pouco democr\u00e1tica de cercar a pra\u00e7a faz com que a gest\u00e3o peemedebista de Nelsinho incorra em duplo equ\u00edvoco: primeiro, porque as pra\u00e7as, por excel\u00eancia e constitui\u00e7\u00e3o, s\u00e3o os espa\u00e7os do livre acesso, das liberdades de manifesta\u00e7\u00f5es, do encontro das pessoas, das atividades culturais; segundo, porque, como muitas das recentes a\u00e7\u00f5es urbanas em Campo Grande n\u00e3o h\u00e1 participa\u00e7\u00e3o dos atores sociais envolvidos na decis\u00e3o e mesmo da sociedade.<\/p>\n<p>Imaginem como seria a Pra\u00e7a da S\u00e9 ou a Pra\u00e7a da Rep\u00fablica em S\u00e3o Paulo, cercadas? Ou, no Rio de Janeiro, a Cinel\u00e2ndia (Pra\u00e7a Floriano), tamb\u00e9m com cercas? Seria inaceit\u00e1vel, assim como \u00e9 inaceit\u00e1vel a alega\u00e7\u00e3o oficial de que se deve cercar a Pra\u00e7a Ary Coelho porque durante a noite o local \u00e9 ocupado por usu\u00e1rios de drogas, pedintes, etc. Isso n\u00e3o \u00e9 argumento, pois seguir essa l\u00f3gica significaria cercar todas as pra\u00e7as da cidade.<\/p>\n<p style=\"text-align: center;\"><figure id=\"attachment_3634\" aria-describedby=\"caption-attachment-3634\" style=\"width: 400px\" class=\"wp-caption aligncenter\"><a href=\"http:\/\/www.deputadovander.com.br\/website\/wp-content\/uploads\/2011\/08\/foto-2011-08-19-praca-ary-coelho.jpg\" target=\"_blank\"><img decoding=\"async\" class=\"size-medium wp-image-3634 \" title=\"foto-2011-08-19-praca-ary-coelho\" src=\"http:\/\/www.deputadovander.com.br\/website\/wp-content\/uploads\/2011\/08\/foto-2011-08-19-praca-ary-coelho-400x300.jpg\" alt=\"Vista geral da Pra\u00e7a Ary Coelho, no centro de Campo Grande\" width=\"400\" height=\"300\" \/><\/a><figcaption id=\"caption-attachment-3634\" class=\"wp-caption-text\">Vista geral da Pra\u00e7a Ary Coelho, no centro de Campo Grande<\/figcaption><\/figure><\/p>\n<p>Ser\u00e1 que a Pra\u00e7a da Rep\u00fablica (ou Pra\u00e7a do R\u00e1dio Clube) tamb\u00e9m receber\u00e1 cercas? Nesse caso, felizmente, acredito que n\u00e3o. Nela houve a preocupa\u00e7\u00e3o efetiva da preserva\u00e7\u00e3o permanente e da ocupa\u00e7\u00e3o com atividades diversas, o que culminou, inclusive, com uma emenda parlamentar do senador Delc\u00eddio do Amaral para a constru\u00e7\u00e3o da Concha Ac\u00fastica. Vale lembrar que a Pra\u00e7a do R\u00e1dio, h\u00e1 15 anos, tinha semelhantes problemas aos da Ary Coelho de hoje: abandono e ocupa\u00e7\u00e3o por delinquentes e viciados.<\/p>\n<p>O prefeito de Campo Grande, nesses seis anos e meio de gest\u00e3o, recebeu milh\u00f5es e milh\u00f5es de reais em recursos do governo federal viabilizados pela bancada de Mato Grosso do Sul no Congresso Nacional. Esse dinheiro propiciou obras importantes, como a Via Morena (Av. F\u00e1bio Zahran, Av. Noroeste\/Orla Morena e Av. Duque de Caxias) e a canaliza\u00e7\u00e3o e urbaniza\u00e7\u00e3o dos c\u00f3rregos Caba\u00e7a, Segredo, Imbiruss\u00fa e B\u00e1lsamo, entre outras a\u00e7\u00f5es. Apoiei todas as grandes obras de Campo Grande, muitas delas sendo entregues agora no anivers\u00e1rio da cidade. Contudo, n\u00e3o posso concordar com um projeto que venha a cercar uma pra\u00e7a p\u00fablica.<\/p>\n<p>Mesmo n\u00e3o sendo um t\u00e9cnico da \u00e1rea, vi e analisei com aten\u00e7\u00e3o o projeto proposto pelo engenheiro Paulo Hernandes. E posso afirmar: sem as grades, sem as cercas, a Pra\u00e7a Ary Coelho deve ficar muito bonita. E \u00e9 por uma pra\u00e7a assim, bela e livre, pela qual temos que lutar. Pra\u00e7as, em qualquer lugar do mundo, s\u00e3o livres de grades e n\u00e3o podem (ou n\u00e3o deveriam) ser fechadas pela caneta de um prefeito.<\/p>\n<p>Perto de completar 112 anos, Campo Grande j\u00e1 possui demandas pr\u00f3prias de uma metr\u00f3pole. No entanto, \u00e9 preciso ter a consci\u00eancia de que quanto mais a cidade cresce, mais os vest\u00edgios hist\u00f3ricos precisam ser preservados, para que a modernidade n\u00e3o seja traduzida como &#8220;futurismo a qualquer pre\u00e7o&#8221;. Basta recordar que a pr\u00f3pria Pra\u00e7a Ary Coelho e o cruzamento da Rua 14 de Julho com a Avenida Afonso Pena j\u00e1 perderam seus cora\u00e7\u00f5es: o coreto da pra\u00e7a e o grande rel\u00f3gio das vias. N\u00e3o h\u00e1 modernidade sem respeito ao passado.<\/p>\n<p><em>*Deputado Federal (PT-MS)<\/em><\/p>\n","protected":false},"excerpt":{"rendered":"<p>Artigo de autoria do deputado Vander Loubet sobre a proposta da Prefeitura de Campo Grande de cercar com grades a Pra\u00e7a Ary Coelho.<\/p>\n","protected":false},"author":2,"featured_media":0,"comment_status":"closed","ping_status":"open","sticky":false,"template":"","format":"standard","meta":{"jetpack_post_was_ever_published":false,"_jetpack_newsletter_access":"","_jetpack_dont_email_post_to_subs":false,"_jetpack_newsletter_tier_id":0,"_jetpack_memberships_contains_paywalled_content":false,"_jetpack_memberships_contains_paid_content":false,"footnotes":""},"categories":[11],"tags":[187,341,416,469,608,807,842,933,936,1178,1336,1375,1564,1599,1607,1655,1965,2033],"class_list":{"0":"post-3633","1":"post","2":"type-post","3":"status-publish","4":"format-standard","6":"category-opinioes","7":"tag-ary","8":"tag-campo","9":"tag-cerca","10":"tag-coelho","11":"tag-deputado","12":"tag-federal","13":"tag-filho","14":"tag-grades","15":"tag-grande","16":"tag-loubet","17":"tag-ms","18":"tag-nelson","19":"tag-pmdb","20":"tag-praca","21":"tag-prefeito","22":"tag-pt","23":"tag-trad","24":"tag-vander"},"yoast_head":"<!-- This site is optimized with the Yoast SEO plugin v27.4 - https:\/\/yoast.com\/product\/yoast-seo-wordpress\/ -->\n<title>A pris\u00e3o da Pra\u00e7a Ary Coelho<\/title>\n<meta name=\"robots\" content=\"index, follow, max-snippet:-1, max-image-preview:large, max-video-preview:-1\" \/>\n<link rel=\"canonical\" href=\"https:\/\/vanderloubet.com.br\/deputado\/a-prisao-da-praca-ary-coelho\/\" \/>\n<meta property=\"og:locale\" content=\"pt_BR\" \/>\n<meta property=\"og:type\" content=\"article\" \/>\n<meta property=\"og:title\" content=\"A pris\u00e3o da Pra\u00e7a Ary Coelho\" \/>\n<meta property=\"og:description\" content=\"Artigo de autoria do deputado Vander Loubet sobre a proposta da Prefeitura de Campo Grande de cercar com grades a Pra\u00e7a Ary Coelho.\" \/>\n<meta property=\"og:url\" content=\"https:\/\/vanderloubet.com.br\/deputado\/a-prisao-da-praca-ary-coelho\/\" \/>\n<meta property=\"og:site_name\" content=\"Deputado Federal Vander Loubet\" \/>\n<meta property=\"article:publisher\" content=\"https:\/\/facebook.com\/deputadovander\" \/>\n<meta property=\"article:published_time\" content=\"2011-08-19T19:24:57+00:00\" \/>\n<meta property=\"og:image\" content=\"http:\/\/www.deputadovander.com.br\/website\/wp-content\/uploads\/2011\/08\/foto-2011-08-19-praca-ary-coelho-400x300.jpg\" \/>\n<meta name=\"author\" content=\"\u00c9der\" \/>\n<meta name=\"twitter:card\" content=\"summary_large_image\" \/>\n<meta name=\"twitter:creator\" content=\"@vanderloubet\" \/>\n<meta name=\"twitter:site\" content=\"@vanderloubet\" \/>\n<script type=\"application\/ld+json\" class=\"yoast-schema-graph\">{\"@context\":\"https:\\\/\\\/schema.org\",\"@graph\":[{\"@type\":\"Article\",\"@id\":\"https:\\\/\\\/vanderloubet.com.br\\\/deputado\\\/a-prisao-da-praca-ary-coelho\\\/#article\",\"isPartOf\":{\"@id\":\"https:\\\/\\\/vanderloubet.com.br\\\/deputado\\\/a-prisao-da-praca-ary-coelho\\\/\"},\"author\":{\"name\":\"\u00c9der\",\"@id\":\"https:\\\/\\\/vanderloubet.com.br\\\/deputado\\\/#\\\/schema\\\/person\\\/15b51bd564532a8a68d9dec1b8eb890e\"},\"headline\":\"A pris\u00e3o da Pra\u00e7a Ary Coelho\",\"datePublished\":\"2011-08-19T19:24:57+00:00\",\"mainEntityOfPage\":{\"@id\":\"https:\\\/\\\/vanderloubet.com.br\\\/deputado\\\/a-prisao-da-praca-ary-coelho\\\/\"},\"wordCount\":704,\"publisher\":{\"@id\":\"https:\\\/\\\/vanderloubet.com.br\\\/deputado\\\/#organization\"},\"image\":{\"@id\":\"https:\\\/\\\/vanderloubet.com.br\\\/deputado\\\/a-prisao-da-praca-ary-coelho\\\/#primaryimage\"},\"thumbnailUrl\":\"http:\\\/\\\/www.deputadovander.com.br\\\/website\\\/wp-content\\\/uploads\\\/2011\\\/08\\\/foto-2011-08-19-praca-ary-coelho-400x300.jpg\",\"keywords\":[\"ary\",\"campo\",\"cerca\",\"coelho\",\"deputado\",\"federal\",\"filho\",\"grades\",\"grande\",\"loubet\",\"MS\",\"nelson\",\"pmdb\",\"pra\u00e7a\",\"prefeito\",\"PT\",\"trad\",\"vander\"],\"articleSection\":[\"Opini\u00e3o\"],\"inLanguage\":\"pt-BR\"},{\"@type\":\"WebPage\",\"@id\":\"https:\\\/\\\/vanderloubet.com.br\\\/deputado\\\/a-prisao-da-praca-ary-coelho\\\/\",\"url\":\"https:\\\/\\\/vanderloubet.com.br\\\/deputado\\\/a-prisao-da-praca-ary-coelho\\\/\",\"name\":\"A pris\u00e3o da Pra\u00e7a Ary Coelho\",\"isPartOf\":{\"@id\":\"https:\\\/\\\/vanderloubet.com.br\\\/deputado\\\/#website\"},\"primaryImageOfPage\":{\"@id\":\"https:\\\/\\\/vanderloubet.com.br\\\/deputado\\\/a-prisao-da-praca-ary-coelho\\\/#primaryimage\"},\"image\":{\"@id\":\"https:\\\/\\\/vanderloubet.com.br\\\/deputado\\\/a-prisao-da-praca-ary-coelho\\\/#primaryimage\"},\"thumbnailUrl\":\"http:\\\/\\\/www.deputadovander.com.br\\\/website\\\/wp-content\\\/uploads\\\/2011\\\/08\\\/foto-2011-08-19-praca-ary-coelho-400x300.jpg\",\"datePublished\":\"2011-08-19T19:24:57+00:00\",\"breadcrumb\":{\"@id\":\"https:\\\/\\\/vanderloubet.com.br\\\/deputado\\\/a-prisao-da-praca-ary-coelho\\\/#breadcrumb\"},\"inLanguage\":\"pt-BR\",\"potentialAction\":[{\"@type\":\"ReadAction\",\"target\":[\"https:\\\/\\\/vanderloubet.com.br\\\/deputado\\\/a-prisao-da-praca-ary-coelho\\\/\"]}]},{\"@type\":\"ImageObject\",\"inLanguage\":\"pt-BR\",\"@id\":\"https:\\\/\\\/vanderloubet.com.br\\\/deputado\\\/a-prisao-da-praca-ary-coelho\\\/#primaryimage\",\"url\":\"http:\\\/\\\/www.deputadovander.com.br\\\/website\\\/wp-content\\\/uploads\\\/2011\\\/08\\\/foto-2011-08-19-praca-ary-coelho-400x300.jpg\",\"contentUrl\":\"http:\\\/\\\/www.deputadovander.com.br\\\/website\\\/wp-content\\\/uploads\\\/2011\\\/08\\\/foto-2011-08-19-praca-ary-coelho-400x300.jpg\"},{\"@type\":\"BreadcrumbList\",\"@id\":\"https:\\\/\\\/vanderloubet.com.br\\\/deputado\\\/a-prisao-da-praca-ary-coelho\\\/#breadcrumb\",\"itemListElement\":[{\"@type\":\"ListItem\",\"position\":1,\"name\":\"In\u00edcio\",\"item\":\"https:\\\/\\\/vanderloubet.com.br\\\/deputado\\\/\"},{\"@type\":\"ListItem\",\"position\":2,\"name\":\"A pris\u00e3o da Pra\u00e7a Ary Coelho\"}]},{\"@type\":\"WebSite\",\"@id\":\"https:\\\/\\\/vanderloubet.com.br\\\/deputado\\\/#website\",\"url\":\"https:\\\/\\\/vanderloubet.com.br\\\/deputado\\\/\",\"name\":\"Deputado Federal Vander Loubet\",\"description\":\"O Federal de MS\",\"publisher\":{\"@id\":\"https:\\\/\\\/vanderloubet.com.br\\\/deputado\\\/#organization\"},\"alternateName\":\"Deputado Vander\",\"potentialAction\":[{\"@type\":\"SearchAction\",\"target\":{\"@type\":\"EntryPoint\",\"urlTemplate\":\"https:\\\/\\\/vanderloubet.com.br\\\/deputado\\\/?s={search_term_string}\"},\"query-input\":{\"@type\":\"PropertyValueSpecification\",\"valueRequired\":true,\"valueName\":\"search_term_string\"}}],\"inLanguage\":\"pt-BR\"},{\"@type\":\"Organization\",\"@id\":\"https:\\\/\\\/vanderloubet.com.br\\\/deputado\\\/#organization\",\"name\":\"Deputado Federal Vander Loubet\",\"alternateName\":\"Deputado Vander\",\"url\":\"https:\\\/\\\/vanderloubet.com.br\\\/deputado\\\/\",\"logo\":{\"@type\":\"ImageObject\",\"inLanguage\":\"pt-BR\",\"@id\":\"https:\\\/\\\/vanderloubet.com.br\\\/deputado\\\/#\\\/schema\\\/logo\\\/image\\\/\",\"url\":\"https:\\\/\\\/vanderloubet.com.br\\\/deputado\\\/wp-content\\\/uploads\\\/2023\\\/06\\\/foto-2023-06-19-mandato-deputado-vander.jpg\",\"contentUrl\":\"https:\\\/\\\/vanderloubet.com.br\\\/deputado\\\/wp-content\\\/uploads\\\/2023\\\/06\\\/foto-2023-06-19-mandato-deputado-vander.jpg\",\"width\":1080,\"height\":1080,\"caption\":\"Deputado Federal Vander Loubet\"},\"image\":{\"@id\":\"https:\\\/\\\/vanderloubet.com.br\\\/deputado\\\/#\\\/schema\\\/logo\\\/image\\\/\"},\"sameAs\":[\"https:\\\/\\\/facebook.com\\\/deputadovander\",\"https:\\\/\\\/x.com\\\/vanderloubet\",\"https:\\\/\\\/instagram.com\\\/vanderloubet\",\"https:\\\/\\\/youtube.com\\\/vanderloubet\",\"https:\\\/\\\/tiktok.com\\\/@vanderloubetms\"]},{\"@type\":\"Person\",\"@id\":\"https:\\\/\\\/vanderloubet.com.br\\\/deputado\\\/#\\\/schema\\\/person\\\/15b51bd564532a8a68d9dec1b8eb890e\",\"name\":\"\u00c9der\",\"image\":{\"@type\":\"ImageObject\",\"inLanguage\":\"pt-BR\",\"@id\":\"https:\\\/\\\/vanderloubet.com.br\\\/deputado\\\/wp-content\\\/litespeed\\\/avatar\\\/88ca4090d9d5ab1c9495f6ca03b68efa.jpg?ver=1777058957\",\"url\":\"https:\\\/\\\/vanderloubet.com.br\\\/deputado\\\/wp-content\\\/litespeed\\\/avatar\\\/88ca4090d9d5ab1c9495f6ca03b68efa.jpg?ver=1777058957\",\"contentUrl\":\"https:\\\/\\\/vanderloubet.com.br\\\/deputado\\\/wp-content\\\/litespeed\\\/avatar\\\/88ca4090d9d5ab1c9495f6ca03b68efa.jpg?ver=1777058957\",\"caption\":\"\u00c9der\"}}]}<\/script>\n<!-- \/ Yoast SEO plugin. -->","yoast_head_json":{"title":"A pris\u00e3o da Pra\u00e7a Ary Coelho","robots":{"index":"index","follow":"follow","max-snippet":"max-snippet:-1","max-image-preview":"max-image-preview:large","max-video-preview":"max-video-preview:-1"},"canonical":"https:\/\/vanderloubet.com.br\/deputado\/a-prisao-da-praca-ary-coelho\/","og_locale":"pt_BR","og_type":"article","og_title":"A pris\u00e3o da Pra\u00e7a Ary Coelho","og_description":"Artigo de autoria do deputado Vander Loubet sobre a proposta da Prefeitura de Campo Grande de cercar com grades a Pra\u00e7a Ary Coelho.","og_url":"https:\/\/vanderloubet.com.br\/deputado\/a-prisao-da-praca-ary-coelho\/","og_site_name":"Deputado Federal Vander Loubet","article_publisher":"https:\/\/facebook.com\/deputadovander","article_published_time":"2011-08-19T19:24:57+00:00","og_image":[{"url":"http:\/\/www.deputadovander.com.br\/website\/wp-content\/uploads\/2011\/08\/foto-2011-08-19-praca-ary-coelho-400x300.jpg","type":"","width":"","height":""}],"author":"\u00c9der","twitter_card":"summary_large_image","twitter_creator":"@vanderloubet","twitter_site":"@vanderloubet","schema":{"@context":"https:\/\/schema.org","@graph":[{"@type":"Article","@id":"https:\/\/vanderloubet.com.br\/deputado\/a-prisao-da-praca-ary-coelho\/#article","isPartOf":{"@id":"https:\/\/vanderloubet.com.br\/deputado\/a-prisao-da-praca-ary-coelho\/"},"author":{"name":"\u00c9der","@id":"https:\/\/vanderloubet.com.br\/deputado\/#\/schema\/person\/15b51bd564532a8a68d9dec1b8eb890e"},"headline":"A pris\u00e3o da Pra\u00e7a Ary Coelho","datePublished":"2011-08-19T19:24:57+00:00","mainEntityOfPage":{"@id":"https:\/\/vanderloubet.com.br\/deputado\/a-prisao-da-praca-ary-coelho\/"},"wordCount":704,"publisher":{"@id":"https:\/\/vanderloubet.com.br\/deputado\/#organization"},"image":{"@id":"https:\/\/vanderloubet.com.br\/deputado\/a-prisao-da-praca-ary-coelho\/#primaryimage"},"thumbnailUrl":"http:\/\/www.deputadovander.com.br\/website\/wp-content\/uploads\/2011\/08\/foto-2011-08-19-praca-ary-coelho-400x300.jpg","keywords":["ary","campo","cerca","coelho","deputado","federal","filho","grades","grande","loubet","MS","nelson","pmdb","pra\u00e7a","prefeito","PT","trad","vander"],"articleSection":["Opini\u00e3o"],"inLanguage":"pt-BR"},{"@type":"WebPage","@id":"https:\/\/vanderloubet.com.br\/deputado\/a-prisao-da-praca-ary-coelho\/","url":"https:\/\/vanderloubet.com.br\/deputado\/a-prisao-da-praca-ary-coelho\/","name":"A pris\u00e3o da Pra\u00e7a Ary Coelho","isPartOf":{"@id":"https:\/\/vanderloubet.com.br\/deputado\/#website"},"primaryImageOfPage":{"@id":"https:\/\/vanderloubet.com.br\/deputado\/a-prisao-da-praca-ary-coelho\/#primaryimage"},"image":{"@id":"https:\/\/vanderloubet.com.br\/deputado\/a-prisao-da-praca-ary-coelho\/#primaryimage"},"thumbnailUrl":"http:\/\/www.deputadovander.com.br\/website\/wp-content\/uploads\/2011\/08\/foto-2011-08-19-praca-ary-coelho-400x300.jpg","datePublished":"2011-08-19T19:24:57+00:00","breadcrumb":{"@id":"https:\/\/vanderloubet.com.br\/deputado\/a-prisao-da-praca-ary-coelho\/#breadcrumb"},"inLanguage":"pt-BR","potentialAction":[{"@type":"ReadAction","target":["https:\/\/vanderloubet.com.br\/deputado\/a-prisao-da-praca-ary-coelho\/"]}]},{"@type":"ImageObject","inLanguage":"pt-BR","@id":"https:\/\/vanderloubet.com.br\/deputado\/a-prisao-da-praca-ary-coelho\/#primaryimage","url":"http:\/\/www.deputadovander.com.br\/website\/wp-content\/uploads\/2011\/08\/foto-2011-08-19-praca-ary-coelho-400x300.jpg","contentUrl":"http:\/\/www.deputadovander.com.br\/website\/wp-content\/uploads\/2011\/08\/foto-2011-08-19-praca-ary-coelho-400x300.jpg"},{"@type":"BreadcrumbList","@id":"https:\/\/vanderloubet.com.br\/deputado\/a-prisao-da-praca-ary-coelho\/#breadcrumb","itemListElement":[{"@type":"ListItem","position":1,"name":"In\u00edcio","item":"https:\/\/vanderloubet.com.br\/deputado\/"},{"@type":"ListItem","position":2,"name":"A pris\u00e3o da Pra\u00e7a Ary Coelho"}]},{"@type":"WebSite","@id":"https:\/\/vanderloubet.com.br\/deputado\/#website","url":"https:\/\/vanderloubet.com.br\/deputado\/","name":"Deputado Federal Vander Loubet","description":"O Federal de MS","publisher":{"@id":"https:\/\/vanderloubet.com.br\/deputado\/#organization"},"alternateName":"Deputado Vander","potentialAction":[{"@type":"SearchAction","target":{"@type":"EntryPoint","urlTemplate":"https:\/\/vanderloubet.com.br\/deputado\/?s={search_term_string}"},"query-input":{"@type":"PropertyValueSpecification","valueRequired":true,"valueName":"search_term_string"}}],"inLanguage":"pt-BR"},{"@type":"Organization","@id":"https:\/\/vanderloubet.com.br\/deputado\/#organization","name":"Deputado Federal Vander Loubet","alternateName":"Deputado Vander","url":"https:\/\/vanderloubet.com.br\/deputado\/","logo":{"@type":"ImageObject","inLanguage":"pt-BR","@id":"https:\/\/vanderloubet.com.br\/deputado\/#\/schema\/logo\/image\/","url":"https:\/\/vanderloubet.com.br\/deputado\/wp-content\/uploads\/2023\/06\/foto-2023-06-19-mandato-deputado-vander.jpg","contentUrl":"https:\/\/vanderloubet.com.br\/deputado\/wp-content\/uploads\/2023\/06\/foto-2023-06-19-mandato-deputado-vander.jpg","width":1080,"height":1080,"caption":"Deputado Federal Vander Loubet"},"image":{"@id":"https:\/\/vanderloubet.com.br\/deputado\/#\/schema\/logo\/image\/"},"sameAs":["https:\/\/facebook.com\/deputadovander","https:\/\/x.com\/vanderloubet","https:\/\/instagram.com\/vanderloubet","https:\/\/youtube.com\/vanderloubet","https:\/\/tiktok.com\/@vanderloubetms"]},{"@type":"Person","@id":"https:\/\/vanderloubet.com.br\/deputado\/#\/schema\/person\/15b51bd564532a8a68d9dec1b8eb890e","name":"\u00c9der","image":{"@type":"ImageObject","inLanguage":"pt-BR","@id":"https:\/\/vanderloubet.com.br\/deputado\/wp-content\/litespeed\/avatar\/88ca4090d9d5ab1c9495f6ca03b68efa.jpg?ver=1777058957","url":"https:\/\/vanderloubet.com.br\/deputado\/wp-content\/litespeed\/avatar\/88ca4090d9d5ab1c9495f6ca03b68efa.jpg?ver=1777058957","contentUrl":"https:\/\/vanderloubet.com.br\/deputado\/wp-content\/litespeed\/avatar\/88ca4090d9d5ab1c9495f6ca03b68efa.jpg?ver=1777058957","caption":"\u00c9der"}}]}},"jetpack_featured_media_url":"","jetpack_sharing_enabled":true,"_links":{"self":[{"href":"https:\/\/vanderloubet.com.br\/deputado\/wp-json\/wp\/v2\/posts\/3633","targetHints":{"allow":["GET"]}}],"collection":[{"href":"https:\/\/vanderloubet.com.br\/deputado\/wp-json\/wp\/v2\/posts"}],"about":[{"href":"https:\/\/vanderloubet.com.br\/deputado\/wp-json\/wp\/v2\/types\/post"}],"author":[{"embeddable":true,"href":"https:\/\/vanderloubet.com.br\/deputado\/wp-json\/wp\/v2\/users\/2"}],"replies":[{"embeddable":true,"href":"https:\/\/vanderloubet.com.br\/deputado\/wp-json\/wp\/v2\/comments?post=3633"}],"version-history":[{"count":0,"href":"https:\/\/vanderloubet.com.br\/deputado\/wp-json\/wp\/v2\/posts\/3633\/revisions"}],"wp:attachment":[{"href":"https:\/\/vanderloubet.com.br\/deputado\/wp-json\/wp\/v2\/media?parent=3633"}],"wp:term":[{"taxonomy":"category","embeddable":true,"href":"https:\/\/vanderloubet.com.br\/deputado\/wp-json\/wp\/v2\/categories?post=3633"},{"taxonomy":"post_tag","embeddable":true,"href":"https:\/\/vanderloubet.com.br\/deputado\/wp-json\/wp\/v2\/tags?post=3633"}],"curies":[{"name":"wp","href":"https:\/\/api.w.org\/{rel}","templated":true}]}}