{"id":3630,"date":"2011-08-17T21:33:59","date_gmt":"2011-08-18T01:33:59","guid":{"rendered":"http:\/\/www.deputadovander.com.br\/website\/?p=3630"},"modified":"2011-08-17T21:33:59","modified_gmt":"2011-08-18T01:33:59","slug":"vander-e-delcidio-ajudam-murilo-a-conseguir-recursos-para-dourados","status":"publish","type":"post","link":"https:\/\/vanderloubet.com.br\/deputado\/vander-e-delcidio-ajudam-murilo-a-conseguir-recursos-para-dourados\/","title":{"rendered":"Vander e Delc\u00eddio ajudam Murilo a conseguir recursos para Dourados"},"content":{"rendered":"<p style=\"text-align: center;\"><figure id=\"attachment_3631\" aria-describedby=\"caption-attachment-3631\" style=\"width: 400px\" class=\"wp-caption aligncenter\"><a href=\"http:\/\/www.deputadovander.com.br\/website\/wp-content\/uploads\/2011\/08\/foto-2011-08-17-delcidio-lima-murilo-vander.jpg\" target=\"_blank\"><img decoding=\"async\" class=\"size-medium wp-image-3631 \" title=\"foto-2011-08-17-delcidio-lima-murilo-vander\" src=\"http:\/\/www.deputadovander.com.br\/website\/wp-content\/uploads\/2011\/08\/foto-2011-08-17-delcidio-lima-murilo-vander-400x222.jpg\" alt=\"Delc\u00eddio, Luiz Carlos Lima, Murilo e Vander em Bras\u00edlia (foto: Assessoria\/Delc\u00eddio)\" width=\"400\" height=\"222\" \/><\/a><figcaption id=\"caption-attachment-3631\" class=\"wp-caption-text\">Delc\u00eddio, Luiz Carlos Lima, Murilo e Vander em Bras\u00edlia (foto: Assessoria\/Delc\u00eddio)<\/figcaption><\/figure><\/p>\n<p>O senador Delc\u00eddio do Amaral (PT-MS), o deputado federal Vander Loubet (PT-MS) e o prefeito Murilo Zauith (PSB) foram recebidos em audi\u00eancia nesta quarta-feira (17), em Bras\u00edlia, pelo secret\u00e1rio de Transportes e Mobilidade Urbana do Minist\u00e9rio das Cidades, Luiz Carlos Bueno de Lima, a quem apresentaram projetos no valor total de R$ 48 milh\u00f5es para investimentos em Dourados.<\/p>\n<p>Delc\u00eddio pediu a Lima que ap\u00f3ie a prefeitura de Dourados. &#8220;Estamos cumprindo o compromisso que assumimos com o prefeito Murilo e com toda a popula\u00e7\u00e3o de Dourados: viabilizar recursos do Programa Pr\u00f3-Cidades para investimentos em infraestrutura urbana, incluindo pavimenta\u00e7\u00e3o e drenagem. Vamos lutar tamb\u00e9m para equacionar o encaminhamento do PAC 2, especialmente em fun\u00e7\u00e3o da implanta\u00e7\u00e3o da Perimetral Norte, cujos acessos precisam tamb\u00e9m de obras de asfaltamento e drenagem. Tudo isso para oferecer ao Murilo as condi\u00e7\u00f5es necess\u00e1rias para propiciar bem estar e desenvolvimento para a segunda maior cidade de Mato Grosso do Sul&#8221;, destacou Delc\u00eddio.<\/p>\n<p>Vander afirmou que essa a\u00e7\u00e3o faz parte do rol de responsabilidades assumidas pelo mandato em prol de Dourados desde as elei\u00e7\u00f5es extraordin\u00e1rias de fevereiro. &#8220;Assim como o Delc\u00eddio, sinto-me satisfeito por me empenhar para ajudar a popula\u00e7\u00e3o douradense. Assim como trabalhei pela coaliz\u00e3o que devolveu um governo ao munic\u00edpio, vou me empenhar para garantir recursos como esse, de R$ 48 milh\u00f5es, que ajudem o progresso de Dourados\u201d, declarou o deputado.<\/p>\n<p>O prefeito de Dourados saiu satisfeito do encontro. &#8220;A reuni\u00e3o foi \u00f3tima, exatamente como n\u00f3s esper\u00e1vamos. Viemos tecnicamente preparados, com todos os projetos devidamente elaborados. Formalizamos ao Minist\u00e9rio das Cidades o pedido para que Dourados conte com estes recursos e n\u00e3o temos d\u00favida de que, com o apoio do Delc\u00eddio e do Vander, nosso pleito ser\u00e1 atendido&#8221;, acredita Murilo.<\/p>\n<p><span style=\"font-size: 11px;\">(fonte: Assessoria\/Senador Delc\u00eddio)<\/span><\/p>\n","protected":false},"excerpt":{"rendered":"<p>Em audi\u00eancia no Minist\u00e9rio das Cidades, os tr\u00eas apresentaram projetos no valor de R$ 48 milh\u00f5es para investimentos.<\/p>\n","protected":false},"author":2,"featured_media":0,"comment_status":"closed","ping_status":"open","sticky":false,"template":"","format":"standard","meta":{"jetpack_post_was_ever_published":false,"_jetpack_newsletter_access":"","_jetpack_dont_email_post_to_subs":false,"_jetpack_newsletter_tier_id":0,"_jetpack_memberships_contains_paywalled_content":false,"_jetpack_memberships_contains_paid_content":false,"footnotes":""},"categories":[10],"tags":[115,302,442,590,608,672,807,1178,1302,1348,1607,1649,1655,1823,2033,2088],"class_list":{"0":"post-3630","1":"post","2":"type-post","3":"status-publish","4":"format-standard","6":"category-noticias","7":"tag-amaral","8":"tag-brasilia","9":"tag-cidades","10":"tag-delcidio","11":"tag-deputado","12":"tag-dourados","13":"tag-federal","14":"tag-loubet","15":"tag-ministerio","16":"tag-murilo","17":"tag-prefeito","18":"tag-psb","19":"tag-pt","20":"tag-senador","21":"tag-vander","22":"tag-zauith"},"yoast_head":"<!-- This site is optimized with the Yoast SEO plugin v27.4 - https:\/\/yoast.com\/product\/yoast-seo-wordpress\/ -->\n<title>Vander e Delc\u00eddio ajudam Murilo a conseguir recursos para Dourados<\/title>\n<meta name=\"robots\" content=\"index, follow, max-snippet:-1, max-image-preview:large, max-video-preview:-1\" \/>\n<link rel=\"canonical\" href=\"https:\/\/vanderloubet.com.br\/deputado\/vander-e-delcidio-ajudam-murilo-a-conseguir-recursos-para-dourados\/\" \/>\n<meta property=\"og:locale\" content=\"pt_BR\" \/>\n<meta property=\"og:type\" content=\"article\" \/>\n<meta property=\"og:title\" content=\"Vander e Delc\u00eddio ajudam Murilo a conseguir recursos para Dourados\" \/>\n<meta property=\"og:description\" content=\"Em audi\u00eancia no Minist\u00e9rio das Cidades, os tr\u00eas apresentaram projetos no valor de R$ 48 milh\u00f5es para investimentos.\" \/>\n<meta property=\"og:url\" content=\"https:\/\/vanderloubet.com.br\/deputado\/vander-e-delcidio-ajudam-murilo-a-conseguir-recursos-para-dourados\/\" \/>\n<meta property=\"og:site_name\" content=\"Deputado Federal Vander Loubet\" \/>\n<meta property=\"article:publisher\" content=\"https:\/\/facebook.com\/deputadovander\" \/>\n<meta property=\"article:published_time\" content=\"2011-08-18T01:33:59+00:00\" \/>\n<meta property=\"og:image\" content=\"http:\/\/www.deputadovander.com.br\/website\/wp-content\/uploads\/2011\/08\/foto-2011-08-17-delcidio-lima-murilo-vander-400x222.jpg\" \/>\n<meta name=\"author\" content=\"\u00c9der\" \/>\n<meta name=\"twitter:card\" content=\"summary_large_image\" \/>\n<meta name=\"twitter:creator\" content=\"@vanderloubet\" \/>\n<meta name=\"twitter:site\" content=\"@vanderloubet\" \/>\n<script type=\"application\/ld+json\" class=\"yoast-schema-graph\">{\"@context\":\"https:\\\/\\\/schema.org\",\"@graph\":[{\"@type\":\"Article\",\"@id\":\"https:\\\/\\\/vanderloubet.com.br\\\/deputado\\\/vander-e-delcidio-ajudam-murilo-a-conseguir-recursos-para-dourados\\\/#article\",\"isPartOf\":{\"@id\":\"https:\\\/\\\/vanderloubet.com.br\\\/deputado\\\/vander-e-delcidio-ajudam-murilo-a-conseguir-recursos-para-dourados\\\/\"},\"author\":{\"name\":\"\u00c9der\",\"@id\":\"https:\\\/\\\/vanderloubet.com.br\\\/deputado\\\/#\\\/schema\\\/person\\\/15b51bd564532a8a68d9dec1b8eb890e\"},\"headline\":\"Vander e Delc\u00eddio ajudam Murilo a conseguir recursos para Dourados\",\"datePublished\":\"2011-08-18T01:33:59+00:00\",\"mainEntityOfPage\":{\"@id\":\"https:\\\/\\\/vanderloubet.com.br\\\/deputado\\\/vander-e-delcidio-ajudam-murilo-a-conseguir-recursos-para-dourados\\\/\"},\"wordCount\":351,\"publisher\":{\"@id\":\"https:\\\/\\\/vanderloubet.com.br\\\/deputado\\\/#organization\"},\"image\":{\"@id\":\"https:\\\/\\\/vanderloubet.com.br\\\/deputado\\\/vander-e-delcidio-ajudam-murilo-a-conseguir-recursos-para-dourados\\\/#primaryimage\"},\"thumbnailUrl\":\"http:\\\/\\\/www.deputadovander.com.br\\\/website\\\/wp-content\\\/uploads\\\/2011\\\/08\\\/foto-2011-08-17-delcidio-lima-murilo-vander-400x222.jpg\",\"keywords\":[\"amaral\",\"bras\u00edlia\",\"cidades\",\"delc\u00eddio\",\"deputado\",\"dourados\",\"federal\",\"loubet\",\"minist\u00e9rio\",\"murilo\",\"prefeito\",\"psb\",\"PT\",\"senador\",\"vander\",\"zauith\"],\"articleSection\":[\"Not\u00edcias\"],\"inLanguage\":\"pt-BR\"},{\"@type\":\"WebPage\",\"@id\":\"https:\\\/\\\/vanderloubet.com.br\\\/deputado\\\/vander-e-delcidio-ajudam-murilo-a-conseguir-recursos-para-dourados\\\/\",\"url\":\"https:\\\/\\\/vanderloubet.com.br\\\/deputado\\\/vander-e-delcidio-ajudam-murilo-a-conseguir-recursos-para-dourados\\\/\",\"name\":\"Vander e Delc\u00eddio ajudam Murilo a conseguir recursos para Dourados\",\"isPartOf\":{\"@id\":\"https:\\\/\\\/vanderloubet.com.br\\\/deputado\\\/#website\"},\"primaryImageOfPage\":{\"@id\":\"https:\\\/\\\/vanderloubet.com.br\\\/deputado\\\/vander-e-delcidio-ajudam-murilo-a-conseguir-recursos-para-dourados\\\/#primaryimage\"},\"image\":{\"@id\":\"https:\\\/\\\/vanderloubet.com.br\\\/deputado\\\/vander-e-delcidio-ajudam-murilo-a-conseguir-recursos-para-dourados\\\/#primaryimage\"},\"thumbnailUrl\":\"http:\\\/\\\/www.deputadovander.com.br\\\/website\\\/wp-content\\\/uploads\\\/2011\\\/08\\\/foto-2011-08-17-delcidio-lima-murilo-vander-400x222.jpg\",\"datePublished\":\"2011-08-18T01:33:59+00:00\",\"breadcrumb\":{\"@id\":\"https:\\\/\\\/vanderloubet.com.br\\\/deputado\\\/vander-e-delcidio-ajudam-murilo-a-conseguir-recursos-para-dourados\\\/#breadcrumb\"},\"inLanguage\":\"pt-BR\",\"potentialAction\":[{\"@type\":\"ReadAction\",\"target\":[\"https:\\\/\\\/vanderloubet.com.br\\\/deputado\\\/vander-e-delcidio-ajudam-murilo-a-conseguir-recursos-para-dourados\\\/\"]}]},{\"@type\":\"ImageObject\",\"inLanguage\":\"pt-BR\",\"@id\":\"https:\\\/\\\/vanderloubet.com.br\\\/deputado\\\/vander-e-delcidio-ajudam-murilo-a-conseguir-recursos-para-dourados\\\/#primaryimage\",\"url\":\"http:\\\/\\\/www.deputadovander.com.br\\\/website\\\/wp-content\\\/uploads\\\/2011\\\/08\\\/foto-2011-08-17-delcidio-lima-murilo-vander-400x222.jpg\",\"contentUrl\":\"http:\\\/\\\/www.deputadovander.com.br\\\/website\\\/wp-content\\\/uploads\\\/2011\\\/08\\\/foto-2011-08-17-delcidio-lima-murilo-vander-400x222.jpg\"},{\"@type\":\"BreadcrumbList\",\"@id\":\"https:\\\/\\\/vanderloubet.com.br\\\/deputado\\\/vander-e-delcidio-ajudam-murilo-a-conseguir-recursos-para-dourados\\\/#breadcrumb\",\"itemListElement\":[{\"@type\":\"ListItem\",\"position\":1,\"name\":\"In\u00edcio\",\"item\":\"https:\\\/\\\/vanderloubet.com.br\\\/deputado\\\/\"},{\"@type\":\"ListItem\",\"position\":2,\"name\":\"Vander e Delc\u00eddio ajudam Murilo a conseguir recursos para Dourados\"}]},{\"@type\":\"WebSite\",\"@id\":\"https:\\\/\\\/vanderloubet.com.br\\\/deputado\\\/#website\",\"url\":\"https:\\\/\\\/vanderloubet.com.br\\\/deputado\\\/\",\"name\":\"Deputado Federal Vander Loubet\",\"description\":\"O Federal de MS\",\"publisher\":{\"@id\":\"https:\\\/\\\/vanderloubet.com.br\\\/deputado\\\/#organization\"},\"alternateName\":\"Deputado Vander\",\"potentialAction\":[{\"@type\":\"SearchAction\",\"target\":{\"@type\":\"EntryPoint\",\"urlTemplate\":\"https:\\\/\\\/vanderloubet.com.br\\\/deputado\\\/?s={search_term_string}\"},\"query-input\":{\"@type\":\"PropertyValueSpecification\",\"valueRequired\":true,\"valueName\":\"search_term_string\"}}],\"inLanguage\":\"pt-BR\"},{\"@type\":\"Organization\",\"@id\":\"https:\\\/\\\/vanderloubet.com.br\\\/deputado\\\/#organization\",\"name\":\"Deputado Federal Vander Loubet\",\"alternateName\":\"Deputado Vander\",\"url\":\"https:\\\/\\\/vanderloubet.com.br\\\/deputado\\\/\",\"logo\":{\"@type\":\"ImageObject\",\"inLanguage\":\"pt-BR\",\"@id\":\"https:\\\/\\\/vanderloubet.com.br\\\/deputado\\\/#\\\/schema\\\/logo\\\/image\\\/\",\"url\":\"https:\\\/\\\/vanderloubet.com.br\\\/deputado\\\/wp-content\\\/uploads\\\/2023\\\/06\\\/foto-2023-06-19-mandato-deputado-vander.jpg\",\"contentUrl\":\"https:\\\/\\\/vanderloubet.com.br\\\/deputado\\\/wp-content\\\/uploads\\\/2023\\\/06\\\/foto-2023-06-19-mandato-deputado-vander.jpg\",\"width\":1080,\"height\":1080,\"caption\":\"Deputado Federal Vander Loubet\"},\"image\":{\"@id\":\"https:\\\/\\\/vanderloubet.com.br\\\/deputado\\\/#\\\/schema\\\/logo\\\/image\\\/\"},\"sameAs\":[\"https:\\\/\\\/facebook.com\\\/deputadovander\",\"https:\\\/\\\/x.com\\\/vanderloubet\",\"https:\\\/\\\/instagram.com\\\/vanderloubet\",\"https:\\\/\\\/youtube.com\\\/vanderloubet\",\"https:\\\/\\\/tiktok.com\\\/@vanderloubetms\"]},{\"@type\":\"Person\",\"@id\":\"https:\\\/\\\/vanderloubet.com.br\\\/deputado\\\/#\\\/schema\\\/person\\\/15b51bd564532a8a68d9dec1b8eb890e\",\"name\":\"\u00c9der\",\"image\":{\"@type\":\"ImageObject\",\"inLanguage\":\"pt-BR\",\"@id\":\"https:\\\/\\\/vanderloubet.com.br\\\/deputado\\\/wp-content\\\/litespeed\\\/avatar\\\/88ca4090d9d5ab1c9495f6ca03b68efa.jpg?ver=1777058957\",\"url\":\"https:\\\/\\\/vanderloubet.com.br\\\/deputado\\\/wp-content\\\/litespeed\\\/avatar\\\/88ca4090d9d5ab1c9495f6ca03b68efa.jpg?ver=1777058957\",\"contentUrl\":\"https:\\\/\\\/vanderloubet.com.br\\\/deputado\\\/wp-content\\\/litespeed\\\/avatar\\\/88ca4090d9d5ab1c9495f6ca03b68efa.jpg?ver=1777058957\",\"caption\":\"\u00c9der\"}}]}<\/script>\n<!-- \/ Yoast SEO plugin. -->","yoast_head_json":{"title":"Vander e Delc\u00eddio ajudam Murilo a conseguir recursos para Dourados","robots":{"index":"index","follow":"follow","max-snippet":"max-snippet:-1","max-image-preview":"max-image-preview:large","max-video-preview":"max-video-preview:-1"},"canonical":"https:\/\/vanderloubet.com.br\/deputado\/vander-e-delcidio-ajudam-murilo-a-conseguir-recursos-para-dourados\/","og_locale":"pt_BR","og_type":"article","og_title":"Vander e Delc\u00eddio ajudam Murilo a conseguir recursos para Dourados","og_description":"Em audi\u00eancia no Minist\u00e9rio das Cidades, os tr\u00eas apresentaram projetos no valor de R$ 48 milh\u00f5es para investimentos.","og_url":"https:\/\/vanderloubet.com.br\/deputado\/vander-e-delcidio-ajudam-murilo-a-conseguir-recursos-para-dourados\/","og_site_name":"Deputado Federal Vander Loubet","article_publisher":"https:\/\/facebook.com\/deputadovander","article_published_time":"2011-08-18T01:33:59+00:00","og_image":[{"url":"http:\/\/www.deputadovander.com.br\/website\/wp-content\/uploads\/2011\/08\/foto-2011-08-17-delcidio-lima-murilo-vander-400x222.jpg","type":"","width":"","height":""}],"author":"\u00c9der","twitter_card":"summary_large_image","twitter_creator":"@vanderloubet","twitter_site":"@vanderloubet","schema":{"@context":"https:\/\/schema.org","@graph":[{"@type":"Article","@id":"https:\/\/vanderloubet.com.br\/deputado\/vander-e-delcidio-ajudam-murilo-a-conseguir-recursos-para-dourados\/#article","isPartOf":{"@id":"https:\/\/vanderloubet.com.br\/deputado\/vander-e-delcidio-ajudam-murilo-a-conseguir-recursos-para-dourados\/"},"author":{"name":"\u00c9der","@id":"https:\/\/vanderloubet.com.br\/deputado\/#\/schema\/person\/15b51bd564532a8a68d9dec1b8eb890e"},"headline":"Vander e Delc\u00eddio ajudam Murilo a conseguir recursos para Dourados","datePublished":"2011-08-18T01:33:59+00:00","mainEntityOfPage":{"@id":"https:\/\/vanderloubet.com.br\/deputado\/vander-e-delcidio-ajudam-murilo-a-conseguir-recursos-para-dourados\/"},"wordCount":351,"publisher":{"@id":"https:\/\/vanderloubet.com.br\/deputado\/#organization"},"image":{"@id":"https:\/\/vanderloubet.com.br\/deputado\/vander-e-delcidio-ajudam-murilo-a-conseguir-recursos-para-dourados\/#primaryimage"},"thumbnailUrl":"http:\/\/www.deputadovander.com.br\/website\/wp-content\/uploads\/2011\/08\/foto-2011-08-17-delcidio-lima-murilo-vander-400x222.jpg","keywords":["amaral","bras\u00edlia","cidades","delc\u00eddio","deputado","dourados","federal","loubet","minist\u00e9rio","murilo","prefeito","psb","PT","senador","vander","zauith"],"articleSection":["Not\u00edcias"],"inLanguage":"pt-BR"},{"@type":"WebPage","@id":"https:\/\/vanderloubet.com.br\/deputado\/vander-e-delcidio-ajudam-murilo-a-conseguir-recursos-para-dourados\/","url":"https:\/\/vanderloubet.com.br\/deputado\/vander-e-delcidio-ajudam-murilo-a-conseguir-recursos-para-dourados\/","name":"Vander e Delc\u00eddio ajudam Murilo a conseguir recursos para Dourados","isPartOf":{"@id":"https:\/\/vanderloubet.com.br\/deputado\/#website"},"primaryImageOfPage":{"@id":"https:\/\/vanderloubet.com.br\/deputado\/vander-e-delcidio-ajudam-murilo-a-conseguir-recursos-para-dourados\/#primaryimage"},"image":{"@id":"https:\/\/vanderloubet.com.br\/deputado\/vander-e-delcidio-ajudam-murilo-a-conseguir-recursos-para-dourados\/#primaryimage"},"thumbnailUrl":"http:\/\/www.deputadovander.com.br\/website\/wp-content\/uploads\/2011\/08\/foto-2011-08-17-delcidio-lima-murilo-vander-400x222.jpg","datePublished":"2011-08-18T01:33:59+00:00","breadcrumb":{"@id":"https:\/\/vanderloubet.com.br\/deputado\/vander-e-delcidio-ajudam-murilo-a-conseguir-recursos-para-dourados\/#breadcrumb"},"inLanguage":"pt-BR","potentialAction":[{"@type":"ReadAction","target":["https:\/\/vanderloubet.com.br\/deputado\/vander-e-delcidio-ajudam-murilo-a-conseguir-recursos-para-dourados\/"]}]},{"@type":"ImageObject","inLanguage":"pt-BR","@id":"https:\/\/vanderloubet.com.br\/deputado\/vander-e-delcidio-ajudam-murilo-a-conseguir-recursos-para-dourados\/#primaryimage","url":"http:\/\/www.deputadovander.com.br\/website\/wp-content\/uploads\/2011\/08\/foto-2011-08-17-delcidio-lima-murilo-vander-400x222.jpg","contentUrl":"http:\/\/www.deputadovander.com.br\/website\/wp-content\/uploads\/2011\/08\/foto-2011-08-17-delcidio-lima-murilo-vander-400x222.jpg"},{"@type":"BreadcrumbList","@id":"https:\/\/vanderloubet.com.br\/deputado\/vander-e-delcidio-ajudam-murilo-a-conseguir-recursos-para-dourados\/#breadcrumb","itemListElement":[{"@type":"ListItem","position":1,"name":"In\u00edcio","item":"https:\/\/vanderloubet.com.br\/deputado\/"},{"@type":"ListItem","position":2,"name":"Vander e Delc\u00eddio ajudam Murilo a conseguir recursos para Dourados"}]},{"@type":"WebSite","@id":"https:\/\/vanderloubet.com.br\/deputado\/#website","url":"https:\/\/vanderloubet.com.br\/deputado\/","name":"Deputado Federal Vander Loubet","description":"O Federal de MS","publisher":{"@id":"https:\/\/vanderloubet.com.br\/deputado\/#organization"},"alternateName":"Deputado Vander","potentialAction":[{"@type":"SearchAction","target":{"@type":"EntryPoint","urlTemplate":"https:\/\/vanderloubet.com.br\/deputado\/?s={search_term_string}"},"query-input":{"@type":"PropertyValueSpecification","valueRequired":true,"valueName":"search_term_string"}}],"inLanguage":"pt-BR"},{"@type":"Organization","@id":"https:\/\/vanderloubet.com.br\/deputado\/#organization","name":"Deputado Federal Vander Loubet","alternateName":"Deputado Vander","url":"https:\/\/vanderloubet.com.br\/deputado\/","logo":{"@type":"ImageObject","inLanguage":"pt-BR","@id":"https:\/\/vanderloubet.com.br\/deputado\/#\/schema\/logo\/image\/","url":"https:\/\/vanderloubet.com.br\/deputado\/wp-content\/uploads\/2023\/06\/foto-2023-06-19-mandato-deputado-vander.jpg","contentUrl":"https:\/\/vanderloubet.com.br\/deputado\/wp-content\/uploads\/2023\/06\/foto-2023-06-19-mandato-deputado-vander.jpg","width":1080,"height":1080,"caption":"Deputado Federal Vander Loubet"},"image":{"@id":"https:\/\/vanderloubet.com.br\/deputado\/#\/schema\/logo\/image\/"},"sameAs":["https:\/\/facebook.com\/deputadovander","https:\/\/x.com\/vanderloubet","https:\/\/instagram.com\/vanderloubet","https:\/\/youtube.com\/vanderloubet","https:\/\/tiktok.com\/@vanderloubetms"]},{"@type":"Person","@id":"https:\/\/vanderloubet.com.br\/deputado\/#\/schema\/person\/15b51bd564532a8a68d9dec1b8eb890e","name":"\u00c9der","image":{"@type":"ImageObject","inLanguage":"pt-BR","@id":"https:\/\/vanderloubet.com.br\/deputado\/wp-content\/litespeed\/avatar\/88ca4090d9d5ab1c9495f6ca03b68efa.jpg?ver=1777058957","url":"https:\/\/vanderloubet.com.br\/deputado\/wp-content\/litespeed\/avatar\/88ca4090d9d5ab1c9495f6ca03b68efa.jpg?ver=1777058957","contentUrl":"https:\/\/vanderloubet.com.br\/deputado\/wp-content\/litespeed\/avatar\/88ca4090d9d5ab1c9495f6ca03b68efa.jpg?ver=1777058957","caption":"\u00c9der"}}]}},"jetpack_featured_media_url":"","jetpack_sharing_enabled":true,"_links":{"self":[{"href":"https:\/\/vanderloubet.com.br\/deputado\/wp-json\/wp\/v2\/posts\/3630","targetHints":{"allow":["GET"]}}],"collection":[{"href":"https:\/\/vanderloubet.com.br\/deputado\/wp-json\/wp\/v2\/posts"}],"about":[{"href":"https:\/\/vanderloubet.com.br\/deputado\/wp-json\/wp\/v2\/types\/post"}],"author":[{"embeddable":true,"href":"https:\/\/vanderloubet.com.br\/deputado\/wp-json\/wp\/v2\/users\/2"}],"replies":[{"embeddable":true,"href":"https:\/\/vanderloubet.com.br\/deputado\/wp-json\/wp\/v2\/comments?post=3630"}],"version-history":[{"count":0,"href":"https:\/\/vanderloubet.com.br\/deputado\/wp-json\/wp\/v2\/posts\/3630\/revisions"}],"wp:attachment":[{"href":"https:\/\/vanderloubet.com.br\/deputado\/wp-json\/wp\/v2\/media?parent=3630"}],"wp:term":[{"taxonomy":"category","embeddable":true,"href":"https:\/\/vanderloubet.com.br\/deputado\/wp-json\/wp\/v2\/categories?post=3630"},{"taxonomy":"post_tag","embeddable":true,"href":"https:\/\/vanderloubet.com.br\/deputado\/wp-json\/wp\/v2\/tags?post=3630"}],"curies":[{"name":"wp","href":"https:\/\/api.w.org\/{rel}","templated":true}]}}