{"id":3598,"date":"2011-08-08T17:50:04","date_gmt":"2011-08-08T21:50:04","guid":{"rendered":"http:\/\/www.deputadovander.com.br\/website\/?p=3598"},"modified":"2011-08-08T17:50:04","modified_gmt":"2011-08-08T21:50:04","slug":"ufms-forma-primeira-turma-de-agronomia-em-chapadao-do-sul","status":"publish","type":"post","link":"https:\/\/vanderloubet.com.br\/deputado\/ufms-forma-primeira-turma-de-agronomia-em-chapadao-do-sul\/","title":{"rendered":"UFMS forma primeira turma de agronomia em Chapad\u00e3o do Sul"},"content":{"rendered":"<p style=\"text-align: center;\"><figure id=\"attachment_3601\" aria-describedby=\"caption-attachment-3601\" style=\"width: 400px\" class=\"wp-caption aligncenter\"><a href=\"http:\/\/www.deputadovander.com.br\/website\/wp-content\/uploads\/2011\/08\/foto-2011-08-08-agronomia-ufms-chapadao.jpg\" target=\"_blank\"><img fetchpriority=\"high\" decoding=\"async\" class=\"size-medium wp-image-3601 \" title=\"foto-2011-08-08-agronomia-ufms-chapadao\" src=\"http:\/\/www.deputadovander.com.br\/website\/wp-content\/uploads\/2011\/08\/foto-2011-08-08-agronomia-ufms-chapadao-400x350.jpg\" alt=\"Formandos da UFMS de Chapad\u00e3o e prefeito Jocelito com deputado Vander\" width=\"400\" height=\"350\" \/><\/a><figcaption id=\"caption-attachment-3601\" class=\"wp-caption-text\">Formandos da UFMS de Chapad\u00e3o e prefeito Jocelito com deputado Vander<\/figcaption><\/figure><\/p>\n<p>Em uma noite festiva e hist\u00f3rica para Chapad\u00e3o do Sul, a Universidade Federal de Mato Grosso do Sul (UFMS) formou na \u00faltima quinta-feira (4) a primeira turma do curso de agronomia do campus de Chapad\u00e3o do Sul.<\/p>\n<p>A primeira turma tem sete formandos: Jeruska Moreira Brenha (de Andradina-SP), Let\u00edcia Aparecida de Oliveira (de Tr\u00eas Lagoas), Lucymara Contardi (de Andradina-SP), Marcos Landgraf Malta (de Bras\u00edlia-DF), Rafael Teixeira (de Andradina-SP), Rafael Rodrigues da Silva (de Chapad\u00e3o do C\u00e9u-GO) e Rodrigo F\u00e1bio Moratelli (de Chapad\u00e3o do Sul).<\/p>\n<p>Para o prefeito Jocelito Krug (PMDB), a formatura da primeira turma \u00e9 mais uma etapa do sonho que se torna realidade. &#8220;\u00c9 um grande orgulho a formatura da primeira turma, pois antes de assumir o mandato buscamos a vinda da Universidade Federal, que se concretizou no primeiro ano do nosso mandato, depois lutamos pela constru\u00e7\u00e3o do campus pr\u00f3prio, inaugurado no final de 2008 e agora a formatura da primeira turma&#8221;, lembrou.<\/p>\n<p>O deputado federal Vander Loubet (PT-MS), que foi um dos maiores apoiadores do campus da UFMS em Chapad\u00e3o do Sul, declarou estar contente com a formatura dessa primeira turma. &#8220;Sem d\u00favida essa fornatura representa uma grande conquista para Chapad\u00e3o. O fato de a turma ter muitos alunos de fora do nosso estado demonstra que o munic\u00edpio confirma sua voca\u00e7\u00e3o agr\u00edcola, inclusive na forma\u00e7\u00e3o de novos profissionais&#8221;, destacou Vander.<\/p>\n<p><strong>Estrutura<\/strong><\/p>\n<p>O campus da Federal em Chapad\u00e3o do Sul foi inaugurado em novembro de 2008 conta com um anfiteatro para 100 pessoas, quatro salas de aulas, setor administrativo, cantina, sanit\u00e1rios, \u00e1rea de conviv\u00eancia, biblioteca e seis laborat\u00f3rios de pesquisa climatizados que englobam as \u00e1reas de biologia, bot\u00e2nica, microscopia, zoologia, microbiologia, inform\u00e1tica, desenho t\u00e9cnico e qu\u00edmica, entre outras.<\/p>\n<p>O terreno para a constru\u00e7\u00e3o foi doado pela Fazenda Campo Bom. Na primeira etapa da obra, o investimento foi de R$ 680 mil, sendo R$ 500 mil de emenda parlamentar do deputado Vander Loubet e o restante recursos da pr\u00f3pria Universidade. Na segunda etapa, foram destinados mais R$ 1 milh\u00e3o para a conclus\u00e3o do campus.<\/p>\n<p><span style=\"font-size: 11px;\">(\u00c9der Yanaguita\/Assessoria Deputado Vander)<\/span><\/p>\n","protected":false},"excerpt":{"rendered":"<p>Constru\u00e7\u00e3o do campus no munic\u00edpio teve participa\u00e7\u00e3o decisiva do deputado Vander por meio de emenda de R$ 500 mil.<\/p>\n","protected":false},"author":2,"featured_media":0,"comment_status":"closed","ping_status":"open","sticky":false,"template":"","format":"standard","meta":{"_jetpack_newsletter_access":"","_jetpack_dont_email_post_to_subs":false,"_jetpack_newsletter_tier_id":0,"_jetpack_memberships_contains_paywalled_content":false,"_jetpack_feature_clip_id":0,"_jetpack_memberships_contains_paid_content":false,"footnotes":"","jetpack_post_was_ever_published":false},"categories":[10],"tags":[74,344,430,608,807,1078,1116,1178,1564,1607,1655,1902,2002,2033],"class_list":["post-3598","post","type-post","status-publish","format-standard","hentry","category-noticias","tag-agronomia","tag-campus","tag-chapadao","tag-deputado","tag-federal","tag-jocelito","tag-krug","tag-loubet","tag-pmdb","tag-prefeito","tag-pt","tag-sul","tag-ufms","tag-vander"],"yoast_head":"<!-- This site is optimized with the Yoast SEO plugin v28.0 - https:\/\/yoast.com\/product\/yoast-seo-wordpress\/ -->\n<title>UFMS forma primeira turma de agronomia em Chapad\u00e3o do Sul<\/title>\n<meta name=\"robots\" content=\"index, follow, max-snippet:-1, max-image-preview:large, max-video-preview:-1\" \/>\n<link rel=\"canonical\" href=\"https:\/\/vanderloubet.com.br\/deputado\/ufms-forma-primeira-turma-de-agronomia-em-chapadao-do-sul\/\" \/>\n<meta property=\"og:locale\" content=\"pt_BR\" \/>\n<meta property=\"og:type\" content=\"article\" \/>\n<meta property=\"og:title\" content=\"UFMS forma primeira turma de agronomia em Chapad\u00e3o do Sul\" \/>\n<meta property=\"og:description\" content=\"Constru\u00e7\u00e3o do campus no munic\u00edpio teve participa\u00e7\u00e3o decisiva do deputado Vander por meio de emenda de R$ 500 mil.\" \/>\n<meta property=\"og:url\" content=\"https:\/\/vanderloubet.com.br\/deputado\/ufms-forma-primeira-turma-de-agronomia-em-chapadao-do-sul\/\" \/>\n<meta property=\"og:site_name\" content=\"Vander 133\" \/>\n<meta property=\"article:publisher\" content=\"https:\/\/facebook.com\/deputadovander\" \/>\n<meta property=\"article:published_time\" content=\"2011-08-08T21:50:04+00:00\" \/>\n<meta property=\"og:image\" content=\"http:\/\/www.deputadovander.com.br\/website\/wp-content\/uploads\/2011\/08\/foto-2011-08-08-agronomia-ufms-chapadao-400x350.jpg\" \/>\n<meta name=\"author\" content=\"\u00c9der\" \/>\n<meta name=\"twitter:card\" content=\"summary_large_image\" \/>\n<meta name=\"twitter:creator\" content=\"@vanderloubet\" \/>\n<meta name=\"twitter:site\" content=\"@vanderloubet\" \/>\n<script type=\"application\/ld+json\" class=\"yoast-schema-graph\">{\"@context\":\"https:\\\/\\\/schema.org\",\"@graph\":[{\"@type\":\"Article\",\"@id\":\"https:\\\/\\\/vanderloubet.com.br\\\/deputado\\\/ufms-forma-primeira-turma-de-agronomia-em-chapadao-do-sul\\\/#article\",\"isPartOf\":{\"@id\":\"https:\\\/\\\/vanderloubet.com.br\\\/deputado\\\/ufms-forma-primeira-turma-de-agronomia-em-chapadao-do-sul\\\/\"},\"author\":{\"name\":\"\u00c9der\",\"@id\":\"https:\\\/\\\/vanderloubet.com.br\\\/deputado\\\/#\\\/schema\\\/person\\\/15b51bd564532a8a68d9dec1b8eb890e\"},\"headline\":\"UFMS forma primeira turma de agronomia em Chapad\u00e3o do Sul\",\"datePublished\":\"2011-08-08T21:50:04+00:00\",\"mainEntityOfPage\":{\"@id\":\"https:\\\/\\\/vanderloubet.com.br\\\/deputado\\\/ufms-forma-primeira-turma-de-agronomia-em-chapadao-do-sul\\\/\"},\"wordCount\":393,\"publisher\":{\"@id\":\"https:\\\/\\\/vanderloubet.com.br\\\/deputado\\\/#organization\"},\"image\":{\"@id\":\"https:\\\/\\\/vanderloubet.com.br\\\/deputado\\\/ufms-forma-primeira-turma-de-agronomia-em-chapadao-do-sul\\\/#primaryimage\"},\"thumbnailUrl\":\"http:\\\/\\\/www.deputadovander.com.br\\\/website\\\/wp-content\\\/uploads\\\/2011\\\/08\\\/foto-2011-08-08-agronomia-ufms-chapadao-400x350.jpg\",\"keywords\":[\"agronomia\",\"campus\",\"chapad\u00e3o\",\"deputado\",\"federal\",\"jocelito\",\"krug\",\"loubet\",\"pmdb\",\"prefeito\",\"PT\",\"sul\",\"ufms\",\"vander\"],\"articleSection\":[\"Not\u00edcias\"],\"inLanguage\":\"pt-BR\"},{\"@type\":\"WebPage\",\"@id\":\"https:\\\/\\\/vanderloubet.com.br\\\/deputado\\\/ufms-forma-primeira-turma-de-agronomia-em-chapadao-do-sul\\\/\",\"url\":\"https:\\\/\\\/vanderloubet.com.br\\\/deputado\\\/ufms-forma-primeira-turma-de-agronomia-em-chapadao-do-sul\\\/\",\"name\":\"UFMS forma primeira turma de agronomia em Chapad\u00e3o do Sul\",\"isPartOf\":{\"@id\":\"https:\\\/\\\/vanderloubet.com.br\\\/deputado\\\/#website\"},\"primaryImageOfPage\":{\"@id\":\"https:\\\/\\\/vanderloubet.com.br\\\/deputado\\\/ufms-forma-primeira-turma-de-agronomia-em-chapadao-do-sul\\\/#primaryimage\"},\"image\":{\"@id\":\"https:\\\/\\\/vanderloubet.com.br\\\/deputado\\\/ufms-forma-primeira-turma-de-agronomia-em-chapadao-do-sul\\\/#primaryimage\"},\"thumbnailUrl\":\"http:\\\/\\\/www.deputadovander.com.br\\\/website\\\/wp-content\\\/uploads\\\/2011\\\/08\\\/foto-2011-08-08-agronomia-ufms-chapadao-400x350.jpg\",\"datePublished\":\"2011-08-08T21:50:04+00:00\",\"breadcrumb\":{\"@id\":\"https:\\\/\\\/vanderloubet.com.br\\\/deputado\\\/ufms-forma-primeira-turma-de-agronomia-em-chapadao-do-sul\\\/#breadcrumb\"},\"inLanguage\":\"pt-BR\",\"potentialAction\":[{\"@type\":\"ReadAction\",\"target\":[\"https:\\\/\\\/vanderloubet.com.br\\\/deputado\\\/ufms-forma-primeira-turma-de-agronomia-em-chapadao-do-sul\\\/\"]}]},{\"@type\":\"ImageObject\",\"inLanguage\":\"pt-BR\",\"@id\":\"https:\\\/\\\/vanderloubet.com.br\\\/deputado\\\/ufms-forma-primeira-turma-de-agronomia-em-chapadao-do-sul\\\/#primaryimage\",\"url\":\"http:\\\/\\\/www.deputadovander.com.br\\\/website\\\/wp-content\\\/uploads\\\/2011\\\/08\\\/foto-2011-08-08-agronomia-ufms-chapadao-400x350.jpg\",\"contentUrl\":\"http:\\\/\\\/www.deputadovander.com.br\\\/website\\\/wp-content\\\/uploads\\\/2011\\\/08\\\/foto-2011-08-08-agronomia-ufms-chapadao-400x350.jpg\"},{\"@type\":\"BreadcrumbList\",\"@id\":\"https:\\\/\\\/vanderloubet.com.br\\\/deputado\\\/ufms-forma-primeira-turma-de-agronomia-em-chapadao-do-sul\\\/#breadcrumb\",\"itemListElement\":[{\"@type\":\"ListItem\",\"position\":1,\"name\":\"In\u00edcio\",\"item\":\"https:\\\/\\\/vanderloubet.com.br\\\/deputado\\\/\"},{\"@type\":\"ListItem\",\"position\":2,\"name\":\"UFMS forma primeira turma de agronomia em Chapad\u00e3o do Sul\"}]},{\"@type\":\"WebSite\",\"@id\":\"https:\\\/\\\/vanderloubet.com.br\\\/deputado\\\/#website\",\"url\":\"https:\\\/\\\/vanderloubet.com.br\\\/deputado\\\/\",\"name\":\"Vander 133\",\"description\":\"O Senador da gente\",\"publisher\":{\"@id\":\"https:\\\/\\\/vanderloubet.com.br\\\/deputado\\\/#organization\"},\"alternateName\":\"Deputado Vander\",\"potentialAction\":[{\"@type\":\"SearchAction\",\"target\":{\"@type\":\"EntryPoint\",\"urlTemplate\":\"https:\\\/\\\/vanderloubet.com.br\\\/deputado\\\/?s={search_term_string}\"},\"query-input\":{\"@type\":\"PropertyValueSpecification\",\"valueRequired\":true,\"valueName\":\"search_term_string\"}}],\"inLanguage\":\"pt-BR\"},{\"@type\":\"Organization\",\"@id\":\"https:\\\/\\\/vanderloubet.com.br\\\/deputado\\\/#organization\",\"name\":\"Deputado Federal Vander Loubet\",\"alternateName\":\"Deputado Vander\",\"url\":\"https:\\\/\\\/vanderloubet.com.br\\\/deputado\\\/\",\"logo\":{\"@type\":\"ImageObject\",\"inLanguage\":\"pt-BR\",\"@id\":\"https:\\\/\\\/vanderloubet.com.br\\\/deputado\\\/#\\\/schema\\\/logo\\\/image\\\/\",\"url\":\"https:\\\/\\\/vanderloubet.com.br\\\/deputado\\\/wp-content\\\/uploads\\\/2023\\\/06\\\/foto-2023-06-19-mandato-deputado-vander.jpg\",\"contentUrl\":\"https:\\\/\\\/vanderloubet.com.br\\\/deputado\\\/wp-content\\\/uploads\\\/2023\\\/06\\\/foto-2023-06-19-mandato-deputado-vander.jpg\",\"width\":1080,\"height\":1080,\"caption\":\"Deputado Federal Vander Loubet\"},\"image\":{\"@id\":\"https:\\\/\\\/vanderloubet.com.br\\\/deputado\\\/#\\\/schema\\\/logo\\\/image\\\/\"},\"sameAs\":[\"https:\\\/\\\/facebook.com\\\/deputadovander\",\"https:\\\/\\\/x.com\\\/vanderloubet\",\"https:\\\/\\\/instagram.com\\\/vanderloubet\",\"https:\\\/\\\/youtube.com\\\/vanderloubet\",\"https:\\\/\\\/tiktok.com\\\/@vanderloubetms\"]},{\"@type\":\"Person\",\"@id\":\"https:\\\/\\\/vanderloubet.com.br\\\/deputado\\\/#\\\/schema\\\/person\\\/15b51bd564532a8a68d9dec1b8eb890e\",\"name\":\"\u00c9der\",\"image\":{\"@type\":\"ImageObject\",\"inLanguage\":\"pt-BR\",\"@id\":\"https:\\\/\\\/secure.gravatar.com\\\/avatar\\\/f87e644facd4d2ef1044b556ced7905f2bfec824839a005707719af7787fea61?s=96&d=mm&r=g\",\"url\":\"https:\\\/\\\/secure.gravatar.com\\\/avatar\\\/f87e644facd4d2ef1044b556ced7905f2bfec824839a005707719af7787fea61?s=96&d=mm&r=g\",\"contentUrl\":\"https:\\\/\\\/secure.gravatar.com\\\/avatar\\\/f87e644facd4d2ef1044b556ced7905f2bfec824839a005707719af7787fea61?s=96&d=mm&r=g\",\"caption\":\"\u00c9der\"}}]}<\/script>\n<!-- \/ Yoast SEO plugin. -->","yoast_head_json":{"title":"UFMS forma primeira turma de agronomia em Chapad\u00e3o do Sul","robots":{"index":"index","follow":"follow","max-snippet":"max-snippet:-1","max-image-preview":"max-image-preview:large","max-video-preview":"max-video-preview:-1"},"canonical":"https:\/\/vanderloubet.com.br\/deputado\/ufms-forma-primeira-turma-de-agronomia-em-chapadao-do-sul\/","og_locale":"pt_BR","og_type":"article","og_title":"UFMS forma primeira turma de agronomia em Chapad\u00e3o do Sul","og_description":"Constru\u00e7\u00e3o do campus no munic\u00edpio teve participa\u00e7\u00e3o decisiva do deputado Vander por meio de emenda de R$ 500 mil.","og_url":"https:\/\/vanderloubet.com.br\/deputado\/ufms-forma-primeira-turma-de-agronomia-em-chapadao-do-sul\/","og_site_name":"Vander 133","article_publisher":"https:\/\/facebook.com\/deputadovander","article_published_time":"2011-08-08T21:50:04+00:00","og_image":[{"url":"http:\/\/www.deputadovander.com.br\/website\/wp-content\/uploads\/2011\/08\/foto-2011-08-08-agronomia-ufms-chapadao-400x350.jpg","type":"","width":"","height":""}],"author":"\u00c9der","twitter_card":"summary_large_image","twitter_creator":"@vanderloubet","twitter_site":"@vanderloubet","schema":{"@context":"https:\/\/schema.org","@graph":[{"@type":"Article","@id":"https:\/\/vanderloubet.com.br\/deputado\/ufms-forma-primeira-turma-de-agronomia-em-chapadao-do-sul\/#article","isPartOf":{"@id":"https:\/\/vanderloubet.com.br\/deputado\/ufms-forma-primeira-turma-de-agronomia-em-chapadao-do-sul\/"},"author":{"name":"\u00c9der","@id":"https:\/\/vanderloubet.com.br\/deputado\/#\/schema\/person\/15b51bd564532a8a68d9dec1b8eb890e"},"headline":"UFMS forma primeira turma de agronomia em Chapad\u00e3o do Sul","datePublished":"2011-08-08T21:50:04+00:00","mainEntityOfPage":{"@id":"https:\/\/vanderloubet.com.br\/deputado\/ufms-forma-primeira-turma-de-agronomia-em-chapadao-do-sul\/"},"wordCount":393,"publisher":{"@id":"https:\/\/vanderloubet.com.br\/deputado\/#organization"},"image":{"@id":"https:\/\/vanderloubet.com.br\/deputado\/ufms-forma-primeira-turma-de-agronomia-em-chapadao-do-sul\/#primaryimage"},"thumbnailUrl":"http:\/\/www.deputadovander.com.br\/website\/wp-content\/uploads\/2011\/08\/foto-2011-08-08-agronomia-ufms-chapadao-400x350.jpg","keywords":["agronomia","campus","chapad\u00e3o","deputado","federal","jocelito","krug","loubet","pmdb","prefeito","PT","sul","ufms","vander"],"articleSection":["Not\u00edcias"],"inLanguage":"pt-BR"},{"@type":"WebPage","@id":"https:\/\/vanderloubet.com.br\/deputado\/ufms-forma-primeira-turma-de-agronomia-em-chapadao-do-sul\/","url":"https:\/\/vanderloubet.com.br\/deputado\/ufms-forma-primeira-turma-de-agronomia-em-chapadao-do-sul\/","name":"UFMS forma primeira turma de agronomia em Chapad\u00e3o do Sul","isPartOf":{"@id":"https:\/\/vanderloubet.com.br\/deputado\/#website"},"primaryImageOfPage":{"@id":"https:\/\/vanderloubet.com.br\/deputado\/ufms-forma-primeira-turma-de-agronomia-em-chapadao-do-sul\/#primaryimage"},"image":{"@id":"https:\/\/vanderloubet.com.br\/deputado\/ufms-forma-primeira-turma-de-agronomia-em-chapadao-do-sul\/#primaryimage"},"thumbnailUrl":"http:\/\/www.deputadovander.com.br\/website\/wp-content\/uploads\/2011\/08\/foto-2011-08-08-agronomia-ufms-chapadao-400x350.jpg","datePublished":"2011-08-08T21:50:04+00:00","breadcrumb":{"@id":"https:\/\/vanderloubet.com.br\/deputado\/ufms-forma-primeira-turma-de-agronomia-em-chapadao-do-sul\/#breadcrumb"},"inLanguage":"pt-BR","potentialAction":[{"@type":"ReadAction","target":["https:\/\/vanderloubet.com.br\/deputado\/ufms-forma-primeira-turma-de-agronomia-em-chapadao-do-sul\/"]}]},{"@type":"ImageObject","inLanguage":"pt-BR","@id":"https:\/\/vanderloubet.com.br\/deputado\/ufms-forma-primeira-turma-de-agronomia-em-chapadao-do-sul\/#primaryimage","url":"http:\/\/www.deputadovander.com.br\/website\/wp-content\/uploads\/2011\/08\/foto-2011-08-08-agronomia-ufms-chapadao-400x350.jpg","contentUrl":"http:\/\/www.deputadovander.com.br\/website\/wp-content\/uploads\/2011\/08\/foto-2011-08-08-agronomia-ufms-chapadao-400x350.jpg"},{"@type":"BreadcrumbList","@id":"https:\/\/vanderloubet.com.br\/deputado\/ufms-forma-primeira-turma-de-agronomia-em-chapadao-do-sul\/#breadcrumb","itemListElement":[{"@type":"ListItem","position":1,"name":"In\u00edcio","item":"https:\/\/vanderloubet.com.br\/deputado\/"},{"@type":"ListItem","position":2,"name":"UFMS forma primeira turma de agronomia em Chapad\u00e3o do Sul"}]},{"@type":"WebSite","@id":"https:\/\/vanderloubet.com.br\/deputado\/#website","url":"https:\/\/vanderloubet.com.br\/deputado\/","name":"Vander 133","description":"O Senador da gente","publisher":{"@id":"https:\/\/vanderloubet.com.br\/deputado\/#organization"},"alternateName":"Deputado Vander","potentialAction":[{"@type":"SearchAction","target":{"@type":"EntryPoint","urlTemplate":"https:\/\/vanderloubet.com.br\/deputado\/?s={search_term_string}"},"query-input":{"@type":"PropertyValueSpecification","valueRequired":true,"valueName":"search_term_string"}}],"inLanguage":"pt-BR"},{"@type":"Organization","@id":"https:\/\/vanderloubet.com.br\/deputado\/#organization","name":"Deputado Federal Vander Loubet","alternateName":"Deputado Vander","url":"https:\/\/vanderloubet.com.br\/deputado\/","logo":{"@type":"ImageObject","inLanguage":"pt-BR","@id":"https:\/\/vanderloubet.com.br\/deputado\/#\/schema\/logo\/image\/","url":"https:\/\/vanderloubet.com.br\/deputado\/wp-content\/uploads\/2023\/06\/foto-2023-06-19-mandato-deputado-vander.jpg","contentUrl":"https:\/\/vanderloubet.com.br\/deputado\/wp-content\/uploads\/2023\/06\/foto-2023-06-19-mandato-deputado-vander.jpg","width":1080,"height":1080,"caption":"Deputado Federal Vander Loubet"},"image":{"@id":"https:\/\/vanderloubet.com.br\/deputado\/#\/schema\/logo\/image\/"},"sameAs":["https:\/\/facebook.com\/deputadovander","https:\/\/x.com\/vanderloubet","https:\/\/instagram.com\/vanderloubet","https:\/\/youtube.com\/vanderloubet","https:\/\/tiktok.com\/@vanderloubetms"]},{"@type":"Person","@id":"https:\/\/vanderloubet.com.br\/deputado\/#\/schema\/person\/15b51bd564532a8a68d9dec1b8eb890e","name":"\u00c9der","image":{"@type":"ImageObject","inLanguage":"pt-BR","@id":"https:\/\/secure.gravatar.com\/avatar\/f87e644facd4d2ef1044b556ced7905f2bfec824839a005707719af7787fea61?s=96&d=mm&r=g","url":"https:\/\/secure.gravatar.com\/avatar\/f87e644facd4d2ef1044b556ced7905f2bfec824839a005707719af7787fea61?s=96&d=mm&r=g","contentUrl":"https:\/\/secure.gravatar.com\/avatar\/f87e644facd4d2ef1044b556ced7905f2bfec824839a005707719af7787fea61?s=96&d=mm&r=g","caption":"\u00c9der"}}]}},"jetpack_featured_media_url":"","jetpack_sharing_enabled":true,"_links":{"self":[{"href":"https:\/\/vanderloubet.com.br\/deputado\/wp-json\/wp\/v2\/posts\/3598","targetHints":{"allow":["GET"]}}],"collection":[{"href":"https:\/\/vanderloubet.com.br\/deputado\/wp-json\/wp\/v2\/posts"}],"about":[{"href":"https:\/\/vanderloubet.com.br\/deputado\/wp-json\/wp\/v2\/types\/post"}],"author":[{"embeddable":true,"href":"https:\/\/vanderloubet.com.br\/deputado\/wp-json\/wp\/v2\/users\/2"}],"replies":[{"embeddable":true,"href":"https:\/\/vanderloubet.com.br\/deputado\/wp-json\/wp\/v2\/comments?post=3598"}],"version-history":[{"count":0,"href":"https:\/\/vanderloubet.com.br\/deputado\/wp-json\/wp\/v2\/posts\/3598\/revisions"}],"wp:attachment":[{"href":"https:\/\/vanderloubet.com.br\/deputado\/wp-json\/wp\/v2\/media?parent=3598"}],"wp:term":[{"taxonomy":"category","embeddable":true,"href":"https:\/\/vanderloubet.com.br\/deputado\/wp-json\/wp\/v2\/categories?post=3598"},{"taxonomy":"post_tag","embeddable":true,"href":"https:\/\/vanderloubet.com.br\/deputado\/wp-json\/wp\/v2\/tags?post=3598"}],"curies":[{"name":"wp","href":"https:\/\/api.w.org\/{rel}","templated":true}]}}