{"id":3578,"date":"2011-08-03T19:58:57","date_gmt":"2011-08-03T23:58:57","guid":{"rendered":"http:\/\/www.deputadovander.com.br\/website\/?p=3578"},"modified":"2011-08-03T19:58:57","modified_gmt":"2011-08-03T23:58:57","slug":"comissao-de-transportes-da-camara-aprova-pareceres-de-vander","status":"publish","type":"post","link":"https:\/\/vanderloubet.com.br\/deputado\/comissao-de-transportes-da-camara-aprova-pareceres-de-vander\/","title":{"rendered":"Comiss\u00e3o de Transportes da C\u00e2mara aprova pareceres de Vander"},"content":{"rendered":"<p style=\"text-align: center;\"><figure id=\"attachment_3580\" aria-describedby=\"caption-attachment-3580\" style=\"width: 400px\" class=\"wp-caption aligncenter\"><a href=\"http:\/\/www.deputadovander.com.br\/website\/wp-content\/uploads\/2011\/08\/foto-2011-08-03-deputado-federal-vander-loubet.jpg\" target=\"_blank\"><img decoding=\"async\" class=\"size-medium wp-image-3580 \" title=\"foto-2011-08-03-deputado-federal-vander-loubet\" src=\"http:\/\/www.deputadovander.com.br\/website\/wp-content\/uploads\/2011\/08\/foto-2011-08-03-deputado-federal-vander-loubet-400x266.jpg\" alt=\"Deputado Federal Vander Loubet (PT-MS)\" width=\"400\" height=\"266\" \/><\/a><figcaption id=\"caption-attachment-3580\" class=\"wp-caption-text\">Deputado Federal Vander Loubet (PT-MS)<\/figcaption><\/figure><\/p>\n<p>A Comiss\u00e3o de Via\u00e7\u00e3o e Transportes da C\u00e2mara dos Deputados, em reuni\u00e3o ordin\u00e1ria realizada nesta quarta-feira (3), apreciou e aprovou os pareceres do deputado federal Vander Loubet (PT-MS) acerca dos projetos de lei 6.159\/09, 1.001\/11 e 1.002\/11.<\/p>\n<p>Sobre o PL 6.159\/09, que altera a Lei 9.537\/97 para tornar obrigat\u00f3ria a prote\u00e7\u00e3o das h\u00e9lices das embarca\u00e7\u00f5es, o parecer do relator, deputado Vander, foi pela rejei\u00e7\u00e3o, eis que a mat\u00e9ria j\u00e1 \u00e9 alvo de legisla\u00e7\u00e3o infralegal e j\u00e1 possui definidos os requisitos a serem atendidos pelas embarca\u00e7\u00f5es, inclusive o material de seguran\u00e7a. Para o parlamentar, a delega\u00e7\u00e3o da regula\u00e7\u00e3o de quest\u00f5es t\u00e9cnicas para a autoridade mar\u00edtima \u00e9 a maneira mais pr\u00f3pria de tratar a mat\u00e9ria, pois \u00e9 ela que acompanha de perto a din\u00e2mica do setor e a evolu\u00e7\u00e3o tecnol\u00f3gica quanto aos equipamentos necess\u00e1rios para a seguran\u00e7a dos usu\u00e1rios, propondo sua adequa\u00e7\u00e3o, quando necess\u00e1ria.<\/p>\n<p>J\u00e1 os projetos 1.001\/11 e 1.002\/11, ambos de autoria do deputado Reinaldo Azambuja (PSDB-MS), receberam parecer favor\u00e1vel do deputado Vander, aprovado unanimemente pela Comiss\u00e3o. O primeiro disp\u00f5e sobre a denomina\u00e7\u00e3o de &#8220;Rodovia Senador L\u00fadio Coelho&#8221; o trecho da BR-267 entre Rio Brilhante e Nova Alvorada do Sul at\u00e9 a divisa com o Estado de S\u00e3o Paulo. O segundo denomina de &#8220;Rodovia Vice-Presidente Jos\u00e9 Alencar&#8221; o trecho da BR-267 que liga Campo Grande a Tr\u00eas Lagoas.<\/p>\n<p><span style=\"font-size: 11px;\">(\u00c9der Yanaguita\/Assessoria Deputado Vander)<\/span><\/p>\n","protected":false},"excerpt":{"rendered":"<p>Em reuni\u00e3o ordin\u00e1ria a CVT apreciou e aprovou pareceres do deputado acerca dos PLs 6.159\/09, 1.001\/11 e 1.002\/11.<\/p>\n","protected":false},"author":2,"featured_media":0,"comment_status":"closed","ping_status":"open","sticky":false,"template":"","format":"standard","meta":{"jetpack_post_was_ever_published":false,"_jetpack_newsletter_access":"","_jetpack_dont_email_post_to_subs":false,"_jetpack_newsletter_tier_id":0,"_jetpack_memberships_contains_paywalled_content":false,"_jetpack_memberships_contains_paid_content":false,"footnotes":""},"categories":[10],"tags":[91,231,332,469,485,608,807,1089,1178,1186,1336,1651,1655,1703,1742,1972,2033,2053],"class_list":{"0":"post-3578","1":"post","2":"type-post","3":"status-publish","4":"format-standard","6":"category-noticias","7":"tag-alencar","8":"tag-azambuja","9":"tag-camara","10":"tag-coelho","11":"tag-comissao","12":"tag-deputado","13":"tag-federal","14":"tag-jose","15":"tag-loubet","16":"tag-ludio","17":"tag-ms","18":"tag-psdb","19":"tag-pt","20":"tag-reinaldo","21":"tag-rodovia","22":"tag-transporte","23":"tag-vander","24":"tag-viacao"},"yoast_head":"<!-- This site is optimized with the Yoast SEO plugin v27.4 - https:\/\/yoast.com\/product\/yoast-seo-wordpress\/ -->\n<title>Comiss\u00e3o de Transportes da C\u00e2mara aprova pareceres de Vander<\/title>\n<meta name=\"robots\" content=\"index, follow, max-snippet:-1, max-image-preview:large, max-video-preview:-1\" \/>\n<link rel=\"canonical\" href=\"https:\/\/vanderloubet.com.br\/deputado\/comissao-de-transportes-da-camara-aprova-pareceres-de-vander\/\" \/>\n<meta property=\"og:locale\" content=\"pt_BR\" \/>\n<meta property=\"og:type\" content=\"article\" \/>\n<meta property=\"og:title\" content=\"Comiss\u00e3o de Transportes da C\u00e2mara aprova pareceres de Vander\" \/>\n<meta property=\"og:description\" content=\"Em reuni\u00e3o ordin\u00e1ria a CVT apreciou e aprovou pareceres do deputado acerca dos PLs 6.159\/09, 1.001\/11 e 1.002\/11.\" \/>\n<meta property=\"og:url\" content=\"https:\/\/vanderloubet.com.br\/deputado\/comissao-de-transportes-da-camara-aprova-pareceres-de-vander\/\" \/>\n<meta property=\"og:site_name\" content=\"Deputado Federal Vander Loubet\" \/>\n<meta property=\"article:publisher\" content=\"https:\/\/facebook.com\/deputadovander\" \/>\n<meta property=\"article:published_time\" content=\"2011-08-03T23:58:57+00:00\" \/>\n<meta property=\"og:image\" content=\"http:\/\/www.deputadovander.com.br\/website\/wp-content\/uploads\/2011\/08\/foto-2011-08-03-deputado-federal-vander-loubet-400x266.jpg\" \/>\n<meta name=\"author\" content=\"\u00c9der\" \/>\n<meta name=\"twitter:card\" content=\"summary_large_image\" \/>\n<meta name=\"twitter:creator\" content=\"@vanderloubet\" \/>\n<meta name=\"twitter:site\" content=\"@vanderloubet\" \/>\n<script type=\"application\/ld+json\" class=\"yoast-schema-graph\">{\"@context\":\"https:\\\/\\\/schema.org\",\"@graph\":[{\"@type\":\"Article\",\"@id\":\"https:\\\/\\\/vanderloubet.com.br\\\/deputado\\\/comissao-de-transportes-da-camara-aprova-pareceres-de-vander\\\/#article\",\"isPartOf\":{\"@id\":\"https:\\\/\\\/vanderloubet.com.br\\\/deputado\\\/comissao-de-transportes-da-camara-aprova-pareceres-de-vander\\\/\"},\"author\":{\"name\":\"\u00c9der\",\"@id\":\"https:\\\/\\\/vanderloubet.com.br\\\/deputado\\\/#\\\/schema\\\/person\\\/15b51bd564532a8a68d9dec1b8eb890e\"},\"headline\":\"Comiss\u00e3o de Transportes da C\u00e2mara aprova pareceres de Vander\",\"datePublished\":\"2011-08-03T23:58:57+00:00\",\"mainEntityOfPage\":{\"@id\":\"https:\\\/\\\/vanderloubet.com.br\\\/deputado\\\/comissao-de-transportes-da-camara-aprova-pareceres-de-vander\\\/\"},\"wordCount\":271,\"publisher\":{\"@id\":\"https:\\\/\\\/vanderloubet.com.br\\\/deputado\\\/#organization\"},\"image\":{\"@id\":\"https:\\\/\\\/vanderloubet.com.br\\\/deputado\\\/comissao-de-transportes-da-camara-aprova-pareceres-de-vander\\\/#primaryimage\"},\"thumbnailUrl\":\"http:\\\/\\\/www.deputadovander.com.br\\\/website\\\/wp-content\\\/uploads\\\/2011\\\/08\\\/foto-2011-08-03-deputado-federal-vander-loubet-400x266.jpg\",\"keywords\":[\"alencar\",\"azambuja\",\"c\u00e2mara\",\"coelho\",\"comiss\u00e3o\",\"deputado\",\"federal\",\"jos\u00e9\",\"loubet\",\"l\u00fadio\",\"MS\",\"psdb\",\"PT\",\"reinaldo\",\"rodovia\",\"transporte\",\"vander\",\"via\u00e7\u00e3o\"],\"articleSection\":[\"Not\u00edcias\"],\"inLanguage\":\"pt-BR\"},{\"@type\":\"WebPage\",\"@id\":\"https:\\\/\\\/vanderloubet.com.br\\\/deputado\\\/comissao-de-transportes-da-camara-aprova-pareceres-de-vander\\\/\",\"url\":\"https:\\\/\\\/vanderloubet.com.br\\\/deputado\\\/comissao-de-transportes-da-camara-aprova-pareceres-de-vander\\\/\",\"name\":\"Comiss\u00e3o de Transportes da C\u00e2mara aprova pareceres de Vander\",\"isPartOf\":{\"@id\":\"https:\\\/\\\/vanderloubet.com.br\\\/deputado\\\/#website\"},\"primaryImageOfPage\":{\"@id\":\"https:\\\/\\\/vanderloubet.com.br\\\/deputado\\\/comissao-de-transportes-da-camara-aprova-pareceres-de-vander\\\/#primaryimage\"},\"image\":{\"@id\":\"https:\\\/\\\/vanderloubet.com.br\\\/deputado\\\/comissao-de-transportes-da-camara-aprova-pareceres-de-vander\\\/#primaryimage\"},\"thumbnailUrl\":\"http:\\\/\\\/www.deputadovander.com.br\\\/website\\\/wp-content\\\/uploads\\\/2011\\\/08\\\/foto-2011-08-03-deputado-federal-vander-loubet-400x266.jpg\",\"datePublished\":\"2011-08-03T23:58:57+00:00\",\"breadcrumb\":{\"@id\":\"https:\\\/\\\/vanderloubet.com.br\\\/deputado\\\/comissao-de-transportes-da-camara-aprova-pareceres-de-vander\\\/#breadcrumb\"},\"inLanguage\":\"pt-BR\",\"potentialAction\":[{\"@type\":\"ReadAction\",\"target\":[\"https:\\\/\\\/vanderloubet.com.br\\\/deputado\\\/comissao-de-transportes-da-camara-aprova-pareceres-de-vander\\\/\"]}]},{\"@type\":\"ImageObject\",\"inLanguage\":\"pt-BR\",\"@id\":\"https:\\\/\\\/vanderloubet.com.br\\\/deputado\\\/comissao-de-transportes-da-camara-aprova-pareceres-de-vander\\\/#primaryimage\",\"url\":\"http:\\\/\\\/www.deputadovander.com.br\\\/website\\\/wp-content\\\/uploads\\\/2011\\\/08\\\/foto-2011-08-03-deputado-federal-vander-loubet-400x266.jpg\",\"contentUrl\":\"http:\\\/\\\/www.deputadovander.com.br\\\/website\\\/wp-content\\\/uploads\\\/2011\\\/08\\\/foto-2011-08-03-deputado-federal-vander-loubet-400x266.jpg\"},{\"@type\":\"BreadcrumbList\",\"@id\":\"https:\\\/\\\/vanderloubet.com.br\\\/deputado\\\/comissao-de-transportes-da-camara-aprova-pareceres-de-vander\\\/#breadcrumb\",\"itemListElement\":[{\"@type\":\"ListItem\",\"position\":1,\"name\":\"In\u00edcio\",\"item\":\"https:\\\/\\\/vanderloubet.com.br\\\/deputado\\\/\"},{\"@type\":\"ListItem\",\"position\":2,\"name\":\"Comiss\u00e3o de Transportes da C\u00e2mara aprova pareceres de Vander\"}]},{\"@type\":\"WebSite\",\"@id\":\"https:\\\/\\\/vanderloubet.com.br\\\/deputado\\\/#website\",\"url\":\"https:\\\/\\\/vanderloubet.com.br\\\/deputado\\\/\",\"name\":\"Deputado Federal Vander Loubet\",\"description\":\"O Federal de MS\",\"publisher\":{\"@id\":\"https:\\\/\\\/vanderloubet.com.br\\\/deputado\\\/#organization\"},\"alternateName\":\"Deputado Vander\",\"potentialAction\":[{\"@type\":\"SearchAction\",\"target\":{\"@type\":\"EntryPoint\",\"urlTemplate\":\"https:\\\/\\\/vanderloubet.com.br\\\/deputado\\\/?s={search_term_string}\"},\"query-input\":{\"@type\":\"PropertyValueSpecification\",\"valueRequired\":true,\"valueName\":\"search_term_string\"}}],\"inLanguage\":\"pt-BR\"},{\"@type\":\"Organization\",\"@id\":\"https:\\\/\\\/vanderloubet.com.br\\\/deputado\\\/#organization\",\"name\":\"Deputado Federal Vander Loubet\",\"alternateName\":\"Deputado Vander\",\"url\":\"https:\\\/\\\/vanderloubet.com.br\\\/deputado\\\/\",\"logo\":{\"@type\":\"ImageObject\",\"inLanguage\":\"pt-BR\",\"@id\":\"https:\\\/\\\/vanderloubet.com.br\\\/deputado\\\/#\\\/schema\\\/logo\\\/image\\\/\",\"url\":\"https:\\\/\\\/vanderloubet.com.br\\\/deputado\\\/wp-content\\\/uploads\\\/2023\\\/06\\\/foto-2023-06-19-mandato-deputado-vander.jpg\",\"contentUrl\":\"https:\\\/\\\/vanderloubet.com.br\\\/deputado\\\/wp-content\\\/uploads\\\/2023\\\/06\\\/foto-2023-06-19-mandato-deputado-vander.jpg\",\"width\":1080,\"height\":1080,\"caption\":\"Deputado Federal Vander Loubet\"},\"image\":{\"@id\":\"https:\\\/\\\/vanderloubet.com.br\\\/deputado\\\/#\\\/schema\\\/logo\\\/image\\\/\"},\"sameAs\":[\"https:\\\/\\\/facebook.com\\\/deputadovander\",\"https:\\\/\\\/x.com\\\/vanderloubet\",\"https:\\\/\\\/instagram.com\\\/vanderloubet\",\"https:\\\/\\\/youtube.com\\\/vanderloubet\",\"https:\\\/\\\/tiktok.com\\\/@vanderloubetms\"]},{\"@type\":\"Person\",\"@id\":\"https:\\\/\\\/vanderloubet.com.br\\\/deputado\\\/#\\\/schema\\\/person\\\/15b51bd564532a8a68d9dec1b8eb890e\",\"name\":\"\u00c9der\",\"image\":{\"@type\":\"ImageObject\",\"inLanguage\":\"pt-BR\",\"@id\":\"https:\\\/\\\/vanderloubet.com.br\\\/deputado\\\/wp-content\\\/litespeed\\\/avatar\\\/88ca4090d9d5ab1c9495f6ca03b68efa.jpg?ver=1777058957\",\"url\":\"https:\\\/\\\/vanderloubet.com.br\\\/deputado\\\/wp-content\\\/litespeed\\\/avatar\\\/88ca4090d9d5ab1c9495f6ca03b68efa.jpg?ver=1777058957\",\"contentUrl\":\"https:\\\/\\\/vanderloubet.com.br\\\/deputado\\\/wp-content\\\/litespeed\\\/avatar\\\/88ca4090d9d5ab1c9495f6ca03b68efa.jpg?ver=1777058957\",\"caption\":\"\u00c9der\"}}]}<\/script>\n<!-- \/ Yoast SEO plugin. -->","yoast_head_json":{"title":"Comiss\u00e3o de Transportes da C\u00e2mara aprova pareceres de Vander","robots":{"index":"index","follow":"follow","max-snippet":"max-snippet:-1","max-image-preview":"max-image-preview:large","max-video-preview":"max-video-preview:-1"},"canonical":"https:\/\/vanderloubet.com.br\/deputado\/comissao-de-transportes-da-camara-aprova-pareceres-de-vander\/","og_locale":"pt_BR","og_type":"article","og_title":"Comiss\u00e3o de Transportes da C\u00e2mara aprova pareceres de Vander","og_description":"Em reuni\u00e3o ordin\u00e1ria a CVT apreciou e aprovou pareceres do deputado acerca dos PLs 6.159\/09, 1.001\/11 e 1.002\/11.","og_url":"https:\/\/vanderloubet.com.br\/deputado\/comissao-de-transportes-da-camara-aprova-pareceres-de-vander\/","og_site_name":"Deputado Federal Vander Loubet","article_publisher":"https:\/\/facebook.com\/deputadovander","article_published_time":"2011-08-03T23:58:57+00:00","og_image":[{"url":"http:\/\/www.deputadovander.com.br\/website\/wp-content\/uploads\/2011\/08\/foto-2011-08-03-deputado-federal-vander-loubet-400x266.jpg","type":"","width":"","height":""}],"author":"\u00c9der","twitter_card":"summary_large_image","twitter_creator":"@vanderloubet","twitter_site":"@vanderloubet","schema":{"@context":"https:\/\/schema.org","@graph":[{"@type":"Article","@id":"https:\/\/vanderloubet.com.br\/deputado\/comissao-de-transportes-da-camara-aprova-pareceres-de-vander\/#article","isPartOf":{"@id":"https:\/\/vanderloubet.com.br\/deputado\/comissao-de-transportes-da-camara-aprova-pareceres-de-vander\/"},"author":{"name":"\u00c9der","@id":"https:\/\/vanderloubet.com.br\/deputado\/#\/schema\/person\/15b51bd564532a8a68d9dec1b8eb890e"},"headline":"Comiss\u00e3o de Transportes da C\u00e2mara aprova pareceres de Vander","datePublished":"2011-08-03T23:58:57+00:00","mainEntityOfPage":{"@id":"https:\/\/vanderloubet.com.br\/deputado\/comissao-de-transportes-da-camara-aprova-pareceres-de-vander\/"},"wordCount":271,"publisher":{"@id":"https:\/\/vanderloubet.com.br\/deputado\/#organization"},"image":{"@id":"https:\/\/vanderloubet.com.br\/deputado\/comissao-de-transportes-da-camara-aprova-pareceres-de-vander\/#primaryimage"},"thumbnailUrl":"http:\/\/www.deputadovander.com.br\/website\/wp-content\/uploads\/2011\/08\/foto-2011-08-03-deputado-federal-vander-loubet-400x266.jpg","keywords":["alencar","azambuja","c\u00e2mara","coelho","comiss\u00e3o","deputado","federal","jos\u00e9","loubet","l\u00fadio","MS","psdb","PT","reinaldo","rodovia","transporte","vander","via\u00e7\u00e3o"],"articleSection":["Not\u00edcias"],"inLanguage":"pt-BR"},{"@type":"WebPage","@id":"https:\/\/vanderloubet.com.br\/deputado\/comissao-de-transportes-da-camara-aprova-pareceres-de-vander\/","url":"https:\/\/vanderloubet.com.br\/deputado\/comissao-de-transportes-da-camara-aprova-pareceres-de-vander\/","name":"Comiss\u00e3o de Transportes da C\u00e2mara aprova pareceres de Vander","isPartOf":{"@id":"https:\/\/vanderloubet.com.br\/deputado\/#website"},"primaryImageOfPage":{"@id":"https:\/\/vanderloubet.com.br\/deputado\/comissao-de-transportes-da-camara-aprova-pareceres-de-vander\/#primaryimage"},"image":{"@id":"https:\/\/vanderloubet.com.br\/deputado\/comissao-de-transportes-da-camara-aprova-pareceres-de-vander\/#primaryimage"},"thumbnailUrl":"http:\/\/www.deputadovander.com.br\/website\/wp-content\/uploads\/2011\/08\/foto-2011-08-03-deputado-federal-vander-loubet-400x266.jpg","datePublished":"2011-08-03T23:58:57+00:00","breadcrumb":{"@id":"https:\/\/vanderloubet.com.br\/deputado\/comissao-de-transportes-da-camara-aprova-pareceres-de-vander\/#breadcrumb"},"inLanguage":"pt-BR","potentialAction":[{"@type":"ReadAction","target":["https:\/\/vanderloubet.com.br\/deputado\/comissao-de-transportes-da-camara-aprova-pareceres-de-vander\/"]}]},{"@type":"ImageObject","inLanguage":"pt-BR","@id":"https:\/\/vanderloubet.com.br\/deputado\/comissao-de-transportes-da-camara-aprova-pareceres-de-vander\/#primaryimage","url":"http:\/\/www.deputadovander.com.br\/website\/wp-content\/uploads\/2011\/08\/foto-2011-08-03-deputado-federal-vander-loubet-400x266.jpg","contentUrl":"http:\/\/www.deputadovander.com.br\/website\/wp-content\/uploads\/2011\/08\/foto-2011-08-03-deputado-federal-vander-loubet-400x266.jpg"},{"@type":"BreadcrumbList","@id":"https:\/\/vanderloubet.com.br\/deputado\/comissao-de-transportes-da-camara-aprova-pareceres-de-vander\/#breadcrumb","itemListElement":[{"@type":"ListItem","position":1,"name":"In\u00edcio","item":"https:\/\/vanderloubet.com.br\/deputado\/"},{"@type":"ListItem","position":2,"name":"Comiss\u00e3o de Transportes da C\u00e2mara aprova pareceres de Vander"}]},{"@type":"WebSite","@id":"https:\/\/vanderloubet.com.br\/deputado\/#website","url":"https:\/\/vanderloubet.com.br\/deputado\/","name":"Deputado Federal Vander Loubet","description":"O Federal de MS","publisher":{"@id":"https:\/\/vanderloubet.com.br\/deputado\/#organization"},"alternateName":"Deputado Vander","potentialAction":[{"@type":"SearchAction","target":{"@type":"EntryPoint","urlTemplate":"https:\/\/vanderloubet.com.br\/deputado\/?s={search_term_string}"},"query-input":{"@type":"PropertyValueSpecification","valueRequired":true,"valueName":"search_term_string"}}],"inLanguage":"pt-BR"},{"@type":"Organization","@id":"https:\/\/vanderloubet.com.br\/deputado\/#organization","name":"Deputado Federal Vander Loubet","alternateName":"Deputado Vander","url":"https:\/\/vanderloubet.com.br\/deputado\/","logo":{"@type":"ImageObject","inLanguage":"pt-BR","@id":"https:\/\/vanderloubet.com.br\/deputado\/#\/schema\/logo\/image\/","url":"https:\/\/vanderloubet.com.br\/deputado\/wp-content\/uploads\/2023\/06\/foto-2023-06-19-mandato-deputado-vander.jpg","contentUrl":"https:\/\/vanderloubet.com.br\/deputado\/wp-content\/uploads\/2023\/06\/foto-2023-06-19-mandato-deputado-vander.jpg","width":1080,"height":1080,"caption":"Deputado Federal Vander Loubet"},"image":{"@id":"https:\/\/vanderloubet.com.br\/deputado\/#\/schema\/logo\/image\/"},"sameAs":["https:\/\/facebook.com\/deputadovander","https:\/\/x.com\/vanderloubet","https:\/\/instagram.com\/vanderloubet","https:\/\/youtube.com\/vanderloubet","https:\/\/tiktok.com\/@vanderloubetms"]},{"@type":"Person","@id":"https:\/\/vanderloubet.com.br\/deputado\/#\/schema\/person\/15b51bd564532a8a68d9dec1b8eb890e","name":"\u00c9der","image":{"@type":"ImageObject","inLanguage":"pt-BR","@id":"https:\/\/vanderloubet.com.br\/deputado\/wp-content\/litespeed\/avatar\/88ca4090d9d5ab1c9495f6ca03b68efa.jpg?ver=1777058957","url":"https:\/\/vanderloubet.com.br\/deputado\/wp-content\/litespeed\/avatar\/88ca4090d9d5ab1c9495f6ca03b68efa.jpg?ver=1777058957","contentUrl":"https:\/\/vanderloubet.com.br\/deputado\/wp-content\/litespeed\/avatar\/88ca4090d9d5ab1c9495f6ca03b68efa.jpg?ver=1777058957","caption":"\u00c9der"}}]}},"jetpack_featured_media_url":"","jetpack_sharing_enabled":true,"_links":{"self":[{"href":"https:\/\/vanderloubet.com.br\/deputado\/wp-json\/wp\/v2\/posts\/3578","targetHints":{"allow":["GET"]}}],"collection":[{"href":"https:\/\/vanderloubet.com.br\/deputado\/wp-json\/wp\/v2\/posts"}],"about":[{"href":"https:\/\/vanderloubet.com.br\/deputado\/wp-json\/wp\/v2\/types\/post"}],"author":[{"embeddable":true,"href":"https:\/\/vanderloubet.com.br\/deputado\/wp-json\/wp\/v2\/users\/2"}],"replies":[{"embeddable":true,"href":"https:\/\/vanderloubet.com.br\/deputado\/wp-json\/wp\/v2\/comments?post=3578"}],"version-history":[{"count":0,"href":"https:\/\/vanderloubet.com.br\/deputado\/wp-json\/wp\/v2\/posts\/3578\/revisions"}],"wp:attachment":[{"href":"https:\/\/vanderloubet.com.br\/deputado\/wp-json\/wp\/v2\/media?parent=3578"}],"wp:term":[{"taxonomy":"category","embeddable":true,"href":"https:\/\/vanderloubet.com.br\/deputado\/wp-json\/wp\/v2\/categories?post=3578"},{"taxonomy":"post_tag","embeddable":true,"href":"https:\/\/vanderloubet.com.br\/deputado\/wp-json\/wp\/v2\/tags?post=3578"}],"curies":[{"name":"wp","href":"https:\/\/api.w.org\/{rel}","templated":true}]}}