{"id":3573,"date":"2011-08-01T18:45:48","date_gmt":"2011-08-01T22:45:48","guid":{"rendered":"http:\/\/www.deputadovander.com.br\/website\/?p=3573"},"modified":"2011-08-01T18:45:48","modified_gmt":"2011-08-01T22:45:48","slug":"vander-se-reune-com-servidores-do-mapa-em-campo-grande","status":"publish","type":"post","link":"https:\/\/vanderloubet.com.br\/deputado\/vander-se-reune-com-servidores-do-mapa-em-campo-grande\/","title":{"rendered":"Vander se re\u00fane com servidores do Mapa em Campo Grande"},"content":{"rendered":"<p style=\"text-align: center;\"><figure id=\"attachment_3574\" aria-describedby=\"caption-attachment-3574\" style=\"width: 400px\" class=\"wp-caption aligncenter\"><a href=\"http:\/\/www.deputadovander.com.br\/website\/wp-content\/uploads\/2011\/08\/foto-2011-08-01-vander-sfa-mapa.jpg\" target=\"_blank\"><img decoding=\"async\" class=\"size-medium wp-image-3574 \" title=\"foto-2011-08-01-vander-sfa-mapa\" src=\"http:\/\/www.deputadovander.com.br\/website\/wp-content\/uploads\/2011\/08\/foto-2011-08-01-vander-sfa-mapa-400x355.jpg\" alt=\"Vander no gabinete da SFA\/MS e reunido com t\u00e9cnicos e administrativos\" width=\"400\" height=\"355\" \/><\/a><figcaption id=\"caption-attachment-3574\" class=\"wp-caption-text\">Vander no gabinete da SFA\/MS e reunido com t\u00e9cnicos e administrativos<\/figcaption><\/figure><\/p>\n<p>Na manh\u00e3 desta segunda-feira (1), o deputado federal Vander Loubet esteve na sede da Superintend\u00eancia Federal de Agricultura de Mato Grosso do Sul (SFA\/MS), \u00f3rg\u00e3o subordinado ao Minist\u00e9rio da Agricultura, Pecu\u00e1ria e Abastecimento (Mapa), onde se reuniu com representantes de fiscais e de servidores t\u00e9cnicos e administrativos para ouvir as demandas da categoria.<\/p>\n<p>No gabinete da SFA, com o chefe da Divis\u00e3o de Pol\u00edtica, Produ\u00e7\u00e3o e Desenvolvimento Agropecu\u00e1rio, Celso de Sousa Martins, e outras lideran\u00e7as da SFA, Vander ouviu agradecimentos pelo apoio que sempre deu aos servidores do Mapa e recebeu o pedido de que d\u00ea aten\u00e7\u00e3o \u00e0 reivindica\u00e7\u00e3o dos fiscais de receber subs\u00eddio como forma de remunera\u00e7\u00e3o.<\/p>\n<p>Em seguida, o deputado conversou com servidores t\u00e9cnicos e administrativos e recebeu das m\u00e3os de Augusto Pires Gon\u00e7alves, representante da Associa\u00e7\u00e3o Nacional dos Servidores T\u00e9cnicos, Administrativos e Auxiliares do Mapa (Astecaa) em Mato Grosso do Sul, uma carta em que solicitam apoio \u00e0 implanta\u00e7\u00e3o da Gratifica\u00e7\u00e3o de Desempenho de Atividade T\u00e9cnico Administrativo Agropecu\u00e1ria (GDATAA), pleito encaminhado pela categoria ao Minist\u00e9rio do Planejamento, Or\u00e7amento e Gest\u00e3o em novembro de 2010.<\/p>\n<p>Para Vander, as reivindica\u00e7\u00f5es dos servidores da SFA podem contar com seu apoio. &#8220;\u00c9 uma categoria importante e que cumpre um papel fundamental em um estado como o nosso, com uma economia fortemente baseada na agropecu\u00e1ria. Tenho certeza que eu e os demais colegas da bancada federal de Mato Grosso do Sul vamos trabalhar para buscar essa valoriza\u00e7\u00e3o dos servidores do Minist\u00e9rio Agricultura&#8221;, afirmou o parlamentar.<\/p>\n<p><span style=\"font-size: 11px;\">(\u00c9der Yanaguita\/Assessoria Deputado Vander)<\/span><\/p>\n","protected":false},"excerpt":{"rendered":"<p>Deputado ouviu agradecimentos e reivindica\u00e7\u00f5es de representantes de fiscais e de servidores t\u00e9cnicos e administrativos.<\/p>\n","protected":false},"author":2,"featured_media":0,"comment_status":"closed","ping_status":"open","sticky":false,"template":"","format":"standard","meta":{"jetpack_post_was_ever_published":false,"_jetpack_newsletter_access":"","_jetpack_dont_email_post_to_subs":false,"_jetpack_newsletter_tier_id":0,"_jetpack_memberships_contains_paywalled_content":false,"_jetpack_memberships_contains_paid_content":false,"footnotes":""},"categories":[10],"tags":[70,203,608,807,848,938,1178,1213,1302,1336,1655,1834,1839,1895,2033],"class_list":{"0":"post-3573","1":"post","2":"type-post","3":"status-publish","4":"format-standard","6":"category-noticias","7":"tag-agricultura","8":"tag-astecaa","9":"tag-deputado","10":"tag-federal","11":"tag-fiscais","12":"tag-gratificacao","13":"tag-loubet","14":"tag-mapa","15":"tag-ministerio","16":"tag-ms","17":"tag-pt","18":"tag-servidores","19":"tag-sfa","20":"tag-subsidio","21":"tag-vander"},"yoast_head":"<!-- This site is optimized with the Yoast SEO plugin v27.4 - https:\/\/yoast.com\/product\/yoast-seo-wordpress\/ -->\n<title>Vander se re\u00fane com servidores do Mapa em Campo Grande<\/title>\n<meta name=\"robots\" content=\"index, follow, max-snippet:-1, max-image-preview:large, max-video-preview:-1\" \/>\n<link rel=\"canonical\" href=\"https:\/\/vanderloubet.com.br\/deputado\/vander-se-reune-com-servidores-do-mapa-em-campo-grande\/\" \/>\n<meta property=\"og:locale\" content=\"pt_BR\" \/>\n<meta property=\"og:type\" content=\"article\" \/>\n<meta property=\"og:title\" content=\"Vander se re\u00fane com servidores do Mapa em Campo Grande\" \/>\n<meta property=\"og:description\" content=\"Deputado ouviu agradecimentos e reivindica\u00e7\u00f5es de representantes de fiscais e de servidores t\u00e9cnicos e administrativos.\" \/>\n<meta property=\"og:url\" content=\"https:\/\/vanderloubet.com.br\/deputado\/vander-se-reune-com-servidores-do-mapa-em-campo-grande\/\" \/>\n<meta property=\"og:site_name\" content=\"Deputado Federal Vander Loubet\" \/>\n<meta property=\"article:publisher\" content=\"https:\/\/facebook.com\/deputadovander\" \/>\n<meta property=\"article:published_time\" content=\"2011-08-01T22:45:48+00:00\" \/>\n<meta property=\"og:image\" content=\"http:\/\/www.deputadovander.com.br\/website\/wp-content\/uploads\/2011\/08\/foto-2011-08-01-vander-sfa-mapa-400x355.jpg\" \/>\n<meta name=\"author\" content=\"\u00c9der\" \/>\n<meta name=\"twitter:card\" content=\"summary_large_image\" \/>\n<meta name=\"twitter:creator\" content=\"@vanderloubet\" \/>\n<meta name=\"twitter:site\" content=\"@vanderloubet\" \/>\n<script type=\"application\/ld+json\" class=\"yoast-schema-graph\">{\"@context\":\"https:\\\/\\\/schema.org\",\"@graph\":[{\"@type\":\"Article\",\"@id\":\"https:\\\/\\\/vanderloubet.com.br\\\/deputado\\\/vander-se-reune-com-servidores-do-mapa-em-campo-grande\\\/#article\",\"isPartOf\":{\"@id\":\"https:\\\/\\\/vanderloubet.com.br\\\/deputado\\\/vander-se-reune-com-servidores-do-mapa-em-campo-grande\\\/\"},\"author\":{\"name\":\"\u00c9der\",\"@id\":\"https:\\\/\\\/vanderloubet.com.br\\\/deputado\\\/#\\\/schema\\\/person\\\/15b51bd564532a8a68d9dec1b8eb890e\"},\"headline\":\"Vander se re\u00fane com servidores do Mapa em Campo Grande\",\"datePublished\":\"2011-08-01T22:45:48+00:00\",\"mainEntityOfPage\":{\"@id\":\"https:\\\/\\\/vanderloubet.com.br\\\/deputado\\\/vander-se-reune-com-servidores-do-mapa-em-campo-grande\\\/\"},\"wordCount\":306,\"publisher\":{\"@id\":\"https:\\\/\\\/vanderloubet.com.br\\\/deputado\\\/#organization\"},\"image\":{\"@id\":\"https:\\\/\\\/vanderloubet.com.br\\\/deputado\\\/vander-se-reune-com-servidores-do-mapa-em-campo-grande\\\/#primaryimage\"},\"thumbnailUrl\":\"http:\\\/\\\/www.deputadovander.com.br\\\/website\\\/wp-content\\\/uploads\\\/2011\\\/08\\\/foto-2011-08-01-vander-sfa-mapa-400x355.jpg\",\"keywords\":[\"agricultura\",\"astecaa\",\"deputado\",\"federal\",\"fiscais\",\"gratifica\u00e7\u00e3o\",\"loubet\",\"mapa\",\"minist\u00e9rio\",\"MS\",\"PT\",\"servidores\",\"sfa\",\"subs\u00eddio\",\"vander\"],\"articleSection\":[\"Not\u00edcias\"],\"inLanguage\":\"pt-BR\"},{\"@type\":\"WebPage\",\"@id\":\"https:\\\/\\\/vanderloubet.com.br\\\/deputado\\\/vander-se-reune-com-servidores-do-mapa-em-campo-grande\\\/\",\"url\":\"https:\\\/\\\/vanderloubet.com.br\\\/deputado\\\/vander-se-reune-com-servidores-do-mapa-em-campo-grande\\\/\",\"name\":\"Vander se re\u00fane com servidores do Mapa em Campo Grande\",\"isPartOf\":{\"@id\":\"https:\\\/\\\/vanderloubet.com.br\\\/deputado\\\/#website\"},\"primaryImageOfPage\":{\"@id\":\"https:\\\/\\\/vanderloubet.com.br\\\/deputado\\\/vander-se-reune-com-servidores-do-mapa-em-campo-grande\\\/#primaryimage\"},\"image\":{\"@id\":\"https:\\\/\\\/vanderloubet.com.br\\\/deputado\\\/vander-se-reune-com-servidores-do-mapa-em-campo-grande\\\/#primaryimage\"},\"thumbnailUrl\":\"http:\\\/\\\/www.deputadovander.com.br\\\/website\\\/wp-content\\\/uploads\\\/2011\\\/08\\\/foto-2011-08-01-vander-sfa-mapa-400x355.jpg\",\"datePublished\":\"2011-08-01T22:45:48+00:00\",\"breadcrumb\":{\"@id\":\"https:\\\/\\\/vanderloubet.com.br\\\/deputado\\\/vander-se-reune-com-servidores-do-mapa-em-campo-grande\\\/#breadcrumb\"},\"inLanguage\":\"pt-BR\",\"potentialAction\":[{\"@type\":\"ReadAction\",\"target\":[\"https:\\\/\\\/vanderloubet.com.br\\\/deputado\\\/vander-se-reune-com-servidores-do-mapa-em-campo-grande\\\/\"]}]},{\"@type\":\"ImageObject\",\"inLanguage\":\"pt-BR\",\"@id\":\"https:\\\/\\\/vanderloubet.com.br\\\/deputado\\\/vander-se-reune-com-servidores-do-mapa-em-campo-grande\\\/#primaryimage\",\"url\":\"http:\\\/\\\/www.deputadovander.com.br\\\/website\\\/wp-content\\\/uploads\\\/2011\\\/08\\\/foto-2011-08-01-vander-sfa-mapa-400x355.jpg\",\"contentUrl\":\"http:\\\/\\\/www.deputadovander.com.br\\\/website\\\/wp-content\\\/uploads\\\/2011\\\/08\\\/foto-2011-08-01-vander-sfa-mapa-400x355.jpg\"},{\"@type\":\"BreadcrumbList\",\"@id\":\"https:\\\/\\\/vanderloubet.com.br\\\/deputado\\\/vander-se-reune-com-servidores-do-mapa-em-campo-grande\\\/#breadcrumb\",\"itemListElement\":[{\"@type\":\"ListItem\",\"position\":1,\"name\":\"In\u00edcio\",\"item\":\"https:\\\/\\\/vanderloubet.com.br\\\/deputado\\\/\"},{\"@type\":\"ListItem\",\"position\":2,\"name\":\"Vander se re\u00fane com servidores do Mapa em Campo Grande\"}]},{\"@type\":\"WebSite\",\"@id\":\"https:\\\/\\\/vanderloubet.com.br\\\/deputado\\\/#website\",\"url\":\"https:\\\/\\\/vanderloubet.com.br\\\/deputado\\\/\",\"name\":\"Deputado Federal Vander Loubet\",\"description\":\"O Federal de MS\",\"publisher\":{\"@id\":\"https:\\\/\\\/vanderloubet.com.br\\\/deputado\\\/#organization\"},\"alternateName\":\"Deputado Vander\",\"potentialAction\":[{\"@type\":\"SearchAction\",\"target\":{\"@type\":\"EntryPoint\",\"urlTemplate\":\"https:\\\/\\\/vanderloubet.com.br\\\/deputado\\\/?s={search_term_string}\"},\"query-input\":{\"@type\":\"PropertyValueSpecification\",\"valueRequired\":true,\"valueName\":\"search_term_string\"}}],\"inLanguage\":\"pt-BR\"},{\"@type\":\"Organization\",\"@id\":\"https:\\\/\\\/vanderloubet.com.br\\\/deputado\\\/#organization\",\"name\":\"Deputado Federal Vander Loubet\",\"alternateName\":\"Deputado Vander\",\"url\":\"https:\\\/\\\/vanderloubet.com.br\\\/deputado\\\/\",\"logo\":{\"@type\":\"ImageObject\",\"inLanguage\":\"pt-BR\",\"@id\":\"https:\\\/\\\/vanderloubet.com.br\\\/deputado\\\/#\\\/schema\\\/logo\\\/image\\\/\",\"url\":\"https:\\\/\\\/vanderloubet.com.br\\\/deputado\\\/wp-content\\\/uploads\\\/2023\\\/06\\\/foto-2023-06-19-mandato-deputado-vander.jpg\",\"contentUrl\":\"https:\\\/\\\/vanderloubet.com.br\\\/deputado\\\/wp-content\\\/uploads\\\/2023\\\/06\\\/foto-2023-06-19-mandato-deputado-vander.jpg\",\"width\":1080,\"height\":1080,\"caption\":\"Deputado Federal Vander Loubet\"},\"image\":{\"@id\":\"https:\\\/\\\/vanderloubet.com.br\\\/deputado\\\/#\\\/schema\\\/logo\\\/image\\\/\"},\"sameAs\":[\"https:\\\/\\\/facebook.com\\\/deputadovander\",\"https:\\\/\\\/x.com\\\/vanderloubet\",\"https:\\\/\\\/instagram.com\\\/vanderloubet\",\"https:\\\/\\\/youtube.com\\\/vanderloubet\",\"https:\\\/\\\/tiktok.com\\\/@vanderloubetms\"]},{\"@type\":\"Person\",\"@id\":\"https:\\\/\\\/vanderloubet.com.br\\\/deputado\\\/#\\\/schema\\\/person\\\/15b51bd564532a8a68d9dec1b8eb890e\",\"name\":\"\u00c9der\",\"image\":{\"@type\":\"ImageObject\",\"inLanguage\":\"pt-BR\",\"@id\":\"https:\\\/\\\/vanderloubet.com.br\\\/deputado\\\/wp-content\\\/litespeed\\\/avatar\\\/88ca4090d9d5ab1c9495f6ca03b68efa.jpg?ver=1777058957\",\"url\":\"https:\\\/\\\/vanderloubet.com.br\\\/deputado\\\/wp-content\\\/litespeed\\\/avatar\\\/88ca4090d9d5ab1c9495f6ca03b68efa.jpg?ver=1777058957\",\"contentUrl\":\"https:\\\/\\\/vanderloubet.com.br\\\/deputado\\\/wp-content\\\/litespeed\\\/avatar\\\/88ca4090d9d5ab1c9495f6ca03b68efa.jpg?ver=1777058957\",\"caption\":\"\u00c9der\"}}]}<\/script>\n<!-- \/ Yoast SEO plugin. -->","yoast_head_json":{"title":"Vander se re\u00fane com servidores do Mapa em Campo Grande","robots":{"index":"index","follow":"follow","max-snippet":"max-snippet:-1","max-image-preview":"max-image-preview:large","max-video-preview":"max-video-preview:-1"},"canonical":"https:\/\/vanderloubet.com.br\/deputado\/vander-se-reune-com-servidores-do-mapa-em-campo-grande\/","og_locale":"pt_BR","og_type":"article","og_title":"Vander se re\u00fane com servidores do Mapa em Campo Grande","og_description":"Deputado ouviu agradecimentos e reivindica\u00e7\u00f5es de representantes de fiscais e de servidores t\u00e9cnicos e administrativos.","og_url":"https:\/\/vanderloubet.com.br\/deputado\/vander-se-reune-com-servidores-do-mapa-em-campo-grande\/","og_site_name":"Deputado Federal Vander Loubet","article_publisher":"https:\/\/facebook.com\/deputadovander","article_published_time":"2011-08-01T22:45:48+00:00","og_image":[{"url":"http:\/\/www.deputadovander.com.br\/website\/wp-content\/uploads\/2011\/08\/foto-2011-08-01-vander-sfa-mapa-400x355.jpg","type":"","width":"","height":""}],"author":"\u00c9der","twitter_card":"summary_large_image","twitter_creator":"@vanderloubet","twitter_site":"@vanderloubet","schema":{"@context":"https:\/\/schema.org","@graph":[{"@type":"Article","@id":"https:\/\/vanderloubet.com.br\/deputado\/vander-se-reune-com-servidores-do-mapa-em-campo-grande\/#article","isPartOf":{"@id":"https:\/\/vanderloubet.com.br\/deputado\/vander-se-reune-com-servidores-do-mapa-em-campo-grande\/"},"author":{"name":"\u00c9der","@id":"https:\/\/vanderloubet.com.br\/deputado\/#\/schema\/person\/15b51bd564532a8a68d9dec1b8eb890e"},"headline":"Vander se re\u00fane com servidores do Mapa em Campo Grande","datePublished":"2011-08-01T22:45:48+00:00","mainEntityOfPage":{"@id":"https:\/\/vanderloubet.com.br\/deputado\/vander-se-reune-com-servidores-do-mapa-em-campo-grande\/"},"wordCount":306,"publisher":{"@id":"https:\/\/vanderloubet.com.br\/deputado\/#organization"},"image":{"@id":"https:\/\/vanderloubet.com.br\/deputado\/vander-se-reune-com-servidores-do-mapa-em-campo-grande\/#primaryimage"},"thumbnailUrl":"http:\/\/www.deputadovander.com.br\/website\/wp-content\/uploads\/2011\/08\/foto-2011-08-01-vander-sfa-mapa-400x355.jpg","keywords":["agricultura","astecaa","deputado","federal","fiscais","gratifica\u00e7\u00e3o","loubet","mapa","minist\u00e9rio","MS","PT","servidores","sfa","subs\u00eddio","vander"],"articleSection":["Not\u00edcias"],"inLanguage":"pt-BR"},{"@type":"WebPage","@id":"https:\/\/vanderloubet.com.br\/deputado\/vander-se-reune-com-servidores-do-mapa-em-campo-grande\/","url":"https:\/\/vanderloubet.com.br\/deputado\/vander-se-reune-com-servidores-do-mapa-em-campo-grande\/","name":"Vander se re\u00fane com servidores do Mapa em Campo Grande","isPartOf":{"@id":"https:\/\/vanderloubet.com.br\/deputado\/#website"},"primaryImageOfPage":{"@id":"https:\/\/vanderloubet.com.br\/deputado\/vander-se-reune-com-servidores-do-mapa-em-campo-grande\/#primaryimage"},"image":{"@id":"https:\/\/vanderloubet.com.br\/deputado\/vander-se-reune-com-servidores-do-mapa-em-campo-grande\/#primaryimage"},"thumbnailUrl":"http:\/\/www.deputadovander.com.br\/website\/wp-content\/uploads\/2011\/08\/foto-2011-08-01-vander-sfa-mapa-400x355.jpg","datePublished":"2011-08-01T22:45:48+00:00","breadcrumb":{"@id":"https:\/\/vanderloubet.com.br\/deputado\/vander-se-reune-com-servidores-do-mapa-em-campo-grande\/#breadcrumb"},"inLanguage":"pt-BR","potentialAction":[{"@type":"ReadAction","target":["https:\/\/vanderloubet.com.br\/deputado\/vander-se-reune-com-servidores-do-mapa-em-campo-grande\/"]}]},{"@type":"ImageObject","inLanguage":"pt-BR","@id":"https:\/\/vanderloubet.com.br\/deputado\/vander-se-reune-com-servidores-do-mapa-em-campo-grande\/#primaryimage","url":"http:\/\/www.deputadovander.com.br\/website\/wp-content\/uploads\/2011\/08\/foto-2011-08-01-vander-sfa-mapa-400x355.jpg","contentUrl":"http:\/\/www.deputadovander.com.br\/website\/wp-content\/uploads\/2011\/08\/foto-2011-08-01-vander-sfa-mapa-400x355.jpg"},{"@type":"BreadcrumbList","@id":"https:\/\/vanderloubet.com.br\/deputado\/vander-se-reune-com-servidores-do-mapa-em-campo-grande\/#breadcrumb","itemListElement":[{"@type":"ListItem","position":1,"name":"In\u00edcio","item":"https:\/\/vanderloubet.com.br\/deputado\/"},{"@type":"ListItem","position":2,"name":"Vander se re\u00fane com servidores do Mapa em Campo Grande"}]},{"@type":"WebSite","@id":"https:\/\/vanderloubet.com.br\/deputado\/#website","url":"https:\/\/vanderloubet.com.br\/deputado\/","name":"Deputado Federal Vander Loubet","description":"O Federal de MS","publisher":{"@id":"https:\/\/vanderloubet.com.br\/deputado\/#organization"},"alternateName":"Deputado Vander","potentialAction":[{"@type":"SearchAction","target":{"@type":"EntryPoint","urlTemplate":"https:\/\/vanderloubet.com.br\/deputado\/?s={search_term_string}"},"query-input":{"@type":"PropertyValueSpecification","valueRequired":true,"valueName":"search_term_string"}}],"inLanguage":"pt-BR"},{"@type":"Organization","@id":"https:\/\/vanderloubet.com.br\/deputado\/#organization","name":"Deputado Federal Vander Loubet","alternateName":"Deputado Vander","url":"https:\/\/vanderloubet.com.br\/deputado\/","logo":{"@type":"ImageObject","inLanguage":"pt-BR","@id":"https:\/\/vanderloubet.com.br\/deputado\/#\/schema\/logo\/image\/","url":"https:\/\/vanderloubet.com.br\/deputado\/wp-content\/uploads\/2023\/06\/foto-2023-06-19-mandato-deputado-vander.jpg","contentUrl":"https:\/\/vanderloubet.com.br\/deputado\/wp-content\/uploads\/2023\/06\/foto-2023-06-19-mandato-deputado-vander.jpg","width":1080,"height":1080,"caption":"Deputado Federal Vander Loubet"},"image":{"@id":"https:\/\/vanderloubet.com.br\/deputado\/#\/schema\/logo\/image\/"},"sameAs":["https:\/\/facebook.com\/deputadovander","https:\/\/x.com\/vanderloubet","https:\/\/instagram.com\/vanderloubet","https:\/\/youtube.com\/vanderloubet","https:\/\/tiktok.com\/@vanderloubetms"]},{"@type":"Person","@id":"https:\/\/vanderloubet.com.br\/deputado\/#\/schema\/person\/15b51bd564532a8a68d9dec1b8eb890e","name":"\u00c9der","image":{"@type":"ImageObject","inLanguage":"pt-BR","@id":"https:\/\/vanderloubet.com.br\/deputado\/wp-content\/litespeed\/avatar\/88ca4090d9d5ab1c9495f6ca03b68efa.jpg?ver=1777058957","url":"https:\/\/vanderloubet.com.br\/deputado\/wp-content\/litespeed\/avatar\/88ca4090d9d5ab1c9495f6ca03b68efa.jpg?ver=1777058957","contentUrl":"https:\/\/vanderloubet.com.br\/deputado\/wp-content\/litespeed\/avatar\/88ca4090d9d5ab1c9495f6ca03b68efa.jpg?ver=1777058957","caption":"\u00c9der"}}]}},"jetpack_featured_media_url":"","jetpack_sharing_enabled":true,"_links":{"self":[{"href":"https:\/\/vanderloubet.com.br\/deputado\/wp-json\/wp\/v2\/posts\/3573","targetHints":{"allow":["GET"]}}],"collection":[{"href":"https:\/\/vanderloubet.com.br\/deputado\/wp-json\/wp\/v2\/posts"}],"about":[{"href":"https:\/\/vanderloubet.com.br\/deputado\/wp-json\/wp\/v2\/types\/post"}],"author":[{"embeddable":true,"href":"https:\/\/vanderloubet.com.br\/deputado\/wp-json\/wp\/v2\/users\/2"}],"replies":[{"embeddable":true,"href":"https:\/\/vanderloubet.com.br\/deputado\/wp-json\/wp\/v2\/comments?post=3573"}],"version-history":[{"count":0,"href":"https:\/\/vanderloubet.com.br\/deputado\/wp-json\/wp\/v2\/posts\/3573\/revisions"}],"wp:attachment":[{"href":"https:\/\/vanderloubet.com.br\/deputado\/wp-json\/wp\/v2\/media?parent=3573"}],"wp:term":[{"taxonomy":"category","embeddable":true,"href":"https:\/\/vanderloubet.com.br\/deputado\/wp-json\/wp\/v2\/categories?post=3573"},{"taxonomy":"post_tag","embeddable":true,"href":"https:\/\/vanderloubet.com.br\/deputado\/wp-json\/wp\/v2\/tags?post=3573"}],"curies":[{"name":"wp","href":"https:\/\/api.w.org\/{rel}","templated":true}]}}