{"id":3436,"date":"2011-07-30T14:48:22","date_gmt":"2011-07-30T18:48:22","guid":{"rendered":"http:\/\/www.deputadovander.com.br\/website\/?p=3436"},"modified":"2011-07-30T14:48:22","modified_gmt":"2011-07-30T18:48:22","slug":"pt-reafirma-chapa-propria-e-vander-diz-nao-existir-mais-empecilhos-a-unidade","status":"publish","type":"post","link":"https:\/\/vanderloubet.com.br\/deputado\/pt-reafirma-chapa-propria-e-vander-diz-nao-existir-mais-empecilhos-a-unidade\/","title":{"rendered":"PT reafirma chapa pr\u00f3pria e Vander diz n\u00e3o existir mais empecilhos \u00e0 unidade"},"content":{"rendered":"<p style=\"text-align: center;\"><figure id=\"attachment_3438\" aria-describedby=\"caption-attachment-3438\" style=\"width: 400px\" class=\"wp-caption aligncenter\"><a href=\"http:\/\/www.deputadovander.com.br\/website\/wp-content\/uploads\/2011\/07\/foto-2011-07-30-vander-plenaria-pt.jpg\" target=\"_blank\"><img decoding=\"async\" class=\"size-medium wp-image-3438 \" title=\"foto-2011-07-30-vander-plenaria-pt\" src=\"http:\/\/www.deputadovander.com.br\/website\/wp-content\/uploads\/2011\/07\/foto-2011-07-30-vander-plenaria-pt-400x266.jpg\" alt=\"Deputado Vander fala durante plen\u00e1ria do PT\" width=\"400\" height=\"266\" \/><\/a><figcaption id=\"caption-attachment-3438\" class=\"wp-caption-text\">Deputado Vander fala durante plen\u00e1ria do PT<\/figcaption><\/figure><\/p>\n<p>&#8220;O Delc\u00eddio \u00e9 o candidato do partido para a sucess\u00e3o estadual em 2014, seu nome tem o respaldo de todas as nossas correntes. E o Zeca faz parte desse entendimento, de forma que n\u00e3o existe mais qualquer empecilho para a unidade interna que se afirma agora e s\u00f3 precisa de alguns ajustes&#8221;. Assim afirmou na manh\u00e3 deste s\u00e1bado (30) o deputado federal Vander Loubet (PT-MS), durante plen\u00e1ria convocada pelos diret\u00f3rios municipal e regional do PT, realizada na sede da Federa\u00e7\u00e3o dos Trabalhadores em Educa\u00e7\u00e3o (Fetems).<\/p>\n<p>Vander garantiu que os projetos pol\u00edticos do senador Delc\u00eddio e do ex-governador Zeca n\u00e3o se chocam e entram num sentido de converg\u00eancia. &#8220;Eles s\u00e3o as nossas duas maiores lideran\u00e7as e ambos querem caminhar na mesma dire\u00e7\u00e3o. Os dois sabem que s\u00e3o essenciais para fortalecer e unificar o PT como for\u00e7a capaz de quebrar a hegemonia do PMDB em Campo Grande, para mudar o modelo de governo que a cada dia agu\u00e7a mais a insatisfa\u00e7\u00e3o da sociedade com os detentores do poder local&#8221;, enfatizou o deputado.<\/p>\n<p>Os ajustes que faltam para a consolida\u00e7\u00e3o plena da unidade, segundo Vander, n\u00e3o t\u00eam extens\u00e3o suficiente para amea\u00e7ar a unidade, embora sejam necess\u00e1rios. &#8220;Falta ainda que a dire\u00e7\u00e3o partid\u00e1ria, o Delcidio e o Zeca tenham uma conversa direcionada e objetiva para acertar algumas quest\u00f5es, clarear e pontuar o papel de cada um nesse processo e avaliar demandas que possam impactar a conjuntura pol\u00edtica do partido. E essa conversa tem o lastro da nossa bancada e de todas as correntes&#8221;, salientou.<\/p>\n<p><strong>Chances<\/strong><\/p>\n<p>Vander disse que as chances do PT e do seu campo de alian\u00e7as cresceram bastante para a sucess\u00e3o municipal, n\u00e3o s\u00f3 pelos desgastes acumulados em 20 anos de gest\u00e3o peemedebista, mas tamb\u00e9m pelos novos cen\u00e1rios que se desenham. Um deles \u00e9 a necessidade do PSDB, antigo aliado do PMDB, lan\u00e7ar candidatura pr\u00f3pria.<\/p>\n<p>&#8220;Os tucanos acabam de perder a senadora Marisa Serrano, que foi para o Tribunal de Contas. \u00c9 uma perda real e consider\u00e1vel. E o estrago ser\u00e1 muito maior se o PSDB n\u00e3o tiver candidatura pr\u00f3pria em 2012&#8221;, acredita o petista. Por isso, ele v\u00ea seriedade e convic\u00e7\u00e3o na disposi\u00e7\u00e3o declarada do deputado federal Reinaldo Azambuja, presidente estadual dos tucanos, de tirar o partido do bloco de sustenta\u00e7\u00e3o do PMDB para fazer v\u00f4o solo no pr\u00f3ximo ano.<\/p>\n<p>As pr\u00e9-candidaturas do PT para a disputa municipal est\u00e3o reconhecidas politicamente dentro da legenda: Vander, Zeca, o deputado estadual Pedro Kemp e o ex-deputado Pedro Teruel. Chegou a ser ventilado o nome de Delc\u00eddio, mas o pr\u00f3prio senador e as principais lideran\u00e7as querem esta op\u00e7\u00e3o reservada para a disputa estadual de 2014.<\/p>\n<p style=\"text-align: center;\"><figure id=\"attachment_3437\" aria-describedby=\"caption-attachment-3437\" style=\"width: 400px\" class=\"wp-caption aligncenter\"><a href=\"http:\/\/www.deputadovander.com.br\/website\/wp-content\/uploads\/2011\/07\/foto-2011-07-30-plenaria-pt.jpg\" target=\"_blank\"><img decoding=\"async\" class=\"size-medium wp-image-3437 \" title=\"foto-2011-07-30-plenaria-pt\" src=\"http:\/\/www.deputadovander.com.br\/website\/wp-content\/uploads\/2011\/07\/foto-2011-07-30-plenaria-pt-400x266.jpg\" alt=\"Parlamentares, lideran\u00e7as e militantes marcaram presen\u00e7a\" width=\"400\" height=\"266\" \/><\/a><figcaption id=\"caption-attachment-3437\" class=\"wp-caption-text\">Parlamentares, lideran\u00e7as e militantes marcaram presen\u00e7a<\/figcaption><\/figure><\/p>\n<p><strong>Agenda<\/strong><\/p>\n<p>A agenda do PT campo-grandense para definir como ser\u00e1 sua participa\u00e7\u00e3o na elei\u00e7\u00e3o de 2012 j\u00e1 tem seus primeiros indicativos, anunciados durante a plen\u00e1ria deste s\u00e1bado, da qual participaram os presidentes municipal e estadual, Jo\u00e3o Rocha e Marcus Garcia; os deputados federais Vander Loubet e Antonio Carlos Biffi; o vereador Alex; o ex-deputado Pedro Teruel e dezenas de lideran\u00e7as do movimento social.<\/p>\n<p>Os principais indicativos, com car\u00e1ter resolutivo, s\u00e3o o lan\u00e7amento de candidatura pr\u00f3pria para a Prefeitura, com prazo para defini\u00e7\u00e3o dos nomes at\u00e9 dezembro; designa\u00e7\u00e3o, at\u00e9 15 de agosto, da comiss\u00e3o para coordenar a elabora\u00e7\u00e3o do programa de Governo; elabora\u00e7\u00e3o de uma agenda de plen\u00e1rias que v\u00e3o acontecer at\u00e9 o final do ano, quando haver\u00e1 a Confer\u00eancia Eleitoral; e prazo at\u00e9 20 de agoso para a forma\u00e7\u00e3o da lista de pr\u00e9-candidaturas \u00e0 C\u00e2mara Municipal.<\/p>\n<p><span style=\"font-size: 11px;\">(Edson Moraes\/Assessoria Deputado Vander)<\/span><\/p>\n","protected":false},"excerpt":{"rendered":"<p>Deputado garante que os projetos pol\u00edticos de Delc\u00eddio e de Zeca n\u00e3o se chocam e est\u00e3o em converg\u00eancia.<\/p>\n","protected":false},"author":2,"featured_media":0,"comment_status":"closed","ping_status":"open","sticky":false,"template":"","format":"standard","meta":{"jetpack_post_was_ever_published":false,"_jetpack_newsletter_access":"","_jetpack_dont_email_post_to_subs":false,"_jetpack_newsletter_tier_id":0,"_jetpack_memberships_contains_paywalled_content":false,"_jetpack_memberships_contains_paid_content":false,"footnotes":""},"categories":[10],"tags":[93,231,262,590,604,645,700,807,901,1074,1113,1178,1224,1520,1564,1651,1655,1741,1823,1944,2033,2047,2089],"class_list":{"0":"post-3436","1":"post","2":"type-post","3":"status-publish","4":"format-standard","6":"category-noticias","7":"tag-alex","8":"tag-azambuja","9":"tag-biffi","10":"tag-delcidio","11":"tag-deoutado","12":"tag-diretorio","13":"tag-eleicao","14":"tag-federal","15":"tag-garcia","16":"tag-joao","17":"tag-kemp","18":"tag-loubet","19":"tag-marcus","20":"tag-pedro","21":"tag-pmdb","22":"tag-psdb","23":"tag-pt","24":"tag-rocha","25":"tag-senador","26":"tag-teruel","27":"tag-vander","28":"tag-vereador","29":"tag-zeca"},"yoast_head":"<!-- This site is optimized with the Yoast SEO plugin v27.4 - https:\/\/yoast.com\/product\/yoast-seo-wordpress\/ -->\n<title>PT reafirma chapa pr\u00f3pria e Vander diz n\u00e3o existir mais empecilhos \u00e0 unidade<\/title>\n<meta name=\"robots\" content=\"index, follow, max-snippet:-1, max-image-preview:large, max-video-preview:-1\" \/>\n<link rel=\"canonical\" href=\"https:\/\/vanderloubet.com.br\/deputado\/pt-reafirma-chapa-propria-e-vander-diz-nao-existir-mais-empecilhos-a-unidade\/\" \/>\n<meta property=\"og:locale\" content=\"pt_BR\" \/>\n<meta property=\"og:type\" content=\"article\" \/>\n<meta property=\"og:title\" content=\"PT reafirma chapa pr\u00f3pria e Vander diz n\u00e3o existir mais empecilhos \u00e0 unidade\" \/>\n<meta property=\"og:description\" content=\"Deputado garante que os projetos pol\u00edticos de Delc\u00eddio e de Zeca n\u00e3o se chocam e est\u00e3o em converg\u00eancia.\" \/>\n<meta property=\"og:url\" content=\"https:\/\/vanderloubet.com.br\/deputado\/pt-reafirma-chapa-propria-e-vander-diz-nao-existir-mais-empecilhos-a-unidade\/\" \/>\n<meta property=\"og:site_name\" content=\"Deputado Federal Vander Loubet\" \/>\n<meta property=\"article:publisher\" content=\"https:\/\/facebook.com\/deputadovander\" \/>\n<meta property=\"article:published_time\" content=\"2011-07-30T18:48:22+00:00\" \/>\n<meta property=\"og:image\" content=\"http:\/\/www.deputadovander.com.br\/website\/wp-content\/uploads\/2011\/07\/foto-2011-07-30-vander-plenaria-pt-400x266.jpg\" \/>\n<meta name=\"author\" content=\"\u00c9der\" \/>\n<meta name=\"twitter:card\" content=\"summary_large_image\" \/>\n<meta name=\"twitter:creator\" content=\"@vanderloubet\" \/>\n<meta name=\"twitter:site\" content=\"@vanderloubet\" \/>\n<script type=\"application\/ld+json\" class=\"yoast-schema-graph\">{\"@context\":\"https:\\\/\\\/schema.org\",\"@graph\":[{\"@type\":\"Article\",\"@id\":\"https:\\\/\\\/vanderloubet.com.br\\\/deputado\\\/pt-reafirma-chapa-propria-e-vander-diz-nao-existir-mais-empecilhos-a-unidade\\\/#article\",\"isPartOf\":{\"@id\":\"https:\\\/\\\/vanderloubet.com.br\\\/deputado\\\/pt-reafirma-chapa-propria-e-vander-diz-nao-existir-mais-empecilhos-a-unidade\\\/\"},\"author\":{\"name\":\"\u00c9der\",\"@id\":\"https:\\\/\\\/vanderloubet.com.br\\\/deputado\\\/#\\\/schema\\\/person\\\/15b51bd564532a8a68d9dec1b8eb890e\"},\"headline\":\"PT reafirma chapa pr\u00f3pria e Vander diz n\u00e3o existir mais empecilhos \u00e0 unidade\",\"datePublished\":\"2011-07-30T18:48:22+00:00\",\"mainEntityOfPage\":{\"@id\":\"https:\\\/\\\/vanderloubet.com.br\\\/deputado\\\/pt-reafirma-chapa-propria-e-vander-diz-nao-existir-mais-empecilhos-a-unidade\\\/\"},\"wordCount\":678,\"publisher\":{\"@id\":\"https:\\\/\\\/vanderloubet.com.br\\\/deputado\\\/#organization\"},\"image\":{\"@id\":\"https:\\\/\\\/vanderloubet.com.br\\\/deputado\\\/pt-reafirma-chapa-propria-e-vander-diz-nao-existir-mais-empecilhos-a-unidade\\\/#primaryimage\"},\"thumbnailUrl\":\"http:\\\/\\\/www.deputadovander.com.br\\\/website\\\/wp-content\\\/uploads\\\/2011\\\/07\\\/foto-2011-07-30-vander-plenaria-pt-400x266.jpg\",\"keywords\":[\"alex\",\"azambuja\",\"biffi\",\"delc\u00eddio\",\"deoutado\",\"diret\u00f3rio\",\"elei\u00e7\u00e3o\",\"federal\",\"garcia\",\"jo\u00e3o\",\"kemp\",\"loubet\",\"marcus\",\"pedro\",\"pmdb\",\"psdb\",\"PT\",\"rocha\",\"senador\",\"teruel\",\"vander\",\"vereador\",\"zeca\"],\"articleSection\":[\"Not\u00edcias\"],\"inLanguage\":\"pt-BR\"},{\"@type\":\"WebPage\",\"@id\":\"https:\\\/\\\/vanderloubet.com.br\\\/deputado\\\/pt-reafirma-chapa-propria-e-vander-diz-nao-existir-mais-empecilhos-a-unidade\\\/\",\"url\":\"https:\\\/\\\/vanderloubet.com.br\\\/deputado\\\/pt-reafirma-chapa-propria-e-vander-diz-nao-existir-mais-empecilhos-a-unidade\\\/\",\"name\":\"PT reafirma chapa pr\u00f3pria e Vander diz n\u00e3o existir mais empecilhos \u00e0 unidade\",\"isPartOf\":{\"@id\":\"https:\\\/\\\/vanderloubet.com.br\\\/deputado\\\/#website\"},\"primaryImageOfPage\":{\"@id\":\"https:\\\/\\\/vanderloubet.com.br\\\/deputado\\\/pt-reafirma-chapa-propria-e-vander-diz-nao-existir-mais-empecilhos-a-unidade\\\/#primaryimage\"},\"image\":{\"@id\":\"https:\\\/\\\/vanderloubet.com.br\\\/deputado\\\/pt-reafirma-chapa-propria-e-vander-diz-nao-existir-mais-empecilhos-a-unidade\\\/#primaryimage\"},\"thumbnailUrl\":\"http:\\\/\\\/www.deputadovander.com.br\\\/website\\\/wp-content\\\/uploads\\\/2011\\\/07\\\/foto-2011-07-30-vander-plenaria-pt-400x266.jpg\",\"datePublished\":\"2011-07-30T18:48:22+00:00\",\"breadcrumb\":{\"@id\":\"https:\\\/\\\/vanderloubet.com.br\\\/deputado\\\/pt-reafirma-chapa-propria-e-vander-diz-nao-existir-mais-empecilhos-a-unidade\\\/#breadcrumb\"},\"inLanguage\":\"pt-BR\",\"potentialAction\":[{\"@type\":\"ReadAction\",\"target\":[\"https:\\\/\\\/vanderloubet.com.br\\\/deputado\\\/pt-reafirma-chapa-propria-e-vander-diz-nao-existir-mais-empecilhos-a-unidade\\\/\"]}]},{\"@type\":\"ImageObject\",\"inLanguage\":\"pt-BR\",\"@id\":\"https:\\\/\\\/vanderloubet.com.br\\\/deputado\\\/pt-reafirma-chapa-propria-e-vander-diz-nao-existir-mais-empecilhos-a-unidade\\\/#primaryimage\",\"url\":\"http:\\\/\\\/www.deputadovander.com.br\\\/website\\\/wp-content\\\/uploads\\\/2011\\\/07\\\/foto-2011-07-30-vander-plenaria-pt-400x266.jpg\",\"contentUrl\":\"http:\\\/\\\/www.deputadovander.com.br\\\/website\\\/wp-content\\\/uploads\\\/2011\\\/07\\\/foto-2011-07-30-vander-plenaria-pt-400x266.jpg\"},{\"@type\":\"BreadcrumbList\",\"@id\":\"https:\\\/\\\/vanderloubet.com.br\\\/deputado\\\/pt-reafirma-chapa-propria-e-vander-diz-nao-existir-mais-empecilhos-a-unidade\\\/#breadcrumb\",\"itemListElement\":[{\"@type\":\"ListItem\",\"position\":1,\"name\":\"In\u00edcio\",\"item\":\"https:\\\/\\\/vanderloubet.com.br\\\/deputado\\\/\"},{\"@type\":\"ListItem\",\"position\":2,\"name\":\"PT reafirma chapa pr\u00f3pria e Vander diz n\u00e3o existir mais empecilhos \u00e0 unidade\"}]},{\"@type\":\"WebSite\",\"@id\":\"https:\\\/\\\/vanderloubet.com.br\\\/deputado\\\/#website\",\"url\":\"https:\\\/\\\/vanderloubet.com.br\\\/deputado\\\/\",\"name\":\"Deputado Federal Vander Loubet\",\"description\":\"O Federal de MS\",\"publisher\":{\"@id\":\"https:\\\/\\\/vanderloubet.com.br\\\/deputado\\\/#organization\"},\"alternateName\":\"Deputado Vander\",\"potentialAction\":[{\"@type\":\"SearchAction\",\"target\":{\"@type\":\"EntryPoint\",\"urlTemplate\":\"https:\\\/\\\/vanderloubet.com.br\\\/deputado\\\/?s={search_term_string}\"},\"query-input\":{\"@type\":\"PropertyValueSpecification\",\"valueRequired\":true,\"valueName\":\"search_term_string\"}}],\"inLanguage\":\"pt-BR\"},{\"@type\":\"Organization\",\"@id\":\"https:\\\/\\\/vanderloubet.com.br\\\/deputado\\\/#organization\",\"name\":\"Deputado Federal Vander Loubet\",\"alternateName\":\"Deputado Vander\",\"url\":\"https:\\\/\\\/vanderloubet.com.br\\\/deputado\\\/\",\"logo\":{\"@type\":\"ImageObject\",\"inLanguage\":\"pt-BR\",\"@id\":\"https:\\\/\\\/vanderloubet.com.br\\\/deputado\\\/#\\\/schema\\\/logo\\\/image\\\/\",\"url\":\"https:\\\/\\\/vanderloubet.com.br\\\/deputado\\\/wp-content\\\/uploads\\\/2023\\\/06\\\/foto-2023-06-19-mandato-deputado-vander.jpg\",\"contentUrl\":\"https:\\\/\\\/vanderloubet.com.br\\\/deputado\\\/wp-content\\\/uploads\\\/2023\\\/06\\\/foto-2023-06-19-mandato-deputado-vander.jpg\",\"width\":1080,\"height\":1080,\"caption\":\"Deputado Federal Vander Loubet\"},\"image\":{\"@id\":\"https:\\\/\\\/vanderloubet.com.br\\\/deputado\\\/#\\\/schema\\\/logo\\\/image\\\/\"},\"sameAs\":[\"https:\\\/\\\/facebook.com\\\/deputadovander\",\"https:\\\/\\\/x.com\\\/vanderloubet\",\"https:\\\/\\\/instagram.com\\\/vanderloubet\",\"https:\\\/\\\/youtube.com\\\/vanderloubet\",\"https:\\\/\\\/tiktok.com\\\/@vanderloubetms\"]},{\"@type\":\"Person\",\"@id\":\"https:\\\/\\\/vanderloubet.com.br\\\/deputado\\\/#\\\/schema\\\/person\\\/15b51bd564532a8a68d9dec1b8eb890e\",\"name\":\"\u00c9der\",\"image\":{\"@type\":\"ImageObject\",\"inLanguage\":\"pt-BR\",\"@id\":\"https:\\\/\\\/vanderloubet.com.br\\\/deputado\\\/wp-content\\\/litespeed\\\/avatar\\\/88ca4090d9d5ab1c9495f6ca03b68efa.jpg?ver=1777058957\",\"url\":\"https:\\\/\\\/vanderloubet.com.br\\\/deputado\\\/wp-content\\\/litespeed\\\/avatar\\\/88ca4090d9d5ab1c9495f6ca03b68efa.jpg?ver=1777058957\",\"contentUrl\":\"https:\\\/\\\/vanderloubet.com.br\\\/deputado\\\/wp-content\\\/litespeed\\\/avatar\\\/88ca4090d9d5ab1c9495f6ca03b68efa.jpg?ver=1777058957\",\"caption\":\"\u00c9der\"}}]}<\/script>\n<!-- \/ Yoast SEO plugin. -->","yoast_head_json":{"title":"PT reafirma chapa pr\u00f3pria e Vander diz n\u00e3o existir mais empecilhos \u00e0 unidade","robots":{"index":"index","follow":"follow","max-snippet":"max-snippet:-1","max-image-preview":"max-image-preview:large","max-video-preview":"max-video-preview:-1"},"canonical":"https:\/\/vanderloubet.com.br\/deputado\/pt-reafirma-chapa-propria-e-vander-diz-nao-existir-mais-empecilhos-a-unidade\/","og_locale":"pt_BR","og_type":"article","og_title":"PT reafirma chapa pr\u00f3pria e Vander diz n\u00e3o existir mais empecilhos \u00e0 unidade","og_description":"Deputado garante que os projetos pol\u00edticos de Delc\u00eddio e de Zeca n\u00e3o se chocam e est\u00e3o em converg\u00eancia.","og_url":"https:\/\/vanderloubet.com.br\/deputado\/pt-reafirma-chapa-propria-e-vander-diz-nao-existir-mais-empecilhos-a-unidade\/","og_site_name":"Deputado Federal Vander Loubet","article_publisher":"https:\/\/facebook.com\/deputadovander","article_published_time":"2011-07-30T18:48:22+00:00","og_image":[{"url":"http:\/\/www.deputadovander.com.br\/website\/wp-content\/uploads\/2011\/07\/foto-2011-07-30-vander-plenaria-pt-400x266.jpg","type":"","width":"","height":""}],"author":"\u00c9der","twitter_card":"summary_large_image","twitter_creator":"@vanderloubet","twitter_site":"@vanderloubet","schema":{"@context":"https:\/\/schema.org","@graph":[{"@type":"Article","@id":"https:\/\/vanderloubet.com.br\/deputado\/pt-reafirma-chapa-propria-e-vander-diz-nao-existir-mais-empecilhos-a-unidade\/#article","isPartOf":{"@id":"https:\/\/vanderloubet.com.br\/deputado\/pt-reafirma-chapa-propria-e-vander-diz-nao-existir-mais-empecilhos-a-unidade\/"},"author":{"name":"\u00c9der","@id":"https:\/\/vanderloubet.com.br\/deputado\/#\/schema\/person\/15b51bd564532a8a68d9dec1b8eb890e"},"headline":"PT reafirma chapa pr\u00f3pria e Vander diz n\u00e3o existir mais empecilhos \u00e0 unidade","datePublished":"2011-07-30T18:48:22+00:00","mainEntityOfPage":{"@id":"https:\/\/vanderloubet.com.br\/deputado\/pt-reafirma-chapa-propria-e-vander-diz-nao-existir-mais-empecilhos-a-unidade\/"},"wordCount":678,"publisher":{"@id":"https:\/\/vanderloubet.com.br\/deputado\/#organization"},"image":{"@id":"https:\/\/vanderloubet.com.br\/deputado\/pt-reafirma-chapa-propria-e-vander-diz-nao-existir-mais-empecilhos-a-unidade\/#primaryimage"},"thumbnailUrl":"http:\/\/www.deputadovander.com.br\/website\/wp-content\/uploads\/2011\/07\/foto-2011-07-30-vander-plenaria-pt-400x266.jpg","keywords":["alex","azambuja","biffi","delc\u00eddio","deoutado","diret\u00f3rio","elei\u00e7\u00e3o","federal","garcia","jo\u00e3o","kemp","loubet","marcus","pedro","pmdb","psdb","PT","rocha","senador","teruel","vander","vereador","zeca"],"articleSection":["Not\u00edcias"],"inLanguage":"pt-BR"},{"@type":"WebPage","@id":"https:\/\/vanderloubet.com.br\/deputado\/pt-reafirma-chapa-propria-e-vander-diz-nao-existir-mais-empecilhos-a-unidade\/","url":"https:\/\/vanderloubet.com.br\/deputado\/pt-reafirma-chapa-propria-e-vander-diz-nao-existir-mais-empecilhos-a-unidade\/","name":"PT reafirma chapa pr\u00f3pria e Vander diz n\u00e3o existir mais empecilhos \u00e0 unidade","isPartOf":{"@id":"https:\/\/vanderloubet.com.br\/deputado\/#website"},"primaryImageOfPage":{"@id":"https:\/\/vanderloubet.com.br\/deputado\/pt-reafirma-chapa-propria-e-vander-diz-nao-existir-mais-empecilhos-a-unidade\/#primaryimage"},"image":{"@id":"https:\/\/vanderloubet.com.br\/deputado\/pt-reafirma-chapa-propria-e-vander-diz-nao-existir-mais-empecilhos-a-unidade\/#primaryimage"},"thumbnailUrl":"http:\/\/www.deputadovander.com.br\/website\/wp-content\/uploads\/2011\/07\/foto-2011-07-30-vander-plenaria-pt-400x266.jpg","datePublished":"2011-07-30T18:48:22+00:00","breadcrumb":{"@id":"https:\/\/vanderloubet.com.br\/deputado\/pt-reafirma-chapa-propria-e-vander-diz-nao-existir-mais-empecilhos-a-unidade\/#breadcrumb"},"inLanguage":"pt-BR","potentialAction":[{"@type":"ReadAction","target":["https:\/\/vanderloubet.com.br\/deputado\/pt-reafirma-chapa-propria-e-vander-diz-nao-existir-mais-empecilhos-a-unidade\/"]}]},{"@type":"ImageObject","inLanguage":"pt-BR","@id":"https:\/\/vanderloubet.com.br\/deputado\/pt-reafirma-chapa-propria-e-vander-diz-nao-existir-mais-empecilhos-a-unidade\/#primaryimage","url":"http:\/\/www.deputadovander.com.br\/website\/wp-content\/uploads\/2011\/07\/foto-2011-07-30-vander-plenaria-pt-400x266.jpg","contentUrl":"http:\/\/www.deputadovander.com.br\/website\/wp-content\/uploads\/2011\/07\/foto-2011-07-30-vander-plenaria-pt-400x266.jpg"},{"@type":"BreadcrumbList","@id":"https:\/\/vanderloubet.com.br\/deputado\/pt-reafirma-chapa-propria-e-vander-diz-nao-existir-mais-empecilhos-a-unidade\/#breadcrumb","itemListElement":[{"@type":"ListItem","position":1,"name":"In\u00edcio","item":"https:\/\/vanderloubet.com.br\/deputado\/"},{"@type":"ListItem","position":2,"name":"PT reafirma chapa pr\u00f3pria e Vander diz n\u00e3o existir mais empecilhos \u00e0 unidade"}]},{"@type":"WebSite","@id":"https:\/\/vanderloubet.com.br\/deputado\/#website","url":"https:\/\/vanderloubet.com.br\/deputado\/","name":"Deputado Federal Vander Loubet","description":"O Federal de MS","publisher":{"@id":"https:\/\/vanderloubet.com.br\/deputado\/#organization"},"alternateName":"Deputado Vander","potentialAction":[{"@type":"SearchAction","target":{"@type":"EntryPoint","urlTemplate":"https:\/\/vanderloubet.com.br\/deputado\/?s={search_term_string}"},"query-input":{"@type":"PropertyValueSpecification","valueRequired":true,"valueName":"search_term_string"}}],"inLanguage":"pt-BR"},{"@type":"Organization","@id":"https:\/\/vanderloubet.com.br\/deputado\/#organization","name":"Deputado Federal Vander Loubet","alternateName":"Deputado Vander","url":"https:\/\/vanderloubet.com.br\/deputado\/","logo":{"@type":"ImageObject","inLanguage":"pt-BR","@id":"https:\/\/vanderloubet.com.br\/deputado\/#\/schema\/logo\/image\/","url":"https:\/\/vanderloubet.com.br\/deputado\/wp-content\/uploads\/2023\/06\/foto-2023-06-19-mandato-deputado-vander.jpg","contentUrl":"https:\/\/vanderloubet.com.br\/deputado\/wp-content\/uploads\/2023\/06\/foto-2023-06-19-mandato-deputado-vander.jpg","width":1080,"height":1080,"caption":"Deputado Federal Vander Loubet"},"image":{"@id":"https:\/\/vanderloubet.com.br\/deputado\/#\/schema\/logo\/image\/"},"sameAs":["https:\/\/facebook.com\/deputadovander","https:\/\/x.com\/vanderloubet","https:\/\/instagram.com\/vanderloubet","https:\/\/youtube.com\/vanderloubet","https:\/\/tiktok.com\/@vanderloubetms"]},{"@type":"Person","@id":"https:\/\/vanderloubet.com.br\/deputado\/#\/schema\/person\/15b51bd564532a8a68d9dec1b8eb890e","name":"\u00c9der","image":{"@type":"ImageObject","inLanguage":"pt-BR","@id":"https:\/\/vanderloubet.com.br\/deputado\/wp-content\/litespeed\/avatar\/88ca4090d9d5ab1c9495f6ca03b68efa.jpg?ver=1777058957","url":"https:\/\/vanderloubet.com.br\/deputado\/wp-content\/litespeed\/avatar\/88ca4090d9d5ab1c9495f6ca03b68efa.jpg?ver=1777058957","contentUrl":"https:\/\/vanderloubet.com.br\/deputado\/wp-content\/litespeed\/avatar\/88ca4090d9d5ab1c9495f6ca03b68efa.jpg?ver=1777058957","caption":"\u00c9der"}}]}},"jetpack_featured_media_url":"","jetpack_sharing_enabled":true,"_links":{"self":[{"href":"https:\/\/vanderloubet.com.br\/deputado\/wp-json\/wp\/v2\/posts\/3436","targetHints":{"allow":["GET"]}}],"collection":[{"href":"https:\/\/vanderloubet.com.br\/deputado\/wp-json\/wp\/v2\/posts"}],"about":[{"href":"https:\/\/vanderloubet.com.br\/deputado\/wp-json\/wp\/v2\/types\/post"}],"author":[{"embeddable":true,"href":"https:\/\/vanderloubet.com.br\/deputado\/wp-json\/wp\/v2\/users\/2"}],"replies":[{"embeddable":true,"href":"https:\/\/vanderloubet.com.br\/deputado\/wp-json\/wp\/v2\/comments?post=3436"}],"version-history":[{"count":0,"href":"https:\/\/vanderloubet.com.br\/deputado\/wp-json\/wp\/v2\/posts\/3436\/revisions"}],"wp:attachment":[{"href":"https:\/\/vanderloubet.com.br\/deputado\/wp-json\/wp\/v2\/media?parent=3436"}],"wp:term":[{"taxonomy":"category","embeddable":true,"href":"https:\/\/vanderloubet.com.br\/deputado\/wp-json\/wp\/v2\/categories?post=3436"},{"taxonomy":"post_tag","embeddable":true,"href":"https:\/\/vanderloubet.com.br\/deputado\/wp-json\/wp\/v2\/tags?post=3436"}],"curies":[{"name":"wp","href":"https:\/\/api.w.org\/{rel}","templated":true}]}}