{"id":3421,"date":"2011-07-20T16:49:01","date_gmt":"2011-07-20T20:49:01","guid":{"rendered":"http:\/\/www.deputadovander.com.br\/website\/?p=3421"},"modified":"2011-07-20T16:49:01","modified_gmt":"2011-07-20T20:49:01","slug":"vander-e-o-semestre-politico-assumimos-nossas-responsabilidades","status":"publish","type":"post","link":"https:\/\/vanderloubet.com.br\/deputado\/vander-e-o-semestre-politico-assumimos-nossas-responsabilidades\/","title":{"rendered":"Vander e o semestre pol\u00edtico: &#8220;Assumimos nossas responsabilidades&#8221;"},"content":{"rendered":"<p style=\"text-align: center;\"><figure id=\"attachment_2683\" aria-describedby=\"caption-attachment-2683\" style=\"width: 300px\" class=\"wp-caption aligncenter\"><a href=\"http:\/\/www.deputadovander.com.br\/website\/wp-content\/uploads\/2010\/11\/foto-2010-11-24-dicurso-vander.jpg\" target=\"_blank\"><img decoding=\"async\" class=\"size-medium wp-image-2683 \" title=\"foto-2010-11-24-discurso-vander\" src=\"http:\/\/www.deputadovander.com.br\/website\/wp-content\/uploads\/2010\/11\/foto-2010-11-24-dicurso-vander-300x196.jpg\" alt=\"Deputado Federal Vander Loubet\" width=\"300\" height=\"196\" \/><\/a><figcaption id=\"caption-attachment-2683\" class=\"wp-caption-text\">Deputado Federal Vander Loubet (clique p\/ ampliar)<\/figcaption><\/figure><\/p>\n<p>A responsabilidade pol\u00edtica do PT e da base de sustenta\u00e7\u00e3o do governo assumiu todos os desafios que a conjuntura pol\u00edtica e institucional do Pa\u00eds apresentou ao Congresso Nacional neste semestre, com testes complexos e dif\u00edceis para os seis primeiros meses de mandato de um governo exercido pela primeira mandat\u00e1ria da Na\u00e7\u00e3o. A an\u00e1lise \u00e9 do deputado federal Vander Loubet (PT-MS), ao afirmar que tanto a base quanto o governo t\u00eam um saldo extremamente positivo pelo que se fez no per\u00edodo.<\/p>\n<p>&#8220;O que temos de b\u00f4nus pelas diferentes conquistas do governo \u00e9 repartido entre todos os partidos e for\u00e7as da base aliada, porque todos trabalham na mesma dire\u00e7\u00e3o. E da mesma forma assumimos o \u00f4nus, que s\u00e3o as dificuldades e obst\u00e1culos naturais de um regime democr\u00e1tico, no qual o contradit\u00f3rio que nos fustiga \u00e9 tamb\u00e9m o oxig\u00eanio que faz respirar a nossa hist\u00f3ria&#8221;, enfatizou Vander. Ele considerou positivo o desempenho da C\u00e2mara, embora reconhe\u00e7a que o ac\u00famulo de mat\u00e9rias e as pautas trancadas impediram um desempenho ainda melhor.<\/p>\n<p>As 23 medidas provis\u00f3rias aprovadas no primeiro semestre, a vota\u00e7\u00e3o de mais de 300 mat\u00e9rias no Plen\u00e1rio e nas comiss\u00f5es &#8211; das quais mais de 80 foram aprovadas pela C\u00e2mara &#8211; asseguraram elogios de diversos ministros de Estado aos deputados. &#8220;Tudo sinaliza que o governo e a C\u00e2mara est\u00e3o em sintonia em rela\u00e7\u00e3o \u00e0s mudan\u00e7as necess\u00e1rias para seguran\u00e7a dos rumos econ\u00f4micos e sociais&#8221;, afirmou o parlamentar sul-mato-grossense.<\/p>\n<p><strong>Reformas e benef\u00edcios<\/strong><\/p>\n<p>O deputado Vander acredita que no segundo semestre ser\u00e3o destravadas algumas mat\u00e9rias de primeira necessidade para o Pa\u00eds, como as reformas pol\u00edtica e tribut\u00e1ria e os ajustes que faltam para as pol\u00edticas de partilha dos royalties do pr\u00e9-sal e de implementa\u00e7\u00e3o do C\u00f3digo Florestal. &#8220;\u00c9 preciso acelerar ainda mais na dire\u00e7\u00e3o das reformas, mesmo diante de um calend\u00e1rio cada dia mais cr\u00edtico por for\u00e7a da proximidade das elei\u00e7\u00f5es municipais. Ainda assim, eu estou com a mesma compreens\u00e3o dos meus companheiros do PT: o interesse da sociedade e os avan\u00e7os que o governo Dilma precisa desenvolver est\u00e3o acima de tudo&#8221;, afirma.<\/p>\n<p>O segundo semestre no Parlamento Nacional tamb\u00e9m deve incluir a discuss\u00e3o do Plano Nacional de Educa\u00e7\u00e3o (PNE), do Programa Nacional de Acesso ao Ensino T\u00e9cnico e Emprego (Pronatec) e da regulamenta\u00e7\u00e3o da Emenda 29 &#8211; que define investimentos p\u00fablicos em sa\u00fade.<\/p>\n<p>Vander vibra com os resultados da sua a\u00e7\u00e3o parlamentar junto aos organismos federais, assegurando recursos e projetos para os 78 munic\u00edpios de Mato Grosso do Sul. Com projetos de lei, indica\u00e7\u00f5es, requerimentos e discursos, ele antev\u00ea novas demandas para o segundo semestre e est\u00e1 otimista. &#8220;A economia brasileira est\u00e1 mantendo sua estabilidade, os empregos formais aumentaram e os investimentos federais continuam mantidos. Nessa conjuntura, seguirei cumprindo com as obriga\u00e7\u00f5es que me foram delegadas pelo povo e que, gra\u00e7as a Deus, est\u00e3o dando resultados em forma de benef\u00edcios a todos os segmentos da popula\u00e7\u00e3o&#8221;.<\/p>\n<p><strong>Elei\u00e7\u00f5es<\/strong><\/p>\n<p>Sobre os desafios eleitorais de 2012, Vander chama a aten\u00e7\u00e3o para o quadro que ainda est\u00e1 por ser desenhado e que vai depender do que pode acontecer no segundo semestre. &#8220;Com a economia est\u00e1vel, o crescimento mantido e o social em alta, o governo ficar\u00e1 muito mais forte. E essa for\u00e7a vai impactar positivamente os projetos eleitorais do PT e dos nossos aliado em todos os munic\u00edpios&#8221;, avalia.<\/p>\n<p>&#8220;Tenho o compromisso e a responsabilidade de, com o aval do partido, ser uma das op\u00e7\u00f5es para a disputa da sucess\u00e3o campo-grandense&#8221;, completa, referindo-se ao seu papel dentro das demandas do PT em Campo Grande. &#8220;No entanto, mais importante que isso \u00e9 a tarefa de fazer o que estiver ao meu alcance para unir todas as correntes do PT. Na verdade, posso dizer que estamos fechando essa unidade em 100% e os ajustes que faltam s\u00e3o pr\u00f3prios do jogo pol\u00edtico e da democracia interna que est\u00e1 no DNA do Partido dos Trabalhadores&#8221;.<\/p>\n<p>Vander tamb\u00e9m cita como excelentes op\u00e7\u00f5es o deputado estadual Pedro Kemp, o ex-deputado estadual Pedro Teruel e a professora Gilda dos Santos. Mas avisa que todos podem abrir m\u00e3o se o cen\u00e1rio favorecer outra alternativa, como a que j\u00e1 foi aventada: uma chapa com o senador Delc\u00eddio do Amaral e o ex-governador Zeca do PT. &#8220;Esta seria a unifica\u00e7\u00e3o das unifica\u00e7\u00f5es&#8221;.<\/p>\n<p><span style=\"font-size: 11px;\">(Edson Moraes\/Assessoria Deputado Vander)<\/span><\/p>\n","protected":false},"excerpt":{"rendered":"<p>Vander comemora resultados da a\u00e7\u00e3o parlamentar junto ao governo, assegurando recursos e projetos para munic\u00edpios de MS.<\/p>\n","protected":false},"author":2,"featured_media":0,"comment_status":"closed","ping_status":"open","sticky":false,"template":"","format":"standard","meta":{"jetpack_post_was_ever_published":false,"_jetpack_newsletter_access":"","_jetpack_dont_email_post_to_subs":false,"_jetpack_newsletter_tier_id":0,"_jetpack_memberships_contains_paywalled_content":false,"_jetpack_memberships_contains_paid_content":false,"footnotes":""},"categories":[10],"tags":[332,341,502,590,608,631,807,936,942,1178,1246,1336,1353,1655,1757,1902,2033,2089],"class_list":{"0":"post-3421","1":"post","2":"type-post","3":"status-publish","4":"format-standard","6":"category-noticias","7":"tag-camara","8":"tag-campo","9":"tag-congresso","10":"tag-delcidio","11":"tag-deputado","12":"tag-dilma","13":"tag-federal","14":"tag-grande","15":"tag-grosso","16":"tag-loubet","17":"tag-mato","18":"tag-ms","19":"tag-nacional","20":"tag-pt","21":"tag-rousseff","22":"tag-sul","23":"tag-vander","24":"tag-zeca"},"yoast_head":"<!-- This site is optimized with the Yoast SEO plugin v27.4 - https:\/\/yoast.com\/product\/yoast-seo-wordpress\/ -->\n<title>Vander e o semestre pol\u00edtico: &quot;Assumimos nossas responsabilidades&quot;<\/title>\n<meta name=\"robots\" content=\"index, follow, max-snippet:-1, max-image-preview:large, max-video-preview:-1\" \/>\n<link rel=\"canonical\" href=\"https:\/\/vanderloubet.com.br\/deputado\/vander-e-o-semestre-politico-assumimos-nossas-responsabilidades\/\" \/>\n<meta property=\"og:locale\" content=\"pt_BR\" \/>\n<meta property=\"og:type\" content=\"article\" \/>\n<meta property=\"og:title\" content=\"Vander e o semestre pol\u00edtico: &quot;Assumimos nossas responsabilidades&quot;\" \/>\n<meta property=\"og:description\" content=\"Vander comemora resultados da a\u00e7\u00e3o parlamentar junto ao governo, assegurando recursos e projetos para munic\u00edpios de MS.\" \/>\n<meta property=\"og:url\" content=\"https:\/\/vanderloubet.com.br\/deputado\/vander-e-o-semestre-politico-assumimos-nossas-responsabilidades\/\" \/>\n<meta property=\"og:site_name\" content=\"Deputado Federal Vander Loubet\" \/>\n<meta property=\"article:publisher\" content=\"https:\/\/facebook.com\/deputadovander\" \/>\n<meta property=\"article:published_time\" content=\"2011-07-20T20:49:01+00:00\" \/>\n<meta property=\"og:image\" content=\"http:\/\/www.deputadovander.com.br\/website\/wp-content\/uploads\/2010\/11\/foto-2010-11-24-dicurso-vander-300x196.jpg\" \/>\n<meta name=\"author\" content=\"\u00c9der\" \/>\n<meta name=\"twitter:card\" content=\"summary_large_image\" \/>\n<meta name=\"twitter:creator\" content=\"@vanderloubet\" \/>\n<meta name=\"twitter:site\" content=\"@vanderloubet\" \/>\n<script type=\"application\/ld+json\" class=\"yoast-schema-graph\">{\"@context\":\"https:\\\/\\\/schema.org\",\"@graph\":[{\"@type\":\"Article\",\"@id\":\"https:\\\/\\\/vanderloubet.com.br\\\/deputado\\\/vander-e-o-semestre-politico-assumimos-nossas-responsabilidades\\\/#article\",\"isPartOf\":{\"@id\":\"https:\\\/\\\/vanderloubet.com.br\\\/deputado\\\/vander-e-o-semestre-politico-assumimos-nossas-responsabilidades\\\/\"},\"author\":{\"name\":\"\u00c9der\",\"@id\":\"https:\\\/\\\/vanderloubet.com.br\\\/deputado\\\/#\\\/schema\\\/person\\\/15b51bd564532a8a68d9dec1b8eb890e\"},\"headline\":\"Vander e o semestre pol\u00edtico: &#8220;Assumimos nossas responsabilidades&#8221;\",\"datePublished\":\"2011-07-20T20:49:01+00:00\",\"mainEntityOfPage\":{\"@id\":\"https:\\\/\\\/vanderloubet.com.br\\\/deputado\\\/vander-e-o-semestre-politico-assumimos-nossas-responsabilidades\\\/\"},\"wordCount\":797,\"publisher\":{\"@id\":\"https:\\\/\\\/vanderloubet.com.br\\\/deputado\\\/#organization\"},\"image\":{\"@id\":\"https:\\\/\\\/vanderloubet.com.br\\\/deputado\\\/vander-e-o-semestre-politico-assumimos-nossas-responsabilidades\\\/#primaryimage\"},\"thumbnailUrl\":\"http:\\\/\\\/www.deputadovander.com.br\\\/website\\\/wp-content\\\/uploads\\\/2010\\\/11\\\/foto-2010-11-24-dicurso-vander-300x196.jpg\",\"keywords\":[\"c\u00e2mara\",\"campo\",\"congresso\",\"delc\u00eddio\",\"deputado\",\"dilma\",\"federal\",\"grande\",\"grosso\",\"loubet\",\"mato\",\"MS\",\"nacional\",\"PT\",\"rousseff\",\"sul\",\"vander\",\"zeca\"],\"articleSection\":[\"Not\u00edcias\"],\"inLanguage\":\"pt-BR\"},{\"@type\":\"WebPage\",\"@id\":\"https:\\\/\\\/vanderloubet.com.br\\\/deputado\\\/vander-e-o-semestre-politico-assumimos-nossas-responsabilidades\\\/\",\"url\":\"https:\\\/\\\/vanderloubet.com.br\\\/deputado\\\/vander-e-o-semestre-politico-assumimos-nossas-responsabilidades\\\/\",\"name\":\"Vander e o semestre pol\u00edtico: \\\"Assumimos nossas responsabilidades\\\"\",\"isPartOf\":{\"@id\":\"https:\\\/\\\/vanderloubet.com.br\\\/deputado\\\/#website\"},\"primaryImageOfPage\":{\"@id\":\"https:\\\/\\\/vanderloubet.com.br\\\/deputado\\\/vander-e-o-semestre-politico-assumimos-nossas-responsabilidades\\\/#primaryimage\"},\"image\":{\"@id\":\"https:\\\/\\\/vanderloubet.com.br\\\/deputado\\\/vander-e-o-semestre-politico-assumimos-nossas-responsabilidades\\\/#primaryimage\"},\"thumbnailUrl\":\"http:\\\/\\\/www.deputadovander.com.br\\\/website\\\/wp-content\\\/uploads\\\/2010\\\/11\\\/foto-2010-11-24-dicurso-vander-300x196.jpg\",\"datePublished\":\"2011-07-20T20:49:01+00:00\",\"breadcrumb\":{\"@id\":\"https:\\\/\\\/vanderloubet.com.br\\\/deputado\\\/vander-e-o-semestre-politico-assumimos-nossas-responsabilidades\\\/#breadcrumb\"},\"inLanguage\":\"pt-BR\",\"potentialAction\":[{\"@type\":\"ReadAction\",\"target\":[\"https:\\\/\\\/vanderloubet.com.br\\\/deputado\\\/vander-e-o-semestre-politico-assumimos-nossas-responsabilidades\\\/\"]}]},{\"@type\":\"ImageObject\",\"inLanguage\":\"pt-BR\",\"@id\":\"https:\\\/\\\/vanderloubet.com.br\\\/deputado\\\/vander-e-o-semestre-politico-assumimos-nossas-responsabilidades\\\/#primaryimage\",\"url\":\"http:\\\/\\\/www.deputadovander.com.br\\\/website\\\/wp-content\\\/uploads\\\/2010\\\/11\\\/foto-2010-11-24-dicurso-vander-300x196.jpg\",\"contentUrl\":\"http:\\\/\\\/www.deputadovander.com.br\\\/website\\\/wp-content\\\/uploads\\\/2010\\\/11\\\/foto-2010-11-24-dicurso-vander-300x196.jpg\"},{\"@type\":\"BreadcrumbList\",\"@id\":\"https:\\\/\\\/vanderloubet.com.br\\\/deputado\\\/vander-e-o-semestre-politico-assumimos-nossas-responsabilidades\\\/#breadcrumb\",\"itemListElement\":[{\"@type\":\"ListItem\",\"position\":1,\"name\":\"In\u00edcio\",\"item\":\"https:\\\/\\\/vanderloubet.com.br\\\/deputado\\\/\"},{\"@type\":\"ListItem\",\"position\":2,\"name\":\"Vander e o semestre pol\u00edtico: &#8220;Assumimos nossas responsabilidades&#8221;\"}]},{\"@type\":\"WebSite\",\"@id\":\"https:\\\/\\\/vanderloubet.com.br\\\/deputado\\\/#website\",\"url\":\"https:\\\/\\\/vanderloubet.com.br\\\/deputado\\\/\",\"name\":\"Deputado Federal Vander Loubet\",\"description\":\"O Federal de MS\",\"publisher\":{\"@id\":\"https:\\\/\\\/vanderloubet.com.br\\\/deputado\\\/#organization\"},\"alternateName\":\"Deputado Vander\",\"potentialAction\":[{\"@type\":\"SearchAction\",\"target\":{\"@type\":\"EntryPoint\",\"urlTemplate\":\"https:\\\/\\\/vanderloubet.com.br\\\/deputado\\\/?s={search_term_string}\"},\"query-input\":{\"@type\":\"PropertyValueSpecification\",\"valueRequired\":true,\"valueName\":\"search_term_string\"}}],\"inLanguage\":\"pt-BR\"},{\"@type\":\"Organization\",\"@id\":\"https:\\\/\\\/vanderloubet.com.br\\\/deputado\\\/#organization\",\"name\":\"Deputado Federal Vander Loubet\",\"alternateName\":\"Deputado Vander\",\"url\":\"https:\\\/\\\/vanderloubet.com.br\\\/deputado\\\/\",\"logo\":{\"@type\":\"ImageObject\",\"inLanguage\":\"pt-BR\",\"@id\":\"https:\\\/\\\/vanderloubet.com.br\\\/deputado\\\/#\\\/schema\\\/logo\\\/image\\\/\",\"url\":\"https:\\\/\\\/vanderloubet.com.br\\\/deputado\\\/wp-content\\\/uploads\\\/2023\\\/06\\\/foto-2023-06-19-mandato-deputado-vander.jpg\",\"contentUrl\":\"https:\\\/\\\/vanderloubet.com.br\\\/deputado\\\/wp-content\\\/uploads\\\/2023\\\/06\\\/foto-2023-06-19-mandato-deputado-vander.jpg\",\"width\":1080,\"height\":1080,\"caption\":\"Deputado Federal Vander Loubet\"},\"image\":{\"@id\":\"https:\\\/\\\/vanderloubet.com.br\\\/deputado\\\/#\\\/schema\\\/logo\\\/image\\\/\"},\"sameAs\":[\"https:\\\/\\\/facebook.com\\\/deputadovander\",\"https:\\\/\\\/x.com\\\/vanderloubet\",\"https:\\\/\\\/instagram.com\\\/vanderloubet\",\"https:\\\/\\\/youtube.com\\\/vanderloubet\",\"https:\\\/\\\/tiktok.com\\\/@vanderloubetms\"]},{\"@type\":\"Person\",\"@id\":\"https:\\\/\\\/vanderloubet.com.br\\\/deputado\\\/#\\\/schema\\\/person\\\/15b51bd564532a8a68d9dec1b8eb890e\",\"name\":\"\u00c9der\",\"image\":{\"@type\":\"ImageObject\",\"inLanguage\":\"pt-BR\",\"@id\":\"https:\\\/\\\/vanderloubet.com.br\\\/deputado\\\/wp-content\\\/litespeed\\\/avatar\\\/88ca4090d9d5ab1c9495f6ca03b68efa.jpg?ver=1777058957\",\"url\":\"https:\\\/\\\/vanderloubet.com.br\\\/deputado\\\/wp-content\\\/litespeed\\\/avatar\\\/88ca4090d9d5ab1c9495f6ca03b68efa.jpg?ver=1777058957\",\"contentUrl\":\"https:\\\/\\\/vanderloubet.com.br\\\/deputado\\\/wp-content\\\/litespeed\\\/avatar\\\/88ca4090d9d5ab1c9495f6ca03b68efa.jpg?ver=1777058957\",\"caption\":\"\u00c9der\"}}]}<\/script>\n<!-- \/ Yoast SEO plugin. -->","yoast_head_json":{"title":"Vander e o semestre pol\u00edtico: \"Assumimos nossas responsabilidades\"","robots":{"index":"index","follow":"follow","max-snippet":"max-snippet:-1","max-image-preview":"max-image-preview:large","max-video-preview":"max-video-preview:-1"},"canonical":"https:\/\/vanderloubet.com.br\/deputado\/vander-e-o-semestre-politico-assumimos-nossas-responsabilidades\/","og_locale":"pt_BR","og_type":"article","og_title":"Vander e o semestre pol\u00edtico: \"Assumimos nossas responsabilidades\"","og_description":"Vander comemora resultados da a\u00e7\u00e3o parlamentar junto ao governo, assegurando recursos e projetos para munic\u00edpios de MS.","og_url":"https:\/\/vanderloubet.com.br\/deputado\/vander-e-o-semestre-politico-assumimos-nossas-responsabilidades\/","og_site_name":"Deputado Federal Vander Loubet","article_publisher":"https:\/\/facebook.com\/deputadovander","article_published_time":"2011-07-20T20:49:01+00:00","og_image":[{"url":"http:\/\/www.deputadovander.com.br\/website\/wp-content\/uploads\/2010\/11\/foto-2010-11-24-dicurso-vander-300x196.jpg","type":"","width":"","height":""}],"author":"\u00c9der","twitter_card":"summary_large_image","twitter_creator":"@vanderloubet","twitter_site":"@vanderloubet","schema":{"@context":"https:\/\/schema.org","@graph":[{"@type":"Article","@id":"https:\/\/vanderloubet.com.br\/deputado\/vander-e-o-semestre-politico-assumimos-nossas-responsabilidades\/#article","isPartOf":{"@id":"https:\/\/vanderloubet.com.br\/deputado\/vander-e-o-semestre-politico-assumimos-nossas-responsabilidades\/"},"author":{"name":"\u00c9der","@id":"https:\/\/vanderloubet.com.br\/deputado\/#\/schema\/person\/15b51bd564532a8a68d9dec1b8eb890e"},"headline":"Vander e o semestre pol\u00edtico: &#8220;Assumimos nossas responsabilidades&#8221;","datePublished":"2011-07-20T20:49:01+00:00","mainEntityOfPage":{"@id":"https:\/\/vanderloubet.com.br\/deputado\/vander-e-o-semestre-politico-assumimos-nossas-responsabilidades\/"},"wordCount":797,"publisher":{"@id":"https:\/\/vanderloubet.com.br\/deputado\/#organization"},"image":{"@id":"https:\/\/vanderloubet.com.br\/deputado\/vander-e-o-semestre-politico-assumimos-nossas-responsabilidades\/#primaryimage"},"thumbnailUrl":"http:\/\/www.deputadovander.com.br\/website\/wp-content\/uploads\/2010\/11\/foto-2010-11-24-dicurso-vander-300x196.jpg","keywords":["c\u00e2mara","campo","congresso","delc\u00eddio","deputado","dilma","federal","grande","grosso","loubet","mato","MS","nacional","PT","rousseff","sul","vander","zeca"],"articleSection":["Not\u00edcias"],"inLanguage":"pt-BR"},{"@type":"WebPage","@id":"https:\/\/vanderloubet.com.br\/deputado\/vander-e-o-semestre-politico-assumimos-nossas-responsabilidades\/","url":"https:\/\/vanderloubet.com.br\/deputado\/vander-e-o-semestre-politico-assumimos-nossas-responsabilidades\/","name":"Vander e o semestre pol\u00edtico: \"Assumimos nossas responsabilidades\"","isPartOf":{"@id":"https:\/\/vanderloubet.com.br\/deputado\/#website"},"primaryImageOfPage":{"@id":"https:\/\/vanderloubet.com.br\/deputado\/vander-e-o-semestre-politico-assumimos-nossas-responsabilidades\/#primaryimage"},"image":{"@id":"https:\/\/vanderloubet.com.br\/deputado\/vander-e-o-semestre-politico-assumimos-nossas-responsabilidades\/#primaryimage"},"thumbnailUrl":"http:\/\/www.deputadovander.com.br\/website\/wp-content\/uploads\/2010\/11\/foto-2010-11-24-dicurso-vander-300x196.jpg","datePublished":"2011-07-20T20:49:01+00:00","breadcrumb":{"@id":"https:\/\/vanderloubet.com.br\/deputado\/vander-e-o-semestre-politico-assumimos-nossas-responsabilidades\/#breadcrumb"},"inLanguage":"pt-BR","potentialAction":[{"@type":"ReadAction","target":["https:\/\/vanderloubet.com.br\/deputado\/vander-e-o-semestre-politico-assumimos-nossas-responsabilidades\/"]}]},{"@type":"ImageObject","inLanguage":"pt-BR","@id":"https:\/\/vanderloubet.com.br\/deputado\/vander-e-o-semestre-politico-assumimos-nossas-responsabilidades\/#primaryimage","url":"http:\/\/www.deputadovander.com.br\/website\/wp-content\/uploads\/2010\/11\/foto-2010-11-24-dicurso-vander-300x196.jpg","contentUrl":"http:\/\/www.deputadovander.com.br\/website\/wp-content\/uploads\/2010\/11\/foto-2010-11-24-dicurso-vander-300x196.jpg"},{"@type":"BreadcrumbList","@id":"https:\/\/vanderloubet.com.br\/deputado\/vander-e-o-semestre-politico-assumimos-nossas-responsabilidades\/#breadcrumb","itemListElement":[{"@type":"ListItem","position":1,"name":"In\u00edcio","item":"https:\/\/vanderloubet.com.br\/deputado\/"},{"@type":"ListItem","position":2,"name":"Vander e o semestre pol\u00edtico: &#8220;Assumimos nossas responsabilidades&#8221;"}]},{"@type":"WebSite","@id":"https:\/\/vanderloubet.com.br\/deputado\/#website","url":"https:\/\/vanderloubet.com.br\/deputado\/","name":"Deputado Federal Vander Loubet","description":"O Federal de MS","publisher":{"@id":"https:\/\/vanderloubet.com.br\/deputado\/#organization"},"alternateName":"Deputado Vander","potentialAction":[{"@type":"SearchAction","target":{"@type":"EntryPoint","urlTemplate":"https:\/\/vanderloubet.com.br\/deputado\/?s={search_term_string}"},"query-input":{"@type":"PropertyValueSpecification","valueRequired":true,"valueName":"search_term_string"}}],"inLanguage":"pt-BR"},{"@type":"Organization","@id":"https:\/\/vanderloubet.com.br\/deputado\/#organization","name":"Deputado Federal Vander Loubet","alternateName":"Deputado Vander","url":"https:\/\/vanderloubet.com.br\/deputado\/","logo":{"@type":"ImageObject","inLanguage":"pt-BR","@id":"https:\/\/vanderloubet.com.br\/deputado\/#\/schema\/logo\/image\/","url":"https:\/\/vanderloubet.com.br\/deputado\/wp-content\/uploads\/2023\/06\/foto-2023-06-19-mandato-deputado-vander.jpg","contentUrl":"https:\/\/vanderloubet.com.br\/deputado\/wp-content\/uploads\/2023\/06\/foto-2023-06-19-mandato-deputado-vander.jpg","width":1080,"height":1080,"caption":"Deputado Federal Vander Loubet"},"image":{"@id":"https:\/\/vanderloubet.com.br\/deputado\/#\/schema\/logo\/image\/"},"sameAs":["https:\/\/facebook.com\/deputadovander","https:\/\/x.com\/vanderloubet","https:\/\/instagram.com\/vanderloubet","https:\/\/youtube.com\/vanderloubet","https:\/\/tiktok.com\/@vanderloubetms"]},{"@type":"Person","@id":"https:\/\/vanderloubet.com.br\/deputado\/#\/schema\/person\/15b51bd564532a8a68d9dec1b8eb890e","name":"\u00c9der","image":{"@type":"ImageObject","inLanguage":"pt-BR","@id":"https:\/\/vanderloubet.com.br\/deputado\/wp-content\/litespeed\/avatar\/88ca4090d9d5ab1c9495f6ca03b68efa.jpg?ver=1777058957","url":"https:\/\/vanderloubet.com.br\/deputado\/wp-content\/litespeed\/avatar\/88ca4090d9d5ab1c9495f6ca03b68efa.jpg?ver=1777058957","contentUrl":"https:\/\/vanderloubet.com.br\/deputado\/wp-content\/litespeed\/avatar\/88ca4090d9d5ab1c9495f6ca03b68efa.jpg?ver=1777058957","caption":"\u00c9der"}}]}},"jetpack_featured_media_url":"","jetpack_sharing_enabled":true,"_links":{"self":[{"href":"https:\/\/vanderloubet.com.br\/deputado\/wp-json\/wp\/v2\/posts\/3421","targetHints":{"allow":["GET"]}}],"collection":[{"href":"https:\/\/vanderloubet.com.br\/deputado\/wp-json\/wp\/v2\/posts"}],"about":[{"href":"https:\/\/vanderloubet.com.br\/deputado\/wp-json\/wp\/v2\/types\/post"}],"author":[{"embeddable":true,"href":"https:\/\/vanderloubet.com.br\/deputado\/wp-json\/wp\/v2\/users\/2"}],"replies":[{"embeddable":true,"href":"https:\/\/vanderloubet.com.br\/deputado\/wp-json\/wp\/v2\/comments?post=3421"}],"version-history":[{"count":0,"href":"https:\/\/vanderloubet.com.br\/deputado\/wp-json\/wp\/v2\/posts\/3421\/revisions"}],"wp:attachment":[{"href":"https:\/\/vanderloubet.com.br\/deputado\/wp-json\/wp\/v2\/media?parent=3421"}],"wp:term":[{"taxonomy":"category","embeddable":true,"href":"https:\/\/vanderloubet.com.br\/deputado\/wp-json\/wp\/v2\/categories?post=3421"},{"taxonomy":"post_tag","embeddable":true,"href":"https:\/\/vanderloubet.com.br\/deputado\/wp-json\/wp\/v2\/tags?post=3421"}],"curies":[{"name":"wp","href":"https:\/\/api.w.org\/{rel}","templated":true}]}}