{"id":3416,"date":"2011-07-19T00:02:42","date_gmt":"2011-07-19T04:02:42","guid":{"rendered":"http:\/\/www.deputadovander.com.br\/website\/?p=3416"},"modified":"2011-07-19T00:02:42","modified_gmt":"2011-07-19T04:02:42","slug":"nova-alvorada-do-sul-apresenta-pro-transporte-no-valor-de-r-159-milhoes","status":"publish","type":"post","link":"https:\/\/vanderloubet.com.br\/deputado\/nova-alvorada-do-sul-apresenta-pro-transporte-no-valor-de-r-159-milhoes\/","title":{"rendered":"Nova Alvorada do Sul apresenta Pr\u00f3-Transporte de R$ 15,9 milh\u00f5es"},"content":{"rendered":"<p style=\"text-align: center;\"><figure id=\"attachment_3417\" aria-describedby=\"caption-attachment-3417\" style=\"width: 400px\" class=\"wp-caption aligncenter\"><a href=\"http:\/\/www.deputadovander.com.br\/website\/wp-content\/uploads\/2011\/07\/foto-2011-07-19-pro-transporte-nova-alvorada.jpg\" target=\"_blank\"><img decoding=\"async\" class=\"size-medium wp-image-3417 \" title=\"foto-2011-07-19-pro-transporte-nova-alvorada\" src=\"http:\/\/www.deputadovander.com.br\/website\/wp-content\/uploads\/2011\/07\/foto-2011-07-19-pro-transporte-nova-alvorada-400x286.jpg\" alt=\"Convite da apresenta\u00e7\u00e3o do Pr\u00f3-Tranposrte em Nova Alvorada do Sul\" width=\"400\" height=\"286\" \/><\/a><figcaption id=\"caption-attachment-3417\" class=\"wp-caption-text\">Convite da apresenta\u00e7\u00e3o do Pr\u00f3-Tranposrte em Nova Alvorada do Sul<\/figcaption><\/figure><\/p>\n<p>Ser\u00e1 realizada na noite de hoje (19), \u00e0s 19 horas, no Audit\u00f3rio Santiago Faria de Oliveira em Nova Alvorada do Sul, a solenidade de apresenta\u00e7\u00e3o do Programa Pr\u00f3-Transporte no munic\u00edpio. O Programa prev\u00ea investimento de R$ 15,9 milh\u00f5es em obras de ciclovia, asfalto (mais de 324,6 mil metros quadrados), sinaliza\u00e7\u00e3o horizontal e vertical, pontos de \u00f4nibus, cal\u00e7adas e microdrenagem.<\/p>\n<p>O prefeito Arlei Barbosa comemorou a aprova\u00e7\u00e3o do projeto do munic\u00edpio junto ao Minist\u00e9rio das Cidades. &#8220;Estou extremamente feliz com a confirma\u00e7\u00e3o de Nova Alvorada do Sul entre os primeiros contemplados nesse programa do governo federal que muito contribuir\u00e1 para o desenvolvimento da nossa cidade. \u00c9 importante frisar o grande apoio do deputado federal Vander Loubet, que n\u00e3o mediu esfor\u00e7os para contribuir para melhoria da qualidade de vida da popula\u00e7\u00e3o sul-nova-alvoradense. Nossa administra\u00e7\u00e3o trabalha para consolidar nosso munic\u00edpio como um dos melhores de Mato Grosso do Sul e o deputado Vander \u00e9 um grande parceiro neste processo&#8221;, declarou Arlei.<\/p>\n<p>Para o deputado Vander, que estar\u00e1 presente ao evento e ajudou a viabilizar esses recursos atrav\u00e9s da sua articula\u00e7\u00e3o pol\u00edtica e tr\u00e2nsito em Bras\u00edlia, est\u00e1 \u00e9 mais uma a\u00e7\u00e3o do governo federal que merece a aten\u00e7\u00e3o da popula\u00e7\u00e3o. &#8220;Todos sabemos hoje como \u00e9 importante a presen\u00e7a do governo federal e seus investimentos. A presidenta Dilma sabe do legado que o ex-presidente Lula deixou e por isso est\u00e1 focada em continuar apoiando o desenvolvimento dos munic\u00edpios, aqui em Mato Grosso do Sul e em todo o Pa\u00eds. Como membro da base aliada do governo na C\u00e2mara, sinto-me muito honrado em participar de mais uma a\u00e7\u00e3o&#8221;, afirmou Vander.<\/p>\n<p>A apresenta\u00e7\u00e3o do projeto contar\u00e1 ainda com a presen\u00e7a do secret\u00e1rio nacional de Transporte e Mobilidade Urbana, Luiz Carlos Bueno de Lima, e dos prefeitos Dirceu Lanzarini (Amambai), Celso Vargas (Maracaju), Jo\u00e2o Carlos Lemes (Bataguassu) e Murilo Zauith (Dourados).<\/p>\n<p><strong>Pr\u00f3-Transporte<\/strong><\/p>\n<p>O Programa de Infraestrutura de Transporte e da Mobilidade Urbana (Pr\u00f3-Transporte) \u00e9 de responsabilidade do Minist\u00e9rio das Cidades e faz parte da Pol\u00edtica Nacional de Desenvolvimento Urbano e da Pol\u00edtica Setorial de Transporte e da Mobilidade Urbana. Tem o objetivo de propiciar o aumento da mobilidade urbana, da acessibilidade, dos transportes coletivos urbanos e da efici\u00eancia dos prestadores de servi\u00e7os, contribuindo na promo\u00e7\u00e3o do desenvolvimento territorial, econ\u00f4mico e social, na melhoria da qualidade de vida e na preserva\u00e7\u00e3o do meio ambiente.<\/p>\n<p><span style=\"font-size: 11px;\">(\u00c9der Yanaguita\/Assessoria &#8211; com informa\u00e7\u00f5es de Neliana Mendes\/Assecom PNAS)<\/span><\/p>\n","protected":false},"excerpt":{"rendered":"<p>Prefeito Arlei Barbosa destaca o grande apoio do deputado Vander na melhoria da qualidade de vida da popula\u00e7\u00e3o.<\/p>\n","protected":false},"author":2,"featured_media":0,"comment_status":"closed","ping_status":"open","sticky":false,"template":"","format":"standard","meta":{"jetpack_post_was_ever_published":false,"_jetpack_newsletter_access":"","_jetpack_dont_email_post_to_subs":false,"_jetpack_newsletter_tier_id":0,"_jetpack_memberships_contains_paywalled_content":false,"_jetpack_memberships_contains_paid_content":false,"footnotes":""},"categories":[10],"tags":[112,175,242,306,362,442,608,807,1155,1178,1302,1400,1409,1607,1620,1902,1972,2033],"class_list":{"0":"post-3416","1":"post","2":"type-post","3":"status-publish","4":"format-standard","6":"category-noticias","7":"tag-alvorada","8":"tag-arlei","9":"tag-barbosa","10":"tag-bueno","11":"tag-carlos","12":"tag-cidades","13":"tag-deputado","14":"tag-federal","15":"tag-lima","16":"tag-loubet","17":"tag-ministerio","18":"tag-nova","19":"tag-obras","20":"tag-prefeito","21":"tag-pro","22":"tag-sul","23":"tag-transporte","24":"tag-vander"},"yoast_head":"<!-- This site is optimized with the Yoast SEO plugin v27.4 - https:\/\/yoast.com\/product\/yoast-seo-wordpress\/ -->\n<title>Nova Alvorada do Sul apresenta Pr\u00f3-Transporte de R$ 15,9 milh\u00f5es<\/title>\n<meta name=\"robots\" content=\"index, follow, max-snippet:-1, max-image-preview:large, max-video-preview:-1\" \/>\n<link rel=\"canonical\" href=\"https:\/\/vanderloubet.com.br\/deputado\/nova-alvorada-do-sul-apresenta-pro-transporte-no-valor-de-r-159-milhoes\/\" \/>\n<meta property=\"og:locale\" content=\"pt_BR\" \/>\n<meta property=\"og:type\" content=\"article\" \/>\n<meta property=\"og:title\" content=\"Nova Alvorada do Sul apresenta Pr\u00f3-Transporte de R$ 15,9 milh\u00f5es\" \/>\n<meta property=\"og:description\" content=\"Prefeito Arlei Barbosa destaca o grande apoio do deputado Vander na melhoria da qualidade de vida da popula\u00e7\u00e3o.\" \/>\n<meta property=\"og:url\" content=\"https:\/\/vanderloubet.com.br\/deputado\/nova-alvorada-do-sul-apresenta-pro-transporte-no-valor-de-r-159-milhoes\/\" \/>\n<meta property=\"og:site_name\" content=\"Deputado Federal Vander Loubet\" \/>\n<meta property=\"article:publisher\" content=\"https:\/\/facebook.com\/deputadovander\" \/>\n<meta property=\"article:published_time\" content=\"2011-07-19T04:02:42+00:00\" \/>\n<meta property=\"og:image\" content=\"http:\/\/www.deputadovander.com.br\/website\/wp-content\/uploads\/2011\/07\/foto-2011-07-19-pro-transporte-nova-alvorada-400x286.jpg\" \/>\n<meta name=\"author\" content=\"\u00c9der\" \/>\n<meta name=\"twitter:card\" content=\"summary_large_image\" \/>\n<meta name=\"twitter:creator\" content=\"@vanderloubet\" \/>\n<meta name=\"twitter:site\" content=\"@vanderloubet\" \/>\n<script type=\"application\/ld+json\" class=\"yoast-schema-graph\">{\"@context\":\"https:\\\/\\\/schema.org\",\"@graph\":[{\"@type\":\"Article\",\"@id\":\"https:\\\/\\\/vanderloubet.com.br\\\/deputado\\\/nova-alvorada-do-sul-apresenta-pro-transporte-no-valor-de-r-159-milhoes\\\/#article\",\"isPartOf\":{\"@id\":\"https:\\\/\\\/vanderloubet.com.br\\\/deputado\\\/nova-alvorada-do-sul-apresenta-pro-transporte-no-valor-de-r-159-milhoes\\\/\"},\"author\":{\"name\":\"\u00c9der\",\"@id\":\"https:\\\/\\\/vanderloubet.com.br\\\/deputado\\\/#\\\/schema\\\/person\\\/15b51bd564532a8a68d9dec1b8eb890e\"},\"headline\":\"Nova Alvorada do Sul apresenta Pr\u00f3-Transporte de R$ 15,9 milh\u00f5es\",\"datePublished\":\"2011-07-19T04:02:42+00:00\",\"mainEntityOfPage\":{\"@id\":\"https:\\\/\\\/vanderloubet.com.br\\\/deputado\\\/nova-alvorada-do-sul-apresenta-pro-transporte-no-valor-de-r-159-milhoes\\\/\"},\"wordCount\":462,\"publisher\":{\"@id\":\"https:\\\/\\\/vanderloubet.com.br\\\/deputado\\\/#organization\"},\"image\":{\"@id\":\"https:\\\/\\\/vanderloubet.com.br\\\/deputado\\\/nova-alvorada-do-sul-apresenta-pro-transporte-no-valor-de-r-159-milhoes\\\/#primaryimage\"},\"thumbnailUrl\":\"http:\\\/\\\/www.deputadovander.com.br\\\/website\\\/wp-content\\\/uploads\\\/2011\\\/07\\\/foto-2011-07-19-pro-transporte-nova-alvorada-400x286.jpg\",\"keywords\":[\"alvorada\",\"arlei\",\"barbosa\",\"bueno\",\"carlos\",\"cidades\",\"deputado\",\"federal\",\"lima\",\"loubet\",\"minist\u00e9rio\",\"nova\",\"obras\",\"prefeito\",\"pr\u00f3\",\"sul\",\"transporte\",\"vander\"],\"articleSection\":[\"Not\u00edcias\"],\"inLanguage\":\"pt-BR\"},{\"@type\":\"WebPage\",\"@id\":\"https:\\\/\\\/vanderloubet.com.br\\\/deputado\\\/nova-alvorada-do-sul-apresenta-pro-transporte-no-valor-de-r-159-milhoes\\\/\",\"url\":\"https:\\\/\\\/vanderloubet.com.br\\\/deputado\\\/nova-alvorada-do-sul-apresenta-pro-transporte-no-valor-de-r-159-milhoes\\\/\",\"name\":\"Nova Alvorada do Sul apresenta Pr\u00f3-Transporte de R$ 15,9 milh\u00f5es\",\"isPartOf\":{\"@id\":\"https:\\\/\\\/vanderloubet.com.br\\\/deputado\\\/#website\"},\"primaryImageOfPage\":{\"@id\":\"https:\\\/\\\/vanderloubet.com.br\\\/deputado\\\/nova-alvorada-do-sul-apresenta-pro-transporte-no-valor-de-r-159-milhoes\\\/#primaryimage\"},\"image\":{\"@id\":\"https:\\\/\\\/vanderloubet.com.br\\\/deputado\\\/nova-alvorada-do-sul-apresenta-pro-transporte-no-valor-de-r-159-milhoes\\\/#primaryimage\"},\"thumbnailUrl\":\"http:\\\/\\\/www.deputadovander.com.br\\\/website\\\/wp-content\\\/uploads\\\/2011\\\/07\\\/foto-2011-07-19-pro-transporte-nova-alvorada-400x286.jpg\",\"datePublished\":\"2011-07-19T04:02:42+00:00\",\"breadcrumb\":{\"@id\":\"https:\\\/\\\/vanderloubet.com.br\\\/deputado\\\/nova-alvorada-do-sul-apresenta-pro-transporte-no-valor-de-r-159-milhoes\\\/#breadcrumb\"},\"inLanguage\":\"pt-BR\",\"potentialAction\":[{\"@type\":\"ReadAction\",\"target\":[\"https:\\\/\\\/vanderloubet.com.br\\\/deputado\\\/nova-alvorada-do-sul-apresenta-pro-transporte-no-valor-de-r-159-milhoes\\\/\"]}]},{\"@type\":\"ImageObject\",\"inLanguage\":\"pt-BR\",\"@id\":\"https:\\\/\\\/vanderloubet.com.br\\\/deputado\\\/nova-alvorada-do-sul-apresenta-pro-transporte-no-valor-de-r-159-milhoes\\\/#primaryimage\",\"url\":\"http:\\\/\\\/www.deputadovander.com.br\\\/website\\\/wp-content\\\/uploads\\\/2011\\\/07\\\/foto-2011-07-19-pro-transporte-nova-alvorada-400x286.jpg\",\"contentUrl\":\"http:\\\/\\\/www.deputadovander.com.br\\\/website\\\/wp-content\\\/uploads\\\/2011\\\/07\\\/foto-2011-07-19-pro-transporte-nova-alvorada-400x286.jpg\"},{\"@type\":\"BreadcrumbList\",\"@id\":\"https:\\\/\\\/vanderloubet.com.br\\\/deputado\\\/nova-alvorada-do-sul-apresenta-pro-transporte-no-valor-de-r-159-milhoes\\\/#breadcrumb\",\"itemListElement\":[{\"@type\":\"ListItem\",\"position\":1,\"name\":\"In\u00edcio\",\"item\":\"https:\\\/\\\/vanderloubet.com.br\\\/deputado\\\/\"},{\"@type\":\"ListItem\",\"position\":2,\"name\":\"Nova Alvorada do Sul apresenta Pr\u00f3-Transporte de R$ 15,9 milh\u00f5es\"}]},{\"@type\":\"WebSite\",\"@id\":\"https:\\\/\\\/vanderloubet.com.br\\\/deputado\\\/#website\",\"url\":\"https:\\\/\\\/vanderloubet.com.br\\\/deputado\\\/\",\"name\":\"Deputado Federal Vander Loubet\",\"description\":\"O Federal de MS\",\"publisher\":{\"@id\":\"https:\\\/\\\/vanderloubet.com.br\\\/deputado\\\/#organization\"},\"alternateName\":\"Deputado Vander\",\"potentialAction\":[{\"@type\":\"SearchAction\",\"target\":{\"@type\":\"EntryPoint\",\"urlTemplate\":\"https:\\\/\\\/vanderloubet.com.br\\\/deputado\\\/?s={search_term_string}\"},\"query-input\":{\"@type\":\"PropertyValueSpecification\",\"valueRequired\":true,\"valueName\":\"search_term_string\"}}],\"inLanguage\":\"pt-BR\"},{\"@type\":\"Organization\",\"@id\":\"https:\\\/\\\/vanderloubet.com.br\\\/deputado\\\/#organization\",\"name\":\"Deputado Federal Vander Loubet\",\"alternateName\":\"Deputado Vander\",\"url\":\"https:\\\/\\\/vanderloubet.com.br\\\/deputado\\\/\",\"logo\":{\"@type\":\"ImageObject\",\"inLanguage\":\"pt-BR\",\"@id\":\"https:\\\/\\\/vanderloubet.com.br\\\/deputado\\\/#\\\/schema\\\/logo\\\/image\\\/\",\"url\":\"https:\\\/\\\/vanderloubet.com.br\\\/deputado\\\/wp-content\\\/uploads\\\/2023\\\/06\\\/foto-2023-06-19-mandato-deputado-vander.jpg\",\"contentUrl\":\"https:\\\/\\\/vanderloubet.com.br\\\/deputado\\\/wp-content\\\/uploads\\\/2023\\\/06\\\/foto-2023-06-19-mandato-deputado-vander.jpg\",\"width\":1080,\"height\":1080,\"caption\":\"Deputado Federal Vander Loubet\"},\"image\":{\"@id\":\"https:\\\/\\\/vanderloubet.com.br\\\/deputado\\\/#\\\/schema\\\/logo\\\/image\\\/\"},\"sameAs\":[\"https:\\\/\\\/facebook.com\\\/deputadovander\",\"https:\\\/\\\/x.com\\\/vanderloubet\",\"https:\\\/\\\/instagram.com\\\/vanderloubet\",\"https:\\\/\\\/youtube.com\\\/vanderloubet\",\"https:\\\/\\\/tiktok.com\\\/@vanderloubetms\"]},{\"@type\":\"Person\",\"@id\":\"https:\\\/\\\/vanderloubet.com.br\\\/deputado\\\/#\\\/schema\\\/person\\\/15b51bd564532a8a68d9dec1b8eb890e\",\"name\":\"\u00c9der\",\"image\":{\"@type\":\"ImageObject\",\"inLanguage\":\"pt-BR\",\"@id\":\"https:\\\/\\\/vanderloubet.com.br\\\/deputado\\\/wp-content\\\/litespeed\\\/avatar\\\/88ca4090d9d5ab1c9495f6ca03b68efa.jpg?ver=1777058957\",\"url\":\"https:\\\/\\\/vanderloubet.com.br\\\/deputado\\\/wp-content\\\/litespeed\\\/avatar\\\/88ca4090d9d5ab1c9495f6ca03b68efa.jpg?ver=1777058957\",\"contentUrl\":\"https:\\\/\\\/vanderloubet.com.br\\\/deputado\\\/wp-content\\\/litespeed\\\/avatar\\\/88ca4090d9d5ab1c9495f6ca03b68efa.jpg?ver=1777058957\",\"caption\":\"\u00c9der\"}}]}<\/script>\n<!-- \/ Yoast SEO plugin. -->","yoast_head_json":{"title":"Nova Alvorada do Sul apresenta Pr\u00f3-Transporte de R$ 15,9 milh\u00f5es","robots":{"index":"index","follow":"follow","max-snippet":"max-snippet:-1","max-image-preview":"max-image-preview:large","max-video-preview":"max-video-preview:-1"},"canonical":"https:\/\/vanderloubet.com.br\/deputado\/nova-alvorada-do-sul-apresenta-pro-transporte-no-valor-de-r-159-milhoes\/","og_locale":"pt_BR","og_type":"article","og_title":"Nova Alvorada do Sul apresenta Pr\u00f3-Transporte de R$ 15,9 milh\u00f5es","og_description":"Prefeito Arlei Barbosa destaca o grande apoio do deputado Vander na melhoria da qualidade de vida da popula\u00e7\u00e3o.","og_url":"https:\/\/vanderloubet.com.br\/deputado\/nova-alvorada-do-sul-apresenta-pro-transporte-no-valor-de-r-159-milhoes\/","og_site_name":"Deputado Federal Vander Loubet","article_publisher":"https:\/\/facebook.com\/deputadovander","article_published_time":"2011-07-19T04:02:42+00:00","og_image":[{"url":"http:\/\/www.deputadovander.com.br\/website\/wp-content\/uploads\/2011\/07\/foto-2011-07-19-pro-transporte-nova-alvorada-400x286.jpg","type":"","width":"","height":""}],"author":"\u00c9der","twitter_card":"summary_large_image","twitter_creator":"@vanderloubet","twitter_site":"@vanderloubet","schema":{"@context":"https:\/\/schema.org","@graph":[{"@type":"Article","@id":"https:\/\/vanderloubet.com.br\/deputado\/nova-alvorada-do-sul-apresenta-pro-transporte-no-valor-de-r-159-milhoes\/#article","isPartOf":{"@id":"https:\/\/vanderloubet.com.br\/deputado\/nova-alvorada-do-sul-apresenta-pro-transporte-no-valor-de-r-159-milhoes\/"},"author":{"name":"\u00c9der","@id":"https:\/\/vanderloubet.com.br\/deputado\/#\/schema\/person\/15b51bd564532a8a68d9dec1b8eb890e"},"headline":"Nova Alvorada do Sul apresenta Pr\u00f3-Transporte de R$ 15,9 milh\u00f5es","datePublished":"2011-07-19T04:02:42+00:00","mainEntityOfPage":{"@id":"https:\/\/vanderloubet.com.br\/deputado\/nova-alvorada-do-sul-apresenta-pro-transporte-no-valor-de-r-159-milhoes\/"},"wordCount":462,"publisher":{"@id":"https:\/\/vanderloubet.com.br\/deputado\/#organization"},"image":{"@id":"https:\/\/vanderloubet.com.br\/deputado\/nova-alvorada-do-sul-apresenta-pro-transporte-no-valor-de-r-159-milhoes\/#primaryimage"},"thumbnailUrl":"http:\/\/www.deputadovander.com.br\/website\/wp-content\/uploads\/2011\/07\/foto-2011-07-19-pro-transporte-nova-alvorada-400x286.jpg","keywords":["alvorada","arlei","barbosa","bueno","carlos","cidades","deputado","federal","lima","loubet","minist\u00e9rio","nova","obras","prefeito","pr\u00f3","sul","transporte","vander"],"articleSection":["Not\u00edcias"],"inLanguage":"pt-BR"},{"@type":"WebPage","@id":"https:\/\/vanderloubet.com.br\/deputado\/nova-alvorada-do-sul-apresenta-pro-transporte-no-valor-de-r-159-milhoes\/","url":"https:\/\/vanderloubet.com.br\/deputado\/nova-alvorada-do-sul-apresenta-pro-transporte-no-valor-de-r-159-milhoes\/","name":"Nova Alvorada do Sul apresenta Pr\u00f3-Transporte de R$ 15,9 milh\u00f5es","isPartOf":{"@id":"https:\/\/vanderloubet.com.br\/deputado\/#website"},"primaryImageOfPage":{"@id":"https:\/\/vanderloubet.com.br\/deputado\/nova-alvorada-do-sul-apresenta-pro-transporte-no-valor-de-r-159-milhoes\/#primaryimage"},"image":{"@id":"https:\/\/vanderloubet.com.br\/deputado\/nova-alvorada-do-sul-apresenta-pro-transporte-no-valor-de-r-159-milhoes\/#primaryimage"},"thumbnailUrl":"http:\/\/www.deputadovander.com.br\/website\/wp-content\/uploads\/2011\/07\/foto-2011-07-19-pro-transporte-nova-alvorada-400x286.jpg","datePublished":"2011-07-19T04:02:42+00:00","breadcrumb":{"@id":"https:\/\/vanderloubet.com.br\/deputado\/nova-alvorada-do-sul-apresenta-pro-transporte-no-valor-de-r-159-milhoes\/#breadcrumb"},"inLanguage":"pt-BR","potentialAction":[{"@type":"ReadAction","target":["https:\/\/vanderloubet.com.br\/deputado\/nova-alvorada-do-sul-apresenta-pro-transporte-no-valor-de-r-159-milhoes\/"]}]},{"@type":"ImageObject","inLanguage":"pt-BR","@id":"https:\/\/vanderloubet.com.br\/deputado\/nova-alvorada-do-sul-apresenta-pro-transporte-no-valor-de-r-159-milhoes\/#primaryimage","url":"http:\/\/www.deputadovander.com.br\/website\/wp-content\/uploads\/2011\/07\/foto-2011-07-19-pro-transporte-nova-alvorada-400x286.jpg","contentUrl":"http:\/\/www.deputadovander.com.br\/website\/wp-content\/uploads\/2011\/07\/foto-2011-07-19-pro-transporte-nova-alvorada-400x286.jpg"},{"@type":"BreadcrumbList","@id":"https:\/\/vanderloubet.com.br\/deputado\/nova-alvorada-do-sul-apresenta-pro-transporte-no-valor-de-r-159-milhoes\/#breadcrumb","itemListElement":[{"@type":"ListItem","position":1,"name":"In\u00edcio","item":"https:\/\/vanderloubet.com.br\/deputado\/"},{"@type":"ListItem","position":2,"name":"Nova Alvorada do Sul apresenta Pr\u00f3-Transporte de R$ 15,9 milh\u00f5es"}]},{"@type":"WebSite","@id":"https:\/\/vanderloubet.com.br\/deputado\/#website","url":"https:\/\/vanderloubet.com.br\/deputado\/","name":"Deputado Federal Vander Loubet","description":"O Federal de MS","publisher":{"@id":"https:\/\/vanderloubet.com.br\/deputado\/#organization"},"alternateName":"Deputado Vander","potentialAction":[{"@type":"SearchAction","target":{"@type":"EntryPoint","urlTemplate":"https:\/\/vanderloubet.com.br\/deputado\/?s={search_term_string}"},"query-input":{"@type":"PropertyValueSpecification","valueRequired":true,"valueName":"search_term_string"}}],"inLanguage":"pt-BR"},{"@type":"Organization","@id":"https:\/\/vanderloubet.com.br\/deputado\/#organization","name":"Deputado Federal Vander Loubet","alternateName":"Deputado Vander","url":"https:\/\/vanderloubet.com.br\/deputado\/","logo":{"@type":"ImageObject","inLanguage":"pt-BR","@id":"https:\/\/vanderloubet.com.br\/deputado\/#\/schema\/logo\/image\/","url":"https:\/\/vanderloubet.com.br\/deputado\/wp-content\/uploads\/2023\/06\/foto-2023-06-19-mandato-deputado-vander.jpg","contentUrl":"https:\/\/vanderloubet.com.br\/deputado\/wp-content\/uploads\/2023\/06\/foto-2023-06-19-mandato-deputado-vander.jpg","width":1080,"height":1080,"caption":"Deputado Federal Vander Loubet"},"image":{"@id":"https:\/\/vanderloubet.com.br\/deputado\/#\/schema\/logo\/image\/"},"sameAs":["https:\/\/facebook.com\/deputadovander","https:\/\/x.com\/vanderloubet","https:\/\/instagram.com\/vanderloubet","https:\/\/youtube.com\/vanderloubet","https:\/\/tiktok.com\/@vanderloubetms"]},{"@type":"Person","@id":"https:\/\/vanderloubet.com.br\/deputado\/#\/schema\/person\/15b51bd564532a8a68d9dec1b8eb890e","name":"\u00c9der","image":{"@type":"ImageObject","inLanguage":"pt-BR","@id":"https:\/\/vanderloubet.com.br\/deputado\/wp-content\/litespeed\/avatar\/88ca4090d9d5ab1c9495f6ca03b68efa.jpg?ver=1777058957","url":"https:\/\/vanderloubet.com.br\/deputado\/wp-content\/litespeed\/avatar\/88ca4090d9d5ab1c9495f6ca03b68efa.jpg?ver=1777058957","contentUrl":"https:\/\/vanderloubet.com.br\/deputado\/wp-content\/litespeed\/avatar\/88ca4090d9d5ab1c9495f6ca03b68efa.jpg?ver=1777058957","caption":"\u00c9der"}}]}},"jetpack_featured_media_url":"","jetpack_sharing_enabled":true,"_links":{"self":[{"href":"https:\/\/vanderloubet.com.br\/deputado\/wp-json\/wp\/v2\/posts\/3416","targetHints":{"allow":["GET"]}}],"collection":[{"href":"https:\/\/vanderloubet.com.br\/deputado\/wp-json\/wp\/v2\/posts"}],"about":[{"href":"https:\/\/vanderloubet.com.br\/deputado\/wp-json\/wp\/v2\/types\/post"}],"author":[{"embeddable":true,"href":"https:\/\/vanderloubet.com.br\/deputado\/wp-json\/wp\/v2\/users\/2"}],"replies":[{"embeddable":true,"href":"https:\/\/vanderloubet.com.br\/deputado\/wp-json\/wp\/v2\/comments?post=3416"}],"version-history":[{"count":0,"href":"https:\/\/vanderloubet.com.br\/deputado\/wp-json\/wp\/v2\/posts\/3416\/revisions"}],"wp:attachment":[{"href":"https:\/\/vanderloubet.com.br\/deputado\/wp-json\/wp\/v2\/media?parent=3416"}],"wp:term":[{"taxonomy":"category","embeddable":true,"href":"https:\/\/vanderloubet.com.br\/deputado\/wp-json\/wp\/v2\/categories?post=3416"},{"taxonomy":"post_tag","embeddable":true,"href":"https:\/\/vanderloubet.com.br\/deputado\/wp-json\/wp\/v2\/tags?post=3416"}],"curies":[{"name":"wp","href":"https:\/\/api.w.org\/{rel}","templated":true}]}}