{"id":3414,"date":"2011-07-13T15:45:02","date_gmt":"2011-07-13T19:45:02","guid":{"rendered":"http:\/\/www.deputadovander.com.br\/website\/?p=3414"},"modified":"2011-07-13T15:45:02","modified_gmt":"2011-07-13T19:45:02","slug":"congresso-nacional-aprova-projeto-da-ldo-de-2012","status":"publish","type":"post","link":"https:\/\/vanderloubet.com.br\/deputado\/congresso-nacional-aprova-projeto-da-ldo-de-2012\/","title":{"rendered":"Congresso Nacional aprova projeto da LDO de 2012"},"content":{"rendered":"<p style=\"text-align: center;\"><figure id=\"attachment_2653\" aria-describedby=\"caption-attachment-2653\" style=\"width: 300px\" class=\"wp-caption aligncenter\"><a href=\"http:\/\/www.deputadovander.com.br\/website\/wp-content\/uploads\/2010\/11\/foto-2010-11-17-congresso-nacional.jpg\" target=\"_blank\"><img decoding=\"async\" class=\"size-medium wp-image-2653 \" title=\"foto-2010-11-17-congresso-nacional\" src=\"http:\/\/www.deputadovander.com.br\/website\/wp-content\/uploads\/2010\/11\/foto-2010-11-17-congresso-nacional-300x200.jpg\" alt=\"Congresso Nacional em Bras\u00edlia\" width=\"300\" height=\"200\" \/><\/a><figcaption id=\"caption-attachment-2653\" class=\"wp-caption-text\">Congresso Nacional em Bras\u00edlia<\/figcaption><\/figure><\/p>\n<p>O Plen\u00e1rio do Congresso Nacional (sess\u00e3o conjunta da C\u00e2mara e do Senado) aprovou hoje (13) o substitutivo da Comiss\u00e3o Mista de Or\u00e7amento ao Projeto da Lei de Diretrizes Or\u00e7ament\u00e1rias (LDO) de 2012. O texto ser\u00e1 encaminhado para a Presid\u00eancia da Rep\u00fablica para san\u00e7\u00e3o.<\/p>\n<p>O texto aprovado \u00e9 o parecer do relator, deputado federal M\u00e1rcio Reinaldo Moreira (PP-MG), que acolheu ontem (12) uma s\u00e9rie de reivindica\u00e7\u00f5es do Executivo e dos partidos.<\/p>\n<p>Para o deputado federal Vander Loubet (PT-MS), o projeto da LDO 2012 valorizou o trabalho parlamentar em prol de estados e munic\u00edpios ao proteger as emendas individuais de deputados e senadores do contingenciamento. &#8220;Como no caixa dos munic\u00edpios n\u00e3o costuma haver muito recurso para investimentos, as emendas s\u00e3o important\u00edssimas. S\u00e3o elas que ajudam a garantir as obras que as cidades precisam&#8221;, destacou Vander.<\/p>\n<p><strong>Sal\u00e1rio, assist\u00eancia e cen\u00e1rio<\/strong><\/p>\n<p>O Projeto de LDO aprovado pelo Congresso manteve o valor do sal\u00e1rio m\u00ednimo previsto pelo Executivo de R$ 616,34. Al\u00e9m disso, a LDO estabelece que o Or\u00e7amento da Uni\u00e3o para o ano que vem ter\u00e1 que preservar uma dota\u00e7\u00e3o para o aumento real aos aposentados e pensionistas do Instituto Nacional do Seguro Social (INSS).<\/p>\n<p>No que diz respeito \u00e0s transfer\u00eancias de recursos para o setor privado, a LDO para 2012 acrescenta novas entidades benefici\u00e1veis, como as de assist\u00eancia social que trabalhem com idosos, crian\u00e7as e adolescentes em situa\u00e7\u00e3o de vulnerabilidade ou risco, al\u00e9m de habilita\u00e7\u00e3o de pessoas com defici\u00eancias. Pelo texto, a entidade que receber recursos para investimento ter\u00e1 que comprovar capacidade gerencial, operacional e t\u00e9cnica para desenvolver as atividades e informar a quantidade e qualifica\u00e7\u00e3o de seus profissionais.<\/p>\n<p>O relator preservou os par\u00e2metros macroecon\u00f4micos do governo federal pelos quais o crescimento esperado da economia brasileira ser\u00e1 de 4,5% neste ano e 5% em 2012. A meta de infla\u00e7\u00e3o prevista pelo \u00cdndice de Pre\u00e7o ao Consumidor Agregado (IPCA) continua em 5% para 2011 e de 4,5% em 2012.<\/p>\n<p><strong>Lei de Diretrizes Or\u00e7ament\u00e1rias<\/strong><\/p>\n<p>A LDO \u00e9 a lei que define as metas e prioridades da administra\u00e7\u00e3o p\u00fablica federal, incluindo as despesas para o exerc\u00edcio financeiro do ano. Orienta a elabora\u00e7\u00e3o da Lei Or\u00e7ament\u00e1ria Anual, disp\u00f5e sobre as altera\u00e7\u00f5es na legisla\u00e7\u00e3o tribut\u00e1ria e estabelece a pol\u00edtica de aplica\u00e7\u00e3o das ag\u00eancias financeiras oficiais de fomento, como, por exemplo, o Banco Nacional de Desenvolvimento Econ\u00f4mico e Social (BNDES).<\/p>\n<p><span style=\"font-size: 11px;\">(\u00c9der Yanaguita\/Assessoria Deputado Vander)<\/span><\/p>\n","protected":false},"excerpt":{"rendered":"<p>Para Vander, texto aprovado valorizou trabalho parlamentar em prol de estados e munic\u00edpios ao proteger emendas individuais.<\/p>\n","protected":false},"author":2,"featured_media":0,"comment_status":"open","ping_status":"open","sticky":false,"template":"","format":"standard","meta":{"jetpack_post_was_ever_published":false,"_jetpack_newsletter_access":"","_jetpack_dont_email_post_to_subs":false,"_jetpack_newsletter_tier_id":0,"_jetpack_memberships_contains_paywalled_content":false,"_jetpack_memberships_contains_paid_content":false,"footnotes":""},"categories":[10],"tags":[332,502,608,646,710,807,1134,1139,1178,1219,1318,1353,1432,1594,1655,1703,1822,2033],"class_list":{"0":"post-3414","1":"post","2":"type-post","3":"status-publish","4":"format-standard","6":"category-noticias","7":"tag-camara","8":"tag-congresso","9":"tag-deputado","10":"tag-diretrizes","11":"tag-emendas","12":"tag-federal","13":"tag-ldo","14":"tag-lei","15":"tag-loubet","16":"tag-marcio","17":"tag-moreira","18":"tag-nacional","19":"tag-orcamentarias","20":"tag-pp","21":"tag-pt","22":"tag-reinaldo","23":"tag-senado","24":"tag-vander"},"yoast_head":"<!-- This site is optimized with the Yoast SEO plugin v27.4 - https:\/\/yoast.com\/product\/yoast-seo-wordpress\/ -->\n<title>Congresso Nacional aprova projeto da LDO de 2012<\/title>\n<meta name=\"robots\" content=\"index, follow, max-snippet:-1, max-image-preview:large, max-video-preview:-1\" \/>\n<link rel=\"canonical\" href=\"https:\/\/vanderloubet.com.br\/deputado\/congresso-nacional-aprova-projeto-da-ldo-de-2012\/\" \/>\n<meta property=\"og:locale\" content=\"pt_BR\" \/>\n<meta property=\"og:type\" content=\"article\" \/>\n<meta property=\"og:title\" content=\"Congresso Nacional aprova projeto da LDO de 2012\" \/>\n<meta property=\"og:description\" content=\"Para Vander, texto aprovado valorizou trabalho parlamentar em prol de estados e munic\u00edpios ao proteger emendas individuais.\" \/>\n<meta property=\"og:url\" content=\"https:\/\/vanderloubet.com.br\/deputado\/congresso-nacional-aprova-projeto-da-ldo-de-2012\/\" \/>\n<meta property=\"og:site_name\" content=\"Deputado Federal Vander Loubet\" \/>\n<meta property=\"article:publisher\" content=\"https:\/\/facebook.com\/deputadovander\" \/>\n<meta property=\"article:published_time\" content=\"2011-07-13T19:45:02+00:00\" \/>\n<meta property=\"og:image\" content=\"http:\/\/www.deputadovander.com.br\/website\/wp-content\/uploads\/2010\/11\/foto-2010-11-17-congresso-nacional-300x200.jpg\" \/>\n<meta name=\"author\" content=\"\u00c9der\" \/>\n<meta name=\"twitter:card\" content=\"summary_large_image\" \/>\n<meta name=\"twitter:creator\" content=\"@vanderloubet\" \/>\n<meta name=\"twitter:site\" content=\"@vanderloubet\" \/>\n<script type=\"application\/ld+json\" class=\"yoast-schema-graph\">{\"@context\":\"https:\\\/\\\/schema.org\",\"@graph\":[{\"@type\":\"Article\",\"@id\":\"https:\\\/\\\/vanderloubet.com.br\\\/deputado\\\/congresso-nacional-aprova-projeto-da-ldo-de-2012\\\/#article\",\"isPartOf\":{\"@id\":\"https:\\\/\\\/vanderloubet.com.br\\\/deputado\\\/congresso-nacional-aprova-projeto-da-ldo-de-2012\\\/\"},\"author\":{\"name\":\"\u00c9der\",\"@id\":\"https:\\\/\\\/vanderloubet.com.br\\\/deputado\\\/#\\\/schema\\\/person\\\/15b51bd564532a8a68d9dec1b8eb890e\"},\"headline\":\"Congresso Nacional aprova projeto da LDO de 2012\",\"datePublished\":\"2011-07-13T19:45:02+00:00\",\"mainEntityOfPage\":{\"@id\":\"https:\\\/\\\/vanderloubet.com.br\\\/deputado\\\/congresso-nacional-aprova-projeto-da-ldo-de-2012\\\/\"},\"wordCount\":449,\"commentCount\":0,\"publisher\":{\"@id\":\"https:\\\/\\\/vanderloubet.com.br\\\/deputado\\\/#organization\"},\"image\":{\"@id\":\"https:\\\/\\\/vanderloubet.com.br\\\/deputado\\\/congresso-nacional-aprova-projeto-da-ldo-de-2012\\\/#primaryimage\"},\"thumbnailUrl\":\"http:\\\/\\\/www.deputadovander.com.br\\\/website\\\/wp-content\\\/uploads\\\/2010\\\/11\\\/foto-2010-11-17-congresso-nacional-300x200.jpg\",\"keywords\":[\"c\u00e2mara\",\"congresso\",\"deputado\",\"diretrizes\",\"emendas\",\"federal\",\"ldo\",\"lei\",\"loubet\",\"m\u00e1rcio\",\"moreira\",\"nacional\",\"or\u00e7ament\u00e1rias\",\"pp\",\"PT\",\"reinaldo\",\"senado\",\"vander\"],\"articleSection\":[\"Not\u00edcias\"],\"inLanguage\":\"pt-BR\",\"potentialAction\":[{\"@type\":\"CommentAction\",\"name\":\"Comment\",\"target\":[\"https:\\\/\\\/vanderloubet.com.br\\\/deputado\\\/congresso-nacional-aprova-projeto-da-ldo-de-2012\\\/#respond\"]}]},{\"@type\":\"WebPage\",\"@id\":\"https:\\\/\\\/vanderloubet.com.br\\\/deputado\\\/congresso-nacional-aprova-projeto-da-ldo-de-2012\\\/\",\"url\":\"https:\\\/\\\/vanderloubet.com.br\\\/deputado\\\/congresso-nacional-aprova-projeto-da-ldo-de-2012\\\/\",\"name\":\"Congresso Nacional aprova projeto da LDO de 2012\",\"isPartOf\":{\"@id\":\"https:\\\/\\\/vanderloubet.com.br\\\/deputado\\\/#website\"},\"primaryImageOfPage\":{\"@id\":\"https:\\\/\\\/vanderloubet.com.br\\\/deputado\\\/congresso-nacional-aprova-projeto-da-ldo-de-2012\\\/#primaryimage\"},\"image\":{\"@id\":\"https:\\\/\\\/vanderloubet.com.br\\\/deputado\\\/congresso-nacional-aprova-projeto-da-ldo-de-2012\\\/#primaryimage\"},\"thumbnailUrl\":\"http:\\\/\\\/www.deputadovander.com.br\\\/website\\\/wp-content\\\/uploads\\\/2010\\\/11\\\/foto-2010-11-17-congresso-nacional-300x200.jpg\",\"datePublished\":\"2011-07-13T19:45:02+00:00\",\"breadcrumb\":{\"@id\":\"https:\\\/\\\/vanderloubet.com.br\\\/deputado\\\/congresso-nacional-aprova-projeto-da-ldo-de-2012\\\/#breadcrumb\"},\"inLanguage\":\"pt-BR\",\"potentialAction\":[{\"@type\":\"ReadAction\",\"target\":[\"https:\\\/\\\/vanderloubet.com.br\\\/deputado\\\/congresso-nacional-aprova-projeto-da-ldo-de-2012\\\/\"]}]},{\"@type\":\"ImageObject\",\"inLanguage\":\"pt-BR\",\"@id\":\"https:\\\/\\\/vanderloubet.com.br\\\/deputado\\\/congresso-nacional-aprova-projeto-da-ldo-de-2012\\\/#primaryimage\",\"url\":\"http:\\\/\\\/www.deputadovander.com.br\\\/website\\\/wp-content\\\/uploads\\\/2010\\\/11\\\/foto-2010-11-17-congresso-nacional-300x200.jpg\",\"contentUrl\":\"http:\\\/\\\/www.deputadovander.com.br\\\/website\\\/wp-content\\\/uploads\\\/2010\\\/11\\\/foto-2010-11-17-congresso-nacional-300x200.jpg\"},{\"@type\":\"BreadcrumbList\",\"@id\":\"https:\\\/\\\/vanderloubet.com.br\\\/deputado\\\/congresso-nacional-aprova-projeto-da-ldo-de-2012\\\/#breadcrumb\",\"itemListElement\":[{\"@type\":\"ListItem\",\"position\":1,\"name\":\"In\u00edcio\",\"item\":\"https:\\\/\\\/vanderloubet.com.br\\\/deputado\\\/\"},{\"@type\":\"ListItem\",\"position\":2,\"name\":\"Congresso Nacional aprova projeto da LDO de 2012\"}]},{\"@type\":\"WebSite\",\"@id\":\"https:\\\/\\\/vanderloubet.com.br\\\/deputado\\\/#website\",\"url\":\"https:\\\/\\\/vanderloubet.com.br\\\/deputado\\\/\",\"name\":\"Deputado Federal Vander Loubet\",\"description\":\"O Federal de MS\",\"publisher\":{\"@id\":\"https:\\\/\\\/vanderloubet.com.br\\\/deputado\\\/#organization\"},\"alternateName\":\"Deputado Vander\",\"potentialAction\":[{\"@type\":\"SearchAction\",\"target\":{\"@type\":\"EntryPoint\",\"urlTemplate\":\"https:\\\/\\\/vanderloubet.com.br\\\/deputado\\\/?s={search_term_string}\"},\"query-input\":{\"@type\":\"PropertyValueSpecification\",\"valueRequired\":true,\"valueName\":\"search_term_string\"}}],\"inLanguage\":\"pt-BR\"},{\"@type\":\"Organization\",\"@id\":\"https:\\\/\\\/vanderloubet.com.br\\\/deputado\\\/#organization\",\"name\":\"Deputado Federal Vander Loubet\",\"alternateName\":\"Deputado Vander\",\"url\":\"https:\\\/\\\/vanderloubet.com.br\\\/deputado\\\/\",\"logo\":{\"@type\":\"ImageObject\",\"inLanguage\":\"pt-BR\",\"@id\":\"https:\\\/\\\/vanderloubet.com.br\\\/deputado\\\/#\\\/schema\\\/logo\\\/image\\\/\",\"url\":\"https:\\\/\\\/vanderloubet.com.br\\\/deputado\\\/wp-content\\\/uploads\\\/2023\\\/06\\\/foto-2023-06-19-mandato-deputado-vander.jpg\",\"contentUrl\":\"https:\\\/\\\/vanderloubet.com.br\\\/deputado\\\/wp-content\\\/uploads\\\/2023\\\/06\\\/foto-2023-06-19-mandato-deputado-vander.jpg\",\"width\":1080,\"height\":1080,\"caption\":\"Deputado Federal Vander Loubet\"},\"image\":{\"@id\":\"https:\\\/\\\/vanderloubet.com.br\\\/deputado\\\/#\\\/schema\\\/logo\\\/image\\\/\"},\"sameAs\":[\"https:\\\/\\\/facebook.com\\\/deputadovander\",\"https:\\\/\\\/x.com\\\/vanderloubet\",\"https:\\\/\\\/instagram.com\\\/vanderloubet\",\"https:\\\/\\\/youtube.com\\\/vanderloubet\",\"https:\\\/\\\/tiktok.com\\\/@vanderloubetms\"]},{\"@type\":\"Person\",\"@id\":\"https:\\\/\\\/vanderloubet.com.br\\\/deputado\\\/#\\\/schema\\\/person\\\/15b51bd564532a8a68d9dec1b8eb890e\",\"name\":\"\u00c9der\",\"image\":{\"@type\":\"ImageObject\",\"inLanguage\":\"pt-BR\",\"@id\":\"https:\\\/\\\/vanderloubet.com.br\\\/deputado\\\/wp-content\\\/litespeed\\\/avatar\\\/88ca4090d9d5ab1c9495f6ca03b68efa.jpg?ver=1777058957\",\"url\":\"https:\\\/\\\/vanderloubet.com.br\\\/deputado\\\/wp-content\\\/litespeed\\\/avatar\\\/88ca4090d9d5ab1c9495f6ca03b68efa.jpg?ver=1777058957\",\"contentUrl\":\"https:\\\/\\\/vanderloubet.com.br\\\/deputado\\\/wp-content\\\/litespeed\\\/avatar\\\/88ca4090d9d5ab1c9495f6ca03b68efa.jpg?ver=1777058957\",\"caption\":\"\u00c9der\"}}]}<\/script>\n<!-- \/ Yoast SEO plugin. -->","yoast_head_json":{"title":"Congresso Nacional aprova projeto da LDO de 2012","robots":{"index":"index","follow":"follow","max-snippet":"max-snippet:-1","max-image-preview":"max-image-preview:large","max-video-preview":"max-video-preview:-1"},"canonical":"https:\/\/vanderloubet.com.br\/deputado\/congresso-nacional-aprova-projeto-da-ldo-de-2012\/","og_locale":"pt_BR","og_type":"article","og_title":"Congresso Nacional aprova projeto da LDO de 2012","og_description":"Para Vander, texto aprovado valorizou trabalho parlamentar em prol de estados e munic\u00edpios ao proteger emendas individuais.","og_url":"https:\/\/vanderloubet.com.br\/deputado\/congresso-nacional-aprova-projeto-da-ldo-de-2012\/","og_site_name":"Deputado Federal Vander Loubet","article_publisher":"https:\/\/facebook.com\/deputadovander","article_published_time":"2011-07-13T19:45:02+00:00","og_image":[{"url":"http:\/\/www.deputadovander.com.br\/website\/wp-content\/uploads\/2010\/11\/foto-2010-11-17-congresso-nacional-300x200.jpg","type":"","width":"","height":""}],"author":"\u00c9der","twitter_card":"summary_large_image","twitter_creator":"@vanderloubet","twitter_site":"@vanderloubet","schema":{"@context":"https:\/\/schema.org","@graph":[{"@type":"Article","@id":"https:\/\/vanderloubet.com.br\/deputado\/congresso-nacional-aprova-projeto-da-ldo-de-2012\/#article","isPartOf":{"@id":"https:\/\/vanderloubet.com.br\/deputado\/congresso-nacional-aprova-projeto-da-ldo-de-2012\/"},"author":{"name":"\u00c9der","@id":"https:\/\/vanderloubet.com.br\/deputado\/#\/schema\/person\/15b51bd564532a8a68d9dec1b8eb890e"},"headline":"Congresso Nacional aprova projeto da LDO de 2012","datePublished":"2011-07-13T19:45:02+00:00","mainEntityOfPage":{"@id":"https:\/\/vanderloubet.com.br\/deputado\/congresso-nacional-aprova-projeto-da-ldo-de-2012\/"},"wordCount":449,"commentCount":0,"publisher":{"@id":"https:\/\/vanderloubet.com.br\/deputado\/#organization"},"image":{"@id":"https:\/\/vanderloubet.com.br\/deputado\/congresso-nacional-aprova-projeto-da-ldo-de-2012\/#primaryimage"},"thumbnailUrl":"http:\/\/www.deputadovander.com.br\/website\/wp-content\/uploads\/2010\/11\/foto-2010-11-17-congresso-nacional-300x200.jpg","keywords":["c\u00e2mara","congresso","deputado","diretrizes","emendas","federal","ldo","lei","loubet","m\u00e1rcio","moreira","nacional","or\u00e7ament\u00e1rias","pp","PT","reinaldo","senado","vander"],"articleSection":["Not\u00edcias"],"inLanguage":"pt-BR","potentialAction":[{"@type":"CommentAction","name":"Comment","target":["https:\/\/vanderloubet.com.br\/deputado\/congresso-nacional-aprova-projeto-da-ldo-de-2012\/#respond"]}]},{"@type":"WebPage","@id":"https:\/\/vanderloubet.com.br\/deputado\/congresso-nacional-aprova-projeto-da-ldo-de-2012\/","url":"https:\/\/vanderloubet.com.br\/deputado\/congresso-nacional-aprova-projeto-da-ldo-de-2012\/","name":"Congresso Nacional aprova projeto da LDO de 2012","isPartOf":{"@id":"https:\/\/vanderloubet.com.br\/deputado\/#website"},"primaryImageOfPage":{"@id":"https:\/\/vanderloubet.com.br\/deputado\/congresso-nacional-aprova-projeto-da-ldo-de-2012\/#primaryimage"},"image":{"@id":"https:\/\/vanderloubet.com.br\/deputado\/congresso-nacional-aprova-projeto-da-ldo-de-2012\/#primaryimage"},"thumbnailUrl":"http:\/\/www.deputadovander.com.br\/website\/wp-content\/uploads\/2010\/11\/foto-2010-11-17-congresso-nacional-300x200.jpg","datePublished":"2011-07-13T19:45:02+00:00","breadcrumb":{"@id":"https:\/\/vanderloubet.com.br\/deputado\/congresso-nacional-aprova-projeto-da-ldo-de-2012\/#breadcrumb"},"inLanguage":"pt-BR","potentialAction":[{"@type":"ReadAction","target":["https:\/\/vanderloubet.com.br\/deputado\/congresso-nacional-aprova-projeto-da-ldo-de-2012\/"]}]},{"@type":"ImageObject","inLanguage":"pt-BR","@id":"https:\/\/vanderloubet.com.br\/deputado\/congresso-nacional-aprova-projeto-da-ldo-de-2012\/#primaryimage","url":"http:\/\/www.deputadovander.com.br\/website\/wp-content\/uploads\/2010\/11\/foto-2010-11-17-congresso-nacional-300x200.jpg","contentUrl":"http:\/\/www.deputadovander.com.br\/website\/wp-content\/uploads\/2010\/11\/foto-2010-11-17-congresso-nacional-300x200.jpg"},{"@type":"BreadcrumbList","@id":"https:\/\/vanderloubet.com.br\/deputado\/congresso-nacional-aprova-projeto-da-ldo-de-2012\/#breadcrumb","itemListElement":[{"@type":"ListItem","position":1,"name":"In\u00edcio","item":"https:\/\/vanderloubet.com.br\/deputado\/"},{"@type":"ListItem","position":2,"name":"Congresso Nacional aprova projeto da LDO de 2012"}]},{"@type":"WebSite","@id":"https:\/\/vanderloubet.com.br\/deputado\/#website","url":"https:\/\/vanderloubet.com.br\/deputado\/","name":"Deputado Federal Vander Loubet","description":"O Federal de MS","publisher":{"@id":"https:\/\/vanderloubet.com.br\/deputado\/#organization"},"alternateName":"Deputado Vander","potentialAction":[{"@type":"SearchAction","target":{"@type":"EntryPoint","urlTemplate":"https:\/\/vanderloubet.com.br\/deputado\/?s={search_term_string}"},"query-input":{"@type":"PropertyValueSpecification","valueRequired":true,"valueName":"search_term_string"}}],"inLanguage":"pt-BR"},{"@type":"Organization","@id":"https:\/\/vanderloubet.com.br\/deputado\/#organization","name":"Deputado Federal Vander Loubet","alternateName":"Deputado Vander","url":"https:\/\/vanderloubet.com.br\/deputado\/","logo":{"@type":"ImageObject","inLanguage":"pt-BR","@id":"https:\/\/vanderloubet.com.br\/deputado\/#\/schema\/logo\/image\/","url":"https:\/\/vanderloubet.com.br\/deputado\/wp-content\/uploads\/2023\/06\/foto-2023-06-19-mandato-deputado-vander.jpg","contentUrl":"https:\/\/vanderloubet.com.br\/deputado\/wp-content\/uploads\/2023\/06\/foto-2023-06-19-mandato-deputado-vander.jpg","width":1080,"height":1080,"caption":"Deputado Federal Vander Loubet"},"image":{"@id":"https:\/\/vanderloubet.com.br\/deputado\/#\/schema\/logo\/image\/"},"sameAs":["https:\/\/facebook.com\/deputadovander","https:\/\/x.com\/vanderloubet","https:\/\/instagram.com\/vanderloubet","https:\/\/youtube.com\/vanderloubet","https:\/\/tiktok.com\/@vanderloubetms"]},{"@type":"Person","@id":"https:\/\/vanderloubet.com.br\/deputado\/#\/schema\/person\/15b51bd564532a8a68d9dec1b8eb890e","name":"\u00c9der","image":{"@type":"ImageObject","inLanguage":"pt-BR","@id":"https:\/\/vanderloubet.com.br\/deputado\/wp-content\/litespeed\/avatar\/88ca4090d9d5ab1c9495f6ca03b68efa.jpg?ver=1777058957","url":"https:\/\/vanderloubet.com.br\/deputado\/wp-content\/litespeed\/avatar\/88ca4090d9d5ab1c9495f6ca03b68efa.jpg?ver=1777058957","contentUrl":"https:\/\/vanderloubet.com.br\/deputado\/wp-content\/litespeed\/avatar\/88ca4090d9d5ab1c9495f6ca03b68efa.jpg?ver=1777058957","caption":"\u00c9der"}}]}},"jetpack_featured_media_url":"","jetpack_sharing_enabled":true,"_links":{"self":[{"href":"https:\/\/vanderloubet.com.br\/deputado\/wp-json\/wp\/v2\/posts\/3414","targetHints":{"allow":["GET"]}}],"collection":[{"href":"https:\/\/vanderloubet.com.br\/deputado\/wp-json\/wp\/v2\/posts"}],"about":[{"href":"https:\/\/vanderloubet.com.br\/deputado\/wp-json\/wp\/v2\/types\/post"}],"author":[{"embeddable":true,"href":"https:\/\/vanderloubet.com.br\/deputado\/wp-json\/wp\/v2\/users\/2"}],"replies":[{"embeddable":true,"href":"https:\/\/vanderloubet.com.br\/deputado\/wp-json\/wp\/v2\/comments?post=3414"}],"version-history":[{"count":0,"href":"https:\/\/vanderloubet.com.br\/deputado\/wp-json\/wp\/v2\/posts\/3414\/revisions"}],"wp:attachment":[{"href":"https:\/\/vanderloubet.com.br\/deputado\/wp-json\/wp\/v2\/media?parent=3414"}],"wp:term":[{"taxonomy":"category","embeddable":true,"href":"https:\/\/vanderloubet.com.br\/deputado\/wp-json\/wp\/v2\/categories?post=3414"},{"taxonomy":"post_tag","embeddable":true,"href":"https:\/\/vanderloubet.com.br\/deputado\/wp-json\/wp\/v2\/tags?post=3414"}],"curies":[{"name":"wp","href":"https:\/\/api.w.org\/{rel}","templated":true}]}}