{"id":3410,"date":"2011-07-12T11:10:15","date_gmt":"2011-07-12T15:10:15","guid":{"rendered":"http:\/\/www.deputadovander.com.br\/website\/?p=3410"},"modified":"2011-07-12T11:10:15","modified_gmt":"2011-07-12T15:10:15","slug":"vander-encaminha-parecer-favoravel-sobre-rodovia-ludio-coelho","status":"publish","type":"post","link":"https:\/\/vanderloubet.com.br\/deputado\/vander-encaminha-parecer-favoravel-sobre-rodovia-ludio-coelho\/","title":{"rendered":"Vander encaminha parecer favor\u00e1vel sobre Rodovia L\u00fadio Coelho"},"content":{"rendered":"<p style=\"text-align: center;\"><figure id=\"attachment_3411\" aria-describedby=\"caption-attachment-3411\" style=\"width: 400px\" class=\"wp-caption aligncenter\"><a href=\"http:\/\/www.deputadovander.com.br\/website\/wp-content\/uploads\/2011\/07\/foto-2011-07-12-ludio-martins-coelho.jpg\" target=\"_blank\"><img decoding=\"async\" class=\"size-medium wp-image-3411 \" title=\"foto-2011-07-12-ludio-martins-coelho\" src=\"http:\/\/www.deputadovander.com.br\/website\/wp-content\/uploads\/2011\/07\/foto-2011-07-12-ludio-martins-coelho-400x258.jpg\" alt=\"L\u00fadio Coelho no Senado (foto: Ag\u00eancia Senado)\" width=\"400\" height=\"258\" \/><\/a><figcaption id=\"caption-attachment-3411\" class=\"wp-caption-text\">L\u00fadio Coelho no Senado (foto: Ag\u00eancia Senado)<\/figcaption><\/figure><\/p>\n<p>O deputado federal Vander Loubet (PT-MS), na qualidade de relator do Projeto de Lei 1.001\/2011, encaminhou \u00e0 Comiss\u00e3o de Via\u00e7\u00e3o e Transportes da C\u00e2mara parecer favor\u00e1vel \u00e0 iniciativa do deputado Reinaldo Azambuja (PSDB-MS), que disp\u00f5e sobre a denomina\u00e7\u00e3o de &#8220;Rodovia Senador L\u00fadio Coelho&#8221; o trecho da BR-267 entre Rio Brilhante e Nova Alvorada do Sul at\u00e9 a divisa com o Estado de S\u00e3o Paulo.<\/p>\n<p>&#8220;\u00c9 uma homenagem muito justa ao L\u00fadio. Independente de quest\u00f5es partid\u00e1rias, acho que todos reconhecemos que ele prestou grandes servi\u00e7os a Mato Grosso do Sul. Al\u00e9m disso, a iniciativa encontra total amparo no artigo 2\u00ba da Lei 6.682\/79, que disp\u00f5e sobre a denomina\u00e7\u00e3o de vias do Plano Nacional de Via\u00e7\u00e3o&#8221;, afirmou Vander.<\/p>\n<p>L\u00fadio Martins Coelho, ex-senador e ex-prefeito de Campo Grande, faleceu em 22 de mar\u00e7o deste ano, de fal\u00eancia m\u00faltipla dos \u00f3rg\u00e3os, aos 88 anos.<\/p>\n<p><span style=\"font-size: 11px;\">(Assessoria de Comunica\u00e7\u00e3o\/Deputado Vander)<\/span><\/p>\n","protected":false},"excerpt":{"rendered":"<p>Vander \u00e9 relator do Projeto de Lei 1.001\/2011, que d\u00e1 o nome do ex-senador ao trecho da BR-267 at\u00e9 a divisa com S\u00e3o Paulo.<\/p>\n","protected":false},"author":2,"featured_media":0,"comment_status":"closed","ping_status":"open","sticky":false,"template":"","format":"standard","meta":{"jetpack_post_was_ever_published":false,"_jetpack_newsletter_access":"","_jetpack_dont_email_post_to_subs":false,"_jetpack_newsletter_tier_id":0,"_jetpack_memberships_contains_paywalled_content":false,"_jetpack_memberships_contains_paid_content":false,"footnotes":""},"categories":[10],"tags":[112,231,296,303,469,608,807,1178,1186,1241,1400,1651,1655,1703,1706,1734,1823,1902,2033],"class_list":{"0":"post-3410","1":"post","2":"type-post","3":"status-publish","4":"format-standard","6":"category-noticias","7":"tag-alvorada","8":"tag-azambuja","9":"tag-br-267","10":"tag-brilhante","11":"tag-coelho","12":"tag-deputado","13":"tag-federal","14":"tag-loubet","15":"tag-ludio","16":"tag-martins","17":"tag-nova","18":"tag-psdb","19":"tag-pt","20":"tag-reinaldo","21":"tag-relator","22":"tag-rio","23":"tag-senador","24":"tag-sul","25":"tag-vander"},"yoast_head":"<!-- This site is optimized with the Yoast SEO plugin v27.4 - https:\/\/yoast.com\/product\/yoast-seo-wordpress\/ -->\n<title>Vander encaminha parecer favor\u00e1vel sobre Rodovia L\u00fadio Coelho<\/title>\n<meta name=\"robots\" content=\"index, follow, max-snippet:-1, max-image-preview:large, max-video-preview:-1\" \/>\n<link rel=\"canonical\" href=\"https:\/\/vanderloubet.com.br\/deputado\/vander-encaminha-parecer-favoravel-sobre-rodovia-ludio-coelho\/\" \/>\n<meta property=\"og:locale\" content=\"pt_BR\" \/>\n<meta property=\"og:type\" content=\"article\" \/>\n<meta property=\"og:title\" content=\"Vander encaminha parecer favor\u00e1vel sobre Rodovia L\u00fadio Coelho\" \/>\n<meta property=\"og:description\" content=\"Vander \u00e9 relator do Projeto de Lei 1.001\/2011, que d\u00e1 o nome do ex-senador ao trecho da BR-267 at\u00e9 a divisa com S\u00e3o Paulo.\" \/>\n<meta property=\"og:url\" content=\"https:\/\/vanderloubet.com.br\/deputado\/vander-encaminha-parecer-favoravel-sobre-rodovia-ludio-coelho\/\" \/>\n<meta property=\"og:site_name\" content=\"Deputado Federal Vander Loubet\" \/>\n<meta property=\"article:publisher\" content=\"https:\/\/facebook.com\/deputadovander\" \/>\n<meta property=\"article:published_time\" content=\"2011-07-12T15:10:15+00:00\" \/>\n<meta property=\"og:image\" content=\"http:\/\/www.deputadovander.com.br\/website\/wp-content\/uploads\/2011\/07\/foto-2011-07-12-ludio-martins-coelho-400x258.jpg\" \/>\n<meta name=\"author\" content=\"\u00c9der\" \/>\n<meta name=\"twitter:card\" content=\"summary_large_image\" \/>\n<meta name=\"twitter:creator\" content=\"@vanderloubet\" \/>\n<meta name=\"twitter:site\" content=\"@vanderloubet\" \/>\n<script type=\"application\/ld+json\" class=\"yoast-schema-graph\">{\"@context\":\"https:\\\/\\\/schema.org\",\"@graph\":[{\"@type\":\"Article\",\"@id\":\"https:\\\/\\\/vanderloubet.com.br\\\/deputado\\\/vander-encaminha-parecer-favoravel-sobre-rodovia-ludio-coelho\\\/#article\",\"isPartOf\":{\"@id\":\"https:\\\/\\\/vanderloubet.com.br\\\/deputado\\\/vander-encaminha-parecer-favoravel-sobre-rodovia-ludio-coelho\\\/\"},\"author\":{\"name\":\"\u00c9der\",\"@id\":\"https:\\\/\\\/vanderloubet.com.br\\\/deputado\\\/#\\\/schema\\\/person\\\/15b51bd564532a8a68d9dec1b8eb890e\"},\"headline\":\"Vander encaminha parecer favor\u00e1vel sobre Rodovia L\u00fadio Coelho\",\"datePublished\":\"2011-07-12T15:10:15+00:00\",\"mainEntityOfPage\":{\"@id\":\"https:\\\/\\\/vanderloubet.com.br\\\/deputado\\\/vander-encaminha-parecer-favoravel-sobre-rodovia-ludio-coelho\\\/\"},\"wordCount\":186,\"publisher\":{\"@id\":\"https:\\\/\\\/vanderloubet.com.br\\\/deputado\\\/#organization\"},\"image\":{\"@id\":\"https:\\\/\\\/vanderloubet.com.br\\\/deputado\\\/vander-encaminha-parecer-favoravel-sobre-rodovia-ludio-coelho\\\/#primaryimage\"},\"thumbnailUrl\":\"http:\\\/\\\/www.deputadovander.com.br\\\/website\\\/wp-content\\\/uploads\\\/2011\\\/07\\\/foto-2011-07-12-ludio-martins-coelho-400x258.jpg\",\"keywords\":[\"alvorada\",\"azambuja\",\"br-267\",\"brilhante\",\"coelho\",\"deputado\",\"federal\",\"loubet\",\"l\u00fadio\",\"martins\",\"nova\",\"psdb\",\"PT\",\"reinaldo\",\"relator\",\"rio\",\"senador\",\"sul\",\"vander\"],\"articleSection\":[\"Not\u00edcias\"],\"inLanguage\":\"pt-BR\"},{\"@type\":\"WebPage\",\"@id\":\"https:\\\/\\\/vanderloubet.com.br\\\/deputado\\\/vander-encaminha-parecer-favoravel-sobre-rodovia-ludio-coelho\\\/\",\"url\":\"https:\\\/\\\/vanderloubet.com.br\\\/deputado\\\/vander-encaminha-parecer-favoravel-sobre-rodovia-ludio-coelho\\\/\",\"name\":\"Vander encaminha parecer favor\u00e1vel sobre Rodovia L\u00fadio Coelho\",\"isPartOf\":{\"@id\":\"https:\\\/\\\/vanderloubet.com.br\\\/deputado\\\/#website\"},\"primaryImageOfPage\":{\"@id\":\"https:\\\/\\\/vanderloubet.com.br\\\/deputado\\\/vander-encaminha-parecer-favoravel-sobre-rodovia-ludio-coelho\\\/#primaryimage\"},\"image\":{\"@id\":\"https:\\\/\\\/vanderloubet.com.br\\\/deputado\\\/vander-encaminha-parecer-favoravel-sobre-rodovia-ludio-coelho\\\/#primaryimage\"},\"thumbnailUrl\":\"http:\\\/\\\/www.deputadovander.com.br\\\/website\\\/wp-content\\\/uploads\\\/2011\\\/07\\\/foto-2011-07-12-ludio-martins-coelho-400x258.jpg\",\"datePublished\":\"2011-07-12T15:10:15+00:00\",\"breadcrumb\":{\"@id\":\"https:\\\/\\\/vanderloubet.com.br\\\/deputado\\\/vander-encaminha-parecer-favoravel-sobre-rodovia-ludio-coelho\\\/#breadcrumb\"},\"inLanguage\":\"pt-BR\",\"potentialAction\":[{\"@type\":\"ReadAction\",\"target\":[\"https:\\\/\\\/vanderloubet.com.br\\\/deputado\\\/vander-encaminha-parecer-favoravel-sobre-rodovia-ludio-coelho\\\/\"]}]},{\"@type\":\"ImageObject\",\"inLanguage\":\"pt-BR\",\"@id\":\"https:\\\/\\\/vanderloubet.com.br\\\/deputado\\\/vander-encaminha-parecer-favoravel-sobre-rodovia-ludio-coelho\\\/#primaryimage\",\"url\":\"http:\\\/\\\/www.deputadovander.com.br\\\/website\\\/wp-content\\\/uploads\\\/2011\\\/07\\\/foto-2011-07-12-ludio-martins-coelho-400x258.jpg\",\"contentUrl\":\"http:\\\/\\\/www.deputadovander.com.br\\\/website\\\/wp-content\\\/uploads\\\/2011\\\/07\\\/foto-2011-07-12-ludio-martins-coelho-400x258.jpg\"},{\"@type\":\"BreadcrumbList\",\"@id\":\"https:\\\/\\\/vanderloubet.com.br\\\/deputado\\\/vander-encaminha-parecer-favoravel-sobre-rodovia-ludio-coelho\\\/#breadcrumb\",\"itemListElement\":[{\"@type\":\"ListItem\",\"position\":1,\"name\":\"In\u00edcio\",\"item\":\"https:\\\/\\\/vanderloubet.com.br\\\/deputado\\\/\"},{\"@type\":\"ListItem\",\"position\":2,\"name\":\"Vander encaminha parecer favor\u00e1vel sobre Rodovia L\u00fadio Coelho\"}]},{\"@type\":\"WebSite\",\"@id\":\"https:\\\/\\\/vanderloubet.com.br\\\/deputado\\\/#website\",\"url\":\"https:\\\/\\\/vanderloubet.com.br\\\/deputado\\\/\",\"name\":\"Deputado Federal Vander Loubet\",\"description\":\"O Federal de MS\",\"publisher\":{\"@id\":\"https:\\\/\\\/vanderloubet.com.br\\\/deputado\\\/#organization\"},\"alternateName\":\"Deputado Vander\",\"potentialAction\":[{\"@type\":\"SearchAction\",\"target\":{\"@type\":\"EntryPoint\",\"urlTemplate\":\"https:\\\/\\\/vanderloubet.com.br\\\/deputado\\\/?s={search_term_string}\"},\"query-input\":{\"@type\":\"PropertyValueSpecification\",\"valueRequired\":true,\"valueName\":\"search_term_string\"}}],\"inLanguage\":\"pt-BR\"},{\"@type\":\"Organization\",\"@id\":\"https:\\\/\\\/vanderloubet.com.br\\\/deputado\\\/#organization\",\"name\":\"Deputado Federal Vander Loubet\",\"alternateName\":\"Deputado Vander\",\"url\":\"https:\\\/\\\/vanderloubet.com.br\\\/deputado\\\/\",\"logo\":{\"@type\":\"ImageObject\",\"inLanguage\":\"pt-BR\",\"@id\":\"https:\\\/\\\/vanderloubet.com.br\\\/deputado\\\/#\\\/schema\\\/logo\\\/image\\\/\",\"url\":\"https:\\\/\\\/vanderloubet.com.br\\\/deputado\\\/wp-content\\\/uploads\\\/2023\\\/06\\\/foto-2023-06-19-mandato-deputado-vander.jpg\",\"contentUrl\":\"https:\\\/\\\/vanderloubet.com.br\\\/deputado\\\/wp-content\\\/uploads\\\/2023\\\/06\\\/foto-2023-06-19-mandato-deputado-vander.jpg\",\"width\":1080,\"height\":1080,\"caption\":\"Deputado Federal Vander Loubet\"},\"image\":{\"@id\":\"https:\\\/\\\/vanderloubet.com.br\\\/deputado\\\/#\\\/schema\\\/logo\\\/image\\\/\"},\"sameAs\":[\"https:\\\/\\\/facebook.com\\\/deputadovander\",\"https:\\\/\\\/x.com\\\/vanderloubet\",\"https:\\\/\\\/instagram.com\\\/vanderloubet\",\"https:\\\/\\\/youtube.com\\\/vanderloubet\",\"https:\\\/\\\/tiktok.com\\\/@vanderloubetms\"]},{\"@type\":\"Person\",\"@id\":\"https:\\\/\\\/vanderloubet.com.br\\\/deputado\\\/#\\\/schema\\\/person\\\/15b51bd564532a8a68d9dec1b8eb890e\",\"name\":\"\u00c9der\",\"image\":{\"@type\":\"ImageObject\",\"inLanguage\":\"pt-BR\",\"@id\":\"https:\\\/\\\/vanderloubet.com.br\\\/deputado\\\/wp-content\\\/litespeed\\\/avatar\\\/88ca4090d9d5ab1c9495f6ca03b68efa.jpg?ver=1777058957\",\"url\":\"https:\\\/\\\/vanderloubet.com.br\\\/deputado\\\/wp-content\\\/litespeed\\\/avatar\\\/88ca4090d9d5ab1c9495f6ca03b68efa.jpg?ver=1777058957\",\"contentUrl\":\"https:\\\/\\\/vanderloubet.com.br\\\/deputado\\\/wp-content\\\/litespeed\\\/avatar\\\/88ca4090d9d5ab1c9495f6ca03b68efa.jpg?ver=1777058957\",\"caption\":\"\u00c9der\"}}]}<\/script>\n<!-- \/ Yoast SEO plugin. -->","yoast_head_json":{"title":"Vander encaminha parecer favor\u00e1vel sobre Rodovia L\u00fadio Coelho","robots":{"index":"index","follow":"follow","max-snippet":"max-snippet:-1","max-image-preview":"max-image-preview:large","max-video-preview":"max-video-preview:-1"},"canonical":"https:\/\/vanderloubet.com.br\/deputado\/vander-encaminha-parecer-favoravel-sobre-rodovia-ludio-coelho\/","og_locale":"pt_BR","og_type":"article","og_title":"Vander encaminha parecer favor\u00e1vel sobre Rodovia L\u00fadio Coelho","og_description":"Vander \u00e9 relator do Projeto de Lei 1.001\/2011, que d\u00e1 o nome do ex-senador ao trecho da BR-267 at\u00e9 a divisa com S\u00e3o Paulo.","og_url":"https:\/\/vanderloubet.com.br\/deputado\/vander-encaminha-parecer-favoravel-sobre-rodovia-ludio-coelho\/","og_site_name":"Deputado Federal Vander Loubet","article_publisher":"https:\/\/facebook.com\/deputadovander","article_published_time":"2011-07-12T15:10:15+00:00","og_image":[{"url":"http:\/\/www.deputadovander.com.br\/website\/wp-content\/uploads\/2011\/07\/foto-2011-07-12-ludio-martins-coelho-400x258.jpg","type":"","width":"","height":""}],"author":"\u00c9der","twitter_card":"summary_large_image","twitter_creator":"@vanderloubet","twitter_site":"@vanderloubet","schema":{"@context":"https:\/\/schema.org","@graph":[{"@type":"Article","@id":"https:\/\/vanderloubet.com.br\/deputado\/vander-encaminha-parecer-favoravel-sobre-rodovia-ludio-coelho\/#article","isPartOf":{"@id":"https:\/\/vanderloubet.com.br\/deputado\/vander-encaminha-parecer-favoravel-sobre-rodovia-ludio-coelho\/"},"author":{"name":"\u00c9der","@id":"https:\/\/vanderloubet.com.br\/deputado\/#\/schema\/person\/15b51bd564532a8a68d9dec1b8eb890e"},"headline":"Vander encaminha parecer favor\u00e1vel sobre Rodovia L\u00fadio Coelho","datePublished":"2011-07-12T15:10:15+00:00","mainEntityOfPage":{"@id":"https:\/\/vanderloubet.com.br\/deputado\/vander-encaminha-parecer-favoravel-sobre-rodovia-ludio-coelho\/"},"wordCount":186,"publisher":{"@id":"https:\/\/vanderloubet.com.br\/deputado\/#organization"},"image":{"@id":"https:\/\/vanderloubet.com.br\/deputado\/vander-encaminha-parecer-favoravel-sobre-rodovia-ludio-coelho\/#primaryimage"},"thumbnailUrl":"http:\/\/www.deputadovander.com.br\/website\/wp-content\/uploads\/2011\/07\/foto-2011-07-12-ludio-martins-coelho-400x258.jpg","keywords":["alvorada","azambuja","br-267","brilhante","coelho","deputado","federal","loubet","l\u00fadio","martins","nova","psdb","PT","reinaldo","relator","rio","senador","sul","vander"],"articleSection":["Not\u00edcias"],"inLanguage":"pt-BR"},{"@type":"WebPage","@id":"https:\/\/vanderloubet.com.br\/deputado\/vander-encaminha-parecer-favoravel-sobre-rodovia-ludio-coelho\/","url":"https:\/\/vanderloubet.com.br\/deputado\/vander-encaminha-parecer-favoravel-sobre-rodovia-ludio-coelho\/","name":"Vander encaminha parecer favor\u00e1vel sobre Rodovia L\u00fadio Coelho","isPartOf":{"@id":"https:\/\/vanderloubet.com.br\/deputado\/#website"},"primaryImageOfPage":{"@id":"https:\/\/vanderloubet.com.br\/deputado\/vander-encaminha-parecer-favoravel-sobre-rodovia-ludio-coelho\/#primaryimage"},"image":{"@id":"https:\/\/vanderloubet.com.br\/deputado\/vander-encaminha-parecer-favoravel-sobre-rodovia-ludio-coelho\/#primaryimage"},"thumbnailUrl":"http:\/\/www.deputadovander.com.br\/website\/wp-content\/uploads\/2011\/07\/foto-2011-07-12-ludio-martins-coelho-400x258.jpg","datePublished":"2011-07-12T15:10:15+00:00","breadcrumb":{"@id":"https:\/\/vanderloubet.com.br\/deputado\/vander-encaminha-parecer-favoravel-sobre-rodovia-ludio-coelho\/#breadcrumb"},"inLanguage":"pt-BR","potentialAction":[{"@type":"ReadAction","target":["https:\/\/vanderloubet.com.br\/deputado\/vander-encaminha-parecer-favoravel-sobre-rodovia-ludio-coelho\/"]}]},{"@type":"ImageObject","inLanguage":"pt-BR","@id":"https:\/\/vanderloubet.com.br\/deputado\/vander-encaminha-parecer-favoravel-sobre-rodovia-ludio-coelho\/#primaryimage","url":"http:\/\/www.deputadovander.com.br\/website\/wp-content\/uploads\/2011\/07\/foto-2011-07-12-ludio-martins-coelho-400x258.jpg","contentUrl":"http:\/\/www.deputadovander.com.br\/website\/wp-content\/uploads\/2011\/07\/foto-2011-07-12-ludio-martins-coelho-400x258.jpg"},{"@type":"BreadcrumbList","@id":"https:\/\/vanderloubet.com.br\/deputado\/vander-encaminha-parecer-favoravel-sobre-rodovia-ludio-coelho\/#breadcrumb","itemListElement":[{"@type":"ListItem","position":1,"name":"In\u00edcio","item":"https:\/\/vanderloubet.com.br\/deputado\/"},{"@type":"ListItem","position":2,"name":"Vander encaminha parecer favor\u00e1vel sobre Rodovia L\u00fadio Coelho"}]},{"@type":"WebSite","@id":"https:\/\/vanderloubet.com.br\/deputado\/#website","url":"https:\/\/vanderloubet.com.br\/deputado\/","name":"Deputado Federal Vander Loubet","description":"O Federal de MS","publisher":{"@id":"https:\/\/vanderloubet.com.br\/deputado\/#organization"},"alternateName":"Deputado Vander","potentialAction":[{"@type":"SearchAction","target":{"@type":"EntryPoint","urlTemplate":"https:\/\/vanderloubet.com.br\/deputado\/?s={search_term_string}"},"query-input":{"@type":"PropertyValueSpecification","valueRequired":true,"valueName":"search_term_string"}}],"inLanguage":"pt-BR"},{"@type":"Organization","@id":"https:\/\/vanderloubet.com.br\/deputado\/#organization","name":"Deputado Federal Vander Loubet","alternateName":"Deputado Vander","url":"https:\/\/vanderloubet.com.br\/deputado\/","logo":{"@type":"ImageObject","inLanguage":"pt-BR","@id":"https:\/\/vanderloubet.com.br\/deputado\/#\/schema\/logo\/image\/","url":"https:\/\/vanderloubet.com.br\/deputado\/wp-content\/uploads\/2023\/06\/foto-2023-06-19-mandato-deputado-vander.jpg","contentUrl":"https:\/\/vanderloubet.com.br\/deputado\/wp-content\/uploads\/2023\/06\/foto-2023-06-19-mandato-deputado-vander.jpg","width":1080,"height":1080,"caption":"Deputado Federal Vander Loubet"},"image":{"@id":"https:\/\/vanderloubet.com.br\/deputado\/#\/schema\/logo\/image\/"},"sameAs":["https:\/\/facebook.com\/deputadovander","https:\/\/x.com\/vanderloubet","https:\/\/instagram.com\/vanderloubet","https:\/\/youtube.com\/vanderloubet","https:\/\/tiktok.com\/@vanderloubetms"]},{"@type":"Person","@id":"https:\/\/vanderloubet.com.br\/deputado\/#\/schema\/person\/15b51bd564532a8a68d9dec1b8eb890e","name":"\u00c9der","image":{"@type":"ImageObject","inLanguage":"pt-BR","@id":"https:\/\/vanderloubet.com.br\/deputado\/wp-content\/litespeed\/avatar\/88ca4090d9d5ab1c9495f6ca03b68efa.jpg?ver=1777058957","url":"https:\/\/vanderloubet.com.br\/deputado\/wp-content\/litespeed\/avatar\/88ca4090d9d5ab1c9495f6ca03b68efa.jpg?ver=1777058957","contentUrl":"https:\/\/vanderloubet.com.br\/deputado\/wp-content\/litespeed\/avatar\/88ca4090d9d5ab1c9495f6ca03b68efa.jpg?ver=1777058957","caption":"\u00c9der"}}]}},"jetpack_featured_media_url":"","jetpack_sharing_enabled":true,"_links":{"self":[{"href":"https:\/\/vanderloubet.com.br\/deputado\/wp-json\/wp\/v2\/posts\/3410","targetHints":{"allow":["GET"]}}],"collection":[{"href":"https:\/\/vanderloubet.com.br\/deputado\/wp-json\/wp\/v2\/posts"}],"about":[{"href":"https:\/\/vanderloubet.com.br\/deputado\/wp-json\/wp\/v2\/types\/post"}],"author":[{"embeddable":true,"href":"https:\/\/vanderloubet.com.br\/deputado\/wp-json\/wp\/v2\/users\/2"}],"replies":[{"embeddable":true,"href":"https:\/\/vanderloubet.com.br\/deputado\/wp-json\/wp\/v2\/comments?post=3410"}],"version-history":[{"count":0,"href":"https:\/\/vanderloubet.com.br\/deputado\/wp-json\/wp\/v2\/posts\/3410\/revisions"}],"wp:attachment":[{"href":"https:\/\/vanderloubet.com.br\/deputado\/wp-json\/wp\/v2\/media?parent=3410"}],"wp:term":[{"taxonomy":"category","embeddable":true,"href":"https:\/\/vanderloubet.com.br\/deputado\/wp-json\/wp\/v2\/categories?post=3410"},{"taxonomy":"post_tag","embeddable":true,"href":"https:\/\/vanderloubet.com.br\/deputado\/wp-json\/wp\/v2\/tags?post=3410"}],"curies":[{"name":"wp","href":"https:\/\/api.w.org\/{rel}","templated":true}]}}