{"id":3391,"date":"2011-07-11T11:49:48","date_gmt":"2011-07-11T15:49:48","guid":{"rendered":"http:\/\/www.deputadovander.com.br\/website\/?p=3391"},"modified":"2011-07-11T11:49:48","modified_gmt":"2011-07-11T15:49:48","slug":"deputados-aprovam-mp-que-reduz-tributacao-de-empreendedor-individual","status":"publish","type":"post","link":"https:\/\/vanderloubet.com.br\/deputado\/deputados-aprovam-mp-que-reduz-tributacao-de-empreendedor-individual\/","title":{"rendered":"Deputados aprovam MP que reduz tributa\u00e7\u00e3o de empreendedor individual"},"content":{"rendered":"<p style=\"text-align: center;\"><figure id=\"attachment_3392\" aria-describedby=\"caption-attachment-3392\" style=\"width: 400px\" class=\"wp-caption aligncenter\"><a href=\"http:\/\/www.deputadovander.com.br\/website\/wp-content\/uploads\/2011\/07\/foto-2011-07-11-plenario-camara.jpg\" target=\"_blank\"><img decoding=\"async\" class=\"size-medium wp-image-3392 \" title=\"foto-2011-07-11-plenario-camara\" src=\"http:\/\/www.deputadovander.com.br\/website\/wp-content\/uploads\/2011\/07\/foto-2011-07-11-plenario-camara-400x266.jpg\" alt=\"Plen\u00e1rio Ulysses Guimar\u00e3es na C\u00e2mara dos Deputados\" width=\"400\" height=\"266\" \/><\/a><figcaption id=\"caption-attachment-3392\" class=\"wp-caption-text\">Plen\u00e1rio Ulysses Guimar\u00e3es na C\u00e2mara dos Deputados<\/figcaption><\/figure><\/p>\n<p>O Plen\u00e1rio da C\u00e2mara dos Deputados aprovou na \u00faltima quarta-feira (6) a Medida Provis\u00f3ria 529\/11, que reduz de 11% para 5% sobre o valor do sal\u00e1rio m\u00ednimo a al\u00edquota de contribui\u00e7\u00e3o do Microempreendedor Individual (MEI) para a Previd\u00eancia Social, com o objetivo de incentivar a amplia\u00e7\u00e3o do trabalho formal. O texto, aprovado na forma do Projeto de Lei de Convers\u00e3o* do deputado Andr\u00e9 Figueiredo (PDT-CE), segue para an\u00e1lise do Senado.<\/p>\n<p>De acordo com a Lei Complementar 128\/08, pode pedir enquadramento como microempreendedor individual o empres\u00e1rio com receita bruta anual de at\u00e9 R$ 36 mil e sem participa\u00e7\u00e3o em outra empresa como s\u00f3cio ou titular.<\/p>\n<p>Para o deputado federal Vander Loubet (PT-MS), a aprova\u00e7\u00e3o da MP \u00e9 um incentivo importante para combater a informalidade. &#8220;O governo federal tem como meta para 2011 alcan\u00e7ar 1,5 milh\u00e3o de inscri\u00e7\u00f5es de profissionais que trabalham por conta pr\u00f3pria no com\u00e9rcio, na ind\u00fastria e na presta\u00e7\u00e3o de servi\u00e7o. Essa Medida Provis\u00f3ria passou a produzir efeito em 1\u00ba de maio e como consequ\u00eancia o n\u00famero de inscritos j\u00e1 passou de 1,2 milh\u00e3o&#8221;, destaca Vander.<\/p>\n<p>O texto final da Medida ainda estendeu o benef\u00edcio de pagar apenas 5% \u00e0 Previd\u00eancia para as donas de casa de fam\u00edlias de baixa renda que contribuam como seguradas facultativas. Ser\u00e1 considerada de baixa renda a fam\u00edlia inscrita no Cadastro \u00danico para Programas Sociais do Governo Federal e cuja renda mensal seja de at\u00e9 dois sal\u00e1rios m\u00ednimos (R$ 1.090 em valores de hoje).<\/p>\n<p><strong>Pessoas com defici\u00eancia<\/strong><\/p>\n<p>Tamb\u00e9m foram alterados pela MP 529\/11 dispositivos das leis sobre a Previd\u00eancia e Seguridade Social para explicitar que \u00e9 dependente do segurado o filho com defici\u00eancia intelectual ou mental que o torne absoluta ou relativamente incapaz, segundo declara\u00e7\u00e3o judicial.<\/p>\n<p>Da mesma forma, outra mudan\u00e7a garante o recebimento da pens\u00e3o por morte aos dependentes com defici\u00eancia, mas prev\u00ea uma redu\u00e7\u00e3o de 30% nessa pens\u00e3o se eles exercerem atividade remunerada. O valor integral deve ser restabelecido se a pessoa deixar o trabalho remunerado.<\/p>\n<p><span style=\"font-size: 11px;\"><em>*Quando \u00e9 alterada pelo relator, a Medida Provis\u00f3ria passa a tramitar como Projeto de Lei de Convers\u00e3o. O projeto recebe esse nome por ter o objetivo de converter a Medida Provis\u00f3ria em Lei. Quando n\u00e3o \u00e9 alterada, a MP n\u00e3o muda de nome durante a tramita\u00e7\u00e3o. As altera\u00e7\u00f5es feitas \u00e0 MP s\u00e3o submetidas ao presidente da Rep\u00fablica, que tem poder de veto.<\/em><\/span><\/p>\n<p><span style=\"font-size: 11px;\">(\u00c9der Yanaguita\/Assessoria Deputado Vander)<\/span><\/p>\n","protected":false},"excerpt":{"rendered":"<p>Para Vander Loubet a aprova\u00e7\u00e3o do texto da MP 529\/11 \u00e9 um incentivo importante para combater a informalidade.<\/p>\n","protected":false},"author":2,"featured_media":0,"comment_status":"closed","ping_status":"open","sticky":false,"template":"","format":"standard","meta":{"jetpack_post_was_ever_published":false,"_jetpack_newsletter_access":"","_jetpack_dont_email_post_to_subs":false,"_jetpack_newsletter_tier_id":0,"_jetpack_memberships_contains_paywalled_content":false,"_jetpack_memberships_contains_paid_content":false,"footnotes":""},"categories":[10],"tags":[131,375,589,608,668,807,841,1007,1021,1029,1178,1260,1265,1285,1615,1648,1879,1984,2033],"class_list":{"0":"post-3391","1":"post","2":"type-post","3":"status-publish","4":"format-standard","6":"category-noticias","7":"tag-andre","8":"tag-casa","9":"tag-deficiencia","10":"tag-deputado","11":"tag-dona","12":"tag-federal","13":"tag-figueiredo","14":"tag-incapaz","15":"tag-individual","16":"tag-inss","17":"tag-loubet","18":"tag-medida","19":"tag-mei","20":"tag-microempreendedor","21":"tag-previdencia","22":"tag-provisoria","23":"tag-social","24":"tag-tributacao","25":"tag-vander"},"yoast_head":"<!-- This site is optimized with the Yoast SEO plugin v27.4 - https:\/\/yoast.com\/product\/yoast-seo-wordpress\/ -->\n<title>Deputados aprovam MP que reduz tributa\u00e7\u00e3o de empreendedor individual<\/title>\n<meta name=\"robots\" content=\"index, follow, max-snippet:-1, max-image-preview:large, max-video-preview:-1\" \/>\n<link rel=\"canonical\" href=\"https:\/\/vanderloubet.com.br\/deputado\/deputados-aprovam-mp-que-reduz-tributacao-de-empreendedor-individual\/\" \/>\n<meta property=\"og:locale\" content=\"pt_BR\" \/>\n<meta property=\"og:type\" content=\"article\" \/>\n<meta property=\"og:title\" content=\"Deputados aprovam MP que reduz tributa\u00e7\u00e3o de empreendedor individual\" \/>\n<meta property=\"og:description\" content=\"Para Vander Loubet a aprova\u00e7\u00e3o do texto da MP 529\/11 \u00e9 um incentivo importante para combater a informalidade.\" \/>\n<meta property=\"og:url\" content=\"https:\/\/vanderloubet.com.br\/deputado\/deputados-aprovam-mp-que-reduz-tributacao-de-empreendedor-individual\/\" \/>\n<meta property=\"og:site_name\" content=\"Deputado Federal Vander Loubet\" \/>\n<meta property=\"article:publisher\" content=\"https:\/\/facebook.com\/deputadovander\" \/>\n<meta property=\"article:published_time\" content=\"2011-07-11T15:49:48+00:00\" \/>\n<meta property=\"og:image\" content=\"http:\/\/www.deputadovander.com.br\/website\/wp-content\/uploads\/2011\/07\/foto-2011-07-11-plenario-camara-400x266.jpg\" \/>\n<meta name=\"author\" content=\"\u00c9der\" \/>\n<meta name=\"twitter:card\" content=\"summary_large_image\" \/>\n<meta name=\"twitter:creator\" content=\"@vanderloubet\" \/>\n<meta name=\"twitter:site\" content=\"@vanderloubet\" \/>\n<script type=\"application\/ld+json\" class=\"yoast-schema-graph\">{\"@context\":\"https:\\\/\\\/schema.org\",\"@graph\":[{\"@type\":\"Article\",\"@id\":\"https:\\\/\\\/vanderloubet.com.br\\\/deputado\\\/deputados-aprovam-mp-que-reduz-tributacao-de-empreendedor-individual\\\/#article\",\"isPartOf\":{\"@id\":\"https:\\\/\\\/vanderloubet.com.br\\\/deputado\\\/deputados-aprovam-mp-que-reduz-tributacao-de-empreendedor-individual\\\/\"},\"author\":{\"name\":\"\u00c9der\",\"@id\":\"https:\\\/\\\/vanderloubet.com.br\\\/deputado\\\/#\\\/schema\\\/person\\\/15b51bd564532a8a68d9dec1b8eb890e\"},\"headline\":\"Deputados aprovam MP que reduz tributa\u00e7\u00e3o de empreendedor individual\",\"datePublished\":\"2011-07-11T15:49:48+00:00\",\"mainEntityOfPage\":{\"@id\":\"https:\\\/\\\/vanderloubet.com.br\\\/deputado\\\/deputados-aprovam-mp-que-reduz-tributacao-de-empreendedor-individual\\\/\"},\"wordCount\":451,\"publisher\":{\"@id\":\"https:\\\/\\\/vanderloubet.com.br\\\/deputado\\\/#organization\"},\"image\":{\"@id\":\"https:\\\/\\\/vanderloubet.com.br\\\/deputado\\\/deputados-aprovam-mp-que-reduz-tributacao-de-empreendedor-individual\\\/#primaryimage\"},\"thumbnailUrl\":\"http:\\\/\\\/www.deputadovander.com.br\\\/website\\\/wp-content\\\/uploads\\\/2011\\\/07\\\/foto-2011-07-11-plenario-camara-400x266.jpg\",\"keywords\":[\"andr\u00e9\",\"casa\",\"defici\u00eancia\",\"deputado\",\"dona\",\"federal\",\"figueiredo\",\"incapaz\",\"individual\",\"inss\",\"loubet\",\"medida\",\"mei\",\"microempreendedor\",\"previd\u00eancia\",\"provis\u00f3ria\",\"social\",\"tributa\u00e7\u00e3o\",\"vander\"],\"articleSection\":[\"Not\u00edcias\"],\"inLanguage\":\"pt-BR\"},{\"@type\":\"WebPage\",\"@id\":\"https:\\\/\\\/vanderloubet.com.br\\\/deputado\\\/deputados-aprovam-mp-que-reduz-tributacao-de-empreendedor-individual\\\/\",\"url\":\"https:\\\/\\\/vanderloubet.com.br\\\/deputado\\\/deputados-aprovam-mp-que-reduz-tributacao-de-empreendedor-individual\\\/\",\"name\":\"Deputados aprovam MP que reduz tributa\u00e7\u00e3o de empreendedor individual\",\"isPartOf\":{\"@id\":\"https:\\\/\\\/vanderloubet.com.br\\\/deputado\\\/#website\"},\"primaryImageOfPage\":{\"@id\":\"https:\\\/\\\/vanderloubet.com.br\\\/deputado\\\/deputados-aprovam-mp-que-reduz-tributacao-de-empreendedor-individual\\\/#primaryimage\"},\"image\":{\"@id\":\"https:\\\/\\\/vanderloubet.com.br\\\/deputado\\\/deputados-aprovam-mp-que-reduz-tributacao-de-empreendedor-individual\\\/#primaryimage\"},\"thumbnailUrl\":\"http:\\\/\\\/www.deputadovander.com.br\\\/website\\\/wp-content\\\/uploads\\\/2011\\\/07\\\/foto-2011-07-11-plenario-camara-400x266.jpg\",\"datePublished\":\"2011-07-11T15:49:48+00:00\",\"breadcrumb\":{\"@id\":\"https:\\\/\\\/vanderloubet.com.br\\\/deputado\\\/deputados-aprovam-mp-que-reduz-tributacao-de-empreendedor-individual\\\/#breadcrumb\"},\"inLanguage\":\"pt-BR\",\"potentialAction\":[{\"@type\":\"ReadAction\",\"target\":[\"https:\\\/\\\/vanderloubet.com.br\\\/deputado\\\/deputados-aprovam-mp-que-reduz-tributacao-de-empreendedor-individual\\\/\"]}]},{\"@type\":\"ImageObject\",\"inLanguage\":\"pt-BR\",\"@id\":\"https:\\\/\\\/vanderloubet.com.br\\\/deputado\\\/deputados-aprovam-mp-que-reduz-tributacao-de-empreendedor-individual\\\/#primaryimage\",\"url\":\"http:\\\/\\\/www.deputadovander.com.br\\\/website\\\/wp-content\\\/uploads\\\/2011\\\/07\\\/foto-2011-07-11-plenario-camara-400x266.jpg\",\"contentUrl\":\"http:\\\/\\\/www.deputadovander.com.br\\\/website\\\/wp-content\\\/uploads\\\/2011\\\/07\\\/foto-2011-07-11-plenario-camara-400x266.jpg\"},{\"@type\":\"BreadcrumbList\",\"@id\":\"https:\\\/\\\/vanderloubet.com.br\\\/deputado\\\/deputados-aprovam-mp-que-reduz-tributacao-de-empreendedor-individual\\\/#breadcrumb\",\"itemListElement\":[{\"@type\":\"ListItem\",\"position\":1,\"name\":\"In\u00edcio\",\"item\":\"https:\\\/\\\/vanderloubet.com.br\\\/deputado\\\/\"},{\"@type\":\"ListItem\",\"position\":2,\"name\":\"Deputados aprovam MP que reduz tributa\u00e7\u00e3o de empreendedor individual\"}]},{\"@type\":\"WebSite\",\"@id\":\"https:\\\/\\\/vanderloubet.com.br\\\/deputado\\\/#website\",\"url\":\"https:\\\/\\\/vanderloubet.com.br\\\/deputado\\\/\",\"name\":\"Deputado Federal Vander Loubet\",\"description\":\"O Federal de MS\",\"publisher\":{\"@id\":\"https:\\\/\\\/vanderloubet.com.br\\\/deputado\\\/#organization\"},\"alternateName\":\"Deputado Vander\",\"potentialAction\":[{\"@type\":\"SearchAction\",\"target\":{\"@type\":\"EntryPoint\",\"urlTemplate\":\"https:\\\/\\\/vanderloubet.com.br\\\/deputado\\\/?s={search_term_string}\"},\"query-input\":{\"@type\":\"PropertyValueSpecification\",\"valueRequired\":true,\"valueName\":\"search_term_string\"}}],\"inLanguage\":\"pt-BR\"},{\"@type\":\"Organization\",\"@id\":\"https:\\\/\\\/vanderloubet.com.br\\\/deputado\\\/#organization\",\"name\":\"Deputado Federal Vander Loubet\",\"alternateName\":\"Deputado Vander\",\"url\":\"https:\\\/\\\/vanderloubet.com.br\\\/deputado\\\/\",\"logo\":{\"@type\":\"ImageObject\",\"inLanguage\":\"pt-BR\",\"@id\":\"https:\\\/\\\/vanderloubet.com.br\\\/deputado\\\/#\\\/schema\\\/logo\\\/image\\\/\",\"url\":\"https:\\\/\\\/vanderloubet.com.br\\\/deputado\\\/wp-content\\\/uploads\\\/2023\\\/06\\\/foto-2023-06-19-mandato-deputado-vander.jpg\",\"contentUrl\":\"https:\\\/\\\/vanderloubet.com.br\\\/deputado\\\/wp-content\\\/uploads\\\/2023\\\/06\\\/foto-2023-06-19-mandato-deputado-vander.jpg\",\"width\":1080,\"height\":1080,\"caption\":\"Deputado Federal Vander Loubet\"},\"image\":{\"@id\":\"https:\\\/\\\/vanderloubet.com.br\\\/deputado\\\/#\\\/schema\\\/logo\\\/image\\\/\"},\"sameAs\":[\"https:\\\/\\\/facebook.com\\\/deputadovander\",\"https:\\\/\\\/x.com\\\/vanderloubet\",\"https:\\\/\\\/instagram.com\\\/vanderloubet\",\"https:\\\/\\\/youtube.com\\\/vanderloubet\",\"https:\\\/\\\/tiktok.com\\\/@vanderloubetms\"]},{\"@type\":\"Person\",\"@id\":\"https:\\\/\\\/vanderloubet.com.br\\\/deputado\\\/#\\\/schema\\\/person\\\/15b51bd564532a8a68d9dec1b8eb890e\",\"name\":\"\u00c9der\",\"image\":{\"@type\":\"ImageObject\",\"inLanguage\":\"pt-BR\",\"@id\":\"https:\\\/\\\/vanderloubet.com.br\\\/deputado\\\/wp-content\\\/litespeed\\\/avatar\\\/88ca4090d9d5ab1c9495f6ca03b68efa.jpg?ver=1777058957\",\"url\":\"https:\\\/\\\/vanderloubet.com.br\\\/deputado\\\/wp-content\\\/litespeed\\\/avatar\\\/88ca4090d9d5ab1c9495f6ca03b68efa.jpg?ver=1777058957\",\"contentUrl\":\"https:\\\/\\\/vanderloubet.com.br\\\/deputado\\\/wp-content\\\/litespeed\\\/avatar\\\/88ca4090d9d5ab1c9495f6ca03b68efa.jpg?ver=1777058957\",\"caption\":\"\u00c9der\"}}]}<\/script>\n<!-- \/ Yoast SEO plugin. -->","yoast_head_json":{"title":"Deputados aprovam MP que reduz tributa\u00e7\u00e3o de empreendedor individual","robots":{"index":"index","follow":"follow","max-snippet":"max-snippet:-1","max-image-preview":"max-image-preview:large","max-video-preview":"max-video-preview:-1"},"canonical":"https:\/\/vanderloubet.com.br\/deputado\/deputados-aprovam-mp-que-reduz-tributacao-de-empreendedor-individual\/","og_locale":"pt_BR","og_type":"article","og_title":"Deputados aprovam MP que reduz tributa\u00e7\u00e3o de empreendedor individual","og_description":"Para Vander Loubet a aprova\u00e7\u00e3o do texto da MP 529\/11 \u00e9 um incentivo importante para combater a informalidade.","og_url":"https:\/\/vanderloubet.com.br\/deputado\/deputados-aprovam-mp-que-reduz-tributacao-de-empreendedor-individual\/","og_site_name":"Deputado Federal Vander Loubet","article_publisher":"https:\/\/facebook.com\/deputadovander","article_published_time":"2011-07-11T15:49:48+00:00","og_image":[{"url":"http:\/\/www.deputadovander.com.br\/website\/wp-content\/uploads\/2011\/07\/foto-2011-07-11-plenario-camara-400x266.jpg","type":"","width":"","height":""}],"author":"\u00c9der","twitter_card":"summary_large_image","twitter_creator":"@vanderloubet","twitter_site":"@vanderloubet","schema":{"@context":"https:\/\/schema.org","@graph":[{"@type":"Article","@id":"https:\/\/vanderloubet.com.br\/deputado\/deputados-aprovam-mp-que-reduz-tributacao-de-empreendedor-individual\/#article","isPartOf":{"@id":"https:\/\/vanderloubet.com.br\/deputado\/deputados-aprovam-mp-que-reduz-tributacao-de-empreendedor-individual\/"},"author":{"name":"\u00c9der","@id":"https:\/\/vanderloubet.com.br\/deputado\/#\/schema\/person\/15b51bd564532a8a68d9dec1b8eb890e"},"headline":"Deputados aprovam MP que reduz tributa\u00e7\u00e3o de empreendedor individual","datePublished":"2011-07-11T15:49:48+00:00","mainEntityOfPage":{"@id":"https:\/\/vanderloubet.com.br\/deputado\/deputados-aprovam-mp-que-reduz-tributacao-de-empreendedor-individual\/"},"wordCount":451,"publisher":{"@id":"https:\/\/vanderloubet.com.br\/deputado\/#organization"},"image":{"@id":"https:\/\/vanderloubet.com.br\/deputado\/deputados-aprovam-mp-que-reduz-tributacao-de-empreendedor-individual\/#primaryimage"},"thumbnailUrl":"http:\/\/www.deputadovander.com.br\/website\/wp-content\/uploads\/2011\/07\/foto-2011-07-11-plenario-camara-400x266.jpg","keywords":["andr\u00e9","casa","defici\u00eancia","deputado","dona","federal","figueiredo","incapaz","individual","inss","loubet","medida","mei","microempreendedor","previd\u00eancia","provis\u00f3ria","social","tributa\u00e7\u00e3o","vander"],"articleSection":["Not\u00edcias"],"inLanguage":"pt-BR"},{"@type":"WebPage","@id":"https:\/\/vanderloubet.com.br\/deputado\/deputados-aprovam-mp-que-reduz-tributacao-de-empreendedor-individual\/","url":"https:\/\/vanderloubet.com.br\/deputado\/deputados-aprovam-mp-que-reduz-tributacao-de-empreendedor-individual\/","name":"Deputados aprovam MP que reduz tributa\u00e7\u00e3o de empreendedor individual","isPartOf":{"@id":"https:\/\/vanderloubet.com.br\/deputado\/#website"},"primaryImageOfPage":{"@id":"https:\/\/vanderloubet.com.br\/deputado\/deputados-aprovam-mp-que-reduz-tributacao-de-empreendedor-individual\/#primaryimage"},"image":{"@id":"https:\/\/vanderloubet.com.br\/deputado\/deputados-aprovam-mp-que-reduz-tributacao-de-empreendedor-individual\/#primaryimage"},"thumbnailUrl":"http:\/\/www.deputadovander.com.br\/website\/wp-content\/uploads\/2011\/07\/foto-2011-07-11-plenario-camara-400x266.jpg","datePublished":"2011-07-11T15:49:48+00:00","breadcrumb":{"@id":"https:\/\/vanderloubet.com.br\/deputado\/deputados-aprovam-mp-que-reduz-tributacao-de-empreendedor-individual\/#breadcrumb"},"inLanguage":"pt-BR","potentialAction":[{"@type":"ReadAction","target":["https:\/\/vanderloubet.com.br\/deputado\/deputados-aprovam-mp-que-reduz-tributacao-de-empreendedor-individual\/"]}]},{"@type":"ImageObject","inLanguage":"pt-BR","@id":"https:\/\/vanderloubet.com.br\/deputado\/deputados-aprovam-mp-que-reduz-tributacao-de-empreendedor-individual\/#primaryimage","url":"http:\/\/www.deputadovander.com.br\/website\/wp-content\/uploads\/2011\/07\/foto-2011-07-11-plenario-camara-400x266.jpg","contentUrl":"http:\/\/www.deputadovander.com.br\/website\/wp-content\/uploads\/2011\/07\/foto-2011-07-11-plenario-camara-400x266.jpg"},{"@type":"BreadcrumbList","@id":"https:\/\/vanderloubet.com.br\/deputado\/deputados-aprovam-mp-que-reduz-tributacao-de-empreendedor-individual\/#breadcrumb","itemListElement":[{"@type":"ListItem","position":1,"name":"In\u00edcio","item":"https:\/\/vanderloubet.com.br\/deputado\/"},{"@type":"ListItem","position":2,"name":"Deputados aprovam MP que reduz tributa\u00e7\u00e3o de empreendedor individual"}]},{"@type":"WebSite","@id":"https:\/\/vanderloubet.com.br\/deputado\/#website","url":"https:\/\/vanderloubet.com.br\/deputado\/","name":"Deputado Federal Vander Loubet","description":"O Federal de MS","publisher":{"@id":"https:\/\/vanderloubet.com.br\/deputado\/#organization"},"alternateName":"Deputado Vander","potentialAction":[{"@type":"SearchAction","target":{"@type":"EntryPoint","urlTemplate":"https:\/\/vanderloubet.com.br\/deputado\/?s={search_term_string}"},"query-input":{"@type":"PropertyValueSpecification","valueRequired":true,"valueName":"search_term_string"}}],"inLanguage":"pt-BR"},{"@type":"Organization","@id":"https:\/\/vanderloubet.com.br\/deputado\/#organization","name":"Deputado Federal Vander Loubet","alternateName":"Deputado Vander","url":"https:\/\/vanderloubet.com.br\/deputado\/","logo":{"@type":"ImageObject","inLanguage":"pt-BR","@id":"https:\/\/vanderloubet.com.br\/deputado\/#\/schema\/logo\/image\/","url":"https:\/\/vanderloubet.com.br\/deputado\/wp-content\/uploads\/2023\/06\/foto-2023-06-19-mandato-deputado-vander.jpg","contentUrl":"https:\/\/vanderloubet.com.br\/deputado\/wp-content\/uploads\/2023\/06\/foto-2023-06-19-mandato-deputado-vander.jpg","width":1080,"height":1080,"caption":"Deputado Federal Vander Loubet"},"image":{"@id":"https:\/\/vanderloubet.com.br\/deputado\/#\/schema\/logo\/image\/"},"sameAs":["https:\/\/facebook.com\/deputadovander","https:\/\/x.com\/vanderloubet","https:\/\/instagram.com\/vanderloubet","https:\/\/youtube.com\/vanderloubet","https:\/\/tiktok.com\/@vanderloubetms"]},{"@type":"Person","@id":"https:\/\/vanderloubet.com.br\/deputado\/#\/schema\/person\/15b51bd564532a8a68d9dec1b8eb890e","name":"\u00c9der","image":{"@type":"ImageObject","inLanguage":"pt-BR","@id":"https:\/\/vanderloubet.com.br\/deputado\/wp-content\/litespeed\/avatar\/88ca4090d9d5ab1c9495f6ca03b68efa.jpg?ver=1777058957","url":"https:\/\/vanderloubet.com.br\/deputado\/wp-content\/litespeed\/avatar\/88ca4090d9d5ab1c9495f6ca03b68efa.jpg?ver=1777058957","contentUrl":"https:\/\/vanderloubet.com.br\/deputado\/wp-content\/litespeed\/avatar\/88ca4090d9d5ab1c9495f6ca03b68efa.jpg?ver=1777058957","caption":"\u00c9der"}}]}},"jetpack_featured_media_url":"","jetpack_sharing_enabled":true,"_links":{"self":[{"href":"https:\/\/vanderloubet.com.br\/deputado\/wp-json\/wp\/v2\/posts\/3391","targetHints":{"allow":["GET"]}}],"collection":[{"href":"https:\/\/vanderloubet.com.br\/deputado\/wp-json\/wp\/v2\/posts"}],"about":[{"href":"https:\/\/vanderloubet.com.br\/deputado\/wp-json\/wp\/v2\/types\/post"}],"author":[{"embeddable":true,"href":"https:\/\/vanderloubet.com.br\/deputado\/wp-json\/wp\/v2\/users\/2"}],"replies":[{"embeddable":true,"href":"https:\/\/vanderloubet.com.br\/deputado\/wp-json\/wp\/v2\/comments?post=3391"}],"version-history":[{"count":0,"href":"https:\/\/vanderloubet.com.br\/deputado\/wp-json\/wp\/v2\/posts\/3391\/revisions"}],"wp:attachment":[{"href":"https:\/\/vanderloubet.com.br\/deputado\/wp-json\/wp\/v2\/media?parent=3391"}],"wp:term":[{"taxonomy":"category","embeddable":true,"href":"https:\/\/vanderloubet.com.br\/deputado\/wp-json\/wp\/v2\/categories?post=3391"},{"taxonomy":"post_tag","embeddable":true,"href":"https:\/\/vanderloubet.com.br\/deputado\/wp-json\/wp\/v2\/tags?post=3391"}],"curies":[{"name":"wp","href":"https:\/\/api.w.org\/{rel}","templated":true}]}}