{"id":3383,"date":"2011-07-04T15:54:29","date_gmt":"2011-07-04T19:54:29","guid":{"rendered":"http:\/\/www.deputadovander.com.br\/website\/?p=3383"},"modified":"2011-07-04T15:54:29","modified_gmt":"2011-07-04T19:54:29","slug":"vander-mudancas-nos-transportes-nao-altera-projetos-de-ferrovias-em-ms","status":"publish","type":"post","link":"https:\/\/vanderloubet.com.br\/deputado\/vander-mudancas-nos-transportes-nao-altera-projetos-de-ferrovias-em-ms\/","title":{"rendered":"Vander: mudan\u00e7as nos Transportes n\u00e3o alteram projetos de ferrovias em MS"},"content":{"rendered":"<p style=\"text-align: center;\"><figure id=\"attachment_3385\" aria-describedby=\"caption-attachment-3385\" style=\"width: 400px\" class=\"wp-caption aligncenter\"><a href=\"http:\/\/www.deputadovander.com.br\/website\/wp-content\/uploads\/2011\/07\/foto-2011-07-04-vander-loubet.jpg\" target=\"_blank\"><img decoding=\"async\" class=\"size-medium wp-image-3385 \" title=\"foto-2011-07-04-vander-loubet\" src=\"http:\/\/www.deputadovander.com.br\/website\/wp-content\/uploads\/2011\/07\/foto-2011-07-04-vander-loubet-400x266.jpg\" alt=\"Vander n\u00e3o cr\u00ea em paralisa\u00e7\u00e3o de projetos de ferrovias em MS\" width=\"400\" height=\"266\" \/><\/a><figcaption id=\"caption-attachment-3385\" class=\"wp-caption-text\">Vander n\u00e3o cr\u00ea em paralisa\u00e7\u00e3o de projetos de ferrovias em MS<\/figcaption><\/figure><\/p>\n<p>Depois do an\u00fancio de que a presidenta Dilma Rousseff decidiu manter o ministro Alfredo Nascimento no comando dos Transportes, o deputado federal Vander Loubet (PT-MS) afirmou que os projetos de ferrovias para Mato Grosso do Sul n\u00e3o devem ser prejudicados, independente das mudan\u00e7as que possam ser feitas na pasta. &#8220;O Plano de Revitaliza\u00e7\u00e3o das Ferrovias faz parte do PAC [Programa de Acelera\u00e7\u00e3o do Crescimento] e n\u00e3o \u00e9 uma pol\u00edtica p\u00fablica do Minist\u00e9rio dos Transportes, mas sim do governo federal&#8221;, destacou.<\/p>\n<p>Segundo a assessoria de imprensa do Pal\u00e1cio do Planalto, a presidenta j\u00e1 conversou com o ministro Nascimento e pediu que ele conduza as investiga\u00e7\u00f5es sobre o suposto esquema envolvendo servidores do minist\u00e9rio e de \u00f3rg\u00e3os ligados \u00e0 pasta em superfaturamento de obras e recebimento de propina de empreiteiras e consultorias.<\/p>\n<p>&#8220;A presidenta Dilma tem como estilo o controle administrativo das a\u00e7\u00f5es governamentais e, antes mesmo das den\u00fancias, j\u00e1 estava cobrando maior efici\u00eancia e rapidez dos gastos p\u00fablicos por parte do Minist\u00e9rio do Transportes&#8221;, afirma Vander Loubet. Para o deputado, a partir de agora pode haver mais agilidade no andamento dos projetos em quest\u00e3o. &#8220;A Presid\u00eancia vai acompanhar de perto as a\u00e7\u00f5es, por isso as coisas v\u00e3o seguir melhor do que estavam antes&#8221;, completa.<\/p>\n<p>Mesmo com o afastamento de Jos\u00e9 Francisco das Neves da presid\u00eancia da Valec Engenharia, Constru\u00e7\u00f5es e Ferrovias S\/A, empresa p\u00fablica do governo ligada \u00e0 pasta dos Transportes, o que est\u00e1 em andamento n\u00e3o deve mudar. &#8220;As obras das ferrovias no estado n\u00e3o come\u00e7aram, n\u00e3o foram licitadas. O que existe s\u00e3o os estudos de viabilidade para definir os tra\u00e7ados e os custos das obras. Com os \u00faltimos acontecimentos, apenas deve ocorrer uma maior fiscaliza\u00e7\u00e3o e acompanhamento dos or\u00e7amentos que envolvem essas ferrovias&#8221;, afirma o deputado Vander.<\/p>\n<p>Atualmente, h\u00e1 dois projetos de ferrovias em Mato Grosso do Sul sendo viabilizados pela Valec: a chamada Ferrovia do Pantanal, trecho da Ferrovia Norte-Sul que deve ligar a cidade de Panorama (SP) a Porto Murtinho (MS), passando pela regi\u00e3o da Grande Dourados; e o trecho da Ferrosul\/Ferroeste que deve estender trilhos entre as cidades de Cascavel\/Gua\u00edra (PR) e Maracaju (MS), passando por Mundo Novo e Dourados.<\/p>\n<p><strong>Negocia\u00e7\u00e3o antiga<\/strong><\/p>\n<p>Para o ex-deputado federal Dagoberto Nogueira (PDT), a afirma\u00e7\u00e3o de Vander confirma uma expectativa sua. &#8220;Esses projetos de ferrovias para o estado independem de quem vai estar \u00e0 frente da Valec ou at\u00e9 mesmo do Minist\u00e9rio dos Transportes. \u00c9 uma negocia\u00e7\u00e3o antiga, que come\u00e7ou quando eu estava na C\u00e2mara dos Deputados&#8221;, afirma.<\/p>\n<p>Dagoberto explica que em 2008 foi procurado pelo ent\u00e3o presidente da Ferroeste (Estrada de Ferro Paran\u00e1 Oeste S\/A), Samuel Gomes, que estava em busca de recursos para licitar o projeto do trecho da ferrovia ligando Cascavel a Gua\u00edra, no Paran\u00e1. Na ocasi\u00e3o, o deputado federal pedetista conseguiu R$ 1 milh\u00e3o junto ao governo federal para essa finalidade. J\u00e1 em 2009, Dagoberto e Vander fizeram uma emenda de R$ 12 milh\u00f5es para viabilizar o projeto do trecho de Gua\u00edra a Maracaju.<\/p>\n<p style=\"text-align: center;\"><figure id=\"attachment_3384\" aria-describedby=\"caption-attachment-3384\" style=\"width: 400px\" class=\"wp-caption aligncenter\"><a href=\"http:\/\/www.deputadovander.com.br\/website\/wp-content\/uploads\/2011\/07\/foto-2011-07-04-dagoberto-samuel-gomes.jpg\" target=\"_blank\"><img decoding=\"async\" class=\"size-medium wp-image-3384 \" title=\"foto-2011-07-04-dagoberto-samuel-gomes\" src=\"http:\/\/www.deputadovander.com.br\/website\/wp-content\/uploads\/2011\/07\/foto-2011-07-04-dagoberto-samuel-gomes-400x266.jpg\" alt=\"Dagoberto e Samuel: projetos ganharam corpo em 2008 e 2009\" width=\"400\" height=\"266\" \/><\/a><figcaption id=\"caption-attachment-3384\" class=\"wp-caption-text\">Dagoberto e Samuel: projetos ganharam corpo em 2008 e 2009<\/figcaption><\/figure><\/p>\n<p>O ex-deputado federal destaca ainda que, na \u00e9poca, marcou reuni\u00f5es em Mato Grosso do Sul para Samuel Gomes conversar com o deputado Vander Loubet e com o governador Andr\u00e9 Puccinelli (PMDB), a fim de discutir a capta\u00e7\u00e3o de recursos para execu\u00e7\u00e3o do projeto. &#8220;O trabalho meu e do Vander, junto com a\u00e7\u00e3o do [deputado] Biffi e do [senador] Delc\u00eddio, nossa bancada de base, e com o apoio do governador, culminou na inclus\u00e3o dessa ferrovia no PAC. O projeto que era do nosso estado virou um projeto do Pa\u00eds, do governo federal. Por isso acho dif\u00edcil que qualquer mudan\u00e7a nos Transportes atrapalhe o que est\u00e1 em andamento&#8221;, conclui Dagoberto.<\/p>\n<p><strong>Antiga Noroeste<\/strong><\/p>\n<p>Enquanto projetos de novas ferrovias s\u00e3o discutidos no estado, h\u00e1 tamb\u00e9m um debate sobre a ferrovia que j\u00e1 existe. No dia 29 de junho, o senador Delc\u00eddio do Amaral (PT-MS) recebeu em em Bras\u00edlia a visita do presidente da Am\u00e9rica Latina Log\u00edstica (ALL), Paulo Bas\u00edlio, e do diretor de log\u00edstica da empresa, Alexandre Santoro, com quem discutiu alternativas para melhorar a malha ferrovi\u00e1ria de Mato Grosso do Sul. A empresa det\u00e9m, por concess\u00e3o federal, o direito de operar o ramal que vai de Bauru (SP) a Corumb\u00e1 (MS), trecho que era operado pela antiga Estrada de Ferro Noroeste do Brasil.<\/p>\n<p>&#8220;Expus aos diretores da ALL a necessidade de investimentos urgentes na substitui\u00e7\u00e3o de trilhos e dormentes, aquisi\u00e7\u00e3o de novas locomotivas e vag\u00f5es e a estrutura\u00e7\u00e3o de um projeto que permita aumentar a velocidade na linha e ampliar a capacidade de transporte de carga, adequando-a as necessidades de desenvolvimento de Mato Grosso do Sul. Eles concordaram com o nosso ponto de vista e disseram que a empresa est\u00e1 elaborando uma proposta nesse sentido, que dever\u00e1 estar pronta em agosto&#8221;, revelou o senador.<\/p>\n<p><strong>Plano de Revitaliza\u00e7\u00e3o das Ferrovias<\/strong><\/p>\n<p>Assista abaixo ao v\u00eddeo da Valec sobre os projetos que integram o Plano de Revitaliza\u00e7\u00e3o das Ferrovias, iniciado em 2003 no governo Lula e mantido na gest\u00e3o da presidenta Dilma como parte integrante do PAC:<\/p>\n<p style=\"text-align: center;\"><object width=\"560\" height=\"349\"><param name=\"movie\" value=\"http:\/\/www.youtube.com\/v\/6CP_vRFb0Qk?version=3&amp;hl=pt_BR\"><\/param><param name=\"allowFullScreen\" value=\"true\"><\/param><param name=\"allowscriptaccess\" value=\"always\"><\/param><\/object><\/p>\n<p><span style=\"font-size: 11px;\">(\u00c9der Yanaguita\/Assessoria, com informa\u00e7\u00f5es da Assessoria\/Senador Delc\u00eddio)<\/span><\/p>\n","protected":false},"excerpt":{"rendered":"<p>Revitaliza\u00e7\u00e3o das ferrovias faz parte do PAC, \u00e9 pol\u00edtica p\u00fablica do governo, n\u00e3o do Minist\u00e9rio dos Transportes.<\/p>\n","protected":false},"author":2,"featured_media":0,"comment_status":"closed","ping_status":"open","sticky":false,"template":"","format":"standard","meta":{"jetpack_post_was_ever_published":false,"_jetpack_newsletter_access":"","_jetpack_dont_email_post_to_subs":false,"_jetpack_newsletter_tier_id":0,"_jetpack_memberships_contains_paywalled_content":false,"_jetpack_memberships_contains_paid_content":false,"footnotes":""},"categories":[10],"tags":[97,567,590,608,631,807,1089,1178,1302,1359,1382,1513,1598,1655,1757,1823,1973,2027,2033],"class_list":{"0":"post-3383","1":"post","2":"type-post","3":"status-publish","4":"format-standard","6":"category-noticias","7":"tag-alfredo","8":"tag-dagoberto","9":"tag-delcidio","10":"tag-deputado","11":"tag-dilma","12":"tag-federal","13":"tag-jose","14":"tag-loubet","15":"tag-ministerio","16":"tag-nascimento","17":"tag-neves","18":"tag-pdt","19":"tag-pr","20":"tag-pt","21":"tag-rousseff","22":"tag-senador","23":"tag-transportes","24":"tag-valec","25":"tag-vander"},"yoast_head":"<!-- This site is optimized with the Yoast SEO plugin v27.4 - https:\/\/yoast.com\/product\/yoast-seo-wordpress\/ -->\n<title>Vander: mudan\u00e7as nos Transportes n\u00e3o alteram projetos de ferrovias em MS<\/title>\n<meta name=\"robots\" content=\"index, follow, max-snippet:-1, max-image-preview:large, max-video-preview:-1\" \/>\n<link rel=\"canonical\" href=\"https:\/\/vanderloubet.com.br\/deputado\/vander-mudancas-nos-transportes-nao-altera-projetos-de-ferrovias-em-ms\/\" \/>\n<meta property=\"og:locale\" content=\"pt_BR\" \/>\n<meta property=\"og:type\" content=\"article\" \/>\n<meta property=\"og:title\" content=\"Vander: mudan\u00e7as nos Transportes n\u00e3o alteram projetos de ferrovias em MS\" \/>\n<meta property=\"og:description\" content=\"Revitaliza\u00e7\u00e3o das ferrovias faz parte do PAC, \u00e9 pol\u00edtica p\u00fablica do governo, n\u00e3o do Minist\u00e9rio dos Transportes.\" \/>\n<meta property=\"og:url\" content=\"https:\/\/vanderloubet.com.br\/deputado\/vander-mudancas-nos-transportes-nao-altera-projetos-de-ferrovias-em-ms\/\" \/>\n<meta property=\"og:site_name\" content=\"Deputado Federal Vander Loubet\" \/>\n<meta property=\"article:publisher\" content=\"https:\/\/facebook.com\/deputadovander\" \/>\n<meta property=\"article:published_time\" content=\"2011-07-04T19:54:29+00:00\" \/>\n<meta property=\"og:image\" content=\"http:\/\/www.deputadovander.com.br\/website\/wp-content\/uploads\/2011\/07\/foto-2011-07-04-vander-loubet-400x266.jpg\" \/>\n<meta name=\"author\" content=\"\u00c9der\" \/>\n<meta name=\"twitter:card\" content=\"summary_large_image\" \/>\n<meta name=\"twitter:creator\" content=\"@vanderloubet\" \/>\n<meta name=\"twitter:site\" content=\"@vanderloubet\" \/>\n<script type=\"application\/ld+json\" class=\"yoast-schema-graph\">{\"@context\":\"https:\\\/\\\/schema.org\",\"@graph\":[{\"@type\":\"Article\",\"@id\":\"https:\\\/\\\/vanderloubet.com.br\\\/deputado\\\/vander-mudancas-nos-transportes-nao-altera-projetos-de-ferrovias-em-ms\\\/#article\",\"isPartOf\":{\"@id\":\"https:\\\/\\\/vanderloubet.com.br\\\/deputado\\\/vander-mudancas-nos-transportes-nao-altera-projetos-de-ferrovias-em-ms\\\/\"},\"author\":{\"name\":\"\u00c9der\",\"@id\":\"https:\\\/\\\/vanderloubet.com.br\\\/deputado\\\/#\\\/schema\\\/person\\\/15b51bd564532a8a68d9dec1b8eb890e\"},\"headline\":\"Vander: mudan\u00e7as nos Transportes n\u00e3o alteram projetos de ferrovias em MS\",\"datePublished\":\"2011-07-04T19:54:29+00:00\",\"mainEntityOfPage\":{\"@id\":\"https:\\\/\\\/vanderloubet.com.br\\\/deputado\\\/vander-mudancas-nos-transportes-nao-altera-projetos-de-ferrovias-em-ms\\\/\"},\"wordCount\":948,\"publisher\":{\"@id\":\"https:\\\/\\\/vanderloubet.com.br\\\/deputado\\\/#organization\"},\"image\":{\"@id\":\"https:\\\/\\\/vanderloubet.com.br\\\/deputado\\\/vander-mudancas-nos-transportes-nao-altera-projetos-de-ferrovias-em-ms\\\/#primaryimage\"},\"thumbnailUrl\":\"http:\\\/\\\/www.deputadovander.com.br\\\/website\\\/wp-content\\\/uploads\\\/2011\\\/07\\\/foto-2011-07-04-vander-loubet-400x266.jpg\",\"keywords\":[\"alfredo\",\"dagoberto\",\"delc\u00eddio\",\"deputado\",\"dilma\",\"federal\",\"jos\u00e9\",\"loubet\",\"minist\u00e9rio\",\"nascimento\",\"neves\",\"pdt\",\"pr\",\"PT\",\"rousseff\",\"senador\",\"transportes\",\"valec\",\"vander\"],\"articleSection\":[\"Not\u00edcias\"],\"inLanguage\":\"pt-BR\"},{\"@type\":\"WebPage\",\"@id\":\"https:\\\/\\\/vanderloubet.com.br\\\/deputado\\\/vander-mudancas-nos-transportes-nao-altera-projetos-de-ferrovias-em-ms\\\/\",\"url\":\"https:\\\/\\\/vanderloubet.com.br\\\/deputado\\\/vander-mudancas-nos-transportes-nao-altera-projetos-de-ferrovias-em-ms\\\/\",\"name\":\"Vander: mudan\u00e7as nos Transportes n\u00e3o alteram projetos de ferrovias em MS\",\"isPartOf\":{\"@id\":\"https:\\\/\\\/vanderloubet.com.br\\\/deputado\\\/#website\"},\"primaryImageOfPage\":{\"@id\":\"https:\\\/\\\/vanderloubet.com.br\\\/deputado\\\/vander-mudancas-nos-transportes-nao-altera-projetos-de-ferrovias-em-ms\\\/#primaryimage\"},\"image\":{\"@id\":\"https:\\\/\\\/vanderloubet.com.br\\\/deputado\\\/vander-mudancas-nos-transportes-nao-altera-projetos-de-ferrovias-em-ms\\\/#primaryimage\"},\"thumbnailUrl\":\"http:\\\/\\\/www.deputadovander.com.br\\\/website\\\/wp-content\\\/uploads\\\/2011\\\/07\\\/foto-2011-07-04-vander-loubet-400x266.jpg\",\"datePublished\":\"2011-07-04T19:54:29+00:00\",\"breadcrumb\":{\"@id\":\"https:\\\/\\\/vanderloubet.com.br\\\/deputado\\\/vander-mudancas-nos-transportes-nao-altera-projetos-de-ferrovias-em-ms\\\/#breadcrumb\"},\"inLanguage\":\"pt-BR\",\"potentialAction\":[{\"@type\":\"ReadAction\",\"target\":[\"https:\\\/\\\/vanderloubet.com.br\\\/deputado\\\/vander-mudancas-nos-transportes-nao-altera-projetos-de-ferrovias-em-ms\\\/\"]}]},{\"@type\":\"ImageObject\",\"inLanguage\":\"pt-BR\",\"@id\":\"https:\\\/\\\/vanderloubet.com.br\\\/deputado\\\/vander-mudancas-nos-transportes-nao-altera-projetos-de-ferrovias-em-ms\\\/#primaryimage\",\"url\":\"http:\\\/\\\/www.deputadovander.com.br\\\/website\\\/wp-content\\\/uploads\\\/2011\\\/07\\\/foto-2011-07-04-vander-loubet-400x266.jpg\",\"contentUrl\":\"http:\\\/\\\/www.deputadovander.com.br\\\/website\\\/wp-content\\\/uploads\\\/2011\\\/07\\\/foto-2011-07-04-vander-loubet-400x266.jpg\"},{\"@type\":\"BreadcrumbList\",\"@id\":\"https:\\\/\\\/vanderloubet.com.br\\\/deputado\\\/vander-mudancas-nos-transportes-nao-altera-projetos-de-ferrovias-em-ms\\\/#breadcrumb\",\"itemListElement\":[{\"@type\":\"ListItem\",\"position\":1,\"name\":\"In\u00edcio\",\"item\":\"https:\\\/\\\/vanderloubet.com.br\\\/deputado\\\/\"},{\"@type\":\"ListItem\",\"position\":2,\"name\":\"Vander: mudan\u00e7as nos Transportes n\u00e3o alteram projetos de ferrovias em MS\"}]},{\"@type\":\"WebSite\",\"@id\":\"https:\\\/\\\/vanderloubet.com.br\\\/deputado\\\/#website\",\"url\":\"https:\\\/\\\/vanderloubet.com.br\\\/deputado\\\/\",\"name\":\"Deputado Federal Vander Loubet\",\"description\":\"O Federal de MS\",\"publisher\":{\"@id\":\"https:\\\/\\\/vanderloubet.com.br\\\/deputado\\\/#organization\"},\"alternateName\":\"Deputado Vander\",\"potentialAction\":[{\"@type\":\"SearchAction\",\"target\":{\"@type\":\"EntryPoint\",\"urlTemplate\":\"https:\\\/\\\/vanderloubet.com.br\\\/deputado\\\/?s={search_term_string}\"},\"query-input\":{\"@type\":\"PropertyValueSpecification\",\"valueRequired\":true,\"valueName\":\"search_term_string\"}}],\"inLanguage\":\"pt-BR\"},{\"@type\":\"Organization\",\"@id\":\"https:\\\/\\\/vanderloubet.com.br\\\/deputado\\\/#organization\",\"name\":\"Deputado Federal Vander Loubet\",\"alternateName\":\"Deputado Vander\",\"url\":\"https:\\\/\\\/vanderloubet.com.br\\\/deputado\\\/\",\"logo\":{\"@type\":\"ImageObject\",\"inLanguage\":\"pt-BR\",\"@id\":\"https:\\\/\\\/vanderloubet.com.br\\\/deputado\\\/#\\\/schema\\\/logo\\\/image\\\/\",\"url\":\"https:\\\/\\\/vanderloubet.com.br\\\/deputado\\\/wp-content\\\/uploads\\\/2023\\\/06\\\/foto-2023-06-19-mandato-deputado-vander.jpg\",\"contentUrl\":\"https:\\\/\\\/vanderloubet.com.br\\\/deputado\\\/wp-content\\\/uploads\\\/2023\\\/06\\\/foto-2023-06-19-mandato-deputado-vander.jpg\",\"width\":1080,\"height\":1080,\"caption\":\"Deputado Federal Vander Loubet\"},\"image\":{\"@id\":\"https:\\\/\\\/vanderloubet.com.br\\\/deputado\\\/#\\\/schema\\\/logo\\\/image\\\/\"},\"sameAs\":[\"https:\\\/\\\/facebook.com\\\/deputadovander\",\"https:\\\/\\\/x.com\\\/vanderloubet\",\"https:\\\/\\\/instagram.com\\\/vanderloubet\",\"https:\\\/\\\/youtube.com\\\/vanderloubet\",\"https:\\\/\\\/tiktok.com\\\/@vanderloubetms\"]},{\"@type\":\"Person\",\"@id\":\"https:\\\/\\\/vanderloubet.com.br\\\/deputado\\\/#\\\/schema\\\/person\\\/15b51bd564532a8a68d9dec1b8eb890e\",\"name\":\"\u00c9der\",\"image\":{\"@type\":\"ImageObject\",\"inLanguage\":\"pt-BR\",\"@id\":\"https:\\\/\\\/vanderloubet.com.br\\\/deputado\\\/wp-content\\\/litespeed\\\/avatar\\\/88ca4090d9d5ab1c9495f6ca03b68efa.jpg?ver=1777058957\",\"url\":\"https:\\\/\\\/vanderloubet.com.br\\\/deputado\\\/wp-content\\\/litespeed\\\/avatar\\\/88ca4090d9d5ab1c9495f6ca03b68efa.jpg?ver=1777058957\",\"contentUrl\":\"https:\\\/\\\/vanderloubet.com.br\\\/deputado\\\/wp-content\\\/litespeed\\\/avatar\\\/88ca4090d9d5ab1c9495f6ca03b68efa.jpg?ver=1777058957\",\"caption\":\"\u00c9der\"}}]}<\/script>\n<!-- \/ Yoast SEO plugin. -->","yoast_head_json":{"title":"Vander: mudan\u00e7as nos Transportes n\u00e3o alteram projetos de ferrovias em MS","robots":{"index":"index","follow":"follow","max-snippet":"max-snippet:-1","max-image-preview":"max-image-preview:large","max-video-preview":"max-video-preview:-1"},"canonical":"https:\/\/vanderloubet.com.br\/deputado\/vander-mudancas-nos-transportes-nao-altera-projetos-de-ferrovias-em-ms\/","og_locale":"pt_BR","og_type":"article","og_title":"Vander: mudan\u00e7as nos Transportes n\u00e3o alteram projetos de ferrovias em MS","og_description":"Revitaliza\u00e7\u00e3o das ferrovias faz parte do PAC, \u00e9 pol\u00edtica p\u00fablica do governo, n\u00e3o do Minist\u00e9rio dos Transportes.","og_url":"https:\/\/vanderloubet.com.br\/deputado\/vander-mudancas-nos-transportes-nao-altera-projetos-de-ferrovias-em-ms\/","og_site_name":"Deputado Federal Vander Loubet","article_publisher":"https:\/\/facebook.com\/deputadovander","article_published_time":"2011-07-04T19:54:29+00:00","og_image":[{"url":"http:\/\/www.deputadovander.com.br\/website\/wp-content\/uploads\/2011\/07\/foto-2011-07-04-vander-loubet-400x266.jpg","type":"","width":"","height":""}],"author":"\u00c9der","twitter_card":"summary_large_image","twitter_creator":"@vanderloubet","twitter_site":"@vanderloubet","schema":{"@context":"https:\/\/schema.org","@graph":[{"@type":"Article","@id":"https:\/\/vanderloubet.com.br\/deputado\/vander-mudancas-nos-transportes-nao-altera-projetos-de-ferrovias-em-ms\/#article","isPartOf":{"@id":"https:\/\/vanderloubet.com.br\/deputado\/vander-mudancas-nos-transportes-nao-altera-projetos-de-ferrovias-em-ms\/"},"author":{"name":"\u00c9der","@id":"https:\/\/vanderloubet.com.br\/deputado\/#\/schema\/person\/15b51bd564532a8a68d9dec1b8eb890e"},"headline":"Vander: mudan\u00e7as nos Transportes n\u00e3o alteram projetos de ferrovias em MS","datePublished":"2011-07-04T19:54:29+00:00","mainEntityOfPage":{"@id":"https:\/\/vanderloubet.com.br\/deputado\/vander-mudancas-nos-transportes-nao-altera-projetos-de-ferrovias-em-ms\/"},"wordCount":948,"publisher":{"@id":"https:\/\/vanderloubet.com.br\/deputado\/#organization"},"image":{"@id":"https:\/\/vanderloubet.com.br\/deputado\/vander-mudancas-nos-transportes-nao-altera-projetos-de-ferrovias-em-ms\/#primaryimage"},"thumbnailUrl":"http:\/\/www.deputadovander.com.br\/website\/wp-content\/uploads\/2011\/07\/foto-2011-07-04-vander-loubet-400x266.jpg","keywords":["alfredo","dagoberto","delc\u00eddio","deputado","dilma","federal","jos\u00e9","loubet","minist\u00e9rio","nascimento","neves","pdt","pr","PT","rousseff","senador","transportes","valec","vander"],"articleSection":["Not\u00edcias"],"inLanguage":"pt-BR"},{"@type":"WebPage","@id":"https:\/\/vanderloubet.com.br\/deputado\/vander-mudancas-nos-transportes-nao-altera-projetos-de-ferrovias-em-ms\/","url":"https:\/\/vanderloubet.com.br\/deputado\/vander-mudancas-nos-transportes-nao-altera-projetos-de-ferrovias-em-ms\/","name":"Vander: mudan\u00e7as nos Transportes n\u00e3o alteram projetos de ferrovias em MS","isPartOf":{"@id":"https:\/\/vanderloubet.com.br\/deputado\/#website"},"primaryImageOfPage":{"@id":"https:\/\/vanderloubet.com.br\/deputado\/vander-mudancas-nos-transportes-nao-altera-projetos-de-ferrovias-em-ms\/#primaryimage"},"image":{"@id":"https:\/\/vanderloubet.com.br\/deputado\/vander-mudancas-nos-transportes-nao-altera-projetos-de-ferrovias-em-ms\/#primaryimage"},"thumbnailUrl":"http:\/\/www.deputadovander.com.br\/website\/wp-content\/uploads\/2011\/07\/foto-2011-07-04-vander-loubet-400x266.jpg","datePublished":"2011-07-04T19:54:29+00:00","breadcrumb":{"@id":"https:\/\/vanderloubet.com.br\/deputado\/vander-mudancas-nos-transportes-nao-altera-projetos-de-ferrovias-em-ms\/#breadcrumb"},"inLanguage":"pt-BR","potentialAction":[{"@type":"ReadAction","target":["https:\/\/vanderloubet.com.br\/deputado\/vander-mudancas-nos-transportes-nao-altera-projetos-de-ferrovias-em-ms\/"]}]},{"@type":"ImageObject","inLanguage":"pt-BR","@id":"https:\/\/vanderloubet.com.br\/deputado\/vander-mudancas-nos-transportes-nao-altera-projetos-de-ferrovias-em-ms\/#primaryimage","url":"http:\/\/www.deputadovander.com.br\/website\/wp-content\/uploads\/2011\/07\/foto-2011-07-04-vander-loubet-400x266.jpg","contentUrl":"http:\/\/www.deputadovander.com.br\/website\/wp-content\/uploads\/2011\/07\/foto-2011-07-04-vander-loubet-400x266.jpg"},{"@type":"BreadcrumbList","@id":"https:\/\/vanderloubet.com.br\/deputado\/vander-mudancas-nos-transportes-nao-altera-projetos-de-ferrovias-em-ms\/#breadcrumb","itemListElement":[{"@type":"ListItem","position":1,"name":"In\u00edcio","item":"https:\/\/vanderloubet.com.br\/deputado\/"},{"@type":"ListItem","position":2,"name":"Vander: mudan\u00e7as nos Transportes n\u00e3o alteram projetos de ferrovias em MS"}]},{"@type":"WebSite","@id":"https:\/\/vanderloubet.com.br\/deputado\/#website","url":"https:\/\/vanderloubet.com.br\/deputado\/","name":"Deputado Federal Vander Loubet","description":"O Federal de MS","publisher":{"@id":"https:\/\/vanderloubet.com.br\/deputado\/#organization"},"alternateName":"Deputado Vander","potentialAction":[{"@type":"SearchAction","target":{"@type":"EntryPoint","urlTemplate":"https:\/\/vanderloubet.com.br\/deputado\/?s={search_term_string}"},"query-input":{"@type":"PropertyValueSpecification","valueRequired":true,"valueName":"search_term_string"}}],"inLanguage":"pt-BR"},{"@type":"Organization","@id":"https:\/\/vanderloubet.com.br\/deputado\/#organization","name":"Deputado Federal Vander Loubet","alternateName":"Deputado Vander","url":"https:\/\/vanderloubet.com.br\/deputado\/","logo":{"@type":"ImageObject","inLanguage":"pt-BR","@id":"https:\/\/vanderloubet.com.br\/deputado\/#\/schema\/logo\/image\/","url":"https:\/\/vanderloubet.com.br\/deputado\/wp-content\/uploads\/2023\/06\/foto-2023-06-19-mandato-deputado-vander.jpg","contentUrl":"https:\/\/vanderloubet.com.br\/deputado\/wp-content\/uploads\/2023\/06\/foto-2023-06-19-mandato-deputado-vander.jpg","width":1080,"height":1080,"caption":"Deputado Federal Vander Loubet"},"image":{"@id":"https:\/\/vanderloubet.com.br\/deputado\/#\/schema\/logo\/image\/"},"sameAs":["https:\/\/facebook.com\/deputadovander","https:\/\/x.com\/vanderloubet","https:\/\/instagram.com\/vanderloubet","https:\/\/youtube.com\/vanderloubet","https:\/\/tiktok.com\/@vanderloubetms"]},{"@type":"Person","@id":"https:\/\/vanderloubet.com.br\/deputado\/#\/schema\/person\/15b51bd564532a8a68d9dec1b8eb890e","name":"\u00c9der","image":{"@type":"ImageObject","inLanguage":"pt-BR","@id":"https:\/\/vanderloubet.com.br\/deputado\/wp-content\/litespeed\/avatar\/88ca4090d9d5ab1c9495f6ca03b68efa.jpg?ver=1777058957","url":"https:\/\/vanderloubet.com.br\/deputado\/wp-content\/litespeed\/avatar\/88ca4090d9d5ab1c9495f6ca03b68efa.jpg?ver=1777058957","contentUrl":"https:\/\/vanderloubet.com.br\/deputado\/wp-content\/litespeed\/avatar\/88ca4090d9d5ab1c9495f6ca03b68efa.jpg?ver=1777058957","caption":"\u00c9der"}}]}},"jetpack_featured_media_url":"","jetpack_sharing_enabled":true,"_links":{"self":[{"href":"https:\/\/vanderloubet.com.br\/deputado\/wp-json\/wp\/v2\/posts\/3383","targetHints":{"allow":["GET"]}}],"collection":[{"href":"https:\/\/vanderloubet.com.br\/deputado\/wp-json\/wp\/v2\/posts"}],"about":[{"href":"https:\/\/vanderloubet.com.br\/deputado\/wp-json\/wp\/v2\/types\/post"}],"author":[{"embeddable":true,"href":"https:\/\/vanderloubet.com.br\/deputado\/wp-json\/wp\/v2\/users\/2"}],"replies":[{"embeddable":true,"href":"https:\/\/vanderloubet.com.br\/deputado\/wp-json\/wp\/v2\/comments?post=3383"}],"version-history":[{"count":0,"href":"https:\/\/vanderloubet.com.br\/deputado\/wp-json\/wp\/v2\/posts\/3383\/revisions"}],"wp:attachment":[{"href":"https:\/\/vanderloubet.com.br\/deputado\/wp-json\/wp\/v2\/media?parent=3383"}],"wp:term":[{"taxonomy":"category","embeddable":true,"href":"https:\/\/vanderloubet.com.br\/deputado\/wp-json\/wp\/v2\/categories?post=3383"},{"taxonomy":"post_tag","embeddable":true,"href":"https:\/\/vanderloubet.com.br\/deputado\/wp-json\/wp\/v2\/tags?post=3383"}],"curies":[{"name":"wp","href":"https:\/\/api.w.org\/{rel}","templated":true}]}}