{"id":3380,"date":"2011-07-01T17:07:05","date_gmt":"2011-07-01T21:07:05","guid":{"rendered":"http:\/\/www.deputadovander.com.br\/website\/?p=3380"},"modified":"2011-07-01T17:07:05","modified_gmt":"2011-07-01T21:07:05","slug":"cone-sul-e-vale-do-ivinhema-debatem-tracado-da-ferrovia-em-navirai","status":"publish","type":"post","link":"https:\/\/vanderloubet.com.br\/deputado\/cone-sul-e-vale-do-ivinhema-debatem-tracado-da-ferrovia-em-navirai\/","title":{"rendered":"Cone Sul e Vale do Ivinhema debatem tra\u00e7ado da ferrovia em Navira\u00ed"},"content":{"rendered":"<p style=\"text-align: center;\"><figure id=\"attachment_3381\" aria-describedby=\"caption-attachment-3381\" style=\"width: 400px\" class=\"wp-caption aligncenter\"><a href=\"http:\/\/www.deputadovander.com.br\/website\/wp-content\/uploads\/2011\/07\/foto-2011-07-01-ferroeste-parana.jpg\" target=\"_blank\"><img decoding=\"async\" class=\"size-medium wp-image-3381 \" title=\"foto-2011-07-01-ferroeste-parana\" src=\"http:\/\/www.deputadovander.com.br\/website\/wp-content\/uploads\/2011\/07\/foto-2011-07-01-ferroeste-parana-400x266.jpg\" alt=\"Viaduto da Ferroeste no Paran\u00e1 entre Laranjeiras do Sul e Nova Laranjeiras (cr\u00e9dito: Clodoaldo\/vidaDmaquinista)\" width=\"400\" height=\"266\" \/><\/a><figcaption id=\"caption-attachment-3381\" class=\"wp-caption-text\">Viaduto da Ferroeste no Paran\u00e1 entre Laranjeiras do Sul e Nova Laranjeiras (cr\u00e9dito: Clodoaldo\/vidaDmaquinista)<\/figcaption><\/figure><\/p>\n<p>A pedido do vereador Jos\u00e9 Odair Gallo (PDT), a C\u00e2mara Municipal de Navira\u00ed realiza hoje (1), a partir das 19h30, a audi\u00eancia p\u00fablica &#8220;Cone Sul nos trilhos do desenvolvimento &#8211; Ferrosul e Ferroeste&#8221; para discutir o tra\u00e7ado da ferrovia que ligar\u00e1 Maracaju (MS) a Cascavel (PR), com passagem dos trilhos por Navira\u00ed.<\/p>\n<p>Est\u00e3o programadas palestras do superintendente de projetos da Valec, Bruno Roque de Oliveira, e do deputado federal Vander Loubet (PT-MS), um dos parlamentares mais empenhados na concretiza\u00e7\u00e3o do sonho da ferrovia no estado.<\/p>\n<p>Gallo explicou que o objetivo da audi\u00eancia \u00e9 contar com o apoio popular da comunidade naviraiense para ter o tra\u00e7ado da ferrovia passando pela cidade. &#8220;J\u00e1 temos o total apoio do PT de Navira\u00ed, atrav\u00e9s do seu presidente Jair Alves, que em parceria conosco ir\u00e1 coordenar essa audi\u00eancia&#8221;, ressaltou o vereador pedetista.<\/p>\n<p>Para o deputado Vander, o apoio do munic\u00edpio ao projeto \u00e9 importante nessa fase. &#8220;O tra\u00e7ado est\u00e1 em estudo. Por isso a mobiliza\u00e7\u00e3o da classe pol\u00edtica e empresarial, a demonstra\u00e7\u00e3o da viabilidade econ\u00f4mica e o apoio da sociedade podem ser fatores decisivos para o convencimento de que o tra\u00e7ado deve passar por Navira\u00ed&#8221;, afirmou o parlamentar federal.<\/p>\n<p>Para o evento na C\u00e2mara Municipal foram convidados todos os deputados estaduais e federais, senadores, prefeitos e vereadores da regi\u00e3o Cone Sul e Vale do Ivinhema.<\/p>\n<p>Caso o tra\u00e7ado da Ferroeste seja feito em linha reta, a ferrovia no trecho Maracaju\/Dourados\/Mundo Novo at\u00e9 Cascavel passar\u00e1 pelo munic\u00edpio de Iguatemi, distante cerca de 30 km de Navira\u00ed. &#8220;Temos que convencer a Valec e o Governo Federal de que Navira\u00ed re\u00fane as melhores condi\u00e7\u00f5es para ser instalado o entreposto de carga e descarga em Navira\u00ed&#8221;, finalizou Gallo.<\/p>\n<p><strong>Valec<\/strong><\/p>\n<p>A Valec \u00e9 uma empresa p\u00fablica controlada pelo governo federal. Tem a atribui\u00e7\u00e3o de fazer o planejamento econ\u00f4mico e administrativo de engenharia ferrovi\u00e1ria, decidir sobre a viabilidade dos projetos e ainda pode receber da Uni\u00e3o outros encargos para o incremento da malha ferrovi\u00e1ria. O trecho em quest\u00e3o, debatido durante a audi\u00eancia p\u00fablica, vai integrar mais um estado ao n\u00facleo de fomento \u00e0 produ\u00e7\u00e3o ao longo da Ferrovia da Integra\u00e7\u00e3o Oeste (Ferroeste). De Dourados a Cascavel, o percurso \u00e9 de 350 km e a ferrovia est\u00e1 inclu\u00edda na planilha de prioridades do Programa de Acelera\u00e7\u00e3o do Crescimento (PAC).<\/p>\n<p><strong>Ferrosul: Ferroeste e Norte-Sul<\/strong><\/p>\n<p>Em 2009 os estados do Paran\u00e1, Santa Catarina, Mato Grosso do Sul e Rio Grande do Sul, integrantes do Codesul (Conselho de Desenvolvimento e Integra\u00e7\u00e3o Sul), decidiram criar a Ferrovia da Integra\u00e7\u00e3o do Sul S\/A (Ferrosul), uma empresa p\u00fablica com o objetivo de planejar, construir e operar ferrovias e sistemas log\u00edsticos nesses estados, interligando-as com a malha nacional a partir da Ferrovia Norte-Sul e da Estrada de Ferro Paran\u00e1 Oeste S\/A (Ferroeste).<\/p>\n<p>Para tanto, a Ferrosul deve incorporar a Ferroeste, uma empresa ferrovi\u00e1ria p\u00fablica constru\u00edda pelo Estado do Paran\u00e1. Com essa decis\u00e3o a Ferroeste deixa de ser uma empresa paranaense, passando a ser uma empresa regional com participa\u00e7\u00e3o da Valec.<\/p>\n<p><span style=\"font-size: 11px;\">(\u00c9der Yanaguita\/Assessoria, com informa\u00e7\u00f5es do Sul News)<\/span><\/p>\n","protected":false},"excerpt":{"rendered":"<p>Est\u00e3o programadas palestras do superintendente de projetos da Valec e do deputado federal Vander Loubet.<\/p>\n","protected":false},"author":2,"featured_media":0,"comment_status":"closed","ping_status":"open","sticky":false,"template":"","format":"standard","meta":{"jetpack_post_was_ever_published":false,"_jetpack_newsletter_access":"","_jetpack_dont_email_post_to_subs":false,"_jetpack_newsletter_tier_id":0,"_jetpack_memberships_contains_paywalled_content":false,"_jetpack_memberships_contains_paid_content":false,"footnotes":""},"categories":[10],"tags":[213,305,377,497,672,822,823,824,900,1053,1089,1178,1216,1366,1412,1513,1754,1902,2026,2027,2033,2047],"class_list":{"0":"post-3380","1":"post","2":"type-post","3":"status-publish","4":"format-standard","6":"category-noticias","7":"tag-audiencia","8":"tag-bruno","9":"tag-cascavel","10":"tag-cone","11":"tag-dourados","12":"tag-ferroste","13":"tag-ferrosul","14":"tag-ferrovia","15":"tag-gallo","16":"tag-ivinhema","17":"tag-jose","18":"tag-loubet","19":"tag-maracaju","20":"tag-navirai","21":"tag-odair","22":"tag-pdt","23":"tag-roque","24":"tag-sul","25":"tag-vale","26":"tag-valec","27":"tag-vander","28":"tag-vereador"},"yoast_head":"<!-- This site is optimized with the Yoast SEO plugin v27.4 - https:\/\/yoast.com\/product\/yoast-seo-wordpress\/ -->\n<title>Cone Sul e Vale do Ivinhema debatem tra\u00e7ado da ferrovia em Navira\u00ed<\/title>\n<meta name=\"robots\" content=\"index, follow, max-snippet:-1, max-image-preview:large, max-video-preview:-1\" \/>\n<link rel=\"canonical\" href=\"https:\/\/vanderloubet.com.br\/deputado\/cone-sul-e-vale-do-ivinhema-debatem-tracado-da-ferrovia-em-navirai\/\" \/>\n<meta property=\"og:locale\" content=\"pt_BR\" \/>\n<meta property=\"og:type\" content=\"article\" \/>\n<meta property=\"og:title\" content=\"Cone Sul e Vale do Ivinhema debatem tra\u00e7ado da ferrovia em Navira\u00ed\" \/>\n<meta property=\"og:description\" content=\"Est\u00e3o programadas palestras do superintendente de projetos da Valec e do deputado federal Vander Loubet.\" \/>\n<meta property=\"og:url\" content=\"https:\/\/vanderloubet.com.br\/deputado\/cone-sul-e-vale-do-ivinhema-debatem-tracado-da-ferrovia-em-navirai\/\" \/>\n<meta property=\"og:site_name\" content=\"Deputado Federal Vander Loubet\" \/>\n<meta property=\"article:publisher\" content=\"https:\/\/facebook.com\/deputadovander\" \/>\n<meta property=\"article:published_time\" content=\"2011-07-01T21:07:05+00:00\" \/>\n<meta property=\"og:image\" content=\"http:\/\/www.deputadovander.com.br\/website\/wp-content\/uploads\/2011\/07\/foto-2011-07-01-ferroeste-parana-400x266.jpg\" \/>\n<meta name=\"author\" content=\"\u00c9der\" \/>\n<meta name=\"twitter:card\" content=\"summary_large_image\" \/>\n<meta name=\"twitter:creator\" content=\"@vanderloubet\" \/>\n<meta name=\"twitter:site\" content=\"@vanderloubet\" \/>\n<script type=\"application\/ld+json\" class=\"yoast-schema-graph\">{\"@context\":\"https:\\\/\\\/schema.org\",\"@graph\":[{\"@type\":\"Article\",\"@id\":\"https:\\\/\\\/vanderloubet.com.br\\\/deputado\\\/cone-sul-e-vale-do-ivinhema-debatem-tracado-da-ferrovia-em-navirai\\\/#article\",\"isPartOf\":{\"@id\":\"https:\\\/\\\/vanderloubet.com.br\\\/deputado\\\/cone-sul-e-vale-do-ivinhema-debatem-tracado-da-ferrovia-em-navirai\\\/\"},\"author\":{\"name\":\"\u00c9der\",\"@id\":\"https:\\\/\\\/vanderloubet.com.br\\\/deputado\\\/#\\\/schema\\\/person\\\/15b51bd564532a8a68d9dec1b8eb890e\"},\"headline\":\"Cone Sul e Vale do Ivinhema debatem tra\u00e7ado da ferrovia em Navira\u00ed\",\"datePublished\":\"2011-07-01T21:07:05+00:00\",\"mainEntityOfPage\":{\"@id\":\"https:\\\/\\\/vanderloubet.com.br\\\/deputado\\\/cone-sul-e-vale-do-ivinhema-debatem-tracado-da-ferrovia-em-navirai\\\/\"},\"wordCount\":578,\"publisher\":{\"@id\":\"https:\\\/\\\/vanderloubet.com.br\\\/deputado\\\/#organization\"},\"image\":{\"@id\":\"https:\\\/\\\/vanderloubet.com.br\\\/deputado\\\/cone-sul-e-vale-do-ivinhema-debatem-tracado-da-ferrovia-em-navirai\\\/#primaryimage\"},\"thumbnailUrl\":\"http:\\\/\\\/www.deputadovander.com.br\\\/website\\\/wp-content\\\/uploads\\\/2011\\\/07\\\/foto-2011-07-01-ferroeste-parana-400x266.jpg\",\"keywords\":[\"audi\u00eancia\",\"bruno\",\"cascavel\",\"cone\",\"dourados\",\"ferroste\",\"ferrosul\",\"ferrovia\",\"gallo\",\"ivinhema\",\"jos\u00e9\",\"loubet\",\"maracaju\",\"navira\u00ed\",\"odair\",\"pdt\",\"roque\",\"sul\",\"vale\",\"valec\",\"vander\",\"vereador\"],\"articleSection\":[\"Not\u00edcias\"],\"inLanguage\":\"pt-BR\"},{\"@type\":\"WebPage\",\"@id\":\"https:\\\/\\\/vanderloubet.com.br\\\/deputado\\\/cone-sul-e-vale-do-ivinhema-debatem-tracado-da-ferrovia-em-navirai\\\/\",\"url\":\"https:\\\/\\\/vanderloubet.com.br\\\/deputado\\\/cone-sul-e-vale-do-ivinhema-debatem-tracado-da-ferrovia-em-navirai\\\/\",\"name\":\"Cone Sul e Vale do Ivinhema debatem tra\u00e7ado da ferrovia em Navira\u00ed\",\"isPartOf\":{\"@id\":\"https:\\\/\\\/vanderloubet.com.br\\\/deputado\\\/#website\"},\"primaryImageOfPage\":{\"@id\":\"https:\\\/\\\/vanderloubet.com.br\\\/deputado\\\/cone-sul-e-vale-do-ivinhema-debatem-tracado-da-ferrovia-em-navirai\\\/#primaryimage\"},\"image\":{\"@id\":\"https:\\\/\\\/vanderloubet.com.br\\\/deputado\\\/cone-sul-e-vale-do-ivinhema-debatem-tracado-da-ferrovia-em-navirai\\\/#primaryimage\"},\"thumbnailUrl\":\"http:\\\/\\\/www.deputadovander.com.br\\\/website\\\/wp-content\\\/uploads\\\/2011\\\/07\\\/foto-2011-07-01-ferroeste-parana-400x266.jpg\",\"datePublished\":\"2011-07-01T21:07:05+00:00\",\"breadcrumb\":{\"@id\":\"https:\\\/\\\/vanderloubet.com.br\\\/deputado\\\/cone-sul-e-vale-do-ivinhema-debatem-tracado-da-ferrovia-em-navirai\\\/#breadcrumb\"},\"inLanguage\":\"pt-BR\",\"potentialAction\":[{\"@type\":\"ReadAction\",\"target\":[\"https:\\\/\\\/vanderloubet.com.br\\\/deputado\\\/cone-sul-e-vale-do-ivinhema-debatem-tracado-da-ferrovia-em-navirai\\\/\"]}]},{\"@type\":\"ImageObject\",\"inLanguage\":\"pt-BR\",\"@id\":\"https:\\\/\\\/vanderloubet.com.br\\\/deputado\\\/cone-sul-e-vale-do-ivinhema-debatem-tracado-da-ferrovia-em-navirai\\\/#primaryimage\",\"url\":\"http:\\\/\\\/www.deputadovander.com.br\\\/website\\\/wp-content\\\/uploads\\\/2011\\\/07\\\/foto-2011-07-01-ferroeste-parana-400x266.jpg\",\"contentUrl\":\"http:\\\/\\\/www.deputadovander.com.br\\\/website\\\/wp-content\\\/uploads\\\/2011\\\/07\\\/foto-2011-07-01-ferroeste-parana-400x266.jpg\"},{\"@type\":\"BreadcrumbList\",\"@id\":\"https:\\\/\\\/vanderloubet.com.br\\\/deputado\\\/cone-sul-e-vale-do-ivinhema-debatem-tracado-da-ferrovia-em-navirai\\\/#breadcrumb\",\"itemListElement\":[{\"@type\":\"ListItem\",\"position\":1,\"name\":\"In\u00edcio\",\"item\":\"https:\\\/\\\/vanderloubet.com.br\\\/deputado\\\/\"},{\"@type\":\"ListItem\",\"position\":2,\"name\":\"Cone Sul e Vale do Ivinhema debatem tra\u00e7ado da ferrovia em Navira\u00ed\"}]},{\"@type\":\"WebSite\",\"@id\":\"https:\\\/\\\/vanderloubet.com.br\\\/deputado\\\/#website\",\"url\":\"https:\\\/\\\/vanderloubet.com.br\\\/deputado\\\/\",\"name\":\"Deputado Federal Vander Loubet\",\"description\":\"O Federal de MS\",\"publisher\":{\"@id\":\"https:\\\/\\\/vanderloubet.com.br\\\/deputado\\\/#organization\"},\"alternateName\":\"Deputado Vander\",\"potentialAction\":[{\"@type\":\"SearchAction\",\"target\":{\"@type\":\"EntryPoint\",\"urlTemplate\":\"https:\\\/\\\/vanderloubet.com.br\\\/deputado\\\/?s={search_term_string}\"},\"query-input\":{\"@type\":\"PropertyValueSpecification\",\"valueRequired\":true,\"valueName\":\"search_term_string\"}}],\"inLanguage\":\"pt-BR\"},{\"@type\":\"Organization\",\"@id\":\"https:\\\/\\\/vanderloubet.com.br\\\/deputado\\\/#organization\",\"name\":\"Deputado Federal Vander Loubet\",\"alternateName\":\"Deputado Vander\",\"url\":\"https:\\\/\\\/vanderloubet.com.br\\\/deputado\\\/\",\"logo\":{\"@type\":\"ImageObject\",\"inLanguage\":\"pt-BR\",\"@id\":\"https:\\\/\\\/vanderloubet.com.br\\\/deputado\\\/#\\\/schema\\\/logo\\\/image\\\/\",\"url\":\"https:\\\/\\\/vanderloubet.com.br\\\/deputado\\\/wp-content\\\/uploads\\\/2023\\\/06\\\/foto-2023-06-19-mandato-deputado-vander.jpg\",\"contentUrl\":\"https:\\\/\\\/vanderloubet.com.br\\\/deputado\\\/wp-content\\\/uploads\\\/2023\\\/06\\\/foto-2023-06-19-mandato-deputado-vander.jpg\",\"width\":1080,\"height\":1080,\"caption\":\"Deputado Federal Vander Loubet\"},\"image\":{\"@id\":\"https:\\\/\\\/vanderloubet.com.br\\\/deputado\\\/#\\\/schema\\\/logo\\\/image\\\/\"},\"sameAs\":[\"https:\\\/\\\/facebook.com\\\/deputadovander\",\"https:\\\/\\\/x.com\\\/vanderloubet\",\"https:\\\/\\\/instagram.com\\\/vanderloubet\",\"https:\\\/\\\/youtube.com\\\/vanderloubet\",\"https:\\\/\\\/tiktok.com\\\/@vanderloubetms\"]},{\"@type\":\"Person\",\"@id\":\"https:\\\/\\\/vanderloubet.com.br\\\/deputado\\\/#\\\/schema\\\/person\\\/15b51bd564532a8a68d9dec1b8eb890e\",\"name\":\"\u00c9der\",\"image\":{\"@type\":\"ImageObject\",\"inLanguage\":\"pt-BR\",\"@id\":\"https:\\\/\\\/vanderloubet.com.br\\\/deputado\\\/wp-content\\\/litespeed\\\/avatar\\\/88ca4090d9d5ab1c9495f6ca03b68efa.jpg?ver=1777058957\",\"url\":\"https:\\\/\\\/vanderloubet.com.br\\\/deputado\\\/wp-content\\\/litespeed\\\/avatar\\\/88ca4090d9d5ab1c9495f6ca03b68efa.jpg?ver=1777058957\",\"contentUrl\":\"https:\\\/\\\/vanderloubet.com.br\\\/deputado\\\/wp-content\\\/litespeed\\\/avatar\\\/88ca4090d9d5ab1c9495f6ca03b68efa.jpg?ver=1777058957\",\"caption\":\"\u00c9der\"}}]}<\/script>\n<!-- \/ Yoast SEO plugin. -->","yoast_head_json":{"title":"Cone Sul e Vale do Ivinhema debatem tra\u00e7ado da ferrovia em Navira\u00ed","robots":{"index":"index","follow":"follow","max-snippet":"max-snippet:-1","max-image-preview":"max-image-preview:large","max-video-preview":"max-video-preview:-1"},"canonical":"https:\/\/vanderloubet.com.br\/deputado\/cone-sul-e-vale-do-ivinhema-debatem-tracado-da-ferrovia-em-navirai\/","og_locale":"pt_BR","og_type":"article","og_title":"Cone Sul e Vale do Ivinhema debatem tra\u00e7ado da ferrovia em Navira\u00ed","og_description":"Est\u00e3o programadas palestras do superintendente de projetos da Valec e do deputado federal Vander Loubet.","og_url":"https:\/\/vanderloubet.com.br\/deputado\/cone-sul-e-vale-do-ivinhema-debatem-tracado-da-ferrovia-em-navirai\/","og_site_name":"Deputado Federal Vander Loubet","article_publisher":"https:\/\/facebook.com\/deputadovander","article_published_time":"2011-07-01T21:07:05+00:00","og_image":[{"url":"http:\/\/www.deputadovander.com.br\/website\/wp-content\/uploads\/2011\/07\/foto-2011-07-01-ferroeste-parana-400x266.jpg","type":"","width":"","height":""}],"author":"\u00c9der","twitter_card":"summary_large_image","twitter_creator":"@vanderloubet","twitter_site":"@vanderloubet","schema":{"@context":"https:\/\/schema.org","@graph":[{"@type":"Article","@id":"https:\/\/vanderloubet.com.br\/deputado\/cone-sul-e-vale-do-ivinhema-debatem-tracado-da-ferrovia-em-navirai\/#article","isPartOf":{"@id":"https:\/\/vanderloubet.com.br\/deputado\/cone-sul-e-vale-do-ivinhema-debatem-tracado-da-ferrovia-em-navirai\/"},"author":{"name":"\u00c9der","@id":"https:\/\/vanderloubet.com.br\/deputado\/#\/schema\/person\/15b51bd564532a8a68d9dec1b8eb890e"},"headline":"Cone Sul e Vale do Ivinhema debatem tra\u00e7ado da ferrovia em Navira\u00ed","datePublished":"2011-07-01T21:07:05+00:00","mainEntityOfPage":{"@id":"https:\/\/vanderloubet.com.br\/deputado\/cone-sul-e-vale-do-ivinhema-debatem-tracado-da-ferrovia-em-navirai\/"},"wordCount":578,"publisher":{"@id":"https:\/\/vanderloubet.com.br\/deputado\/#organization"},"image":{"@id":"https:\/\/vanderloubet.com.br\/deputado\/cone-sul-e-vale-do-ivinhema-debatem-tracado-da-ferrovia-em-navirai\/#primaryimage"},"thumbnailUrl":"http:\/\/www.deputadovander.com.br\/website\/wp-content\/uploads\/2011\/07\/foto-2011-07-01-ferroeste-parana-400x266.jpg","keywords":["audi\u00eancia","bruno","cascavel","cone","dourados","ferroste","ferrosul","ferrovia","gallo","ivinhema","jos\u00e9","loubet","maracaju","navira\u00ed","odair","pdt","roque","sul","vale","valec","vander","vereador"],"articleSection":["Not\u00edcias"],"inLanguage":"pt-BR"},{"@type":"WebPage","@id":"https:\/\/vanderloubet.com.br\/deputado\/cone-sul-e-vale-do-ivinhema-debatem-tracado-da-ferrovia-em-navirai\/","url":"https:\/\/vanderloubet.com.br\/deputado\/cone-sul-e-vale-do-ivinhema-debatem-tracado-da-ferrovia-em-navirai\/","name":"Cone Sul e Vale do Ivinhema debatem tra\u00e7ado da ferrovia em Navira\u00ed","isPartOf":{"@id":"https:\/\/vanderloubet.com.br\/deputado\/#website"},"primaryImageOfPage":{"@id":"https:\/\/vanderloubet.com.br\/deputado\/cone-sul-e-vale-do-ivinhema-debatem-tracado-da-ferrovia-em-navirai\/#primaryimage"},"image":{"@id":"https:\/\/vanderloubet.com.br\/deputado\/cone-sul-e-vale-do-ivinhema-debatem-tracado-da-ferrovia-em-navirai\/#primaryimage"},"thumbnailUrl":"http:\/\/www.deputadovander.com.br\/website\/wp-content\/uploads\/2011\/07\/foto-2011-07-01-ferroeste-parana-400x266.jpg","datePublished":"2011-07-01T21:07:05+00:00","breadcrumb":{"@id":"https:\/\/vanderloubet.com.br\/deputado\/cone-sul-e-vale-do-ivinhema-debatem-tracado-da-ferrovia-em-navirai\/#breadcrumb"},"inLanguage":"pt-BR","potentialAction":[{"@type":"ReadAction","target":["https:\/\/vanderloubet.com.br\/deputado\/cone-sul-e-vale-do-ivinhema-debatem-tracado-da-ferrovia-em-navirai\/"]}]},{"@type":"ImageObject","inLanguage":"pt-BR","@id":"https:\/\/vanderloubet.com.br\/deputado\/cone-sul-e-vale-do-ivinhema-debatem-tracado-da-ferrovia-em-navirai\/#primaryimage","url":"http:\/\/www.deputadovander.com.br\/website\/wp-content\/uploads\/2011\/07\/foto-2011-07-01-ferroeste-parana-400x266.jpg","contentUrl":"http:\/\/www.deputadovander.com.br\/website\/wp-content\/uploads\/2011\/07\/foto-2011-07-01-ferroeste-parana-400x266.jpg"},{"@type":"BreadcrumbList","@id":"https:\/\/vanderloubet.com.br\/deputado\/cone-sul-e-vale-do-ivinhema-debatem-tracado-da-ferrovia-em-navirai\/#breadcrumb","itemListElement":[{"@type":"ListItem","position":1,"name":"In\u00edcio","item":"https:\/\/vanderloubet.com.br\/deputado\/"},{"@type":"ListItem","position":2,"name":"Cone Sul e Vale do Ivinhema debatem tra\u00e7ado da ferrovia em Navira\u00ed"}]},{"@type":"WebSite","@id":"https:\/\/vanderloubet.com.br\/deputado\/#website","url":"https:\/\/vanderloubet.com.br\/deputado\/","name":"Deputado Federal Vander Loubet","description":"O Federal de MS","publisher":{"@id":"https:\/\/vanderloubet.com.br\/deputado\/#organization"},"alternateName":"Deputado Vander","potentialAction":[{"@type":"SearchAction","target":{"@type":"EntryPoint","urlTemplate":"https:\/\/vanderloubet.com.br\/deputado\/?s={search_term_string}"},"query-input":{"@type":"PropertyValueSpecification","valueRequired":true,"valueName":"search_term_string"}}],"inLanguage":"pt-BR"},{"@type":"Organization","@id":"https:\/\/vanderloubet.com.br\/deputado\/#organization","name":"Deputado Federal Vander Loubet","alternateName":"Deputado Vander","url":"https:\/\/vanderloubet.com.br\/deputado\/","logo":{"@type":"ImageObject","inLanguage":"pt-BR","@id":"https:\/\/vanderloubet.com.br\/deputado\/#\/schema\/logo\/image\/","url":"https:\/\/vanderloubet.com.br\/deputado\/wp-content\/uploads\/2023\/06\/foto-2023-06-19-mandato-deputado-vander.jpg","contentUrl":"https:\/\/vanderloubet.com.br\/deputado\/wp-content\/uploads\/2023\/06\/foto-2023-06-19-mandato-deputado-vander.jpg","width":1080,"height":1080,"caption":"Deputado Federal Vander Loubet"},"image":{"@id":"https:\/\/vanderloubet.com.br\/deputado\/#\/schema\/logo\/image\/"},"sameAs":["https:\/\/facebook.com\/deputadovander","https:\/\/x.com\/vanderloubet","https:\/\/instagram.com\/vanderloubet","https:\/\/youtube.com\/vanderloubet","https:\/\/tiktok.com\/@vanderloubetms"]},{"@type":"Person","@id":"https:\/\/vanderloubet.com.br\/deputado\/#\/schema\/person\/15b51bd564532a8a68d9dec1b8eb890e","name":"\u00c9der","image":{"@type":"ImageObject","inLanguage":"pt-BR","@id":"https:\/\/vanderloubet.com.br\/deputado\/wp-content\/litespeed\/avatar\/88ca4090d9d5ab1c9495f6ca03b68efa.jpg?ver=1777058957","url":"https:\/\/vanderloubet.com.br\/deputado\/wp-content\/litespeed\/avatar\/88ca4090d9d5ab1c9495f6ca03b68efa.jpg?ver=1777058957","contentUrl":"https:\/\/vanderloubet.com.br\/deputado\/wp-content\/litespeed\/avatar\/88ca4090d9d5ab1c9495f6ca03b68efa.jpg?ver=1777058957","caption":"\u00c9der"}}]}},"jetpack_featured_media_url":"","jetpack_sharing_enabled":true,"_links":{"self":[{"href":"https:\/\/vanderloubet.com.br\/deputado\/wp-json\/wp\/v2\/posts\/3380","targetHints":{"allow":["GET"]}}],"collection":[{"href":"https:\/\/vanderloubet.com.br\/deputado\/wp-json\/wp\/v2\/posts"}],"about":[{"href":"https:\/\/vanderloubet.com.br\/deputado\/wp-json\/wp\/v2\/types\/post"}],"author":[{"embeddable":true,"href":"https:\/\/vanderloubet.com.br\/deputado\/wp-json\/wp\/v2\/users\/2"}],"replies":[{"embeddable":true,"href":"https:\/\/vanderloubet.com.br\/deputado\/wp-json\/wp\/v2\/comments?post=3380"}],"version-history":[{"count":0,"href":"https:\/\/vanderloubet.com.br\/deputado\/wp-json\/wp\/v2\/posts\/3380\/revisions"}],"wp:attachment":[{"href":"https:\/\/vanderloubet.com.br\/deputado\/wp-json\/wp\/v2\/media?parent=3380"}],"wp:term":[{"taxonomy":"category","embeddable":true,"href":"https:\/\/vanderloubet.com.br\/deputado\/wp-json\/wp\/v2\/categories?post=3380"},{"taxonomy":"post_tag","embeddable":true,"href":"https:\/\/vanderloubet.com.br\/deputado\/wp-json\/wp\/v2\/tags?post=3380"}],"curies":[{"name":"wp","href":"https:\/\/api.w.org\/{rel}","templated":true}]}}