{"id":3369,"date":"2011-07-01T09:22:52","date_gmt":"2011-07-01T13:22:52","guid":{"rendered":"http:\/\/www.deputadovander.com.br\/website\/?p=3369"},"modified":"2011-07-01T09:22:52","modified_gmt":"2011-07-01T13:22:52","slug":"campo-grande-segue-com-pendurados-relaxados-e-desleixados","status":"publish","type":"post","link":"https:\/\/vanderloubet.com.br\/deputado\/campo-grande-segue-com-pendurados-relaxados-e-desleixados\/","title":{"rendered":"Campo Grande segue com &#8220;pendurados, relaxados e desleixados&#8221;"},"content":{"rendered":"<p><em>Vander Loubet*<\/em><\/p>\n<p>H\u00e1 alguns dias, na semana que antecedeu as comemora\u00e7\u00f5es crist\u00e3s de Corpus Christi, o prefeito de Campo Grande, Nelson Trad Filho, surpreendeu a cidade que governa h\u00e1 quase sete anos, solicitando uma carta de demiss\u00e3o de todos os seus 11 secret\u00e1rios e presidentes de funda\u00e7\u00f5es. Na ocasi\u00e3o, em entrevista, Nelsinho afirmou: &#8220;J\u00e1 a algum tempo eu estou insatisfeito com o desempenho da equipe, estou achando que est\u00e1 um relaxamento muito grande, um desleixo muito grande, uma falta de comprometimento&#8230; No nosso entendimento a gota d&#8217;\u00e1gua foi (sic) algumas quest\u00f5es que aconteceram tamb\u00e9m na esfera pol\u00edtica, partidos que usufruem da administra\u00e7\u00e3o, sem comunicar nada para a gente&#8230;&#8221;.<\/p>\n<p>Passaram-se alguns dias, reuni\u00f5es, conversas e nenhum secret\u00e1rio demitiu-se ou foi demitido. Logo, pelo visto, continuam na administra\u00e7\u00e3o municipal de Campo Grande.<\/p>\n<p>Trago-lhes essas quest\u00f5es porque, j\u00e1 h\u00e1 algum tempo, tenho apontado que Campo Grande vem sendo administrada de forma inapropriada para uma cidade desse porte e import\u00e2ncia. Muitos dos problemas que ainda persistem, tais como os da sa\u00fade, seguran\u00e7a p\u00fablica, impostos e tr\u00e2nsito poderiam ser resolvidos se a forma de gest\u00e3o da Capital fosse mais moderna e descentralizada. A fala literal de Nelsinho Trad \u00e9 o endosso cabal do que venho dizendo em meus artigos, juntamente com outros estudiosos e cidad\u00e3os, como o soci\u00f3logo Paulo Cabral e o arquiteto \u00c2ngelo Arruda.<\/p>\n<p style=\"text-align: center;\"><figure id=\"attachment_3370\" aria-describedby=\"caption-attachment-3370\" style=\"width: 400px\" class=\"wp-caption aligncenter\"><a href=\"http:\/\/www.deputadovander.com.br\/website\/wp-content\/uploads\/2011\/07\/foto-2011-07-01-campo-grande.jpg\" target=\"_blank\"><img decoding=\"async\" class=\"size-medium wp-image-3370 \" title=\"foto-2011-07-01-campo-grande\" src=\"http:\/\/www.deputadovander.com.br\/website\/wp-content\/uploads\/2011\/07\/foto-2011-07-01-campo-grande-400x266.jpg\" alt=\"Campo Grande: seguindo caminho com administra\u00e7\u00e3o de &quot;pendurados, relaxados e desleixados&quot;\" width=\"400\" height=\"266\" \/><\/a><figcaption id=\"caption-attachment-3370\" class=\"wp-caption-text\">Campo Grande: seguindo caminho com administra\u00e7\u00e3o de &quot;pendurados, relaxados e desleixados&quot;<\/figcaption><\/figure><\/p>\n<p>A administra\u00e7\u00e3o do PMDB trata a municipalidade de Campo Grande como se fosse sua, como se os aliados pol\u00edticos e ocupantes dos cargos p\u00fablicos, ao inv\u00e9s de servirem \u00e0 sociedade, fizessem exatamente o contr\u00e1rio, servindo-se da administra\u00e7\u00e3o por indica\u00e7\u00e3o do prefeito, sem poder sugerir ou criticar essa administra\u00e7\u00e3o, pois dela fazem parte.<\/p>\n<p>A rigor, duas frases do prefeito consistem em p\u00e9rolas pol\u00edtico-administrativas que apontam para uma forma ultrapassada, quase coronel\u00edstica, de se fazer pol\u00edtica: &#8220;&#8230; aliados que esquecem que est\u00e3o pendurados na administra\u00e7\u00e3o, com cargos, com dire\u00e7\u00e3o de secretarias, com dire\u00e7\u00e3o de funda\u00e7\u00f5es&#8230;&#8221;; &#8220;&#8230; o que n\u00e3o pode \u00e9 servir a dois senhores, \u00e9 voc\u00ea ter uma cr\u00edtica eleitoreira para a popula\u00e7\u00e3o e de outro lado ficar se servindo da administra\u00e7\u00e3o&#8230;&#8221;.<\/p>\n<p>Se o prefeito se cerca de pessoas que, ao inv\u00e9s de servir a municipalidade, dela se servem e que, dito por ele mesmo, est\u00e3o penduradas, relaxadas e desleixadas, \u00e9 evidente que os destinos da cidade n\u00e3o est\u00e3o em boas m\u00e3os. E os problemas recorrentes, por todos apontados, n\u00e3o ser\u00e3o solucionados com essa forma de administrar.<\/p>\n<p>Na \u00faltima quarta-feira (29\/06), ve\u00edculos de comunica\u00e7\u00e3o de Mato Grosso do Sul divulgaram que a crise est\u00e1 encerrada, pois tudo est\u00e1 como antes: nenhum secret\u00e1rio demitido e os partidos aliados bem comportados. Para mim, n\u00e3o. O que vejo nesses fatos s\u00e3o o contr\u00e1rio. Algo deve estar muito errado, pois o prefeito continua cercando-se daqueles que ele chamou de pendurados, relaxados e desleixados, daqueles que se servem da administra\u00e7\u00e3o municipal.<\/p>\n<p>Campo Grande, a cidade que tanto admiramos e nos orgulhamos, cresce e se desenvolve a partir do trabalho da sua gente. No plano de investimentos, a Capital conta com um grande volume de recursos federais, heran\u00e7a do governo do ex-presidente Lula mantida pela presidenta Dilma. O epis\u00f3dio envolvendo o prefeito e seu secretariado mostra a urg\u00eancia de se rever a forma como a cidade \u00e9 administrada. H\u00e1 que se mudar os rumos da cidade. De outra forma, deixaremos passar a oportunidade efetiva de sermos uma cidade moderna e \u00e0 altura das grandes metr\u00f3poles do Brasil.<\/p>\n<p><em>*Deputado Federal (PT-MS)<\/em><\/p>\n","protected":false},"excerpt":{"rendered":"<p>Artigo do deputado Vander sobre o epis\u00f3dio envolvendo o prefeito Nelson Trad Filho e a carta de demiss\u00e3o do secretariado.<\/p>\n","protected":false},"author":2,"featured_media":0,"comment_status":"closed","ping_status":"open","sticky":false,"template":"","format":"standard","meta":{"jetpack_post_was_ever_published":false,"_jetpack_newsletter_access":"","_jetpack_dont_email_post_to_subs":false,"_jetpack_newsletter_tier_id":0,"_jetpack_memberships_contains_paywalled_content":false,"_jetpack_memberships_contains_paid_content":false,"footnotes":""},"categories":[11],"tags":[135,180,184,316,341,599,608,807,842,936,1178,1336,1375,1502,1564,1655,1807,1880,1965,2033],"class_list":{"0":"post-3369","1":"post","2":"type-post","3":"status-publish","4":"format-standard","6":"category-opinioes","7":"tag-angelo","8":"tag-arquiteto","9":"tag-arruda","10":"tag-cabral","11":"tag-campo","12":"tag-demissao","13":"tag-deputado","14":"tag-federal","15":"tag-filho","16":"tag-grande","17":"tag-loubet","18":"tag-ms","19":"tag-nelson","20":"tag-paulo","21":"tag-pmdb","22":"tag-pt","23":"tag-secretariado","24":"tag-sociologo","25":"tag-trad","26":"tag-vander"},"yoast_head":"<!-- This site is optimized with the Yoast SEO plugin v27.4 - https:\/\/yoast.com\/product\/yoast-seo-wordpress\/ -->\n<title>Campo Grande segue com &quot;pendurados, relaxados e desleixados&quot;<\/title>\n<meta name=\"robots\" content=\"index, follow, max-snippet:-1, max-image-preview:large, max-video-preview:-1\" \/>\n<link rel=\"canonical\" href=\"https:\/\/vanderloubet.com.br\/deputado\/campo-grande-segue-com-pendurados-relaxados-e-desleixados\/\" \/>\n<meta property=\"og:locale\" content=\"pt_BR\" \/>\n<meta property=\"og:type\" content=\"article\" \/>\n<meta property=\"og:title\" content=\"Campo Grande segue com &quot;pendurados, relaxados e desleixados&quot;\" \/>\n<meta property=\"og:description\" content=\"Artigo do deputado Vander sobre o epis\u00f3dio envolvendo o prefeito Nelson Trad Filho e a carta de demiss\u00e3o do secretariado.\" \/>\n<meta property=\"og:url\" content=\"https:\/\/vanderloubet.com.br\/deputado\/campo-grande-segue-com-pendurados-relaxados-e-desleixados\/\" \/>\n<meta property=\"og:site_name\" content=\"Deputado Federal Vander Loubet\" \/>\n<meta property=\"article:publisher\" content=\"https:\/\/facebook.com\/deputadovander\" \/>\n<meta property=\"article:published_time\" content=\"2011-07-01T13:22:52+00:00\" \/>\n<meta property=\"og:image\" content=\"http:\/\/www.deputadovander.com.br\/website\/wp-content\/uploads\/2011\/07\/foto-2011-07-01-campo-grande-400x266.jpg\" \/>\n<meta name=\"author\" content=\"\u00c9der\" \/>\n<meta name=\"twitter:card\" content=\"summary_large_image\" \/>\n<meta name=\"twitter:creator\" content=\"@vanderloubet\" \/>\n<meta name=\"twitter:site\" content=\"@vanderloubet\" \/>\n<script type=\"application\/ld+json\" class=\"yoast-schema-graph\">{\"@context\":\"https:\\\/\\\/schema.org\",\"@graph\":[{\"@type\":\"Article\",\"@id\":\"https:\\\/\\\/vanderloubet.com.br\\\/deputado\\\/campo-grande-segue-com-pendurados-relaxados-e-desleixados\\\/#article\",\"isPartOf\":{\"@id\":\"https:\\\/\\\/vanderloubet.com.br\\\/deputado\\\/campo-grande-segue-com-pendurados-relaxados-e-desleixados\\\/\"},\"author\":{\"name\":\"\u00c9der\",\"@id\":\"https:\\\/\\\/vanderloubet.com.br\\\/deputado\\\/#\\\/schema\\\/person\\\/15b51bd564532a8a68d9dec1b8eb890e\"},\"headline\":\"Campo Grande segue com &#8220;pendurados, relaxados e desleixados&#8221;\",\"datePublished\":\"2011-07-01T13:22:52+00:00\",\"mainEntityOfPage\":{\"@id\":\"https:\\\/\\\/vanderloubet.com.br\\\/deputado\\\/campo-grande-segue-com-pendurados-relaxados-e-desleixados\\\/\"},\"wordCount\":644,\"publisher\":{\"@id\":\"https:\\\/\\\/vanderloubet.com.br\\\/deputado\\\/#organization\"},\"image\":{\"@id\":\"https:\\\/\\\/vanderloubet.com.br\\\/deputado\\\/campo-grande-segue-com-pendurados-relaxados-e-desleixados\\\/#primaryimage\"},\"thumbnailUrl\":\"http:\\\/\\\/www.deputadovander.com.br\\\/website\\\/wp-content\\\/uploads\\\/2011\\\/07\\\/foto-2011-07-01-campo-grande-400x266.jpg\",\"keywords\":[\"\u00e2ngelo\",\"arquiteto\",\"arruda\",\"cabral\",\"campo\",\"demiss\u00e3o\",\"deputado\",\"federal\",\"filho\",\"grande\",\"loubet\",\"MS\",\"nelson\",\"paulo\",\"pmdb\",\"PT\",\"secretariado\",\"soci\u00f3logo\",\"trad\",\"vander\"],\"articleSection\":[\"Opini\u00e3o\"],\"inLanguage\":\"pt-BR\"},{\"@type\":\"WebPage\",\"@id\":\"https:\\\/\\\/vanderloubet.com.br\\\/deputado\\\/campo-grande-segue-com-pendurados-relaxados-e-desleixados\\\/\",\"url\":\"https:\\\/\\\/vanderloubet.com.br\\\/deputado\\\/campo-grande-segue-com-pendurados-relaxados-e-desleixados\\\/\",\"name\":\"Campo Grande segue com \\\"pendurados, relaxados e desleixados\\\"\",\"isPartOf\":{\"@id\":\"https:\\\/\\\/vanderloubet.com.br\\\/deputado\\\/#website\"},\"primaryImageOfPage\":{\"@id\":\"https:\\\/\\\/vanderloubet.com.br\\\/deputado\\\/campo-grande-segue-com-pendurados-relaxados-e-desleixados\\\/#primaryimage\"},\"image\":{\"@id\":\"https:\\\/\\\/vanderloubet.com.br\\\/deputado\\\/campo-grande-segue-com-pendurados-relaxados-e-desleixados\\\/#primaryimage\"},\"thumbnailUrl\":\"http:\\\/\\\/www.deputadovander.com.br\\\/website\\\/wp-content\\\/uploads\\\/2011\\\/07\\\/foto-2011-07-01-campo-grande-400x266.jpg\",\"datePublished\":\"2011-07-01T13:22:52+00:00\",\"breadcrumb\":{\"@id\":\"https:\\\/\\\/vanderloubet.com.br\\\/deputado\\\/campo-grande-segue-com-pendurados-relaxados-e-desleixados\\\/#breadcrumb\"},\"inLanguage\":\"pt-BR\",\"potentialAction\":[{\"@type\":\"ReadAction\",\"target\":[\"https:\\\/\\\/vanderloubet.com.br\\\/deputado\\\/campo-grande-segue-com-pendurados-relaxados-e-desleixados\\\/\"]}]},{\"@type\":\"ImageObject\",\"inLanguage\":\"pt-BR\",\"@id\":\"https:\\\/\\\/vanderloubet.com.br\\\/deputado\\\/campo-grande-segue-com-pendurados-relaxados-e-desleixados\\\/#primaryimage\",\"url\":\"http:\\\/\\\/www.deputadovander.com.br\\\/website\\\/wp-content\\\/uploads\\\/2011\\\/07\\\/foto-2011-07-01-campo-grande-400x266.jpg\",\"contentUrl\":\"http:\\\/\\\/www.deputadovander.com.br\\\/website\\\/wp-content\\\/uploads\\\/2011\\\/07\\\/foto-2011-07-01-campo-grande-400x266.jpg\"},{\"@type\":\"BreadcrumbList\",\"@id\":\"https:\\\/\\\/vanderloubet.com.br\\\/deputado\\\/campo-grande-segue-com-pendurados-relaxados-e-desleixados\\\/#breadcrumb\",\"itemListElement\":[{\"@type\":\"ListItem\",\"position\":1,\"name\":\"In\u00edcio\",\"item\":\"https:\\\/\\\/vanderloubet.com.br\\\/deputado\\\/\"},{\"@type\":\"ListItem\",\"position\":2,\"name\":\"Campo Grande segue com &#8220;pendurados, relaxados e desleixados&#8221;\"}]},{\"@type\":\"WebSite\",\"@id\":\"https:\\\/\\\/vanderloubet.com.br\\\/deputado\\\/#website\",\"url\":\"https:\\\/\\\/vanderloubet.com.br\\\/deputado\\\/\",\"name\":\"Deputado Federal Vander Loubet\",\"description\":\"O Federal de MS\",\"publisher\":{\"@id\":\"https:\\\/\\\/vanderloubet.com.br\\\/deputado\\\/#organization\"},\"alternateName\":\"Deputado Vander\",\"potentialAction\":[{\"@type\":\"SearchAction\",\"target\":{\"@type\":\"EntryPoint\",\"urlTemplate\":\"https:\\\/\\\/vanderloubet.com.br\\\/deputado\\\/?s={search_term_string}\"},\"query-input\":{\"@type\":\"PropertyValueSpecification\",\"valueRequired\":true,\"valueName\":\"search_term_string\"}}],\"inLanguage\":\"pt-BR\"},{\"@type\":\"Organization\",\"@id\":\"https:\\\/\\\/vanderloubet.com.br\\\/deputado\\\/#organization\",\"name\":\"Deputado Federal Vander Loubet\",\"alternateName\":\"Deputado Vander\",\"url\":\"https:\\\/\\\/vanderloubet.com.br\\\/deputado\\\/\",\"logo\":{\"@type\":\"ImageObject\",\"inLanguage\":\"pt-BR\",\"@id\":\"https:\\\/\\\/vanderloubet.com.br\\\/deputado\\\/#\\\/schema\\\/logo\\\/image\\\/\",\"url\":\"https:\\\/\\\/vanderloubet.com.br\\\/deputado\\\/wp-content\\\/uploads\\\/2023\\\/06\\\/foto-2023-06-19-mandato-deputado-vander.jpg\",\"contentUrl\":\"https:\\\/\\\/vanderloubet.com.br\\\/deputado\\\/wp-content\\\/uploads\\\/2023\\\/06\\\/foto-2023-06-19-mandato-deputado-vander.jpg\",\"width\":1080,\"height\":1080,\"caption\":\"Deputado Federal Vander Loubet\"},\"image\":{\"@id\":\"https:\\\/\\\/vanderloubet.com.br\\\/deputado\\\/#\\\/schema\\\/logo\\\/image\\\/\"},\"sameAs\":[\"https:\\\/\\\/facebook.com\\\/deputadovander\",\"https:\\\/\\\/x.com\\\/vanderloubet\",\"https:\\\/\\\/instagram.com\\\/vanderloubet\",\"https:\\\/\\\/youtube.com\\\/vanderloubet\",\"https:\\\/\\\/tiktok.com\\\/@vanderloubetms\"]},{\"@type\":\"Person\",\"@id\":\"https:\\\/\\\/vanderloubet.com.br\\\/deputado\\\/#\\\/schema\\\/person\\\/15b51bd564532a8a68d9dec1b8eb890e\",\"name\":\"\u00c9der\",\"image\":{\"@type\":\"ImageObject\",\"inLanguage\":\"pt-BR\",\"@id\":\"https:\\\/\\\/vanderloubet.com.br\\\/deputado\\\/wp-content\\\/litespeed\\\/avatar\\\/88ca4090d9d5ab1c9495f6ca03b68efa.jpg?ver=1777058957\",\"url\":\"https:\\\/\\\/vanderloubet.com.br\\\/deputado\\\/wp-content\\\/litespeed\\\/avatar\\\/88ca4090d9d5ab1c9495f6ca03b68efa.jpg?ver=1777058957\",\"contentUrl\":\"https:\\\/\\\/vanderloubet.com.br\\\/deputado\\\/wp-content\\\/litespeed\\\/avatar\\\/88ca4090d9d5ab1c9495f6ca03b68efa.jpg?ver=1777058957\",\"caption\":\"\u00c9der\"}}]}<\/script>\n<!-- \/ Yoast SEO plugin. -->","yoast_head_json":{"title":"Campo Grande segue com \"pendurados, relaxados e desleixados\"","robots":{"index":"index","follow":"follow","max-snippet":"max-snippet:-1","max-image-preview":"max-image-preview:large","max-video-preview":"max-video-preview:-1"},"canonical":"https:\/\/vanderloubet.com.br\/deputado\/campo-grande-segue-com-pendurados-relaxados-e-desleixados\/","og_locale":"pt_BR","og_type":"article","og_title":"Campo Grande segue com \"pendurados, relaxados e desleixados\"","og_description":"Artigo do deputado Vander sobre o epis\u00f3dio envolvendo o prefeito Nelson Trad Filho e a carta de demiss\u00e3o do secretariado.","og_url":"https:\/\/vanderloubet.com.br\/deputado\/campo-grande-segue-com-pendurados-relaxados-e-desleixados\/","og_site_name":"Deputado Federal Vander Loubet","article_publisher":"https:\/\/facebook.com\/deputadovander","article_published_time":"2011-07-01T13:22:52+00:00","og_image":[{"url":"http:\/\/www.deputadovander.com.br\/website\/wp-content\/uploads\/2011\/07\/foto-2011-07-01-campo-grande-400x266.jpg","type":"","width":"","height":""}],"author":"\u00c9der","twitter_card":"summary_large_image","twitter_creator":"@vanderloubet","twitter_site":"@vanderloubet","schema":{"@context":"https:\/\/schema.org","@graph":[{"@type":"Article","@id":"https:\/\/vanderloubet.com.br\/deputado\/campo-grande-segue-com-pendurados-relaxados-e-desleixados\/#article","isPartOf":{"@id":"https:\/\/vanderloubet.com.br\/deputado\/campo-grande-segue-com-pendurados-relaxados-e-desleixados\/"},"author":{"name":"\u00c9der","@id":"https:\/\/vanderloubet.com.br\/deputado\/#\/schema\/person\/15b51bd564532a8a68d9dec1b8eb890e"},"headline":"Campo Grande segue com &#8220;pendurados, relaxados e desleixados&#8221;","datePublished":"2011-07-01T13:22:52+00:00","mainEntityOfPage":{"@id":"https:\/\/vanderloubet.com.br\/deputado\/campo-grande-segue-com-pendurados-relaxados-e-desleixados\/"},"wordCount":644,"publisher":{"@id":"https:\/\/vanderloubet.com.br\/deputado\/#organization"},"image":{"@id":"https:\/\/vanderloubet.com.br\/deputado\/campo-grande-segue-com-pendurados-relaxados-e-desleixados\/#primaryimage"},"thumbnailUrl":"http:\/\/www.deputadovander.com.br\/website\/wp-content\/uploads\/2011\/07\/foto-2011-07-01-campo-grande-400x266.jpg","keywords":["\u00e2ngelo","arquiteto","arruda","cabral","campo","demiss\u00e3o","deputado","federal","filho","grande","loubet","MS","nelson","paulo","pmdb","PT","secretariado","soci\u00f3logo","trad","vander"],"articleSection":["Opini\u00e3o"],"inLanguage":"pt-BR"},{"@type":"WebPage","@id":"https:\/\/vanderloubet.com.br\/deputado\/campo-grande-segue-com-pendurados-relaxados-e-desleixados\/","url":"https:\/\/vanderloubet.com.br\/deputado\/campo-grande-segue-com-pendurados-relaxados-e-desleixados\/","name":"Campo Grande segue com \"pendurados, relaxados e desleixados\"","isPartOf":{"@id":"https:\/\/vanderloubet.com.br\/deputado\/#website"},"primaryImageOfPage":{"@id":"https:\/\/vanderloubet.com.br\/deputado\/campo-grande-segue-com-pendurados-relaxados-e-desleixados\/#primaryimage"},"image":{"@id":"https:\/\/vanderloubet.com.br\/deputado\/campo-grande-segue-com-pendurados-relaxados-e-desleixados\/#primaryimage"},"thumbnailUrl":"http:\/\/www.deputadovander.com.br\/website\/wp-content\/uploads\/2011\/07\/foto-2011-07-01-campo-grande-400x266.jpg","datePublished":"2011-07-01T13:22:52+00:00","breadcrumb":{"@id":"https:\/\/vanderloubet.com.br\/deputado\/campo-grande-segue-com-pendurados-relaxados-e-desleixados\/#breadcrumb"},"inLanguage":"pt-BR","potentialAction":[{"@type":"ReadAction","target":["https:\/\/vanderloubet.com.br\/deputado\/campo-grande-segue-com-pendurados-relaxados-e-desleixados\/"]}]},{"@type":"ImageObject","inLanguage":"pt-BR","@id":"https:\/\/vanderloubet.com.br\/deputado\/campo-grande-segue-com-pendurados-relaxados-e-desleixados\/#primaryimage","url":"http:\/\/www.deputadovander.com.br\/website\/wp-content\/uploads\/2011\/07\/foto-2011-07-01-campo-grande-400x266.jpg","contentUrl":"http:\/\/www.deputadovander.com.br\/website\/wp-content\/uploads\/2011\/07\/foto-2011-07-01-campo-grande-400x266.jpg"},{"@type":"BreadcrumbList","@id":"https:\/\/vanderloubet.com.br\/deputado\/campo-grande-segue-com-pendurados-relaxados-e-desleixados\/#breadcrumb","itemListElement":[{"@type":"ListItem","position":1,"name":"In\u00edcio","item":"https:\/\/vanderloubet.com.br\/deputado\/"},{"@type":"ListItem","position":2,"name":"Campo Grande segue com &#8220;pendurados, relaxados e desleixados&#8221;"}]},{"@type":"WebSite","@id":"https:\/\/vanderloubet.com.br\/deputado\/#website","url":"https:\/\/vanderloubet.com.br\/deputado\/","name":"Deputado Federal Vander Loubet","description":"O Federal de MS","publisher":{"@id":"https:\/\/vanderloubet.com.br\/deputado\/#organization"},"alternateName":"Deputado Vander","potentialAction":[{"@type":"SearchAction","target":{"@type":"EntryPoint","urlTemplate":"https:\/\/vanderloubet.com.br\/deputado\/?s={search_term_string}"},"query-input":{"@type":"PropertyValueSpecification","valueRequired":true,"valueName":"search_term_string"}}],"inLanguage":"pt-BR"},{"@type":"Organization","@id":"https:\/\/vanderloubet.com.br\/deputado\/#organization","name":"Deputado Federal Vander Loubet","alternateName":"Deputado Vander","url":"https:\/\/vanderloubet.com.br\/deputado\/","logo":{"@type":"ImageObject","inLanguage":"pt-BR","@id":"https:\/\/vanderloubet.com.br\/deputado\/#\/schema\/logo\/image\/","url":"https:\/\/vanderloubet.com.br\/deputado\/wp-content\/uploads\/2023\/06\/foto-2023-06-19-mandato-deputado-vander.jpg","contentUrl":"https:\/\/vanderloubet.com.br\/deputado\/wp-content\/uploads\/2023\/06\/foto-2023-06-19-mandato-deputado-vander.jpg","width":1080,"height":1080,"caption":"Deputado Federal Vander Loubet"},"image":{"@id":"https:\/\/vanderloubet.com.br\/deputado\/#\/schema\/logo\/image\/"},"sameAs":["https:\/\/facebook.com\/deputadovander","https:\/\/x.com\/vanderloubet","https:\/\/instagram.com\/vanderloubet","https:\/\/youtube.com\/vanderloubet","https:\/\/tiktok.com\/@vanderloubetms"]},{"@type":"Person","@id":"https:\/\/vanderloubet.com.br\/deputado\/#\/schema\/person\/15b51bd564532a8a68d9dec1b8eb890e","name":"\u00c9der","image":{"@type":"ImageObject","inLanguage":"pt-BR","@id":"https:\/\/vanderloubet.com.br\/deputado\/wp-content\/litespeed\/avatar\/88ca4090d9d5ab1c9495f6ca03b68efa.jpg?ver=1777058957","url":"https:\/\/vanderloubet.com.br\/deputado\/wp-content\/litespeed\/avatar\/88ca4090d9d5ab1c9495f6ca03b68efa.jpg?ver=1777058957","contentUrl":"https:\/\/vanderloubet.com.br\/deputado\/wp-content\/litespeed\/avatar\/88ca4090d9d5ab1c9495f6ca03b68efa.jpg?ver=1777058957","caption":"\u00c9der"}}]}},"jetpack_featured_media_url":"","jetpack_sharing_enabled":true,"_links":{"self":[{"href":"https:\/\/vanderloubet.com.br\/deputado\/wp-json\/wp\/v2\/posts\/3369","targetHints":{"allow":["GET"]}}],"collection":[{"href":"https:\/\/vanderloubet.com.br\/deputado\/wp-json\/wp\/v2\/posts"}],"about":[{"href":"https:\/\/vanderloubet.com.br\/deputado\/wp-json\/wp\/v2\/types\/post"}],"author":[{"embeddable":true,"href":"https:\/\/vanderloubet.com.br\/deputado\/wp-json\/wp\/v2\/users\/2"}],"replies":[{"embeddable":true,"href":"https:\/\/vanderloubet.com.br\/deputado\/wp-json\/wp\/v2\/comments?post=3369"}],"version-history":[{"count":0,"href":"https:\/\/vanderloubet.com.br\/deputado\/wp-json\/wp\/v2\/posts\/3369\/revisions"}],"wp:attachment":[{"href":"https:\/\/vanderloubet.com.br\/deputado\/wp-json\/wp\/v2\/media?parent=3369"}],"wp:term":[{"taxonomy":"category","embeddable":true,"href":"https:\/\/vanderloubet.com.br\/deputado\/wp-json\/wp\/v2\/categories?post=3369"},{"taxonomy":"post_tag","embeddable":true,"href":"https:\/\/vanderloubet.com.br\/deputado\/wp-json\/wp\/v2\/tags?post=3369"}],"curies":[{"name":"wp","href":"https:\/\/api.w.org\/{rel}","templated":true}]}}