{"id":3366,"date":"2011-07-01T07:27:34","date_gmt":"2011-07-01T11:27:34","guid":{"rendered":"http:\/\/www.deputadovander.com.br\/website\/?p=3366"},"modified":"2011-07-01T07:27:34","modified_gmt":"2011-07-01T11:27:34","slug":"governo-federal-libera-r-166-milhoes-para-sanidade-animal-de-ms","status":"publish","type":"post","link":"https:\/\/vanderloubet.com.br\/deputado\/governo-federal-libera-r-166-milhoes-para-sanidade-animal-de-ms\/","title":{"rendered":"Governo Federal libera R$ 16,6 milh\u00f5es para sanidade animal de MS"},"content":{"rendered":"<p style=\"text-align: center;\"><figure id=\"attachment_3367\" aria-describedby=\"caption-attachment-3367\" style=\"width: 400px\" class=\"wp-caption aligncenter\"><a href=\"http:\/\/www.deputadovander.com.br\/website\/wp-content\/uploads\/2011\/07\/foto-2011-07-01-sanidade-animal.jpg\" target=\"_blank\"><img decoding=\"async\" class=\"size-medium wp-image-3367 \" title=\"foto-2011-07-01-sanidade-animal\" src=\"http:\/\/www.deputadovander.com.br\/website\/wp-content\/uploads\/2011\/07\/foto-2011-07-01-sanidade-animal-400x266.jpg\" alt=\"Recursos v\u00e3o fortalecer combate \u00e0 febre aftosa em MS\" width=\"400\" height=\"266\" \/><\/a><figcaption id=\"caption-attachment-3367\" class=\"wp-caption-text\">Recursos v\u00e3o fortalecer combate \u00e0 febre aftosa em MS<\/figcaption><\/figure><\/p>\n<p>O Governo Federal, atrav\u00e9s do Minist\u00e9rio da Agricultura, Pecu\u00e1ria e Abastecimento (Mapa) est\u00e1 liberando R$ 16,6 milh\u00f5es para o Governo do Estado de Mato Grosso do Sul aplicar em sanidade animal.<\/p>\n<p>De acordo com o setor de sanidade animal do Mapa, o cr\u00e9dito or\u00e7ament\u00e1rio j\u00e1 est\u00e1 dispon\u00edvel, mas ainda espera que o governo estadual cumpra todas as formalidades legais para que o recurso seja disponibilizado. A verba deve ficar a gest\u00e3o da Ag\u00eancia Estadual de Defesa Sanit\u00e1ria Animal e Vegetal (Iagro) e deve ser aplicada exclusivamente nos seguimentos de sa\u00fade animal at\u00e9 31 de dezembro de 2011, j\u00e1 que se trata de um recurso anual.<\/p>\n<p>O deputado federal Vander Loubet (PT-MS) explica que o projeto est\u00e1 em tramita\u00e7\u00e3o desde o come\u00e7o do ano e que, com a libera\u00e7\u00e3o, o dinheiro tem o objetivo de refor\u00e7ar o sistema de controle da febre aftosa em Mato Grosso do Sul. &#8220;\u00c9 importante que esse recurso seja destinado para adquirir equipamentos para a Iagro atuar em todo o estado, mas principalmente na regi\u00e3o de fronteira onde devemos continuar combatendo a aftosa&#8221;, destaca Vander.<\/p>\n<p><strong>Transpar\u00eancia<\/strong><\/p>\n<p>Para o presidente licenciado da Associa\u00e7\u00e3o dos Criadores de Mato Grosso do Sul (Acrissul), Francisco Maia, os recursos arrecadados pela Iagro junto aos produtores rurais do estado deveriam deixar de ir para o caixa \u00fanico do governo para serem aplicados diretamente na sanidade animal. &#8220;Deixo como sugest\u00e3o para o governo estadual a aplica\u00e7\u00e3o direta dos recursos da Iagro na sanidade animal, pois dessa forma tenho certeza que haver\u00e1 uma maior efici\u00eancia nesse setor, que \u00e9 t\u00e3o importante para a nossa economia&#8221;, disse.<\/p>\n<p>Segundo o representante dos produtores, atualmente os fazendeiros deixam muito do que produzem nas m\u00e3os do governo, mas n\u00e3o enxergam os resultados com transpar\u00eancia. &#8220;Seja no Fundersul, que n\u00f3s bancamos, ou nos recursos que repassamos para a Iagro, os produtores rurais precisam ser tratados com mais respeito e ter mais transpar\u00eancia no uso desse dinheiro&#8221;, cobra Maia.<\/p>\n<p><span style=\"font-size: 11px;\">(fonte: Midiamax News)<\/span><\/p>\n","protected":false},"excerpt":{"rendered":"<p>Deputado Vander explica que o dinheiro tem objetivo de refor\u00e7ar o sistema de controle da febre aftosa no estado.<\/p>\n","protected":false},"author":2,"featured_media":0,"comment_status":"closed","ping_status":"open","sticky":false,"template":"","format":"standard","meta":{"jetpack_post_was_ever_published":false,"_jetpack_newsletter_access":"","_jetpack_dont_email_post_to_subs":false,"_jetpack_newsletter_tier_id":0,"_jetpack_memberships_contains_paywalled_content":false,"_jetpack_memberships_contains_paid_content":false,"footnotes":""},"categories":[10],"tags":[43,60,70,136,434,608,807,874,876,931,1178,1199,1213,1302,1516,1784,2024,2033],"class_list":{"0":"post-3366","1":"post","2":"type-post","3":"status-publish","4":"format-standard","6":"category-noticias","7":"tag-acrissul","8":"tag-aftosa","9":"tag-agricultura","10":"tag-animal","11":"tag-chico-maia","12":"tag-deputado","13":"tag-federal","14":"tag-francisco","15":"tag-frebre","16":"tag-governo","17":"tag-loubet","18":"tag-maia","19":"tag-mapa","20":"tag-ministerio","21":"tag-pecuaria","22":"tag-sanidade","23":"tag-vacinacao","24":"tag-vander"},"yoast_head":"<!-- This site is optimized with the Yoast SEO plugin v27.4 - https:\/\/yoast.com\/product\/yoast-seo-wordpress\/ -->\n<title>Governo Federal libera R$ 16,6 milh\u00f5es para sanidade animal de MS<\/title>\n<meta name=\"robots\" content=\"index, follow, max-snippet:-1, max-image-preview:large, max-video-preview:-1\" \/>\n<link rel=\"canonical\" href=\"https:\/\/vanderloubet.com.br\/deputado\/governo-federal-libera-r-166-milhoes-para-sanidade-animal-de-ms\/\" \/>\n<meta property=\"og:locale\" content=\"pt_BR\" \/>\n<meta property=\"og:type\" content=\"article\" \/>\n<meta property=\"og:title\" content=\"Governo Federal libera R$ 16,6 milh\u00f5es para sanidade animal de MS\" \/>\n<meta property=\"og:description\" content=\"Deputado Vander explica que o dinheiro tem objetivo de refor\u00e7ar o sistema de controle da febre aftosa no estado.\" \/>\n<meta property=\"og:url\" content=\"https:\/\/vanderloubet.com.br\/deputado\/governo-federal-libera-r-166-milhoes-para-sanidade-animal-de-ms\/\" \/>\n<meta property=\"og:site_name\" content=\"Deputado Federal Vander Loubet\" \/>\n<meta property=\"article:publisher\" content=\"https:\/\/facebook.com\/deputadovander\" \/>\n<meta property=\"article:published_time\" content=\"2011-07-01T11:27:34+00:00\" \/>\n<meta property=\"og:image\" content=\"http:\/\/www.deputadovander.com.br\/website\/wp-content\/uploads\/2011\/07\/foto-2011-07-01-sanidade-animal-400x266.jpg\" \/>\n<meta name=\"author\" content=\"\u00c9der\" \/>\n<meta name=\"twitter:card\" content=\"summary_large_image\" \/>\n<meta name=\"twitter:creator\" content=\"@vanderloubet\" \/>\n<meta name=\"twitter:site\" content=\"@vanderloubet\" \/>\n<script type=\"application\/ld+json\" class=\"yoast-schema-graph\">{\"@context\":\"https:\\\/\\\/schema.org\",\"@graph\":[{\"@type\":\"Article\",\"@id\":\"https:\\\/\\\/vanderloubet.com.br\\\/deputado\\\/governo-federal-libera-r-166-milhoes-para-sanidade-animal-de-ms\\\/#article\",\"isPartOf\":{\"@id\":\"https:\\\/\\\/vanderloubet.com.br\\\/deputado\\\/governo-federal-libera-r-166-milhoes-para-sanidade-animal-de-ms\\\/\"},\"author\":{\"name\":\"\u00c9der\",\"@id\":\"https:\\\/\\\/vanderloubet.com.br\\\/deputado\\\/#\\\/schema\\\/person\\\/15b51bd564532a8a68d9dec1b8eb890e\"},\"headline\":\"Governo Federal libera R$ 16,6 milh\u00f5es para sanidade animal de MS\",\"datePublished\":\"2011-07-01T11:27:34+00:00\",\"mainEntityOfPage\":{\"@id\":\"https:\\\/\\\/vanderloubet.com.br\\\/deputado\\\/governo-federal-libera-r-166-milhoes-para-sanidade-animal-de-ms\\\/\"},\"wordCount\":373,\"publisher\":{\"@id\":\"https:\\\/\\\/vanderloubet.com.br\\\/deputado\\\/#organization\"},\"image\":{\"@id\":\"https:\\\/\\\/vanderloubet.com.br\\\/deputado\\\/governo-federal-libera-r-166-milhoes-para-sanidade-animal-de-ms\\\/#primaryimage\"},\"thumbnailUrl\":\"http:\\\/\\\/www.deputadovander.com.br\\\/website\\\/wp-content\\\/uploads\\\/2011\\\/07\\\/foto-2011-07-01-sanidade-animal-400x266.jpg\",\"keywords\":[\"acrissul\",\"aftosa\",\"agricultura\",\"animal\",\"chico maia\",\"deputado\",\"federal\",\"francisco\",\"frebre\",\"governo\",\"loubet\",\"maia\",\"mapa\",\"minist\u00e9rio\",\"pecu\u00e1ria\",\"sanidade\",\"vacina\u00e7\u00e3o\",\"vander\"],\"articleSection\":[\"Not\u00edcias\"],\"inLanguage\":\"pt-BR\"},{\"@type\":\"WebPage\",\"@id\":\"https:\\\/\\\/vanderloubet.com.br\\\/deputado\\\/governo-federal-libera-r-166-milhoes-para-sanidade-animal-de-ms\\\/\",\"url\":\"https:\\\/\\\/vanderloubet.com.br\\\/deputado\\\/governo-federal-libera-r-166-milhoes-para-sanidade-animal-de-ms\\\/\",\"name\":\"Governo Federal libera R$ 16,6 milh\u00f5es para sanidade animal de MS\",\"isPartOf\":{\"@id\":\"https:\\\/\\\/vanderloubet.com.br\\\/deputado\\\/#website\"},\"primaryImageOfPage\":{\"@id\":\"https:\\\/\\\/vanderloubet.com.br\\\/deputado\\\/governo-federal-libera-r-166-milhoes-para-sanidade-animal-de-ms\\\/#primaryimage\"},\"image\":{\"@id\":\"https:\\\/\\\/vanderloubet.com.br\\\/deputado\\\/governo-federal-libera-r-166-milhoes-para-sanidade-animal-de-ms\\\/#primaryimage\"},\"thumbnailUrl\":\"http:\\\/\\\/www.deputadovander.com.br\\\/website\\\/wp-content\\\/uploads\\\/2011\\\/07\\\/foto-2011-07-01-sanidade-animal-400x266.jpg\",\"datePublished\":\"2011-07-01T11:27:34+00:00\",\"breadcrumb\":{\"@id\":\"https:\\\/\\\/vanderloubet.com.br\\\/deputado\\\/governo-federal-libera-r-166-milhoes-para-sanidade-animal-de-ms\\\/#breadcrumb\"},\"inLanguage\":\"pt-BR\",\"potentialAction\":[{\"@type\":\"ReadAction\",\"target\":[\"https:\\\/\\\/vanderloubet.com.br\\\/deputado\\\/governo-federal-libera-r-166-milhoes-para-sanidade-animal-de-ms\\\/\"]}]},{\"@type\":\"ImageObject\",\"inLanguage\":\"pt-BR\",\"@id\":\"https:\\\/\\\/vanderloubet.com.br\\\/deputado\\\/governo-federal-libera-r-166-milhoes-para-sanidade-animal-de-ms\\\/#primaryimage\",\"url\":\"http:\\\/\\\/www.deputadovander.com.br\\\/website\\\/wp-content\\\/uploads\\\/2011\\\/07\\\/foto-2011-07-01-sanidade-animal-400x266.jpg\",\"contentUrl\":\"http:\\\/\\\/www.deputadovander.com.br\\\/website\\\/wp-content\\\/uploads\\\/2011\\\/07\\\/foto-2011-07-01-sanidade-animal-400x266.jpg\"},{\"@type\":\"BreadcrumbList\",\"@id\":\"https:\\\/\\\/vanderloubet.com.br\\\/deputado\\\/governo-federal-libera-r-166-milhoes-para-sanidade-animal-de-ms\\\/#breadcrumb\",\"itemListElement\":[{\"@type\":\"ListItem\",\"position\":1,\"name\":\"In\u00edcio\",\"item\":\"https:\\\/\\\/vanderloubet.com.br\\\/deputado\\\/\"},{\"@type\":\"ListItem\",\"position\":2,\"name\":\"Governo Federal libera R$ 16,6 milh\u00f5es para sanidade animal de MS\"}]},{\"@type\":\"WebSite\",\"@id\":\"https:\\\/\\\/vanderloubet.com.br\\\/deputado\\\/#website\",\"url\":\"https:\\\/\\\/vanderloubet.com.br\\\/deputado\\\/\",\"name\":\"Deputado Federal Vander Loubet\",\"description\":\"O Federal de MS\",\"publisher\":{\"@id\":\"https:\\\/\\\/vanderloubet.com.br\\\/deputado\\\/#organization\"},\"alternateName\":\"Deputado Vander\",\"potentialAction\":[{\"@type\":\"SearchAction\",\"target\":{\"@type\":\"EntryPoint\",\"urlTemplate\":\"https:\\\/\\\/vanderloubet.com.br\\\/deputado\\\/?s={search_term_string}\"},\"query-input\":{\"@type\":\"PropertyValueSpecification\",\"valueRequired\":true,\"valueName\":\"search_term_string\"}}],\"inLanguage\":\"pt-BR\"},{\"@type\":\"Organization\",\"@id\":\"https:\\\/\\\/vanderloubet.com.br\\\/deputado\\\/#organization\",\"name\":\"Deputado Federal Vander Loubet\",\"alternateName\":\"Deputado Vander\",\"url\":\"https:\\\/\\\/vanderloubet.com.br\\\/deputado\\\/\",\"logo\":{\"@type\":\"ImageObject\",\"inLanguage\":\"pt-BR\",\"@id\":\"https:\\\/\\\/vanderloubet.com.br\\\/deputado\\\/#\\\/schema\\\/logo\\\/image\\\/\",\"url\":\"https:\\\/\\\/vanderloubet.com.br\\\/deputado\\\/wp-content\\\/uploads\\\/2023\\\/06\\\/foto-2023-06-19-mandato-deputado-vander.jpg\",\"contentUrl\":\"https:\\\/\\\/vanderloubet.com.br\\\/deputado\\\/wp-content\\\/uploads\\\/2023\\\/06\\\/foto-2023-06-19-mandato-deputado-vander.jpg\",\"width\":1080,\"height\":1080,\"caption\":\"Deputado Federal Vander Loubet\"},\"image\":{\"@id\":\"https:\\\/\\\/vanderloubet.com.br\\\/deputado\\\/#\\\/schema\\\/logo\\\/image\\\/\"},\"sameAs\":[\"https:\\\/\\\/facebook.com\\\/deputadovander\",\"https:\\\/\\\/x.com\\\/vanderloubet\",\"https:\\\/\\\/instagram.com\\\/vanderloubet\",\"https:\\\/\\\/youtube.com\\\/vanderloubet\",\"https:\\\/\\\/tiktok.com\\\/@vanderloubetms\"]},{\"@type\":\"Person\",\"@id\":\"https:\\\/\\\/vanderloubet.com.br\\\/deputado\\\/#\\\/schema\\\/person\\\/15b51bd564532a8a68d9dec1b8eb890e\",\"name\":\"\u00c9der\",\"image\":{\"@type\":\"ImageObject\",\"inLanguage\":\"pt-BR\",\"@id\":\"https:\\\/\\\/vanderloubet.com.br\\\/deputado\\\/wp-content\\\/litespeed\\\/avatar\\\/88ca4090d9d5ab1c9495f6ca03b68efa.jpg?ver=1777058957\",\"url\":\"https:\\\/\\\/vanderloubet.com.br\\\/deputado\\\/wp-content\\\/litespeed\\\/avatar\\\/88ca4090d9d5ab1c9495f6ca03b68efa.jpg?ver=1777058957\",\"contentUrl\":\"https:\\\/\\\/vanderloubet.com.br\\\/deputado\\\/wp-content\\\/litespeed\\\/avatar\\\/88ca4090d9d5ab1c9495f6ca03b68efa.jpg?ver=1777058957\",\"caption\":\"\u00c9der\"}}]}<\/script>\n<!-- \/ Yoast SEO plugin. -->","yoast_head_json":{"title":"Governo Federal libera R$ 16,6 milh\u00f5es para sanidade animal de MS","robots":{"index":"index","follow":"follow","max-snippet":"max-snippet:-1","max-image-preview":"max-image-preview:large","max-video-preview":"max-video-preview:-1"},"canonical":"https:\/\/vanderloubet.com.br\/deputado\/governo-federal-libera-r-166-milhoes-para-sanidade-animal-de-ms\/","og_locale":"pt_BR","og_type":"article","og_title":"Governo Federal libera R$ 16,6 milh\u00f5es para sanidade animal de MS","og_description":"Deputado Vander explica que o dinheiro tem objetivo de refor\u00e7ar o sistema de controle da febre aftosa no estado.","og_url":"https:\/\/vanderloubet.com.br\/deputado\/governo-federal-libera-r-166-milhoes-para-sanidade-animal-de-ms\/","og_site_name":"Deputado Federal Vander Loubet","article_publisher":"https:\/\/facebook.com\/deputadovander","article_published_time":"2011-07-01T11:27:34+00:00","og_image":[{"url":"http:\/\/www.deputadovander.com.br\/website\/wp-content\/uploads\/2011\/07\/foto-2011-07-01-sanidade-animal-400x266.jpg","type":"","width":"","height":""}],"author":"\u00c9der","twitter_card":"summary_large_image","twitter_creator":"@vanderloubet","twitter_site":"@vanderloubet","schema":{"@context":"https:\/\/schema.org","@graph":[{"@type":"Article","@id":"https:\/\/vanderloubet.com.br\/deputado\/governo-federal-libera-r-166-milhoes-para-sanidade-animal-de-ms\/#article","isPartOf":{"@id":"https:\/\/vanderloubet.com.br\/deputado\/governo-federal-libera-r-166-milhoes-para-sanidade-animal-de-ms\/"},"author":{"name":"\u00c9der","@id":"https:\/\/vanderloubet.com.br\/deputado\/#\/schema\/person\/15b51bd564532a8a68d9dec1b8eb890e"},"headline":"Governo Federal libera R$ 16,6 milh\u00f5es para sanidade animal de MS","datePublished":"2011-07-01T11:27:34+00:00","mainEntityOfPage":{"@id":"https:\/\/vanderloubet.com.br\/deputado\/governo-federal-libera-r-166-milhoes-para-sanidade-animal-de-ms\/"},"wordCount":373,"publisher":{"@id":"https:\/\/vanderloubet.com.br\/deputado\/#organization"},"image":{"@id":"https:\/\/vanderloubet.com.br\/deputado\/governo-federal-libera-r-166-milhoes-para-sanidade-animal-de-ms\/#primaryimage"},"thumbnailUrl":"http:\/\/www.deputadovander.com.br\/website\/wp-content\/uploads\/2011\/07\/foto-2011-07-01-sanidade-animal-400x266.jpg","keywords":["acrissul","aftosa","agricultura","animal","chico maia","deputado","federal","francisco","frebre","governo","loubet","maia","mapa","minist\u00e9rio","pecu\u00e1ria","sanidade","vacina\u00e7\u00e3o","vander"],"articleSection":["Not\u00edcias"],"inLanguage":"pt-BR"},{"@type":"WebPage","@id":"https:\/\/vanderloubet.com.br\/deputado\/governo-federal-libera-r-166-milhoes-para-sanidade-animal-de-ms\/","url":"https:\/\/vanderloubet.com.br\/deputado\/governo-federal-libera-r-166-milhoes-para-sanidade-animal-de-ms\/","name":"Governo Federal libera R$ 16,6 milh\u00f5es para sanidade animal de MS","isPartOf":{"@id":"https:\/\/vanderloubet.com.br\/deputado\/#website"},"primaryImageOfPage":{"@id":"https:\/\/vanderloubet.com.br\/deputado\/governo-federal-libera-r-166-milhoes-para-sanidade-animal-de-ms\/#primaryimage"},"image":{"@id":"https:\/\/vanderloubet.com.br\/deputado\/governo-federal-libera-r-166-milhoes-para-sanidade-animal-de-ms\/#primaryimage"},"thumbnailUrl":"http:\/\/www.deputadovander.com.br\/website\/wp-content\/uploads\/2011\/07\/foto-2011-07-01-sanidade-animal-400x266.jpg","datePublished":"2011-07-01T11:27:34+00:00","breadcrumb":{"@id":"https:\/\/vanderloubet.com.br\/deputado\/governo-federal-libera-r-166-milhoes-para-sanidade-animal-de-ms\/#breadcrumb"},"inLanguage":"pt-BR","potentialAction":[{"@type":"ReadAction","target":["https:\/\/vanderloubet.com.br\/deputado\/governo-federal-libera-r-166-milhoes-para-sanidade-animal-de-ms\/"]}]},{"@type":"ImageObject","inLanguage":"pt-BR","@id":"https:\/\/vanderloubet.com.br\/deputado\/governo-federal-libera-r-166-milhoes-para-sanidade-animal-de-ms\/#primaryimage","url":"http:\/\/www.deputadovander.com.br\/website\/wp-content\/uploads\/2011\/07\/foto-2011-07-01-sanidade-animal-400x266.jpg","contentUrl":"http:\/\/www.deputadovander.com.br\/website\/wp-content\/uploads\/2011\/07\/foto-2011-07-01-sanidade-animal-400x266.jpg"},{"@type":"BreadcrumbList","@id":"https:\/\/vanderloubet.com.br\/deputado\/governo-federal-libera-r-166-milhoes-para-sanidade-animal-de-ms\/#breadcrumb","itemListElement":[{"@type":"ListItem","position":1,"name":"In\u00edcio","item":"https:\/\/vanderloubet.com.br\/deputado\/"},{"@type":"ListItem","position":2,"name":"Governo Federal libera R$ 16,6 milh\u00f5es para sanidade animal de MS"}]},{"@type":"WebSite","@id":"https:\/\/vanderloubet.com.br\/deputado\/#website","url":"https:\/\/vanderloubet.com.br\/deputado\/","name":"Deputado Federal Vander Loubet","description":"O Federal de MS","publisher":{"@id":"https:\/\/vanderloubet.com.br\/deputado\/#organization"},"alternateName":"Deputado Vander","potentialAction":[{"@type":"SearchAction","target":{"@type":"EntryPoint","urlTemplate":"https:\/\/vanderloubet.com.br\/deputado\/?s={search_term_string}"},"query-input":{"@type":"PropertyValueSpecification","valueRequired":true,"valueName":"search_term_string"}}],"inLanguage":"pt-BR"},{"@type":"Organization","@id":"https:\/\/vanderloubet.com.br\/deputado\/#organization","name":"Deputado Federal Vander Loubet","alternateName":"Deputado Vander","url":"https:\/\/vanderloubet.com.br\/deputado\/","logo":{"@type":"ImageObject","inLanguage":"pt-BR","@id":"https:\/\/vanderloubet.com.br\/deputado\/#\/schema\/logo\/image\/","url":"https:\/\/vanderloubet.com.br\/deputado\/wp-content\/uploads\/2023\/06\/foto-2023-06-19-mandato-deputado-vander.jpg","contentUrl":"https:\/\/vanderloubet.com.br\/deputado\/wp-content\/uploads\/2023\/06\/foto-2023-06-19-mandato-deputado-vander.jpg","width":1080,"height":1080,"caption":"Deputado Federal Vander Loubet"},"image":{"@id":"https:\/\/vanderloubet.com.br\/deputado\/#\/schema\/logo\/image\/"},"sameAs":["https:\/\/facebook.com\/deputadovander","https:\/\/x.com\/vanderloubet","https:\/\/instagram.com\/vanderloubet","https:\/\/youtube.com\/vanderloubet","https:\/\/tiktok.com\/@vanderloubetms"]},{"@type":"Person","@id":"https:\/\/vanderloubet.com.br\/deputado\/#\/schema\/person\/15b51bd564532a8a68d9dec1b8eb890e","name":"\u00c9der","image":{"@type":"ImageObject","inLanguage":"pt-BR","@id":"https:\/\/vanderloubet.com.br\/deputado\/wp-content\/litespeed\/avatar\/88ca4090d9d5ab1c9495f6ca03b68efa.jpg?ver=1777058957","url":"https:\/\/vanderloubet.com.br\/deputado\/wp-content\/litespeed\/avatar\/88ca4090d9d5ab1c9495f6ca03b68efa.jpg?ver=1777058957","contentUrl":"https:\/\/vanderloubet.com.br\/deputado\/wp-content\/litespeed\/avatar\/88ca4090d9d5ab1c9495f6ca03b68efa.jpg?ver=1777058957","caption":"\u00c9der"}}]}},"jetpack_featured_media_url":"","jetpack_sharing_enabled":true,"_links":{"self":[{"href":"https:\/\/vanderloubet.com.br\/deputado\/wp-json\/wp\/v2\/posts\/3366","targetHints":{"allow":["GET"]}}],"collection":[{"href":"https:\/\/vanderloubet.com.br\/deputado\/wp-json\/wp\/v2\/posts"}],"about":[{"href":"https:\/\/vanderloubet.com.br\/deputado\/wp-json\/wp\/v2\/types\/post"}],"author":[{"embeddable":true,"href":"https:\/\/vanderloubet.com.br\/deputado\/wp-json\/wp\/v2\/users\/2"}],"replies":[{"embeddable":true,"href":"https:\/\/vanderloubet.com.br\/deputado\/wp-json\/wp\/v2\/comments?post=3366"}],"version-history":[{"count":0,"href":"https:\/\/vanderloubet.com.br\/deputado\/wp-json\/wp\/v2\/posts\/3366\/revisions"}],"wp:attachment":[{"href":"https:\/\/vanderloubet.com.br\/deputado\/wp-json\/wp\/v2\/media?parent=3366"}],"wp:term":[{"taxonomy":"category","embeddable":true,"href":"https:\/\/vanderloubet.com.br\/deputado\/wp-json\/wp\/v2\/categories?post=3366"},{"taxonomy":"post_tag","embeddable":true,"href":"https:\/\/vanderloubet.com.br\/deputado\/wp-json\/wp\/v2\/tags?post=3366"}],"curies":[{"name":"wp","href":"https:\/\/api.w.org\/{rel}","templated":true}]}}