{"id":3361,"date":"2011-06-27T09:14:02","date_gmt":"2011-06-27T13:14:02","guid":{"rendered":"http:\/\/www.deputadovander.com.br\/website\/?p=3361"},"modified":"2011-06-27T09:14:02","modified_gmt":"2011-06-27T13:14:02","slug":"maracaju-realiza-audiencia-publica-sobre-a-ferroeste","status":"publish","type":"post","link":"https:\/\/vanderloubet.com.br\/deputado\/maracaju-realiza-audiencia-publica-sobre-a-ferroeste\/","title":{"rendered":"Maracaju realiza audi\u00eancia p\u00fablica sobre a Ferroeste"},"content":{"rendered":"<p style=\"text-align: center;\"><figure id=\"attachment_3244\" aria-describedby=\"caption-attachment-3244\" style=\"width: 400px\" class=\"wp-caption aligncenter\"><img decoding=\"async\" class=\"size-medium wp-image-3244 \" title=\"foto-2011-05-27-trem-ferroeste-sp\" src=\"http:\/\/www.deputadovander.com.br\/website\/wp-content\/uploads\/2011\/05\/foto-2011-05-27-trem-ferroeste-sp-400x266.jpg\" alt=\"Trecho da Ferroeste no interior de S\u00e3o Paulo\" width=\"400\" height=\"266\" \/><figcaption id=\"caption-attachment-3244\" class=\"wp-caption-text\">Trecho da Ferroeste no interior de S\u00e3o Paulo<\/figcaption><\/figure><\/p>\n<p>A C\u00e2mara Municipal e a Prefeitura de Maracaju estar\u00e3o promovendo uma audi\u00eancia p\u00fablica sobre a Ferrovia da Integra\u00e7\u00e3o Oeste (Ferroeste) no dia 30 de junho, \u00e0s 19h, na sede da C\u00e2mara. A instala\u00e7\u00e3o dos trilhos da Ferroeste tem sido um dos assuntos mais discutidos entre as cidades que comp\u00f5em as regi\u00f5es da Grande Dourados e do Conesul.<\/p>\n<p>O convite para a audi\u00eancia est\u00e1 sendo feito a toda comunidade maracajuense, tendo em vista a import\u00e2ncia do empreendimento, que deve transformar o munic\u00edpio em p\u00f3lo regional de desenvolvimento.<\/p>\n<p>Na audi\u00eancia haver\u00e1 a apresenta\u00e7\u00e3o do projeto desenvolvido pela Valec Engenharia, Constru\u00e7\u00f5es e Ferrovias S\/A, empresa p\u00fablica controlada pelo governo federal respons\u00e1vel pelos estudos de viabilidade t\u00e9cnica da instala\u00e7\u00e3o da ferrovia. O projeto foi solicitado pelo prefeito Celso Vargas (PTB) na ocasi\u00e3o da audi\u00eancia p\u00fablica sobre o mesmo tema realizada em Dourados no final de maio.<\/p>\n<p>&#8220;A audi\u00eancia vai servir para abordar a melhor estrutura de operacionaliza\u00e7\u00e3o e log\u00edstica, e a import\u00e2ncia do investimento para Mato Grosso do Sul e, principalmente, para o munic\u00edpio de Maracaju&#8221;, explicou Celso Vargas.<\/p>\n<p>Entre as principais preocupa\u00e7\u00f5es dos prefeitos das cidades que receber\u00e3o os trilhos, est\u00e3o d\u00favidas sobre o projeto e sobre a participa\u00e7\u00e3o dos munic\u00edpios na ferrovia. &#8220;A ferrovia \u00e9 uma realidade e daqui para frente os esfor\u00e7os devem ser concentrados em adequar estruturalmente as cidades para receber os trilhos&#8221;, afirmou o deputado federal Vander Loubet (PT-MS), que participou da audi\u00eancia em Dourados e promete esfor\u00e7o para estar em Maracaju no pr\u00f3ximo dia 30. Vander \u00e9 um dos deputados mais empenhados na concretiza\u00e7\u00e3o do sonho da ferrovia no estado.<\/p>\n<p style=\"text-align: center;\"><figure id=\"attachment_3364\" aria-describedby=\"caption-attachment-3364\" style=\"width: 400px\" class=\"wp-caption aligncenter\"><a href=\"http:\/\/www.deputadovander.com.br\/website\/wp-content\/uploads\/2011\/06\/foto-2011-06-27-audiencia-ferroeste-maracaju.jpg\" target=\"_blank\"><img decoding=\"async\" class=\"size-medium wp-image-3364 \" title=\"foto-2011-06-27-audiencia-ferroeste-maracaju\" src=\"http:\/\/www.deputadovander.com.br\/website\/wp-content\/uploads\/2011\/06\/foto-2011-06-27-audiencia-ferroeste-maracaju-400x138.jpg\" alt=\"Audi\u00eancia vai discutir projeto da Ferroeste em Maracaju\" width=\"400\" height=\"138\" \/><\/a><figcaption id=\"caption-attachment-3364\" class=\"wp-caption-text\">Audi\u00eancia vai discutir projeto da Ferroeste em Maracaju<\/figcaption><\/figure><\/p>\n<p>A administra\u00e7\u00e3o municipal j\u00e1 prepara a instala\u00e7\u00e3o do p\u00f3lo industrial de Maracaju. Empres\u00e1rios e industriais esperam ansiosos a ferrovia e tudo que ela deve proporcionar. &#8220;O munic\u00edpio tem investimentos j\u00e1 direcionados para receber a ferrovia. Al\u00e9m disso, as obras e os projetos da Prefeitura tem valorizado e preparado a cidade para receber o desenvolvimento acarretado pela ferrovia&#8221;, disse o vereador Kleber Barbosa (PDT).<\/p>\n<p>Al\u00e9m do deputado Vander, do prefeito Celso e do vereador Kleber, ap\u00f3iam a convoca\u00e7\u00e3o para o evento os mandatos do senador Delc\u00eddio do Amaral (PT-MS) e dos deputados estaduais Felipe Orro (PDT) e Laerte Tetila (PT).<\/p>\n<p><strong>Audi\u00eancia em Dourados<\/strong><\/p>\n<p>No dia 26 de maio, foi realizada uma audi\u00eancia p\u00fablica em Dourados que contou com a presen\u00e7a do superintendente de projetos da Valec, Bruno Roque de Oliveira. No evento, Roque afirmou que as obras de implanta\u00e7\u00e3o do tra\u00e7ado ferrovi\u00e1rio ligando Dourados aos demais centros consumidores da produ\u00e7\u00e3o regional e nacional devem ser iniciadas at\u00e9 o segundo semestre de 2012.<\/p>\n<p>Segundo o superintendente, est\u00e3o sendo finalizados os estudos do tra\u00e7ado Estrela do Oeste (PR) \u00e0 Panorama (SP) com Dourados\/Porto Murtinho (MS). J\u00e1 o tra\u00e7ado Maracaju\/Dourados\/Mundo Novo (MS) \u00e0 Cascavel (PR) j\u00e1 est\u00e1 sendo licitado.<\/p>\n<p><span style=\"font-size: 11px;\">(Assessoria de Comunica\u00e7\u00e3o\/Deputado Vander)<\/span><\/p>\n","protected":false},"excerpt":{"rendered":"<p>Para Vander, ferrovia \u00e9 realidade e daqui para frente esfor\u00e7os devem se concentrar em adequar cidades para receber trilhos.<\/p>\n","protected":false},"author":2,"featured_media":0,"comment_status":"closed","ping_status":"open","sticky":false,"template":"","format":"standard","meta":{"jetpack_post_was_ever_published":false,"_jetpack_newsletter_access":"","_jetpack_dont_email_post_to_subs":false,"_jetpack_newsletter_tier_id":0,"_jetpack_memberships_contains_paywalled_content":false,"_jetpack_memberships_contains_paid_content":false,"footnotes":""},"categories":[10],"tags":[213,377,402,590,608,672,807,821,824,1178,1216,1607,1656,1658,1823,1988,2033,2038],"class_list":{"0":"post-3361","1":"post","2":"type-post","3":"status-publish","4":"format-standard","6":"category-noticias","7":"tag-audiencia","8":"tag-cascavel","9":"tag-celso","10":"tag-delcidio","11":"tag-deputado","12":"tag-dourados","13":"tag-federal","14":"tag-ferroeste","15":"tag-ferrovia","16":"tag-loubet","17":"tag-maracaju","18":"tag-prefeito","19":"tag-ptb","20":"tag-publica","21":"tag-senador","22":"tag-trilhos","23":"tag-vander","24":"tag-vargas"},"yoast_head":"<!-- This site is optimized with the Yoast SEO plugin v27.4 - https:\/\/yoast.com\/product\/yoast-seo-wordpress\/ -->\n<title>Maracaju realiza audi\u00eancia p\u00fablica sobre a Ferroeste<\/title>\n<meta name=\"robots\" content=\"index, follow, max-snippet:-1, max-image-preview:large, max-video-preview:-1\" \/>\n<link rel=\"canonical\" href=\"https:\/\/vanderloubet.com.br\/deputado\/maracaju-realiza-audiencia-publica-sobre-a-ferroeste\/\" \/>\n<meta property=\"og:locale\" content=\"pt_BR\" \/>\n<meta property=\"og:type\" content=\"article\" \/>\n<meta property=\"og:title\" content=\"Maracaju realiza audi\u00eancia p\u00fablica sobre a Ferroeste\" \/>\n<meta property=\"og:description\" content=\"Para Vander, ferrovia \u00e9 realidade e daqui para frente esfor\u00e7os devem se concentrar em adequar cidades para receber trilhos.\" \/>\n<meta property=\"og:url\" content=\"https:\/\/vanderloubet.com.br\/deputado\/maracaju-realiza-audiencia-publica-sobre-a-ferroeste\/\" \/>\n<meta property=\"og:site_name\" content=\"Deputado Federal Vander Loubet\" \/>\n<meta property=\"article:publisher\" content=\"https:\/\/facebook.com\/deputadovander\" \/>\n<meta property=\"article:published_time\" content=\"2011-06-27T13:14:02+00:00\" \/>\n<meta property=\"og:image\" content=\"http:\/\/www.deputadovander.com.br\/website\/wp-content\/uploads\/2011\/05\/foto-2011-05-27-trem-ferroeste-sp-400x266.jpg\" \/>\n<meta name=\"author\" content=\"\u00c9der\" \/>\n<meta name=\"twitter:card\" content=\"summary_large_image\" \/>\n<meta name=\"twitter:creator\" content=\"@vanderloubet\" \/>\n<meta name=\"twitter:site\" content=\"@vanderloubet\" \/>\n<script type=\"application\/ld+json\" class=\"yoast-schema-graph\">{\"@context\":\"https:\\\/\\\/schema.org\",\"@graph\":[{\"@type\":\"Article\",\"@id\":\"https:\\\/\\\/vanderloubet.com.br\\\/deputado\\\/maracaju-realiza-audiencia-publica-sobre-a-ferroeste\\\/#article\",\"isPartOf\":{\"@id\":\"https:\\\/\\\/vanderloubet.com.br\\\/deputado\\\/maracaju-realiza-audiencia-publica-sobre-a-ferroeste\\\/\"},\"author\":{\"name\":\"\u00c9der\",\"@id\":\"https:\\\/\\\/vanderloubet.com.br\\\/deputado\\\/#\\\/schema\\\/person\\\/15b51bd564532a8a68d9dec1b8eb890e\"},\"headline\":\"Maracaju realiza audi\u00eancia p\u00fablica sobre a Ferroeste\",\"datePublished\":\"2011-06-27T13:14:02+00:00\",\"mainEntityOfPage\":{\"@id\":\"https:\\\/\\\/vanderloubet.com.br\\\/deputado\\\/maracaju-realiza-audiencia-publica-sobre-a-ferroeste\\\/\"},\"wordCount\":562,\"publisher\":{\"@id\":\"https:\\\/\\\/vanderloubet.com.br\\\/deputado\\\/#organization\"},\"image\":{\"@id\":\"https:\\\/\\\/vanderloubet.com.br\\\/deputado\\\/maracaju-realiza-audiencia-publica-sobre-a-ferroeste\\\/#primaryimage\"},\"thumbnailUrl\":\"http:\\\/\\\/www.deputadovander.com.br\\\/website\\\/wp-content\\\/uploads\\\/2011\\\/05\\\/foto-2011-05-27-trem-ferroeste-sp-400x266.jpg\",\"keywords\":[\"audi\u00eancia\",\"cascavel\",\"celso\",\"delc\u00eddio\",\"deputado\",\"dourados\",\"federal\",\"ferroeste\",\"ferrovia\",\"loubet\",\"maracaju\",\"prefeito\",\"ptb\",\"p\u00fablica\",\"senador\",\"trilhos\",\"vander\",\"vargas\"],\"articleSection\":[\"Not\u00edcias\"],\"inLanguage\":\"pt-BR\"},{\"@type\":\"WebPage\",\"@id\":\"https:\\\/\\\/vanderloubet.com.br\\\/deputado\\\/maracaju-realiza-audiencia-publica-sobre-a-ferroeste\\\/\",\"url\":\"https:\\\/\\\/vanderloubet.com.br\\\/deputado\\\/maracaju-realiza-audiencia-publica-sobre-a-ferroeste\\\/\",\"name\":\"Maracaju realiza audi\u00eancia p\u00fablica sobre a Ferroeste\",\"isPartOf\":{\"@id\":\"https:\\\/\\\/vanderloubet.com.br\\\/deputado\\\/#website\"},\"primaryImageOfPage\":{\"@id\":\"https:\\\/\\\/vanderloubet.com.br\\\/deputado\\\/maracaju-realiza-audiencia-publica-sobre-a-ferroeste\\\/#primaryimage\"},\"image\":{\"@id\":\"https:\\\/\\\/vanderloubet.com.br\\\/deputado\\\/maracaju-realiza-audiencia-publica-sobre-a-ferroeste\\\/#primaryimage\"},\"thumbnailUrl\":\"http:\\\/\\\/www.deputadovander.com.br\\\/website\\\/wp-content\\\/uploads\\\/2011\\\/05\\\/foto-2011-05-27-trem-ferroeste-sp-400x266.jpg\",\"datePublished\":\"2011-06-27T13:14:02+00:00\",\"breadcrumb\":{\"@id\":\"https:\\\/\\\/vanderloubet.com.br\\\/deputado\\\/maracaju-realiza-audiencia-publica-sobre-a-ferroeste\\\/#breadcrumb\"},\"inLanguage\":\"pt-BR\",\"potentialAction\":[{\"@type\":\"ReadAction\",\"target\":[\"https:\\\/\\\/vanderloubet.com.br\\\/deputado\\\/maracaju-realiza-audiencia-publica-sobre-a-ferroeste\\\/\"]}]},{\"@type\":\"ImageObject\",\"inLanguage\":\"pt-BR\",\"@id\":\"https:\\\/\\\/vanderloubet.com.br\\\/deputado\\\/maracaju-realiza-audiencia-publica-sobre-a-ferroeste\\\/#primaryimage\",\"url\":\"http:\\\/\\\/www.deputadovander.com.br\\\/website\\\/wp-content\\\/uploads\\\/2011\\\/05\\\/foto-2011-05-27-trem-ferroeste-sp-400x266.jpg\",\"contentUrl\":\"http:\\\/\\\/www.deputadovander.com.br\\\/website\\\/wp-content\\\/uploads\\\/2011\\\/05\\\/foto-2011-05-27-trem-ferroeste-sp-400x266.jpg\"},{\"@type\":\"BreadcrumbList\",\"@id\":\"https:\\\/\\\/vanderloubet.com.br\\\/deputado\\\/maracaju-realiza-audiencia-publica-sobre-a-ferroeste\\\/#breadcrumb\",\"itemListElement\":[{\"@type\":\"ListItem\",\"position\":1,\"name\":\"In\u00edcio\",\"item\":\"https:\\\/\\\/vanderloubet.com.br\\\/deputado\\\/\"},{\"@type\":\"ListItem\",\"position\":2,\"name\":\"Maracaju realiza audi\u00eancia p\u00fablica sobre a Ferroeste\"}]},{\"@type\":\"WebSite\",\"@id\":\"https:\\\/\\\/vanderloubet.com.br\\\/deputado\\\/#website\",\"url\":\"https:\\\/\\\/vanderloubet.com.br\\\/deputado\\\/\",\"name\":\"Deputado Federal Vander Loubet\",\"description\":\"O Federal de MS\",\"publisher\":{\"@id\":\"https:\\\/\\\/vanderloubet.com.br\\\/deputado\\\/#organization\"},\"alternateName\":\"Deputado Vander\",\"potentialAction\":[{\"@type\":\"SearchAction\",\"target\":{\"@type\":\"EntryPoint\",\"urlTemplate\":\"https:\\\/\\\/vanderloubet.com.br\\\/deputado\\\/?s={search_term_string}\"},\"query-input\":{\"@type\":\"PropertyValueSpecification\",\"valueRequired\":true,\"valueName\":\"search_term_string\"}}],\"inLanguage\":\"pt-BR\"},{\"@type\":\"Organization\",\"@id\":\"https:\\\/\\\/vanderloubet.com.br\\\/deputado\\\/#organization\",\"name\":\"Deputado Federal Vander Loubet\",\"alternateName\":\"Deputado Vander\",\"url\":\"https:\\\/\\\/vanderloubet.com.br\\\/deputado\\\/\",\"logo\":{\"@type\":\"ImageObject\",\"inLanguage\":\"pt-BR\",\"@id\":\"https:\\\/\\\/vanderloubet.com.br\\\/deputado\\\/#\\\/schema\\\/logo\\\/image\\\/\",\"url\":\"https:\\\/\\\/vanderloubet.com.br\\\/deputado\\\/wp-content\\\/uploads\\\/2023\\\/06\\\/foto-2023-06-19-mandato-deputado-vander.jpg\",\"contentUrl\":\"https:\\\/\\\/vanderloubet.com.br\\\/deputado\\\/wp-content\\\/uploads\\\/2023\\\/06\\\/foto-2023-06-19-mandato-deputado-vander.jpg\",\"width\":1080,\"height\":1080,\"caption\":\"Deputado Federal Vander Loubet\"},\"image\":{\"@id\":\"https:\\\/\\\/vanderloubet.com.br\\\/deputado\\\/#\\\/schema\\\/logo\\\/image\\\/\"},\"sameAs\":[\"https:\\\/\\\/facebook.com\\\/deputadovander\",\"https:\\\/\\\/x.com\\\/vanderloubet\",\"https:\\\/\\\/instagram.com\\\/vanderloubet\",\"https:\\\/\\\/youtube.com\\\/vanderloubet\",\"https:\\\/\\\/tiktok.com\\\/@vanderloubetms\"]},{\"@type\":\"Person\",\"@id\":\"https:\\\/\\\/vanderloubet.com.br\\\/deputado\\\/#\\\/schema\\\/person\\\/15b51bd564532a8a68d9dec1b8eb890e\",\"name\":\"\u00c9der\",\"image\":{\"@type\":\"ImageObject\",\"inLanguage\":\"pt-BR\",\"@id\":\"https:\\\/\\\/vanderloubet.com.br\\\/deputado\\\/wp-content\\\/litespeed\\\/avatar\\\/88ca4090d9d5ab1c9495f6ca03b68efa.jpg?ver=1777058957\",\"url\":\"https:\\\/\\\/vanderloubet.com.br\\\/deputado\\\/wp-content\\\/litespeed\\\/avatar\\\/88ca4090d9d5ab1c9495f6ca03b68efa.jpg?ver=1777058957\",\"contentUrl\":\"https:\\\/\\\/vanderloubet.com.br\\\/deputado\\\/wp-content\\\/litespeed\\\/avatar\\\/88ca4090d9d5ab1c9495f6ca03b68efa.jpg?ver=1777058957\",\"caption\":\"\u00c9der\"}}]}<\/script>\n<!-- \/ Yoast SEO plugin. -->","yoast_head_json":{"title":"Maracaju realiza audi\u00eancia p\u00fablica sobre a Ferroeste","robots":{"index":"index","follow":"follow","max-snippet":"max-snippet:-1","max-image-preview":"max-image-preview:large","max-video-preview":"max-video-preview:-1"},"canonical":"https:\/\/vanderloubet.com.br\/deputado\/maracaju-realiza-audiencia-publica-sobre-a-ferroeste\/","og_locale":"pt_BR","og_type":"article","og_title":"Maracaju realiza audi\u00eancia p\u00fablica sobre a Ferroeste","og_description":"Para Vander, ferrovia \u00e9 realidade e daqui para frente esfor\u00e7os devem se concentrar em adequar cidades para receber trilhos.","og_url":"https:\/\/vanderloubet.com.br\/deputado\/maracaju-realiza-audiencia-publica-sobre-a-ferroeste\/","og_site_name":"Deputado Federal Vander Loubet","article_publisher":"https:\/\/facebook.com\/deputadovander","article_published_time":"2011-06-27T13:14:02+00:00","og_image":[{"url":"http:\/\/www.deputadovander.com.br\/website\/wp-content\/uploads\/2011\/05\/foto-2011-05-27-trem-ferroeste-sp-400x266.jpg","type":"","width":"","height":""}],"author":"\u00c9der","twitter_card":"summary_large_image","twitter_creator":"@vanderloubet","twitter_site":"@vanderloubet","schema":{"@context":"https:\/\/schema.org","@graph":[{"@type":"Article","@id":"https:\/\/vanderloubet.com.br\/deputado\/maracaju-realiza-audiencia-publica-sobre-a-ferroeste\/#article","isPartOf":{"@id":"https:\/\/vanderloubet.com.br\/deputado\/maracaju-realiza-audiencia-publica-sobre-a-ferroeste\/"},"author":{"name":"\u00c9der","@id":"https:\/\/vanderloubet.com.br\/deputado\/#\/schema\/person\/15b51bd564532a8a68d9dec1b8eb890e"},"headline":"Maracaju realiza audi\u00eancia p\u00fablica sobre a Ferroeste","datePublished":"2011-06-27T13:14:02+00:00","mainEntityOfPage":{"@id":"https:\/\/vanderloubet.com.br\/deputado\/maracaju-realiza-audiencia-publica-sobre-a-ferroeste\/"},"wordCount":562,"publisher":{"@id":"https:\/\/vanderloubet.com.br\/deputado\/#organization"},"image":{"@id":"https:\/\/vanderloubet.com.br\/deputado\/maracaju-realiza-audiencia-publica-sobre-a-ferroeste\/#primaryimage"},"thumbnailUrl":"http:\/\/www.deputadovander.com.br\/website\/wp-content\/uploads\/2011\/05\/foto-2011-05-27-trem-ferroeste-sp-400x266.jpg","keywords":["audi\u00eancia","cascavel","celso","delc\u00eddio","deputado","dourados","federal","ferroeste","ferrovia","loubet","maracaju","prefeito","ptb","p\u00fablica","senador","trilhos","vander","vargas"],"articleSection":["Not\u00edcias"],"inLanguage":"pt-BR"},{"@type":"WebPage","@id":"https:\/\/vanderloubet.com.br\/deputado\/maracaju-realiza-audiencia-publica-sobre-a-ferroeste\/","url":"https:\/\/vanderloubet.com.br\/deputado\/maracaju-realiza-audiencia-publica-sobre-a-ferroeste\/","name":"Maracaju realiza audi\u00eancia p\u00fablica sobre a Ferroeste","isPartOf":{"@id":"https:\/\/vanderloubet.com.br\/deputado\/#website"},"primaryImageOfPage":{"@id":"https:\/\/vanderloubet.com.br\/deputado\/maracaju-realiza-audiencia-publica-sobre-a-ferroeste\/#primaryimage"},"image":{"@id":"https:\/\/vanderloubet.com.br\/deputado\/maracaju-realiza-audiencia-publica-sobre-a-ferroeste\/#primaryimage"},"thumbnailUrl":"http:\/\/www.deputadovander.com.br\/website\/wp-content\/uploads\/2011\/05\/foto-2011-05-27-trem-ferroeste-sp-400x266.jpg","datePublished":"2011-06-27T13:14:02+00:00","breadcrumb":{"@id":"https:\/\/vanderloubet.com.br\/deputado\/maracaju-realiza-audiencia-publica-sobre-a-ferroeste\/#breadcrumb"},"inLanguage":"pt-BR","potentialAction":[{"@type":"ReadAction","target":["https:\/\/vanderloubet.com.br\/deputado\/maracaju-realiza-audiencia-publica-sobre-a-ferroeste\/"]}]},{"@type":"ImageObject","inLanguage":"pt-BR","@id":"https:\/\/vanderloubet.com.br\/deputado\/maracaju-realiza-audiencia-publica-sobre-a-ferroeste\/#primaryimage","url":"http:\/\/www.deputadovander.com.br\/website\/wp-content\/uploads\/2011\/05\/foto-2011-05-27-trem-ferroeste-sp-400x266.jpg","contentUrl":"http:\/\/www.deputadovander.com.br\/website\/wp-content\/uploads\/2011\/05\/foto-2011-05-27-trem-ferroeste-sp-400x266.jpg"},{"@type":"BreadcrumbList","@id":"https:\/\/vanderloubet.com.br\/deputado\/maracaju-realiza-audiencia-publica-sobre-a-ferroeste\/#breadcrumb","itemListElement":[{"@type":"ListItem","position":1,"name":"In\u00edcio","item":"https:\/\/vanderloubet.com.br\/deputado\/"},{"@type":"ListItem","position":2,"name":"Maracaju realiza audi\u00eancia p\u00fablica sobre a Ferroeste"}]},{"@type":"WebSite","@id":"https:\/\/vanderloubet.com.br\/deputado\/#website","url":"https:\/\/vanderloubet.com.br\/deputado\/","name":"Deputado Federal Vander Loubet","description":"O Federal de MS","publisher":{"@id":"https:\/\/vanderloubet.com.br\/deputado\/#organization"},"alternateName":"Deputado Vander","potentialAction":[{"@type":"SearchAction","target":{"@type":"EntryPoint","urlTemplate":"https:\/\/vanderloubet.com.br\/deputado\/?s={search_term_string}"},"query-input":{"@type":"PropertyValueSpecification","valueRequired":true,"valueName":"search_term_string"}}],"inLanguage":"pt-BR"},{"@type":"Organization","@id":"https:\/\/vanderloubet.com.br\/deputado\/#organization","name":"Deputado Federal Vander Loubet","alternateName":"Deputado Vander","url":"https:\/\/vanderloubet.com.br\/deputado\/","logo":{"@type":"ImageObject","inLanguage":"pt-BR","@id":"https:\/\/vanderloubet.com.br\/deputado\/#\/schema\/logo\/image\/","url":"https:\/\/vanderloubet.com.br\/deputado\/wp-content\/uploads\/2023\/06\/foto-2023-06-19-mandato-deputado-vander.jpg","contentUrl":"https:\/\/vanderloubet.com.br\/deputado\/wp-content\/uploads\/2023\/06\/foto-2023-06-19-mandato-deputado-vander.jpg","width":1080,"height":1080,"caption":"Deputado Federal Vander Loubet"},"image":{"@id":"https:\/\/vanderloubet.com.br\/deputado\/#\/schema\/logo\/image\/"},"sameAs":["https:\/\/facebook.com\/deputadovander","https:\/\/x.com\/vanderloubet","https:\/\/instagram.com\/vanderloubet","https:\/\/youtube.com\/vanderloubet","https:\/\/tiktok.com\/@vanderloubetms"]},{"@type":"Person","@id":"https:\/\/vanderloubet.com.br\/deputado\/#\/schema\/person\/15b51bd564532a8a68d9dec1b8eb890e","name":"\u00c9der","image":{"@type":"ImageObject","inLanguage":"pt-BR","@id":"https:\/\/vanderloubet.com.br\/deputado\/wp-content\/litespeed\/avatar\/88ca4090d9d5ab1c9495f6ca03b68efa.jpg?ver=1777058957","url":"https:\/\/vanderloubet.com.br\/deputado\/wp-content\/litespeed\/avatar\/88ca4090d9d5ab1c9495f6ca03b68efa.jpg?ver=1777058957","contentUrl":"https:\/\/vanderloubet.com.br\/deputado\/wp-content\/litespeed\/avatar\/88ca4090d9d5ab1c9495f6ca03b68efa.jpg?ver=1777058957","caption":"\u00c9der"}}]}},"jetpack_featured_media_url":"","jetpack_sharing_enabled":true,"_links":{"self":[{"href":"https:\/\/vanderloubet.com.br\/deputado\/wp-json\/wp\/v2\/posts\/3361","targetHints":{"allow":["GET"]}}],"collection":[{"href":"https:\/\/vanderloubet.com.br\/deputado\/wp-json\/wp\/v2\/posts"}],"about":[{"href":"https:\/\/vanderloubet.com.br\/deputado\/wp-json\/wp\/v2\/types\/post"}],"author":[{"embeddable":true,"href":"https:\/\/vanderloubet.com.br\/deputado\/wp-json\/wp\/v2\/users\/2"}],"replies":[{"embeddable":true,"href":"https:\/\/vanderloubet.com.br\/deputado\/wp-json\/wp\/v2\/comments?post=3361"}],"version-history":[{"count":0,"href":"https:\/\/vanderloubet.com.br\/deputado\/wp-json\/wp\/v2\/posts\/3361\/revisions"}],"wp:attachment":[{"href":"https:\/\/vanderloubet.com.br\/deputado\/wp-json\/wp\/v2\/media?parent=3361"}],"wp:term":[{"taxonomy":"category","embeddable":true,"href":"https:\/\/vanderloubet.com.br\/deputado\/wp-json\/wp\/v2\/categories?post=3361"},{"taxonomy":"post_tag","embeddable":true,"href":"https:\/\/vanderloubet.com.br\/deputado\/wp-json\/wp\/v2\/tags?post=3361"}],"curies":[{"name":"wp","href":"https:\/\/api.w.org\/{rel}","templated":true}]}}