{"id":3340,"date":"2011-06-20T12:04:28","date_gmt":"2011-06-20T16:04:28","guid":{"rendered":"http:\/\/www.deputadovander.com.br\/website\/?p=3340"},"modified":"2011-06-20T12:04:28","modified_gmt":"2011-06-20T16:04:28","slug":"vander-responsabiliza-gestao-centralista-por-caos-na-saude","status":"publish","type":"post","link":"https:\/\/vanderloubet.com.br\/deputado\/vander-responsabiliza-gestao-centralista-por-caos-na-saude\/","title":{"rendered":"Vander responsabiliza gest\u00e3o centralista por caos na sa\u00fade"},"content":{"rendered":"<p style=\"text-align: center;\"><figure id=\"attachment_3341\" aria-describedby=\"caption-attachment-3341\" style=\"width: 400px\" class=\"wp-caption aligncenter\"><a href=\"http:\/\/www.deputadovander.com.br\/website\/wp-content\/uploads\/2011\/06\/foto-2011-06-20-deputado-vander-entrevista.jpg\" target=\"_blank\"><img fetchpriority=\"high\" decoding=\"async\" class=\"size-medium wp-image-3341 \" title=\"foto-2011-06-20-deputado-vander-entrevista\" src=\"http:\/\/www.deputadovander.com.br\/website\/wp-content\/uploads\/2011\/06\/foto-2011-06-20-deputado-vander-entrevista-400x266.jpg\" alt=\"Deputado Vander em entrevista ao Tribuna Livre\" width=\"400\" height=\"266\" \/><\/a><figcaption id=\"caption-attachment-3341\" class=\"wp-caption-text\">Deputado Vander em entrevista ao Tribuna Livre<\/figcaption><\/figure><\/p>\n<p>Para o deputado federal Vander Loubet (PT-MS), o excesso de centralismo e a aus\u00eancia de participa\u00e7\u00e3o democr\u00e1tica na gest\u00e3o de Campo Grande s\u00e3o as causas dos principais problemas que afetam a popula\u00e7\u00e3o, como o caos no sistema p\u00fablico de sa\u00fade e a sobrecarga de impostos. &#8220;Este modelo j\u00e1 saturou, est\u00e1 vencido&#8221;, sentenciou Vander ao ser entrevistado na manh\u00e3 desta segunda-feira (20) pelos jornalistas Marquinho Faria e S\u00e9rgio Cruz, no programa Tribuna Livre da R\u00e1dio FM Capital.<\/p>\n<p>Ao reiterar o prop\u00f3sito de candidatar-se a prefeito em 2012, o deputado chamou a aten\u00e7\u00e3o para o desagrado latente da popula\u00e7\u00e3o com a falta de respostas eficientes do poder p\u00fablico a problemas que, a seu ver, deveriam estar resolvidos. &#8220;At\u00e9 as pesquisas mostram que a sa\u00fade p\u00fablica piorou, embora h\u00e1 quase 16 anos a cidade esteja sendo governada por m\u00e9dicos [Andr\u00e9 Puccinelli, de 1997 a 2004, e Nelsinho Trad, de 2005 a 2008 e reeleito para continuar at\u00e9 2012]. E a Santa Casa? Vai continuar esse modelo que est\u00e1 a\u00ed? \u00c9 problema de gest\u00e3o&#8221;, afirmou.<\/p>\n<p>Segundo o parlamentar, faz-se necess\u00e1rio buscar um modelo renovado de administra\u00e7\u00e3o, democr\u00e1tico e participativo, para discutir medidas como a implanta\u00e7\u00e3o de subprefeituras e outras provid\u00eancias adequadas ao crescimento e \u00e0s demandas de um munic\u00edpio do porte de Campo Grande. Outro problema cr\u00f4nico que precisa ser enfrentado com uma vis\u00e3o diferenciada \u00e9 o do excesso de impostos e o alto custo dos servi\u00e7os p\u00fablicos na capital sul-mato-grossense.<\/p>\n<p>Vander criticou a pol\u00edtica tribut\u00e1ria em vigor, citando os exageros do IPTU em Campo Grande, da tarifa de energia el\u00e9trica no estado e a concentra\u00e7\u00e3o de tributos nas m\u00e3os do governo federal. Ressaltou a repercuss\u00e3o popular da campanha &#8220;Menos Impostos, Mais Cidadania&#8221;, que est\u00e1 desenvolvendo em parceria com o vereador Alex (PT). Por\u00e9m, ressalvou que esse debate ser\u00e1 assentado durante o processo de defini\u00e7\u00e3o das candidaturas e do programa de governo do PT para 2012.<\/p>\n<p><strong>Uni\u00e3o<\/strong><\/p>\n<p>Vander disse estar bem consciente sobre seu papel pol\u00edtico e partid\u00e1rio na sucess\u00e3o campo-grandense. \u00c9 pr\u00e9-candidato, mas n\u00e3o abre m\u00e3o do apoio do ex-governador Zeca do PT e do senador Delc\u00eddio do Amaral, al\u00e9m da alian\u00e7a com o PDT. &#8220;Se o Zeca for candidato a prefeito, tudo bem, ele \u00e9 o melhor nome do PT hoje para essa disputa. Ter\u00e1 meu apoio e o apoio do Delc\u00eddio tamb\u00e9m&#8221;, frisou, ao proclamar que as duas lideran\u00e7as petistas j\u00e1 apararam as arestas. &#8220;Os projetos de ambos n\u00e3o se chocam mais. Delc\u00eddio \u00e9 nosso candidato para 2014, sem problemas, mas essa disputa passa por 2012&#8221;, avaliou.<\/p>\n<p>Na opini\u00e3o do petista, o PDT do ex-deputado Dagoberto Nogueira \u00e9 pe\u00e7a decisiva na sucess\u00e3o local. Ele diz que a alian\u00e7a PT-PDT vai depender de onde Dagoberto estiver no pr\u00f3ximo ano, lembrando que o aliado est\u00e1 na cotado para ser nomeado pelo governo da presidenta Dilma para comandar a Eletrosul. &#8220;Se o Dagoberto for nomeado para a Eletrosul, \u00e9 uma situa\u00e7\u00e3o. Se n\u00e3o for, \u00e9 outra. Se ele estiver bem na pesquisa, ajuda tamb\u00e9m. Mas eu, pessoalmente, prefiro o PDT ao nosso lado&#8221;.<\/p>\n<p><span style=\"font-size: 11px;\">(Edson Moraes\/Assessoria de Comunica\u00e7\u00e3o)<\/span><\/p>\n","protected":false},"excerpt":{"rendered":"<p>Para o deputado \u00e9 necess\u00e1rio buscar um modelo renovado de administra\u00e7\u00e3o, democr\u00e1tico e participativo.<\/p>\n","protected":false},"author":2,"featured_media":0,"comment_status":"closed","ping_status":"open","sticky":false,"template":"","format":"standard","meta":{"_jetpack_newsletter_access":"","_jetpack_dont_email_post_to_subs":false,"_jetpack_newsletter_tier_id":0,"_jetpack_memberships_contains_paywalled_content":false,"_jetpack_feature_clip_id":0,"_jetpack_memberships_contains_paid_content":false,"footnotes":"","jetpack_post_was_ever_published":false},"categories":[10],"tags":[115,131,341,354,557,590,608,807,842,854,936,1164,1178,1375,1564,1609,1655,1662,1830,1965,1980,2033,2089],"class_list":["post-3340","post","type-post","status-publish","format-standard","hentry","category-noticias","tag-amaral","tag-andre","tag-campo","tag-capital","tag-cruz","tag-delcidio","tag-deputado","tag-federal","tag-filho","tag-fm","tag-grande","tag-livre","tag-loubet","tag-nelson","tag-pmdb","tag-prefeitura","tag-pt","tag-puccinelli","tag-sergio","tag-trad","tag-tribuna","tag-vander","tag-zeca"],"yoast_head":"<!-- This site is optimized with the Yoast SEO plugin v28.0 - https:\/\/yoast.com\/product\/yoast-seo-wordpress\/ -->\n<title>Vander responsabiliza gest\u00e3o centralista por caos na sa\u00fade<\/title>\n<meta name=\"robots\" content=\"index, follow, max-snippet:-1, max-image-preview:large, max-video-preview:-1\" \/>\n<link rel=\"canonical\" href=\"https:\/\/vanderloubet.com.br\/deputado\/vander-responsabiliza-gestao-centralista-por-caos-na-saude\/\" \/>\n<meta property=\"og:locale\" content=\"pt_BR\" \/>\n<meta property=\"og:type\" content=\"article\" \/>\n<meta property=\"og:title\" content=\"Vander responsabiliza gest\u00e3o centralista por caos na sa\u00fade\" \/>\n<meta property=\"og:description\" content=\"Para o deputado \u00e9 necess\u00e1rio buscar um modelo renovado de administra\u00e7\u00e3o, democr\u00e1tico e participativo.\" \/>\n<meta property=\"og:url\" content=\"https:\/\/vanderloubet.com.br\/deputado\/vander-responsabiliza-gestao-centralista-por-caos-na-saude\/\" \/>\n<meta property=\"og:site_name\" content=\"Vander 133\" \/>\n<meta property=\"article:publisher\" content=\"https:\/\/facebook.com\/deputadovander\" \/>\n<meta property=\"article:published_time\" content=\"2011-06-20T16:04:28+00:00\" \/>\n<meta property=\"og:image\" content=\"http:\/\/www.deputadovander.com.br\/website\/wp-content\/uploads\/2011\/06\/foto-2011-06-20-deputado-vander-entrevista-400x266.jpg\" \/>\n<meta name=\"author\" content=\"\u00c9der\" \/>\n<meta name=\"twitter:card\" content=\"summary_large_image\" \/>\n<meta name=\"twitter:creator\" content=\"@vanderloubet\" \/>\n<meta name=\"twitter:site\" content=\"@vanderloubet\" \/>\n<script type=\"application\/ld+json\" class=\"yoast-schema-graph\">{\"@context\":\"https:\\\/\\\/schema.org\",\"@graph\":[{\"@type\":\"Article\",\"@id\":\"https:\\\/\\\/vanderloubet.com.br\\\/deputado\\\/vander-responsabiliza-gestao-centralista-por-caos-na-saude\\\/#article\",\"isPartOf\":{\"@id\":\"https:\\\/\\\/vanderloubet.com.br\\\/deputado\\\/vander-responsabiliza-gestao-centralista-por-caos-na-saude\\\/\"},\"author\":{\"name\":\"\u00c9der\",\"@id\":\"https:\\\/\\\/vanderloubet.com.br\\\/deputado\\\/#\\\/schema\\\/person\\\/15b51bd564532a8a68d9dec1b8eb890e\"},\"headline\":\"Vander responsabiliza gest\u00e3o centralista por caos na sa\u00fade\",\"datePublished\":\"2011-06-20T16:04:28+00:00\",\"mainEntityOfPage\":{\"@id\":\"https:\\\/\\\/vanderloubet.com.br\\\/deputado\\\/vander-responsabiliza-gestao-centralista-por-caos-na-saude\\\/\"},\"wordCount\":570,\"publisher\":{\"@id\":\"https:\\\/\\\/vanderloubet.com.br\\\/deputado\\\/#organization\"},\"image\":{\"@id\":\"https:\\\/\\\/vanderloubet.com.br\\\/deputado\\\/vander-responsabiliza-gestao-centralista-por-caos-na-saude\\\/#primaryimage\"},\"thumbnailUrl\":\"http:\\\/\\\/www.deputadovander.com.br\\\/website\\\/wp-content\\\/uploads\\\/2011\\\/06\\\/foto-2011-06-20-deputado-vander-entrevista-400x266.jpg\",\"keywords\":[\"amaral\",\"andr\u00e9\",\"campo\",\"capital\",\"cruz\",\"delc\u00eddio\",\"deputado\",\"federal\",\"filho\",\"fm\",\"grande\",\"livre\",\"loubet\",\"nelson\",\"pmdb\",\"prefeitura\",\"PT\",\"puccinelli\",\"s\u00e9rgio\",\"trad\",\"tribuna\",\"vander\",\"zeca\"],\"articleSection\":[\"Not\u00edcias\"],\"inLanguage\":\"pt-BR\"},{\"@type\":\"WebPage\",\"@id\":\"https:\\\/\\\/vanderloubet.com.br\\\/deputado\\\/vander-responsabiliza-gestao-centralista-por-caos-na-saude\\\/\",\"url\":\"https:\\\/\\\/vanderloubet.com.br\\\/deputado\\\/vander-responsabiliza-gestao-centralista-por-caos-na-saude\\\/\",\"name\":\"Vander responsabiliza gest\u00e3o centralista por caos na sa\u00fade\",\"isPartOf\":{\"@id\":\"https:\\\/\\\/vanderloubet.com.br\\\/deputado\\\/#website\"},\"primaryImageOfPage\":{\"@id\":\"https:\\\/\\\/vanderloubet.com.br\\\/deputado\\\/vander-responsabiliza-gestao-centralista-por-caos-na-saude\\\/#primaryimage\"},\"image\":{\"@id\":\"https:\\\/\\\/vanderloubet.com.br\\\/deputado\\\/vander-responsabiliza-gestao-centralista-por-caos-na-saude\\\/#primaryimage\"},\"thumbnailUrl\":\"http:\\\/\\\/www.deputadovander.com.br\\\/website\\\/wp-content\\\/uploads\\\/2011\\\/06\\\/foto-2011-06-20-deputado-vander-entrevista-400x266.jpg\",\"datePublished\":\"2011-06-20T16:04:28+00:00\",\"breadcrumb\":{\"@id\":\"https:\\\/\\\/vanderloubet.com.br\\\/deputado\\\/vander-responsabiliza-gestao-centralista-por-caos-na-saude\\\/#breadcrumb\"},\"inLanguage\":\"pt-BR\",\"potentialAction\":[{\"@type\":\"ReadAction\",\"target\":[\"https:\\\/\\\/vanderloubet.com.br\\\/deputado\\\/vander-responsabiliza-gestao-centralista-por-caos-na-saude\\\/\"]}]},{\"@type\":\"ImageObject\",\"inLanguage\":\"pt-BR\",\"@id\":\"https:\\\/\\\/vanderloubet.com.br\\\/deputado\\\/vander-responsabiliza-gestao-centralista-por-caos-na-saude\\\/#primaryimage\",\"url\":\"http:\\\/\\\/www.deputadovander.com.br\\\/website\\\/wp-content\\\/uploads\\\/2011\\\/06\\\/foto-2011-06-20-deputado-vander-entrevista-400x266.jpg\",\"contentUrl\":\"http:\\\/\\\/www.deputadovander.com.br\\\/website\\\/wp-content\\\/uploads\\\/2011\\\/06\\\/foto-2011-06-20-deputado-vander-entrevista-400x266.jpg\"},{\"@type\":\"BreadcrumbList\",\"@id\":\"https:\\\/\\\/vanderloubet.com.br\\\/deputado\\\/vander-responsabiliza-gestao-centralista-por-caos-na-saude\\\/#breadcrumb\",\"itemListElement\":[{\"@type\":\"ListItem\",\"position\":1,\"name\":\"In\u00edcio\",\"item\":\"https:\\\/\\\/vanderloubet.com.br\\\/deputado\\\/\"},{\"@type\":\"ListItem\",\"position\":2,\"name\":\"Vander responsabiliza gest\u00e3o centralista por caos na sa\u00fade\"}]},{\"@type\":\"WebSite\",\"@id\":\"https:\\\/\\\/vanderloubet.com.br\\\/deputado\\\/#website\",\"url\":\"https:\\\/\\\/vanderloubet.com.br\\\/deputado\\\/\",\"name\":\"Vander 133\",\"description\":\"O Senador da gente\",\"publisher\":{\"@id\":\"https:\\\/\\\/vanderloubet.com.br\\\/deputado\\\/#organization\"},\"alternateName\":\"Deputado Vander\",\"potentialAction\":[{\"@type\":\"SearchAction\",\"target\":{\"@type\":\"EntryPoint\",\"urlTemplate\":\"https:\\\/\\\/vanderloubet.com.br\\\/deputado\\\/?s={search_term_string}\"},\"query-input\":{\"@type\":\"PropertyValueSpecification\",\"valueRequired\":true,\"valueName\":\"search_term_string\"}}],\"inLanguage\":\"pt-BR\"},{\"@type\":\"Organization\",\"@id\":\"https:\\\/\\\/vanderloubet.com.br\\\/deputado\\\/#organization\",\"name\":\"Deputado Federal Vander Loubet\",\"alternateName\":\"Deputado Vander\",\"url\":\"https:\\\/\\\/vanderloubet.com.br\\\/deputado\\\/\",\"logo\":{\"@type\":\"ImageObject\",\"inLanguage\":\"pt-BR\",\"@id\":\"https:\\\/\\\/vanderloubet.com.br\\\/deputado\\\/#\\\/schema\\\/logo\\\/image\\\/\",\"url\":\"https:\\\/\\\/vanderloubet.com.br\\\/deputado\\\/wp-content\\\/uploads\\\/2023\\\/06\\\/foto-2023-06-19-mandato-deputado-vander.jpg\",\"contentUrl\":\"https:\\\/\\\/vanderloubet.com.br\\\/deputado\\\/wp-content\\\/uploads\\\/2023\\\/06\\\/foto-2023-06-19-mandato-deputado-vander.jpg\",\"width\":1080,\"height\":1080,\"caption\":\"Deputado Federal Vander Loubet\"},\"image\":{\"@id\":\"https:\\\/\\\/vanderloubet.com.br\\\/deputado\\\/#\\\/schema\\\/logo\\\/image\\\/\"},\"sameAs\":[\"https:\\\/\\\/facebook.com\\\/deputadovander\",\"https:\\\/\\\/x.com\\\/vanderloubet\",\"https:\\\/\\\/instagram.com\\\/vanderloubet\",\"https:\\\/\\\/youtube.com\\\/vanderloubet\",\"https:\\\/\\\/tiktok.com\\\/@vanderloubetms\"]},{\"@type\":\"Person\",\"@id\":\"https:\\\/\\\/vanderloubet.com.br\\\/deputado\\\/#\\\/schema\\\/person\\\/15b51bd564532a8a68d9dec1b8eb890e\",\"name\":\"\u00c9der\",\"image\":{\"@type\":\"ImageObject\",\"inLanguage\":\"pt-BR\",\"@id\":\"https:\\\/\\\/secure.gravatar.com\\\/avatar\\\/f87e644facd4d2ef1044b556ced7905f2bfec824839a005707719af7787fea61?s=96&d=mm&r=g\",\"url\":\"https:\\\/\\\/secure.gravatar.com\\\/avatar\\\/f87e644facd4d2ef1044b556ced7905f2bfec824839a005707719af7787fea61?s=96&d=mm&r=g\",\"contentUrl\":\"https:\\\/\\\/secure.gravatar.com\\\/avatar\\\/f87e644facd4d2ef1044b556ced7905f2bfec824839a005707719af7787fea61?s=96&d=mm&r=g\",\"caption\":\"\u00c9der\"}}]}<\/script>\n<!-- \/ Yoast SEO plugin. -->","yoast_head_json":{"title":"Vander responsabiliza gest\u00e3o centralista por caos na sa\u00fade","robots":{"index":"index","follow":"follow","max-snippet":"max-snippet:-1","max-image-preview":"max-image-preview:large","max-video-preview":"max-video-preview:-1"},"canonical":"https:\/\/vanderloubet.com.br\/deputado\/vander-responsabiliza-gestao-centralista-por-caos-na-saude\/","og_locale":"pt_BR","og_type":"article","og_title":"Vander responsabiliza gest\u00e3o centralista por caos na sa\u00fade","og_description":"Para o deputado \u00e9 necess\u00e1rio buscar um modelo renovado de administra\u00e7\u00e3o, democr\u00e1tico e participativo.","og_url":"https:\/\/vanderloubet.com.br\/deputado\/vander-responsabiliza-gestao-centralista-por-caos-na-saude\/","og_site_name":"Vander 133","article_publisher":"https:\/\/facebook.com\/deputadovander","article_published_time":"2011-06-20T16:04:28+00:00","og_image":[{"url":"http:\/\/www.deputadovander.com.br\/website\/wp-content\/uploads\/2011\/06\/foto-2011-06-20-deputado-vander-entrevista-400x266.jpg","type":"","width":"","height":""}],"author":"\u00c9der","twitter_card":"summary_large_image","twitter_creator":"@vanderloubet","twitter_site":"@vanderloubet","schema":{"@context":"https:\/\/schema.org","@graph":[{"@type":"Article","@id":"https:\/\/vanderloubet.com.br\/deputado\/vander-responsabiliza-gestao-centralista-por-caos-na-saude\/#article","isPartOf":{"@id":"https:\/\/vanderloubet.com.br\/deputado\/vander-responsabiliza-gestao-centralista-por-caos-na-saude\/"},"author":{"name":"\u00c9der","@id":"https:\/\/vanderloubet.com.br\/deputado\/#\/schema\/person\/15b51bd564532a8a68d9dec1b8eb890e"},"headline":"Vander responsabiliza gest\u00e3o centralista por caos na sa\u00fade","datePublished":"2011-06-20T16:04:28+00:00","mainEntityOfPage":{"@id":"https:\/\/vanderloubet.com.br\/deputado\/vander-responsabiliza-gestao-centralista-por-caos-na-saude\/"},"wordCount":570,"publisher":{"@id":"https:\/\/vanderloubet.com.br\/deputado\/#organization"},"image":{"@id":"https:\/\/vanderloubet.com.br\/deputado\/vander-responsabiliza-gestao-centralista-por-caos-na-saude\/#primaryimage"},"thumbnailUrl":"http:\/\/www.deputadovander.com.br\/website\/wp-content\/uploads\/2011\/06\/foto-2011-06-20-deputado-vander-entrevista-400x266.jpg","keywords":["amaral","andr\u00e9","campo","capital","cruz","delc\u00eddio","deputado","federal","filho","fm","grande","livre","loubet","nelson","pmdb","prefeitura","PT","puccinelli","s\u00e9rgio","trad","tribuna","vander","zeca"],"articleSection":["Not\u00edcias"],"inLanguage":"pt-BR"},{"@type":"WebPage","@id":"https:\/\/vanderloubet.com.br\/deputado\/vander-responsabiliza-gestao-centralista-por-caos-na-saude\/","url":"https:\/\/vanderloubet.com.br\/deputado\/vander-responsabiliza-gestao-centralista-por-caos-na-saude\/","name":"Vander responsabiliza gest\u00e3o centralista por caos na sa\u00fade","isPartOf":{"@id":"https:\/\/vanderloubet.com.br\/deputado\/#website"},"primaryImageOfPage":{"@id":"https:\/\/vanderloubet.com.br\/deputado\/vander-responsabiliza-gestao-centralista-por-caos-na-saude\/#primaryimage"},"image":{"@id":"https:\/\/vanderloubet.com.br\/deputado\/vander-responsabiliza-gestao-centralista-por-caos-na-saude\/#primaryimage"},"thumbnailUrl":"http:\/\/www.deputadovander.com.br\/website\/wp-content\/uploads\/2011\/06\/foto-2011-06-20-deputado-vander-entrevista-400x266.jpg","datePublished":"2011-06-20T16:04:28+00:00","breadcrumb":{"@id":"https:\/\/vanderloubet.com.br\/deputado\/vander-responsabiliza-gestao-centralista-por-caos-na-saude\/#breadcrumb"},"inLanguage":"pt-BR","potentialAction":[{"@type":"ReadAction","target":["https:\/\/vanderloubet.com.br\/deputado\/vander-responsabiliza-gestao-centralista-por-caos-na-saude\/"]}]},{"@type":"ImageObject","inLanguage":"pt-BR","@id":"https:\/\/vanderloubet.com.br\/deputado\/vander-responsabiliza-gestao-centralista-por-caos-na-saude\/#primaryimage","url":"http:\/\/www.deputadovander.com.br\/website\/wp-content\/uploads\/2011\/06\/foto-2011-06-20-deputado-vander-entrevista-400x266.jpg","contentUrl":"http:\/\/www.deputadovander.com.br\/website\/wp-content\/uploads\/2011\/06\/foto-2011-06-20-deputado-vander-entrevista-400x266.jpg"},{"@type":"BreadcrumbList","@id":"https:\/\/vanderloubet.com.br\/deputado\/vander-responsabiliza-gestao-centralista-por-caos-na-saude\/#breadcrumb","itemListElement":[{"@type":"ListItem","position":1,"name":"In\u00edcio","item":"https:\/\/vanderloubet.com.br\/deputado\/"},{"@type":"ListItem","position":2,"name":"Vander responsabiliza gest\u00e3o centralista por caos na sa\u00fade"}]},{"@type":"WebSite","@id":"https:\/\/vanderloubet.com.br\/deputado\/#website","url":"https:\/\/vanderloubet.com.br\/deputado\/","name":"Vander 133","description":"O Senador da gente","publisher":{"@id":"https:\/\/vanderloubet.com.br\/deputado\/#organization"},"alternateName":"Deputado Vander","potentialAction":[{"@type":"SearchAction","target":{"@type":"EntryPoint","urlTemplate":"https:\/\/vanderloubet.com.br\/deputado\/?s={search_term_string}"},"query-input":{"@type":"PropertyValueSpecification","valueRequired":true,"valueName":"search_term_string"}}],"inLanguage":"pt-BR"},{"@type":"Organization","@id":"https:\/\/vanderloubet.com.br\/deputado\/#organization","name":"Deputado Federal Vander Loubet","alternateName":"Deputado Vander","url":"https:\/\/vanderloubet.com.br\/deputado\/","logo":{"@type":"ImageObject","inLanguage":"pt-BR","@id":"https:\/\/vanderloubet.com.br\/deputado\/#\/schema\/logo\/image\/","url":"https:\/\/vanderloubet.com.br\/deputado\/wp-content\/uploads\/2023\/06\/foto-2023-06-19-mandato-deputado-vander.jpg","contentUrl":"https:\/\/vanderloubet.com.br\/deputado\/wp-content\/uploads\/2023\/06\/foto-2023-06-19-mandato-deputado-vander.jpg","width":1080,"height":1080,"caption":"Deputado Federal Vander Loubet"},"image":{"@id":"https:\/\/vanderloubet.com.br\/deputado\/#\/schema\/logo\/image\/"},"sameAs":["https:\/\/facebook.com\/deputadovander","https:\/\/x.com\/vanderloubet","https:\/\/instagram.com\/vanderloubet","https:\/\/youtube.com\/vanderloubet","https:\/\/tiktok.com\/@vanderloubetms"]},{"@type":"Person","@id":"https:\/\/vanderloubet.com.br\/deputado\/#\/schema\/person\/15b51bd564532a8a68d9dec1b8eb890e","name":"\u00c9der","image":{"@type":"ImageObject","inLanguage":"pt-BR","@id":"https:\/\/secure.gravatar.com\/avatar\/f87e644facd4d2ef1044b556ced7905f2bfec824839a005707719af7787fea61?s=96&d=mm&r=g","url":"https:\/\/secure.gravatar.com\/avatar\/f87e644facd4d2ef1044b556ced7905f2bfec824839a005707719af7787fea61?s=96&d=mm&r=g","contentUrl":"https:\/\/secure.gravatar.com\/avatar\/f87e644facd4d2ef1044b556ced7905f2bfec824839a005707719af7787fea61?s=96&d=mm&r=g","caption":"\u00c9der"}}]}},"jetpack_featured_media_url":"","jetpack_sharing_enabled":true,"_links":{"self":[{"href":"https:\/\/vanderloubet.com.br\/deputado\/wp-json\/wp\/v2\/posts\/3340","targetHints":{"allow":["GET"]}}],"collection":[{"href":"https:\/\/vanderloubet.com.br\/deputado\/wp-json\/wp\/v2\/posts"}],"about":[{"href":"https:\/\/vanderloubet.com.br\/deputado\/wp-json\/wp\/v2\/types\/post"}],"author":[{"embeddable":true,"href":"https:\/\/vanderloubet.com.br\/deputado\/wp-json\/wp\/v2\/users\/2"}],"replies":[{"embeddable":true,"href":"https:\/\/vanderloubet.com.br\/deputado\/wp-json\/wp\/v2\/comments?post=3340"}],"version-history":[{"count":0,"href":"https:\/\/vanderloubet.com.br\/deputado\/wp-json\/wp\/v2\/posts\/3340\/revisions"}],"wp:attachment":[{"href":"https:\/\/vanderloubet.com.br\/deputado\/wp-json\/wp\/v2\/media?parent=3340"}],"wp:term":[{"taxonomy":"category","embeddable":true,"href":"https:\/\/vanderloubet.com.br\/deputado\/wp-json\/wp\/v2\/categories?post=3340"},{"taxonomy":"post_tag","embeddable":true,"href":"https:\/\/vanderloubet.com.br\/deputado\/wp-json\/wp\/v2\/tags?post=3340"}],"curies":[{"name":"wp","href":"https:\/\/api.w.org\/{rel}","templated":true}]}}