{"id":3323,"date":"2011-06-13T17:40:33","date_gmt":"2011-06-13T21:40:33","guid":{"rendered":"http:\/\/www.deputadovander.com.br\/website\/?p=3323"},"modified":"2011-06-13T17:40:33","modified_gmt":"2011-06-13T21:40:33","slug":"a-gestao-vitoriosa-e-competente-de-gleisi-hoffmann-em-mato-grosso-do-sul","status":"publish","type":"post","link":"https:\/\/vanderloubet.com.br\/deputado\/a-gestao-vitoriosa-e-competente-de-gleisi-hoffmann-em-mato-grosso-do-sul\/","title":{"rendered":"A gest\u00e3o vitoriosa e competente de Gleisi Hoffmann em MS"},"content":{"rendered":"<p><em>Vander Loubet*<\/em><\/p>\n<p>Nos \u00faltimos dias acompanhei diversos coment\u00e1rios e reportagens sobre a passagem da rec\u00e9m empossada ministra-chefe da Casa Civil, Gleisi Hoffmann, na gest\u00e3o petista frente ao Governo do Estado de Mato Grosso do Sul. Li e ouvi diversas incongru\u00eancias sobre sua capacidade administrativa e supostas crises pol\u00edticas internas do PT no estado.<\/p>\n<p>O ponto de partida das minhas considera\u00e7\u00f5es \u00e9 o in\u00edcio dessa rela\u00e7\u00e3o vitoriosa e competente de Gleisi com Mato Grosso do Sul: o convite que o governador Zeca do PT fez ao hoje ministro Paulo Bernardo para que assumisse a Secretaria de Fazenda do nosso governo. Era novembro de 1998. Contra todas as previs\u00f5es e sob a vontade popular, as urnas trouxeram um novo caminho pol\u00edtico ao Estado do Pantanal.<\/p>\n<p>Nessa seara emergiu a for\u00e7a de Gleisi Hoffmann, que a convite do governador Zeca e sob minha coordena\u00e7\u00e3o, como chefe da Casa Civil do Governo do Estado, foi respons\u00e1vel pela maior reforma administrativa ocorrida na hist\u00f3ria de Mato Grosso do Sul: estruturas arcaicas foram extintas, bem como cargos comissionados desnecess\u00e1rios e a m\u00e1quina foi reestruturada para melhor atingir os objetivos-fins da administra\u00e7\u00e3o p\u00fablica.<\/p>\n<p>Lembro-me do peso de algumas medidas duras que tivemos que tomar e das palavras do governador Zeca do PT, que destacava que as reformas feitas anteriormente no Estado sempre foram as &#8220;poss\u00edveis&#8221;. Encaramos o desafio e a reforma administrativa &#8220;necess\u00e1ria&#8221; aconteceu.<\/p>\n<p style=\"text-align: center;\"><figure id=\"attachment_3301\" aria-describedby=\"caption-attachment-3301\" style=\"width: 400px\" class=\"wp-caption aligncenter\"><a href=\"http:\/\/www.deputadovander.com.br\/website\/wp-content\/uploads\/2011\/06\/foto-2011-06-07-vander-bernardo-gleisi-zeca-gilda.jpg\" target=\"_blank\"><img decoding=\"async\" class=\"size-medium wp-image-3301 \" title=\"foto-2011-06-07-vander-bernardo-gleisi-zeca-gilda\" src=\"http:\/\/www.deputadovander.com.br\/website\/wp-content\/uploads\/2011\/06\/foto-2011-06-07-vander-bernardo-gleisi-zeca-gilda-400x266.jpg\" alt=\"Vander, Paulo Bernardo, Gleisi, Zeca e Dona Gilda, durante a campanha presidencial de Dilma Rousseff (junho\/2010)\" width=\"400\" height=\"266\" \/><\/a><figcaption id=\"caption-attachment-3301\" class=\"wp-caption-text\">Vander, Paulo Bernardo, Gleisi, Zeca e Dona Gilda, durante a campanha presidencial de Dilma Rousseff (junho\/2010)<\/figcaption><\/figure><\/p>\n<p>Houve rusgas durante a reforma? Claro que sim. Desde um ou outro acomodado, atingido em seus interesses pessoais, a companheiros de governo descontentes com o processo de &#8220;corte na pr\u00f3pria carne&#8221; estabelecido pela reforma. No entanto, o Estado prosseguia no ritmo da sua moderniza\u00e7\u00e3o com nosso total apoio .<\/p>\n<p>Quem \u00e9 de fora de Mato Grosso do Sul deve n\u00e3o saber, da mesma forma como alguns mal intencionados no estado fingem esquecer: herdamos um Estado com seis meses de folha salarial atrasada, com arrecada\u00e7\u00e3o p\u00edfia e o peso da m\u00e1quina engessando quaisquer possibilidades de investimentos em pol\u00edticas p\u00fablicas e sociais. E justi\u00e7a seja feita: a semente plantada por n\u00f3s, com a decisiva participa\u00e7\u00e3o dos ministros Paulo Bernardo e Gleisi Hoffmann, que tiveram o total aval do governador Zeca do PT, germinou.<\/p>\n<p>Aqueles que dizem que Bernardo e Gleisi deixaram Mato Grosso do Sul por incapacidade administrativa, supostas quedas pol\u00edticas ou quaisquer outros motivos mesquinhos s\u00e3o mal informados ou abusam da m\u00e1 f\u00e9. Caso sejam quadros oriundos do PT, nada mais s\u00e3o do que autof\u00e1gicos por natureza &#8211; o que \u00e9 lament\u00e1vel!<\/p>\n<p>Depois da vit\u00f3ria eleitoral de Nedson Micheleti \u00e0 Prefeitura de Londrina, no fim de 2000, houve o convite para que Paulo Bernardo e Gleisi Hoffmann retornassem ao Paran\u00e1, algo fundamental para Bernardo, que tinha seus projetos pol\u00edticos e sua base eleitoral no norte paranaense.<\/p>\n<p>Por fim, registro as palavras de Zeca do PT na despedida do casal do nosso governo: &#8220;Se um dia voc\u00ea precisar de um cabo eleitoral para bater de casa em casa, conversar com a popula\u00e7\u00e3o e lhe pedir um voto, eu estarei l\u00e1 no seu Paran\u00e1, defendendo o seu nome&#8221;, disse a Paulo Bernardo. Essa sensa\u00e7\u00e3o de gratid\u00e3o e perda foi de todos n\u00f3s da equipe de governo e das pessoas que souberam reconhecer os avan\u00e7os que Mato Grosso do Sul conquistou.<\/p>\n<p>A hist\u00f3ria levou Lula \u00e0 Presid\u00eancia da Rep\u00fablica em 2002 e Paulo Bernardo, eleito deputado federal naquele ano, contribuiu de forma mais incisiva \u00e0 Na\u00e7\u00e3o. Gleisi Hoffmann foi \u00e0 Diretoria da Itaipu Binacional e depois se fixou como uma das maiores lideran\u00e7as do PT no Paran\u00e1.<\/p>\n<p>Por tudo isso, al\u00e9m de esclarecer pontos importantes do governo Zeca do PT em Mato Grosso do Sul, posso afirmar que a compet\u00eancia administrativa e pol\u00edtica da ministra Gleisi Hoffmann, baseada em suas a\u00e7\u00f5es em terras pantaneiras, a tornar\u00e1 uma dos principais quadros do governo de Dilma Rousseff.<\/p>\n<p><em>*Deputado federal (PT-MS) e ex-chefe da Casa Civil de Mato Grosso do Sul<\/em><\/p>\n","protected":false},"excerpt":{"rendered":"<p>Artigo do deputado Vander sobre recentes reportagens mencionando a passagem de Gleisi no governo de Zeca do PT.<\/p>\n","protected":false},"author":2,"featured_media":0,"comment_status":"closed","ping_status":"open","sticky":false,"template":"","format":"standard","meta":{"jetpack_post_was_ever_published":false,"_jetpack_newsletter_access":"","_jetpack_dont_email_post_to_subs":false,"_jetpack_newsletter_tier_id":0,"_jetpack_memberships_contains_paywalled_content":false,"_jetpack_memberships_contains_paid_content":false,"footnotes":""},"categories":[11],"tags":[256,375,451,608,631,807,922,967,1178,1304,1305,1336,1502,1655,1757,2033,2089],"class_list":{"0":"post-3323","1":"post","2":"type-post","3":"status-publish","4":"format-standard","6":"category-opinioes","7":"tag-bernardo","8":"tag-casa","9":"tag-civil","10":"tag-deputado","11":"tag-dilma","12":"tag-federal","13":"tag-gleisi","14":"tag-hoffmann","15":"tag-loubet","16":"tag-ministra","17":"tag-ministro","18":"tag-ms","19":"tag-paulo","20":"tag-pt","21":"tag-rousseff","22":"tag-vander","23":"tag-zeca"},"yoast_head":"<!-- This site is optimized with the Yoast SEO plugin v27.4 - https:\/\/yoast.com\/product\/yoast-seo-wordpress\/ -->\n<title>A gest\u00e3o vitoriosa e competente de Gleisi Hoffmann em MS<\/title>\n<meta name=\"robots\" content=\"index, follow, max-snippet:-1, max-image-preview:large, max-video-preview:-1\" \/>\n<link rel=\"canonical\" href=\"https:\/\/vanderloubet.com.br\/deputado\/a-gestao-vitoriosa-e-competente-de-gleisi-hoffmann-em-mato-grosso-do-sul\/\" \/>\n<meta property=\"og:locale\" content=\"pt_BR\" \/>\n<meta property=\"og:type\" content=\"article\" \/>\n<meta property=\"og:title\" content=\"A gest\u00e3o vitoriosa e competente de Gleisi Hoffmann em MS\" \/>\n<meta property=\"og:description\" content=\"Artigo do deputado Vander sobre recentes reportagens mencionando a passagem de Gleisi no governo de Zeca do PT.\" \/>\n<meta property=\"og:url\" content=\"https:\/\/vanderloubet.com.br\/deputado\/a-gestao-vitoriosa-e-competente-de-gleisi-hoffmann-em-mato-grosso-do-sul\/\" \/>\n<meta property=\"og:site_name\" content=\"Deputado Federal Vander Loubet\" \/>\n<meta property=\"article:publisher\" content=\"https:\/\/facebook.com\/deputadovander\" \/>\n<meta property=\"article:published_time\" content=\"2011-06-13T21:40:33+00:00\" \/>\n<meta property=\"og:image\" content=\"http:\/\/www.deputadovander.com.br\/website\/wp-content\/uploads\/2011\/06\/foto-2011-06-07-vander-bernardo-gleisi-zeca-gilda-400x266.jpg\" \/>\n<meta name=\"author\" content=\"\u00c9der\" \/>\n<meta name=\"twitter:card\" content=\"summary_large_image\" \/>\n<meta name=\"twitter:creator\" content=\"@vanderloubet\" \/>\n<meta name=\"twitter:site\" content=\"@vanderloubet\" \/>\n<script type=\"application\/ld+json\" class=\"yoast-schema-graph\">{\"@context\":\"https:\\\/\\\/schema.org\",\"@graph\":[{\"@type\":\"Article\",\"@id\":\"https:\\\/\\\/vanderloubet.com.br\\\/deputado\\\/a-gestao-vitoriosa-e-competente-de-gleisi-hoffmann-em-mato-grosso-do-sul\\\/#article\",\"isPartOf\":{\"@id\":\"https:\\\/\\\/vanderloubet.com.br\\\/deputado\\\/a-gestao-vitoriosa-e-competente-de-gleisi-hoffmann-em-mato-grosso-do-sul\\\/\"},\"author\":{\"name\":\"\u00c9der\",\"@id\":\"https:\\\/\\\/vanderloubet.com.br\\\/deputado\\\/#\\\/schema\\\/person\\\/15b51bd564532a8a68d9dec1b8eb890e\"},\"headline\":\"A gest\u00e3o vitoriosa e competente de Gleisi Hoffmann em MS\",\"datePublished\":\"2011-06-13T21:40:33+00:00\",\"mainEntityOfPage\":{\"@id\":\"https:\\\/\\\/vanderloubet.com.br\\\/deputado\\\/a-gestao-vitoriosa-e-competente-de-gleisi-hoffmann-em-mato-grosso-do-sul\\\/\"},\"wordCount\":717,\"publisher\":{\"@id\":\"https:\\\/\\\/vanderloubet.com.br\\\/deputado\\\/#organization\"},\"image\":{\"@id\":\"https:\\\/\\\/vanderloubet.com.br\\\/deputado\\\/a-gestao-vitoriosa-e-competente-de-gleisi-hoffmann-em-mato-grosso-do-sul\\\/#primaryimage\"},\"thumbnailUrl\":\"http:\\\/\\\/www.deputadovander.com.br\\\/website\\\/wp-content\\\/uploads\\\/2011\\\/06\\\/foto-2011-06-07-vander-bernardo-gleisi-zeca-gilda-400x266.jpg\",\"keywords\":[\"bernardo\",\"casa\",\"civil\",\"deputado\",\"dilma\",\"federal\",\"gleisi\",\"hoffmann\",\"loubet\",\"ministra\",\"ministro\",\"MS\",\"paulo\",\"PT\",\"rousseff\",\"vander\",\"zeca\"],\"articleSection\":[\"Opini\u00e3o\"],\"inLanguage\":\"pt-BR\"},{\"@type\":\"WebPage\",\"@id\":\"https:\\\/\\\/vanderloubet.com.br\\\/deputado\\\/a-gestao-vitoriosa-e-competente-de-gleisi-hoffmann-em-mato-grosso-do-sul\\\/\",\"url\":\"https:\\\/\\\/vanderloubet.com.br\\\/deputado\\\/a-gestao-vitoriosa-e-competente-de-gleisi-hoffmann-em-mato-grosso-do-sul\\\/\",\"name\":\"A gest\u00e3o vitoriosa e competente de Gleisi Hoffmann em MS\",\"isPartOf\":{\"@id\":\"https:\\\/\\\/vanderloubet.com.br\\\/deputado\\\/#website\"},\"primaryImageOfPage\":{\"@id\":\"https:\\\/\\\/vanderloubet.com.br\\\/deputado\\\/a-gestao-vitoriosa-e-competente-de-gleisi-hoffmann-em-mato-grosso-do-sul\\\/#primaryimage\"},\"image\":{\"@id\":\"https:\\\/\\\/vanderloubet.com.br\\\/deputado\\\/a-gestao-vitoriosa-e-competente-de-gleisi-hoffmann-em-mato-grosso-do-sul\\\/#primaryimage\"},\"thumbnailUrl\":\"http:\\\/\\\/www.deputadovander.com.br\\\/website\\\/wp-content\\\/uploads\\\/2011\\\/06\\\/foto-2011-06-07-vander-bernardo-gleisi-zeca-gilda-400x266.jpg\",\"datePublished\":\"2011-06-13T21:40:33+00:00\",\"breadcrumb\":{\"@id\":\"https:\\\/\\\/vanderloubet.com.br\\\/deputado\\\/a-gestao-vitoriosa-e-competente-de-gleisi-hoffmann-em-mato-grosso-do-sul\\\/#breadcrumb\"},\"inLanguage\":\"pt-BR\",\"potentialAction\":[{\"@type\":\"ReadAction\",\"target\":[\"https:\\\/\\\/vanderloubet.com.br\\\/deputado\\\/a-gestao-vitoriosa-e-competente-de-gleisi-hoffmann-em-mato-grosso-do-sul\\\/\"]}]},{\"@type\":\"ImageObject\",\"inLanguage\":\"pt-BR\",\"@id\":\"https:\\\/\\\/vanderloubet.com.br\\\/deputado\\\/a-gestao-vitoriosa-e-competente-de-gleisi-hoffmann-em-mato-grosso-do-sul\\\/#primaryimage\",\"url\":\"http:\\\/\\\/www.deputadovander.com.br\\\/website\\\/wp-content\\\/uploads\\\/2011\\\/06\\\/foto-2011-06-07-vander-bernardo-gleisi-zeca-gilda-400x266.jpg\",\"contentUrl\":\"http:\\\/\\\/www.deputadovander.com.br\\\/website\\\/wp-content\\\/uploads\\\/2011\\\/06\\\/foto-2011-06-07-vander-bernardo-gleisi-zeca-gilda-400x266.jpg\"},{\"@type\":\"BreadcrumbList\",\"@id\":\"https:\\\/\\\/vanderloubet.com.br\\\/deputado\\\/a-gestao-vitoriosa-e-competente-de-gleisi-hoffmann-em-mato-grosso-do-sul\\\/#breadcrumb\",\"itemListElement\":[{\"@type\":\"ListItem\",\"position\":1,\"name\":\"In\u00edcio\",\"item\":\"https:\\\/\\\/vanderloubet.com.br\\\/deputado\\\/\"},{\"@type\":\"ListItem\",\"position\":2,\"name\":\"A gest\u00e3o vitoriosa e competente de Gleisi Hoffmann em MS\"}]},{\"@type\":\"WebSite\",\"@id\":\"https:\\\/\\\/vanderloubet.com.br\\\/deputado\\\/#website\",\"url\":\"https:\\\/\\\/vanderloubet.com.br\\\/deputado\\\/\",\"name\":\"Deputado Federal Vander Loubet\",\"description\":\"O Federal de MS\",\"publisher\":{\"@id\":\"https:\\\/\\\/vanderloubet.com.br\\\/deputado\\\/#organization\"},\"alternateName\":\"Deputado Vander\",\"potentialAction\":[{\"@type\":\"SearchAction\",\"target\":{\"@type\":\"EntryPoint\",\"urlTemplate\":\"https:\\\/\\\/vanderloubet.com.br\\\/deputado\\\/?s={search_term_string}\"},\"query-input\":{\"@type\":\"PropertyValueSpecification\",\"valueRequired\":true,\"valueName\":\"search_term_string\"}}],\"inLanguage\":\"pt-BR\"},{\"@type\":\"Organization\",\"@id\":\"https:\\\/\\\/vanderloubet.com.br\\\/deputado\\\/#organization\",\"name\":\"Deputado Federal Vander Loubet\",\"alternateName\":\"Deputado Vander\",\"url\":\"https:\\\/\\\/vanderloubet.com.br\\\/deputado\\\/\",\"logo\":{\"@type\":\"ImageObject\",\"inLanguage\":\"pt-BR\",\"@id\":\"https:\\\/\\\/vanderloubet.com.br\\\/deputado\\\/#\\\/schema\\\/logo\\\/image\\\/\",\"url\":\"https:\\\/\\\/vanderloubet.com.br\\\/deputado\\\/wp-content\\\/uploads\\\/2023\\\/06\\\/foto-2023-06-19-mandato-deputado-vander.jpg\",\"contentUrl\":\"https:\\\/\\\/vanderloubet.com.br\\\/deputado\\\/wp-content\\\/uploads\\\/2023\\\/06\\\/foto-2023-06-19-mandato-deputado-vander.jpg\",\"width\":1080,\"height\":1080,\"caption\":\"Deputado Federal Vander Loubet\"},\"image\":{\"@id\":\"https:\\\/\\\/vanderloubet.com.br\\\/deputado\\\/#\\\/schema\\\/logo\\\/image\\\/\"},\"sameAs\":[\"https:\\\/\\\/facebook.com\\\/deputadovander\",\"https:\\\/\\\/x.com\\\/vanderloubet\",\"https:\\\/\\\/instagram.com\\\/vanderloubet\",\"https:\\\/\\\/youtube.com\\\/vanderloubet\",\"https:\\\/\\\/tiktok.com\\\/@vanderloubetms\"]},{\"@type\":\"Person\",\"@id\":\"https:\\\/\\\/vanderloubet.com.br\\\/deputado\\\/#\\\/schema\\\/person\\\/15b51bd564532a8a68d9dec1b8eb890e\",\"name\":\"\u00c9der\",\"image\":{\"@type\":\"ImageObject\",\"inLanguage\":\"pt-BR\",\"@id\":\"https:\\\/\\\/vanderloubet.com.br\\\/deputado\\\/wp-content\\\/litespeed\\\/avatar\\\/88ca4090d9d5ab1c9495f6ca03b68efa.jpg?ver=1777058957\",\"url\":\"https:\\\/\\\/vanderloubet.com.br\\\/deputado\\\/wp-content\\\/litespeed\\\/avatar\\\/88ca4090d9d5ab1c9495f6ca03b68efa.jpg?ver=1777058957\",\"contentUrl\":\"https:\\\/\\\/vanderloubet.com.br\\\/deputado\\\/wp-content\\\/litespeed\\\/avatar\\\/88ca4090d9d5ab1c9495f6ca03b68efa.jpg?ver=1777058957\",\"caption\":\"\u00c9der\"}}]}<\/script>\n<!-- \/ Yoast SEO plugin. -->","yoast_head_json":{"title":"A gest\u00e3o vitoriosa e competente de Gleisi Hoffmann em MS","robots":{"index":"index","follow":"follow","max-snippet":"max-snippet:-1","max-image-preview":"max-image-preview:large","max-video-preview":"max-video-preview:-1"},"canonical":"https:\/\/vanderloubet.com.br\/deputado\/a-gestao-vitoriosa-e-competente-de-gleisi-hoffmann-em-mato-grosso-do-sul\/","og_locale":"pt_BR","og_type":"article","og_title":"A gest\u00e3o vitoriosa e competente de Gleisi Hoffmann em MS","og_description":"Artigo do deputado Vander sobre recentes reportagens mencionando a passagem de Gleisi no governo de Zeca do PT.","og_url":"https:\/\/vanderloubet.com.br\/deputado\/a-gestao-vitoriosa-e-competente-de-gleisi-hoffmann-em-mato-grosso-do-sul\/","og_site_name":"Deputado Federal Vander Loubet","article_publisher":"https:\/\/facebook.com\/deputadovander","article_published_time":"2011-06-13T21:40:33+00:00","og_image":[{"url":"http:\/\/www.deputadovander.com.br\/website\/wp-content\/uploads\/2011\/06\/foto-2011-06-07-vander-bernardo-gleisi-zeca-gilda-400x266.jpg","type":"","width":"","height":""}],"author":"\u00c9der","twitter_card":"summary_large_image","twitter_creator":"@vanderloubet","twitter_site":"@vanderloubet","schema":{"@context":"https:\/\/schema.org","@graph":[{"@type":"Article","@id":"https:\/\/vanderloubet.com.br\/deputado\/a-gestao-vitoriosa-e-competente-de-gleisi-hoffmann-em-mato-grosso-do-sul\/#article","isPartOf":{"@id":"https:\/\/vanderloubet.com.br\/deputado\/a-gestao-vitoriosa-e-competente-de-gleisi-hoffmann-em-mato-grosso-do-sul\/"},"author":{"name":"\u00c9der","@id":"https:\/\/vanderloubet.com.br\/deputado\/#\/schema\/person\/15b51bd564532a8a68d9dec1b8eb890e"},"headline":"A gest\u00e3o vitoriosa e competente de Gleisi Hoffmann em MS","datePublished":"2011-06-13T21:40:33+00:00","mainEntityOfPage":{"@id":"https:\/\/vanderloubet.com.br\/deputado\/a-gestao-vitoriosa-e-competente-de-gleisi-hoffmann-em-mato-grosso-do-sul\/"},"wordCount":717,"publisher":{"@id":"https:\/\/vanderloubet.com.br\/deputado\/#organization"},"image":{"@id":"https:\/\/vanderloubet.com.br\/deputado\/a-gestao-vitoriosa-e-competente-de-gleisi-hoffmann-em-mato-grosso-do-sul\/#primaryimage"},"thumbnailUrl":"http:\/\/www.deputadovander.com.br\/website\/wp-content\/uploads\/2011\/06\/foto-2011-06-07-vander-bernardo-gleisi-zeca-gilda-400x266.jpg","keywords":["bernardo","casa","civil","deputado","dilma","federal","gleisi","hoffmann","loubet","ministra","ministro","MS","paulo","PT","rousseff","vander","zeca"],"articleSection":["Opini\u00e3o"],"inLanguage":"pt-BR"},{"@type":"WebPage","@id":"https:\/\/vanderloubet.com.br\/deputado\/a-gestao-vitoriosa-e-competente-de-gleisi-hoffmann-em-mato-grosso-do-sul\/","url":"https:\/\/vanderloubet.com.br\/deputado\/a-gestao-vitoriosa-e-competente-de-gleisi-hoffmann-em-mato-grosso-do-sul\/","name":"A gest\u00e3o vitoriosa e competente de Gleisi Hoffmann em MS","isPartOf":{"@id":"https:\/\/vanderloubet.com.br\/deputado\/#website"},"primaryImageOfPage":{"@id":"https:\/\/vanderloubet.com.br\/deputado\/a-gestao-vitoriosa-e-competente-de-gleisi-hoffmann-em-mato-grosso-do-sul\/#primaryimage"},"image":{"@id":"https:\/\/vanderloubet.com.br\/deputado\/a-gestao-vitoriosa-e-competente-de-gleisi-hoffmann-em-mato-grosso-do-sul\/#primaryimage"},"thumbnailUrl":"http:\/\/www.deputadovander.com.br\/website\/wp-content\/uploads\/2011\/06\/foto-2011-06-07-vander-bernardo-gleisi-zeca-gilda-400x266.jpg","datePublished":"2011-06-13T21:40:33+00:00","breadcrumb":{"@id":"https:\/\/vanderloubet.com.br\/deputado\/a-gestao-vitoriosa-e-competente-de-gleisi-hoffmann-em-mato-grosso-do-sul\/#breadcrumb"},"inLanguage":"pt-BR","potentialAction":[{"@type":"ReadAction","target":["https:\/\/vanderloubet.com.br\/deputado\/a-gestao-vitoriosa-e-competente-de-gleisi-hoffmann-em-mato-grosso-do-sul\/"]}]},{"@type":"ImageObject","inLanguage":"pt-BR","@id":"https:\/\/vanderloubet.com.br\/deputado\/a-gestao-vitoriosa-e-competente-de-gleisi-hoffmann-em-mato-grosso-do-sul\/#primaryimage","url":"http:\/\/www.deputadovander.com.br\/website\/wp-content\/uploads\/2011\/06\/foto-2011-06-07-vander-bernardo-gleisi-zeca-gilda-400x266.jpg","contentUrl":"http:\/\/www.deputadovander.com.br\/website\/wp-content\/uploads\/2011\/06\/foto-2011-06-07-vander-bernardo-gleisi-zeca-gilda-400x266.jpg"},{"@type":"BreadcrumbList","@id":"https:\/\/vanderloubet.com.br\/deputado\/a-gestao-vitoriosa-e-competente-de-gleisi-hoffmann-em-mato-grosso-do-sul\/#breadcrumb","itemListElement":[{"@type":"ListItem","position":1,"name":"In\u00edcio","item":"https:\/\/vanderloubet.com.br\/deputado\/"},{"@type":"ListItem","position":2,"name":"A gest\u00e3o vitoriosa e competente de Gleisi Hoffmann em MS"}]},{"@type":"WebSite","@id":"https:\/\/vanderloubet.com.br\/deputado\/#website","url":"https:\/\/vanderloubet.com.br\/deputado\/","name":"Deputado Federal Vander Loubet","description":"O Federal de MS","publisher":{"@id":"https:\/\/vanderloubet.com.br\/deputado\/#organization"},"alternateName":"Deputado Vander","potentialAction":[{"@type":"SearchAction","target":{"@type":"EntryPoint","urlTemplate":"https:\/\/vanderloubet.com.br\/deputado\/?s={search_term_string}"},"query-input":{"@type":"PropertyValueSpecification","valueRequired":true,"valueName":"search_term_string"}}],"inLanguage":"pt-BR"},{"@type":"Organization","@id":"https:\/\/vanderloubet.com.br\/deputado\/#organization","name":"Deputado Federal Vander Loubet","alternateName":"Deputado Vander","url":"https:\/\/vanderloubet.com.br\/deputado\/","logo":{"@type":"ImageObject","inLanguage":"pt-BR","@id":"https:\/\/vanderloubet.com.br\/deputado\/#\/schema\/logo\/image\/","url":"https:\/\/vanderloubet.com.br\/deputado\/wp-content\/uploads\/2023\/06\/foto-2023-06-19-mandato-deputado-vander.jpg","contentUrl":"https:\/\/vanderloubet.com.br\/deputado\/wp-content\/uploads\/2023\/06\/foto-2023-06-19-mandato-deputado-vander.jpg","width":1080,"height":1080,"caption":"Deputado Federal Vander Loubet"},"image":{"@id":"https:\/\/vanderloubet.com.br\/deputado\/#\/schema\/logo\/image\/"},"sameAs":["https:\/\/facebook.com\/deputadovander","https:\/\/x.com\/vanderloubet","https:\/\/instagram.com\/vanderloubet","https:\/\/youtube.com\/vanderloubet","https:\/\/tiktok.com\/@vanderloubetms"]},{"@type":"Person","@id":"https:\/\/vanderloubet.com.br\/deputado\/#\/schema\/person\/15b51bd564532a8a68d9dec1b8eb890e","name":"\u00c9der","image":{"@type":"ImageObject","inLanguage":"pt-BR","@id":"https:\/\/vanderloubet.com.br\/deputado\/wp-content\/litespeed\/avatar\/88ca4090d9d5ab1c9495f6ca03b68efa.jpg?ver=1777058957","url":"https:\/\/vanderloubet.com.br\/deputado\/wp-content\/litespeed\/avatar\/88ca4090d9d5ab1c9495f6ca03b68efa.jpg?ver=1777058957","contentUrl":"https:\/\/vanderloubet.com.br\/deputado\/wp-content\/litespeed\/avatar\/88ca4090d9d5ab1c9495f6ca03b68efa.jpg?ver=1777058957","caption":"\u00c9der"}}]}},"jetpack_featured_media_url":"","jetpack_sharing_enabled":true,"_links":{"self":[{"href":"https:\/\/vanderloubet.com.br\/deputado\/wp-json\/wp\/v2\/posts\/3323","targetHints":{"allow":["GET"]}}],"collection":[{"href":"https:\/\/vanderloubet.com.br\/deputado\/wp-json\/wp\/v2\/posts"}],"about":[{"href":"https:\/\/vanderloubet.com.br\/deputado\/wp-json\/wp\/v2\/types\/post"}],"author":[{"embeddable":true,"href":"https:\/\/vanderloubet.com.br\/deputado\/wp-json\/wp\/v2\/users\/2"}],"replies":[{"embeddable":true,"href":"https:\/\/vanderloubet.com.br\/deputado\/wp-json\/wp\/v2\/comments?post=3323"}],"version-history":[{"count":0,"href":"https:\/\/vanderloubet.com.br\/deputado\/wp-json\/wp\/v2\/posts\/3323\/revisions"}],"wp:attachment":[{"href":"https:\/\/vanderloubet.com.br\/deputado\/wp-json\/wp\/v2\/media?parent=3323"}],"wp:term":[{"taxonomy":"category","embeddable":true,"href":"https:\/\/vanderloubet.com.br\/deputado\/wp-json\/wp\/v2\/categories?post=3323"},{"taxonomy":"post_tag","embeddable":true,"href":"https:\/\/vanderloubet.com.br\/deputado\/wp-json\/wp\/v2\/tags?post=3323"}],"curies":[{"name":"wp","href":"https:\/\/api.w.org\/{rel}","templated":true}]}}