{"id":3300,"date":"2011-06-07T20:52:52","date_gmt":"2011-06-08T00:52:52","guid":{"rendered":"http:\/\/www.deputadovander.com.br\/website\/?p=3300"},"modified":"2011-06-07T20:52:52","modified_gmt":"2011-06-08T00:52:52","slug":"vander-comemora-escolha-de-gleisi-para-chefiar-a-casa-civil","status":"publish","type":"post","link":"https:\/\/vanderloubet.com.br\/deputado\/vander-comemora-escolha-de-gleisi-para-chefiar-a-casa-civil\/","title":{"rendered":"Vander comemora escolha de Gleisi para chefiar Casa Civil"},"content":{"rendered":"<p style=\"text-align: center;\"><figure id=\"attachment_3301\" aria-describedby=\"caption-attachment-3301\" style=\"width: 400px\" class=\"wp-caption aligncenter\"><a href=\"http:\/\/www.deputadovander.com.br\/website\/wp-content\/uploads\/2011\/06\/foto-2011-06-07-vander-bernardo-gleisi-zeca-gilda.jpg\" target=\"_blank\"><img decoding=\"async\" class=\"size-medium wp-image-3301 \" title=\"foto-2011-06-07-vander-bernardo-gleisi-zeca-gilda\" src=\"http:\/\/www.deputadovander.com.br\/website\/wp-content\/uploads\/2011\/06\/foto-2011-06-07-vander-bernardo-gleisi-zeca-gilda-400x266.jpg\" alt=\"Vander, Paulo Bernardo, Gleisi, Zeca e Dona Gilda, em Bras\u00edlia, durante a campanha presidencial de Dilma (junho\/2010)\" width=\"400\" height=\"266\" \/><\/a><figcaption id=\"caption-attachment-3301\" class=\"wp-caption-text\">Vander, Paulo Bernardo, Gleisi, Zeca e Dona Gilda, em Bras\u00edlia, durante a campanha presidencial de Dilma (junho\/2010)<\/figcaption><\/figure><\/p>\n<p>Depois do an\u00fancio do governo de que a senadora Gleisi Hoffmann (PT-PR) foi convocada a assumir a Casa Civil no lugar de Antonio Palloci, que entregou hoje (7) carta de demiss\u00e3o \u00e0 presidenta Dilma Rousseff, o deputado federal Vander Loubet (PT-MS), assim como muitos petistas de Mato Grosso do Sul, comemorou a escolha da senadora para um dos cargos mais importantes do Executivo federal.<\/p>\n<p>&#8220;A senadora Gleisi \u00e9 uma das pessoas mais preparadas da nova gera\u00e7\u00e3o pol\u00edtica do Pa\u00eds. Suas experi\u00eancias vitoriosas s\u00e3o plenamente reconhecidas pelos brasileiros. Incluem desde o ativismo no movimento estudantil em defesa da democracia, do meio ambiente, dos direitos humanos e do desenvolvimento sustent\u00e1vel at\u00e9 participa\u00e7\u00f5es bem sucedidas em miss\u00f5es delicadas e espinhosas, como a chefia da diretoria financeira da Itaipu Binacional&#8221;, afirmou Vander.<\/p>\n<p>O povo de Mato Grosso do Sul tamb\u00e9m experimentou os bons reflexos dessa qualificada personalidade pol\u00edtica. Gleisi Hoffmann foi secret\u00e1ria de Reestrutura\u00e7\u00e3o Administrativa no primeiro governo de Zeca do PT.<\/p>\n<p>&#8220;Estou confiante no desempenho da Gleisi \u00e0 frente da Casa Civil. Tem sensibilidade, vis\u00e3o, objetividade e uma privilegiada compreens\u00e3o da conjuntura nacional. Mais que a opini\u00e3o ou a torcida de um amigo, minhas palavras s\u00e3o fruto de uma avalia\u00e7\u00e3o sincera sobre o curr\u00edculo e o protagonismo dela no processo que instalou e consolidou os avan\u00e7os plantados pelo governo Lula e que, seguramente, ser\u00e3o consolidados e ampliados pela presidenta Dilma&#8221;, destacou o parlamentar sul-mato-grossense.<\/p>\n<p>O deputado Vander tamb\u00e9m declarou acreditar que Mato Grosso do Sul, alvo de um carinho especial da nova ministra, deve acabar ganhando uma importante e decisiva madrinha no Planalto. &#8220;A expectativa que tenho e que todos os brasileiros t\u00eam \u00e9 na atua\u00e7\u00e3o da ministra como magistrada, mediadora, articuladora e defensora das causas comuns que unem o governo brasileiro e o conjunto da sociedade&#8221;, concluiu.<\/p>\n<p><span style=\"font-size: 11px;\">(Edson Moraes e \u00c9der Yanaguita\/Assessoria de Comunica\u00e7\u00e3o)<\/span><\/p>\n","protected":false},"excerpt":{"rendered":"<p>Para Vander, Gleisi, que fez parte do governo Zeca, \u00e9 uma das pessoas mais preparadas da nova gera\u00e7\u00e3o pol\u00edtica do Pa\u00eds.<\/p>\n","protected":false},"author":2,"featured_media":0,"comment_status":"closed","ping_status":"open","sticky":false,"template":"","format":"standard","meta":{"jetpack_post_was_ever_published":false,"_jetpack_newsletter_access":"","_jetpack_dont_email_post_to_subs":false,"_jetpack_newsletter_tier_id":0,"_jetpack_memberships_contains_paywalled_content":false,"_jetpack_memberships_contains_paid_content":false,"footnotes":""},"categories":[10],"tags":[145,256,608,807,922,967,1048,1178,1304,1305,1336,1458,1502,1598,1655,1824,2033,2089],"class_list":{"0":"post-3300","1":"post","2":"type-post","3":"status-publish","4":"format-standard","6":"category-noticias","7":"tag-antonio","8":"tag-bernardo","9":"tag-deputado","10":"tag-federal","11":"tag-gleisi","12":"tag-hoffmann","13":"tag-itaipu","14":"tag-loubet","15":"tag-ministra","16":"tag-ministro","17":"tag-ms","18":"tag-palocci","19":"tag-paulo","20":"tag-pr","21":"tag-pt","22":"tag-senadora","23":"tag-vander","24":"tag-zeca"},"yoast_head":"<!-- This site is optimized with the Yoast SEO plugin v27.4 - https:\/\/yoast.com\/product\/yoast-seo-wordpress\/ -->\n<title>Vander comemora escolha de Gleisi para chefiar Casa Civil<\/title>\n<meta name=\"robots\" content=\"index, follow, max-snippet:-1, max-image-preview:large, max-video-preview:-1\" \/>\n<link rel=\"canonical\" href=\"https:\/\/vanderloubet.com.br\/deputado\/vander-comemora-escolha-de-gleisi-para-chefiar-a-casa-civil\/\" \/>\n<meta property=\"og:locale\" content=\"pt_BR\" \/>\n<meta property=\"og:type\" content=\"article\" \/>\n<meta property=\"og:title\" content=\"Vander comemora escolha de Gleisi para chefiar Casa Civil\" \/>\n<meta property=\"og:description\" content=\"Para Vander, Gleisi, que fez parte do governo Zeca, \u00e9 uma das pessoas mais preparadas da nova gera\u00e7\u00e3o pol\u00edtica do Pa\u00eds.\" \/>\n<meta property=\"og:url\" content=\"https:\/\/vanderloubet.com.br\/deputado\/vander-comemora-escolha-de-gleisi-para-chefiar-a-casa-civil\/\" \/>\n<meta property=\"og:site_name\" content=\"Deputado Federal Vander Loubet\" \/>\n<meta property=\"article:publisher\" content=\"https:\/\/facebook.com\/deputadovander\" \/>\n<meta property=\"article:published_time\" content=\"2011-06-08T00:52:52+00:00\" \/>\n<meta property=\"og:image\" content=\"http:\/\/www.deputadovander.com.br\/website\/wp-content\/uploads\/2011\/06\/foto-2011-06-07-vander-bernardo-gleisi-zeca-gilda-400x266.jpg\" \/>\n<meta name=\"author\" content=\"\u00c9der\" \/>\n<meta name=\"twitter:card\" content=\"summary_large_image\" \/>\n<meta name=\"twitter:creator\" content=\"@vanderloubet\" \/>\n<meta name=\"twitter:site\" content=\"@vanderloubet\" \/>\n<script type=\"application\/ld+json\" class=\"yoast-schema-graph\">{\"@context\":\"https:\\\/\\\/schema.org\",\"@graph\":[{\"@type\":\"Article\",\"@id\":\"https:\\\/\\\/vanderloubet.com.br\\\/deputado\\\/vander-comemora-escolha-de-gleisi-para-chefiar-a-casa-civil\\\/#article\",\"isPartOf\":{\"@id\":\"https:\\\/\\\/vanderloubet.com.br\\\/deputado\\\/vander-comemora-escolha-de-gleisi-para-chefiar-a-casa-civil\\\/\"},\"author\":{\"name\":\"\u00c9der\",\"@id\":\"https:\\\/\\\/vanderloubet.com.br\\\/deputado\\\/#\\\/schema\\\/person\\\/15b51bd564532a8a68d9dec1b8eb890e\"},\"headline\":\"Vander comemora escolha de Gleisi para chefiar Casa Civil\",\"datePublished\":\"2011-06-08T00:52:52+00:00\",\"mainEntityOfPage\":{\"@id\":\"https:\\\/\\\/vanderloubet.com.br\\\/deputado\\\/vander-comemora-escolha-de-gleisi-para-chefiar-a-casa-civil\\\/\"},\"wordCount\":359,\"publisher\":{\"@id\":\"https:\\\/\\\/vanderloubet.com.br\\\/deputado\\\/#organization\"},\"image\":{\"@id\":\"https:\\\/\\\/vanderloubet.com.br\\\/deputado\\\/vander-comemora-escolha-de-gleisi-para-chefiar-a-casa-civil\\\/#primaryimage\"},\"thumbnailUrl\":\"http:\\\/\\\/www.deputadovander.com.br\\\/website\\\/wp-content\\\/uploads\\\/2011\\\/06\\\/foto-2011-06-07-vander-bernardo-gleisi-zeca-gilda-400x266.jpg\",\"keywords\":[\"antonio\",\"bernardo\",\"deputado\",\"federal\",\"gleisi\",\"hoffmann\",\"itaipu\",\"loubet\",\"ministra\",\"ministro\",\"MS\",\"palocci\",\"paulo\",\"pr\",\"PT\",\"senadora\",\"vander\",\"zeca\"],\"articleSection\":[\"Not\u00edcias\"],\"inLanguage\":\"pt-BR\"},{\"@type\":\"WebPage\",\"@id\":\"https:\\\/\\\/vanderloubet.com.br\\\/deputado\\\/vander-comemora-escolha-de-gleisi-para-chefiar-a-casa-civil\\\/\",\"url\":\"https:\\\/\\\/vanderloubet.com.br\\\/deputado\\\/vander-comemora-escolha-de-gleisi-para-chefiar-a-casa-civil\\\/\",\"name\":\"Vander comemora escolha de Gleisi para chefiar Casa Civil\",\"isPartOf\":{\"@id\":\"https:\\\/\\\/vanderloubet.com.br\\\/deputado\\\/#website\"},\"primaryImageOfPage\":{\"@id\":\"https:\\\/\\\/vanderloubet.com.br\\\/deputado\\\/vander-comemora-escolha-de-gleisi-para-chefiar-a-casa-civil\\\/#primaryimage\"},\"image\":{\"@id\":\"https:\\\/\\\/vanderloubet.com.br\\\/deputado\\\/vander-comemora-escolha-de-gleisi-para-chefiar-a-casa-civil\\\/#primaryimage\"},\"thumbnailUrl\":\"http:\\\/\\\/www.deputadovander.com.br\\\/website\\\/wp-content\\\/uploads\\\/2011\\\/06\\\/foto-2011-06-07-vander-bernardo-gleisi-zeca-gilda-400x266.jpg\",\"datePublished\":\"2011-06-08T00:52:52+00:00\",\"breadcrumb\":{\"@id\":\"https:\\\/\\\/vanderloubet.com.br\\\/deputado\\\/vander-comemora-escolha-de-gleisi-para-chefiar-a-casa-civil\\\/#breadcrumb\"},\"inLanguage\":\"pt-BR\",\"potentialAction\":[{\"@type\":\"ReadAction\",\"target\":[\"https:\\\/\\\/vanderloubet.com.br\\\/deputado\\\/vander-comemora-escolha-de-gleisi-para-chefiar-a-casa-civil\\\/\"]}]},{\"@type\":\"ImageObject\",\"inLanguage\":\"pt-BR\",\"@id\":\"https:\\\/\\\/vanderloubet.com.br\\\/deputado\\\/vander-comemora-escolha-de-gleisi-para-chefiar-a-casa-civil\\\/#primaryimage\",\"url\":\"http:\\\/\\\/www.deputadovander.com.br\\\/website\\\/wp-content\\\/uploads\\\/2011\\\/06\\\/foto-2011-06-07-vander-bernardo-gleisi-zeca-gilda-400x266.jpg\",\"contentUrl\":\"http:\\\/\\\/www.deputadovander.com.br\\\/website\\\/wp-content\\\/uploads\\\/2011\\\/06\\\/foto-2011-06-07-vander-bernardo-gleisi-zeca-gilda-400x266.jpg\"},{\"@type\":\"BreadcrumbList\",\"@id\":\"https:\\\/\\\/vanderloubet.com.br\\\/deputado\\\/vander-comemora-escolha-de-gleisi-para-chefiar-a-casa-civil\\\/#breadcrumb\",\"itemListElement\":[{\"@type\":\"ListItem\",\"position\":1,\"name\":\"In\u00edcio\",\"item\":\"https:\\\/\\\/vanderloubet.com.br\\\/deputado\\\/\"},{\"@type\":\"ListItem\",\"position\":2,\"name\":\"Vander comemora escolha de Gleisi para chefiar Casa Civil\"}]},{\"@type\":\"WebSite\",\"@id\":\"https:\\\/\\\/vanderloubet.com.br\\\/deputado\\\/#website\",\"url\":\"https:\\\/\\\/vanderloubet.com.br\\\/deputado\\\/\",\"name\":\"Deputado Federal Vander Loubet\",\"description\":\"O Federal de MS\",\"publisher\":{\"@id\":\"https:\\\/\\\/vanderloubet.com.br\\\/deputado\\\/#organization\"},\"alternateName\":\"Deputado Vander\",\"potentialAction\":[{\"@type\":\"SearchAction\",\"target\":{\"@type\":\"EntryPoint\",\"urlTemplate\":\"https:\\\/\\\/vanderloubet.com.br\\\/deputado\\\/?s={search_term_string}\"},\"query-input\":{\"@type\":\"PropertyValueSpecification\",\"valueRequired\":true,\"valueName\":\"search_term_string\"}}],\"inLanguage\":\"pt-BR\"},{\"@type\":\"Organization\",\"@id\":\"https:\\\/\\\/vanderloubet.com.br\\\/deputado\\\/#organization\",\"name\":\"Deputado Federal Vander Loubet\",\"alternateName\":\"Deputado Vander\",\"url\":\"https:\\\/\\\/vanderloubet.com.br\\\/deputado\\\/\",\"logo\":{\"@type\":\"ImageObject\",\"inLanguage\":\"pt-BR\",\"@id\":\"https:\\\/\\\/vanderloubet.com.br\\\/deputado\\\/#\\\/schema\\\/logo\\\/image\\\/\",\"url\":\"https:\\\/\\\/vanderloubet.com.br\\\/deputado\\\/wp-content\\\/uploads\\\/2023\\\/06\\\/foto-2023-06-19-mandato-deputado-vander.jpg\",\"contentUrl\":\"https:\\\/\\\/vanderloubet.com.br\\\/deputado\\\/wp-content\\\/uploads\\\/2023\\\/06\\\/foto-2023-06-19-mandato-deputado-vander.jpg\",\"width\":1080,\"height\":1080,\"caption\":\"Deputado Federal Vander Loubet\"},\"image\":{\"@id\":\"https:\\\/\\\/vanderloubet.com.br\\\/deputado\\\/#\\\/schema\\\/logo\\\/image\\\/\"},\"sameAs\":[\"https:\\\/\\\/facebook.com\\\/deputadovander\",\"https:\\\/\\\/x.com\\\/vanderloubet\",\"https:\\\/\\\/instagram.com\\\/vanderloubet\",\"https:\\\/\\\/youtube.com\\\/vanderloubet\",\"https:\\\/\\\/tiktok.com\\\/@vanderloubetms\"]},{\"@type\":\"Person\",\"@id\":\"https:\\\/\\\/vanderloubet.com.br\\\/deputado\\\/#\\\/schema\\\/person\\\/15b51bd564532a8a68d9dec1b8eb890e\",\"name\":\"\u00c9der\",\"image\":{\"@type\":\"ImageObject\",\"inLanguage\":\"pt-BR\",\"@id\":\"https:\\\/\\\/vanderloubet.com.br\\\/deputado\\\/wp-content\\\/litespeed\\\/avatar\\\/88ca4090d9d5ab1c9495f6ca03b68efa.jpg?ver=1777058957\",\"url\":\"https:\\\/\\\/vanderloubet.com.br\\\/deputado\\\/wp-content\\\/litespeed\\\/avatar\\\/88ca4090d9d5ab1c9495f6ca03b68efa.jpg?ver=1777058957\",\"contentUrl\":\"https:\\\/\\\/vanderloubet.com.br\\\/deputado\\\/wp-content\\\/litespeed\\\/avatar\\\/88ca4090d9d5ab1c9495f6ca03b68efa.jpg?ver=1777058957\",\"caption\":\"\u00c9der\"}}]}<\/script>\n<!-- \/ Yoast SEO plugin. -->","yoast_head_json":{"title":"Vander comemora escolha de Gleisi para chefiar Casa Civil","robots":{"index":"index","follow":"follow","max-snippet":"max-snippet:-1","max-image-preview":"max-image-preview:large","max-video-preview":"max-video-preview:-1"},"canonical":"https:\/\/vanderloubet.com.br\/deputado\/vander-comemora-escolha-de-gleisi-para-chefiar-a-casa-civil\/","og_locale":"pt_BR","og_type":"article","og_title":"Vander comemora escolha de Gleisi para chefiar Casa Civil","og_description":"Para Vander, Gleisi, que fez parte do governo Zeca, \u00e9 uma das pessoas mais preparadas da nova gera\u00e7\u00e3o pol\u00edtica do Pa\u00eds.","og_url":"https:\/\/vanderloubet.com.br\/deputado\/vander-comemora-escolha-de-gleisi-para-chefiar-a-casa-civil\/","og_site_name":"Deputado Federal Vander Loubet","article_publisher":"https:\/\/facebook.com\/deputadovander","article_published_time":"2011-06-08T00:52:52+00:00","og_image":[{"url":"http:\/\/www.deputadovander.com.br\/website\/wp-content\/uploads\/2011\/06\/foto-2011-06-07-vander-bernardo-gleisi-zeca-gilda-400x266.jpg","type":"","width":"","height":""}],"author":"\u00c9der","twitter_card":"summary_large_image","twitter_creator":"@vanderloubet","twitter_site":"@vanderloubet","schema":{"@context":"https:\/\/schema.org","@graph":[{"@type":"Article","@id":"https:\/\/vanderloubet.com.br\/deputado\/vander-comemora-escolha-de-gleisi-para-chefiar-a-casa-civil\/#article","isPartOf":{"@id":"https:\/\/vanderloubet.com.br\/deputado\/vander-comemora-escolha-de-gleisi-para-chefiar-a-casa-civil\/"},"author":{"name":"\u00c9der","@id":"https:\/\/vanderloubet.com.br\/deputado\/#\/schema\/person\/15b51bd564532a8a68d9dec1b8eb890e"},"headline":"Vander comemora escolha de Gleisi para chefiar Casa Civil","datePublished":"2011-06-08T00:52:52+00:00","mainEntityOfPage":{"@id":"https:\/\/vanderloubet.com.br\/deputado\/vander-comemora-escolha-de-gleisi-para-chefiar-a-casa-civil\/"},"wordCount":359,"publisher":{"@id":"https:\/\/vanderloubet.com.br\/deputado\/#organization"},"image":{"@id":"https:\/\/vanderloubet.com.br\/deputado\/vander-comemora-escolha-de-gleisi-para-chefiar-a-casa-civil\/#primaryimage"},"thumbnailUrl":"http:\/\/www.deputadovander.com.br\/website\/wp-content\/uploads\/2011\/06\/foto-2011-06-07-vander-bernardo-gleisi-zeca-gilda-400x266.jpg","keywords":["antonio","bernardo","deputado","federal","gleisi","hoffmann","itaipu","loubet","ministra","ministro","MS","palocci","paulo","pr","PT","senadora","vander","zeca"],"articleSection":["Not\u00edcias"],"inLanguage":"pt-BR"},{"@type":"WebPage","@id":"https:\/\/vanderloubet.com.br\/deputado\/vander-comemora-escolha-de-gleisi-para-chefiar-a-casa-civil\/","url":"https:\/\/vanderloubet.com.br\/deputado\/vander-comemora-escolha-de-gleisi-para-chefiar-a-casa-civil\/","name":"Vander comemora escolha de Gleisi para chefiar Casa Civil","isPartOf":{"@id":"https:\/\/vanderloubet.com.br\/deputado\/#website"},"primaryImageOfPage":{"@id":"https:\/\/vanderloubet.com.br\/deputado\/vander-comemora-escolha-de-gleisi-para-chefiar-a-casa-civil\/#primaryimage"},"image":{"@id":"https:\/\/vanderloubet.com.br\/deputado\/vander-comemora-escolha-de-gleisi-para-chefiar-a-casa-civil\/#primaryimage"},"thumbnailUrl":"http:\/\/www.deputadovander.com.br\/website\/wp-content\/uploads\/2011\/06\/foto-2011-06-07-vander-bernardo-gleisi-zeca-gilda-400x266.jpg","datePublished":"2011-06-08T00:52:52+00:00","breadcrumb":{"@id":"https:\/\/vanderloubet.com.br\/deputado\/vander-comemora-escolha-de-gleisi-para-chefiar-a-casa-civil\/#breadcrumb"},"inLanguage":"pt-BR","potentialAction":[{"@type":"ReadAction","target":["https:\/\/vanderloubet.com.br\/deputado\/vander-comemora-escolha-de-gleisi-para-chefiar-a-casa-civil\/"]}]},{"@type":"ImageObject","inLanguage":"pt-BR","@id":"https:\/\/vanderloubet.com.br\/deputado\/vander-comemora-escolha-de-gleisi-para-chefiar-a-casa-civil\/#primaryimage","url":"http:\/\/www.deputadovander.com.br\/website\/wp-content\/uploads\/2011\/06\/foto-2011-06-07-vander-bernardo-gleisi-zeca-gilda-400x266.jpg","contentUrl":"http:\/\/www.deputadovander.com.br\/website\/wp-content\/uploads\/2011\/06\/foto-2011-06-07-vander-bernardo-gleisi-zeca-gilda-400x266.jpg"},{"@type":"BreadcrumbList","@id":"https:\/\/vanderloubet.com.br\/deputado\/vander-comemora-escolha-de-gleisi-para-chefiar-a-casa-civil\/#breadcrumb","itemListElement":[{"@type":"ListItem","position":1,"name":"In\u00edcio","item":"https:\/\/vanderloubet.com.br\/deputado\/"},{"@type":"ListItem","position":2,"name":"Vander comemora escolha de Gleisi para chefiar Casa Civil"}]},{"@type":"WebSite","@id":"https:\/\/vanderloubet.com.br\/deputado\/#website","url":"https:\/\/vanderloubet.com.br\/deputado\/","name":"Deputado Federal Vander Loubet","description":"O Federal de MS","publisher":{"@id":"https:\/\/vanderloubet.com.br\/deputado\/#organization"},"alternateName":"Deputado Vander","potentialAction":[{"@type":"SearchAction","target":{"@type":"EntryPoint","urlTemplate":"https:\/\/vanderloubet.com.br\/deputado\/?s={search_term_string}"},"query-input":{"@type":"PropertyValueSpecification","valueRequired":true,"valueName":"search_term_string"}}],"inLanguage":"pt-BR"},{"@type":"Organization","@id":"https:\/\/vanderloubet.com.br\/deputado\/#organization","name":"Deputado Federal Vander Loubet","alternateName":"Deputado Vander","url":"https:\/\/vanderloubet.com.br\/deputado\/","logo":{"@type":"ImageObject","inLanguage":"pt-BR","@id":"https:\/\/vanderloubet.com.br\/deputado\/#\/schema\/logo\/image\/","url":"https:\/\/vanderloubet.com.br\/deputado\/wp-content\/uploads\/2023\/06\/foto-2023-06-19-mandato-deputado-vander.jpg","contentUrl":"https:\/\/vanderloubet.com.br\/deputado\/wp-content\/uploads\/2023\/06\/foto-2023-06-19-mandato-deputado-vander.jpg","width":1080,"height":1080,"caption":"Deputado Federal Vander Loubet"},"image":{"@id":"https:\/\/vanderloubet.com.br\/deputado\/#\/schema\/logo\/image\/"},"sameAs":["https:\/\/facebook.com\/deputadovander","https:\/\/x.com\/vanderloubet","https:\/\/instagram.com\/vanderloubet","https:\/\/youtube.com\/vanderloubet","https:\/\/tiktok.com\/@vanderloubetms"]},{"@type":"Person","@id":"https:\/\/vanderloubet.com.br\/deputado\/#\/schema\/person\/15b51bd564532a8a68d9dec1b8eb890e","name":"\u00c9der","image":{"@type":"ImageObject","inLanguage":"pt-BR","@id":"https:\/\/vanderloubet.com.br\/deputado\/wp-content\/litespeed\/avatar\/88ca4090d9d5ab1c9495f6ca03b68efa.jpg?ver=1777058957","url":"https:\/\/vanderloubet.com.br\/deputado\/wp-content\/litespeed\/avatar\/88ca4090d9d5ab1c9495f6ca03b68efa.jpg?ver=1777058957","contentUrl":"https:\/\/vanderloubet.com.br\/deputado\/wp-content\/litespeed\/avatar\/88ca4090d9d5ab1c9495f6ca03b68efa.jpg?ver=1777058957","caption":"\u00c9der"}}]}},"jetpack_featured_media_url":"","jetpack_sharing_enabled":true,"_links":{"self":[{"href":"https:\/\/vanderloubet.com.br\/deputado\/wp-json\/wp\/v2\/posts\/3300","targetHints":{"allow":["GET"]}}],"collection":[{"href":"https:\/\/vanderloubet.com.br\/deputado\/wp-json\/wp\/v2\/posts"}],"about":[{"href":"https:\/\/vanderloubet.com.br\/deputado\/wp-json\/wp\/v2\/types\/post"}],"author":[{"embeddable":true,"href":"https:\/\/vanderloubet.com.br\/deputado\/wp-json\/wp\/v2\/users\/2"}],"replies":[{"embeddable":true,"href":"https:\/\/vanderloubet.com.br\/deputado\/wp-json\/wp\/v2\/comments?post=3300"}],"version-history":[{"count":0,"href":"https:\/\/vanderloubet.com.br\/deputado\/wp-json\/wp\/v2\/posts\/3300\/revisions"}],"wp:attachment":[{"href":"https:\/\/vanderloubet.com.br\/deputado\/wp-json\/wp\/v2\/media?parent=3300"}],"wp:term":[{"taxonomy":"category","embeddable":true,"href":"https:\/\/vanderloubet.com.br\/deputado\/wp-json\/wp\/v2\/categories?post=3300"},{"taxonomy":"post_tag","embeddable":true,"href":"https:\/\/vanderloubet.com.br\/deputado\/wp-json\/wp\/v2\/tags?post=3300"}],"curies":[{"name":"wp","href":"https:\/\/api.w.org\/{rel}","templated":true}]}}