{"id":3284,"date":"2011-06-06T14:28:27","date_gmt":"2011-06-06T18:28:27","guid":{"rendered":"http:\/\/www.deputadovander.com.br\/website\/?p=3284"},"modified":"2011-06-06T14:28:27","modified_gmt":"2011-06-06T18:28:27","slug":"vander-lamenta-morte-do-amigo-e-parceiro-juneir-marques","status":"publish","type":"post","link":"https:\/\/vanderloubet.com.br\/deputado\/vander-lamenta-morte-do-amigo-e-parceiro-juneir-marques\/","title":{"rendered":"Vander lamenta morte do amigo e parceiro Juneir Marques"},"content":{"rendered":"<p style=\"text-align: center;\"><figure id=\"attachment_3285\" aria-describedby=\"caption-attachment-3285\" style=\"width: 400px\" class=\"wp-caption aligncenter\"><a href=\"http:\/\/www.deputadovander.com.br\/website\/wp-content\/uploads\/2011\/06\/foto-2011-06-06-vander-juneir-marques.jpg\" target=\"_blank\"><img decoding=\"async\" class=\"size-medium wp-image-3285 \" title=\"foto-2011-06-06-vander-juneir-marques\" src=\"http:\/\/www.deputadovander.com.br\/website\/wp-content\/uploads\/2011\/06\/foto-2011-06-06-vander-juneir-marques-400x266.jpg\" alt=\"Vander e Juneir em assentamento de Ant\u00f4nio Jo\u00e3o (julho\/2010)\" width=\"400\" height=\"266\" \/><\/a><figcaption id=\"caption-attachment-3285\" class=\"wp-caption-text\">Vander e Juneir em assentamento de Ant\u00f4nio Jo\u00e3o (julho\/2010)<\/figcaption><\/figure><\/p>\n<p>O deputado federal Vander Loubet (PT-MS) disse que ficou profundamente chocado ao ser informado da morte do prefeito Juneir Marques (PMDB), de Antonio Jo\u00e3o, em acidente automobil\u00edstico na manh\u00e3 desta segunda-feira (6). &#8220;Perdi um grande amigo e um grande parceiro nas lutas pelo desenvolvimento do seu munic\u00edpio e de todo o estado. \u00c9 uma perda que me entristece muito. Rogo a Deus que o acolha e conforte sua fam\u00edlia&#8221;, disse Vander.<\/p>\n<p>Juneir tinha 46 anos e morreu ao fraturar o pesco\u00e7o em um acidente ocorrido em uma rodovia estadual, a dez quil\u00f4metros de Bela Vista. Segundo informa\u00e7\u00f5es preliminares a caminhonete em que estava teve um pneu estourado, vindo a capotar.<\/p>\n<p>De acordo com o deputado, Juneir estava vibrando com as perspectivas de novos investimentos para Antonio Jo\u00e3o e confiante no \u00eaxito do programa de governo que tra\u00e7ou para o mandato, com \u00eanfase na inclus\u00e3o social. &#8220;A valoriza\u00e7\u00e3o da pessoa era o forte da a\u00e7\u00e3o pol\u00edtica e administrativa desse mandato. \u00c9 hora de todos n\u00f3s, em ora\u00e7\u00f5es conjuntas, buscar o conforto e a resigna\u00e7\u00e3o e pedirmos a Deus que receba esta alma&#8221;.<\/p>\n<p><span style=\"font-size: 11px;\">(Edson Moraes\/Assessoria de Comunica\u00e7\u00e3o)<\/span><\/p>\n","protected":false},"excerpt":{"rendered":"<p>Prefeito de Ant\u00f4nio Jo\u00e3o tinha 46 anos e morreu ao fraturar pesco\u00e7o em acidente em rodovia estadual, pr\u00f3ximo \u00e0 Bela Vista.<\/p>\n","protected":false},"author":2,"featured_media":0,"comment_status":"open","ping_status":"open","sticky":false,"template":"","format":"standard","meta":{"jetpack_post_was_ever_published":false,"_jetpack_newsletter_access":"","_jetpack_dont_email_post_to_subs":false,"_jetpack_newsletter_tier_id":0,"_jetpack_memberships_contains_paywalled_content":false,"_jetpack_memberships_contains_paid_content":false,"footnotes":""},"categories":[10],"tags":[42,145,608,755,807,1074,1102,1178,1238,1322,1336,1564,1607,1655,2033],"class_list":{"0":"post-3284","1":"post","2":"type-post","3":"status-publish","4":"format-standard","6":"category-noticias","7":"tag-acidente","8":"tag-antonio","9":"tag-deputado","10":"tag-estrada","11":"tag-federal","12":"tag-joao","13":"tag-juneir","14":"tag-loubet","15":"tag-marques","16":"tag-morte","17":"tag-ms","18":"tag-pmdb","19":"tag-prefeito","20":"tag-pt","21":"tag-vander"},"yoast_head":"<!-- This site is optimized with the Yoast SEO plugin v27.4 - https:\/\/yoast.com\/product\/yoast-seo-wordpress\/ -->\n<title>Vander lamenta morte do amigo e parceiro Juneir Marques<\/title>\n<meta name=\"robots\" content=\"index, follow, max-snippet:-1, max-image-preview:large, max-video-preview:-1\" \/>\n<link rel=\"canonical\" href=\"https:\/\/vanderloubet.com.br\/deputado\/vander-lamenta-morte-do-amigo-e-parceiro-juneir-marques\/\" \/>\n<meta property=\"og:locale\" content=\"pt_BR\" \/>\n<meta property=\"og:type\" content=\"article\" \/>\n<meta property=\"og:title\" content=\"Vander lamenta morte do amigo e parceiro Juneir Marques\" \/>\n<meta property=\"og:description\" content=\"Prefeito de Ant\u00f4nio Jo\u00e3o tinha 46 anos e morreu ao fraturar pesco\u00e7o em acidente em rodovia estadual, pr\u00f3ximo \u00e0 Bela Vista.\" \/>\n<meta property=\"og:url\" content=\"https:\/\/vanderloubet.com.br\/deputado\/vander-lamenta-morte-do-amigo-e-parceiro-juneir-marques\/\" \/>\n<meta property=\"og:site_name\" content=\"Deputado Federal Vander Loubet\" \/>\n<meta property=\"article:publisher\" content=\"https:\/\/facebook.com\/deputadovander\" \/>\n<meta property=\"article:published_time\" content=\"2011-06-06T18:28:27+00:00\" \/>\n<meta property=\"og:image\" content=\"http:\/\/www.deputadovander.com.br\/website\/wp-content\/uploads\/2011\/06\/foto-2011-06-06-vander-juneir-marques-400x266.jpg\" \/>\n<meta name=\"author\" content=\"\u00c9der\" \/>\n<meta name=\"twitter:card\" content=\"summary_large_image\" \/>\n<meta name=\"twitter:creator\" content=\"@vanderloubet\" \/>\n<meta name=\"twitter:site\" content=\"@vanderloubet\" \/>\n<script type=\"application\/ld+json\" class=\"yoast-schema-graph\">{\"@context\":\"https:\\\/\\\/schema.org\",\"@graph\":[{\"@type\":\"Article\",\"@id\":\"https:\\\/\\\/vanderloubet.com.br\\\/deputado\\\/vander-lamenta-morte-do-amigo-e-parceiro-juneir-marques\\\/#article\",\"isPartOf\":{\"@id\":\"https:\\\/\\\/vanderloubet.com.br\\\/deputado\\\/vander-lamenta-morte-do-amigo-e-parceiro-juneir-marques\\\/\"},\"author\":{\"name\":\"\u00c9der\",\"@id\":\"https:\\\/\\\/vanderloubet.com.br\\\/deputado\\\/#\\\/schema\\\/person\\\/15b51bd564532a8a68d9dec1b8eb890e\"},\"headline\":\"Vander lamenta morte do amigo e parceiro Juneir Marques\",\"datePublished\":\"2011-06-06T18:28:27+00:00\",\"mainEntityOfPage\":{\"@id\":\"https:\\\/\\\/vanderloubet.com.br\\\/deputado\\\/vander-lamenta-morte-do-amigo-e-parceiro-juneir-marques\\\/\"},\"wordCount\":227,\"commentCount\":0,\"publisher\":{\"@id\":\"https:\\\/\\\/vanderloubet.com.br\\\/deputado\\\/#organization\"},\"image\":{\"@id\":\"https:\\\/\\\/vanderloubet.com.br\\\/deputado\\\/vander-lamenta-morte-do-amigo-e-parceiro-juneir-marques\\\/#primaryimage\"},\"thumbnailUrl\":\"http:\\\/\\\/www.deputadovander.com.br\\\/website\\\/wp-content\\\/uploads\\\/2011\\\/06\\\/foto-2011-06-06-vander-juneir-marques-400x266.jpg\",\"keywords\":[\"acidente\",\"antonio\",\"deputado\",\"estrada\",\"federal\",\"jo\u00e3o\",\"juneir\",\"loubet\",\"marques\",\"morte\",\"MS\",\"pmdb\",\"prefeito\",\"PT\",\"vander\"],\"articleSection\":[\"Not\u00edcias\"],\"inLanguage\":\"pt-BR\",\"potentialAction\":[{\"@type\":\"CommentAction\",\"name\":\"Comment\",\"target\":[\"https:\\\/\\\/vanderloubet.com.br\\\/deputado\\\/vander-lamenta-morte-do-amigo-e-parceiro-juneir-marques\\\/#respond\"]}]},{\"@type\":\"WebPage\",\"@id\":\"https:\\\/\\\/vanderloubet.com.br\\\/deputado\\\/vander-lamenta-morte-do-amigo-e-parceiro-juneir-marques\\\/\",\"url\":\"https:\\\/\\\/vanderloubet.com.br\\\/deputado\\\/vander-lamenta-morte-do-amigo-e-parceiro-juneir-marques\\\/\",\"name\":\"Vander lamenta morte do amigo e parceiro Juneir Marques\",\"isPartOf\":{\"@id\":\"https:\\\/\\\/vanderloubet.com.br\\\/deputado\\\/#website\"},\"primaryImageOfPage\":{\"@id\":\"https:\\\/\\\/vanderloubet.com.br\\\/deputado\\\/vander-lamenta-morte-do-amigo-e-parceiro-juneir-marques\\\/#primaryimage\"},\"image\":{\"@id\":\"https:\\\/\\\/vanderloubet.com.br\\\/deputado\\\/vander-lamenta-morte-do-amigo-e-parceiro-juneir-marques\\\/#primaryimage\"},\"thumbnailUrl\":\"http:\\\/\\\/www.deputadovander.com.br\\\/website\\\/wp-content\\\/uploads\\\/2011\\\/06\\\/foto-2011-06-06-vander-juneir-marques-400x266.jpg\",\"datePublished\":\"2011-06-06T18:28:27+00:00\",\"breadcrumb\":{\"@id\":\"https:\\\/\\\/vanderloubet.com.br\\\/deputado\\\/vander-lamenta-morte-do-amigo-e-parceiro-juneir-marques\\\/#breadcrumb\"},\"inLanguage\":\"pt-BR\",\"potentialAction\":[{\"@type\":\"ReadAction\",\"target\":[\"https:\\\/\\\/vanderloubet.com.br\\\/deputado\\\/vander-lamenta-morte-do-amigo-e-parceiro-juneir-marques\\\/\"]}]},{\"@type\":\"ImageObject\",\"inLanguage\":\"pt-BR\",\"@id\":\"https:\\\/\\\/vanderloubet.com.br\\\/deputado\\\/vander-lamenta-morte-do-amigo-e-parceiro-juneir-marques\\\/#primaryimage\",\"url\":\"http:\\\/\\\/www.deputadovander.com.br\\\/website\\\/wp-content\\\/uploads\\\/2011\\\/06\\\/foto-2011-06-06-vander-juneir-marques-400x266.jpg\",\"contentUrl\":\"http:\\\/\\\/www.deputadovander.com.br\\\/website\\\/wp-content\\\/uploads\\\/2011\\\/06\\\/foto-2011-06-06-vander-juneir-marques-400x266.jpg\"},{\"@type\":\"BreadcrumbList\",\"@id\":\"https:\\\/\\\/vanderloubet.com.br\\\/deputado\\\/vander-lamenta-morte-do-amigo-e-parceiro-juneir-marques\\\/#breadcrumb\",\"itemListElement\":[{\"@type\":\"ListItem\",\"position\":1,\"name\":\"In\u00edcio\",\"item\":\"https:\\\/\\\/vanderloubet.com.br\\\/deputado\\\/\"},{\"@type\":\"ListItem\",\"position\":2,\"name\":\"Vander lamenta morte do amigo e parceiro Juneir Marques\"}]},{\"@type\":\"WebSite\",\"@id\":\"https:\\\/\\\/vanderloubet.com.br\\\/deputado\\\/#website\",\"url\":\"https:\\\/\\\/vanderloubet.com.br\\\/deputado\\\/\",\"name\":\"Deputado Federal Vander Loubet\",\"description\":\"O Federal de MS\",\"publisher\":{\"@id\":\"https:\\\/\\\/vanderloubet.com.br\\\/deputado\\\/#organization\"},\"alternateName\":\"Deputado Vander\",\"potentialAction\":[{\"@type\":\"SearchAction\",\"target\":{\"@type\":\"EntryPoint\",\"urlTemplate\":\"https:\\\/\\\/vanderloubet.com.br\\\/deputado\\\/?s={search_term_string}\"},\"query-input\":{\"@type\":\"PropertyValueSpecification\",\"valueRequired\":true,\"valueName\":\"search_term_string\"}}],\"inLanguage\":\"pt-BR\"},{\"@type\":\"Organization\",\"@id\":\"https:\\\/\\\/vanderloubet.com.br\\\/deputado\\\/#organization\",\"name\":\"Deputado Federal Vander Loubet\",\"alternateName\":\"Deputado Vander\",\"url\":\"https:\\\/\\\/vanderloubet.com.br\\\/deputado\\\/\",\"logo\":{\"@type\":\"ImageObject\",\"inLanguage\":\"pt-BR\",\"@id\":\"https:\\\/\\\/vanderloubet.com.br\\\/deputado\\\/#\\\/schema\\\/logo\\\/image\\\/\",\"url\":\"https:\\\/\\\/vanderloubet.com.br\\\/deputado\\\/wp-content\\\/uploads\\\/2023\\\/06\\\/foto-2023-06-19-mandato-deputado-vander.jpg\",\"contentUrl\":\"https:\\\/\\\/vanderloubet.com.br\\\/deputado\\\/wp-content\\\/uploads\\\/2023\\\/06\\\/foto-2023-06-19-mandato-deputado-vander.jpg\",\"width\":1080,\"height\":1080,\"caption\":\"Deputado Federal Vander Loubet\"},\"image\":{\"@id\":\"https:\\\/\\\/vanderloubet.com.br\\\/deputado\\\/#\\\/schema\\\/logo\\\/image\\\/\"},\"sameAs\":[\"https:\\\/\\\/facebook.com\\\/deputadovander\",\"https:\\\/\\\/x.com\\\/vanderloubet\",\"https:\\\/\\\/instagram.com\\\/vanderloubet\",\"https:\\\/\\\/youtube.com\\\/vanderloubet\",\"https:\\\/\\\/tiktok.com\\\/@vanderloubetms\"]},{\"@type\":\"Person\",\"@id\":\"https:\\\/\\\/vanderloubet.com.br\\\/deputado\\\/#\\\/schema\\\/person\\\/15b51bd564532a8a68d9dec1b8eb890e\",\"name\":\"\u00c9der\",\"image\":{\"@type\":\"ImageObject\",\"inLanguage\":\"pt-BR\",\"@id\":\"https:\\\/\\\/vanderloubet.com.br\\\/deputado\\\/wp-content\\\/litespeed\\\/avatar\\\/88ca4090d9d5ab1c9495f6ca03b68efa.jpg?ver=1777058957\",\"url\":\"https:\\\/\\\/vanderloubet.com.br\\\/deputado\\\/wp-content\\\/litespeed\\\/avatar\\\/88ca4090d9d5ab1c9495f6ca03b68efa.jpg?ver=1777058957\",\"contentUrl\":\"https:\\\/\\\/vanderloubet.com.br\\\/deputado\\\/wp-content\\\/litespeed\\\/avatar\\\/88ca4090d9d5ab1c9495f6ca03b68efa.jpg?ver=1777058957\",\"caption\":\"\u00c9der\"}}]}<\/script>\n<!-- \/ Yoast SEO plugin. -->","yoast_head_json":{"title":"Vander lamenta morte do amigo e parceiro Juneir Marques","robots":{"index":"index","follow":"follow","max-snippet":"max-snippet:-1","max-image-preview":"max-image-preview:large","max-video-preview":"max-video-preview:-1"},"canonical":"https:\/\/vanderloubet.com.br\/deputado\/vander-lamenta-morte-do-amigo-e-parceiro-juneir-marques\/","og_locale":"pt_BR","og_type":"article","og_title":"Vander lamenta morte do amigo e parceiro Juneir Marques","og_description":"Prefeito de Ant\u00f4nio Jo\u00e3o tinha 46 anos e morreu ao fraturar pesco\u00e7o em acidente em rodovia estadual, pr\u00f3ximo \u00e0 Bela Vista.","og_url":"https:\/\/vanderloubet.com.br\/deputado\/vander-lamenta-morte-do-amigo-e-parceiro-juneir-marques\/","og_site_name":"Deputado Federal Vander Loubet","article_publisher":"https:\/\/facebook.com\/deputadovander","article_published_time":"2011-06-06T18:28:27+00:00","og_image":[{"url":"http:\/\/www.deputadovander.com.br\/website\/wp-content\/uploads\/2011\/06\/foto-2011-06-06-vander-juneir-marques-400x266.jpg","type":"","width":"","height":""}],"author":"\u00c9der","twitter_card":"summary_large_image","twitter_creator":"@vanderloubet","twitter_site":"@vanderloubet","schema":{"@context":"https:\/\/schema.org","@graph":[{"@type":"Article","@id":"https:\/\/vanderloubet.com.br\/deputado\/vander-lamenta-morte-do-amigo-e-parceiro-juneir-marques\/#article","isPartOf":{"@id":"https:\/\/vanderloubet.com.br\/deputado\/vander-lamenta-morte-do-amigo-e-parceiro-juneir-marques\/"},"author":{"name":"\u00c9der","@id":"https:\/\/vanderloubet.com.br\/deputado\/#\/schema\/person\/15b51bd564532a8a68d9dec1b8eb890e"},"headline":"Vander lamenta morte do amigo e parceiro Juneir Marques","datePublished":"2011-06-06T18:28:27+00:00","mainEntityOfPage":{"@id":"https:\/\/vanderloubet.com.br\/deputado\/vander-lamenta-morte-do-amigo-e-parceiro-juneir-marques\/"},"wordCount":227,"commentCount":0,"publisher":{"@id":"https:\/\/vanderloubet.com.br\/deputado\/#organization"},"image":{"@id":"https:\/\/vanderloubet.com.br\/deputado\/vander-lamenta-morte-do-amigo-e-parceiro-juneir-marques\/#primaryimage"},"thumbnailUrl":"http:\/\/www.deputadovander.com.br\/website\/wp-content\/uploads\/2011\/06\/foto-2011-06-06-vander-juneir-marques-400x266.jpg","keywords":["acidente","antonio","deputado","estrada","federal","jo\u00e3o","juneir","loubet","marques","morte","MS","pmdb","prefeito","PT","vander"],"articleSection":["Not\u00edcias"],"inLanguage":"pt-BR","potentialAction":[{"@type":"CommentAction","name":"Comment","target":["https:\/\/vanderloubet.com.br\/deputado\/vander-lamenta-morte-do-amigo-e-parceiro-juneir-marques\/#respond"]}]},{"@type":"WebPage","@id":"https:\/\/vanderloubet.com.br\/deputado\/vander-lamenta-morte-do-amigo-e-parceiro-juneir-marques\/","url":"https:\/\/vanderloubet.com.br\/deputado\/vander-lamenta-morte-do-amigo-e-parceiro-juneir-marques\/","name":"Vander lamenta morte do amigo e parceiro Juneir Marques","isPartOf":{"@id":"https:\/\/vanderloubet.com.br\/deputado\/#website"},"primaryImageOfPage":{"@id":"https:\/\/vanderloubet.com.br\/deputado\/vander-lamenta-morte-do-amigo-e-parceiro-juneir-marques\/#primaryimage"},"image":{"@id":"https:\/\/vanderloubet.com.br\/deputado\/vander-lamenta-morte-do-amigo-e-parceiro-juneir-marques\/#primaryimage"},"thumbnailUrl":"http:\/\/www.deputadovander.com.br\/website\/wp-content\/uploads\/2011\/06\/foto-2011-06-06-vander-juneir-marques-400x266.jpg","datePublished":"2011-06-06T18:28:27+00:00","breadcrumb":{"@id":"https:\/\/vanderloubet.com.br\/deputado\/vander-lamenta-morte-do-amigo-e-parceiro-juneir-marques\/#breadcrumb"},"inLanguage":"pt-BR","potentialAction":[{"@type":"ReadAction","target":["https:\/\/vanderloubet.com.br\/deputado\/vander-lamenta-morte-do-amigo-e-parceiro-juneir-marques\/"]}]},{"@type":"ImageObject","inLanguage":"pt-BR","@id":"https:\/\/vanderloubet.com.br\/deputado\/vander-lamenta-morte-do-amigo-e-parceiro-juneir-marques\/#primaryimage","url":"http:\/\/www.deputadovander.com.br\/website\/wp-content\/uploads\/2011\/06\/foto-2011-06-06-vander-juneir-marques-400x266.jpg","contentUrl":"http:\/\/www.deputadovander.com.br\/website\/wp-content\/uploads\/2011\/06\/foto-2011-06-06-vander-juneir-marques-400x266.jpg"},{"@type":"BreadcrumbList","@id":"https:\/\/vanderloubet.com.br\/deputado\/vander-lamenta-morte-do-amigo-e-parceiro-juneir-marques\/#breadcrumb","itemListElement":[{"@type":"ListItem","position":1,"name":"In\u00edcio","item":"https:\/\/vanderloubet.com.br\/deputado\/"},{"@type":"ListItem","position":2,"name":"Vander lamenta morte do amigo e parceiro Juneir Marques"}]},{"@type":"WebSite","@id":"https:\/\/vanderloubet.com.br\/deputado\/#website","url":"https:\/\/vanderloubet.com.br\/deputado\/","name":"Deputado Federal Vander Loubet","description":"O Federal de MS","publisher":{"@id":"https:\/\/vanderloubet.com.br\/deputado\/#organization"},"alternateName":"Deputado Vander","potentialAction":[{"@type":"SearchAction","target":{"@type":"EntryPoint","urlTemplate":"https:\/\/vanderloubet.com.br\/deputado\/?s={search_term_string}"},"query-input":{"@type":"PropertyValueSpecification","valueRequired":true,"valueName":"search_term_string"}}],"inLanguage":"pt-BR"},{"@type":"Organization","@id":"https:\/\/vanderloubet.com.br\/deputado\/#organization","name":"Deputado Federal Vander Loubet","alternateName":"Deputado Vander","url":"https:\/\/vanderloubet.com.br\/deputado\/","logo":{"@type":"ImageObject","inLanguage":"pt-BR","@id":"https:\/\/vanderloubet.com.br\/deputado\/#\/schema\/logo\/image\/","url":"https:\/\/vanderloubet.com.br\/deputado\/wp-content\/uploads\/2023\/06\/foto-2023-06-19-mandato-deputado-vander.jpg","contentUrl":"https:\/\/vanderloubet.com.br\/deputado\/wp-content\/uploads\/2023\/06\/foto-2023-06-19-mandato-deputado-vander.jpg","width":1080,"height":1080,"caption":"Deputado Federal Vander Loubet"},"image":{"@id":"https:\/\/vanderloubet.com.br\/deputado\/#\/schema\/logo\/image\/"},"sameAs":["https:\/\/facebook.com\/deputadovander","https:\/\/x.com\/vanderloubet","https:\/\/instagram.com\/vanderloubet","https:\/\/youtube.com\/vanderloubet","https:\/\/tiktok.com\/@vanderloubetms"]},{"@type":"Person","@id":"https:\/\/vanderloubet.com.br\/deputado\/#\/schema\/person\/15b51bd564532a8a68d9dec1b8eb890e","name":"\u00c9der","image":{"@type":"ImageObject","inLanguage":"pt-BR","@id":"https:\/\/vanderloubet.com.br\/deputado\/wp-content\/litespeed\/avatar\/88ca4090d9d5ab1c9495f6ca03b68efa.jpg?ver=1777058957","url":"https:\/\/vanderloubet.com.br\/deputado\/wp-content\/litespeed\/avatar\/88ca4090d9d5ab1c9495f6ca03b68efa.jpg?ver=1777058957","contentUrl":"https:\/\/vanderloubet.com.br\/deputado\/wp-content\/litespeed\/avatar\/88ca4090d9d5ab1c9495f6ca03b68efa.jpg?ver=1777058957","caption":"\u00c9der"}}]}},"jetpack_featured_media_url":"","jetpack_sharing_enabled":true,"_links":{"self":[{"href":"https:\/\/vanderloubet.com.br\/deputado\/wp-json\/wp\/v2\/posts\/3284","targetHints":{"allow":["GET"]}}],"collection":[{"href":"https:\/\/vanderloubet.com.br\/deputado\/wp-json\/wp\/v2\/posts"}],"about":[{"href":"https:\/\/vanderloubet.com.br\/deputado\/wp-json\/wp\/v2\/types\/post"}],"author":[{"embeddable":true,"href":"https:\/\/vanderloubet.com.br\/deputado\/wp-json\/wp\/v2\/users\/2"}],"replies":[{"embeddable":true,"href":"https:\/\/vanderloubet.com.br\/deputado\/wp-json\/wp\/v2\/comments?post=3284"}],"version-history":[{"count":0,"href":"https:\/\/vanderloubet.com.br\/deputado\/wp-json\/wp\/v2\/posts\/3284\/revisions"}],"wp:attachment":[{"href":"https:\/\/vanderloubet.com.br\/deputado\/wp-json\/wp\/v2\/media?parent=3284"}],"wp:term":[{"taxonomy":"category","embeddable":true,"href":"https:\/\/vanderloubet.com.br\/deputado\/wp-json\/wp\/v2\/categories?post=3284"},{"taxonomy":"post_tag","embeddable":true,"href":"https:\/\/vanderloubet.com.br\/deputado\/wp-json\/wp\/v2\/tags?post=3284"}],"curies":[{"name":"wp","href":"https:\/\/api.w.org\/{rel}","templated":true}]}}