{"id":3273,"date":"2011-06-01T09:48:02","date_gmt":"2011-06-01T13:48:02","guid":{"rendered":"http:\/\/www.deputadovander.com.br\/website\/?p=3273"},"modified":"2011-06-01T09:48:02","modified_gmt":"2011-06-01T13:48:02","slug":"vander-apresenta-projeto-de-lei-para-estimular-reciclagem","status":"publish","type":"post","link":"https:\/\/vanderloubet.com.br\/deputado\/vander-apresenta-projeto-de-lei-para-estimular-reciclagem\/","title":{"rendered":"Vander apresenta projeto de lei para estimular reciclagem"},"content":{"rendered":"<p style=\"text-align: center;\"><figure id=\"attachment_448\" aria-describedby=\"caption-attachment-448\" style=\"width: 300px\" class=\"wp-caption aligncenter\"><a href=\"http:\/\/www.deputadovander.com.br\/website\/wp-content\/uploads\/2010\/03\/foto-2010-03-25-discurso-wwf1.jpg\" target=\"_blank\"><img decoding=\"async\" class=\"size-medium wp-image-448 \" title=\"foto-2010-03-25-discurso-wwf\" src=\"http:\/\/www.deputadovander.com.br\/website\/wp-content\/uploads\/2010\/03\/foto-2010-03-25-discurso-wwf1-300x225.jpg\" alt=\"Deputado Vander no Plen\u00e1rio da C\u00e2mara\" width=\"300\" height=\"225\" \/><\/a><figcaption id=\"caption-attachment-448\" class=\"wp-caption-text\">Deputado Vander no Plen\u00e1rio da C\u00e2mara<\/figcaption><\/figure><\/p>\n<p>O deputado federal Vander Loubet (PT-MS), encaminhou ontem (31\/05) \u00e0 Mesa Diretora da C\u00e2mara dos Deputados um projeto de lei que obriga o fabricante de produto recicl\u00e1vel ou cuja embalagem seja recicl\u00e1vel a apresentar ao consumidor essa informa\u00e7\u00e3o no r\u00f3tulo. Em sua justificativa, o Projeto de Lei (PL) 1.474\/11 abriga dados do Instituto Brasileiro de Geografia e Estat\u00edstica (IBGE) mostrando que apenas 2% da produ\u00e7\u00e3o brasileira di\u00e1ria de lixo (230 mil toneladas) \u00e9 reciclada.<\/p>\n<p>Segundo Vander, a reciclagem pode reduzir a demanda por mat\u00e9ria-prima, ajudando a conservar os recursos naturais, al\u00e9m de reduzir o impacto dos res\u00edduos s\u00f3lidos sobre o solo, o ar, a \u00e1gua e a sa\u00fade da popula\u00e7\u00e3o. &#8220;Em muitos casos, a reciclagem \u00e9 mais barata do que a mat\u00e9ria-prima extra\u00edda do meio natural. Ou seja, al\u00e9m de ter uma atitude mais alinhada \u00e0 prote\u00e7\u00e3o do meio amebiente, \u00e9 poss\u00edvel reduzir o custo de produ\u00e7\u00e3o e at\u00e9 mesmo o pre\u00e7o dos produtos&#8221;, afirma o parlamentar sul-mato-grossense.<\/p>\n<p>Ainda de acordo com o deputado, pesquisas recentes mostram que metade dos consumidores brasileiros leva em considera\u00e7\u00e3o o fato de um produto ter embalagem recicl\u00e1vel e respeita crit\u00e9rios s\u00f3cioambientais na hora de fazer suas compras. &#8220;Com a obrigatoriedade da informa\u00e7\u00e3o no r\u00f3tulo indicando se a embalagem \u00e9 recicl\u00e1vel ou n\u00e3o, estaremos dando mais subs\u00eddios a esse consumidor comsciente. \u00c9 uma forma de estimular a reciclagem no Brasil&#8221;, conclui Vander.<\/p>\n<p><strong>Requerimento<\/strong><\/p>\n<p>Na mesma oportunidade, o deputado Vander Loubet apresentou \u00e0 Mesa Diretora o Requerimento 1.951\/11, solicitando a inclus\u00e3o na Ordem do Dia da Proposta de Emenda \u00e0 Constitui\u00e7\u00e3o (PEC) 308\/2004, que &#8220;altera os artigos 21, 32 e 144 da Constitui\u00e7\u00e3o Federal, criando as pol\u00edcias penitenci\u00e1rias federal e estadual&#8221;.<\/p>\n<p>A iniciativa prop\u00f5e a cria\u00e7\u00e3o de institui\u00e7\u00f5es nas esferas federal e estadual destinadas a assumir os encargos de guarda, escolta e recaptura de presos condenados ou custodiados pela Justi\u00e7a. A proposta visa aperfei\u00e7oar o sistema de seguran\u00e7a p\u00fablica, uma vez que libera definitivamente os integrantes das pol\u00edcias civil e militar de encargos em atividades carcer\u00e1rias.<\/p>\n<p><span style=\"font-size: 11px;\">(Assessoria de Comunica\u00e7\u00e3o\/Deputado Vander)<\/span><\/p>\n","protected":false},"excerpt":{"rendered":"<p>O PL 1.474\/11 obriga fabricante de produto recicl\u00e1vel ou com embalagem recicl\u00e1vel a apresentar informa\u00e7\u00e3o no r\u00f3tulo.<\/p>\n","protected":false},"author":2,"featured_media":0,"comment_status":"closed","ping_status":"open","sticky":false,"template":"","format":"standard","meta":{"jetpack_post_was_ever_published":false,"_jetpack_newsletter_access":"","_jetpack_dont_email_post_to_subs":false,"_jetpack_newsletter_tier_id":0,"_jetpack_memberships_contains_paywalled_content":false,"_jetpack_memberships_contains_paid_content":false,"footnotes":""},"categories":[10],"tags":[608,707,747,807,1141,1178,1514,1527,1570,1624,1634,1685,1686,2033],"class_list":{"0":"post-3273","1":"post","2":"type-post","3":"status-publish","4":"format-standard","6":"category-noticias","7":"tag-deputado","8":"tag-embalagem","9":"tag-estadual","10":"tag-federal","11":"tag-lei-camara","12":"tag-loubet","13":"tag-pec","14":"tag-peniteciaria","15":"tag-policia","16":"tag-produto","17":"tag-projeto","18":"tag-reciclagem","19":"tag-reciclavel","20":"tag-vander"},"yoast_head":"<!-- This site is optimized with the Yoast SEO plugin v27.4 - https:\/\/yoast.com\/product\/yoast-seo-wordpress\/ -->\n<title>Vander apresenta projeto de lei para estimular reciclagem<\/title>\n<meta name=\"robots\" content=\"index, follow, max-snippet:-1, max-image-preview:large, max-video-preview:-1\" \/>\n<link rel=\"canonical\" href=\"https:\/\/vanderloubet.com.br\/deputado\/vander-apresenta-projeto-de-lei-para-estimular-reciclagem\/\" \/>\n<meta property=\"og:locale\" content=\"pt_BR\" \/>\n<meta property=\"og:type\" content=\"article\" \/>\n<meta property=\"og:title\" content=\"Vander apresenta projeto de lei para estimular reciclagem\" \/>\n<meta property=\"og:description\" content=\"O PL 1.474\/11 obriga fabricante de produto recicl\u00e1vel ou com embalagem recicl\u00e1vel a apresentar informa\u00e7\u00e3o no r\u00f3tulo.\" \/>\n<meta property=\"og:url\" content=\"https:\/\/vanderloubet.com.br\/deputado\/vander-apresenta-projeto-de-lei-para-estimular-reciclagem\/\" \/>\n<meta property=\"og:site_name\" content=\"Deputado Federal Vander Loubet\" \/>\n<meta property=\"article:publisher\" content=\"https:\/\/facebook.com\/deputadovander\" \/>\n<meta property=\"article:published_time\" content=\"2011-06-01T13:48:02+00:00\" \/>\n<meta property=\"og:image\" content=\"http:\/\/www.deputadovander.com.br\/website\/wp-content\/uploads\/2010\/03\/foto-2010-03-25-discurso-wwf1-300x225.jpg\" \/>\n<meta name=\"author\" content=\"\u00c9der\" \/>\n<meta name=\"twitter:card\" content=\"summary_large_image\" \/>\n<meta name=\"twitter:creator\" content=\"@vanderloubet\" \/>\n<meta name=\"twitter:site\" content=\"@vanderloubet\" \/>\n<script type=\"application\/ld+json\" class=\"yoast-schema-graph\">{\"@context\":\"https:\\\/\\\/schema.org\",\"@graph\":[{\"@type\":\"Article\",\"@id\":\"https:\\\/\\\/vanderloubet.com.br\\\/deputado\\\/vander-apresenta-projeto-de-lei-para-estimular-reciclagem\\\/#article\",\"isPartOf\":{\"@id\":\"https:\\\/\\\/vanderloubet.com.br\\\/deputado\\\/vander-apresenta-projeto-de-lei-para-estimular-reciclagem\\\/\"},\"author\":{\"name\":\"\u00c9der\",\"@id\":\"https:\\\/\\\/vanderloubet.com.br\\\/deputado\\\/#\\\/schema\\\/person\\\/15b51bd564532a8a68d9dec1b8eb890e\"},\"headline\":\"Vander apresenta projeto de lei para estimular reciclagem\",\"datePublished\":\"2011-06-01T13:48:02+00:00\",\"mainEntityOfPage\":{\"@id\":\"https:\\\/\\\/vanderloubet.com.br\\\/deputado\\\/vander-apresenta-projeto-de-lei-para-estimular-reciclagem\\\/\"},\"wordCount\":386,\"publisher\":{\"@id\":\"https:\\\/\\\/vanderloubet.com.br\\\/deputado\\\/#organization\"},\"image\":{\"@id\":\"https:\\\/\\\/vanderloubet.com.br\\\/deputado\\\/vander-apresenta-projeto-de-lei-para-estimular-reciclagem\\\/#primaryimage\"},\"thumbnailUrl\":\"http:\\\/\\\/www.deputadovander.com.br\\\/website\\\/wp-content\\\/uploads\\\/2010\\\/03\\\/foto-2010-03-25-discurso-wwf1-300x225.jpg\",\"keywords\":[\"deputado\",\"embalagem\",\"estadual\",\"federal\",\"lei. c\u00e2mara\",\"loubet\",\"pec\",\"peniteci\u00e1ria\",\"pol\u00edcia\",\"produto\",\"projeto\",\"reciclagem\",\"recicl\u00e1vel\",\"vander\"],\"articleSection\":[\"Not\u00edcias\"],\"inLanguage\":\"pt-BR\"},{\"@type\":\"WebPage\",\"@id\":\"https:\\\/\\\/vanderloubet.com.br\\\/deputado\\\/vander-apresenta-projeto-de-lei-para-estimular-reciclagem\\\/\",\"url\":\"https:\\\/\\\/vanderloubet.com.br\\\/deputado\\\/vander-apresenta-projeto-de-lei-para-estimular-reciclagem\\\/\",\"name\":\"Vander apresenta projeto de lei para estimular reciclagem\",\"isPartOf\":{\"@id\":\"https:\\\/\\\/vanderloubet.com.br\\\/deputado\\\/#website\"},\"primaryImageOfPage\":{\"@id\":\"https:\\\/\\\/vanderloubet.com.br\\\/deputado\\\/vander-apresenta-projeto-de-lei-para-estimular-reciclagem\\\/#primaryimage\"},\"image\":{\"@id\":\"https:\\\/\\\/vanderloubet.com.br\\\/deputado\\\/vander-apresenta-projeto-de-lei-para-estimular-reciclagem\\\/#primaryimage\"},\"thumbnailUrl\":\"http:\\\/\\\/www.deputadovander.com.br\\\/website\\\/wp-content\\\/uploads\\\/2010\\\/03\\\/foto-2010-03-25-discurso-wwf1-300x225.jpg\",\"datePublished\":\"2011-06-01T13:48:02+00:00\",\"breadcrumb\":{\"@id\":\"https:\\\/\\\/vanderloubet.com.br\\\/deputado\\\/vander-apresenta-projeto-de-lei-para-estimular-reciclagem\\\/#breadcrumb\"},\"inLanguage\":\"pt-BR\",\"potentialAction\":[{\"@type\":\"ReadAction\",\"target\":[\"https:\\\/\\\/vanderloubet.com.br\\\/deputado\\\/vander-apresenta-projeto-de-lei-para-estimular-reciclagem\\\/\"]}]},{\"@type\":\"ImageObject\",\"inLanguage\":\"pt-BR\",\"@id\":\"https:\\\/\\\/vanderloubet.com.br\\\/deputado\\\/vander-apresenta-projeto-de-lei-para-estimular-reciclagem\\\/#primaryimage\",\"url\":\"http:\\\/\\\/www.deputadovander.com.br\\\/website\\\/wp-content\\\/uploads\\\/2010\\\/03\\\/foto-2010-03-25-discurso-wwf1-300x225.jpg\",\"contentUrl\":\"http:\\\/\\\/www.deputadovander.com.br\\\/website\\\/wp-content\\\/uploads\\\/2010\\\/03\\\/foto-2010-03-25-discurso-wwf1-300x225.jpg\"},{\"@type\":\"BreadcrumbList\",\"@id\":\"https:\\\/\\\/vanderloubet.com.br\\\/deputado\\\/vander-apresenta-projeto-de-lei-para-estimular-reciclagem\\\/#breadcrumb\",\"itemListElement\":[{\"@type\":\"ListItem\",\"position\":1,\"name\":\"In\u00edcio\",\"item\":\"https:\\\/\\\/vanderloubet.com.br\\\/deputado\\\/\"},{\"@type\":\"ListItem\",\"position\":2,\"name\":\"Vander apresenta projeto de lei para estimular reciclagem\"}]},{\"@type\":\"WebSite\",\"@id\":\"https:\\\/\\\/vanderloubet.com.br\\\/deputado\\\/#website\",\"url\":\"https:\\\/\\\/vanderloubet.com.br\\\/deputado\\\/\",\"name\":\"Deputado Federal Vander Loubet\",\"description\":\"O Federal de MS\",\"publisher\":{\"@id\":\"https:\\\/\\\/vanderloubet.com.br\\\/deputado\\\/#organization\"},\"alternateName\":\"Deputado Vander\",\"potentialAction\":[{\"@type\":\"SearchAction\",\"target\":{\"@type\":\"EntryPoint\",\"urlTemplate\":\"https:\\\/\\\/vanderloubet.com.br\\\/deputado\\\/?s={search_term_string}\"},\"query-input\":{\"@type\":\"PropertyValueSpecification\",\"valueRequired\":true,\"valueName\":\"search_term_string\"}}],\"inLanguage\":\"pt-BR\"},{\"@type\":\"Organization\",\"@id\":\"https:\\\/\\\/vanderloubet.com.br\\\/deputado\\\/#organization\",\"name\":\"Deputado Federal Vander Loubet\",\"alternateName\":\"Deputado Vander\",\"url\":\"https:\\\/\\\/vanderloubet.com.br\\\/deputado\\\/\",\"logo\":{\"@type\":\"ImageObject\",\"inLanguage\":\"pt-BR\",\"@id\":\"https:\\\/\\\/vanderloubet.com.br\\\/deputado\\\/#\\\/schema\\\/logo\\\/image\\\/\",\"url\":\"https:\\\/\\\/vanderloubet.com.br\\\/deputado\\\/wp-content\\\/uploads\\\/2023\\\/06\\\/foto-2023-06-19-mandato-deputado-vander.jpg\",\"contentUrl\":\"https:\\\/\\\/vanderloubet.com.br\\\/deputado\\\/wp-content\\\/uploads\\\/2023\\\/06\\\/foto-2023-06-19-mandato-deputado-vander.jpg\",\"width\":1080,\"height\":1080,\"caption\":\"Deputado Federal Vander Loubet\"},\"image\":{\"@id\":\"https:\\\/\\\/vanderloubet.com.br\\\/deputado\\\/#\\\/schema\\\/logo\\\/image\\\/\"},\"sameAs\":[\"https:\\\/\\\/facebook.com\\\/deputadovander\",\"https:\\\/\\\/x.com\\\/vanderloubet\",\"https:\\\/\\\/instagram.com\\\/vanderloubet\",\"https:\\\/\\\/youtube.com\\\/vanderloubet\",\"https:\\\/\\\/tiktok.com\\\/@vanderloubetms\"]},{\"@type\":\"Person\",\"@id\":\"https:\\\/\\\/vanderloubet.com.br\\\/deputado\\\/#\\\/schema\\\/person\\\/15b51bd564532a8a68d9dec1b8eb890e\",\"name\":\"\u00c9der\",\"image\":{\"@type\":\"ImageObject\",\"inLanguage\":\"pt-BR\",\"@id\":\"https:\\\/\\\/vanderloubet.com.br\\\/deputado\\\/wp-content\\\/litespeed\\\/avatar\\\/88ca4090d9d5ab1c9495f6ca03b68efa.jpg?ver=1777058957\",\"url\":\"https:\\\/\\\/vanderloubet.com.br\\\/deputado\\\/wp-content\\\/litespeed\\\/avatar\\\/88ca4090d9d5ab1c9495f6ca03b68efa.jpg?ver=1777058957\",\"contentUrl\":\"https:\\\/\\\/vanderloubet.com.br\\\/deputado\\\/wp-content\\\/litespeed\\\/avatar\\\/88ca4090d9d5ab1c9495f6ca03b68efa.jpg?ver=1777058957\",\"caption\":\"\u00c9der\"}}]}<\/script>\n<!-- \/ Yoast SEO plugin. -->","yoast_head_json":{"title":"Vander apresenta projeto de lei para estimular reciclagem","robots":{"index":"index","follow":"follow","max-snippet":"max-snippet:-1","max-image-preview":"max-image-preview:large","max-video-preview":"max-video-preview:-1"},"canonical":"https:\/\/vanderloubet.com.br\/deputado\/vander-apresenta-projeto-de-lei-para-estimular-reciclagem\/","og_locale":"pt_BR","og_type":"article","og_title":"Vander apresenta projeto de lei para estimular reciclagem","og_description":"O PL 1.474\/11 obriga fabricante de produto recicl\u00e1vel ou com embalagem recicl\u00e1vel a apresentar informa\u00e7\u00e3o no r\u00f3tulo.","og_url":"https:\/\/vanderloubet.com.br\/deputado\/vander-apresenta-projeto-de-lei-para-estimular-reciclagem\/","og_site_name":"Deputado Federal Vander Loubet","article_publisher":"https:\/\/facebook.com\/deputadovander","article_published_time":"2011-06-01T13:48:02+00:00","og_image":[{"url":"http:\/\/www.deputadovander.com.br\/website\/wp-content\/uploads\/2010\/03\/foto-2010-03-25-discurso-wwf1-300x225.jpg","type":"","width":"","height":""}],"author":"\u00c9der","twitter_card":"summary_large_image","twitter_creator":"@vanderloubet","twitter_site":"@vanderloubet","schema":{"@context":"https:\/\/schema.org","@graph":[{"@type":"Article","@id":"https:\/\/vanderloubet.com.br\/deputado\/vander-apresenta-projeto-de-lei-para-estimular-reciclagem\/#article","isPartOf":{"@id":"https:\/\/vanderloubet.com.br\/deputado\/vander-apresenta-projeto-de-lei-para-estimular-reciclagem\/"},"author":{"name":"\u00c9der","@id":"https:\/\/vanderloubet.com.br\/deputado\/#\/schema\/person\/15b51bd564532a8a68d9dec1b8eb890e"},"headline":"Vander apresenta projeto de lei para estimular reciclagem","datePublished":"2011-06-01T13:48:02+00:00","mainEntityOfPage":{"@id":"https:\/\/vanderloubet.com.br\/deputado\/vander-apresenta-projeto-de-lei-para-estimular-reciclagem\/"},"wordCount":386,"publisher":{"@id":"https:\/\/vanderloubet.com.br\/deputado\/#organization"},"image":{"@id":"https:\/\/vanderloubet.com.br\/deputado\/vander-apresenta-projeto-de-lei-para-estimular-reciclagem\/#primaryimage"},"thumbnailUrl":"http:\/\/www.deputadovander.com.br\/website\/wp-content\/uploads\/2010\/03\/foto-2010-03-25-discurso-wwf1-300x225.jpg","keywords":["deputado","embalagem","estadual","federal","lei. c\u00e2mara","loubet","pec","peniteci\u00e1ria","pol\u00edcia","produto","projeto","reciclagem","recicl\u00e1vel","vander"],"articleSection":["Not\u00edcias"],"inLanguage":"pt-BR"},{"@type":"WebPage","@id":"https:\/\/vanderloubet.com.br\/deputado\/vander-apresenta-projeto-de-lei-para-estimular-reciclagem\/","url":"https:\/\/vanderloubet.com.br\/deputado\/vander-apresenta-projeto-de-lei-para-estimular-reciclagem\/","name":"Vander apresenta projeto de lei para estimular reciclagem","isPartOf":{"@id":"https:\/\/vanderloubet.com.br\/deputado\/#website"},"primaryImageOfPage":{"@id":"https:\/\/vanderloubet.com.br\/deputado\/vander-apresenta-projeto-de-lei-para-estimular-reciclagem\/#primaryimage"},"image":{"@id":"https:\/\/vanderloubet.com.br\/deputado\/vander-apresenta-projeto-de-lei-para-estimular-reciclagem\/#primaryimage"},"thumbnailUrl":"http:\/\/www.deputadovander.com.br\/website\/wp-content\/uploads\/2010\/03\/foto-2010-03-25-discurso-wwf1-300x225.jpg","datePublished":"2011-06-01T13:48:02+00:00","breadcrumb":{"@id":"https:\/\/vanderloubet.com.br\/deputado\/vander-apresenta-projeto-de-lei-para-estimular-reciclagem\/#breadcrumb"},"inLanguage":"pt-BR","potentialAction":[{"@type":"ReadAction","target":["https:\/\/vanderloubet.com.br\/deputado\/vander-apresenta-projeto-de-lei-para-estimular-reciclagem\/"]}]},{"@type":"ImageObject","inLanguage":"pt-BR","@id":"https:\/\/vanderloubet.com.br\/deputado\/vander-apresenta-projeto-de-lei-para-estimular-reciclagem\/#primaryimage","url":"http:\/\/www.deputadovander.com.br\/website\/wp-content\/uploads\/2010\/03\/foto-2010-03-25-discurso-wwf1-300x225.jpg","contentUrl":"http:\/\/www.deputadovander.com.br\/website\/wp-content\/uploads\/2010\/03\/foto-2010-03-25-discurso-wwf1-300x225.jpg"},{"@type":"BreadcrumbList","@id":"https:\/\/vanderloubet.com.br\/deputado\/vander-apresenta-projeto-de-lei-para-estimular-reciclagem\/#breadcrumb","itemListElement":[{"@type":"ListItem","position":1,"name":"In\u00edcio","item":"https:\/\/vanderloubet.com.br\/deputado\/"},{"@type":"ListItem","position":2,"name":"Vander apresenta projeto de lei para estimular reciclagem"}]},{"@type":"WebSite","@id":"https:\/\/vanderloubet.com.br\/deputado\/#website","url":"https:\/\/vanderloubet.com.br\/deputado\/","name":"Deputado Federal Vander Loubet","description":"O Federal de MS","publisher":{"@id":"https:\/\/vanderloubet.com.br\/deputado\/#organization"},"alternateName":"Deputado Vander","potentialAction":[{"@type":"SearchAction","target":{"@type":"EntryPoint","urlTemplate":"https:\/\/vanderloubet.com.br\/deputado\/?s={search_term_string}"},"query-input":{"@type":"PropertyValueSpecification","valueRequired":true,"valueName":"search_term_string"}}],"inLanguage":"pt-BR"},{"@type":"Organization","@id":"https:\/\/vanderloubet.com.br\/deputado\/#organization","name":"Deputado Federal Vander Loubet","alternateName":"Deputado Vander","url":"https:\/\/vanderloubet.com.br\/deputado\/","logo":{"@type":"ImageObject","inLanguage":"pt-BR","@id":"https:\/\/vanderloubet.com.br\/deputado\/#\/schema\/logo\/image\/","url":"https:\/\/vanderloubet.com.br\/deputado\/wp-content\/uploads\/2023\/06\/foto-2023-06-19-mandato-deputado-vander.jpg","contentUrl":"https:\/\/vanderloubet.com.br\/deputado\/wp-content\/uploads\/2023\/06\/foto-2023-06-19-mandato-deputado-vander.jpg","width":1080,"height":1080,"caption":"Deputado Federal Vander Loubet"},"image":{"@id":"https:\/\/vanderloubet.com.br\/deputado\/#\/schema\/logo\/image\/"},"sameAs":["https:\/\/facebook.com\/deputadovander","https:\/\/x.com\/vanderloubet","https:\/\/instagram.com\/vanderloubet","https:\/\/youtube.com\/vanderloubet","https:\/\/tiktok.com\/@vanderloubetms"]},{"@type":"Person","@id":"https:\/\/vanderloubet.com.br\/deputado\/#\/schema\/person\/15b51bd564532a8a68d9dec1b8eb890e","name":"\u00c9der","image":{"@type":"ImageObject","inLanguage":"pt-BR","@id":"https:\/\/vanderloubet.com.br\/deputado\/wp-content\/litespeed\/avatar\/88ca4090d9d5ab1c9495f6ca03b68efa.jpg?ver=1777058957","url":"https:\/\/vanderloubet.com.br\/deputado\/wp-content\/litespeed\/avatar\/88ca4090d9d5ab1c9495f6ca03b68efa.jpg?ver=1777058957","contentUrl":"https:\/\/vanderloubet.com.br\/deputado\/wp-content\/litespeed\/avatar\/88ca4090d9d5ab1c9495f6ca03b68efa.jpg?ver=1777058957","caption":"\u00c9der"}}]}},"jetpack_featured_media_url":"","jetpack_sharing_enabled":true,"_links":{"self":[{"href":"https:\/\/vanderloubet.com.br\/deputado\/wp-json\/wp\/v2\/posts\/3273","targetHints":{"allow":["GET"]}}],"collection":[{"href":"https:\/\/vanderloubet.com.br\/deputado\/wp-json\/wp\/v2\/posts"}],"about":[{"href":"https:\/\/vanderloubet.com.br\/deputado\/wp-json\/wp\/v2\/types\/post"}],"author":[{"embeddable":true,"href":"https:\/\/vanderloubet.com.br\/deputado\/wp-json\/wp\/v2\/users\/2"}],"replies":[{"embeddable":true,"href":"https:\/\/vanderloubet.com.br\/deputado\/wp-json\/wp\/v2\/comments?post=3273"}],"version-history":[{"count":0,"href":"https:\/\/vanderloubet.com.br\/deputado\/wp-json\/wp\/v2\/posts\/3273\/revisions"}],"wp:attachment":[{"href":"https:\/\/vanderloubet.com.br\/deputado\/wp-json\/wp\/v2\/media?parent=3273"}],"wp:term":[{"taxonomy":"category","embeddable":true,"href":"https:\/\/vanderloubet.com.br\/deputado\/wp-json\/wp\/v2\/categories?post=3273"},{"taxonomy":"post_tag","embeddable":true,"href":"https:\/\/vanderloubet.com.br\/deputado\/wp-json\/wp\/v2\/tags?post=3273"}],"curies":[{"name":"wp","href":"https:\/\/api.w.org\/{rel}","templated":true}]}}