{"id":325,"date":"2010-03-11T16:27:06","date_gmt":"2010-03-11T20:27:06","guid":{"rendered":"http:\/\/www.deputadovander.com.br\/website\/?p=325"},"modified":"2010-03-11T16:27:06","modified_gmt":"2010-03-11T20:27:06","slug":"vander-ajuda-a-garantir-recursos-do-pre-sal-para-todos-os-municipios","status":"publish","type":"post","link":"https:\/\/vanderloubet.com.br\/deputado\/vander-ajuda-a-garantir-recursos-do-pre-sal-para-todos-os-municipios\/","title":{"rendered":"Vander ajuda a garantir recursos do pr\u00e9-sal para todos os munic\u00edpios"},"content":{"rendered":"<p style=\"text-align: center;\">\n<figure id=\"attachment_326\" aria-describedby=\"caption-attachment-326\" style=\"width: 300px\" class=\"wp-caption aligncenter\"><a href=\"http:\/\/deputadovander.com.br\/website\/wp-content\/uploads\/2010\/03\/foto-2010-03-11-pre-sal1.jpg\" target=\"_blank\"><img decoding=\"async\" class=\"size-medium wp-image-326 \" title=\"foto-2010-03-11-pre-sal\" src=\"http:\/\/www.deputadovander.com.br\/website\/wp-content\/uploads\/2010\/03\/foto-2010-03-11-pre-sal-300x292.jpg\" alt=\"As descobertas do pr\u00e9-sal\" width=\"300\" height=\"292\" \/><\/a><figcaption id=\"caption-attachment-326\" class=\"wp-caption-text\">As descobertas do pr\u00e9-sal<\/figcaption><\/figure>\n<p>Todos os estados e munic\u00edpios do Brasil, sejam ou n\u00e3o &#8220;produtores&#8221; de riquezas do subsolo, ter\u00e3o direito, a partir do pr\u00f3ximo ano, a cotas da receita apurada com a explora\u00e7\u00e3o de petr\u00f3leo da camada de pr\u00e9-sal. Essa conquista, que acaba de ser ratificada no Congresso Nacional, foi plantada a partir de uma iniciativa do deputado federal Vander Loubet (PT-MS), juntamente com os deputados Ibsen Pinheiro (PMDB-RS), Humberto Souto (PPS-MG) e Marcelo Castro (PMDB-PI).<\/p>\n<p>No ano passado, quando a Comiss\u00e3o Especial da C\u00e2mara dos Deputados encerrou o prazo de apresenta\u00e7\u00e3o de propostas ao projeto de partilha do pr\u00e9-sal, uma das 823 submetidas ao relat\u00f3rio final era a emenda de plen\u00e1rio de Vander, que estendia a todos os entes da Federa\u00e7\u00e3o (estados e munic\u00edpios) a distribui\u00e7\u00e3o dos royalties* pela explora\u00e7\u00e3o das reservas.<\/p>\n<p>Atualmente, s\u00f3 t\u00eam direito a esses royalties os munic\u00edpios e estados cujos territ\u00f3rios abrigam reservas e riquezas naturais com explora\u00e7\u00e3o industrial. Por isso, s\u00e3o chamados de estados produtores. No entanto, a emenda de Vander e de outros deputados prop\u00f5e o fim desse monop\u00f3lio para garantir que as d\u00e1divas da natureza ao Brasil sejam compartilhadas por todos os brasileiros. Essa iniciativa, evidentemente, contrariou o interesse de estados e munic\u00edpios &#8220;produtores&#8221; de petr\u00f3leo, que insistem em controlar a emiss\u00e3o e o recolhimento dos royalties.<\/p>\n<p>No entanto, prevaleceu o conceito que Vander defende para democratizar os benef\u00edcios e, ap\u00f3s adapta\u00e7\u00f5es ao projeto do relator, deputado Henrique Eduardo Alves (PMDB-RN), o Projeto de Lei 5938, que estabelece a partilha ampla da receita do pr\u00e9-sal, foi aprovado pela C\u00e2mara na quarta-feira (10). Os novos crit\u00e9rios de distribui\u00e7\u00e3o dos royalties est\u00e3o sendo festejados por milhares de munic\u00edpios brasileiros, entre os quais os 78 de Mato Grosso do Sul, que at\u00e9 ent\u00e3o estavam exclu\u00eddos dessa receita.<\/p>\n<p>Vander destaca uma constata\u00e7\u00e3o jur\u00eddica, constitucional e social que sempre defendeu: &#8220;\u00c9 justo que o petr\u00f3leo explorado perten\u00e7a a todos os brasileiros, pois todos somos iguais perante a lei&#8221;, afirma. Com a aprova\u00e7\u00e3o da mat\u00e9ria, 40% dos royalties ficam para a Uni\u00e3o, enquanto os 60% restantes ser\u00e3o distribu\u00eddos aos estados e munic\u00edpios.<\/p>\n<p><em>*Express\u00e3o econ\u00f4mica utilizada para definir o valor pago ao detentor de uma marca, patente, processo de produ\u00e7\u00e3o, produto ou obra original pelos direitos de sua explora\u00e7\u00e3o comercial.<\/em><\/p>\n<p>Saiba mais sobre o pr\u00e9-sal: <a title=\"Link\" href=\"http:\/\/www2.petrobras.com.br\/presal\/perguntas-respostas\/\" target=\"_blank\">perguntas e respostas<\/a><em><br \/>\n<\/em><\/p>\n","protected":false},"excerpt":{"rendered":"<p>Para o deputado, \u00e9 justo que o petr\u00f3leo explorado perten\u00e7a aos brasileiros e que as riquezas produzidas sejam partilhadas com todos.<\/p>\n","protected":false},"author":2,"featured_media":0,"comment_status":"closed","ping_status":"open","sticky":false,"template":"","format":"standard","meta":{"jetpack_post_was_ever_published":false,"_jetpack_newsletter_access":"","_jetpack_dont_email_post_to_subs":false,"_jetpack_newsletter_tier_id":0,"_jetpack_memberships_contains_paywalled_content":false,"_jetpack_memberships_contains_paid_content":false,"footnotes":""},"categories":[10],"tags":[332,502,1541,1603,1758,2035],"class_list":{"0":"post-325","1":"post","2":"type-post","3":"status-publish","4":"format-standard","6":"category-noticias","7":"tag-camara","8":"tag-congresso","9":"tag-petroleo","10":"tag-pre-sal","11":"tag-royalties","12":"tag-vander-loubet"},"yoast_head":"<!-- This site is optimized with the Yoast SEO plugin v27.4 - https:\/\/yoast.com\/product\/yoast-seo-wordpress\/ -->\n<title>Vander ajuda a garantir recursos do pr\u00e9-sal para todos os munic\u00edpios<\/title>\n<meta name=\"robots\" content=\"index, follow, max-snippet:-1, max-image-preview:large, max-video-preview:-1\" \/>\n<link rel=\"canonical\" href=\"https:\/\/vanderloubet.com.br\/deputado\/vander-ajuda-a-garantir-recursos-do-pre-sal-para-todos-os-municipios\/\" \/>\n<meta property=\"og:locale\" content=\"pt_BR\" \/>\n<meta property=\"og:type\" content=\"article\" \/>\n<meta property=\"og:title\" content=\"Vander ajuda a garantir recursos do pr\u00e9-sal para todos os munic\u00edpios\" \/>\n<meta property=\"og:description\" content=\"Para o deputado, \u00e9 justo que o petr\u00f3leo explorado perten\u00e7a aos brasileiros e que as riquezas produzidas sejam partilhadas com todos.\" \/>\n<meta property=\"og:url\" content=\"https:\/\/vanderloubet.com.br\/deputado\/vander-ajuda-a-garantir-recursos-do-pre-sal-para-todos-os-municipios\/\" \/>\n<meta property=\"og:site_name\" content=\"Deputado Federal Vander Loubet\" \/>\n<meta property=\"article:publisher\" content=\"https:\/\/facebook.com\/deputadovander\" \/>\n<meta property=\"article:published_time\" content=\"2010-03-11T20:27:06+00:00\" \/>\n<meta property=\"og:image\" content=\"http:\/\/www.deputadovander.com.br\/website\/wp-content\/uploads\/2010\/03\/foto-2010-03-11-pre-sal-300x292.jpg\" \/>\n<meta name=\"author\" content=\"\u00c9der\" \/>\n<meta name=\"twitter:card\" content=\"summary_large_image\" \/>\n<meta name=\"twitter:creator\" content=\"@vanderloubet\" \/>\n<meta name=\"twitter:site\" content=\"@vanderloubet\" \/>\n<script type=\"application\/ld+json\" class=\"yoast-schema-graph\">{\"@context\":\"https:\\\/\\\/schema.org\",\"@graph\":[{\"@type\":\"Article\",\"@id\":\"https:\\\/\\\/vanderloubet.com.br\\\/deputado\\\/vander-ajuda-a-garantir-recursos-do-pre-sal-para-todos-os-municipios\\\/#article\",\"isPartOf\":{\"@id\":\"https:\\\/\\\/vanderloubet.com.br\\\/deputado\\\/vander-ajuda-a-garantir-recursos-do-pre-sal-para-todos-os-municipios\\\/\"},\"author\":{\"name\":\"\u00c9der\",\"@id\":\"https:\\\/\\\/vanderloubet.com.br\\\/deputado\\\/#\\\/schema\\\/person\\\/15b51bd564532a8a68d9dec1b8eb890e\"},\"headline\":\"Vander ajuda a garantir recursos do pr\u00e9-sal para todos os munic\u00edpios\",\"datePublished\":\"2010-03-11T20:27:06+00:00\",\"mainEntityOfPage\":{\"@id\":\"https:\\\/\\\/vanderloubet.com.br\\\/deputado\\\/vander-ajuda-a-garantir-recursos-do-pre-sal-para-todos-os-municipios\\\/\"},\"wordCount\":449,\"publisher\":{\"@id\":\"https:\\\/\\\/vanderloubet.com.br\\\/deputado\\\/#organization\"},\"image\":{\"@id\":\"https:\\\/\\\/vanderloubet.com.br\\\/deputado\\\/vander-ajuda-a-garantir-recursos-do-pre-sal-para-todos-os-municipios\\\/#primaryimage\"},\"thumbnailUrl\":\"http:\\\/\\\/www.deputadovander.com.br\\\/website\\\/wp-content\\\/uploads\\\/2010\\\/03\\\/foto-2010-03-11-pre-sal-300x292.jpg\",\"keywords\":[\"c\u00e2mara\",\"congresso\",\"petr\u00f3leo\",\"pr\u00e9-sal\",\"royalties\",\"vander loubet\"],\"articleSection\":[\"Not\u00edcias\"],\"inLanguage\":\"pt-BR\"},{\"@type\":\"WebPage\",\"@id\":\"https:\\\/\\\/vanderloubet.com.br\\\/deputado\\\/vander-ajuda-a-garantir-recursos-do-pre-sal-para-todos-os-municipios\\\/\",\"url\":\"https:\\\/\\\/vanderloubet.com.br\\\/deputado\\\/vander-ajuda-a-garantir-recursos-do-pre-sal-para-todos-os-municipios\\\/\",\"name\":\"Vander ajuda a garantir recursos do pr\u00e9-sal para todos os munic\u00edpios\",\"isPartOf\":{\"@id\":\"https:\\\/\\\/vanderloubet.com.br\\\/deputado\\\/#website\"},\"primaryImageOfPage\":{\"@id\":\"https:\\\/\\\/vanderloubet.com.br\\\/deputado\\\/vander-ajuda-a-garantir-recursos-do-pre-sal-para-todos-os-municipios\\\/#primaryimage\"},\"image\":{\"@id\":\"https:\\\/\\\/vanderloubet.com.br\\\/deputado\\\/vander-ajuda-a-garantir-recursos-do-pre-sal-para-todos-os-municipios\\\/#primaryimage\"},\"thumbnailUrl\":\"http:\\\/\\\/www.deputadovander.com.br\\\/website\\\/wp-content\\\/uploads\\\/2010\\\/03\\\/foto-2010-03-11-pre-sal-300x292.jpg\",\"datePublished\":\"2010-03-11T20:27:06+00:00\",\"breadcrumb\":{\"@id\":\"https:\\\/\\\/vanderloubet.com.br\\\/deputado\\\/vander-ajuda-a-garantir-recursos-do-pre-sal-para-todos-os-municipios\\\/#breadcrumb\"},\"inLanguage\":\"pt-BR\",\"potentialAction\":[{\"@type\":\"ReadAction\",\"target\":[\"https:\\\/\\\/vanderloubet.com.br\\\/deputado\\\/vander-ajuda-a-garantir-recursos-do-pre-sal-para-todos-os-municipios\\\/\"]}]},{\"@type\":\"ImageObject\",\"inLanguage\":\"pt-BR\",\"@id\":\"https:\\\/\\\/vanderloubet.com.br\\\/deputado\\\/vander-ajuda-a-garantir-recursos-do-pre-sal-para-todos-os-municipios\\\/#primaryimage\",\"url\":\"http:\\\/\\\/www.deputadovander.com.br\\\/website\\\/wp-content\\\/uploads\\\/2010\\\/03\\\/foto-2010-03-11-pre-sal-300x292.jpg\",\"contentUrl\":\"http:\\\/\\\/www.deputadovander.com.br\\\/website\\\/wp-content\\\/uploads\\\/2010\\\/03\\\/foto-2010-03-11-pre-sal-300x292.jpg\"},{\"@type\":\"BreadcrumbList\",\"@id\":\"https:\\\/\\\/vanderloubet.com.br\\\/deputado\\\/vander-ajuda-a-garantir-recursos-do-pre-sal-para-todos-os-municipios\\\/#breadcrumb\",\"itemListElement\":[{\"@type\":\"ListItem\",\"position\":1,\"name\":\"In\u00edcio\",\"item\":\"https:\\\/\\\/vanderloubet.com.br\\\/deputado\\\/\"},{\"@type\":\"ListItem\",\"position\":2,\"name\":\"Vander ajuda a garantir recursos do pr\u00e9-sal para todos os munic\u00edpios\"}]},{\"@type\":\"WebSite\",\"@id\":\"https:\\\/\\\/vanderloubet.com.br\\\/deputado\\\/#website\",\"url\":\"https:\\\/\\\/vanderloubet.com.br\\\/deputado\\\/\",\"name\":\"Deputado Federal Vander Loubet\",\"description\":\"O Federal de MS\",\"publisher\":{\"@id\":\"https:\\\/\\\/vanderloubet.com.br\\\/deputado\\\/#organization\"},\"alternateName\":\"Deputado Vander\",\"potentialAction\":[{\"@type\":\"SearchAction\",\"target\":{\"@type\":\"EntryPoint\",\"urlTemplate\":\"https:\\\/\\\/vanderloubet.com.br\\\/deputado\\\/?s={search_term_string}\"},\"query-input\":{\"@type\":\"PropertyValueSpecification\",\"valueRequired\":true,\"valueName\":\"search_term_string\"}}],\"inLanguage\":\"pt-BR\"},{\"@type\":\"Organization\",\"@id\":\"https:\\\/\\\/vanderloubet.com.br\\\/deputado\\\/#organization\",\"name\":\"Deputado Federal Vander Loubet\",\"alternateName\":\"Deputado Vander\",\"url\":\"https:\\\/\\\/vanderloubet.com.br\\\/deputado\\\/\",\"logo\":{\"@type\":\"ImageObject\",\"inLanguage\":\"pt-BR\",\"@id\":\"https:\\\/\\\/vanderloubet.com.br\\\/deputado\\\/#\\\/schema\\\/logo\\\/image\\\/\",\"url\":\"https:\\\/\\\/vanderloubet.com.br\\\/deputado\\\/wp-content\\\/uploads\\\/2023\\\/06\\\/foto-2023-06-19-mandato-deputado-vander.jpg\",\"contentUrl\":\"https:\\\/\\\/vanderloubet.com.br\\\/deputado\\\/wp-content\\\/uploads\\\/2023\\\/06\\\/foto-2023-06-19-mandato-deputado-vander.jpg\",\"width\":1080,\"height\":1080,\"caption\":\"Deputado Federal Vander Loubet\"},\"image\":{\"@id\":\"https:\\\/\\\/vanderloubet.com.br\\\/deputado\\\/#\\\/schema\\\/logo\\\/image\\\/\"},\"sameAs\":[\"https:\\\/\\\/facebook.com\\\/deputadovander\",\"https:\\\/\\\/x.com\\\/vanderloubet\",\"https:\\\/\\\/instagram.com\\\/vanderloubet\",\"https:\\\/\\\/youtube.com\\\/vanderloubet\",\"https:\\\/\\\/tiktok.com\\\/@vanderloubetms\"]},{\"@type\":\"Person\",\"@id\":\"https:\\\/\\\/vanderloubet.com.br\\\/deputado\\\/#\\\/schema\\\/person\\\/15b51bd564532a8a68d9dec1b8eb890e\",\"name\":\"\u00c9der\",\"image\":{\"@type\":\"ImageObject\",\"inLanguage\":\"pt-BR\",\"@id\":\"https:\\\/\\\/vanderloubet.com.br\\\/deputado\\\/wp-content\\\/litespeed\\\/avatar\\\/88ca4090d9d5ab1c9495f6ca03b68efa.jpg?ver=1777058957\",\"url\":\"https:\\\/\\\/vanderloubet.com.br\\\/deputado\\\/wp-content\\\/litespeed\\\/avatar\\\/88ca4090d9d5ab1c9495f6ca03b68efa.jpg?ver=1777058957\",\"contentUrl\":\"https:\\\/\\\/vanderloubet.com.br\\\/deputado\\\/wp-content\\\/litespeed\\\/avatar\\\/88ca4090d9d5ab1c9495f6ca03b68efa.jpg?ver=1777058957\",\"caption\":\"\u00c9der\"}}]}<\/script>\n<!-- \/ Yoast SEO plugin. -->","yoast_head_json":{"title":"Vander ajuda a garantir recursos do pr\u00e9-sal para todos os munic\u00edpios","robots":{"index":"index","follow":"follow","max-snippet":"max-snippet:-1","max-image-preview":"max-image-preview:large","max-video-preview":"max-video-preview:-1"},"canonical":"https:\/\/vanderloubet.com.br\/deputado\/vander-ajuda-a-garantir-recursos-do-pre-sal-para-todos-os-municipios\/","og_locale":"pt_BR","og_type":"article","og_title":"Vander ajuda a garantir recursos do pr\u00e9-sal para todos os munic\u00edpios","og_description":"Para o deputado, \u00e9 justo que o petr\u00f3leo explorado perten\u00e7a aos brasileiros e que as riquezas produzidas sejam partilhadas com todos.","og_url":"https:\/\/vanderloubet.com.br\/deputado\/vander-ajuda-a-garantir-recursos-do-pre-sal-para-todos-os-municipios\/","og_site_name":"Deputado Federal Vander Loubet","article_publisher":"https:\/\/facebook.com\/deputadovander","article_published_time":"2010-03-11T20:27:06+00:00","og_image":[{"url":"http:\/\/www.deputadovander.com.br\/website\/wp-content\/uploads\/2010\/03\/foto-2010-03-11-pre-sal-300x292.jpg","type":"","width":"","height":""}],"author":"\u00c9der","twitter_card":"summary_large_image","twitter_creator":"@vanderloubet","twitter_site":"@vanderloubet","schema":{"@context":"https:\/\/schema.org","@graph":[{"@type":"Article","@id":"https:\/\/vanderloubet.com.br\/deputado\/vander-ajuda-a-garantir-recursos-do-pre-sal-para-todos-os-municipios\/#article","isPartOf":{"@id":"https:\/\/vanderloubet.com.br\/deputado\/vander-ajuda-a-garantir-recursos-do-pre-sal-para-todos-os-municipios\/"},"author":{"name":"\u00c9der","@id":"https:\/\/vanderloubet.com.br\/deputado\/#\/schema\/person\/15b51bd564532a8a68d9dec1b8eb890e"},"headline":"Vander ajuda a garantir recursos do pr\u00e9-sal para todos os munic\u00edpios","datePublished":"2010-03-11T20:27:06+00:00","mainEntityOfPage":{"@id":"https:\/\/vanderloubet.com.br\/deputado\/vander-ajuda-a-garantir-recursos-do-pre-sal-para-todos-os-municipios\/"},"wordCount":449,"publisher":{"@id":"https:\/\/vanderloubet.com.br\/deputado\/#organization"},"image":{"@id":"https:\/\/vanderloubet.com.br\/deputado\/vander-ajuda-a-garantir-recursos-do-pre-sal-para-todos-os-municipios\/#primaryimage"},"thumbnailUrl":"http:\/\/www.deputadovander.com.br\/website\/wp-content\/uploads\/2010\/03\/foto-2010-03-11-pre-sal-300x292.jpg","keywords":["c\u00e2mara","congresso","petr\u00f3leo","pr\u00e9-sal","royalties","vander loubet"],"articleSection":["Not\u00edcias"],"inLanguage":"pt-BR"},{"@type":"WebPage","@id":"https:\/\/vanderloubet.com.br\/deputado\/vander-ajuda-a-garantir-recursos-do-pre-sal-para-todos-os-municipios\/","url":"https:\/\/vanderloubet.com.br\/deputado\/vander-ajuda-a-garantir-recursos-do-pre-sal-para-todos-os-municipios\/","name":"Vander ajuda a garantir recursos do pr\u00e9-sal para todos os munic\u00edpios","isPartOf":{"@id":"https:\/\/vanderloubet.com.br\/deputado\/#website"},"primaryImageOfPage":{"@id":"https:\/\/vanderloubet.com.br\/deputado\/vander-ajuda-a-garantir-recursos-do-pre-sal-para-todos-os-municipios\/#primaryimage"},"image":{"@id":"https:\/\/vanderloubet.com.br\/deputado\/vander-ajuda-a-garantir-recursos-do-pre-sal-para-todos-os-municipios\/#primaryimage"},"thumbnailUrl":"http:\/\/www.deputadovander.com.br\/website\/wp-content\/uploads\/2010\/03\/foto-2010-03-11-pre-sal-300x292.jpg","datePublished":"2010-03-11T20:27:06+00:00","breadcrumb":{"@id":"https:\/\/vanderloubet.com.br\/deputado\/vander-ajuda-a-garantir-recursos-do-pre-sal-para-todos-os-municipios\/#breadcrumb"},"inLanguage":"pt-BR","potentialAction":[{"@type":"ReadAction","target":["https:\/\/vanderloubet.com.br\/deputado\/vander-ajuda-a-garantir-recursos-do-pre-sal-para-todos-os-municipios\/"]}]},{"@type":"ImageObject","inLanguage":"pt-BR","@id":"https:\/\/vanderloubet.com.br\/deputado\/vander-ajuda-a-garantir-recursos-do-pre-sal-para-todos-os-municipios\/#primaryimage","url":"http:\/\/www.deputadovander.com.br\/website\/wp-content\/uploads\/2010\/03\/foto-2010-03-11-pre-sal-300x292.jpg","contentUrl":"http:\/\/www.deputadovander.com.br\/website\/wp-content\/uploads\/2010\/03\/foto-2010-03-11-pre-sal-300x292.jpg"},{"@type":"BreadcrumbList","@id":"https:\/\/vanderloubet.com.br\/deputado\/vander-ajuda-a-garantir-recursos-do-pre-sal-para-todos-os-municipios\/#breadcrumb","itemListElement":[{"@type":"ListItem","position":1,"name":"In\u00edcio","item":"https:\/\/vanderloubet.com.br\/deputado\/"},{"@type":"ListItem","position":2,"name":"Vander ajuda a garantir recursos do pr\u00e9-sal para todos os munic\u00edpios"}]},{"@type":"WebSite","@id":"https:\/\/vanderloubet.com.br\/deputado\/#website","url":"https:\/\/vanderloubet.com.br\/deputado\/","name":"Deputado Federal Vander Loubet","description":"O Federal de MS","publisher":{"@id":"https:\/\/vanderloubet.com.br\/deputado\/#organization"},"alternateName":"Deputado Vander","potentialAction":[{"@type":"SearchAction","target":{"@type":"EntryPoint","urlTemplate":"https:\/\/vanderloubet.com.br\/deputado\/?s={search_term_string}"},"query-input":{"@type":"PropertyValueSpecification","valueRequired":true,"valueName":"search_term_string"}}],"inLanguage":"pt-BR"},{"@type":"Organization","@id":"https:\/\/vanderloubet.com.br\/deputado\/#organization","name":"Deputado Federal Vander Loubet","alternateName":"Deputado Vander","url":"https:\/\/vanderloubet.com.br\/deputado\/","logo":{"@type":"ImageObject","inLanguage":"pt-BR","@id":"https:\/\/vanderloubet.com.br\/deputado\/#\/schema\/logo\/image\/","url":"https:\/\/vanderloubet.com.br\/deputado\/wp-content\/uploads\/2023\/06\/foto-2023-06-19-mandato-deputado-vander.jpg","contentUrl":"https:\/\/vanderloubet.com.br\/deputado\/wp-content\/uploads\/2023\/06\/foto-2023-06-19-mandato-deputado-vander.jpg","width":1080,"height":1080,"caption":"Deputado Federal Vander Loubet"},"image":{"@id":"https:\/\/vanderloubet.com.br\/deputado\/#\/schema\/logo\/image\/"},"sameAs":["https:\/\/facebook.com\/deputadovander","https:\/\/x.com\/vanderloubet","https:\/\/instagram.com\/vanderloubet","https:\/\/youtube.com\/vanderloubet","https:\/\/tiktok.com\/@vanderloubetms"]},{"@type":"Person","@id":"https:\/\/vanderloubet.com.br\/deputado\/#\/schema\/person\/15b51bd564532a8a68d9dec1b8eb890e","name":"\u00c9der","image":{"@type":"ImageObject","inLanguage":"pt-BR","@id":"https:\/\/vanderloubet.com.br\/deputado\/wp-content\/litespeed\/avatar\/88ca4090d9d5ab1c9495f6ca03b68efa.jpg?ver=1777058957","url":"https:\/\/vanderloubet.com.br\/deputado\/wp-content\/litespeed\/avatar\/88ca4090d9d5ab1c9495f6ca03b68efa.jpg?ver=1777058957","contentUrl":"https:\/\/vanderloubet.com.br\/deputado\/wp-content\/litespeed\/avatar\/88ca4090d9d5ab1c9495f6ca03b68efa.jpg?ver=1777058957","caption":"\u00c9der"}}]}},"jetpack_featured_media_url":"","jetpack_sharing_enabled":true,"_links":{"self":[{"href":"https:\/\/vanderloubet.com.br\/deputado\/wp-json\/wp\/v2\/posts\/325","targetHints":{"allow":["GET"]}}],"collection":[{"href":"https:\/\/vanderloubet.com.br\/deputado\/wp-json\/wp\/v2\/posts"}],"about":[{"href":"https:\/\/vanderloubet.com.br\/deputado\/wp-json\/wp\/v2\/types\/post"}],"author":[{"embeddable":true,"href":"https:\/\/vanderloubet.com.br\/deputado\/wp-json\/wp\/v2\/users\/2"}],"replies":[{"embeddable":true,"href":"https:\/\/vanderloubet.com.br\/deputado\/wp-json\/wp\/v2\/comments?post=325"}],"version-history":[{"count":0,"href":"https:\/\/vanderloubet.com.br\/deputado\/wp-json\/wp\/v2\/posts\/325\/revisions"}],"wp:attachment":[{"href":"https:\/\/vanderloubet.com.br\/deputado\/wp-json\/wp\/v2\/media?parent=325"}],"wp:term":[{"taxonomy":"category","embeddable":true,"href":"https:\/\/vanderloubet.com.br\/deputado\/wp-json\/wp\/v2\/categories?post=325"},{"taxonomy":"post_tag","embeddable":true,"href":"https:\/\/vanderloubet.com.br\/deputado\/wp-json\/wp\/v2\/tags?post=325"}],"curies":[{"name":"wp","href":"https:\/\/api.w.org\/{rel}","templated":true}]}}