{"id":3197,"date":"2011-05-24T10:21:51","date_gmt":"2011-05-24T14:21:51","guid":{"rendered":"http:\/\/www.deputadovander.com.br\/website\/?p=3197"},"modified":"2011-05-24T10:21:51","modified_gmt":"2011-05-24T14:21:51","slug":"vander-participa-de-assinatura-de-convenios-com-ministra-da-pesca","status":"publish","type":"post","link":"https:\/\/vanderloubet.com.br\/deputado\/vander-participa-de-assinatura-de-convenios-com-ministra-da-pesca\/","title":{"rendered":"Vander participa de assinatura de conv\u00eanios com ministra da Pesca"},"content":{"rendered":"<p style=\"text-align: center;\"><figure id=\"attachment_3198\" aria-describedby=\"caption-attachment-3198\" style=\"width: 400px\" class=\"wp-caption aligncenter\"><a href=\"http:\/\/www.deputadovander.com.br\/website\/wp-content\/uploads\/2011\/05\/foto-2011-05-24-vander-ministra-ideli-01.jpg\" target=\"_blank\"><img decoding=\"async\" class=\"size-medium wp-image-3198 \" title=\"foto-2011-05-24-vander-ministra-ideli-01\" src=\"http:\/\/www.deputadovander.com.br\/website\/wp-content\/uploads\/2011\/05\/foto-2011-05-24-vander-ministra-ideli-01-400x266.jpg\" alt=\"Vander, ministra Ideli e senador Delc\u00eddio\" width=\"400\" height=\"266\" \/><\/a><figcaption id=\"caption-attachment-3198\" class=\"wp-caption-text\">Vander, ministra Ideli e senador Delc\u00eddio<\/figcaption><\/figure><\/p>\n<p>Na manh\u00e3 da \u00faltima segunda-feira (23) o deputado federal Vander Loubet (PT-MS) participou, no audit\u00f3rio do Sebrae, da solenidade de assinaturas de conv\u00eanios do Minist\u00e9rio da Pesca e Aquicultura (MPA) em Mato Grosso do Sul. O evento contou com a presen\u00e7a da ministra Ideli Salvatti, que vem visitando v\u00e1rios estados brasileiros para dignosticar os entraves do setor e implementar a\u00e7\u00f5es de apoio \u00e0 piscicultura.<\/p>\n<p>A solenidade tamb\u00e9m foi marcada pela presen\u00e7a maci\u00e7a de representantes de col\u00f4nias de pescadores e autoridades, como o senador Delc\u00eddio do Amaral (PT-MS). No ato houve a libera\u00e7\u00e3o de R$ 228 mil em equipamentos para a Associa\u00e7\u00e3o dos Produtores Org\u00e2nicos (Apoms) e para a Consultoria e Assessoria para a Agricultura Familiar (Secaf), al\u00e9m de seis kits &#8220;Feira do Peixe&#8221;, que s\u00e3o m\u00f3dulos para facilitar a comercializa\u00e7\u00e3o de pescado.<\/p>\n<p>Os m\u00f3dulos &#8220;Feira do Peixe&#8221; s\u00e3o equipados com tenda met\u00e1lica desmont\u00e1vel, balc\u00e3o, caixas t\u00e9rmicas, balan\u00e7a e outros dispositivos. Os kits ir\u00e3o beneficiar a Cooperativa MS Peixe (Dourados), a Col\u00f4nia de Pescadores Z-03 (Tr\u00eas Lagoas) e a Associa\u00e7\u00e3o dos Pescadores da Vila Nova Porto XV de Novembro (Bataguassu). A ministra tamb\u00e9m assinou um termo de permiss\u00e3o de uso para a implanta\u00e7\u00e3o de um telecentro da pesca no munic\u00edpio de Aquidauana. O telecentro beneficiar\u00e1 a Col\u00f4nia de Pescadores Z-07, que passar\u00e1 a contar com recursos de inform\u00e1tica e acesso \u00e0 Internet.<\/p>\n<p style=\"text-align: center;\"><figure id=\"attachment_3199\" aria-describedby=\"caption-attachment-3199\" style=\"width: 400px\" class=\"wp-caption aligncenter\"><a href=\"http:\/\/www.deputadovander.com.br\/website\/wp-content\/uploads\/2011\/05\/foto-2011-05-24-vander-ministra-ideli-02.jpg\" target=\"_blank\"><img decoding=\"async\" class=\"size-medium wp-image-3199 \" title=\"foto-2011-05-24-vander-ministra-ideli-02\" src=\"http:\/\/www.deputadovander.com.br\/website\/wp-content\/uploads\/2011\/05\/foto-2011-05-24-vander-ministra-ideli-02-400x266.jpg\" alt=\"Ato teve assinatura de conv\u00eanios e libera\u00e7\u00e3o de equipamentos\" width=\"400\" height=\"266\" \/><\/a><figcaption id=\"caption-attachment-3199\" class=\"wp-caption-text\">Ato teve assinatura de conv\u00eanios e libera\u00e7\u00e3o de equipamentos<\/figcaption><\/figure><\/p>\n<p>Ao discursar para os presentes a ministra falou que sua vinda a Mato Grosso do Sul aconteceu ap\u00f3s um convite feito pela bancada federal de Mato Grosso do Sul. &#8220;Eu sempre tive vontade de vir para MS, mas com o convite da bancada me estimulou mais ainda&#8221;, explica.<\/p>\n<p>Ideli explicou ainda que, quando ela foi convidada pela presidenta Dilma Rousseff para ser ministra, recebeu tr\u00eas orienta\u00e7\u00f5es: que cuidasse do pescador artesanal, garantindo dignidade a esses trabalhadores; que aumentasse a produ\u00e7\u00e3o de pescado e que promovesse a industrializa\u00e7\u00e3o do setor. &#8220;Mato Grosso do Sul tem um enorme potencial pesqueiro. S\u00f3 falta investirmos em tecnologia&#8221;, afirmou. A ministra tamb\u00e9m fez quest\u00e3o de lembrar que, para esse ano, o MPA deve ser contemplado no Or\u00e7amento Geral da Uni\u00e3o com uma emenda parlamentar de R$ 10 milh\u00f5es viabilizada pelo deputado Vander, o ex-deputado Dagoberto e o ex-senador Valter Pereira. &#8220;S\u00e3o recursos que, com certeza, v\u00e3o ajudar o Minist\u00e9rio a estruturar as a\u00e7\u00f5es de apoio e desenvolvimento da piscicultura aqui em Mato Grosso do Sul&#8221;, destacou.<\/p>\n<p><strong>Projeto Pacu<\/strong><\/p>\n<p>A ministra Ideli Salvatti chegou a Campo Grande na manh\u00e3 de domingo (22) e seguiu direto para a fazenda Santa Rosa, em Terenos, onde conheceu o Projeto Pacu, um dos maiores na produ\u00e7\u00e3o de pescado da regi\u00e3o Centro-Oeste. Ela participou do evento ao lado do deputado federal Vander Loubet, do ex-governador Zeca do PT, do ex-senador Valter Pereira e do prefeito de Terenos, Beto Pereira.<\/p>\n<p>Na ocasi\u00e3o, Ideli destacou que os governos estaduais precisam agilizar a libera\u00e7\u00e3o de licen\u00e7a ambiental para o setor, j\u00e1 que empres\u00e1rios da pesca afirmaram haver casos em que precisam acionar o Minist\u00e9rio P\u00fablico Estadual (MPE) para obter as licen\u00e7as.<\/p>\n<p><span style=\"font-size: 11px;\">(\u00c9der Yanaguita\/Assessoria de Comunica\u00e7\u00e3o)<\/span><\/p>\n","protected":false},"excerpt":{"rendered":"<p>Ato com a ministra Ideli Salvatti teve libera\u00e7\u00e3o de R$ 228 mil em equipamentos e kits para facilitar comercializa\u00e7\u00e3o de pescado.<\/p>\n","protected":false},"author":2,"featured_media":0,"comment_status":"closed","ping_status":"open","sticky":false,"template":"","format":"standard","meta":{"jetpack_post_was_ever_published":false,"_jetpack_newsletter_access":"","_jetpack_dont_email_post_to_subs":false,"_jetpack_newsletter_tier_id":0,"_jetpack_memberships_contains_paywalled_content":false,"_jetpack_memberships_contains_paid_content":false,"footnotes":""},"categories":[10],"tags":[165,520,608,807,808,984,1114,1178,1302,1336,1525,1536,1549,1655,1778,2033],"class_list":{"0":"post-3197","1":"post","2":"type-post","3":"status-publish","4":"format-standard","6":"category-noticias","7":"tag-aquicultura","8":"tag-convenio","9":"tag-deputado","10":"tag-federal","11":"tag-feira","12":"tag-ideli","13":"tag-kit","14":"tag-loubet","15":"tag-ministerio","16":"tag-ms","17":"tag-peixe","18":"tag-pesca","19":"tag-piscicultura","20":"tag-pt","21":"tag-salvatti","22":"tag-vander"},"yoast_head":"<!-- This site is optimized with the Yoast SEO plugin v27.4 - https:\/\/yoast.com\/product\/yoast-seo-wordpress\/ -->\n<title>Vander participa de assinatura de conv\u00eanios com ministra da Pesca<\/title>\n<meta name=\"robots\" content=\"index, follow, max-snippet:-1, max-image-preview:large, max-video-preview:-1\" \/>\n<link rel=\"canonical\" href=\"http:\/\/vanderloubet.com.br\/deputado\/vander-participa-de-assinatura-de-convenios-com-ministra-da-pesca\/\" \/>\n<meta property=\"og:locale\" content=\"pt_BR\" \/>\n<meta property=\"og:type\" content=\"article\" \/>\n<meta property=\"og:title\" content=\"Vander participa de assinatura de conv\u00eanios com ministra da Pesca\" \/>\n<meta property=\"og:description\" content=\"Ato com a ministra Ideli Salvatti teve libera\u00e7\u00e3o de R$ 228 mil em equipamentos e kits para facilitar comercializa\u00e7\u00e3o de pescado.\" \/>\n<meta property=\"og:url\" content=\"http:\/\/vanderloubet.com.br\/deputado\/vander-participa-de-assinatura-de-convenios-com-ministra-da-pesca\/\" \/>\n<meta property=\"og:site_name\" content=\"Deputado Federal Vander Loubet\" \/>\n<meta property=\"article:publisher\" content=\"https:\/\/facebook.com\/deputadovander\" \/>\n<meta property=\"article:published_time\" content=\"2011-05-24T14:21:51+00:00\" \/>\n<meta property=\"og:image\" content=\"http:\/\/www.deputadovander.com.br\/website\/wp-content\/uploads\/2011\/05\/foto-2011-05-24-vander-ministra-ideli-01-400x266.jpg\" \/>\n<meta name=\"author\" content=\"\u00c9der\" \/>\n<meta name=\"twitter:card\" content=\"summary_large_image\" \/>\n<meta name=\"twitter:creator\" content=\"@vanderloubet\" \/>\n<meta name=\"twitter:site\" content=\"@vanderloubet\" \/>\n<script type=\"application\/ld+json\" class=\"yoast-schema-graph\">{\"@context\":\"https:\\\/\\\/schema.org\",\"@graph\":[{\"@type\":\"Article\",\"@id\":\"http:\\\/\\\/vanderloubet.com.br\\\/deputado\\\/vander-participa-de-assinatura-de-convenios-com-ministra-da-pesca\\\/#article\",\"isPartOf\":{\"@id\":\"http:\\\/\\\/vanderloubet.com.br\\\/deputado\\\/vander-participa-de-assinatura-de-convenios-com-ministra-da-pesca\\\/\"},\"author\":{\"name\":\"\u00c9der\",\"@id\":\"https:\\\/\\\/vanderloubet.com.br\\\/deputado\\\/#\\\/schema\\\/person\\\/15b51bd564532a8a68d9dec1b8eb890e\"},\"headline\":\"Vander participa de assinatura de conv\u00eanios com ministra da Pesca\",\"datePublished\":\"2011-05-24T14:21:51+00:00\",\"mainEntityOfPage\":{\"@id\":\"http:\\\/\\\/vanderloubet.com.br\\\/deputado\\\/vander-participa-de-assinatura-de-convenios-com-ministra-da-pesca\\\/\"},\"wordCount\":601,\"publisher\":{\"@id\":\"https:\\\/\\\/vanderloubet.com.br\\\/deputado\\\/#organization\"},\"image\":{\"@id\":\"http:\\\/\\\/vanderloubet.com.br\\\/deputado\\\/vander-participa-de-assinatura-de-convenios-com-ministra-da-pesca\\\/#primaryimage\"},\"thumbnailUrl\":\"http:\\\/\\\/www.deputadovander.com.br\\\/website\\\/wp-content\\\/uploads\\\/2011\\\/05\\\/foto-2011-05-24-vander-ministra-ideli-01-400x266.jpg\",\"keywords\":[\"aquicultura\",\"conv\u00eanio\",\"deputado\",\"federal\",\"feira\",\"ideli\",\"kit\",\"loubet\",\"minist\u00e9rio\",\"MS\",\"peixe\",\"pesca\",\"piscicultura\",\"PT\",\"salvatti\",\"vander\"],\"articleSection\":[\"Not\u00edcias\"],\"inLanguage\":\"pt-BR\"},{\"@type\":\"WebPage\",\"@id\":\"http:\\\/\\\/vanderloubet.com.br\\\/deputado\\\/vander-participa-de-assinatura-de-convenios-com-ministra-da-pesca\\\/\",\"url\":\"http:\\\/\\\/vanderloubet.com.br\\\/deputado\\\/vander-participa-de-assinatura-de-convenios-com-ministra-da-pesca\\\/\",\"name\":\"Vander participa de assinatura de conv\u00eanios com ministra da Pesca\",\"isPartOf\":{\"@id\":\"https:\\\/\\\/vanderloubet.com.br\\\/deputado\\\/#website\"},\"primaryImageOfPage\":{\"@id\":\"http:\\\/\\\/vanderloubet.com.br\\\/deputado\\\/vander-participa-de-assinatura-de-convenios-com-ministra-da-pesca\\\/#primaryimage\"},\"image\":{\"@id\":\"http:\\\/\\\/vanderloubet.com.br\\\/deputado\\\/vander-participa-de-assinatura-de-convenios-com-ministra-da-pesca\\\/#primaryimage\"},\"thumbnailUrl\":\"http:\\\/\\\/www.deputadovander.com.br\\\/website\\\/wp-content\\\/uploads\\\/2011\\\/05\\\/foto-2011-05-24-vander-ministra-ideli-01-400x266.jpg\",\"datePublished\":\"2011-05-24T14:21:51+00:00\",\"breadcrumb\":{\"@id\":\"http:\\\/\\\/vanderloubet.com.br\\\/deputado\\\/vander-participa-de-assinatura-de-convenios-com-ministra-da-pesca\\\/#breadcrumb\"},\"inLanguage\":\"pt-BR\",\"potentialAction\":[{\"@type\":\"ReadAction\",\"target\":[\"http:\\\/\\\/vanderloubet.com.br\\\/deputado\\\/vander-participa-de-assinatura-de-convenios-com-ministra-da-pesca\\\/\"]}]},{\"@type\":\"ImageObject\",\"inLanguage\":\"pt-BR\",\"@id\":\"http:\\\/\\\/vanderloubet.com.br\\\/deputado\\\/vander-participa-de-assinatura-de-convenios-com-ministra-da-pesca\\\/#primaryimage\",\"url\":\"http:\\\/\\\/www.deputadovander.com.br\\\/website\\\/wp-content\\\/uploads\\\/2011\\\/05\\\/foto-2011-05-24-vander-ministra-ideli-01-400x266.jpg\",\"contentUrl\":\"http:\\\/\\\/www.deputadovander.com.br\\\/website\\\/wp-content\\\/uploads\\\/2011\\\/05\\\/foto-2011-05-24-vander-ministra-ideli-01-400x266.jpg\"},{\"@type\":\"BreadcrumbList\",\"@id\":\"http:\\\/\\\/vanderloubet.com.br\\\/deputado\\\/vander-participa-de-assinatura-de-convenios-com-ministra-da-pesca\\\/#breadcrumb\",\"itemListElement\":[{\"@type\":\"ListItem\",\"position\":1,\"name\":\"In\u00edcio\",\"item\":\"https:\\\/\\\/vanderloubet.com.br\\\/deputado\\\/\"},{\"@type\":\"ListItem\",\"position\":2,\"name\":\"Vander participa de assinatura de conv\u00eanios com ministra da Pesca\"}]},{\"@type\":\"WebSite\",\"@id\":\"https:\\\/\\\/vanderloubet.com.br\\\/deputado\\\/#website\",\"url\":\"https:\\\/\\\/vanderloubet.com.br\\\/deputado\\\/\",\"name\":\"Deputado Federal Vander Loubet\",\"description\":\"O Federal de MS\",\"publisher\":{\"@id\":\"https:\\\/\\\/vanderloubet.com.br\\\/deputado\\\/#organization\"},\"alternateName\":\"Deputado Vander\",\"potentialAction\":[{\"@type\":\"SearchAction\",\"target\":{\"@type\":\"EntryPoint\",\"urlTemplate\":\"https:\\\/\\\/vanderloubet.com.br\\\/deputado\\\/?s={search_term_string}\"},\"query-input\":{\"@type\":\"PropertyValueSpecification\",\"valueRequired\":true,\"valueName\":\"search_term_string\"}}],\"inLanguage\":\"pt-BR\"},{\"@type\":\"Organization\",\"@id\":\"https:\\\/\\\/vanderloubet.com.br\\\/deputado\\\/#organization\",\"name\":\"Deputado Federal Vander Loubet\",\"alternateName\":\"Deputado Vander\",\"url\":\"https:\\\/\\\/vanderloubet.com.br\\\/deputado\\\/\",\"logo\":{\"@type\":\"ImageObject\",\"inLanguage\":\"pt-BR\",\"@id\":\"https:\\\/\\\/vanderloubet.com.br\\\/deputado\\\/#\\\/schema\\\/logo\\\/image\\\/\",\"url\":\"https:\\\/\\\/vanderloubet.com.br\\\/deputado\\\/wp-content\\\/uploads\\\/2023\\\/06\\\/foto-2023-06-19-mandato-deputado-vander.jpg\",\"contentUrl\":\"https:\\\/\\\/vanderloubet.com.br\\\/deputado\\\/wp-content\\\/uploads\\\/2023\\\/06\\\/foto-2023-06-19-mandato-deputado-vander.jpg\",\"width\":1080,\"height\":1080,\"caption\":\"Deputado Federal Vander Loubet\"},\"image\":{\"@id\":\"https:\\\/\\\/vanderloubet.com.br\\\/deputado\\\/#\\\/schema\\\/logo\\\/image\\\/\"},\"sameAs\":[\"https:\\\/\\\/facebook.com\\\/deputadovander\",\"https:\\\/\\\/x.com\\\/vanderloubet\",\"https:\\\/\\\/instagram.com\\\/vanderloubet\",\"https:\\\/\\\/youtube.com\\\/vanderloubet\",\"https:\\\/\\\/tiktok.com\\\/@vanderloubetms\"]},{\"@type\":\"Person\",\"@id\":\"https:\\\/\\\/vanderloubet.com.br\\\/deputado\\\/#\\\/schema\\\/person\\\/15b51bd564532a8a68d9dec1b8eb890e\",\"name\":\"\u00c9der\",\"image\":{\"@type\":\"ImageObject\",\"inLanguage\":\"pt-BR\",\"@id\":\"https:\\\/\\\/vanderloubet.com.br\\\/deputado\\\/wp-content\\\/litespeed\\\/avatar\\\/88ca4090d9d5ab1c9495f6ca03b68efa.jpg?ver=1777058957\",\"url\":\"https:\\\/\\\/vanderloubet.com.br\\\/deputado\\\/wp-content\\\/litespeed\\\/avatar\\\/88ca4090d9d5ab1c9495f6ca03b68efa.jpg?ver=1777058957\",\"contentUrl\":\"https:\\\/\\\/vanderloubet.com.br\\\/deputado\\\/wp-content\\\/litespeed\\\/avatar\\\/88ca4090d9d5ab1c9495f6ca03b68efa.jpg?ver=1777058957\",\"caption\":\"\u00c9der\"}}]}<\/script>\n<!-- \/ Yoast SEO plugin. -->","yoast_head_json":{"title":"Vander participa de assinatura de conv\u00eanios com ministra da Pesca","robots":{"index":"index","follow":"follow","max-snippet":"max-snippet:-1","max-image-preview":"max-image-preview:large","max-video-preview":"max-video-preview:-1"},"canonical":"http:\/\/vanderloubet.com.br\/deputado\/vander-participa-de-assinatura-de-convenios-com-ministra-da-pesca\/","og_locale":"pt_BR","og_type":"article","og_title":"Vander participa de assinatura de conv\u00eanios com ministra da Pesca","og_description":"Ato com a ministra Ideli Salvatti teve libera\u00e7\u00e3o de R$ 228 mil em equipamentos e kits para facilitar comercializa\u00e7\u00e3o de pescado.","og_url":"http:\/\/vanderloubet.com.br\/deputado\/vander-participa-de-assinatura-de-convenios-com-ministra-da-pesca\/","og_site_name":"Deputado Federal Vander Loubet","article_publisher":"https:\/\/facebook.com\/deputadovander","article_published_time":"2011-05-24T14:21:51+00:00","og_image":[{"url":"http:\/\/www.deputadovander.com.br\/website\/wp-content\/uploads\/2011\/05\/foto-2011-05-24-vander-ministra-ideli-01-400x266.jpg","type":"","width":"","height":""}],"author":"\u00c9der","twitter_card":"summary_large_image","twitter_creator":"@vanderloubet","twitter_site":"@vanderloubet","schema":{"@context":"https:\/\/schema.org","@graph":[{"@type":"Article","@id":"http:\/\/vanderloubet.com.br\/deputado\/vander-participa-de-assinatura-de-convenios-com-ministra-da-pesca\/#article","isPartOf":{"@id":"http:\/\/vanderloubet.com.br\/deputado\/vander-participa-de-assinatura-de-convenios-com-ministra-da-pesca\/"},"author":{"name":"\u00c9der","@id":"https:\/\/vanderloubet.com.br\/deputado\/#\/schema\/person\/15b51bd564532a8a68d9dec1b8eb890e"},"headline":"Vander participa de assinatura de conv\u00eanios com ministra da Pesca","datePublished":"2011-05-24T14:21:51+00:00","mainEntityOfPage":{"@id":"http:\/\/vanderloubet.com.br\/deputado\/vander-participa-de-assinatura-de-convenios-com-ministra-da-pesca\/"},"wordCount":601,"publisher":{"@id":"https:\/\/vanderloubet.com.br\/deputado\/#organization"},"image":{"@id":"http:\/\/vanderloubet.com.br\/deputado\/vander-participa-de-assinatura-de-convenios-com-ministra-da-pesca\/#primaryimage"},"thumbnailUrl":"http:\/\/www.deputadovander.com.br\/website\/wp-content\/uploads\/2011\/05\/foto-2011-05-24-vander-ministra-ideli-01-400x266.jpg","keywords":["aquicultura","conv\u00eanio","deputado","federal","feira","ideli","kit","loubet","minist\u00e9rio","MS","peixe","pesca","piscicultura","PT","salvatti","vander"],"articleSection":["Not\u00edcias"],"inLanguage":"pt-BR"},{"@type":"WebPage","@id":"http:\/\/vanderloubet.com.br\/deputado\/vander-participa-de-assinatura-de-convenios-com-ministra-da-pesca\/","url":"http:\/\/vanderloubet.com.br\/deputado\/vander-participa-de-assinatura-de-convenios-com-ministra-da-pesca\/","name":"Vander participa de assinatura de conv\u00eanios com ministra da Pesca","isPartOf":{"@id":"https:\/\/vanderloubet.com.br\/deputado\/#website"},"primaryImageOfPage":{"@id":"http:\/\/vanderloubet.com.br\/deputado\/vander-participa-de-assinatura-de-convenios-com-ministra-da-pesca\/#primaryimage"},"image":{"@id":"http:\/\/vanderloubet.com.br\/deputado\/vander-participa-de-assinatura-de-convenios-com-ministra-da-pesca\/#primaryimage"},"thumbnailUrl":"http:\/\/www.deputadovander.com.br\/website\/wp-content\/uploads\/2011\/05\/foto-2011-05-24-vander-ministra-ideli-01-400x266.jpg","datePublished":"2011-05-24T14:21:51+00:00","breadcrumb":{"@id":"http:\/\/vanderloubet.com.br\/deputado\/vander-participa-de-assinatura-de-convenios-com-ministra-da-pesca\/#breadcrumb"},"inLanguage":"pt-BR","potentialAction":[{"@type":"ReadAction","target":["http:\/\/vanderloubet.com.br\/deputado\/vander-participa-de-assinatura-de-convenios-com-ministra-da-pesca\/"]}]},{"@type":"ImageObject","inLanguage":"pt-BR","@id":"http:\/\/vanderloubet.com.br\/deputado\/vander-participa-de-assinatura-de-convenios-com-ministra-da-pesca\/#primaryimage","url":"http:\/\/www.deputadovander.com.br\/website\/wp-content\/uploads\/2011\/05\/foto-2011-05-24-vander-ministra-ideli-01-400x266.jpg","contentUrl":"http:\/\/www.deputadovander.com.br\/website\/wp-content\/uploads\/2011\/05\/foto-2011-05-24-vander-ministra-ideli-01-400x266.jpg"},{"@type":"BreadcrumbList","@id":"http:\/\/vanderloubet.com.br\/deputado\/vander-participa-de-assinatura-de-convenios-com-ministra-da-pesca\/#breadcrumb","itemListElement":[{"@type":"ListItem","position":1,"name":"In\u00edcio","item":"https:\/\/vanderloubet.com.br\/deputado\/"},{"@type":"ListItem","position":2,"name":"Vander participa de assinatura de conv\u00eanios com ministra da Pesca"}]},{"@type":"WebSite","@id":"https:\/\/vanderloubet.com.br\/deputado\/#website","url":"https:\/\/vanderloubet.com.br\/deputado\/","name":"Deputado Federal Vander Loubet","description":"O Federal de MS","publisher":{"@id":"https:\/\/vanderloubet.com.br\/deputado\/#organization"},"alternateName":"Deputado Vander","potentialAction":[{"@type":"SearchAction","target":{"@type":"EntryPoint","urlTemplate":"https:\/\/vanderloubet.com.br\/deputado\/?s={search_term_string}"},"query-input":{"@type":"PropertyValueSpecification","valueRequired":true,"valueName":"search_term_string"}}],"inLanguage":"pt-BR"},{"@type":"Organization","@id":"https:\/\/vanderloubet.com.br\/deputado\/#organization","name":"Deputado Federal Vander Loubet","alternateName":"Deputado Vander","url":"https:\/\/vanderloubet.com.br\/deputado\/","logo":{"@type":"ImageObject","inLanguage":"pt-BR","@id":"https:\/\/vanderloubet.com.br\/deputado\/#\/schema\/logo\/image\/","url":"https:\/\/vanderloubet.com.br\/deputado\/wp-content\/uploads\/2023\/06\/foto-2023-06-19-mandato-deputado-vander.jpg","contentUrl":"https:\/\/vanderloubet.com.br\/deputado\/wp-content\/uploads\/2023\/06\/foto-2023-06-19-mandato-deputado-vander.jpg","width":1080,"height":1080,"caption":"Deputado Federal Vander Loubet"},"image":{"@id":"https:\/\/vanderloubet.com.br\/deputado\/#\/schema\/logo\/image\/"},"sameAs":["https:\/\/facebook.com\/deputadovander","https:\/\/x.com\/vanderloubet","https:\/\/instagram.com\/vanderloubet","https:\/\/youtube.com\/vanderloubet","https:\/\/tiktok.com\/@vanderloubetms"]},{"@type":"Person","@id":"https:\/\/vanderloubet.com.br\/deputado\/#\/schema\/person\/15b51bd564532a8a68d9dec1b8eb890e","name":"\u00c9der","image":{"@type":"ImageObject","inLanguage":"pt-BR","@id":"https:\/\/vanderloubet.com.br\/deputado\/wp-content\/litespeed\/avatar\/88ca4090d9d5ab1c9495f6ca03b68efa.jpg?ver=1777058957","url":"https:\/\/vanderloubet.com.br\/deputado\/wp-content\/litespeed\/avatar\/88ca4090d9d5ab1c9495f6ca03b68efa.jpg?ver=1777058957","contentUrl":"https:\/\/vanderloubet.com.br\/deputado\/wp-content\/litespeed\/avatar\/88ca4090d9d5ab1c9495f6ca03b68efa.jpg?ver=1777058957","caption":"\u00c9der"}}]}},"jetpack_featured_media_url":"","jetpack_sharing_enabled":true,"_links":{"self":[{"href":"https:\/\/vanderloubet.com.br\/deputado\/wp-json\/wp\/v2\/posts\/3197","targetHints":{"allow":["GET"]}}],"collection":[{"href":"https:\/\/vanderloubet.com.br\/deputado\/wp-json\/wp\/v2\/posts"}],"about":[{"href":"https:\/\/vanderloubet.com.br\/deputado\/wp-json\/wp\/v2\/types\/post"}],"author":[{"embeddable":true,"href":"https:\/\/vanderloubet.com.br\/deputado\/wp-json\/wp\/v2\/users\/2"}],"replies":[{"embeddable":true,"href":"https:\/\/vanderloubet.com.br\/deputado\/wp-json\/wp\/v2\/comments?post=3197"}],"version-history":[{"count":0,"href":"https:\/\/vanderloubet.com.br\/deputado\/wp-json\/wp\/v2\/posts\/3197\/revisions"}],"wp:attachment":[{"href":"https:\/\/vanderloubet.com.br\/deputado\/wp-json\/wp\/v2\/media?parent=3197"}],"wp:term":[{"taxonomy":"category","embeddable":true,"href":"https:\/\/vanderloubet.com.br\/deputado\/wp-json\/wp\/v2\/categories?post=3197"},{"taxonomy":"post_tag","embeddable":true,"href":"https:\/\/vanderloubet.com.br\/deputado\/wp-json\/wp\/v2\/tags?post=3197"}],"curies":[{"name":"wp","href":"https:\/\/api.w.org\/{rel}","templated":true}]}}