{"id":3191,"date":"2011-05-21T15:32:04","date_gmt":"2011-05-21T19:32:04","guid":{"rendered":"http:\/\/www.deputadovander.com.br\/website\/?p=3191"},"modified":"2011-05-21T15:32:04","modified_gmt":"2011-05-21T19:32:04","slug":"vander-participa-de-lancamento-de-parque-em-nova-alvorada-do-sul","status":"publish","type":"post","link":"https:\/\/vanderloubet.com.br\/deputado\/vander-participa-de-lancamento-de-parque-em-nova-alvorada-do-sul\/","title":{"rendered":"Vander participa de lan\u00e7amento de parque em Nova Alvorada do Sul"},"content":{"rendered":"<p style=\"text-align: center;\"><figure id=\"attachment_3192\" aria-describedby=\"caption-attachment-3192\" style=\"width: 400px\" class=\"wp-caption aligncenter\"><a href=\"http:\/\/www.deputadovander.com.br\/website\/wp-content\/uploads\/2011\/05\/foto-2011-05-21-parque-nova-alvorada.jpg\"><img decoding=\"async\" class=\"size-medium wp-image-3192  \" title=\"foto-2011-05-21-parque-nova-alvorada\" src=\"http:\/\/www.deputadovander.com.br\/website\/wp-content\/uploads\/2011\/05\/foto-2011-05-21-parque-nova-alvorada-400x237.jpg\" alt=\"Projeto do Parque Nelson Terer\u00e9 em Nova Alvorada do Sul\" width=\"400\" height=\"237\" \/><\/a><figcaption id=\"caption-attachment-3192\" class=\"wp-caption-text\">Projeto do Parque Nelson Terer\u00e9 em Nova Alvorada do Sul<\/figcaption><\/figure><\/p>\n<p>A popula\u00e7\u00e3o da cidade que mais cresce em Mato Grosso do Sul j\u00e1 pode come\u00e7ar a comemorar mais uma conquista. A Administra\u00e7\u00e3o Municipal de Nova Alvorada do Sul lan\u00e7ou na noite da \u00faltima sexta-feira (20) o in\u00edcio das obras do Parque Recreativo Nelson Terer\u00e9. A ordem de servi\u00e7o foi assinada pelo prefeito Arlei Barbosa (PT) e pelo deputado federal Vander Loubet (PT-MS) em solenidade realizada na Avenida Irineu de Souza Ara\u00fajo.<\/p>\n<p>O in\u00edcio da constru\u00e7\u00e3o do parque \u00e9 resultado de uma parceria entre o governo federal e a Prefeitura, que v\u00e3o investir R$ 5 milh\u00f5es no espa\u00e7o. Os recursos federais foram viabilizados por meio de emenda parlamentar do deputado Vander e somam R$ 2 milh\u00f5es, sendo os outros R$ 3 milh\u00f5es contrapartida do Munic\u00edpio.<\/p>\n<p>De acordo com o prefeito Arlei, o parque ser\u00e1 um dos cart\u00f5es postais da cidade, dando um grande impacto na qualidade de vida da popula\u00e7\u00e3o. &#8220;Ser\u00e1 um local integrado num conceito moderno, com espa\u00e7os para a popula\u00e7\u00e3o fazer exerc\u00edcios, levar os filhos para brincar e ser um ponto de encontro de amigos e da fam\u00edlia. O espa\u00e7o contar\u00e1 com lumin\u00e1rias mantidas atrav\u00e9s de energia solar, pista de caminhada, playground, quadras poliesportivas e academia ao ar livre. Al\u00e9m disso, haver\u00e1 a revitaliza\u00e7\u00e3o do lago, tornando-o a principal atra\u00e7\u00e3o tur\u00edstica da nossa cidade&#8221;, destacou o prefeito, ressaltando a importante parceria com Vander Loubet, que sempre tem contribu\u00eddo para o desenvolvimento de Nova Alvorada do Sul.<\/p>\n<p>J\u00e1 o deputado federal Vander Loubet aproveitou a solenidade para enaltecer o trabalho da administra\u00e7\u00e3o municipal. &#8220;Quero parabenizar a administra\u00e7\u00e3o do prefeito Arlei e  toda sua equipe, que t\u00eam transformado o munic\u00edpio num dos mais promissores do estado. Essa ser\u00e1 mais uma obra que vai elevar a qualidade de vida dos cidad\u00e3os e cidad\u00e3s de Nova Alvorada, que ter\u00e3o um execlenete espa\u00e7o para o lazer&#8221;, declarou.<\/p>\n<p><span style=\"font-size: 11px;\">(\u00c9der Yanaguita\/Assessoria, com informa\u00e7\u00f5es de Neliana Martins\/Imprensa Prefeitura)<\/span><\/p>\n","protected":false},"excerpt":{"rendered":"<p>Junto com prefeito Arlei, deputado assinou ordem de servi\u00e7o para in\u00edcio das obras, parceria entre governo federal e Prefeitura.<\/p>\n","protected":false},"author":2,"featured_media":0,"comment_status":"closed","ping_status":"open","sticky":false,"template":"","format":"standard","meta":{"jetpack_post_was_ever_published":false,"_jetpack_newsletter_access":"","_jetpack_dont_email_post_to_subs":false,"_jetpack_newsletter_tier_id":0,"_jetpack_memberships_contains_paywalled_content":false,"_jetpack_memberships_contains_paid_content":false,"footnotes":""},"categories":[10],"tags":[112,175,242,608,807,1178,1375,1400,1484,1607,1655,1902,1939,2033],"class_list":{"0":"post-3191","1":"post","2":"type-post","3":"status-publish","4":"format-standard","6":"category-noticias","7":"tag-alvorada","8":"tag-arlei","9":"tag-barbosa","10":"tag-deputado","11":"tag-federal","12":"tag-loubet","13":"tag-nelson","14":"tag-nova","15":"tag-parque","16":"tag-prefeito","17":"tag-pt","18":"tag-sul","19":"tag-terere","20":"tag-vander"},"yoast_head":"<!-- This site is optimized with the Yoast SEO plugin v27.4 - https:\/\/yoast.com\/product\/yoast-seo-wordpress\/ -->\n<title>Vander participa de lan\u00e7amento de parque em Nova Alvorada do Sul<\/title>\n<meta name=\"robots\" content=\"index, follow, max-snippet:-1, max-image-preview:large, max-video-preview:-1\" \/>\n<link rel=\"canonical\" href=\"https:\/\/vanderloubet.com.br\/deputado\/vander-participa-de-lancamento-de-parque-em-nova-alvorada-do-sul\/\" \/>\n<meta property=\"og:locale\" content=\"pt_BR\" \/>\n<meta property=\"og:type\" content=\"article\" \/>\n<meta property=\"og:title\" content=\"Vander participa de lan\u00e7amento de parque em Nova Alvorada do Sul\" \/>\n<meta property=\"og:description\" content=\"Junto com prefeito Arlei, deputado assinou ordem de servi\u00e7o para in\u00edcio das obras, parceria entre governo federal e Prefeitura.\" \/>\n<meta property=\"og:url\" content=\"https:\/\/vanderloubet.com.br\/deputado\/vander-participa-de-lancamento-de-parque-em-nova-alvorada-do-sul\/\" \/>\n<meta property=\"og:site_name\" content=\"Deputado Federal Vander Loubet\" \/>\n<meta property=\"article:publisher\" content=\"https:\/\/facebook.com\/deputadovander\" \/>\n<meta property=\"article:published_time\" content=\"2011-05-21T19:32:04+00:00\" \/>\n<meta property=\"og:image\" content=\"http:\/\/www.deputadovander.com.br\/website\/wp-content\/uploads\/2011\/05\/foto-2011-05-21-parque-nova-alvorada-400x237.jpg\" \/>\n<meta name=\"author\" content=\"\u00c9der\" \/>\n<meta name=\"twitter:card\" content=\"summary_large_image\" \/>\n<meta name=\"twitter:creator\" content=\"@vanderloubet\" \/>\n<meta name=\"twitter:site\" content=\"@vanderloubet\" \/>\n<script type=\"application\/ld+json\" class=\"yoast-schema-graph\">{\"@context\":\"https:\\\/\\\/schema.org\",\"@graph\":[{\"@type\":\"Article\",\"@id\":\"https:\\\/\\\/vanderloubet.com.br\\\/deputado\\\/vander-participa-de-lancamento-de-parque-em-nova-alvorada-do-sul\\\/#article\",\"isPartOf\":{\"@id\":\"https:\\\/\\\/vanderloubet.com.br\\\/deputado\\\/vander-participa-de-lancamento-de-parque-em-nova-alvorada-do-sul\\\/\"},\"author\":{\"name\":\"\u00c9der\",\"@id\":\"https:\\\/\\\/vanderloubet.com.br\\\/deputado\\\/#\\\/schema\\\/person\\\/15b51bd564532a8a68d9dec1b8eb890e\"},\"headline\":\"Vander participa de lan\u00e7amento de parque em Nova Alvorada do Sul\",\"datePublished\":\"2011-05-21T19:32:04+00:00\",\"mainEntityOfPage\":{\"@id\":\"https:\\\/\\\/vanderloubet.com.br\\\/deputado\\\/vander-participa-de-lancamento-de-parque-em-nova-alvorada-do-sul\\\/\"},\"wordCount\":376,\"publisher\":{\"@id\":\"https:\\\/\\\/vanderloubet.com.br\\\/deputado\\\/#organization\"},\"image\":{\"@id\":\"https:\\\/\\\/vanderloubet.com.br\\\/deputado\\\/vander-participa-de-lancamento-de-parque-em-nova-alvorada-do-sul\\\/#primaryimage\"},\"thumbnailUrl\":\"http:\\\/\\\/www.deputadovander.com.br\\\/website\\\/wp-content\\\/uploads\\\/2011\\\/05\\\/foto-2011-05-21-parque-nova-alvorada-400x237.jpg\",\"keywords\":[\"alvorada\",\"arlei\",\"barbosa\",\"deputado\",\"federal\",\"loubet\",\"nelson\",\"nova\",\"parque\",\"prefeito\",\"PT\",\"sul\",\"terer\u00e9\",\"vander\"],\"articleSection\":[\"Not\u00edcias\"],\"inLanguage\":\"pt-BR\"},{\"@type\":\"WebPage\",\"@id\":\"https:\\\/\\\/vanderloubet.com.br\\\/deputado\\\/vander-participa-de-lancamento-de-parque-em-nova-alvorada-do-sul\\\/\",\"url\":\"https:\\\/\\\/vanderloubet.com.br\\\/deputado\\\/vander-participa-de-lancamento-de-parque-em-nova-alvorada-do-sul\\\/\",\"name\":\"Vander participa de lan\u00e7amento de parque em Nova Alvorada do Sul\",\"isPartOf\":{\"@id\":\"https:\\\/\\\/vanderloubet.com.br\\\/deputado\\\/#website\"},\"primaryImageOfPage\":{\"@id\":\"https:\\\/\\\/vanderloubet.com.br\\\/deputado\\\/vander-participa-de-lancamento-de-parque-em-nova-alvorada-do-sul\\\/#primaryimage\"},\"image\":{\"@id\":\"https:\\\/\\\/vanderloubet.com.br\\\/deputado\\\/vander-participa-de-lancamento-de-parque-em-nova-alvorada-do-sul\\\/#primaryimage\"},\"thumbnailUrl\":\"http:\\\/\\\/www.deputadovander.com.br\\\/website\\\/wp-content\\\/uploads\\\/2011\\\/05\\\/foto-2011-05-21-parque-nova-alvorada-400x237.jpg\",\"datePublished\":\"2011-05-21T19:32:04+00:00\",\"breadcrumb\":{\"@id\":\"https:\\\/\\\/vanderloubet.com.br\\\/deputado\\\/vander-participa-de-lancamento-de-parque-em-nova-alvorada-do-sul\\\/#breadcrumb\"},\"inLanguage\":\"pt-BR\",\"potentialAction\":[{\"@type\":\"ReadAction\",\"target\":[\"https:\\\/\\\/vanderloubet.com.br\\\/deputado\\\/vander-participa-de-lancamento-de-parque-em-nova-alvorada-do-sul\\\/\"]}]},{\"@type\":\"ImageObject\",\"inLanguage\":\"pt-BR\",\"@id\":\"https:\\\/\\\/vanderloubet.com.br\\\/deputado\\\/vander-participa-de-lancamento-de-parque-em-nova-alvorada-do-sul\\\/#primaryimage\",\"url\":\"http:\\\/\\\/www.deputadovander.com.br\\\/website\\\/wp-content\\\/uploads\\\/2011\\\/05\\\/foto-2011-05-21-parque-nova-alvorada-400x237.jpg\",\"contentUrl\":\"http:\\\/\\\/www.deputadovander.com.br\\\/website\\\/wp-content\\\/uploads\\\/2011\\\/05\\\/foto-2011-05-21-parque-nova-alvorada-400x237.jpg\"},{\"@type\":\"BreadcrumbList\",\"@id\":\"https:\\\/\\\/vanderloubet.com.br\\\/deputado\\\/vander-participa-de-lancamento-de-parque-em-nova-alvorada-do-sul\\\/#breadcrumb\",\"itemListElement\":[{\"@type\":\"ListItem\",\"position\":1,\"name\":\"In\u00edcio\",\"item\":\"https:\\\/\\\/vanderloubet.com.br\\\/deputado\\\/\"},{\"@type\":\"ListItem\",\"position\":2,\"name\":\"Vander participa de lan\u00e7amento de parque em Nova Alvorada do Sul\"}]},{\"@type\":\"WebSite\",\"@id\":\"https:\\\/\\\/vanderloubet.com.br\\\/deputado\\\/#website\",\"url\":\"https:\\\/\\\/vanderloubet.com.br\\\/deputado\\\/\",\"name\":\"Deputado Federal Vander Loubet\",\"description\":\"O Federal de MS\",\"publisher\":{\"@id\":\"https:\\\/\\\/vanderloubet.com.br\\\/deputado\\\/#organization\"},\"alternateName\":\"Deputado Vander\",\"potentialAction\":[{\"@type\":\"SearchAction\",\"target\":{\"@type\":\"EntryPoint\",\"urlTemplate\":\"https:\\\/\\\/vanderloubet.com.br\\\/deputado\\\/?s={search_term_string}\"},\"query-input\":{\"@type\":\"PropertyValueSpecification\",\"valueRequired\":true,\"valueName\":\"search_term_string\"}}],\"inLanguage\":\"pt-BR\"},{\"@type\":\"Organization\",\"@id\":\"https:\\\/\\\/vanderloubet.com.br\\\/deputado\\\/#organization\",\"name\":\"Deputado Federal Vander Loubet\",\"alternateName\":\"Deputado Vander\",\"url\":\"https:\\\/\\\/vanderloubet.com.br\\\/deputado\\\/\",\"logo\":{\"@type\":\"ImageObject\",\"inLanguage\":\"pt-BR\",\"@id\":\"https:\\\/\\\/vanderloubet.com.br\\\/deputado\\\/#\\\/schema\\\/logo\\\/image\\\/\",\"url\":\"https:\\\/\\\/vanderloubet.com.br\\\/deputado\\\/wp-content\\\/uploads\\\/2023\\\/06\\\/foto-2023-06-19-mandato-deputado-vander.jpg\",\"contentUrl\":\"https:\\\/\\\/vanderloubet.com.br\\\/deputado\\\/wp-content\\\/uploads\\\/2023\\\/06\\\/foto-2023-06-19-mandato-deputado-vander.jpg\",\"width\":1080,\"height\":1080,\"caption\":\"Deputado Federal Vander Loubet\"},\"image\":{\"@id\":\"https:\\\/\\\/vanderloubet.com.br\\\/deputado\\\/#\\\/schema\\\/logo\\\/image\\\/\"},\"sameAs\":[\"https:\\\/\\\/facebook.com\\\/deputadovander\",\"https:\\\/\\\/x.com\\\/vanderloubet\",\"https:\\\/\\\/instagram.com\\\/vanderloubet\",\"https:\\\/\\\/youtube.com\\\/vanderloubet\",\"https:\\\/\\\/tiktok.com\\\/@vanderloubetms\"]},{\"@type\":\"Person\",\"@id\":\"https:\\\/\\\/vanderloubet.com.br\\\/deputado\\\/#\\\/schema\\\/person\\\/15b51bd564532a8a68d9dec1b8eb890e\",\"name\":\"\u00c9der\",\"image\":{\"@type\":\"ImageObject\",\"inLanguage\":\"pt-BR\",\"@id\":\"https:\\\/\\\/vanderloubet.com.br\\\/deputado\\\/wp-content\\\/litespeed\\\/avatar\\\/88ca4090d9d5ab1c9495f6ca03b68efa.jpg?ver=1777058957\",\"url\":\"https:\\\/\\\/vanderloubet.com.br\\\/deputado\\\/wp-content\\\/litespeed\\\/avatar\\\/88ca4090d9d5ab1c9495f6ca03b68efa.jpg?ver=1777058957\",\"contentUrl\":\"https:\\\/\\\/vanderloubet.com.br\\\/deputado\\\/wp-content\\\/litespeed\\\/avatar\\\/88ca4090d9d5ab1c9495f6ca03b68efa.jpg?ver=1777058957\",\"caption\":\"\u00c9der\"}}]}<\/script>\n<!-- \/ Yoast SEO plugin. -->","yoast_head_json":{"title":"Vander participa de lan\u00e7amento de parque em Nova Alvorada do Sul","robots":{"index":"index","follow":"follow","max-snippet":"max-snippet:-1","max-image-preview":"max-image-preview:large","max-video-preview":"max-video-preview:-1"},"canonical":"https:\/\/vanderloubet.com.br\/deputado\/vander-participa-de-lancamento-de-parque-em-nova-alvorada-do-sul\/","og_locale":"pt_BR","og_type":"article","og_title":"Vander participa de lan\u00e7amento de parque em Nova Alvorada do Sul","og_description":"Junto com prefeito Arlei, deputado assinou ordem de servi\u00e7o para in\u00edcio das obras, parceria entre governo federal e Prefeitura.","og_url":"https:\/\/vanderloubet.com.br\/deputado\/vander-participa-de-lancamento-de-parque-em-nova-alvorada-do-sul\/","og_site_name":"Deputado Federal Vander Loubet","article_publisher":"https:\/\/facebook.com\/deputadovander","article_published_time":"2011-05-21T19:32:04+00:00","og_image":[{"url":"http:\/\/www.deputadovander.com.br\/website\/wp-content\/uploads\/2011\/05\/foto-2011-05-21-parque-nova-alvorada-400x237.jpg","type":"","width":"","height":""}],"author":"\u00c9der","twitter_card":"summary_large_image","twitter_creator":"@vanderloubet","twitter_site":"@vanderloubet","schema":{"@context":"https:\/\/schema.org","@graph":[{"@type":"Article","@id":"https:\/\/vanderloubet.com.br\/deputado\/vander-participa-de-lancamento-de-parque-em-nova-alvorada-do-sul\/#article","isPartOf":{"@id":"https:\/\/vanderloubet.com.br\/deputado\/vander-participa-de-lancamento-de-parque-em-nova-alvorada-do-sul\/"},"author":{"name":"\u00c9der","@id":"https:\/\/vanderloubet.com.br\/deputado\/#\/schema\/person\/15b51bd564532a8a68d9dec1b8eb890e"},"headline":"Vander participa de lan\u00e7amento de parque em Nova Alvorada do Sul","datePublished":"2011-05-21T19:32:04+00:00","mainEntityOfPage":{"@id":"https:\/\/vanderloubet.com.br\/deputado\/vander-participa-de-lancamento-de-parque-em-nova-alvorada-do-sul\/"},"wordCount":376,"publisher":{"@id":"https:\/\/vanderloubet.com.br\/deputado\/#organization"},"image":{"@id":"https:\/\/vanderloubet.com.br\/deputado\/vander-participa-de-lancamento-de-parque-em-nova-alvorada-do-sul\/#primaryimage"},"thumbnailUrl":"http:\/\/www.deputadovander.com.br\/website\/wp-content\/uploads\/2011\/05\/foto-2011-05-21-parque-nova-alvorada-400x237.jpg","keywords":["alvorada","arlei","barbosa","deputado","federal","loubet","nelson","nova","parque","prefeito","PT","sul","terer\u00e9","vander"],"articleSection":["Not\u00edcias"],"inLanguage":"pt-BR"},{"@type":"WebPage","@id":"https:\/\/vanderloubet.com.br\/deputado\/vander-participa-de-lancamento-de-parque-em-nova-alvorada-do-sul\/","url":"https:\/\/vanderloubet.com.br\/deputado\/vander-participa-de-lancamento-de-parque-em-nova-alvorada-do-sul\/","name":"Vander participa de lan\u00e7amento de parque em Nova Alvorada do Sul","isPartOf":{"@id":"https:\/\/vanderloubet.com.br\/deputado\/#website"},"primaryImageOfPage":{"@id":"https:\/\/vanderloubet.com.br\/deputado\/vander-participa-de-lancamento-de-parque-em-nova-alvorada-do-sul\/#primaryimage"},"image":{"@id":"https:\/\/vanderloubet.com.br\/deputado\/vander-participa-de-lancamento-de-parque-em-nova-alvorada-do-sul\/#primaryimage"},"thumbnailUrl":"http:\/\/www.deputadovander.com.br\/website\/wp-content\/uploads\/2011\/05\/foto-2011-05-21-parque-nova-alvorada-400x237.jpg","datePublished":"2011-05-21T19:32:04+00:00","breadcrumb":{"@id":"https:\/\/vanderloubet.com.br\/deputado\/vander-participa-de-lancamento-de-parque-em-nova-alvorada-do-sul\/#breadcrumb"},"inLanguage":"pt-BR","potentialAction":[{"@type":"ReadAction","target":["https:\/\/vanderloubet.com.br\/deputado\/vander-participa-de-lancamento-de-parque-em-nova-alvorada-do-sul\/"]}]},{"@type":"ImageObject","inLanguage":"pt-BR","@id":"https:\/\/vanderloubet.com.br\/deputado\/vander-participa-de-lancamento-de-parque-em-nova-alvorada-do-sul\/#primaryimage","url":"http:\/\/www.deputadovander.com.br\/website\/wp-content\/uploads\/2011\/05\/foto-2011-05-21-parque-nova-alvorada-400x237.jpg","contentUrl":"http:\/\/www.deputadovander.com.br\/website\/wp-content\/uploads\/2011\/05\/foto-2011-05-21-parque-nova-alvorada-400x237.jpg"},{"@type":"BreadcrumbList","@id":"https:\/\/vanderloubet.com.br\/deputado\/vander-participa-de-lancamento-de-parque-em-nova-alvorada-do-sul\/#breadcrumb","itemListElement":[{"@type":"ListItem","position":1,"name":"In\u00edcio","item":"https:\/\/vanderloubet.com.br\/deputado\/"},{"@type":"ListItem","position":2,"name":"Vander participa de lan\u00e7amento de parque em Nova Alvorada do Sul"}]},{"@type":"WebSite","@id":"https:\/\/vanderloubet.com.br\/deputado\/#website","url":"https:\/\/vanderloubet.com.br\/deputado\/","name":"Deputado Federal Vander Loubet","description":"O Federal de MS","publisher":{"@id":"https:\/\/vanderloubet.com.br\/deputado\/#organization"},"alternateName":"Deputado Vander","potentialAction":[{"@type":"SearchAction","target":{"@type":"EntryPoint","urlTemplate":"https:\/\/vanderloubet.com.br\/deputado\/?s={search_term_string}"},"query-input":{"@type":"PropertyValueSpecification","valueRequired":true,"valueName":"search_term_string"}}],"inLanguage":"pt-BR"},{"@type":"Organization","@id":"https:\/\/vanderloubet.com.br\/deputado\/#organization","name":"Deputado Federal Vander Loubet","alternateName":"Deputado Vander","url":"https:\/\/vanderloubet.com.br\/deputado\/","logo":{"@type":"ImageObject","inLanguage":"pt-BR","@id":"https:\/\/vanderloubet.com.br\/deputado\/#\/schema\/logo\/image\/","url":"https:\/\/vanderloubet.com.br\/deputado\/wp-content\/uploads\/2023\/06\/foto-2023-06-19-mandato-deputado-vander.jpg","contentUrl":"https:\/\/vanderloubet.com.br\/deputado\/wp-content\/uploads\/2023\/06\/foto-2023-06-19-mandato-deputado-vander.jpg","width":1080,"height":1080,"caption":"Deputado Federal Vander Loubet"},"image":{"@id":"https:\/\/vanderloubet.com.br\/deputado\/#\/schema\/logo\/image\/"},"sameAs":["https:\/\/facebook.com\/deputadovander","https:\/\/x.com\/vanderloubet","https:\/\/instagram.com\/vanderloubet","https:\/\/youtube.com\/vanderloubet","https:\/\/tiktok.com\/@vanderloubetms"]},{"@type":"Person","@id":"https:\/\/vanderloubet.com.br\/deputado\/#\/schema\/person\/15b51bd564532a8a68d9dec1b8eb890e","name":"\u00c9der","image":{"@type":"ImageObject","inLanguage":"pt-BR","@id":"https:\/\/vanderloubet.com.br\/deputado\/wp-content\/litespeed\/avatar\/88ca4090d9d5ab1c9495f6ca03b68efa.jpg?ver=1777058957","url":"https:\/\/vanderloubet.com.br\/deputado\/wp-content\/litespeed\/avatar\/88ca4090d9d5ab1c9495f6ca03b68efa.jpg?ver=1777058957","contentUrl":"https:\/\/vanderloubet.com.br\/deputado\/wp-content\/litespeed\/avatar\/88ca4090d9d5ab1c9495f6ca03b68efa.jpg?ver=1777058957","caption":"\u00c9der"}}]}},"jetpack_featured_media_url":"","jetpack_sharing_enabled":true,"_links":{"self":[{"href":"https:\/\/vanderloubet.com.br\/deputado\/wp-json\/wp\/v2\/posts\/3191","targetHints":{"allow":["GET"]}}],"collection":[{"href":"https:\/\/vanderloubet.com.br\/deputado\/wp-json\/wp\/v2\/posts"}],"about":[{"href":"https:\/\/vanderloubet.com.br\/deputado\/wp-json\/wp\/v2\/types\/post"}],"author":[{"embeddable":true,"href":"https:\/\/vanderloubet.com.br\/deputado\/wp-json\/wp\/v2\/users\/2"}],"replies":[{"embeddable":true,"href":"https:\/\/vanderloubet.com.br\/deputado\/wp-json\/wp\/v2\/comments?post=3191"}],"version-history":[{"count":0,"href":"https:\/\/vanderloubet.com.br\/deputado\/wp-json\/wp\/v2\/posts\/3191\/revisions"}],"wp:attachment":[{"href":"https:\/\/vanderloubet.com.br\/deputado\/wp-json\/wp\/v2\/media?parent=3191"}],"wp:term":[{"taxonomy":"category","embeddable":true,"href":"https:\/\/vanderloubet.com.br\/deputado\/wp-json\/wp\/v2\/categories?post=3191"},{"taxonomy":"post_tag","embeddable":true,"href":"https:\/\/vanderloubet.com.br\/deputado\/wp-json\/wp\/v2\/tags?post=3191"}],"curies":[{"name":"wp","href":"https:\/\/api.w.org\/{rel}","templated":true}]}}