{"id":3164,"date":"2011-05-19T01:12:52","date_gmt":"2011-05-19T05:12:52","guid":{"rendered":"http:\/\/www.deputadovander.com.br\/website\/?p=3164"},"modified":"2011-05-19T01:12:52","modified_gmt":"2011-05-19T05:12:52","slug":"governistas-e-oposicao-fecham-acordo-para-votar-codigo-florestal","status":"publish","type":"post","link":"https:\/\/vanderloubet.com.br\/deputado\/governistas-e-oposicao-fecham-acordo-para-votar-codigo-florestal\/","title":{"rendered":"Governistas e oposi\u00e7\u00e3o fecham acordo para votar C\u00f3digo Florestal"},"content":{"rendered":"<p style=\"text-align: center;\"><figure id=\"attachment_754\" aria-describedby=\"caption-attachment-754\" style=\"width: 300px\" class=\"wp-caption aligncenter\"><a href=\"http:\/\/www.deputadovander.com.br\/website\/wp-content\/uploads\/2010\/05\/foto-2010-05-10-plenario-camara1.jpg\" target=\"_blank\"><img decoding=\"async\" class=\"size-medium wp-image-754 \" title=\"foto-2010-05-10-plenario-camara\" src=\"http:\/\/www.deputadovander.com.br\/website\/wp-content\/uploads\/2010\/05\/foto-2010-05-10-plenario-camara1-300x225.jpg\" alt=\"Plen\u00e1rio da C\u00e2mara em Bras\u00edlia\" width=\"300\" height=\"225\" \/><\/a><figcaption id=\"caption-attachment-754\" class=\"wp-caption-text\">Plen\u00e1rio da C\u00e2mara em Bras\u00edlia<\/figcaption><\/figure><\/p>\n<p>Ontem (18) na C\u00e2mara os l\u00edderes da base governista e da oposi\u00e7\u00e3o acertaram para ter\u00e7a-feira (24), a partir das 10h, a vota\u00e7\u00e3o do novo C\u00f3digo Florestal (PL 1.876\/99). Tamb\u00e9m participaram da reuni\u00e3o o relator da proposta deputado Aldo Rebelo (PCdoB-SP) e outras lideran\u00e7as da Casa.<\/p>\n<p>O deputado federal Vander Loubet (PT-MS), um dos representantes do governo no Grupo de Trabalho do C\u00f3digo Florestal na C\u00e2mara, informou que o acordo prev\u00ea a aprova\u00e7\u00e3o do texto apresentado por Rebelo e de uma emenda de autoria do PMDB. A emenda prev\u00ea que a interven\u00e7\u00e3o ou supress\u00e3o de vegeta\u00e7\u00e3o em \u00e1reas de preserva\u00e7\u00e3o permanente (APPs) e a manuten\u00e7\u00e3o de atividades consolidadas at\u00e9 22 de julho de 2008 ocorrer\u00e1 nas hip\u00f3teses de utilidade p\u00fablica, de interesse social ou de baixo impacto ambiental previstas em lei, bem como nas atividades agrossilvopastoris, de ecoturismo e de turismo rural.<\/p>\n<p>Com isso, a oposi\u00e7\u00e3o n\u00e3o ir\u00e1 mais apresentar a emenda que provocou o adiamento vota\u00e7\u00e3o do C\u00f3digo na sess\u00e3o extraordin\u00e1ria da C\u00e2mara na semana passada.<\/p>\n<p>Para Vander, no final, valeu o consenso, que foi costurado desde o in\u00edcio da semana. &#8220;Sem esse acordo n\u00f3s estar\u00edamos em um impasse que demoraria um longo tempo para ser resolvido. E o impasse n\u00e3o beneficia ningu\u00e9m&#8221;, destacou o deputado sul-mato-grossense.<\/p>\n<p><span style=\"font-size: 11px;\">(\u00c9der Yanaguita\/Assessoria de Comunica\u00e7\u00e3o, com informa\u00e7\u00f5es da Ag\u00eancia C\u00e2mara)<\/span><\/p>\n<p style=\"text-align: center;\"><param name=\"movie\" value=\"http:\/\/www.deputadovander.com.br\/website\/wp-content\/uploads\/2011\/05\/flash-2011-05-19-infografico-codigo-florestal.swf\" \/><\/p>\n","protected":false},"excerpt":{"rendered":"<p>O deputado Vander comemorou o acordo e afirmou que o impasse que havia sobre o projeto n\u00e3o beneficiava nenhum dos lados.<\/p>\n","protected":false},"author":2,"featured_media":0,"comment_status":"closed","ping_status":"open","sticky":false,"template":"","format":"standard","meta":{"jetpack_post_was_ever_published":false,"_jetpack_newsletter_access":"","_jetpack_dont_email_post_to_subs":false,"_jetpack_newsletter_tier_id":0,"_jetpack_memberships_contains_paywalled_content":false,"_jetpack_memberships_contains_paid_content":false,"footnotes":""},"categories":[10],"tags":[88,332,467,502,608,807,853,1139,1178,1336,1511,1634,1655,1683,2033,2073],"class_list":{"0":"post-3164","1":"post","2":"type-post","3":"status-publish","4":"format-standard","6":"category-noticias","7":"tag-aldo","8":"tag-camara","9":"tag-codigo","10":"tag-congresso","11":"tag-deputado","12":"tag-federal","13":"tag-florestal","14":"tag-lei","15":"tag-loubet","16":"tag-ms","17":"tag-pcdob","18":"tag-projeto","19":"tag-pt","20":"tag-rebelo","21":"tag-vander","22":"tag-votacao"},"yoast_head":"<!-- This site is optimized with the Yoast SEO plugin v27.4 - https:\/\/yoast.com\/product\/yoast-seo-wordpress\/ -->\n<title>Governistas e oposi\u00e7\u00e3o fecham acordo para votar C\u00f3digo Florestal<\/title>\n<meta name=\"robots\" content=\"index, follow, max-snippet:-1, max-image-preview:large, max-video-preview:-1\" \/>\n<link rel=\"canonical\" href=\"https:\/\/vanderloubet.com.br\/deputado\/governistas-e-oposicao-fecham-acordo-para-votar-codigo-florestal\/\" \/>\n<meta property=\"og:locale\" content=\"pt_BR\" \/>\n<meta property=\"og:type\" content=\"article\" \/>\n<meta property=\"og:title\" content=\"Governistas e oposi\u00e7\u00e3o fecham acordo para votar C\u00f3digo Florestal\" \/>\n<meta property=\"og:description\" content=\"O deputado Vander comemorou o acordo e afirmou que o impasse que havia sobre o projeto n\u00e3o beneficiava nenhum dos lados.\" \/>\n<meta property=\"og:url\" content=\"https:\/\/vanderloubet.com.br\/deputado\/governistas-e-oposicao-fecham-acordo-para-votar-codigo-florestal\/\" \/>\n<meta property=\"og:site_name\" content=\"Deputado Federal Vander Loubet\" \/>\n<meta property=\"article:publisher\" content=\"https:\/\/facebook.com\/deputadovander\" \/>\n<meta property=\"article:published_time\" content=\"2011-05-19T05:12:52+00:00\" \/>\n<meta property=\"og:image\" content=\"http:\/\/www.deputadovander.com.br\/website\/wp-content\/uploads\/2010\/05\/foto-2010-05-10-plenario-camara1-300x225.jpg\" \/>\n<meta name=\"author\" content=\"\u00c9der\" \/>\n<meta name=\"twitter:card\" content=\"summary_large_image\" \/>\n<meta name=\"twitter:creator\" content=\"@vanderloubet\" \/>\n<meta name=\"twitter:site\" content=\"@vanderloubet\" \/>\n<script type=\"application\/ld+json\" class=\"yoast-schema-graph\">{\"@context\":\"https:\\\/\\\/schema.org\",\"@graph\":[{\"@type\":\"Article\",\"@id\":\"https:\\\/\\\/vanderloubet.com.br\\\/deputado\\\/governistas-e-oposicao-fecham-acordo-para-votar-codigo-florestal\\\/#article\",\"isPartOf\":{\"@id\":\"https:\\\/\\\/vanderloubet.com.br\\\/deputado\\\/governistas-e-oposicao-fecham-acordo-para-votar-codigo-florestal\\\/\"},\"author\":{\"name\":\"\u00c9der\",\"@id\":\"https:\\\/\\\/vanderloubet.com.br\\\/deputado\\\/#\\\/schema\\\/person\\\/15b51bd564532a8a68d9dec1b8eb890e\"},\"headline\":\"Governistas e oposi\u00e7\u00e3o fecham acordo para votar C\u00f3digo Florestal\",\"datePublished\":\"2011-05-19T05:12:52+00:00\",\"mainEntityOfPage\":{\"@id\":\"https:\\\/\\\/vanderloubet.com.br\\\/deputado\\\/governistas-e-oposicao-fecham-acordo-para-votar-codigo-florestal\\\/\"},\"wordCount\":274,\"publisher\":{\"@id\":\"https:\\\/\\\/vanderloubet.com.br\\\/deputado\\\/#organization\"},\"image\":{\"@id\":\"https:\\\/\\\/vanderloubet.com.br\\\/deputado\\\/governistas-e-oposicao-fecham-acordo-para-votar-codigo-florestal\\\/#primaryimage\"},\"thumbnailUrl\":\"http:\\\/\\\/www.deputadovander.com.br\\\/website\\\/wp-content\\\/uploads\\\/2010\\\/05\\\/foto-2010-05-10-plenario-camara1-300x225.jpg\",\"keywords\":[\"aldo\",\"c\u00e2mara\",\"c\u00f3digo\",\"congresso\",\"deputado\",\"federal\",\"florestal\",\"lei\",\"loubet\",\"MS\",\"pcdob\",\"projeto\",\"PT\",\"rebelo\",\"vander\",\"vota\u00e7\u00e3o\"],\"articleSection\":[\"Not\u00edcias\"],\"inLanguage\":\"pt-BR\"},{\"@type\":\"WebPage\",\"@id\":\"https:\\\/\\\/vanderloubet.com.br\\\/deputado\\\/governistas-e-oposicao-fecham-acordo-para-votar-codigo-florestal\\\/\",\"url\":\"https:\\\/\\\/vanderloubet.com.br\\\/deputado\\\/governistas-e-oposicao-fecham-acordo-para-votar-codigo-florestal\\\/\",\"name\":\"Governistas e oposi\u00e7\u00e3o fecham acordo para votar C\u00f3digo Florestal\",\"isPartOf\":{\"@id\":\"https:\\\/\\\/vanderloubet.com.br\\\/deputado\\\/#website\"},\"primaryImageOfPage\":{\"@id\":\"https:\\\/\\\/vanderloubet.com.br\\\/deputado\\\/governistas-e-oposicao-fecham-acordo-para-votar-codigo-florestal\\\/#primaryimage\"},\"image\":{\"@id\":\"https:\\\/\\\/vanderloubet.com.br\\\/deputado\\\/governistas-e-oposicao-fecham-acordo-para-votar-codigo-florestal\\\/#primaryimage\"},\"thumbnailUrl\":\"http:\\\/\\\/www.deputadovander.com.br\\\/website\\\/wp-content\\\/uploads\\\/2010\\\/05\\\/foto-2010-05-10-plenario-camara1-300x225.jpg\",\"datePublished\":\"2011-05-19T05:12:52+00:00\",\"breadcrumb\":{\"@id\":\"https:\\\/\\\/vanderloubet.com.br\\\/deputado\\\/governistas-e-oposicao-fecham-acordo-para-votar-codigo-florestal\\\/#breadcrumb\"},\"inLanguage\":\"pt-BR\",\"potentialAction\":[{\"@type\":\"ReadAction\",\"target\":[\"https:\\\/\\\/vanderloubet.com.br\\\/deputado\\\/governistas-e-oposicao-fecham-acordo-para-votar-codigo-florestal\\\/\"]}]},{\"@type\":\"ImageObject\",\"inLanguage\":\"pt-BR\",\"@id\":\"https:\\\/\\\/vanderloubet.com.br\\\/deputado\\\/governistas-e-oposicao-fecham-acordo-para-votar-codigo-florestal\\\/#primaryimage\",\"url\":\"http:\\\/\\\/www.deputadovander.com.br\\\/website\\\/wp-content\\\/uploads\\\/2010\\\/05\\\/foto-2010-05-10-plenario-camara1-300x225.jpg\",\"contentUrl\":\"http:\\\/\\\/www.deputadovander.com.br\\\/website\\\/wp-content\\\/uploads\\\/2010\\\/05\\\/foto-2010-05-10-plenario-camara1-300x225.jpg\"},{\"@type\":\"BreadcrumbList\",\"@id\":\"https:\\\/\\\/vanderloubet.com.br\\\/deputado\\\/governistas-e-oposicao-fecham-acordo-para-votar-codigo-florestal\\\/#breadcrumb\",\"itemListElement\":[{\"@type\":\"ListItem\",\"position\":1,\"name\":\"In\u00edcio\",\"item\":\"https:\\\/\\\/vanderloubet.com.br\\\/deputado\\\/\"},{\"@type\":\"ListItem\",\"position\":2,\"name\":\"Governistas e oposi\u00e7\u00e3o fecham acordo para votar C\u00f3digo Florestal\"}]},{\"@type\":\"WebSite\",\"@id\":\"https:\\\/\\\/vanderloubet.com.br\\\/deputado\\\/#website\",\"url\":\"https:\\\/\\\/vanderloubet.com.br\\\/deputado\\\/\",\"name\":\"Deputado Federal Vander Loubet\",\"description\":\"O Federal de MS\",\"publisher\":{\"@id\":\"https:\\\/\\\/vanderloubet.com.br\\\/deputado\\\/#organization\"},\"alternateName\":\"Deputado Vander\",\"potentialAction\":[{\"@type\":\"SearchAction\",\"target\":{\"@type\":\"EntryPoint\",\"urlTemplate\":\"https:\\\/\\\/vanderloubet.com.br\\\/deputado\\\/?s={search_term_string}\"},\"query-input\":{\"@type\":\"PropertyValueSpecification\",\"valueRequired\":true,\"valueName\":\"search_term_string\"}}],\"inLanguage\":\"pt-BR\"},{\"@type\":\"Organization\",\"@id\":\"https:\\\/\\\/vanderloubet.com.br\\\/deputado\\\/#organization\",\"name\":\"Deputado Federal Vander Loubet\",\"alternateName\":\"Deputado Vander\",\"url\":\"https:\\\/\\\/vanderloubet.com.br\\\/deputado\\\/\",\"logo\":{\"@type\":\"ImageObject\",\"inLanguage\":\"pt-BR\",\"@id\":\"https:\\\/\\\/vanderloubet.com.br\\\/deputado\\\/#\\\/schema\\\/logo\\\/image\\\/\",\"url\":\"https:\\\/\\\/vanderloubet.com.br\\\/deputado\\\/wp-content\\\/uploads\\\/2023\\\/06\\\/foto-2023-06-19-mandato-deputado-vander.jpg\",\"contentUrl\":\"https:\\\/\\\/vanderloubet.com.br\\\/deputado\\\/wp-content\\\/uploads\\\/2023\\\/06\\\/foto-2023-06-19-mandato-deputado-vander.jpg\",\"width\":1080,\"height\":1080,\"caption\":\"Deputado Federal Vander Loubet\"},\"image\":{\"@id\":\"https:\\\/\\\/vanderloubet.com.br\\\/deputado\\\/#\\\/schema\\\/logo\\\/image\\\/\"},\"sameAs\":[\"https:\\\/\\\/facebook.com\\\/deputadovander\",\"https:\\\/\\\/x.com\\\/vanderloubet\",\"https:\\\/\\\/instagram.com\\\/vanderloubet\",\"https:\\\/\\\/youtube.com\\\/vanderloubet\",\"https:\\\/\\\/tiktok.com\\\/@vanderloubetms\"]},{\"@type\":\"Person\",\"@id\":\"https:\\\/\\\/vanderloubet.com.br\\\/deputado\\\/#\\\/schema\\\/person\\\/15b51bd564532a8a68d9dec1b8eb890e\",\"name\":\"\u00c9der\",\"image\":{\"@type\":\"ImageObject\",\"inLanguage\":\"pt-BR\",\"@id\":\"https:\\\/\\\/vanderloubet.com.br\\\/deputado\\\/wp-content\\\/litespeed\\\/avatar\\\/88ca4090d9d5ab1c9495f6ca03b68efa.jpg?ver=1777058957\",\"url\":\"https:\\\/\\\/vanderloubet.com.br\\\/deputado\\\/wp-content\\\/litespeed\\\/avatar\\\/88ca4090d9d5ab1c9495f6ca03b68efa.jpg?ver=1777058957\",\"contentUrl\":\"https:\\\/\\\/vanderloubet.com.br\\\/deputado\\\/wp-content\\\/litespeed\\\/avatar\\\/88ca4090d9d5ab1c9495f6ca03b68efa.jpg?ver=1777058957\",\"caption\":\"\u00c9der\"}}]}<\/script>\n<!-- \/ Yoast SEO plugin. -->","yoast_head_json":{"title":"Governistas e oposi\u00e7\u00e3o fecham acordo para votar C\u00f3digo Florestal","robots":{"index":"index","follow":"follow","max-snippet":"max-snippet:-1","max-image-preview":"max-image-preview:large","max-video-preview":"max-video-preview:-1"},"canonical":"https:\/\/vanderloubet.com.br\/deputado\/governistas-e-oposicao-fecham-acordo-para-votar-codigo-florestal\/","og_locale":"pt_BR","og_type":"article","og_title":"Governistas e oposi\u00e7\u00e3o fecham acordo para votar C\u00f3digo Florestal","og_description":"O deputado Vander comemorou o acordo e afirmou que o impasse que havia sobre o projeto n\u00e3o beneficiava nenhum dos lados.","og_url":"https:\/\/vanderloubet.com.br\/deputado\/governistas-e-oposicao-fecham-acordo-para-votar-codigo-florestal\/","og_site_name":"Deputado Federal Vander Loubet","article_publisher":"https:\/\/facebook.com\/deputadovander","article_published_time":"2011-05-19T05:12:52+00:00","og_image":[{"url":"http:\/\/www.deputadovander.com.br\/website\/wp-content\/uploads\/2010\/05\/foto-2010-05-10-plenario-camara1-300x225.jpg","type":"","width":"","height":""}],"author":"\u00c9der","twitter_card":"summary_large_image","twitter_creator":"@vanderloubet","twitter_site":"@vanderloubet","schema":{"@context":"https:\/\/schema.org","@graph":[{"@type":"Article","@id":"https:\/\/vanderloubet.com.br\/deputado\/governistas-e-oposicao-fecham-acordo-para-votar-codigo-florestal\/#article","isPartOf":{"@id":"https:\/\/vanderloubet.com.br\/deputado\/governistas-e-oposicao-fecham-acordo-para-votar-codigo-florestal\/"},"author":{"name":"\u00c9der","@id":"https:\/\/vanderloubet.com.br\/deputado\/#\/schema\/person\/15b51bd564532a8a68d9dec1b8eb890e"},"headline":"Governistas e oposi\u00e7\u00e3o fecham acordo para votar C\u00f3digo Florestal","datePublished":"2011-05-19T05:12:52+00:00","mainEntityOfPage":{"@id":"https:\/\/vanderloubet.com.br\/deputado\/governistas-e-oposicao-fecham-acordo-para-votar-codigo-florestal\/"},"wordCount":274,"publisher":{"@id":"https:\/\/vanderloubet.com.br\/deputado\/#organization"},"image":{"@id":"https:\/\/vanderloubet.com.br\/deputado\/governistas-e-oposicao-fecham-acordo-para-votar-codigo-florestal\/#primaryimage"},"thumbnailUrl":"http:\/\/www.deputadovander.com.br\/website\/wp-content\/uploads\/2010\/05\/foto-2010-05-10-plenario-camara1-300x225.jpg","keywords":["aldo","c\u00e2mara","c\u00f3digo","congresso","deputado","federal","florestal","lei","loubet","MS","pcdob","projeto","PT","rebelo","vander","vota\u00e7\u00e3o"],"articleSection":["Not\u00edcias"],"inLanguage":"pt-BR"},{"@type":"WebPage","@id":"https:\/\/vanderloubet.com.br\/deputado\/governistas-e-oposicao-fecham-acordo-para-votar-codigo-florestal\/","url":"https:\/\/vanderloubet.com.br\/deputado\/governistas-e-oposicao-fecham-acordo-para-votar-codigo-florestal\/","name":"Governistas e oposi\u00e7\u00e3o fecham acordo para votar C\u00f3digo Florestal","isPartOf":{"@id":"https:\/\/vanderloubet.com.br\/deputado\/#website"},"primaryImageOfPage":{"@id":"https:\/\/vanderloubet.com.br\/deputado\/governistas-e-oposicao-fecham-acordo-para-votar-codigo-florestal\/#primaryimage"},"image":{"@id":"https:\/\/vanderloubet.com.br\/deputado\/governistas-e-oposicao-fecham-acordo-para-votar-codigo-florestal\/#primaryimage"},"thumbnailUrl":"http:\/\/www.deputadovander.com.br\/website\/wp-content\/uploads\/2010\/05\/foto-2010-05-10-plenario-camara1-300x225.jpg","datePublished":"2011-05-19T05:12:52+00:00","breadcrumb":{"@id":"https:\/\/vanderloubet.com.br\/deputado\/governistas-e-oposicao-fecham-acordo-para-votar-codigo-florestal\/#breadcrumb"},"inLanguage":"pt-BR","potentialAction":[{"@type":"ReadAction","target":["https:\/\/vanderloubet.com.br\/deputado\/governistas-e-oposicao-fecham-acordo-para-votar-codigo-florestal\/"]}]},{"@type":"ImageObject","inLanguage":"pt-BR","@id":"https:\/\/vanderloubet.com.br\/deputado\/governistas-e-oposicao-fecham-acordo-para-votar-codigo-florestal\/#primaryimage","url":"http:\/\/www.deputadovander.com.br\/website\/wp-content\/uploads\/2010\/05\/foto-2010-05-10-plenario-camara1-300x225.jpg","contentUrl":"http:\/\/www.deputadovander.com.br\/website\/wp-content\/uploads\/2010\/05\/foto-2010-05-10-plenario-camara1-300x225.jpg"},{"@type":"BreadcrumbList","@id":"https:\/\/vanderloubet.com.br\/deputado\/governistas-e-oposicao-fecham-acordo-para-votar-codigo-florestal\/#breadcrumb","itemListElement":[{"@type":"ListItem","position":1,"name":"In\u00edcio","item":"https:\/\/vanderloubet.com.br\/deputado\/"},{"@type":"ListItem","position":2,"name":"Governistas e oposi\u00e7\u00e3o fecham acordo para votar C\u00f3digo Florestal"}]},{"@type":"WebSite","@id":"https:\/\/vanderloubet.com.br\/deputado\/#website","url":"https:\/\/vanderloubet.com.br\/deputado\/","name":"Deputado Federal Vander Loubet","description":"O Federal de MS","publisher":{"@id":"https:\/\/vanderloubet.com.br\/deputado\/#organization"},"alternateName":"Deputado Vander","potentialAction":[{"@type":"SearchAction","target":{"@type":"EntryPoint","urlTemplate":"https:\/\/vanderloubet.com.br\/deputado\/?s={search_term_string}"},"query-input":{"@type":"PropertyValueSpecification","valueRequired":true,"valueName":"search_term_string"}}],"inLanguage":"pt-BR"},{"@type":"Organization","@id":"https:\/\/vanderloubet.com.br\/deputado\/#organization","name":"Deputado Federal Vander Loubet","alternateName":"Deputado Vander","url":"https:\/\/vanderloubet.com.br\/deputado\/","logo":{"@type":"ImageObject","inLanguage":"pt-BR","@id":"https:\/\/vanderloubet.com.br\/deputado\/#\/schema\/logo\/image\/","url":"https:\/\/vanderloubet.com.br\/deputado\/wp-content\/uploads\/2023\/06\/foto-2023-06-19-mandato-deputado-vander.jpg","contentUrl":"https:\/\/vanderloubet.com.br\/deputado\/wp-content\/uploads\/2023\/06\/foto-2023-06-19-mandato-deputado-vander.jpg","width":1080,"height":1080,"caption":"Deputado Federal Vander Loubet"},"image":{"@id":"https:\/\/vanderloubet.com.br\/deputado\/#\/schema\/logo\/image\/"},"sameAs":["https:\/\/facebook.com\/deputadovander","https:\/\/x.com\/vanderloubet","https:\/\/instagram.com\/vanderloubet","https:\/\/youtube.com\/vanderloubet","https:\/\/tiktok.com\/@vanderloubetms"]},{"@type":"Person","@id":"https:\/\/vanderloubet.com.br\/deputado\/#\/schema\/person\/15b51bd564532a8a68d9dec1b8eb890e","name":"\u00c9der","image":{"@type":"ImageObject","inLanguage":"pt-BR","@id":"https:\/\/vanderloubet.com.br\/deputado\/wp-content\/litespeed\/avatar\/88ca4090d9d5ab1c9495f6ca03b68efa.jpg?ver=1777058957","url":"https:\/\/vanderloubet.com.br\/deputado\/wp-content\/litespeed\/avatar\/88ca4090d9d5ab1c9495f6ca03b68efa.jpg?ver=1777058957","contentUrl":"https:\/\/vanderloubet.com.br\/deputado\/wp-content\/litespeed\/avatar\/88ca4090d9d5ab1c9495f6ca03b68efa.jpg?ver=1777058957","caption":"\u00c9der"}}]}},"jetpack_featured_media_url":"","jetpack_sharing_enabled":true,"_links":{"self":[{"href":"https:\/\/vanderloubet.com.br\/deputado\/wp-json\/wp\/v2\/posts\/3164","targetHints":{"allow":["GET"]}}],"collection":[{"href":"https:\/\/vanderloubet.com.br\/deputado\/wp-json\/wp\/v2\/posts"}],"about":[{"href":"https:\/\/vanderloubet.com.br\/deputado\/wp-json\/wp\/v2\/types\/post"}],"author":[{"embeddable":true,"href":"https:\/\/vanderloubet.com.br\/deputado\/wp-json\/wp\/v2\/users\/2"}],"replies":[{"embeddable":true,"href":"https:\/\/vanderloubet.com.br\/deputado\/wp-json\/wp\/v2\/comments?post=3164"}],"version-history":[{"count":0,"href":"https:\/\/vanderloubet.com.br\/deputado\/wp-json\/wp\/v2\/posts\/3164\/revisions"}],"wp:attachment":[{"href":"https:\/\/vanderloubet.com.br\/deputado\/wp-json\/wp\/v2\/media?parent=3164"}],"wp:term":[{"taxonomy":"category","embeddable":true,"href":"https:\/\/vanderloubet.com.br\/deputado\/wp-json\/wp\/v2\/categories?post=3164"},{"taxonomy":"post_tag","embeddable":true,"href":"https:\/\/vanderloubet.com.br\/deputado\/wp-json\/wp\/v2\/tags?post=3164"}],"curies":[{"name":"wp","href":"https:\/\/api.w.org\/{rel}","templated":true}]}}