{"id":3133,"date":"2011-05-10T13:38:49","date_gmt":"2011-05-10T17:38:49","guid":{"rendered":"http:\/\/www.deputadovander.com.br\/website\/?p=3133"},"modified":"2011-05-10T13:38:49","modified_gmt":"2011-05-10T17:38:49","slug":"vander-visita-sindicatos-de-servidores-da-ufms-e-ouve-demandas","status":"publish","type":"post","link":"https:\/\/vanderloubet.com.br\/deputado\/vander-visita-sindicatos-de-servidores-da-ufms-e-ouve-demandas\/","title":{"rendered":"Vander visita sindicato de servidores da UFMS\/UFGD e ouve demandas"},"content":{"rendered":"<p style=\"text-align: center;\"><figure id=\"attachment_3136\" aria-describedby=\"caption-attachment-3136\" style=\"width: 400px\" class=\"wp-caption aligncenter\"><a href=\"http:\/\/www.deputadovander.com.br\/website\/wp-content\/uploads\/2011\/05\/foto-2011-05-10-vander-visita-sistams.jpg\" target=\"_blank\"><img decoding=\"async\" class=\"size-medium wp-image-3136 \" title=\"foto-2011-05-10-vander-visita-sistams\" src=\"http:\/\/www.deputadovander.com.br\/website\/wp-content\/uploads\/2011\/05\/foto-2011-05-10-vander-visita-sistams-400x300.jpg\" alt=\"Vander com servidores e diretoria do Sista-MS\" width=\"400\" height=\"300\" \/><\/a><figcaption id=\"caption-attachment-3136\" class=\"wp-caption-text\">Vander com servidores e diretoria do Sista-MS<\/figcaption><\/figure><\/p>\n<p>O deputado federal Vander Loubet (PT-MS) iniciou na \u00faltima segunda-feira (9) uma s\u00e9rie de visitas a sindicatos de trabalhadores. A primeira delas foi no Sindicato dos Trabalhadores das Universidades Federais do Estado de Mato Grosso do Sul (Sista-MS), onde foi recebido pelo presidente Lucinaldo Alves dos Santos, o coordenador Juarez Mendes de Souza e v\u00e1rios servidores e membros da diretoria.<\/p>\n<p>Os sindicalistas manifestaram a satisfa\u00e7\u00e3o de receber o deputado em sua sede e fizeram a exposi\u00e7\u00e3o das suas demandas ante o Congresso Nacional e o Executivo federal, entregando ao parlamentar um of\u00edcio com essas solicita\u00e7\u00f5es, como o cumprimento da Resolu\u00e7\u00e3o 151 da OIT (Organiza\u00e7\u00e3o Internacional do Trabalho), que disp\u00f5e da obrigatoriedade de uma data base para a negocia\u00e7\u00e3o salarial de qualquer categoria de trabalhadores. Segundo a diretoria do Sista, os servidores n\u00e3o possuem data base.<\/p>\n<p>&#8220;Estamos a merc\u00ea de governos ou da for\u00e7a de mobiliza\u00e7\u00e3o da categoria, que em v\u00e1rias ocasi\u00f5es teve que recorrer \u00e0 medida extrema de greve para obter os resultados desejados&#8221;, destacou Santos.<\/p>\n<p>Os sindicalistas solicitaram tamb\u00e9m ao deputado Vander o acompanhamento de diversas leis e PECs (propostas de emenda \u00e0 Constitui\u00e7\u00e3o) que est\u00e3o em tramita\u00e7\u00e3o na C\u00e2mara dos Deputados. Entre elas est\u00e1 a mudan\u00e7a do artigo 15 da Lei 11.091\/05, que trata da forma de enquadramento dos aposentados. Outra demanda apresentada pelo Sista \u00e9 o fim do modelo de terceiriza\u00e7\u00e3o das universidades federais e a consequente valoriza\u00e7\u00e3o dos funcion\u00e1rios que nelas trabalham.<\/p>\n<p>&#8220;Sempre estive presente ao Sista para ouvir as necessidades dos servidores da UFMS [Universidade Federal de Mato Grosso do Sul] e, agora tamb\u00e9m, da UFGD [Universidade Federal da Grande Dourados]. Temos um trabalho que j\u00e1 deu resultados e vai continuar sendo assim. Estarei trabalhando para atend\u00ea-los&#8221;, afirmou Vander Loubet.<\/p>\n<p><span style=\"font-size: 11px;\">(Rafael Jasovich\/Assessoria)<\/span><\/p>\n","protected":false},"excerpt":{"rendered":"<p>O deputado destacou que sempre esteve presente para ouvir e apoiar as causas dos servidores das universidades federais.<\/p>\n","protected":false},"author":2,"featured_media":0,"comment_status":"closed","ping_status":"open","sticky":false,"template":"","format":"standard","meta":{"jetpack_post_was_ever_published":false,"_jetpack_newsletter_access":"","_jetpack_dont_email_post_to_subs":false,"_jetpack_newsletter_tier_id":0,"_jetpack_memberships_contains_paywalled_content":false,"_jetpack_memberships_contains_paid_content":false,"footnotes":""},"categories":[10],"tags":[608,807,1178,1336,1655,1834,1854,1872,2001,2002,2012,2033],"class_list":{"0":"post-3133","1":"post","2":"type-post","3":"status-publish","4":"format-standard","6":"category-noticias","7":"tag-deputado","8":"tag-federal","9":"tag-loubet","10":"tag-ms","11":"tag-pt","12":"tag-servidores","13":"tag-sindicato","14":"tag-sista","15":"tag-ufgd","16":"tag-ufms","17":"tag-universidade","18":"tag-vander"},"yoast_head":"<!-- This site is optimized with the Yoast SEO plugin v27.4 - https:\/\/yoast.com\/product\/yoast-seo-wordpress\/ -->\n<title>Vander visita sindicato de servidores da UFMS\/UFGD e ouve demandas<\/title>\n<meta name=\"robots\" content=\"index, follow, max-snippet:-1, max-image-preview:large, max-video-preview:-1\" \/>\n<link rel=\"canonical\" href=\"https:\/\/vanderloubet.com.br\/deputado\/vander-visita-sindicatos-de-servidores-da-ufms-e-ouve-demandas\/\" \/>\n<meta property=\"og:locale\" content=\"pt_BR\" \/>\n<meta property=\"og:type\" content=\"article\" \/>\n<meta property=\"og:title\" content=\"Vander visita sindicato de servidores da UFMS\/UFGD e ouve demandas\" \/>\n<meta property=\"og:description\" content=\"O deputado destacou que sempre esteve presente para ouvir e apoiar as causas dos servidores das universidades federais.\" \/>\n<meta property=\"og:url\" content=\"https:\/\/vanderloubet.com.br\/deputado\/vander-visita-sindicatos-de-servidores-da-ufms-e-ouve-demandas\/\" \/>\n<meta property=\"og:site_name\" content=\"Deputado Federal Vander Loubet\" \/>\n<meta property=\"article:publisher\" content=\"https:\/\/facebook.com\/deputadovander\" \/>\n<meta property=\"article:published_time\" content=\"2011-05-10T17:38:49+00:00\" \/>\n<meta property=\"og:image\" content=\"http:\/\/www.deputadovander.com.br\/website\/wp-content\/uploads\/2011\/05\/foto-2011-05-10-vander-visita-sistams-400x300.jpg\" \/>\n<meta name=\"author\" content=\"\u00c9der\" \/>\n<meta name=\"twitter:card\" content=\"summary_large_image\" \/>\n<meta name=\"twitter:creator\" content=\"@vanderloubet\" \/>\n<meta name=\"twitter:site\" content=\"@vanderloubet\" \/>\n<script type=\"application\/ld+json\" class=\"yoast-schema-graph\">{\"@context\":\"https:\\\/\\\/schema.org\",\"@graph\":[{\"@type\":\"Article\",\"@id\":\"https:\\\/\\\/vanderloubet.com.br\\\/deputado\\\/vander-visita-sindicatos-de-servidores-da-ufms-e-ouve-demandas\\\/#article\",\"isPartOf\":{\"@id\":\"https:\\\/\\\/vanderloubet.com.br\\\/deputado\\\/vander-visita-sindicatos-de-servidores-da-ufms-e-ouve-demandas\\\/\"},\"author\":{\"name\":\"\u00c9der\",\"@id\":\"https:\\\/\\\/vanderloubet.com.br\\\/deputado\\\/#\\\/schema\\\/person\\\/15b51bd564532a8a68d9dec1b8eb890e\"},\"headline\":\"Vander visita sindicato de servidores da UFMS\\\/UFGD e ouve demandas\",\"datePublished\":\"2011-05-10T17:38:49+00:00\",\"mainEntityOfPage\":{\"@id\":\"https:\\\/\\\/vanderloubet.com.br\\\/deputado\\\/vander-visita-sindicatos-de-servidores-da-ufms-e-ouve-demandas\\\/\"},\"wordCount\":333,\"publisher\":{\"@id\":\"https:\\\/\\\/vanderloubet.com.br\\\/deputado\\\/#organization\"},\"image\":{\"@id\":\"https:\\\/\\\/vanderloubet.com.br\\\/deputado\\\/vander-visita-sindicatos-de-servidores-da-ufms-e-ouve-demandas\\\/#primaryimage\"},\"thumbnailUrl\":\"http:\\\/\\\/www.deputadovander.com.br\\\/website\\\/wp-content\\\/uploads\\\/2011\\\/05\\\/foto-2011-05-10-vander-visita-sistams-400x300.jpg\",\"keywords\":[\"deputado\",\"federal\",\"loubet\",\"MS\",\"PT\",\"servidores\",\"sindicato\",\"sista\",\"ufgd\",\"ufms\",\"universidade\",\"vander\"],\"articleSection\":[\"Not\u00edcias\"],\"inLanguage\":\"pt-BR\"},{\"@type\":\"WebPage\",\"@id\":\"https:\\\/\\\/vanderloubet.com.br\\\/deputado\\\/vander-visita-sindicatos-de-servidores-da-ufms-e-ouve-demandas\\\/\",\"url\":\"https:\\\/\\\/vanderloubet.com.br\\\/deputado\\\/vander-visita-sindicatos-de-servidores-da-ufms-e-ouve-demandas\\\/\",\"name\":\"Vander visita sindicato de servidores da UFMS\\\/UFGD e ouve demandas\",\"isPartOf\":{\"@id\":\"https:\\\/\\\/vanderloubet.com.br\\\/deputado\\\/#website\"},\"primaryImageOfPage\":{\"@id\":\"https:\\\/\\\/vanderloubet.com.br\\\/deputado\\\/vander-visita-sindicatos-de-servidores-da-ufms-e-ouve-demandas\\\/#primaryimage\"},\"image\":{\"@id\":\"https:\\\/\\\/vanderloubet.com.br\\\/deputado\\\/vander-visita-sindicatos-de-servidores-da-ufms-e-ouve-demandas\\\/#primaryimage\"},\"thumbnailUrl\":\"http:\\\/\\\/www.deputadovander.com.br\\\/website\\\/wp-content\\\/uploads\\\/2011\\\/05\\\/foto-2011-05-10-vander-visita-sistams-400x300.jpg\",\"datePublished\":\"2011-05-10T17:38:49+00:00\",\"breadcrumb\":{\"@id\":\"https:\\\/\\\/vanderloubet.com.br\\\/deputado\\\/vander-visita-sindicatos-de-servidores-da-ufms-e-ouve-demandas\\\/#breadcrumb\"},\"inLanguage\":\"pt-BR\",\"potentialAction\":[{\"@type\":\"ReadAction\",\"target\":[\"https:\\\/\\\/vanderloubet.com.br\\\/deputado\\\/vander-visita-sindicatos-de-servidores-da-ufms-e-ouve-demandas\\\/\"]}]},{\"@type\":\"ImageObject\",\"inLanguage\":\"pt-BR\",\"@id\":\"https:\\\/\\\/vanderloubet.com.br\\\/deputado\\\/vander-visita-sindicatos-de-servidores-da-ufms-e-ouve-demandas\\\/#primaryimage\",\"url\":\"http:\\\/\\\/www.deputadovander.com.br\\\/website\\\/wp-content\\\/uploads\\\/2011\\\/05\\\/foto-2011-05-10-vander-visita-sistams-400x300.jpg\",\"contentUrl\":\"http:\\\/\\\/www.deputadovander.com.br\\\/website\\\/wp-content\\\/uploads\\\/2011\\\/05\\\/foto-2011-05-10-vander-visita-sistams-400x300.jpg\"},{\"@type\":\"BreadcrumbList\",\"@id\":\"https:\\\/\\\/vanderloubet.com.br\\\/deputado\\\/vander-visita-sindicatos-de-servidores-da-ufms-e-ouve-demandas\\\/#breadcrumb\",\"itemListElement\":[{\"@type\":\"ListItem\",\"position\":1,\"name\":\"In\u00edcio\",\"item\":\"https:\\\/\\\/vanderloubet.com.br\\\/deputado\\\/\"},{\"@type\":\"ListItem\",\"position\":2,\"name\":\"Vander visita sindicato de servidores da UFMS\\\/UFGD e ouve demandas\"}]},{\"@type\":\"WebSite\",\"@id\":\"https:\\\/\\\/vanderloubet.com.br\\\/deputado\\\/#website\",\"url\":\"https:\\\/\\\/vanderloubet.com.br\\\/deputado\\\/\",\"name\":\"Deputado Federal Vander Loubet\",\"description\":\"O Federal de MS\",\"publisher\":{\"@id\":\"https:\\\/\\\/vanderloubet.com.br\\\/deputado\\\/#organization\"},\"alternateName\":\"Deputado Vander\",\"potentialAction\":[{\"@type\":\"SearchAction\",\"target\":{\"@type\":\"EntryPoint\",\"urlTemplate\":\"https:\\\/\\\/vanderloubet.com.br\\\/deputado\\\/?s={search_term_string}\"},\"query-input\":{\"@type\":\"PropertyValueSpecification\",\"valueRequired\":true,\"valueName\":\"search_term_string\"}}],\"inLanguage\":\"pt-BR\"},{\"@type\":\"Organization\",\"@id\":\"https:\\\/\\\/vanderloubet.com.br\\\/deputado\\\/#organization\",\"name\":\"Deputado Federal Vander Loubet\",\"alternateName\":\"Deputado Vander\",\"url\":\"https:\\\/\\\/vanderloubet.com.br\\\/deputado\\\/\",\"logo\":{\"@type\":\"ImageObject\",\"inLanguage\":\"pt-BR\",\"@id\":\"https:\\\/\\\/vanderloubet.com.br\\\/deputado\\\/#\\\/schema\\\/logo\\\/image\\\/\",\"url\":\"https:\\\/\\\/vanderloubet.com.br\\\/deputado\\\/wp-content\\\/uploads\\\/2023\\\/06\\\/foto-2023-06-19-mandato-deputado-vander.jpg\",\"contentUrl\":\"https:\\\/\\\/vanderloubet.com.br\\\/deputado\\\/wp-content\\\/uploads\\\/2023\\\/06\\\/foto-2023-06-19-mandato-deputado-vander.jpg\",\"width\":1080,\"height\":1080,\"caption\":\"Deputado Federal Vander Loubet\"},\"image\":{\"@id\":\"https:\\\/\\\/vanderloubet.com.br\\\/deputado\\\/#\\\/schema\\\/logo\\\/image\\\/\"},\"sameAs\":[\"https:\\\/\\\/facebook.com\\\/deputadovander\",\"https:\\\/\\\/x.com\\\/vanderloubet\",\"https:\\\/\\\/instagram.com\\\/vanderloubet\",\"https:\\\/\\\/youtube.com\\\/vanderloubet\",\"https:\\\/\\\/tiktok.com\\\/@vanderloubetms\"]},{\"@type\":\"Person\",\"@id\":\"https:\\\/\\\/vanderloubet.com.br\\\/deputado\\\/#\\\/schema\\\/person\\\/15b51bd564532a8a68d9dec1b8eb890e\",\"name\":\"\u00c9der\",\"image\":{\"@type\":\"ImageObject\",\"inLanguage\":\"pt-BR\",\"@id\":\"https:\\\/\\\/vanderloubet.com.br\\\/deputado\\\/wp-content\\\/litespeed\\\/avatar\\\/88ca4090d9d5ab1c9495f6ca03b68efa.jpg?ver=1777058957\",\"url\":\"https:\\\/\\\/vanderloubet.com.br\\\/deputado\\\/wp-content\\\/litespeed\\\/avatar\\\/88ca4090d9d5ab1c9495f6ca03b68efa.jpg?ver=1777058957\",\"contentUrl\":\"https:\\\/\\\/vanderloubet.com.br\\\/deputado\\\/wp-content\\\/litespeed\\\/avatar\\\/88ca4090d9d5ab1c9495f6ca03b68efa.jpg?ver=1777058957\",\"caption\":\"\u00c9der\"}}]}<\/script>\n<!-- \/ Yoast SEO plugin. -->","yoast_head_json":{"title":"Vander visita sindicato de servidores da UFMS\/UFGD e ouve demandas","robots":{"index":"index","follow":"follow","max-snippet":"max-snippet:-1","max-image-preview":"max-image-preview:large","max-video-preview":"max-video-preview:-1"},"canonical":"https:\/\/vanderloubet.com.br\/deputado\/vander-visita-sindicatos-de-servidores-da-ufms-e-ouve-demandas\/","og_locale":"pt_BR","og_type":"article","og_title":"Vander visita sindicato de servidores da UFMS\/UFGD e ouve demandas","og_description":"O deputado destacou que sempre esteve presente para ouvir e apoiar as causas dos servidores das universidades federais.","og_url":"https:\/\/vanderloubet.com.br\/deputado\/vander-visita-sindicatos-de-servidores-da-ufms-e-ouve-demandas\/","og_site_name":"Deputado Federal Vander Loubet","article_publisher":"https:\/\/facebook.com\/deputadovander","article_published_time":"2011-05-10T17:38:49+00:00","og_image":[{"url":"http:\/\/www.deputadovander.com.br\/website\/wp-content\/uploads\/2011\/05\/foto-2011-05-10-vander-visita-sistams-400x300.jpg","type":"","width":"","height":""}],"author":"\u00c9der","twitter_card":"summary_large_image","twitter_creator":"@vanderloubet","twitter_site":"@vanderloubet","schema":{"@context":"https:\/\/schema.org","@graph":[{"@type":"Article","@id":"https:\/\/vanderloubet.com.br\/deputado\/vander-visita-sindicatos-de-servidores-da-ufms-e-ouve-demandas\/#article","isPartOf":{"@id":"https:\/\/vanderloubet.com.br\/deputado\/vander-visita-sindicatos-de-servidores-da-ufms-e-ouve-demandas\/"},"author":{"name":"\u00c9der","@id":"https:\/\/vanderloubet.com.br\/deputado\/#\/schema\/person\/15b51bd564532a8a68d9dec1b8eb890e"},"headline":"Vander visita sindicato de servidores da UFMS\/UFGD e ouve demandas","datePublished":"2011-05-10T17:38:49+00:00","mainEntityOfPage":{"@id":"https:\/\/vanderloubet.com.br\/deputado\/vander-visita-sindicatos-de-servidores-da-ufms-e-ouve-demandas\/"},"wordCount":333,"publisher":{"@id":"https:\/\/vanderloubet.com.br\/deputado\/#organization"},"image":{"@id":"https:\/\/vanderloubet.com.br\/deputado\/vander-visita-sindicatos-de-servidores-da-ufms-e-ouve-demandas\/#primaryimage"},"thumbnailUrl":"http:\/\/www.deputadovander.com.br\/website\/wp-content\/uploads\/2011\/05\/foto-2011-05-10-vander-visita-sistams-400x300.jpg","keywords":["deputado","federal","loubet","MS","PT","servidores","sindicato","sista","ufgd","ufms","universidade","vander"],"articleSection":["Not\u00edcias"],"inLanguage":"pt-BR"},{"@type":"WebPage","@id":"https:\/\/vanderloubet.com.br\/deputado\/vander-visita-sindicatos-de-servidores-da-ufms-e-ouve-demandas\/","url":"https:\/\/vanderloubet.com.br\/deputado\/vander-visita-sindicatos-de-servidores-da-ufms-e-ouve-demandas\/","name":"Vander visita sindicato de servidores da UFMS\/UFGD e ouve demandas","isPartOf":{"@id":"https:\/\/vanderloubet.com.br\/deputado\/#website"},"primaryImageOfPage":{"@id":"https:\/\/vanderloubet.com.br\/deputado\/vander-visita-sindicatos-de-servidores-da-ufms-e-ouve-demandas\/#primaryimage"},"image":{"@id":"https:\/\/vanderloubet.com.br\/deputado\/vander-visita-sindicatos-de-servidores-da-ufms-e-ouve-demandas\/#primaryimage"},"thumbnailUrl":"http:\/\/www.deputadovander.com.br\/website\/wp-content\/uploads\/2011\/05\/foto-2011-05-10-vander-visita-sistams-400x300.jpg","datePublished":"2011-05-10T17:38:49+00:00","breadcrumb":{"@id":"https:\/\/vanderloubet.com.br\/deputado\/vander-visita-sindicatos-de-servidores-da-ufms-e-ouve-demandas\/#breadcrumb"},"inLanguage":"pt-BR","potentialAction":[{"@type":"ReadAction","target":["https:\/\/vanderloubet.com.br\/deputado\/vander-visita-sindicatos-de-servidores-da-ufms-e-ouve-demandas\/"]}]},{"@type":"ImageObject","inLanguage":"pt-BR","@id":"https:\/\/vanderloubet.com.br\/deputado\/vander-visita-sindicatos-de-servidores-da-ufms-e-ouve-demandas\/#primaryimage","url":"http:\/\/www.deputadovander.com.br\/website\/wp-content\/uploads\/2011\/05\/foto-2011-05-10-vander-visita-sistams-400x300.jpg","contentUrl":"http:\/\/www.deputadovander.com.br\/website\/wp-content\/uploads\/2011\/05\/foto-2011-05-10-vander-visita-sistams-400x300.jpg"},{"@type":"BreadcrumbList","@id":"https:\/\/vanderloubet.com.br\/deputado\/vander-visita-sindicatos-de-servidores-da-ufms-e-ouve-demandas\/#breadcrumb","itemListElement":[{"@type":"ListItem","position":1,"name":"In\u00edcio","item":"https:\/\/vanderloubet.com.br\/deputado\/"},{"@type":"ListItem","position":2,"name":"Vander visita sindicato de servidores da UFMS\/UFGD e ouve demandas"}]},{"@type":"WebSite","@id":"https:\/\/vanderloubet.com.br\/deputado\/#website","url":"https:\/\/vanderloubet.com.br\/deputado\/","name":"Deputado Federal Vander Loubet","description":"O Federal de MS","publisher":{"@id":"https:\/\/vanderloubet.com.br\/deputado\/#organization"},"alternateName":"Deputado Vander","potentialAction":[{"@type":"SearchAction","target":{"@type":"EntryPoint","urlTemplate":"https:\/\/vanderloubet.com.br\/deputado\/?s={search_term_string}"},"query-input":{"@type":"PropertyValueSpecification","valueRequired":true,"valueName":"search_term_string"}}],"inLanguage":"pt-BR"},{"@type":"Organization","@id":"https:\/\/vanderloubet.com.br\/deputado\/#organization","name":"Deputado Federal Vander Loubet","alternateName":"Deputado Vander","url":"https:\/\/vanderloubet.com.br\/deputado\/","logo":{"@type":"ImageObject","inLanguage":"pt-BR","@id":"https:\/\/vanderloubet.com.br\/deputado\/#\/schema\/logo\/image\/","url":"https:\/\/vanderloubet.com.br\/deputado\/wp-content\/uploads\/2023\/06\/foto-2023-06-19-mandato-deputado-vander.jpg","contentUrl":"https:\/\/vanderloubet.com.br\/deputado\/wp-content\/uploads\/2023\/06\/foto-2023-06-19-mandato-deputado-vander.jpg","width":1080,"height":1080,"caption":"Deputado Federal Vander Loubet"},"image":{"@id":"https:\/\/vanderloubet.com.br\/deputado\/#\/schema\/logo\/image\/"},"sameAs":["https:\/\/facebook.com\/deputadovander","https:\/\/x.com\/vanderloubet","https:\/\/instagram.com\/vanderloubet","https:\/\/youtube.com\/vanderloubet","https:\/\/tiktok.com\/@vanderloubetms"]},{"@type":"Person","@id":"https:\/\/vanderloubet.com.br\/deputado\/#\/schema\/person\/15b51bd564532a8a68d9dec1b8eb890e","name":"\u00c9der","image":{"@type":"ImageObject","inLanguage":"pt-BR","@id":"https:\/\/vanderloubet.com.br\/deputado\/wp-content\/litespeed\/avatar\/88ca4090d9d5ab1c9495f6ca03b68efa.jpg?ver=1777058957","url":"https:\/\/vanderloubet.com.br\/deputado\/wp-content\/litespeed\/avatar\/88ca4090d9d5ab1c9495f6ca03b68efa.jpg?ver=1777058957","contentUrl":"https:\/\/vanderloubet.com.br\/deputado\/wp-content\/litespeed\/avatar\/88ca4090d9d5ab1c9495f6ca03b68efa.jpg?ver=1777058957","caption":"\u00c9der"}}]}},"jetpack_featured_media_url":"","jetpack_sharing_enabled":true,"_links":{"self":[{"href":"https:\/\/vanderloubet.com.br\/deputado\/wp-json\/wp\/v2\/posts\/3133","targetHints":{"allow":["GET"]}}],"collection":[{"href":"https:\/\/vanderloubet.com.br\/deputado\/wp-json\/wp\/v2\/posts"}],"about":[{"href":"https:\/\/vanderloubet.com.br\/deputado\/wp-json\/wp\/v2\/types\/post"}],"author":[{"embeddable":true,"href":"https:\/\/vanderloubet.com.br\/deputado\/wp-json\/wp\/v2\/users\/2"}],"replies":[{"embeddable":true,"href":"https:\/\/vanderloubet.com.br\/deputado\/wp-json\/wp\/v2\/comments?post=3133"}],"version-history":[{"count":0,"href":"https:\/\/vanderloubet.com.br\/deputado\/wp-json\/wp\/v2\/posts\/3133\/revisions"}],"wp:attachment":[{"href":"https:\/\/vanderloubet.com.br\/deputado\/wp-json\/wp\/v2\/media?parent=3133"}],"wp:term":[{"taxonomy":"category","embeddable":true,"href":"https:\/\/vanderloubet.com.br\/deputado\/wp-json\/wp\/v2\/categories?post=3133"},{"taxonomy":"post_tag","embeddable":true,"href":"https:\/\/vanderloubet.com.br\/deputado\/wp-json\/wp\/v2\/tags?post=3133"}],"curies":[{"name":"wp","href":"https:\/\/api.w.org\/{rel}","templated":true}]}}