{"id":3123,"date":"2011-05-09T17:00:56","date_gmt":"2011-05-09T21:00:56","guid":{"rendered":"http:\/\/www.deputadovander.com.br\/website\/?p=3123"},"modified":"2011-05-09T17:00:56","modified_gmt":"2011-05-09T21:00:56","slug":"lideres-e-ministros-tentam-novo-acordo-para-votar-codigo-florestal","status":"publish","type":"post","link":"https:\/\/vanderloubet.com.br\/deputado\/lideres-e-ministros-tentam-novo-acordo-para-votar-codigo-florestal\/","title":{"rendered":"L\u00edderes e ministros tentam novo acordo para votar C\u00f3digo Florestal"},"content":{"rendered":"<p style=\"text-align: center;\"><figure id=\"attachment_3124\" aria-describedby=\"caption-attachment-3124\" style=\"width: 400px\" class=\"wp-caption aligncenter\"><a href=\"http:\/\/www.deputadovander.com.br\/website\/wp-content\/uploads\/2011\/05\/foto-2011-05-09-vander-vaccarezza-codigo.jpg\" target=\"_blank\"><img decoding=\"async\" class=\"size-medium wp-image-3124 \" title=\"foto-2011-05-09-vander-vaccarezza-codigo\" src=\"http:\/\/www.deputadovander.com.br\/website\/wp-content\/uploads\/2011\/05\/foto-2011-05-09-vander-vaccarezza-codigo-400x266.jpg\" alt=\"Vaccarezza e Vander no lan\u00e7amento da Expogrande 2011\" width=\"400\" height=\"266\" \/><\/a><figcaption id=\"caption-attachment-3124\" class=\"wp-caption-text\">Vaccarezza e Vander no lan\u00e7amento da Expogrande 2011<\/figcaption><\/figure><\/p>\n<p>L\u00edderes partid\u00e1rios, governo e o relator do novo C\u00f3digo Florestal (PL 1876\/99), deputado federal Aldo Rebelo (PCdoB-SP), far\u00e3o mais uma tentativa de acordo sobre os dois pontos de diverg\u00eancia que ainda restam sobre o texto. Est\u00e1 prevista para essa ter\u00e7a-feira (10) uma reuni\u00e3o entre os ministros das \u00e1reas envolvidas com o tema &#8211; do Meio Ambiente, Izabella Teixeira; da Agricultura, Wagner Rossi; e das Rela\u00e7\u00f5es Institucionais, Luiz S\u00e9rgio &#8211; e os l\u00edderes dos partidos na C\u00e2mara que apoiam o governo. No mesmo dia, \u00e0 noite, o projeto deve ser colocado de novo em vota\u00e7\u00e3o no plen\u00e1rio.<\/p>\n<p>Mesmo nas conversas em busca de acordo, o l\u00edder do governo, deputado federal C\u00e2ndido Vaccarezza (PT-SP), adianta que a posi\u00e7\u00e3o do Pal\u00e1cio do Planalto ser\u00e1 mantida: &#8220;O governo n\u00e3o ceder\u00e1. Chegamos a posi\u00e7\u00f5es consolidadas e queremos convencer o relator e a base de que \u00e9 melhor caminhar na posi\u00e7\u00e3o do governo&#8221;, afirmou.<\/p>\n<p>J\u00e1 para o deputado federal Vander Loubet (PT-MS), um dos representantes do governo federal no Grupo de Trabalho do C\u00f3digo Florestal na C\u00e2mara, o momento, mais uma vez, \u00e9 de di\u00e1logo. &#8220;O tema foi amplamente discutido e debatido por um longo per\u00edodo com todos os setores envolvidos. Conseguimos chegar ao consenso na maioria dos pontos. Acredito que os dois itens que ainda geram diverg\u00eancia ser\u00e3o resolvidos. \u00c9 poss\u00edvel &#8211; e necess\u00e1rio &#8211; compatibilizar as necessidades da produ\u00e7\u00e3o e do meio ambiente, promover o progresso com sustentabilidade. E o C\u00f3digo ser\u00e1 um instrumento em favor desse caminho&#8221;, acredita o parlamentar sul-mato-grossense.<\/p>\n<p><strong>Pontos pol\u00eamicos<\/strong><\/p>\n<p>Um dos pontos do projeto do novo C\u00f3digo Florestal que ainda gera pol\u00eamica entre governo e relator \u00e9 a recomposi\u00e7\u00e3o da reserva legal,  a \u00e1rea que toda propriedade rural precisa ter de preserva\u00e7\u00e3o de mata nativa. Ela varia de 20% a 80% do tamanho do terreno, dependendo da regi\u00e3o do Pa\u00eds. Com a nova lei, quem desmatou essa reserva al\u00e9m do que \u00e9 permitido vai ter de replantar at\u00e9 o terreno ficar com a quantidade de vegeta\u00e7\u00e3o nativa que tinha em 2008.<\/p>\n<p>A\u00ed est\u00e1 a diverg\u00eancia: o deputado Aldo Rebelo diz que propriedades com at\u00e9 quatro m\u00f3dulos fiscais seriam perdoadas dessa obriga\u00e7\u00e3o. J\u00e1 o governo quer que s\u00f3 agricultores familiares sejam isentos.<\/p>\n<p>O outro ponto de discord\u00e2ncia \u00e9 quanto \u00e0 recomposi\u00e7\u00e3o da vegeta\u00e7\u00e3o ao redor dos rios considerados pequenos &#8211; com at\u00e9 10 metros de largura. A lei atual (4771\/65) diz que \u00e9 preciso haver 30 metros de mata em cada margem do rio. O relator do C\u00f3digo Florestal prop\u00f5e que os produtores que desmataram essa faixa tenham de replantar 15 metros. J\u00e1 o governo quer que os propriet\u00e1rios de terra replantem todos os 30 metros, exceto os produtores familiares.<\/p>\n<p>O projeto do novo C\u00f3digo Florestal foi colocado em vota\u00e7\u00e3o no plen\u00e1rio da C\u00e2mara na quarta-feira (4), mas, por causa da falta de acordo, a an\u00e1lise foi adiada por uma semana. A proposta tramita na Casa h\u00e1 12 anos.<\/p>\n<p><span style=\"font-size: 11px;\">(\u00c9der Yanaguita\/Assessoria de Comunica\u00e7\u00e3o, com informa\u00e7\u00f5es da Ag\u00eancia C\u00e2mara)<\/span><\/p>\n","protected":false},"excerpt":{"rendered":"<p>Para Vander, momento mais uma vez \u00e9 de di\u00e1logo. Novo C\u00f3digo deve compatibilizar produc\u00e3o e meio ambiente.<\/p>\n","protected":false},"author":2,"featured_media":0,"comment_status":"closed","ping_status":"open","sticky":false,"template":"","format":"standard","meta":{"jetpack_post_was_ever_published":false,"_jetpack_newsletter_access":"","_jetpack_dont_email_post_to_subs":false,"_jetpack_newsletter_tier_id":0,"_jetpack_memberships_contains_paywalled_content":false,"_jetpack_memberships_contains_paid_content":false,"footnotes":""},"categories":[10],"tags":[75,88,120,349,467,608,807,853,1178,1266,1655,1683,2023,2033],"class_list":{"0":"post-3123","1":"post","2":"type-post","3":"status-publish","4":"format-standard","6":"category-noticias","7":"tag-agropecuaria","8":"tag-aldo","9":"tag-ambiente","10":"tag-candido","11":"tag-codigo","12":"tag-deputado","13":"tag-federal","14":"tag-florestal","15":"tag-loubet","16":"tag-meio","17":"tag-pt","18":"tag-rebelo","19":"tag-vaccarezza","20":"tag-vander"},"yoast_head":"<!-- This site is optimized with the Yoast SEO plugin v27.4 - https:\/\/yoast.com\/product\/yoast-seo-wordpress\/ -->\n<title>L\u00edderes e ministros tentam novo acordo para votar C\u00f3digo Florestal<\/title>\n<meta name=\"robots\" content=\"index, follow, max-snippet:-1, max-image-preview:large, max-video-preview:-1\" \/>\n<link rel=\"canonical\" href=\"https:\/\/vanderloubet.com.br\/deputado\/lideres-e-ministros-tentam-novo-acordo-para-votar-codigo-florestal\/\" \/>\n<meta property=\"og:locale\" content=\"pt_BR\" \/>\n<meta property=\"og:type\" content=\"article\" \/>\n<meta property=\"og:title\" content=\"L\u00edderes e ministros tentam novo acordo para votar C\u00f3digo Florestal\" \/>\n<meta property=\"og:description\" content=\"Para Vander, momento mais uma vez \u00e9 de di\u00e1logo. Novo C\u00f3digo deve compatibilizar produc\u00e3o e meio ambiente.\" \/>\n<meta property=\"og:url\" content=\"https:\/\/vanderloubet.com.br\/deputado\/lideres-e-ministros-tentam-novo-acordo-para-votar-codigo-florestal\/\" \/>\n<meta property=\"og:site_name\" content=\"Deputado Federal Vander Loubet\" \/>\n<meta property=\"article:publisher\" content=\"https:\/\/facebook.com\/deputadovander\" \/>\n<meta property=\"article:published_time\" content=\"2011-05-09T21:00:56+00:00\" \/>\n<meta property=\"og:image\" content=\"http:\/\/www.deputadovander.com.br\/website\/wp-content\/uploads\/2011\/05\/foto-2011-05-09-vander-vaccarezza-codigo-400x266.jpg\" \/>\n<meta name=\"author\" content=\"\u00c9der\" \/>\n<meta name=\"twitter:card\" content=\"summary_large_image\" \/>\n<meta name=\"twitter:creator\" content=\"@vanderloubet\" \/>\n<meta name=\"twitter:site\" content=\"@vanderloubet\" \/>\n<script type=\"application\/ld+json\" class=\"yoast-schema-graph\">{\"@context\":\"https:\\\/\\\/schema.org\",\"@graph\":[{\"@type\":\"Article\",\"@id\":\"https:\\\/\\\/vanderloubet.com.br\\\/deputado\\\/lideres-e-ministros-tentam-novo-acordo-para-votar-codigo-florestal\\\/#article\",\"isPartOf\":{\"@id\":\"https:\\\/\\\/vanderloubet.com.br\\\/deputado\\\/lideres-e-ministros-tentam-novo-acordo-para-votar-codigo-florestal\\\/\"},\"author\":{\"name\":\"\u00c9der\",\"@id\":\"https:\\\/\\\/vanderloubet.com.br\\\/deputado\\\/#\\\/schema\\\/person\\\/15b51bd564532a8a68d9dec1b8eb890e\"},\"headline\":\"L\u00edderes e ministros tentam novo acordo para votar C\u00f3digo Florestal\",\"datePublished\":\"2011-05-09T21:00:56+00:00\",\"mainEntityOfPage\":{\"@id\":\"https:\\\/\\\/vanderloubet.com.br\\\/deputado\\\/lideres-e-ministros-tentam-novo-acordo-para-votar-codigo-florestal\\\/\"},\"wordCount\":553,\"publisher\":{\"@id\":\"https:\\\/\\\/vanderloubet.com.br\\\/deputado\\\/#organization\"},\"image\":{\"@id\":\"https:\\\/\\\/vanderloubet.com.br\\\/deputado\\\/lideres-e-ministros-tentam-novo-acordo-para-votar-codigo-florestal\\\/#primaryimage\"},\"thumbnailUrl\":\"http:\\\/\\\/www.deputadovander.com.br\\\/website\\\/wp-content\\\/uploads\\\/2011\\\/05\\\/foto-2011-05-09-vander-vaccarezza-codigo-400x266.jpg\",\"keywords\":[\"agropecu\u00e1ria\",\"aldo\",\"ambiente\",\"c\u00e2ndido\",\"c\u00f3digo\",\"deputado\",\"federal\",\"florestal\",\"loubet\",\"meio\",\"PT\",\"rebelo\",\"vaccarezza\",\"vander\"],\"articleSection\":[\"Not\u00edcias\"],\"inLanguage\":\"pt-BR\"},{\"@type\":\"WebPage\",\"@id\":\"https:\\\/\\\/vanderloubet.com.br\\\/deputado\\\/lideres-e-ministros-tentam-novo-acordo-para-votar-codigo-florestal\\\/\",\"url\":\"https:\\\/\\\/vanderloubet.com.br\\\/deputado\\\/lideres-e-ministros-tentam-novo-acordo-para-votar-codigo-florestal\\\/\",\"name\":\"L\u00edderes e ministros tentam novo acordo para votar C\u00f3digo Florestal\",\"isPartOf\":{\"@id\":\"https:\\\/\\\/vanderloubet.com.br\\\/deputado\\\/#website\"},\"primaryImageOfPage\":{\"@id\":\"https:\\\/\\\/vanderloubet.com.br\\\/deputado\\\/lideres-e-ministros-tentam-novo-acordo-para-votar-codigo-florestal\\\/#primaryimage\"},\"image\":{\"@id\":\"https:\\\/\\\/vanderloubet.com.br\\\/deputado\\\/lideres-e-ministros-tentam-novo-acordo-para-votar-codigo-florestal\\\/#primaryimage\"},\"thumbnailUrl\":\"http:\\\/\\\/www.deputadovander.com.br\\\/website\\\/wp-content\\\/uploads\\\/2011\\\/05\\\/foto-2011-05-09-vander-vaccarezza-codigo-400x266.jpg\",\"datePublished\":\"2011-05-09T21:00:56+00:00\",\"breadcrumb\":{\"@id\":\"https:\\\/\\\/vanderloubet.com.br\\\/deputado\\\/lideres-e-ministros-tentam-novo-acordo-para-votar-codigo-florestal\\\/#breadcrumb\"},\"inLanguage\":\"pt-BR\",\"potentialAction\":[{\"@type\":\"ReadAction\",\"target\":[\"https:\\\/\\\/vanderloubet.com.br\\\/deputado\\\/lideres-e-ministros-tentam-novo-acordo-para-votar-codigo-florestal\\\/\"]}]},{\"@type\":\"ImageObject\",\"inLanguage\":\"pt-BR\",\"@id\":\"https:\\\/\\\/vanderloubet.com.br\\\/deputado\\\/lideres-e-ministros-tentam-novo-acordo-para-votar-codigo-florestal\\\/#primaryimage\",\"url\":\"http:\\\/\\\/www.deputadovander.com.br\\\/website\\\/wp-content\\\/uploads\\\/2011\\\/05\\\/foto-2011-05-09-vander-vaccarezza-codigo-400x266.jpg\",\"contentUrl\":\"http:\\\/\\\/www.deputadovander.com.br\\\/website\\\/wp-content\\\/uploads\\\/2011\\\/05\\\/foto-2011-05-09-vander-vaccarezza-codigo-400x266.jpg\"},{\"@type\":\"BreadcrumbList\",\"@id\":\"https:\\\/\\\/vanderloubet.com.br\\\/deputado\\\/lideres-e-ministros-tentam-novo-acordo-para-votar-codigo-florestal\\\/#breadcrumb\",\"itemListElement\":[{\"@type\":\"ListItem\",\"position\":1,\"name\":\"In\u00edcio\",\"item\":\"https:\\\/\\\/vanderloubet.com.br\\\/deputado\\\/\"},{\"@type\":\"ListItem\",\"position\":2,\"name\":\"L\u00edderes e ministros tentam novo acordo para votar C\u00f3digo Florestal\"}]},{\"@type\":\"WebSite\",\"@id\":\"https:\\\/\\\/vanderloubet.com.br\\\/deputado\\\/#website\",\"url\":\"https:\\\/\\\/vanderloubet.com.br\\\/deputado\\\/\",\"name\":\"Deputado Federal Vander Loubet\",\"description\":\"O Federal de MS\",\"publisher\":{\"@id\":\"https:\\\/\\\/vanderloubet.com.br\\\/deputado\\\/#organization\"},\"alternateName\":\"Deputado Vander\",\"potentialAction\":[{\"@type\":\"SearchAction\",\"target\":{\"@type\":\"EntryPoint\",\"urlTemplate\":\"https:\\\/\\\/vanderloubet.com.br\\\/deputado\\\/?s={search_term_string}\"},\"query-input\":{\"@type\":\"PropertyValueSpecification\",\"valueRequired\":true,\"valueName\":\"search_term_string\"}}],\"inLanguage\":\"pt-BR\"},{\"@type\":\"Organization\",\"@id\":\"https:\\\/\\\/vanderloubet.com.br\\\/deputado\\\/#organization\",\"name\":\"Deputado Federal Vander Loubet\",\"alternateName\":\"Deputado Vander\",\"url\":\"https:\\\/\\\/vanderloubet.com.br\\\/deputado\\\/\",\"logo\":{\"@type\":\"ImageObject\",\"inLanguage\":\"pt-BR\",\"@id\":\"https:\\\/\\\/vanderloubet.com.br\\\/deputado\\\/#\\\/schema\\\/logo\\\/image\\\/\",\"url\":\"https:\\\/\\\/vanderloubet.com.br\\\/deputado\\\/wp-content\\\/uploads\\\/2023\\\/06\\\/foto-2023-06-19-mandato-deputado-vander.jpg\",\"contentUrl\":\"https:\\\/\\\/vanderloubet.com.br\\\/deputado\\\/wp-content\\\/uploads\\\/2023\\\/06\\\/foto-2023-06-19-mandato-deputado-vander.jpg\",\"width\":1080,\"height\":1080,\"caption\":\"Deputado Federal Vander Loubet\"},\"image\":{\"@id\":\"https:\\\/\\\/vanderloubet.com.br\\\/deputado\\\/#\\\/schema\\\/logo\\\/image\\\/\"},\"sameAs\":[\"https:\\\/\\\/facebook.com\\\/deputadovander\",\"https:\\\/\\\/x.com\\\/vanderloubet\",\"https:\\\/\\\/instagram.com\\\/vanderloubet\",\"https:\\\/\\\/youtube.com\\\/vanderloubet\",\"https:\\\/\\\/tiktok.com\\\/@vanderloubetms\"]},{\"@type\":\"Person\",\"@id\":\"https:\\\/\\\/vanderloubet.com.br\\\/deputado\\\/#\\\/schema\\\/person\\\/15b51bd564532a8a68d9dec1b8eb890e\",\"name\":\"\u00c9der\",\"image\":{\"@type\":\"ImageObject\",\"inLanguage\":\"pt-BR\",\"@id\":\"https:\\\/\\\/vanderloubet.com.br\\\/deputado\\\/wp-content\\\/litespeed\\\/avatar\\\/88ca4090d9d5ab1c9495f6ca03b68efa.jpg?ver=1777058957\",\"url\":\"https:\\\/\\\/vanderloubet.com.br\\\/deputado\\\/wp-content\\\/litespeed\\\/avatar\\\/88ca4090d9d5ab1c9495f6ca03b68efa.jpg?ver=1777058957\",\"contentUrl\":\"https:\\\/\\\/vanderloubet.com.br\\\/deputado\\\/wp-content\\\/litespeed\\\/avatar\\\/88ca4090d9d5ab1c9495f6ca03b68efa.jpg?ver=1777058957\",\"caption\":\"\u00c9der\"}}]}<\/script>\n<!-- \/ Yoast SEO plugin. -->","yoast_head_json":{"title":"L\u00edderes e ministros tentam novo acordo para votar C\u00f3digo Florestal","robots":{"index":"index","follow":"follow","max-snippet":"max-snippet:-1","max-image-preview":"max-image-preview:large","max-video-preview":"max-video-preview:-1"},"canonical":"https:\/\/vanderloubet.com.br\/deputado\/lideres-e-ministros-tentam-novo-acordo-para-votar-codigo-florestal\/","og_locale":"pt_BR","og_type":"article","og_title":"L\u00edderes e ministros tentam novo acordo para votar C\u00f3digo Florestal","og_description":"Para Vander, momento mais uma vez \u00e9 de di\u00e1logo. Novo C\u00f3digo deve compatibilizar produc\u00e3o e meio ambiente.","og_url":"https:\/\/vanderloubet.com.br\/deputado\/lideres-e-ministros-tentam-novo-acordo-para-votar-codigo-florestal\/","og_site_name":"Deputado Federal Vander Loubet","article_publisher":"https:\/\/facebook.com\/deputadovander","article_published_time":"2011-05-09T21:00:56+00:00","og_image":[{"url":"http:\/\/www.deputadovander.com.br\/website\/wp-content\/uploads\/2011\/05\/foto-2011-05-09-vander-vaccarezza-codigo-400x266.jpg","type":"","width":"","height":""}],"author":"\u00c9der","twitter_card":"summary_large_image","twitter_creator":"@vanderloubet","twitter_site":"@vanderloubet","schema":{"@context":"https:\/\/schema.org","@graph":[{"@type":"Article","@id":"https:\/\/vanderloubet.com.br\/deputado\/lideres-e-ministros-tentam-novo-acordo-para-votar-codigo-florestal\/#article","isPartOf":{"@id":"https:\/\/vanderloubet.com.br\/deputado\/lideres-e-ministros-tentam-novo-acordo-para-votar-codigo-florestal\/"},"author":{"name":"\u00c9der","@id":"https:\/\/vanderloubet.com.br\/deputado\/#\/schema\/person\/15b51bd564532a8a68d9dec1b8eb890e"},"headline":"L\u00edderes e ministros tentam novo acordo para votar C\u00f3digo Florestal","datePublished":"2011-05-09T21:00:56+00:00","mainEntityOfPage":{"@id":"https:\/\/vanderloubet.com.br\/deputado\/lideres-e-ministros-tentam-novo-acordo-para-votar-codigo-florestal\/"},"wordCount":553,"publisher":{"@id":"https:\/\/vanderloubet.com.br\/deputado\/#organization"},"image":{"@id":"https:\/\/vanderloubet.com.br\/deputado\/lideres-e-ministros-tentam-novo-acordo-para-votar-codigo-florestal\/#primaryimage"},"thumbnailUrl":"http:\/\/www.deputadovander.com.br\/website\/wp-content\/uploads\/2011\/05\/foto-2011-05-09-vander-vaccarezza-codigo-400x266.jpg","keywords":["agropecu\u00e1ria","aldo","ambiente","c\u00e2ndido","c\u00f3digo","deputado","federal","florestal","loubet","meio","PT","rebelo","vaccarezza","vander"],"articleSection":["Not\u00edcias"],"inLanguage":"pt-BR"},{"@type":"WebPage","@id":"https:\/\/vanderloubet.com.br\/deputado\/lideres-e-ministros-tentam-novo-acordo-para-votar-codigo-florestal\/","url":"https:\/\/vanderloubet.com.br\/deputado\/lideres-e-ministros-tentam-novo-acordo-para-votar-codigo-florestal\/","name":"L\u00edderes e ministros tentam novo acordo para votar C\u00f3digo Florestal","isPartOf":{"@id":"https:\/\/vanderloubet.com.br\/deputado\/#website"},"primaryImageOfPage":{"@id":"https:\/\/vanderloubet.com.br\/deputado\/lideres-e-ministros-tentam-novo-acordo-para-votar-codigo-florestal\/#primaryimage"},"image":{"@id":"https:\/\/vanderloubet.com.br\/deputado\/lideres-e-ministros-tentam-novo-acordo-para-votar-codigo-florestal\/#primaryimage"},"thumbnailUrl":"http:\/\/www.deputadovander.com.br\/website\/wp-content\/uploads\/2011\/05\/foto-2011-05-09-vander-vaccarezza-codigo-400x266.jpg","datePublished":"2011-05-09T21:00:56+00:00","breadcrumb":{"@id":"https:\/\/vanderloubet.com.br\/deputado\/lideres-e-ministros-tentam-novo-acordo-para-votar-codigo-florestal\/#breadcrumb"},"inLanguage":"pt-BR","potentialAction":[{"@type":"ReadAction","target":["https:\/\/vanderloubet.com.br\/deputado\/lideres-e-ministros-tentam-novo-acordo-para-votar-codigo-florestal\/"]}]},{"@type":"ImageObject","inLanguage":"pt-BR","@id":"https:\/\/vanderloubet.com.br\/deputado\/lideres-e-ministros-tentam-novo-acordo-para-votar-codigo-florestal\/#primaryimage","url":"http:\/\/www.deputadovander.com.br\/website\/wp-content\/uploads\/2011\/05\/foto-2011-05-09-vander-vaccarezza-codigo-400x266.jpg","contentUrl":"http:\/\/www.deputadovander.com.br\/website\/wp-content\/uploads\/2011\/05\/foto-2011-05-09-vander-vaccarezza-codigo-400x266.jpg"},{"@type":"BreadcrumbList","@id":"https:\/\/vanderloubet.com.br\/deputado\/lideres-e-ministros-tentam-novo-acordo-para-votar-codigo-florestal\/#breadcrumb","itemListElement":[{"@type":"ListItem","position":1,"name":"In\u00edcio","item":"https:\/\/vanderloubet.com.br\/deputado\/"},{"@type":"ListItem","position":2,"name":"L\u00edderes e ministros tentam novo acordo para votar C\u00f3digo Florestal"}]},{"@type":"WebSite","@id":"https:\/\/vanderloubet.com.br\/deputado\/#website","url":"https:\/\/vanderloubet.com.br\/deputado\/","name":"Deputado Federal Vander Loubet","description":"O Federal de MS","publisher":{"@id":"https:\/\/vanderloubet.com.br\/deputado\/#organization"},"alternateName":"Deputado Vander","potentialAction":[{"@type":"SearchAction","target":{"@type":"EntryPoint","urlTemplate":"https:\/\/vanderloubet.com.br\/deputado\/?s={search_term_string}"},"query-input":{"@type":"PropertyValueSpecification","valueRequired":true,"valueName":"search_term_string"}}],"inLanguage":"pt-BR"},{"@type":"Organization","@id":"https:\/\/vanderloubet.com.br\/deputado\/#organization","name":"Deputado Federal Vander Loubet","alternateName":"Deputado Vander","url":"https:\/\/vanderloubet.com.br\/deputado\/","logo":{"@type":"ImageObject","inLanguage":"pt-BR","@id":"https:\/\/vanderloubet.com.br\/deputado\/#\/schema\/logo\/image\/","url":"https:\/\/vanderloubet.com.br\/deputado\/wp-content\/uploads\/2023\/06\/foto-2023-06-19-mandato-deputado-vander.jpg","contentUrl":"https:\/\/vanderloubet.com.br\/deputado\/wp-content\/uploads\/2023\/06\/foto-2023-06-19-mandato-deputado-vander.jpg","width":1080,"height":1080,"caption":"Deputado Federal Vander Loubet"},"image":{"@id":"https:\/\/vanderloubet.com.br\/deputado\/#\/schema\/logo\/image\/"},"sameAs":["https:\/\/facebook.com\/deputadovander","https:\/\/x.com\/vanderloubet","https:\/\/instagram.com\/vanderloubet","https:\/\/youtube.com\/vanderloubet","https:\/\/tiktok.com\/@vanderloubetms"]},{"@type":"Person","@id":"https:\/\/vanderloubet.com.br\/deputado\/#\/schema\/person\/15b51bd564532a8a68d9dec1b8eb890e","name":"\u00c9der","image":{"@type":"ImageObject","inLanguage":"pt-BR","@id":"https:\/\/vanderloubet.com.br\/deputado\/wp-content\/litespeed\/avatar\/88ca4090d9d5ab1c9495f6ca03b68efa.jpg?ver=1777058957","url":"https:\/\/vanderloubet.com.br\/deputado\/wp-content\/litespeed\/avatar\/88ca4090d9d5ab1c9495f6ca03b68efa.jpg?ver=1777058957","contentUrl":"https:\/\/vanderloubet.com.br\/deputado\/wp-content\/litespeed\/avatar\/88ca4090d9d5ab1c9495f6ca03b68efa.jpg?ver=1777058957","caption":"\u00c9der"}}]}},"jetpack_featured_media_url":"","jetpack_sharing_enabled":true,"_links":{"self":[{"href":"https:\/\/vanderloubet.com.br\/deputado\/wp-json\/wp\/v2\/posts\/3123","targetHints":{"allow":["GET"]}}],"collection":[{"href":"https:\/\/vanderloubet.com.br\/deputado\/wp-json\/wp\/v2\/posts"}],"about":[{"href":"https:\/\/vanderloubet.com.br\/deputado\/wp-json\/wp\/v2\/types\/post"}],"author":[{"embeddable":true,"href":"https:\/\/vanderloubet.com.br\/deputado\/wp-json\/wp\/v2\/users\/2"}],"replies":[{"embeddable":true,"href":"https:\/\/vanderloubet.com.br\/deputado\/wp-json\/wp\/v2\/comments?post=3123"}],"version-history":[{"count":0,"href":"https:\/\/vanderloubet.com.br\/deputado\/wp-json\/wp\/v2\/posts\/3123\/revisions"}],"wp:attachment":[{"href":"https:\/\/vanderloubet.com.br\/deputado\/wp-json\/wp\/v2\/media?parent=3123"}],"wp:term":[{"taxonomy":"category","embeddable":true,"href":"https:\/\/vanderloubet.com.br\/deputado\/wp-json\/wp\/v2\/categories?post=3123"},{"taxonomy":"post_tag","embeddable":true,"href":"https:\/\/vanderloubet.com.br\/deputado\/wp-json\/wp\/v2\/tags?post=3123"}],"curies":[{"name":"wp","href":"https:\/\/api.w.org\/{rel}","templated":true}]}}