{"id":3093,"date":"2011-04-21T00:26:49","date_gmt":"2011-04-21T04:26:49","guid":{"rendered":"http:\/\/www.deputadovander.com.br\/website\/?p=3093"},"modified":"2011-04-21T00:26:49","modified_gmt":"2011-04-21T04:26:49","slug":"codigo-florestal-deve-ser-votado-na-camara-no-inicio-de-maio","status":"publish","type":"post","link":"https:\/\/vanderloubet.com.br\/deputado\/codigo-florestal-deve-ser-votado-na-camara-no-inicio-de-maio\/","title":{"rendered":"C\u00f3digo Florestal deve ser votado na C\u00e2mara no in\u00edcio de maio"},"content":{"rendered":"<p style=\"text-align: center;\"><figure id=\"attachment_3094\" aria-describedby=\"caption-attachment-3094\" style=\"width: 400px\" class=\"wp-caption aligncenter\"><a href=\"http:\/\/www.deputadovander.com.br\/website\/wp-content\/uploads\/2011\/04\/foto-2011-04-21-vander-rebelo-codigo.jpg\" target=\"_blank\"><img decoding=\"async\" class=\"size-medium wp-image-3094 \" title=\"foto-2011-04-21-vander-rebelo-codigo\" src=\"http:\/\/www.deputadovander.com.br\/website\/wp-content\/uploads\/2011\/04\/foto-2011-04-21-vander-rebelo-codigo-400x267.jpg\" alt=\"Deputados Vander Loubet e Aldo Rebelo\" width=\"400\" height=\"267\" \/><\/a><figcaption id=\"caption-attachment-3094\" class=\"wp-caption-text\">Deputados Vander Loubet e Aldo Rebelo (clique p\/ ampliar)<\/figcaption><\/figure><\/p>\n<p>O presidente da C\u00e2mara dos Deputados, Marco Maia (PT-RS), anunciou essa semana que o projeto que altera o C\u00f3digo Florestal (PL 1.876\/99 e outros) ser\u00e1 inclu\u00eddo na pauta do Plen\u00e1rio nos dias 3 e 4 de maio. Maia acrescentou que, at\u00e9 l\u00e1, o relator do projeto, deputado Aldo Rebelo (PCdoB-SP), ter\u00e1 tempo para fazer os ajustes necess\u00e1rios.<\/p>\n<p>Maia admitiu que n\u00e3o haver\u00e1 um acordo total sobre o parecer, mas acredita que haver\u00e1 acordo sobre 99% dos dispositivos do c\u00f3digo. Essa posi\u00e7\u00e3o do presidente da Casa confirma a tese defendida pelo deputado federal Vander Loubet (PT-MS), membro representante do governo no Grupo de Trabalho do C\u00f3digo Florestal (tamb\u00e9m chamado de c\u00e2mara de negocia\u00e7\u00e3o). Para o parlamentar sul-mato-grossense, o substitutivo de Aldo Rebelo para a atualiza\u00e7\u00e3o do C\u00f3digo conseguiu reduzir ao m\u00e1ximo as tens\u00f5es e conflitos &#8211; t\u00e9cnicos, pol\u00edticos e ideol\u00f3gicos &#8211; em torno dessa pol\u00eamica mat\u00e9ria.<\/p>\n<p>&#8220;O parecer do deputado Rebelo, baseado no di\u00e1logo e constru\u00eddo com equil\u00edbrio, n\u00e3o \u00e9 um texto salom\u00f4nico como alguns cr\u00edticos tentam fazer crer. O C\u00f3digo continua sendo um dos mais rigorosos &#8211; se n\u00e3o o mais rigoroso &#8211; do mundo na esfera da legisla\u00e7\u00e3o ambiental&#8221;, afirmou Vander.<\/p>\n<p><strong>Posi\u00e7\u00e3o das bancadas<\/strong><\/p>\n<p>O presidente Marco Maia disse acreditar no acordo para vota\u00e7\u00e3o em maio. &#8220;\u00c9 ineg\u00e1vel o esfor\u00e7o de todos para buscar um acordo que seja produtivo para toda a sociedade. A c\u00e2mara de negocia\u00e7\u00e3o tamb\u00e9m teve papel importante para encontrar um entendimento entre os setores. Depois dessa discuss\u00e3o, o projeto est\u00e1 pronto para ir a Plen\u00e1rio&#8221;, afirmou.<\/p>\n<p>O l\u00edder do governo em exerc\u00edcio, Lincoln Portela (PR-MG), e o 1\u00ba vice-l\u00edder dos tucanos, Otavio Leite (PSDB-RJ), tamb\u00e9m confirmaram o acordo para a vota\u00e7\u00e3o do C\u00f3digo.<\/p>\n<p>Segundo o deputado Vander, a mat\u00e9ria ser\u00e1 votada ap\u00f3s um longo e amplo processo de di\u00e1logo. &#8220;Os parlamentares governistas e da oposi\u00e7\u00e3o conversaram e debateram com todos os interessados, direta e indiretamente, na mat\u00e9ria, que trata de produ\u00e7\u00e3o, de economia e de sustentabilidade&#8221;, acentuou. A seu ver, o texto corrige algumas situa\u00e7\u00f5es absurdas e descomprime o segmento produtivo de posi\u00e7\u00f5es inc\u00f4modas, mas n\u00e3o abre m\u00e3o de dispositivos b\u00e1sicos de preserva\u00e7\u00e3o, como a Reserva Legal e a \u00c1rea de Preserva\u00e7\u00e3o Permanente (APP).<\/p>\n<p><strong>Reuni\u00e3o do GT<\/strong><\/p>\n<p>Est\u00e1 marcada para a pr\u00f3xima ter\u00e7a-feira (26), \u00e0s 16 horas, no plen\u00e1rio 9 da C\u00e2mara Federal uma reuni\u00e3o do Grupo de Trabalho que discute as propostas de altera\u00e7\u00e3o no C\u00f3digo Florestal. Os integrantes do colegiado devem analisar notas t\u00e9cnicas apresentadas por especialistas para aprimorar o relat\u00f3rio do deputado Aldo Rebelo.<\/p>\n<p>Al\u00e9m do deputado Vander Loubet, fazem parte da c\u00e2mara de negociac\u00e3o os deputados Assis do Couto (PT-PR), Luci Choinacki (PT-SC), M\u00e1rcio Mac\u00eado (PT-SE), Paulo Piau (PMDB-MG), Reinhold Stephanes (PMDB-PR), Antonio Carlos Thame (PSDB-SP), Eduardo Gomes (PSDB-TO), Reinaldo Azambuja (PSDB-MS), Ricardo Tripoli (PSDB-SP), Marcos Montes (DEM-MG), Luis Carlos Heinze (PP-RS), Nilton Capixaba (PTB-RO), Sarney Filho (PV-MA) e Ivan Valente (PSOL-SP).<\/p>\n<p><span style=\"font-size: 11px;\">(\u00c9der Yanaguita\/Assessoria de Comunica\u00e7\u00e3o)<\/span><\/p>\n","protected":false},"excerpt":{"rendered":"<p>Segundo o deputado federal Vander Loubet, a mat\u00e9ria ser\u00e1 votada ap\u00f3s um longo e amplo processo de di\u00e1logo.<\/p>\n","protected":false},"author":2,"featured_media":0,"comment_status":"closed","ping_status":"open","sticky":false,"template":"","format":"standard","meta":{"jetpack_post_was_ever_published":false,"_jetpack_newsletter_access":"","_jetpack_dont_email_post_to_subs":false,"_jetpack_newsletter_tier_id":0,"_jetpack_memberships_contains_paywalled_content":false,"_jetpack_memberships_contains_paid_content":false,"footnotes":""},"categories":[10],"tags":[88,467,608,807,853,1139,1178,1199,1220,1336,1634,1655,1683,2033],"class_list":{"0":"post-3093","1":"post","2":"type-post","3":"status-publish","4":"format-standard","6":"category-noticias","7":"tag-aldo","8":"tag-codigo","9":"tag-deputado","10":"tag-federal","11":"tag-florestal","12":"tag-lei","13":"tag-loubet","14":"tag-maia","15":"tag-marco","16":"tag-ms","17":"tag-projeto","18":"tag-pt","19":"tag-rebelo","20":"tag-vander"},"yoast_head":"<!-- This site is optimized with the Yoast SEO plugin v27.4 - https:\/\/yoast.com\/product\/yoast-seo-wordpress\/ -->\n<title>C\u00f3digo Florestal deve ser votado na C\u00e2mara no in\u00edcio de maio<\/title>\n<meta name=\"robots\" content=\"index, follow, max-snippet:-1, max-image-preview:large, max-video-preview:-1\" \/>\n<link rel=\"canonical\" href=\"https:\/\/vanderloubet.com.br\/deputado\/codigo-florestal-deve-ser-votado-na-camara-no-inicio-de-maio\/\" \/>\n<meta property=\"og:locale\" content=\"pt_BR\" \/>\n<meta property=\"og:type\" content=\"article\" \/>\n<meta property=\"og:title\" content=\"C\u00f3digo Florestal deve ser votado na C\u00e2mara no in\u00edcio de maio\" \/>\n<meta property=\"og:description\" content=\"Segundo o deputado federal Vander Loubet, a mat\u00e9ria ser\u00e1 votada ap\u00f3s um longo e amplo processo de di\u00e1logo.\" \/>\n<meta property=\"og:url\" content=\"https:\/\/vanderloubet.com.br\/deputado\/codigo-florestal-deve-ser-votado-na-camara-no-inicio-de-maio\/\" \/>\n<meta property=\"og:site_name\" content=\"Deputado Federal Vander Loubet\" \/>\n<meta property=\"article:publisher\" content=\"https:\/\/facebook.com\/deputadovander\" \/>\n<meta property=\"article:published_time\" content=\"2011-04-21T04:26:49+00:00\" \/>\n<meta property=\"og:image\" content=\"http:\/\/www.deputadovander.com.br\/website\/wp-content\/uploads\/2011\/04\/foto-2011-04-21-vander-rebelo-codigo-400x267.jpg\" \/>\n<meta name=\"author\" content=\"\u00c9der\" \/>\n<meta name=\"twitter:card\" content=\"summary_large_image\" \/>\n<meta name=\"twitter:creator\" content=\"@vanderloubet\" \/>\n<meta name=\"twitter:site\" content=\"@vanderloubet\" \/>\n<script type=\"application\/ld+json\" class=\"yoast-schema-graph\">{\"@context\":\"https:\\\/\\\/schema.org\",\"@graph\":[{\"@type\":\"Article\",\"@id\":\"https:\\\/\\\/vanderloubet.com.br\\\/deputado\\\/codigo-florestal-deve-ser-votado-na-camara-no-inicio-de-maio\\\/#article\",\"isPartOf\":{\"@id\":\"https:\\\/\\\/vanderloubet.com.br\\\/deputado\\\/codigo-florestal-deve-ser-votado-na-camara-no-inicio-de-maio\\\/\"},\"author\":{\"name\":\"\u00c9der\",\"@id\":\"https:\\\/\\\/vanderloubet.com.br\\\/deputado\\\/#\\\/schema\\\/person\\\/15b51bd564532a8a68d9dec1b8eb890e\"},\"headline\":\"C\u00f3digo Florestal deve ser votado na C\u00e2mara no in\u00edcio de maio\",\"datePublished\":\"2011-04-21T04:26:49+00:00\",\"mainEntityOfPage\":{\"@id\":\"https:\\\/\\\/vanderloubet.com.br\\\/deputado\\\/codigo-florestal-deve-ser-votado-na-camara-no-inicio-de-maio\\\/\"},\"wordCount\":572,\"publisher\":{\"@id\":\"https:\\\/\\\/vanderloubet.com.br\\\/deputado\\\/#organization\"},\"image\":{\"@id\":\"https:\\\/\\\/vanderloubet.com.br\\\/deputado\\\/codigo-florestal-deve-ser-votado-na-camara-no-inicio-de-maio\\\/#primaryimage\"},\"thumbnailUrl\":\"http:\\\/\\\/www.deputadovander.com.br\\\/website\\\/wp-content\\\/uploads\\\/2011\\\/04\\\/foto-2011-04-21-vander-rebelo-codigo-400x267.jpg\",\"keywords\":[\"aldo\",\"c\u00f3digo\",\"deputado\",\"federal\",\"florestal\",\"lei\",\"loubet\",\"maia\",\"marco\",\"MS\",\"projeto\",\"PT\",\"rebelo\",\"vander\"],\"articleSection\":[\"Not\u00edcias\"],\"inLanguage\":\"pt-BR\"},{\"@type\":\"WebPage\",\"@id\":\"https:\\\/\\\/vanderloubet.com.br\\\/deputado\\\/codigo-florestal-deve-ser-votado-na-camara-no-inicio-de-maio\\\/\",\"url\":\"https:\\\/\\\/vanderloubet.com.br\\\/deputado\\\/codigo-florestal-deve-ser-votado-na-camara-no-inicio-de-maio\\\/\",\"name\":\"C\u00f3digo Florestal deve ser votado na C\u00e2mara no in\u00edcio de maio\",\"isPartOf\":{\"@id\":\"https:\\\/\\\/vanderloubet.com.br\\\/deputado\\\/#website\"},\"primaryImageOfPage\":{\"@id\":\"https:\\\/\\\/vanderloubet.com.br\\\/deputado\\\/codigo-florestal-deve-ser-votado-na-camara-no-inicio-de-maio\\\/#primaryimage\"},\"image\":{\"@id\":\"https:\\\/\\\/vanderloubet.com.br\\\/deputado\\\/codigo-florestal-deve-ser-votado-na-camara-no-inicio-de-maio\\\/#primaryimage\"},\"thumbnailUrl\":\"http:\\\/\\\/www.deputadovander.com.br\\\/website\\\/wp-content\\\/uploads\\\/2011\\\/04\\\/foto-2011-04-21-vander-rebelo-codigo-400x267.jpg\",\"datePublished\":\"2011-04-21T04:26:49+00:00\",\"breadcrumb\":{\"@id\":\"https:\\\/\\\/vanderloubet.com.br\\\/deputado\\\/codigo-florestal-deve-ser-votado-na-camara-no-inicio-de-maio\\\/#breadcrumb\"},\"inLanguage\":\"pt-BR\",\"potentialAction\":[{\"@type\":\"ReadAction\",\"target\":[\"https:\\\/\\\/vanderloubet.com.br\\\/deputado\\\/codigo-florestal-deve-ser-votado-na-camara-no-inicio-de-maio\\\/\"]}]},{\"@type\":\"ImageObject\",\"inLanguage\":\"pt-BR\",\"@id\":\"https:\\\/\\\/vanderloubet.com.br\\\/deputado\\\/codigo-florestal-deve-ser-votado-na-camara-no-inicio-de-maio\\\/#primaryimage\",\"url\":\"http:\\\/\\\/www.deputadovander.com.br\\\/website\\\/wp-content\\\/uploads\\\/2011\\\/04\\\/foto-2011-04-21-vander-rebelo-codigo-400x267.jpg\",\"contentUrl\":\"http:\\\/\\\/www.deputadovander.com.br\\\/website\\\/wp-content\\\/uploads\\\/2011\\\/04\\\/foto-2011-04-21-vander-rebelo-codigo-400x267.jpg\"},{\"@type\":\"BreadcrumbList\",\"@id\":\"https:\\\/\\\/vanderloubet.com.br\\\/deputado\\\/codigo-florestal-deve-ser-votado-na-camara-no-inicio-de-maio\\\/#breadcrumb\",\"itemListElement\":[{\"@type\":\"ListItem\",\"position\":1,\"name\":\"In\u00edcio\",\"item\":\"https:\\\/\\\/vanderloubet.com.br\\\/deputado\\\/\"},{\"@type\":\"ListItem\",\"position\":2,\"name\":\"C\u00f3digo Florestal deve ser votado na C\u00e2mara no in\u00edcio de maio\"}]},{\"@type\":\"WebSite\",\"@id\":\"https:\\\/\\\/vanderloubet.com.br\\\/deputado\\\/#website\",\"url\":\"https:\\\/\\\/vanderloubet.com.br\\\/deputado\\\/\",\"name\":\"Deputado Federal Vander Loubet\",\"description\":\"O Federal de MS\",\"publisher\":{\"@id\":\"https:\\\/\\\/vanderloubet.com.br\\\/deputado\\\/#organization\"},\"alternateName\":\"Deputado Vander\",\"potentialAction\":[{\"@type\":\"SearchAction\",\"target\":{\"@type\":\"EntryPoint\",\"urlTemplate\":\"https:\\\/\\\/vanderloubet.com.br\\\/deputado\\\/?s={search_term_string}\"},\"query-input\":{\"@type\":\"PropertyValueSpecification\",\"valueRequired\":true,\"valueName\":\"search_term_string\"}}],\"inLanguage\":\"pt-BR\"},{\"@type\":\"Organization\",\"@id\":\"https:\\\/\\\/vanderloubet.com.br\\\/deputado\\\/#organization\",\"name\":\"Deputado Federal Vander Loubet\",\"alternateName\":\"Deputado Vander\",\"url\":\"https:\\\/\\\/vanderloubet.com.br\\\/deputado\\\/\",\"logo\":{\"@type\":\"ImageObject\",\"inLanguage\":\"pt-BR\",\"@id\":\"https:\\\/\\\/vanderloubet.com.br\\\/deputado\\\/#\\\/schema\\\/logo\\\/image\\\/\",\"url\":\"https:\\\/\\\/vanderloubet.com.br\\\/deputado\\\/wp-content\\\/uploads\\\/2023\\\/06\\\/foto-2023-06-19-mandato-deputado-vander.jpg\",\"contentUrl\":\"https:\\\/\\\/vanderloubet.com.br\\\/deputado\\\/wp-content\\\/uploads\\\/2023\\\/06\\\/foto-2023-06-19-mandato-deputado-vander.jpg\",\"width\":1080,\"height\":1080,\"caption\":\"Deputado Federal Vander Loubet\"},\"image\":{\"@id\":\"https:\\\/\\\/vanderloubet.com.br\\\/deputado\\\/#\\\/schema\\\/logo\\\/image\\\/\"},\"sameAs\":[\"https:\\\/\\\/facebook.com\\\/deputadovander\",\"https:\\\/\\\/x.com\\\/vanderloubet\",\"https:\\\/\\\/instagram.com\\\/vanderloubet\",\"https:\\\/\\\/youtube.com\\\/vanderloubet\",\"https:\\\/\\\/tiktok.com\\\/@vanderloubetms\"]},{\"@type\":\"Person\",\"@id\":\"https:\\\/\\\/vanderloubet.com.br\\\/deputado\\\/#\\\/schema\\\/person\\\/15b51bd564532a8a68d9dec1b8eb890e\",\"name\":\"\u00c9der\",\"image\":{\"@type\":\"ImageObject\",\"inLanguage\":\"pt-BR\",\"@id\":\"https:\\\/\\\/vanderloubet.com.br\\\/deputado\\\/wp-content\\\/litespeed\\\/avatar\\\/88ca4090d9d5ab1c9495f6ca03b68efa.jpg?ver=1777058957\",\"url\":\"https:\\\/\\\/vanderloubet.com.br\\\/deputado\\\/wp-content\\\/litespeed\\\/avatar\\\/88ca4090d9d5ab1c9495f6ca03b68efa.jpg?ver=1777058957\",\"contentUrl\":\"https:\\\/\\\/vanderloubet.com.br\\\/deputado\\\/wp-content\\\/litespeed\\\/avatar\\\/88ca4090d9d5ab1c9495f6ca03b68efa.jpg?ver=1777058957\",\"caption\":\"\u00c9der\"}}]}<\/script>\n<!-- \/ Yoast SEO plugin. -->","yoast_head_json":{"title":"C\u00f3digo Florestal deve ser votado na C\u00e2mara no in\u00edcio de maio","robots":{"index":"index","follow":"follow","max-snippet":"max-snippet:-1","max-image-preview":"max-image-preview:large","max-video-preview":"max-video-preview:-1"},"canonical":"https:\/\/vanderloubet.com.br\/deputado\/codigo-florestal-deve-ser-votado-na-camara-no-inicio-de-maio\/","og_locale":"pt_BR","og_type":"article","og_title":"C\u00f3digo Florestal deve ser votado na C\u00e2mara no in\u00edcio de maio","og_description":"Segundo o deputado federal Vander Loubet, a mat\u00e9ria ser\u00e1 votada ap\u00f3s um longo e amplo processo de di\u00e1logo.","og_url":"https:\/\/vanderloubet.com.br\/deputado\/codigo-florestal-deve-ser-votado-na-camara-no-inicio-de-maio\/","og_site_name":"Deputado Federal Vander Loubet","article_publisher":"https:\/\/facebook.com\/deputadovander","article_published_time":"2011-04-21T04:26:49+00:00","og_image":[{"url":"http:\/\/www.deputadovander.com.br\/website\/wp-content\/uploads\/2011\/04\/foto-2011-04-21-vander-rebelo-codigo-400x267.jpg","type":"","width":"","height":""}],"author":"\u00c9der","twitter_card":"summary_large_image","twitter_creator":"@vanderloubet","twitter_site":"@vanderloubet","schema":{"@context":"https:\/\/schema.org","@graph":[{"@type":"Article","@id":"https:\/\/vanderloubet.com.br\/deputado\/codigo-florestal-deve-ser-votado-na-camara-no-inicio-de-maio\/#article","isPartOf":{"@id":"https:\/\/vanderloubet.com.br\/deputado\/codigo-florestal-deve-ser-votado-na-camara-no-inicio-de-maio\/"},"author":{"name":"\u00c9der","@id":"https:\/\/vanderloubet.com.br\/deputado\/#\/schema\/person\/15b51bd564532a8a68d9dec1b8eb890e"},"headline":"C\u00f3digo Florestal deve ser votado na C\u00e2mara no in\u00edcio de maio","datePublished":"2011-04-21T04:26:49+00:00","mainEntityOfPage":{"@id":"https:\/\/vanderloubet.com.br\/deputado\/codigo-florestal-deve-ser-votado-na-camara-no-inicio-de-maio\/"},"wordCount":572,"publisher":{"@id":"https:\/\/vanderloubet.com.br\/deputado\/#organization"},"image":{"@id":"https:\/\/vanderloubet.com.br\/deputado\/codigo-florestal-deve-ser-votado-na-camara-no-inicio-de-maio\/#primaryimage"},"thumbnailUrl":"http:\/\/www.deputadovander.com.br\/website\/wp-content\/uploads\/2011\/04\/foto-2011-04-21-vander-rebelo-codigo-400x267.jpg","keywords":["aldo","c\u00f3digo","deputado","federal","florestal","lei","loubet","maia","marco","MS","projeto","PT","rebelo","vander"],"articleSection":["Not\u00edcias"],"inLanguage":"pt-BR"},{"@type":"WebPage","@id":"https:\/\/vanderloubet.com.br\/deputado\/codigo-florestal-deve-ser-votado-na-camara-no-inicio-de-maio\/","url":"https:\/\/vanderloubet.com.br\/deputado\/codigo-florestal-deve-ser-votado-na-camara-no-inicio-de-maio\/","name":"C\u00f3digo Florestal deve ser votado na C\u00e2mara no in\u00edcio de maio","isPartOf":{"@id":"https:\/\/vanderloubet.com.br\/deputado\/#website"},"primaryImageOfPage":{"@id":"https:\/\/vanderloubet.com.br\/deputado\/codigo-florestal-deve-ser-votado-na-camara-no-inicio-de-maio\/#primaryimage"},"image":{"@id":"https:\/\/vanderloubet.com.br\/deputado\/codigo-florestal-deve-ser-votado-na-camara-no-inicio-de-maio\/#primaryimage"},"thumbnailUrl":"http:\/\/www.deputadovander.com.br\/website\/wp-content\/uploads\/2011\/04\/foto-2011-04-21-vander-rebelo-codigo-400x267.jpg","datePublished":"2011-04-21T04:26:49+00:00","breadcrumb":{"@id":"https:\/\/vanderloubet.com.br\/deputado\/codigo-florestal-deve-ser-votado-na-camara-no-inicio-de-maio\/#breadcrumb"},"inLanguage":"pt-BR","potentialAction":[{"@type":"ReadAction","target":["https:\/\/vanderloubet.com.br\/deputado\/codigo-florestal-deve-ser-votado-na-camara-no-inicio-de-maio\/"]}]},{"@type":"ImageObject","inLanguage":"pt-BR","@id":"https:\/\/vanderloubet.com.br\/deputado\/codigo-florestal-deve-ser-votado-na-camara-no-inicio-de-maio\/#primaryimage","url":"http:\/\/www.deputadovander.com.br\/website\/wp-content\/uploads\/2011\/04\/foto-2011-04-21-vander-rebelo-codigo-400x267.jpg","contentUrl":"http:\/\/www.deputadovander.com.br\/website\/wp-content\/uploads\/2011\/04\/foto-2011-04-21-vander-rebelo-codigo-400x267.jpg"},{"@type":"BreadcrumbList","@id":"https:\/\/vanderloubet.com.br\/deputado\/codigo-florestal-deve-ser-votado-na-camara-no-inicio-de-maio\/#breadcrumb","itemListElement":[{"@type":"ListItem","position":1,"name":"In\u00edcio","item":"https:\/\/vanderloubet.com.br\/deputado\/"},{"@type":"ListItem","position":2,"name":"C\u00f3digo Florestal deve ser votado na C\u00e2mara no in\u00edcio de maio"}]},{"@type":"WebSite","@id":"https:\/\/vanderloubet.com.br\/deputado\/#website","url":"https:\/\/vanderloubet.com.br\/deputado\/","name":"Deputado Federal Vander Loubet","description":"O Federal de MS","publisher":{"@id":"https:\/\/vanderloubet.com.br\/deputado\/#organization"},"alternateName":"Deputado Vander","potentialAction":[{"@type":"SearchAction","target":{"@type":"EntryPoint","urlTemplate":"https:\/\/vanderloubet.com.br\/deputado\/?s={search_term_string}"},"query-input":{"@type":"PropertyValueSpecification","valueRequired":true,"valueName":"search_term_string"}}],"inLanguage":"pt-BR"},{"@type":"Organization","@id":"https:\/\/vanderloubet.com.br\/deputado\/#organization","name":"Deputado Federal Vander Loubet","alternateName":"Deputado Vander","url":"https:\/\/vanderloubet.com.br\/deputado\/","logo":{"@type":"ImageObject","inLanguage":"pt-BR","@id":"https:\/\/vanderloubet.com.br\/deputado\/#\/schema\/logo\/image\/","url":"https:\/\/vanderloubet.com.br\/deputado\/wp-content\/uploads\/2023\/06\/foto-2023-06-19-mandato-deputado-vander.jpg","contentUrl":"https:\/\/vanderloubet.com.br\/deputado\/wp-content\/uploads\/2023\/06\/foto-2023-06-19-mandato-deputado-vander.jpg","width":1080,"height":1080,"caption":"Deputado Federal Vander Loubet"},"image":{"@id":"https:\/\/vanderloubet.com.br\/deputado\/#\/schema\/logo\/image\/"},"sameAs":["https:\/\/facebook.com\/deputadovander","https:\/\/x.com\/vanderloubet","https:\/\/instagram.com\/vanderloubet","https:\/\/youtube.com\/vanderloubet","https:\/\/tiktok.com\/@vanderloubetms"]},{"@type":"Person","@id":"https:\/\/vanderloubet.com.br\/deputado\/#\/schema\/person\/15b51bd564532a8a68d9dec1b8eb890e","name":"\u00c9der","image":{"@type":"ImageObject","inLanguage":"pt-BR","@id":"https:\/\/vanderloubet.com.br\/deputado\/wp-content\/litespeed\/avatar\/88ca4090d9d5ab1c9495f6ca03b68efa.jpg?ver=1777058957","url":"https:\/\/vanderloubet.com.br\/deputado\/wp-content\/litespeed\/avatar\/88ca4090d9d5ab1c9495f6ca03b68efa.jpg?ver=1777058957","contentUrl":"https:\/\/vanderloubet.com.br\/deputado\/wp-content\/litespeed\/avatar\/88ca4090d9d5ab1c9495f6ca03b68efa.jpg?ver=1777058957","caption":"\u00c9der"}}]}},"jetpack_featured_media_url":"","jetpack_sharing_enabled":true,"_links":{"self":[{"href":"https:\/\/vanderloubet.com.br\/deputado\/wp-json\/wp\/v2\/posts\/3093","targetHints":{"allow":["GET"]}}],"collection":[{"href":"https:\/\/vanderloubet.com.br\/deputado\/wp-json\/wp\/v2\/posts"}],"about":[{"href":"https:\/\/vanderloubet.com.br\/deputado\/wp-json\/wp\/v2\/types\/post"}],"author":[{"embeddable":true,"href":"https:\/\/vanderloubet.com.br\/deputado\/wp-json\/wp\/v2\/users\/2"}],"replies":[{"embeddable":true,"href":"https:\/\/vanderloubet.com.br\/deputado\/wp-json\/wp\/v2\/comments?post=3093"}],"version-history":[{"count":0,"href":"https:\/\/vanderloubet.com.br\/deputado\/wp-json\/wp\/v2\/posts\/3093\/revisions"}],"wp:attachment":[{"href":"https:\/\/vanderloubet.com.br\/deputado\/wp-json\/wp\/v2\/media?parent=3093"}],"wp:term":[{"taxonomy":"category","embeddable":true,"href":"https:\/\/vanderloubet.com.br\/deputado\/wp-json\/wp\/v2\/categories?post=3093"},{"taxonomy":"post_tag","embeddable":true,"href":"https:\/\/vanderloubet.com.br\/deputado\/wp-json\/wp\/v2\/tags?post=3093"}],"curies":[{"name":"wp","href":"https:\/\/api.w.org\/{rel}","templated":true}]}}