{"id":3071,"date":"2011-04-07T09:31:01","date_gmt":"2011-04-07T13:31:01","guid":{"rendered":"http:\/\/www.deputadovander.com.br\/website\/?p=3071"},"modified":"2011-04-07T09:31:01","modified_gmt":"2011-04-07T13:31:01","slug":"vander-comemora-decisao-do-stf-que-confirma-piso-salarial-dos-professores","status":"publish","type":"post","link":"https:\/\/vanderloubet.com.br\/deputado\/vander-comemora-decisao-do-stf-que-confirma-piso-salarial-dos-professores\/","title":{"rendered":"Vander comemora decis\u00e3o do STF que confirma piso salarial dos professores"},"content":{"rendered":"<p style=\"text-align: center;\"><figure id=\"attachment_3072\" aria-describedby=\"caption-attachment-3072\" style=\"width: 400px\" class=\"wp-caption aligncenter\"><a href=\"http:\/\/www.deputadovander.com.br\/website\/wp-content\/uploads\/2011\/04\/foto-2011-04-07-piso-professor-stf.jpg\" target=\"_blank\"><img decoding=\"async\" class=\"size-medium wp-image-3072 \" title=\"foto-2011-04-07-piso-professor-stf\" src=\"http:\/\/www.deputadovander.com.br\/website\/wp-content\/uploads\/2011\/04\/foto-2011-04-07-piso-professor-stf-400x266.jpg\" alt=\"Imagem da sess\u00e3o do STF de 06\/04\" width=\"400\" height=\"266\" \/><\/a><figcaption id=\"caption-attachment-3072\" class=\"wp-caption-text\">Imagem da sess\u00e3o do STF de 06\/04 (clique p\/ ampliar)<\/figcaption><\/figure><\/p>\n<p>Em uma decis\u00e3o hist\u00f3rica para a educa\u00e7\u00e3o brasileira, o Supremo Tribunal Federal (STF) decidiu ontem (6) pela manuten\u00e7\u00e3o integral da lei que estabelece o piso salarial dos professores.<\/p>\n<p>Depois de mais de dois anos de indefini\u00e7\u00e3o sobre dois dispositivos do piso, os ministros decidiram rejeitar, por 8 votos a 1, a A\u00e7\u00e3o Direta de Inconstitucionalidade (Adin) 4167 contra o piso, movida pelos governadores de cinco estados (Mato Grosso do Sul, Paran\u00e1, Santa Catarina, Rio Grande do Sul e Cear\u00e1) em 2008.<\/p>\n<p>Promulgada em 16 de julho de 2008, a <a title=\"Link\" href=\"http:\/\/www.planalto.gov.br\/ccivil\/_ato2007-2010\/2008\/lei\/l11738.htm\" target=\"_blank\">Lei 11.738\/2008<\/a> estabelece que nenhum professor da rede p\u00fablica pode receber menos que o piso nacional para uma carga hor\u00e1ria de at\u00e9 40 horas semanais. Pela decis\u00e3o do STF, o piso \u00e9 o sal\u00e1rio base m\u00ednimo a ser pago aos professores. Esse valor pode ser aumentado pelo eventual pagamento de acr\u00e9scimos e benef\u00edcios, j\u00e1 que os ministros do Supremo que votaram a favor da lei argumentaram que o piso n\u00e3o deve ser visto como remunera\u00e7\u00e3o global, mas sim como vencimento b\u00e1sico do cargo.<\/p>\n<p>O deputado federal Vander Loubet (PT-MS) enfatiza a import\u00e2ncia dessa vit\u00f3ria para o magist\u00e9rio nacional e para a educa\u00e7\u00e3o no Pa\u00eds. &#8220;A manuten\u00e7\u00e3o integral do piso, no valor de R$ 1.187,97, valoriza o professor, o educador. Sem d\u00favida, \u00e9 uma vit\u00f3ria da educa\u00e7\u00e3o&#8221;, afirma Vander.<\/p>\n<p><strong>Carga hor\u00e1ria<\/strong><\/p>\n<p>A constitucionalidade do par\u00e1grafo 4\u00ba do artigo 2\u00ba, que determina o cumprimento de no m\u00e1ximo 2\/3 da carga hor\u00e1ria do magist\u00e9rio em atividades de sala de aula, ainda ser\u00e1 analisada pelo STF. Parte dos ministros considerou que h\u00e1 invas\u00e3o da compet\u00eancia legislativa dos entes federativos (estados e munic\u00edpios) e, portanto, viola\u00e7\u00e3o do pacto federativo previsto na Constitui\u00e7\u00e3o Federal. Com isso, n\u00e3o se chegou ao quorum necess\u00e1rio de seis votos para a declara\u00e7\u00e3o de constitucionalidade ou inconstitucionalidade da norma.<\/p>\n<p><span style=\"font-size: 11px;\">(texto: \u00c9der Yanaguita\/Assessoria de Comunica\u00e7\u00e3o &#8211; foto: SCO\/STF)<\/span><\/p>\n","protected":false},"excerpt":{"rendered":"<p>Deputado afirma que manuten\u00e7\u00e3o do piso, no valor de R$ 1.187,97, valoriza o educador. \u00c9 vit\u00f3ria da educa\u00e7\u00e3o.<\/p>\n","protected":false},"author":2,"featured_media":0,"comment_status":"closed","ping_status":"open","sticky":false,"template":"","format":"standard","meta":{"jetpack_post_was_ever_published":false,"_jetpack_newsletter_access":"","_jetpack_dont_email_post_to_subs":false,"_jetpack_newsletter_tier_id":0,"_jetpack_memberships_contains_paywalled_content":false,"_jetpack_memberships_contains_paid_content":false,"footnotes":""},"categories":[10],"tags":[48,358,608,697,807,970,1139,1178,1550,1629,1774,1893,1907,1983,2033],"class_list":{"0":"post-3071","1":"post","2":"type-post","3":"status-publish","4":"format-standard","6":"category-noticias","7":"tag-adin","8":"tag-carga","9":"tag-deputado","10":"tag-educacao","11":"tag-federal","12":"tag-horaria","13":"tag-lei","14":"tag-loubet","15":"tag-piso","16":"tag-professor","17":"tag-salario","18":"tag-stf","19":"tag-supremo","20":"tag-tribunal","21":"tag-vander"},"yoast_head":"<!-- This site is optimized with the Yoast SEO plugin v27.4 - https:\/\/yoast.com\/product\/yoast-seo-wordpress\/ -->\n<title>Vander comemora decis\u00e3o do STF que confirma piso salarial dos professores<\/title>\n<meta name=\"robots\" content=\"index, follow, max-snippet:-1, max-image-preview:large, max-video-preview:-1\" \/>\n<link rel=\"canonical\" href=\"https:\/\/vanderloubet.com.br\/deputado\/vander-comemora-decisao-do-stf-que-confirma-piso-salarial-dos-professores\/\" \/>\n<meta property=\"og:locale\" content=\"pt_BR\" \/>\n<meta property=\"og:type\" content=\"article\" \/>\n<meta property=\"og:title\" content=\"Vander comemora decis\u00e3o do STF que confirma piso salarial dos professores\" \/>\n<meta property=\"og:description\" content=\"Deputado afirma que manuten\u00e7\u00e3o do piso, no valor de R$ 1.187,97, valoriza o educador. \u00c9 vit\u00f3ria da educa\u00e7\u00e3o.\" \/>\n<meta property=\"og:url\" content=\"https:\/\/vanderloubet.com.br\/deputado\/vander-comemora-decisao-do-stf-que-confirma-piso-salarial-dos-professores\/\" \/>\n<meta property=\"og:site_name\" content=\"Deputado Federal Vander Loubet\" \/>\n<meta property=\"article:publisher\" content=\"https:\/\/facebook.com\/deputadovander\" \/>\n<meta property=\"article:published_time\" content=\"2011-04-07T13:31:01+00:00\" \/>\n<meta property=\"og:image\" content=\"http:\/\/www.deputadovander.com.br\/website\/wp-content\/uploads\/2011\/04\/foto-2011-04-07-piso-professor-stf-400x266.jpg\" \/>\n<meta name=\"author\" content=\"\u00c9der\" \/>\n<meta name=\"twitter:card\" content=\"summary_large_image\" \/>\n<meta name=\"twitter:creator\" content=\"@vanderloubet\" \/>\n<meta name=\"twitter:site\" content=\"@vanderloubet\" \/>\n<script type=\"application\/ld+json\" class=\"yoast-schema-graph\">{\"@context\":\"https:\\\/\\\/schema.org\",\"@graph\":[{\"@type\":\"Article\",\"@id\":\"https:\\\/\\\/vanderloubet.com.br\\\/deputado\\\/vander-comemora-decisao-do-stf-que-confirma-piso-salarial-dos-professores\\\/#article\",\"isPartOf\":{\"@id\":\"https:\\\/\\\/vanderloubet.com.br\\\/deputado\\\/vander-comemora-decisao-do-stf-que-confirma-piso-salarial-dos-professores\\\/\"},\"author\":{\"name\":\"\u00c9der\",\"@id\":\"https:\\\/\\\/vanderloubet.com.br\\\/deputado\\\/#\\\/schema\\\/person\\\/15b51bd564532a8a68d9dec1b8eb890e\"},\"headline\":\"Vander comemora decis\u00e3o do STF que confirma piso salarial dos professores\",\"datePublished\":\"2011-04-07T13:31:01+00:00\",\"mainEntityOfPage\":{\"@id\":\"https:\\\/\\\/vanderloubet.com.br\\\/deputado\\\/vander-comemora-decisao-do-stf-que-confirma-piso-salarial-dos-professores\\\/\"},\"wordCount\":361,\"publisher\":{\"@id\":\"https:\\\/\\\/vanderloubet.com.br\\\/deputado\\\/#organization\"},\"image\":{\"@id\":\"https:\\\/\\\/vanderloubet.com.br\\\/deputado\\\/vander-comemora-decisao-do-stf-que-confirma-piso-salarial-dos-professores\\\/#primaryimage\"},\"thumbnailUrl\":\"http:\\\/\\\/www.deputadovander.com.br\\\/website\\\/wp-content\\\/uploads\\\/2011\\\/04\\\/foto-2011-04-07-piso-professor-stf-400x266.jpg\",\"keywords\":[\"adin\",\"carga\",\"deputado\",\"educa\u00e7\u00e3o\",\"federal\",\"hor\u00e1ria\",\"lei\",\"loubet\",\"piso\",\"professor\",\"sal\u00e1rio\",\"stf\",\"supremo\",\"tribunal\",\"vander\"],\"articleSection\":[\"Not\u00edcias\"],\"inLanguage\":\"pt-BR\"},{\"@type\":\"WebPage\",\"@id\":\"https:\\\/\\\/vanderloubet.com.br\\\/deputado\\\/vander-comemora-decisao-do-stf-que-confirma-piso-salarial-dos-professores\\\/\",\"url\":\"https:\\\/\\\/vanderloubet.com.br\\\/deputado\\\/vander-comemora-decisao-do-stf-que-confirma-piso-salarial-dos-professores\\\/\",\"name\":\"Vander comemora decis\u00e3o do STF que confirma piso salarial dos professores\",\"isPartOf\":{\"@id\":\"https:\\\/\\\/vanderloubet.com.br\\\/deputado\\\/#website\"},\"primaryImageOfPage\":{\"@id\":\"https:\\\/\\\/vanderloubet.com.br\\\/deputado\\\/vander-comemora-decisao-do-stf-que-confirma-piso-salarial-dos-professores\\\/#primaryimage\"},\"image\":{\"@id\":\"https:\\\/\\\/vanderloubet.com.br\\\/deputado\\\/vander-comemora-decisao-do-stf-que-confirma-piso-salarial-dos-professores\\\/#primaryimage\"},\"thumbnailUrl\":\"http:\\\/\\\/www.deputadovander.com.br\\\/website\\\/wp-content\\\/uploads\\\/2011\\\/04\\\/foto-2011-04-07-piso-professor-stf-400x266.jpg\",\"datePublished\":\"2011-04-07T13:31:01+00:00\",\"breadcrumb\":{\"@id\":\"https:\\\/\\\/vanderloubet.com.br\\\/deputado\\\/vander-comemora-decisao-do-stf-que-confirma-piso-salarial-dos-professores\\\/#breadcrumb\"},\"inLanguage\":\"pt-BR\",\"potentialAction\":[{\"@type\":\"ReadAction\",\"target\":[\"https:\\\/\\\/vanderloubet.com.br\\\/deputado\\\/vander-comemora-decisao-do-stf-que-confirma-piso-salarial-dos-professores\\\/\"]}]},{\"@type\":\"ImageObject\",\"inLanguage\":\"pt-BR\",\"@id\":\"https:\\\/\\\/vanderloubet.com.br\\\/deputado\\\/vander-comemora-decisao-do-stf-que-confirma-piso-salarial-dos-professores\\\/#primaryimage\",\"url\":\"http:\\\/\\\/www.deputadovander.com.br\\\/website\\\/wp-content\\\/uploads\\\/2011\\\/04\\\/foto-2011-04-07-piso-professor-stf-400x266.jpg\",\"contentUrl\":\"http:\\\/\\\/www.deputadovander.com.br\\\/website\\\/wp-content\\\/uploads\\\/2011\\\/04\\\/foto-2011-04-07-piso-professor-stf-400x266.jpg\"},{\"@type\":\"BreadcrumbList\",\"@id\":\"https:\\\/\\\/vanderloubet.com.br\\\/deputado\\\/vander-comemora-decisao-do-stf-que-confirma-piso-salarial-dos-professores\\\/#breadcrumb\",\"itemListElement\":[{\"@type\":\"ListItem\",\"position\":1,\"name\":\"In\u00edcio\",\"item\":\"https:\\\/\\\/vanderloubet.com.br\\\/deputado\\\/\"},{\"@type\":\"ListItem\",\"position\":2,\"name\":\"Vander comemora decis\u00e3o do STF que confirma piso salarial dos professores\"}]},{\"@type\":\"WebSite\",\"@id\":\"https:\\\/\\\/vanderloubet.com.br\\\/deputado\\\/#website\",\"url\":\"https:\\\/\\\/vanderloubet.com.br\\\/deputado\\\/\",\"name\":\"Deputado Federal Vander Loubet\",\"description\":\"O Federal de MS\",\"publisher\":{\"@id\":\"https:\\\/\\\/vanderloubet.com.br\\\/deputado\\\/#organization\"},\"alternateName\":\"Deputado Vander\",\"potentialAction\":[{\"@type\":\"SearchAction\",\"target\":{\"@type\":\"EntryPoint\",\"urlTemplate\":\"https:\\\/\\\/vanderloubet.com.br\\\/deputado\\\/?s={search_term_string}\"},\"query-input\":{\"@type\":\"PropertyValueSpecification\",\"valueRequired\":true,\"valueName\":\"search_term_string\"}}],\"inLanguage\":\"pt-BR\"},{\"@type\":\"Organization\",\"@id\":\"https:\\\/\\\/vanderloubet.com.br\\\/deputado\\\/#organization\",\"name\":\"Deputado Federal Vander Loubet\",\"alternateName\":\"Deputado Vander\",\"url\":\"https:\\\/\\\/vanderloubet.com.br\\\/deputado\\\/\",\"logo\":{\"@type\":\"ImageObject\",\"inLanguage\":\"pt-BR\",\"@id\":\"https:\\\/\\\/vanderloubet.com.br\\\/deputado\\\/#\\\/schema\\\/logo\\\/image\\\/\",\"url\":\"https:\\\/\\\/vanderloubet.com.br\\\/deputado\\\/wp-content\\\/uploads\\\/2023\\\/06\\\/foto-2023-06-19-mandato-deputado-vander.jpg\",\"contentUrl\":\"https:\\\/\\\/vanderloubet.com.br\\\/deputado\\\/wp-content\\\/uploads\\\/2023\\\/06\\\/foto-2023-06-19-mandato-deputado-vander.jpg\",\"width\":1080,\"height\":1080,\"caption\":\"Deputado Federal Vander Loubet\"},\"image\":{\"@id\":\"https:\\\/\\\/vanderloubet.com.br\\\/deputado\\\/#\\\/schema\\\/logo\\\/image\\\/\"},\"sameAs\":[\"https:\\\/\\\/facebook.com\\\/deputadovander\",\"https:\\\/\\\/x.com\\\/vanderloubet\",\"https:\\\/\\\/instagram.com\\\/vanderloubet\",\"https:\\\/\\\/youtube.com\\\/vanderloubet\",\"https:\\\/\\\/tiktok.com\\\/@vanderloubetms\"]},{\"@type\":\"Person\",\"@id\":\"https:\\\/\\\/vanderloubet.com.br\\\/deputado\\\/#\\\/schema\\\/person\\\/15b51bd564532a8a68d9dec1b8eb890e\",\"name\":\"\u00c9der\",\"image\":{\"@type\":\"ImageObject\",\"inLanguage\":\"pt-BR\",\"@id\":\"https:\\\/\\\/vanderloubet.com.br\\\/deputado\\\/wp-content\\\/litespeed\\\/avatar\\\/88ca4090d9d5ab1c9495f6ca03b68efa.jpg?ver=1777058957\",\"url\":\"https:\\\/\\\/vanderloubet.com.br\\\/deputado\\\/wp-content\\\/litespeed\\\/avatar\\\/88ca4090d9d5ab1c9495f6ca03b68efa.jpg?ver=1777058957\",\"contentUrl\":\"https:\\\/\\\/vanderloubet.com.br\\\/deputado\\\/wp-content\\\/litespeed\\\/avatar\\\/88ca4090d9d5ab1c9495f6ca03b68efa.jpg?ver=1777058957\",\"caption\":\"\u00c9der\"}}]}<\/script>\n<!-- \/ Yoast SEO plugin. -->","yoast_head_json":{"title":"Vander comemora decis\u00e3o do STF que confirma piso salarial dos professores","robots":{"index":"index","follow":"follow","max-snippet":"max-snippet:-1","max-image-preview":"max-image-preview:large","max-video-preview":"max-video-preview:-1"},"canonical":"https:\/\/vanderloubet.com.br\/deputado\/vander-comemora-decisao-do-stf-que-confirma-piso-salarial-dos-professores\/","og_locale":"pt_BR","og_type":"article","og_title":"Vander comemora decis\u00e3o do STF que confirma piso salarial dos professores","og_description":"Deputado afirma que manuten\u00e7\u00e3o do piso, no valor de R$ 1.187,97, valoriza o educador. \u00c9 vit\u00f3ria da educa\u00e7\u00e3o.","og_url":"https:\/\/vanderloubet.com.br\/deputado\/vander-comemora-decisao-do-stf-que-confirma-piso-salarial-dos-professores\/","og_site_name":"Deputado Federal Vander Loubet","article_publisher":"https:\/\/facebook.com\/deputadovander","article_published_time":"2011-04-07T13:31:01+00:00","og_image":[{"url":"http:\/\/www.deputadovander.com.br\/website\/wp-content\/uploads\/2011\/04\/foto-2011-04-07-piso-professor-stf-400x266.jpg","type":"","width":"","height":""}],"author":"\u00c9der","twitter_card":"summary_large_image","twitter_creator":"@vanderloubet","twitter_site":"@vanderloubet","schema":{"@context":"https:\/\/schema.org","@graph":[{"@type":"Article","@id":"https:\/\/vanderloubet.com.br\/deputado\/vander-comemora-decisao-do-stf-que-confirma-piso-salarial-dos-professores\/#article","isPartOf":{"@id":"https:\/\/vanderloubet.com.br\/deputado\/vander-comemora-decisao-do-stf-que-confirma-piso-salarial-dos-professores\/"},"author":{"name":"\u00c9der","@id":"https:\/\/vanderloubet.com.br\/deputado\/#\/schema\/person\/15b51bd564532a8a68d9dec1b8eb890e"},"headline":"Vander comemora decis\u00e3o do STF que confirma piso salarial dos professores","datePublished":"2011-04-07T13:31:01+00:00","mainEntityOfPage":{"@id":"https:\/\/vanderloubet.com.br\/deputado\/vander-comemora-decisao-do-stf-que-confirma-piso-salarial-dos-professores\/"},"wordCount":361,"publisher":{"@id":"https:\/\/vanderloubet.com.br\/deputado\/#organization"},"image":{"@id":"https:\/\/vanderloubet.com.br\/deputado\/vander-comemora-decisao-do-stf-que-confirma-piso-salarial-dos-professores\/#primaryimage"},"thumbnailUrl":"http:\/\/www.deputadovander.com.br\/website\/wp-content\/uploads\/2011\/04\/foto-2011-04-07-piso-professor-stf-400x266.jpg","keywords":["adin","carga","deputado","educa\u00e7\u00e3o","federal","hor\u00e1ria","lei","loubet","piso","professor","sal\u00e1rio","stf","supremo","tribunal","vander"],"articleSection":["Not\u00edcias"],"inLanguage":"pt-BR"},{"@type":"WebPage","@id":"https:\/\/vanderloubet.com.br\/deputado\/vander-comemora-decisao-do-stf-que-confirma-piso-salarial-dos-professores\/","url":"https:\/\/vanderloubet.com.br\/deputado\/vander-comemora-decisao-do-stf-que-confirma-piso-salarial-dos-professores\/","name":"Vander comemora decis\u00e3o do STF que confirma piso salarial dos professores","isPartOf":{"@id":"https:\/\/vanderloubet.com.br\/deputado\/#website"},"primaryImageOfPage":{"@id":"https:\/\/vanderloubet.com.br\/deputado\/vander-comemora-decisao-do-stf-que-confirma-piso-salarial-dos-professores\/#primaryimage"},"image":{"@id":"https:\/\/vanderloubet.com.br\/deputado\/vander-comemora-decisao-do-stf-que-confirma-piso-salarial-dos-professores\/#primaryimage"},"thumbnailUrl":"http:\/\/www.deputadovander.com.br\/website\/wp-content\/uploads\/2011\/04\/foto-2011-04-07-piso-professor-stf-400x266.jpg","datePublished":"2011-04-07T13:31:01+00:00","breadcrumb":{"@id":"https:\/\/vanderloubet.com.br\/deputado\/vander-comemora-decisao-do-stf-que-confirma-piso-salarial-dos-professores\/#breadcrumb"},"inLanguage":"pt-BR","potentialAction":[{"@type":"ReadAction","target":["https:\/\/vanderloubet.com.br\/deputado\/vander-comemora-decisao-do-stf-que-confirma-piso-salarial-dos-professores\/"]}]},{"@type":"ImageObject","inLanguage":"pt-BR","@id":"https:\/\/vanderloubet.com.br\/deputado\/vander-comemora-decisao-do-stf-que-confirma-piso-salarial-dos-professores\/#primaryimage","url":"http:\/\/www.deputadovander.com.br\/website\/wp-content\/uploads\/2011\/04\/foto-2011-04-07-piso-professor-stf-400x266.jpg","contentUrl":"http:\/\/www.deputadovander.com.br\/website\/wp-content\/uploads\/2011\/04\/foto-2011-04-07-piso-professor-stf-400x266.jpg"},{"@type":"BreadcrumbList","@id":"https:\/\/vanderloubet.com.br\/deputado\/vander-comemora-decisao-do-stf-que-confirma-piso-salarial-dos-professores\/#breadcrumb","itemListElement":[{"@type":"ListItem","position":1,"name":"In\u00edcio","item":"https:\/\/vanderloubet.com.br\/deputado\/"},{"@type":"ListItem","position":2,"name":"Vander comemora decis\u00e3o do STF que confirma piso salarial dos professores"}]},{"@type":"WebSite","@id":"https:\/\/vanderloubet.com.br\/deputado\/#website","url":"https:\/\/vanderloubet.com.br\/deputado\/","name":"Deputado Federal Vander Loubet","description":"O Federal de MS","publisher":{"@id":"https:\/\/vanderloubet.com.br\/deputado\/#organization"},"alternateName":"Deputado Vander","potentialAction":[{"@type":"SearchAction","target":{"@type":"EntryPoint","urlTemplate":"https:\/\/vanderloubet.com.br\/deputado\/?s={search_term_string}"},"query-input":{"@type":"PropertyValueSpecification","valueRequired":true,"valueName":"search_term_string"}}],"inLanguage":"pt-BR"},{"@type":"Organization","@id":"https:\/\/vanderloubet.com.br\/deputado\/#organization","name":"Deputado Federal Vander Loubet","alternateName":"Deputado Vander","url":"https:\/\/vanderloubet.com.br\/deputado\/","logo":{"@type":"ImageObject","inLanguage":"pt-BR","@id":"https:\/\/vanderloubet.com.br\/deputado\/#\/schema\/logo\/image\/","url":"https:\/\/vanderloubet.com.br\/deputado\/wp-content\/uploads\/2023\/06\/foto-2023-06-19-mandato-deputado-vander.jpg","contentUrl":"https:\/\/vanderloubet.com.br\/deputado\/wp-content\/uploads\/2023\/06\/foto-2023-06-19-mandato-deputado-vander.jpg","width":1080,"height":1080,"caption":"Deputado Federal Vander Loubet"},"image":{"@id":"https:\/\/vanderloubet.com.br\/deputado\/#\/schema\/logo\/image\/"},"sameAs":["https:\/\/facebook.com\/deputadovander","https:\/\/x.com\/vanderloubet","https:\/\/instagram.com\/vanderloubet","https:\/\/youtube.com\/vanderloubet","https:\/\/tiktok.com\/@vanderloubetms"]},{"@type":"Person","@id":"https:\/\/vanderloubet.com.br\/deputado\/#\/schema\/person\/15b51bd564532a8a68d9dec1b8eb890e","name":"\u00c9der","image":{"@type":"ImageObject","inLanguage":"pt-BR","@id":"https:\/\/vanderloubet.com.br\/deputado\/wp-content\/litespeed\/avatar\/88ca4090d9d5ab1c9495f6ca03b68efa.jpg?ver=1777058957","url":"https:\/\/vanderloubet.com.br\/deputado\/wp-content\/litespeed\/avatar\/88ca4090d9d5ab1c9495f6ca03b68efa.jpg?ver=1777058957","contentUrl":"https:\/\/vanderloubet.com.br\/deputado\/wp-content\/litespeed\/avatar\/88ca4090d9d5ab1c9495f6ca03b68efa.jpg?ver=1777058957","caption":"\u00c9der"}}]}},"jetpack_featured_media_url":"","jetpack_sharing_enabled":true,"_links":{"self":[{"href":"https:\/\/vanderloubet.com.br\/deputado\/wp-json\/wp\/v2\/posts\/3071","targetHints":{"allow":["GET"]}}],"collection":[{"href":"https:\/\/vanderloubet.com.br\/deputado\/wp-json\/wp\/v2\/posts"}],"about":[{"href":"https:\/\/vanderloubet.com.br\/deputado\/wp-json\/wp\/v2\/types\/post"}],"author":[{"embeddable":true,"href":"https:\/\/vanderloubet.com.br\/deputado\/wp-json\/wp\/v2\/users\/2"}],"replies":[{"embeddable":true,"href":"https:\/\/vanderloubet.com.br\/deputado\/wp-json\/wp\/v2\/comments?post=3071"}],"version-history":[{"count":0,"href":"https:\/\/vanderloubet.com.br\/deputado\/wp-json\/wp\/v2\/posts\/3071\/revisions"}],"wp:attachment":[{"href":"https:\/\/vanderloubet.com.br\/deputado\/wp-json\/wp\/v2\/media?parent=3071"}],"wp:term":[{"taxonomy":"category","embeddable":true,"href":"https:\/\/vanderloubet.com.br\/deputado\/wp-json\/wp\/v2\/categories?post=3071"},{"taxonomy":"post_tag","embeddable":true,"href":"https:\/\/vanderloubet.com.br\/deputado\/wp-json\/wp\/v2\/tags?post=3071"}],"curies":[{"name":"wp","href":"https:\/\/api.w.org\/{rel}","templated":true}]}}