{"id":3065,"date":"2011-04-06T13:42:18","date_gmt":"2011-04-06T17:42:18","guid":{"rendered":"http:\/\/www.deputadovander.com.br\/website\/?p=3065"},"modified":"2011-04-06T13:42:18","modified_gmt":"2011-04-06T17:42:18","slug":"vander-apoia-projeto-que-evita-reducao-imediata-de-repasses-federais-aos-municipios","status":"publish","type":"post","link":"https:\/\/vanderloubet.com.br\/deputado\/vander-apoia-projeto-que-evita-reducao-imediata-de-repasses-federais-aos-municipios\/","title":{"rendered":"Vander apoia projeto que evita redu\u00e7\u00e3o imediata de repasses aos munic\u00edpios"},"content":{"rendered":"<p style=\"text-align: center;\"><figure id=\"attachment_3066\" aria-describedby=\"caption-attachment-3066\" style=\"width: 400px\" class=\"wp-caption aligncenter\"><a href=\"http:\/\/www.deputadovander.com.br\/website\/wp-content\/uploads\/2011\/04\/foto-2011-04-06-vander-ziulkoski-fpm.jpg\" target=\"_blank\"><img decoding=\"async\" class=\"size-medium wp-image-3066 \" title=\"foto-2011-04-06-vander-ziulkoski-fpm\" src=\"http:\/\/www.deputadovander.com.br\/website\/wp-content\/uploads\/2011\/04\/foto-2011-04-06-vander-ziulkoski-fpm-400x266.jpg\" alt=\"Vander Loubet e Paulo Ziulkoski\" width=\"400\" height=\"266\" \/><\/a><figcaption id=\"caption-attachment-3066\" class=\"wp-caption-text\">Vander Loubet e Paulo Ziulkoski (clique p\/ ampliar)<\/figcaption><\/figure><\/p>\n<p>O presidente da Confedera\u00e7\u00e3o Nacional dos Munic\u00edpios (CNM), Paulo Ziulkoski, defendeu ontem (5) a aprova\u00e7\u00e3o do <a title=\"Link\" href=\"http:\/\/www.camara.gov.br\/internet\/sileg\/Prop_Detalhe.asp?id=489604\" target=\"_blank\">Projeto de Lei Complementar (PLP) 605\/2010<\/a>, que tramita na C\u00e2mara Federal, que reduz gradualmente os repasses da Uni\u00e3o para as cidades que perderam recursos do Fundo de Participa\u00e7\u00e3o dos Munic\u00edpios (FPM) este ano, em raz\u00e3o de perda de popula\u00e7\u00e3o apurada pelo Censo 2010. Pela legisla\u00e7\u00e3o atual, a redu\u00e7\u00e3o \u00e9 aplicada imediatamente, de uma s\u00f3 vez. Segundo a proposta, a perda total ocorreria em 10 anos, sendo 10% ao ano.<\/p>\n<p>O deputado federal Vander Loubet (PT-MS), sens\u00edvel \u00e0 mat\u00e9ria, tamb\u00e9m se posicionou favor\u00e1vel \u00e0 proposi\u00e7\u00e3o. &#8220;A redu\u00e7\u00e3o gradual ajudaria os munic\u00edpios, pois permitiria um prazo maior para a absor\u00e7\u00e3o das perdas, al\u00e9m de n\u00e3o causar grande preju\u00edzo aos compromissos planejados e firmados&#8221;, afirmou o parlamentar.<\/p>\n<p>O Tribunal de Contas da Uni\u00e3o (TCU) calcula que 175 munic\u00edpios brasileiros estejam nessa situa\u00e7\u00e3o, ou seja, sofreram redu\u00e7\u00e3o da popula\u00e7\u00e3o em 2010, o que gerou a diminui\u00e7\u00e3o do coeficiente usado para calcular o percentual do FPM a receber.<\/p>\n<p>Para Ziulkoski, a redu\u00e7\u00e3o gradual dos valores evita a descontinuidade das pol\u00edticas p\u00fablicas. &#8220;Todas as pol\u00edticas sociais &#8211; a sa\u00fade, a educa\u00e7\u00e3o &#8211; s\u00e3o afetadas por essa perda de arrecada\u00e7\u00e3o. Al\u00e9m disso, a legisla\u00e7\u00e3o atual determina que os munic\u00edpios tenham uma estrutura fixa. \u00c9 preciso que haja tempo para planejamento, para que as prefeituras possam buscar outros tipos de arrecada\u00e7\u00e3o para garantir sua gest\u00e3o&#8221;, argumentou, em audi\u00eancia p\u00fablica da Comiss\u00e3o de Desenvolvimento Urbano da C\u00e2mara.<\/p>\n<p>A proposta, apresentada pelo deputado Luis Carlos Heinze (PP-RS), foi apensada ao PLP 141\/2007, do Senado, que tamb\u00e9m trata dos coeficientes do FPM. A mat\u00e9ria est\u00e1 pronta para ser inclu\u00edda na pauta de vota\u00e7\u00e3o do Plen\u00e1rio. Paulo Ziulkoski afirmou que, na pr\u00f3xima ter\u00e7a-feira (12), cerca de 150 prefeitos ir\u00e3o ao Congresso para pressionar os l\u00edderes partid\u00e1rios em favor da aprova\u00e7\u00e3o do PLP 605\/2010.<\/p>\n<p>O deputado Vander, assim como outros colegas parlamentares, tamb\u00e9m defende que a redu\u00e7\u00e3o gradual dos recursos repassados pelo FPM nos casos de perda populacional seja uma regra permanente. Para tanto, devem ser apresentadas emendas ao pr\u00f3prio PLP 605\/10, durante sua tramita\u00e7\u00e3o na C\u00e2mara. &#8220;\u00c9 uma mudan\u00e7a a ser considerada, pois a cada ano, v\u00e1rios munic\u00edpios mudam de faixa populacional. A fixa\u00e7\u00e3o da regra de redu\u00e7\u00e3o gradual das perdas daria transpar\u00eancia aos repasses e facilitaria a gest\u00e3o dos munic\u00edpios&#8221;, concluiu o petista.<\/p>\n<p><span style=\"font-size: 11px;\">(\u00c9der Yanaguita\/Assessoria de Comunica\u00e7\u00e3o, com informa\u00e7\u00f5es da Ag\u00eancia C\u00e2mara)<\/span><\/p>\n","protected":false},"excerpt":{"rendered":"<p>Pela legisla\u00e7\u00e3o atual, redu\u00e7\u00e3o \u00e9 aplicada imediatamente, de uma s\u00f3 vez. Pela proposta, a perda seria em 10 anos.<\/p>\n","protected":false},"author":2,"featured_media":0,"comment_status":"open","ping_status":"open","sticky":false,"template":"","format":"standard","meta":{"jetpack_post_was_ever_published":false,"_jetpack_newsletter_access":"","_jetpack_dont_email_post_to_subs":false,"_jetpack_newsletter_tier_id":0,"_jetpack_memberships_contains_paywalled_content":false,"_jetpack_memberships_contains_paid_content":false,"footnotes":""},"categories":[10],"tags":[362,406,465,608,807,871,958,1139,1178,1188,1502,1634,1923,2033,2093],"class_list":{"0":"post-3065","1":"post","2":"type-post","3":"status-publish","4":"format-standard","6":"category-noticias","7":"tag-carlos","8":"tag-censo","9":"tag-cnm","10":"tag-deputado","11":"tag-federal","12":"tag-fpm","13":"tag-heinze","14":"tag-lei","15":"tag-loubet","16":"tag-luiz","17":"tag-paulo","18":"tag-projeto","19":"tag-tcu","20":"tag-vander","21":"tag-ziulkoski"},"yoast_head":"<!-- This site is optimized with the Yoast SEO plugin v27.4 - https:\/\/yoast.com\/product\/yoast-seo-wordpress\/ -->\n<title>Vander apoia projeto que evita redu\u00e7\u00e3o imediata de repasses aos munic\u00edpios<\/title>\n<meta name=\"robots\" content=\"index, follow, max-snippet:-1, max-image-preview:large, max-video-preview:-1\" \/>\n<link rel=\"canonical\" href=\"https:\/\/vanderloubet.com.br\/deputado\/vander-apoia-projeto-que-evita-reducao-imediata-de-repasses-federais-aos-municipios\/\" \/>\n<meta property=\"og:locale\" content=\"pt_BR\" \/>\n<meta property=\"og:type\" content=\"article\" \/>\n<meta property=\"og:title\" content=\"Vander apoia projeto que evita redu\u00e7\u00e3o imediata de repasses aos munic\u00edpios\" \/>\n<meta property=\"og:description\" content=\"Pela legisla\u00e7\u00e3o atual, redu\u00e7\u00e3o \u00e9 aplicada imediatamente, de uma s\u00f3 vez. Pela proposta, a perda seria em 10 anos.\" \/>\n<meta property=\"og:url\" content=\"https:\/\/vanderloubet.com.br\/deputado\/vander-apoia-projeto-que-evita-reducao-imediata-de-repasses-federais-aos-municipios\/\" \/>\n<meta property=\"og:site_name\" content=\"Deputado Federal Vander Loubet\" \/>\n<meta property=\"article:publisher\" content=\"https:\/\/facebook.com\/deputadovander\" \/>\n<meta property=\"article:published_time\" content=\"2011-04-06T17:42:18+00:00\" \/>\n<meta property=\"og:image\" content=\"http:\/\/www.deputadovander.com.br\/website\/wp-content\/uploads\/2011\/04\/foto-2011-04-06-vander-ziulkoski-fpm-400x266.jpg\" \/>\n<meta name=\"author\" content=\"\u00c9der\" \/>\n<meta name=\"twitter:card\" content=\"summary_large_image\" \/>\n<meta name=\"twitter:creator\" content=\"@vanderloubet\" \/>\n<meta name=\"twitter:site\" content=\"@vanderloubet\" \/>\n<script type=\"application\/ld+json\" class=\"yoast-schema-graph\">{\"@context\":\"https:\\\/\\\/schema.org\",\"@graph\":[{\"@type\":\"Article\",\"@id\":\"https:\\\/\\\/vanderloubet.com.br\\\/deputado\\\/vander-apoia-projeto-que-evita-reducao-imediata-de-repasses-federais-aos-municipios\\\/#article\",\"isPartOf\":{\"@id\":\"https:\\\/\\\/vanderloubet.com.br\\\/deputado\\\/vander-apoia-projeto-que-evita-reducao-imediata-de-repasses-federais-aos-municipios\\\/\"},\"author\":{\"name\":\"\u00c9der\",\"@id\":\"https:\\\/\\\/vanderloubet.com.br\\\/deputado\\\/#\\\/schema\\\/person\\\/15b51bd564532a8a68d9dec1b8eb890e\"},\"headline\":\"Vander apoia projeto que evita redu\u00e7\u00e3o imediata de repasses aos munic\u00edpios\",\"datePublished\":\"2011-04-06T17:42:18+00:00\",\"mainEntityOfPage\":{\"@id\":\"https:\\\/\\\/vanderloubet.com.br\\\/deputado\\\/vander-apoia-projeto-que-evita-reducao-imediata-de-repasses-federais-aos-municipios\\\/\"},\"wordCount\":483,\"commentCount\":0,\"publisher\":{\"@id\":\"https:\\\/\\\/vanderloubet.com.br\\\/deputado\\\/#organization\"},\"image\":{\"@id\":\"https:\\\/\\\/vanderloubet.com.br\\\/deputado\\\/vander-apoia-projeto-que-evita-reducao-imediata-de-repasses-federais-aos-municipios\\\/#primaryimage\"},\"thumbnailUrl\":\"http:\\\/\\\/www.deputadovander.com.br\\\/website\\\/wp-content\\\/uploads\\\/2011\\\/04\\\/foto-2011-04-06-vander-ziulkoski-fpm-400x266.jpg\",\"keywords\":[\"carlos\",\"censo\",\"cnm\",\"deputado\",\"federal\",\"fpm\",\"heinze\",\"lei\",\"loubet\",\"luiz\",\"paulo\",\"projeto\",\"tcu\",\"vander\",\"ziulkoski\"],\"articleSection\":[\"Not\u00edcias\"],\"inLanguage\":\"pt-BR\",\"potentialAction\":[{\"@type\":\"CommentAction\",\"name\":\"Comment\",\"target\":[\"https:\\\/\\\/vanderloubet.com.br\\\/deputado\\\/vander-apoia-projeto-que-evita-reducao-imediata-de-repasses-federais-aos-municipios\\\/#respond\"]}]},{\"@type\":\"WebPage\",\"@id\":\"https:\\\/\\\/vanderloubet.com.br\\\/deputado\\\/vander-apoia-projeto-que-evita-reducao-imediata-de-repasses-federais-aos-municipios\\\/\",\"url\":\"https:\\\/\\\/vanderloubet.com.br\\\/deputado\\\/vander-apoia-projeto-que-evita-reducao-imediata-de-repasses-federais-aos-municipios\\\/\",\"name\":\"Vander apoia projeto que evita redu\u00e7\u00e3o imediata de repasses aos munic\u00edpios\",\"isPartOf\":{\"@id\":\"https:\\\/\\\/vanderloubet.com.br\\\/deputado\\\/#website\"},\"primaryImageOfPage\":{\"@id\":\"https:\\\/\\\/vanderloubet.com.br\\\/deputado\\\/vander-apoia-projeto-que-evita-reducao-imediata-de-repasses-federais-aos-municipios\\\/#primaryimage\"},\"image\":{\"@id\":\"https:\\\/\\\/vanderloubet.com.br\\\/deputado\\\/vander-apoia-projeto-que-evita-reducao-imediata-de-repasses-federais-aos-municipios\\\/#primaryimage\"},\"thumbnailUrl\":\"http:\\\/\\\/www.deputadovander.com.br\\\/website\\\/wp-content\\\/uploads\\\/2011\\\/04\\\/foto-2011-04-06-vander-ziulkoski-fpm-400x266.jpg\",\"datePublished\":\"2011-04-06T17:42:18+00:00\",\"breadcrumb\":{\"@id\":\"https:\\\/\\\/vanderloubet.com.br\\\/deputado\\\/vander-apoia-projeto-que-evita-reducao-imediata-de-repasses-federais-aos-municipios\\\/#breadcrumb\"},\"inLanguage\":\"pt-BR\",\"potentialAction\":[{\"@type\":\"ReadAction\",\"target\":[\"https:\\\/\\\/vanderloubet.com.br\\\/deputado\\\/vander-apoia-projeto-que-evita-reducao-imediata-de-repasses-federais-aos-municipios\\\/\"]}]},{\"@type\":\"ImageObject\",\"inLanguage\":\"pt-BR\",\"@id\":\"https:\\\/\\\/vanderloubet.com.br\\\/deputado\\\/vander-apoia-projeto-que-evita-reducao-imediata-de-repasses-federais-aos-municipios\\\/#primaryimage\",\"url\":\"http:\\\/\\\/www.deputadovander.com.br\\\/website\\\/wp-content\\\/uploads\\\/2011\\\/04\\\/foto-2011-04-06-vander-ziulkoski-fpm-400x266.jpg\",\"contentUrl\":\"http:\\\/\\\/www.deputadovander.com.br\\\/website\\\/wp-content\\\/uploads\\\/2011\\\/04\\\/foto-2011-04-06-vander-ziulkoski-fpm-400x266.jpg\"},{\"@type\":\"BreadcrumbList\",\"@id\":\"https:\\\/\\\/vanderloubet.com.br\\\/deputado\\\/vander-apoia-projeto-que-evita-reducao-imediata-de-repasses-federais-aos-municipios\\\/#breadcrumb\",\"itemListElement\":[{\"@type\":\"ListItem\",\"position\":1,\"name\":\"In\u00edcio\",\"item\":\"https:\\\/\\\/vanderloubet.com.br\\\/deputado\\\/\"},{\"@type\":\"ListItem\",\"position\":2,\"name\":\"Vander apoia projeto que evita redu\u00e7\u00e3o imediata de repasses aos munic\u00edpios\"}]},{\"@type\":\"WebSite\",\"@id\":\"https:\\\/\\\/vanderloubet.com.br\\\/deputado\\\/#website\",\"url\":\"https:\\\/\\\/vanderloubet.com.br\\\/deputado\\\/\",\"name\":\"Deputado Federal Vander Loubet\",\"description\":\"O Federal de MS\",\"publisher\":{\"@id\":\"https:\\\/\\\/vanderloubet.com.br\\\/deputado\\\/#organization\"},\"alternateName\":\"Deputado Vander\",\"potentialAction\":[{\"@type\":\"SearchAction\",\"target\":{\"@type\":\"EntryPoint\",\"urlTemplate\":\"https:\\\/\\\/vanderloubet.com.br\\\/deputado\\\/?s={search_term_string}\"},\"query-input\":{\"@type\":\"PropertyValueSpecification\",\"valueRequired\":true,\"valueName\":\"search_term_string\"}}],\"inLanguage\":\"pt-BR\"},{\"@type\":\"Organization\",\"@id\":\"https:\\\/\\\/vanderloubet.com.br\\\/deputado\\\/#organization\",\"name\":\"Deputado Federal Vander Loubet\",\"alternateName\":\"Deputado Vander\",\"url\":\"https:\\\/\\\/vanderloubet.com.br\\\/deputado\\\/\",\"logo\":{\"@type\":\"ImageObject\",\"inLanguage\":\"pt-BR\",\"@id\":\"https:\\\/\\\/vanderloubet.com.br\\\/deputado\\\/#\\\/schema\\\/logo\\\/image\\\/\",\"url\":\"https:\\\/\\\/vanderloubet.com.br\\\/deputado\\\/wp-content\\\/uploads\\\/2023\\\/06\\\/foto-2023-06-19-mandato-deputado-vander.jpg\",\"contentUrl\":\"https:\\\/\\\/vanderloubet.com.br\\\/deputado\\\/wp-content\\\/uploads\\\/2023\\\/06\\\/foto-2023-06-19-mandato-deputado-vander.jpg\",\"width\":1080,\"height\":1080,\"caption\":\"Deputado Federal Vander Loubet\"},\"image\":{\"@id\":\"https:\\\/\\\/vanderloubet.com.br\\\/deputado\\\/#\\\/schema\\\/logo\\\/image\\\/\"},\"sameAs\":[\"https:\\\/\\\/facebook.com\\\/deputadovander\",\"https:\\\/\\\/x.com\\\/vanderloubet\",\"https:\\\/\\\/instagram.com\\\/vanderloubet\",\"https:\\\/\\\/youtube.com\\\/vanderloubet\",\"https:\\\/\\\/tiktok.com\\\/@vanderloubetms\"]},{\"@type\":\"Person\",\"@id\":\"https:\\\/\\\/vanderloubet.com.br\\\/deputado\\\/#\\\/schema\\\/person\\\/15b51bd564532a8a68d9dec1b8eb890e\",\"name\":\"\u00c9der\",\"image\":{\"@type\":\"ImageObject\",\"inLanguage\":\"pt-BR\",\"@id\":\"https:\\\/\\\/vanderloubet.com.br\\\/deputado\\\/wp-content\\\/litespeed\\\/avatar\\\/88ca4090d9d5ab1c9495f6ca03b68efa.jpg?ver=1777058957\",\"url\":\"https:\\\/\\\/vanderloubet.com.br\\\/deputado\\\/wp-content\\\/litespeed\\\/avatar\\\/88ca4090d9d5ab1c9495f6ca03b68efa.jpg?ver=1777058957\",\"contentUrl\":\"https:\\\/\\\/vanderloubet.com.br\\\/deputado\\\/wp-content\\\/litespeed\\\/avatar\\\/88ca4090d9d5ab1c9495f6ca03b68efa.jpg?ver=1777058957\",\"caption\":\"\u00c9der\"}}]}<\/script>\n<!-- \/ Yoast SEO plugin. -->","yoast_head_json":{"title":"Vander apoia projeto que evita redu\u00e7\u00e3o imediata de repasses aos munic\u00edpios","robots":{"index":"index","follow":"follow","max-snippet":"max-snippet:-1","max-image-preview":"max-image-preview:large","max-video-preview":"max-video-preview:-1"},"canonical":"https:\/\/vanderloubet.com.br\/deputado\/vander-apoia-projeto-que-evita-reducao-imediata-de-repasses-federais-aos-municipios\/","og_locale":"pt_BR","og_type":"article","og_title":"Vander apoia projeto que evita redu\u00e7\u00e3o imediata de repasses aos munic\u00edpios","og_description":"Pela legisla\u00e7\u00e3o atual, redu\u00e7\u00e3o \u00e9 aplicada imediatamente, de uma s\u00f3 vez. Pela proposta, a perda seria em 10 anos.","og_url":"https:\/\/vanderloubet.com.br\/deputado\/vander-apoia-projeto-que-evita-reducao-imediata-de-repasses-federais-aos-municipios\/","og_site_name":"Deputado Federal Vander Loubet","article_publisher":"https:\/\/facebook.com\/deputadovander","article_published_time":"2011-04-06T17:42:18+00:00","og_image":[{"url":"http:\/\/www.deputadovander.com.br\/website\/wp-content\/uploads\/2011\/04\/foto-2011-04-06-vander-ziulkoski-fpm-400x266.jpg","type":"","width":"","height":""}],"author":"\u00c9der","twitter_card":"summary_large_image","twitter_creator":"@vanderloubet","twitter_site":"@vanderloubet","schema":{"@context":"https:\/\/schema.org","@graph":[{"@type":"Article","@id":"https:\/\/vanderloubet.com.br\/deputado\/vander-apoia-projeto-que-evita-reducao-imediata-de-repasses-federais-aos-municipios\/#article","isPartOf":{"@id":"https:\/\/vanderloubet.com.br\/deputado\/vander-apoia-projeto-que-evita-reducao-imediata-de-repasses-federais-aos-municipios\/"},"author":{"name":"\u00c9der","@id":"https:\/\/vanderloubet.com.br\/deputado\/#\/schema\/person\/15b51bd564532a8a68d9dec1b8eb890e"},"headline":"Vander apoia projeto que evita redu\u00e7\u00e3o imediata de repasses aos munic\u00edpios","datePublished":"2011-04-06T17:42:18+00:00","mainEntityOfPage":{"@id":"https:\/\/vanderloubet.com.br\/deputado\/vander-apoia-projeto-que-evita-reducao-imediata-de-repasses-federais-aos-municipios\/"},"wordCount":483,"commentCount":0,"publisher":{"@id":"https:\/\/vanderloubet.com.br\/deputado\/#organization"},"image":{"@id":"https:\/\/vanderloubet.com.br\/deputado\/vander-apoia-projeto-que-evita-reducao-imediata-de-repasses-federais-aos-municipios\/#primaryimage"},"thumbnailUrl":"http:\/\/www.deputadovander.com.br\/website\/wp-content\/uploads\/2011\/04\/foto-2011-04-06-vander-ziulkoski-fpm-400x266.jpg","keywords":["carlos","censo","cnm","deputado","federal","fpm","heinze","lei","loubet","luiz","paulo","projeto","tcu","vander","ziulkoski"],"articleSection":["Not\u00edcias"],"inLanguage":"pt-BR","potentialAction":[{"@type":"CommentAction","name":"Comment","target":["https:\/\/vanderloubet.com.br\/deputado\/vander-apoia-projeto-que-evita-reducao-imediata-de-repasses-federais-aos-municipios\/#respond"]}]},{"@type":"WebPage","@id":"https:\/\/vanderloubet.com.br\/deputado\/vander-apoia-projeto-que-evita-reducao-imediata-de-repasses-federais-aos-municipios\/","url":"https:\/\/vanderloubet.com.br\/deputado\/vander-apoia-projeto-que-evita-reducao-imediata-de-repasses-federais-aos-municipios\/","name":"Vander apoia projeto que evita redu\u00e7\u00e3o imediata de repasses aos munic\u00edpios","isPartOf":{"@id":"https:\/\/vanderloubet.com.br\/deputado\/#website"},"primaryImageOfPage":{"@id":"https:\/\/vanderloubet.com.br\/deputado\/vander-apoia-projeto-que-evita-reducao-imediata-de-repasses-federais-aos-municipios\/#primaryimage"},"image":{"@id":"https:\/\/vanderloubet.com.br\/deputado\/vander-apoia-projeto-que-evita-reducao-imediata-de-repasses-federais-aos-municipios\/#primaryimage"},"thumbnailUrl":"http:\/\/www.deputadovander.com.br\/website\/wp-content\/uploads\/2011\/04\/foto-2011-04-06-vander-ziulkoski-fpm-400x266.jpg","datePublished":"2011-04-06T17:42:18+00:00","breadcrumb":{"@id":"https:\/\/vanderloubet.com.br\/deputado\/vander-apoia-projeto-que-evita-reducao-imediata-de-repasses-federais-aos-municipios\/#breadcrumb"},"inLanguage":"pt-BR","potentialAction":[{"@type":"ReadAction","target":["https:\/\/vanderloubet.com.br\/deputado\/vander-apoia-projeto-que-evita-reducao-imediata-de-repasses-federais-aos-municipios\/"]}]},{"@type":"ImageObject","inLanguage":"pt-BR","@id":"https:\/\/vanderloubet.com.br\/deputado\/vander-apoia-projeto-que-evita-reducao-imediata-de-repasses-federais-aos-municipios\/#primaryimage","url":"http:\/\/www.deputadovander.com.br\/website\/wp-content\/uploads\/2011\/04\/foto-2011-04-06-vander-ziulkoski-fpm-400x266.jpg","contentUrl":"http:\/\/www.deputadovander.com.br\/website\/wp-content\/uploads\/2011\/04\/foto-2011-04-06-vander-ziulkoski-fpm-400x266.jpg"},{"@type":"BreadcrumbList","@id":"https:\/\/vanderloubet.com.br\/deputado\/vander-apoia-projeto-que-evita-reducao-imediata-de-repasses-federais-aos-municipios\/#breadcrumb","itemListElement":[{"@type":"ListItem","position":1,"name":"In\u00edcio","item":"https:\/\/vanderloubet.com.br\/deputado\/"},{"@type":"ListItem","position":2,"name":"Vander apoia projeto que evita redu\u00e7\u00e3o imediata de repasses aos munic\u00edpios"}]},{"@type":"WebSite","@id":"https:\/\/vanderloubet.com.br\/deputado\/#website","url":"https:\/\/vanderloubet.com.br\/deputado\/","name":"Deputado Federal Vander Loubet","description":"O Federal de MS","publisher":{"@id":"https:\/\/vanderloubet.com.br\/deputado\/#organization"},"alternateName":"Deputado Vander","potentialAction":[{"@type":"SearchAction","target":{"@type":"EntryPoint","urlTemplate":"https:\/\/vanderloubet.com.br\/deputado\/?s={search_term_string}"},"query-input":{"@type":"PropertyValueSpecification","valueRequired":true,"valueName":"search_term_string"}}],"inLanguage":"pt-BR"},{"@type":"Organization","@id":"https:\/\/vanderloubet.com.br\/deputado\/#organization","name":"Deputado Federal Vander Loubet","alternateName":"Deputado Vander","url":"https:\/\/vanderloubet.com.br\/deputado\/","logo":{"@type":"ImageObject","inLanguage":"pt-BR","@id":"https:\/\/vanderloubet.com.br\/deputado\/#\/schema\/logo\/image\/","url":"https:\/\/vanderloubet.com.br\/deputado\/wp-content\/uploads\/2023\/06\/foto-2023-06-19-mandato-deputado-vander.jpg","contentUrl":"https:\/\/vanderloubet.com.br\/deputado\/wp-content\/uploads\/2023\/06\/foto-2023-06-19-mandato-deputado-vander.jpg","width":1080,"height":1080,"caption":"Deputado Federal Vander Loubet"},"image":{"@id":"https:\/\/vanderloubet.com.br\/deputado\/#\/schema\/logo\/image\/"},"sameAs":["https:\/\/facebook.com\/deputadovander","https:\/\/x.com\/vanderloubet","https:\/\/instagram.com\/vanderloubet","https:\/\/youtube.com\/vanderloubet","https:\/\/tiktok.com\/@vanderloubetms"]},{"@type":"Person","@id":"https:\/\/vanderloubet.com.br\/deputado\/#\/schema\/person\/15b51bd564532a8a68d9dec1b8eb890e","name":"\u00c9der","image":{"@type":"ImageObject","inLanguage":"pt-BR","@id":"https:\/\/vanderloubet.com.br\/deputado\/wp-content\/litespeed\/avatar\/88ca4090d9d5ab1c9495f6ca03b68efa.jpg?ver=1777058957","url":"https:\/\/vanderloubet.com.br\/deputado\/wp-content\/litespeed\/avatar\/88ca4090d9d5ab1c9495f6ca03b68efa.jpg?ver=1777058957","contentUrl":"https:\/\/vanderloubet.com.br\/deputado\/wp-content\/litespeed\/avatar\/88ca4090d9d5ab1c9495f6ca03b68efa.jpg?ver=1777058957","caption":"\u00c9der"}}]}},"jetpack_featured_media_url":"","jetpack_sharing_enabled":true,"_links":{"self":[{"href":"https:\/\/vanderloubet.com.br\/deputado\/wp-json\/wp\/v2\/posts\/3065","targetHints":{"allow":["GET"]}}],"collection":[{"href":"https:\/\/vanderloubet.com.br\/deputado\/wp-json\/wp\/v2\/posts"}],"about":[{"href":"https:\/\/vanderloubet.com.br\/deputado\/wp-json\/wp\/v2\/types\/post"}],"author":[{"embeddable":true,"href":"https:\/\/vanderloubet.com.br\/deputado\/wp-json\/wp\/v2\/users\/2"}],"replies":[{"embeddable":true,"href":"https:\/\/vanderloubet.com.br\/deputado\/wp-json\/wp\/v2\/comments?post=3065"}],"version-history":[{"count":0,"href":"https:\/\/vanderloubet.com.br\/deputado\/wp-json\/wp\/v2\/posts\/3065\/revisions"}],"wp:attachment":[{"href":"https:\/\/vanderloubet.com.br\/deputado\/wp-json\/wp\/v2\/media?parent=3065"}],"wp:term":[{"taxonomy":"category","embeddable":true,"href":"https:\/\/vanderloubet.com.br\/deputado\/wp-json\/wp\/v2\/categories?post=3065"},{"taxonomy":"post_tag","embeddable":true,"href":"https:\/\/vanderloubet.com.br\/deputado\/wp-json\/wp\/v2\/tags?post=3065"}],"curies":[{"name":"wp","href":"https:\/\/api.w.org\/{rel}","templated":true}]}}