{"id":3051,"date":"2011-04-02T15:31:32","date_gmt":"2011-04-02T19:31:32","guid":{"rendered":"http:\/\/www.deputadovander.com.br\/website\/?p=3051"},"modified":"2011-04-02T15:31:32","modified_gmt":"2011-04-02T19:31:32","slug":"gestao-transparente-e-desenvolvimento-de-campo-grande","status":"publish","type":"post","link":"https:\/\/vanderloubet.com.br\/deputado\/gestao-transparente-e-desenvolvimento-de-campo-grande\/","title":{"rendered":"Gest\u00e3o transparente e desenvolvimento de Campo Grande"},"content":{"rendered":"<p><em>Vander Loubet*<\/em><\/p>\n<p>Muitos ve\u00edculos de imprensa repercutiram recentemente os resultados da pesquisa** &#8220;Transpar\u00eancia or\u00e7ament\u00e1ria nas capitais brasileiras&#8221;, feito pelo Instituto de Estudos Socioecon\u00f4micos (Inesc), no qual Campo Grande figura atr\u00e1s de 18 outras capitais no ranking de transpar\u00eancia na gest\u00e3o p\u00fablica.<\/p>\n<p>Na grande maioria dos itens avaliados, nossa cidade obteve nota &#8220;zero&#8221;, tendo posi\u00e7\u00f5es inferiores \u00e0s de capitais como Manaus (AM), Rio Branco (AC), Porto Velho (RO), Cuiab\u00e1 (MT), Palmas (TO) e Vit\u00f3ria (ES). Estas, por raz\u00f5es hist\u00f3ricas (ocupa\u00e7\u00e3o e desenvolvimento) ou geogr\u00e1ficas (mais distantes dos grandes centros), n\u00e3o deveriam estar \u00e0 frente de Campo Grande nos quesitos apurados, mas foram impulsionadas pelo m\u00e9rito de seus administradores municipais.<\/p>\n<p style=\"text-align: center;\"><figure id=\"attachment_2850\" aria-describedby=\"caption-attachment-2850\" style=\"width: 400px\" class=\"wp-caption aligncenter\"><a href=\"http:\/\/www.deputadovander.com.br\/website\/wp-content\/uploads\/2011\/02\/foto-2011-02-10-campo-grande.jpg\" target=\"_blank\"><img decoding=\"async\" class=\"size-medium wp-image-2850 \" title=\"foto-2011-02-10-campo-grande\" src=\"http:\/\/www.deputadovander.com.br\/website\/wp-content\/uploads\/2011\/02\/foto-2011-02-10-campo-grande-400x266.jpg\" alt=\"Campo Grande: falta transpar\u00eancia na gest\u00e3o\" width=\"400\" height=\"266\" \/><\/a><figcaption id=\"caption-attachment-2850\" class=\"wp-caption-text\">Campo Grande: falta transpar\u00eancia na gest\u00e3o<\/figcaption><\/figure><\/p>\n<p>Um dos recursos apontados pelo estudo do Inesc para monitorar a gest\u00e3o p\u00fablica contempor\u00e2nea \u00e9 a tecnologia da informa\u00e7\u00e3o. Assim, os par\u00e2metros de avalia\u00e7\u00e3o n\u00e3o se resumem apenas \u00e0s obriga\u00e7\u00f5es formais de divulga\u00e7\u00e3o e \u00e0 aprova\u00e7\u00e3o de relat\u00f3rios cont\u00e1beis \u00f3rg\u00e3os competentes. Com o uso da internet, todos os gastos, receitas, contratos, empenhos e similares podem e devem ser facilmente identificados, comparados e analisados.<\/p>\n<p>Nesse contexto, uma cidade que se destaca \u00e9 Curitiba, primeira colocada na pesquisa do Inesc. A capital paranaense criou um site pr\u00f3prio para o acompanhamento da administra\u00e7\u00e3o p\u00fablica. Acessar a p\u00e1gina Curitiba Aberta (<a title=\"Link\" href=\"http:\/\/www.curitibaaberta.curitiba.pr.gov.br\" target=\"_blank\">www.curitibaaberta.curitiba.pr.gov.br<\/a>) \u00e9 uma incurs\u00e3o que vale a pena para quem quiser constatar como as coisas podem ser feitas com transpar\u00eancia, simplicidade e objetividade.<\/p>\n<p>No entanto, quem fizer uma visita ao site da Prefeitura de Campo Grande (<a title=\"Link\" href=\"http:\/\/www.capital.ms.gov.br\" target=\"_blank\">www.capital.ms.gov.br<\/a>) observar\u00e1 que os recursos est\u00e3o, de modo geral, restritos a mecanismos digitais de cobran\u00e7a de impostos (IPTU e ISS). N\u00e3o se d\u00e1 iguais intensidade e propor\u00e7\u00e3o a essas ferramentas para divulga\u00e7\u00e3o e detalhamento dos gastos ou na escolha das prioridades.<\/p>\n<p>Entendo que a transpar\u00eancia na gest\u00e3o p\u00fablica faz-se necess\u00e1ria por algumas raz\u00f5es, duas delas determinantes. A primeira \u00e9 permitir ao cidad\u00e3o &#8211; que paga seus impostos e gera os recursos para a cidade funcionar &#8211; acompanhar a demanda or\u00e7ament\u00e1ria dos cofres p\u00fablicos, desde a escolha de prioridades de investimentos at\u00e9 a aplica\u00e7\u00e3o efetiva e zelosa dos recursos.<\/p>\n<p>A segunda raz\u00e3o \u00e9 para que a popula\u00e7\u00e3o tenha meios de participar e identificar os porqu\u00eas das a\u00e7\u00f5es p\u00fablicas. Transpar\u00eancia \u00e9 garantir que a sociedade saiba quais os seus rumos, sua dire\u00e7\u00e3o, suas prioridades &#8211; e estar junto com o poder p\u00fablico para decidir. Em sociedades modernas, ter informa\u00e7\u00f5es sobre as decis\u00f5es que a envolvem constitui ferramenta essencial para sua evolu\u00e7\u00e3o.<\/p>\n<p>Os dados da pesquisa Inesc s\u00e3o indicadores abalizados e denunciam: a cidade que tanto admiramos parece ter parado no tempo no que diz respeito a itens essenciais. E essa estagna\u00e7\u00e3o est\u00e1 refletida nos grandes problemas que assolam a Capital ultimamente: inunda\u00e7\u00f5es, buracos nas ruas, crises sucessivas e aparentemente insol\u00faveis na Santa Casa e no sistema de sa\u00fade, obras malfeitas e refeitas &#8211; como as do c\u00f3rrego Prosa, na Av. Ricardo Brand\u00e3o (que passa por mais uma reconstru\u00e7\u00e3o) e do rio Anhanduizinho, na Av. Ernesto Geisel (que aguarda solu\u00e7\u00e3o h\u00e1 anos).<\/p>\n<p>O que se v\u00ea n\u00e3o s\u00e3o problemas ocasionados somente pelo excesso de chuvas ou fatalidades naturais. A realidade, incontest\u00e1vel, \u00e9 que a cidade vem sendo governada do mesmo jeito h\u00e1 d\u00e9cadas, como se Campo Grande ainda abrigasse os mesmos 500 mil habitantes de 20 anos atr\u00e1s e n\u00e3o os mais de 800 mil de hoje. A cidade cresce e avan\u00e7a na consci\u00eancia da modernidade apenas pelo protagonismo de empres\u00e1rios e trabalhadores.<\/p>\n<p>Transpar\u00eancia e descentraliza\u00e7\u00e3o s\u00e3o condi\u00e7\u00f5es de excel\u00eancia na democracia administrativa e ferramentas de desenvolvimento de um munic\u00edpio, estado ou pa\u00eds. Lamentavelmente, alheia a esses imperativos, a gest\u00e3o do prefeito Nelson Trad Filho limita-se a arrecadar cada vez mais e a gastar de forma ineficiente os suados recursos gerados pelos impostos pagos pela popula\u00e7\u00e3o.<\/p>\n<p><em>*Deputado federal (PT-MS)<\/em><br \/>\n<em>**<a title=\"Link\" href=\"http:\/\/www.inesc.org.br\/biblioteca\/textos\/Transparencia Orcamentaria - Original\" target=\"_blank\">www.inesc.org.br\/biblioteca\/textos\/Transparencia Orcamentaria &#8211; Original<\/a><\/em><\/p>\n","protected":false},"excerpt":{"rendered":"<p>Neste artigo, Vander analisa pesquisa na qual Campo Grande ficou atr\u00e1s de 18 capitais no ranking de transpar\u00eancia na gest\u00e3o.<\/p>\n","protected":false},"author":2,"featured_media":0,"comment_status":"closed","ping_status":"open","sticky":false,"template":"","format":"standard","meta":{"jetpack_post_was_ever_published":false,"_jetpack_newsletter_access":"","_jetpack_dont_email_post_to_subs":false,"_jetpack_newsletter_tier_id":0,"_jetpack_memberships_contains_paywalled_content":false,"_jetpack_memberships_contains_paid_content":false,"footnotes":""},"categories":[11],"tags":[341,608,807,842,914,936,1025,1178,1375,1538,1607,1655,1658,1965,1971,2033],"class_list":{"0":"post-3051","1":"post","2":"type-post","3":"status-publish","4":"format-standard","6":"category-opinioes","7":"tag-campo","8":"tag-deputado","9":"tag-federal","10":"tag-filho","11":"tag-gestao","12":"tag-grande","13":"tag-inesc","14":"tag-loubet","15":"tag-nelson","16":"tag-pesquisa","17":"tag-prefeito","18":"tag-pt","19":"tag-publica","20":"tag-trad","21":"tag-transparencia","22":"tag-vander"},"yoast_head":"<!-- This site is optimized with the Yoast SEO plugin v27.4 - https:\/\/yoast.com\/product\/yoast-seo-wordpress\/ -->\n<title>Gest\u00e3o transparente e desenvolvimento de Campo Grande<\/title>\n<meta name=\"robots\" content=\"index, follow, max-snippet:-1, max-image-preview:large, max-video-preview:-1\" \/>\n<link rel=\"canonical\" href=\"https:\/\/vanderloubet.com.br\/deputado\/gestao-transparente-e-desenvolvimento-de-campo-grande\/\" \/>\n<meta property=\"og:locale\" content=\"pt_BR\" \/>\n<meta property=\"og:type\" content=\"article\" \/>\n<meta property=\"og:title\" content=\"Gest\u00e3o transparente e desenvolvimento de Campo Grande\" \/>\n<meta property=\"og:description\" content=\"Neste artigo, Vander analisa pesquisa na qual Campo Grande ficou atr\u00e1s de 18 capitais no ranking de transpar\u00eancia na gest\u00e3o.\" \/>\n<meta property=\"og:url\" content=\"https:\/\/vanderloubet.com.br\/deputado\/gestao-transparente-e-desenvolvimento-de-campo-grande\/\" \/>\n<meta property=\"og:site_name\" content=\"Deputado Federal Vander Loubet\" \/>\n<meta property=\"article:publisher\" content=\"https:\/\/facebook.com\/deputadovander\" \/>\n<meta property=\"article:published_time\" content=\"2011-04-02T19:31:32+00:00\" \/>\n<meta property=\"og:image\" content=\"http:\/\/www.deputadovander.com.br\/website\/wp-content\/uploads\/2011\/02\/foto-2011-02-10-campo-grande-400x266.jpg\" \/>\n<meta name=\"author\" content=\"\u00c9der\" \/>\n<meta name=\"twitter:card\" content=\"summary_large_image\" \/>\n<meta name=\"twitter:creator\" content=\"@vanderloubet\" \/>\n<meta name=\"twitter:site\" content=\"@vanderloubet\" \/>\n<script type=\"application\/ld+json\" class=\"yoast-schema-graph\">{\"@context\":\"https:\\\/\\\/schema.org\",\"@graph\":[{\"@type\":\"Article\",\"@id\":\"https:\\\/\\\/vanderloubet.com.br\\\/deputado\\\/gestao-transparente-e-desenvolvimento-de-campo-grande\\\/#article\",\"isPartOf\":{\"@id\":\"https:\\\/\\\/vanderloubet.com.br\\\/deputado\\\/gestao-transparente-e-desenvolvimento-de-campo-grande\\\/\"},\"author\":{\"name\":\"\u00c9der\",\"@id\":\"https:\\\/\\\/vanderloubet.com.br\\\/deputado\\\/#\\\/schema\\\/person\\\/15b51bd564532a8a68d9dec1b8eb890e\"},\"headline\":\"Gest\u00e3o transparente e desenvolvimento de Campo Grande\",\"datePublished\":\"2011-04-02T19:31:32+00:00\",\"mainEntityOfPage\":{\"@id\":\"https:\\\/\\\/vanderloubet.com.br\\\/deputado\\\/gestao-transparente-e-desenvolvimento-de-campo-grande\\\/\"},\"wordCount\":735,\"publisher\":{\"@id\":\"https:\\\/\\\/vanderloubet.com.br\\\/deputado\\\/#organization\"},\"image\":{\"@id\":\"https:\\\/\\\/vanderloubet.com.br\\\/deputado\\\/gestao-transparente-e-desenvolvimento-de-campo-grande\\\/#primaryimage\"},\"thumbnailUrl\":\"http:\\\/\\\/www.deputadovander.com.br\\\/website\\\/wp-content\\\/uploads\\\/2011\\\/02\\\/foto-2011-02-10-campo-grande-400x266.jpg\",\"keywords\":[\"campo\",\"deputado\",\"federal\",\"filho\",\"gest\u00e3o\",\"grande\",\"inesc\",\"loubet\",\"nelson\",\"pesquisa\",\"prefeito\",\"PT\",\"p\u00fablica\",\"trad\",\"transpar\u00eancia\",\"vander\"],\"articleSection\":[\"Opini\u00e3o\"],\"inLanguage\":\"pt-BR\"},{\"@type\":\"WebPage\",\"@id\":\"https:\\\/\\\/vanderloubet.com.br\\\/deputado\\\/gestao-transparente-e-desenvolvimento-de-campo-grande\\\/\",\"url\":\"https:\\\/\\\/vanderloubet.com.br\\\/deputado\\\/gestao-transparente-e-desenvolvimento-de-campo-grande\\\/\",\"name\":\"Gest\u00e3o transparente e desenvolvimento de Campo Grande\",\"isPartOf\":{\"@id\":\"https:\\\/\\\/vanderloubet.com.br\\\/deputado\\\/#website\"},\"primaryImageOfPage\":{\"@id\":\"https:\\\/\\\/vanderloubet.com.br\\\/deputado\\\/gestao-transparente-e-desenvolvimento-de-campo-grande\\\/#primaryimage\"},\"image\":{\"@id\":\"https:\\\/\\\/vanderloubet.com.br\\\/deputado\\\/gestao-transparente-e-desenvolvimento-de-campo-grande\\\/#primaryimage\"},\"thumbnailUrl\":\"http:\\\/\\\/www.deputadovander.com.br\\\/website\\\/wp-content\\\/uploads\\\/2011\\\/02\\\/foto-2011-02-10-campo-grande-400x266.jpg\",\"datePublished\":\"2011-04-02T19:31:32+00:00\",\"breadcrumb\":{\"@id\":\"https:\\\/\\\/vanderloubet.com.br\\\/deputado\\\/gestao-transparente-e-desenvolvimento-de-campo-grande\\\/#breadcrumb\"},\"inLanguage\":\"pt-BR\",\"potentialAction\":[{\"@type\":\"ReadAction\",\"target\":[\"https:\\\/\\\/vanderloubet.com.br\\\/deputado\\\/gestao-transparente-e-desenvolvimento-de-campo-grande\\\/\"]}]},{\"@type\":\"ImageObject\",\"inLanguage\":\"pt-BR\",\"@id\":\"https:\\\/\\\/vanderloubet.com.br\\\/deputado\\\/gestao-transparente-e-desenvolvimento-de-campo-grande\\\/#primaryimage\",\"url\":\"http:\\\/\\\/www.deputadovander.com.br\\\/website\\\/wp-content\\\/uploads\\\/2011\\\/02\\\/foto-2011-02-10-campo-grande-400x266.jpg\",\"contentUrl\":\"http:\\\/\\\/www.deputadovander.com.br\\\/website\\\/wp-content\\\/uploads\\\/2011\\\/02\\\/foto-2011-02-10-campo-grande-400x266.jpg\"},{\"@type\":\"BreadcrumbList\",\"@id\":\"https:\\\/\\\/vanderloubet.com.br\\\/deputado\\\/gestao-transparente-e-desenvolvimento-de-campo-grande\\\/#breadcrumb\",\"itemListElement\":[{\"@type\":\"ListItem\",\"position\":1,\"name\":\"In\u00edcio\",\"item\":\"https:\\\/\\\/vanderloubet.com.br\\\/deputado\\\/\"},{\"@type\":\"ListItem\",\"position\":2,\"name\":\"Gest\u00e3o transparente e desenvolvimento de Campo Grande\"}]},{\"@type\":\"WebSite\",\"@id\":\"https:\\\/\\\/vanderloubet.com.br\\\/deputado\\\/#website\",\"url\":\"https:\\\/\\\/vanderloubet.com.br\\\/deputado\\\/\",\"name\":\"Deputado Federal Vander Loubet\",\"description\":\"O Federal de MS\",\"publisher\":{\"@id\":\"https:\\\/\\\/vanderloubet.com.br\\\/deputado\\\/#organization\"},\"alternateName\":\"Deputado Vander\",\"potentialAction\":[{\"@type\":\"SearchAction\",\"target\":{\"@type\":\"EntryPoint\",\"urlTemplate\":\"https:\\\/\\\/vanderloubet.com.br\\\/deputado\\\/?s={search_term_string}\"},\"query-input\":{\"@type\":\"PropertyValueSpecification\",\"valueRequired\":true,\"valueName\":\"search_term_string\"}}],\"inLanguage\":\"pt-BR\"},{\"@type\":\"Organization\",\"@id\":\"https:\\\/\\\/vanderloubet.com.br\\\/deputado\\\/#organization\",\"name\":\"Deputado Federal Vander Loubet\",\"alternateName\":\"Deputado Vander\",\"url\":\"https:\\\/\\\/vanderloubet.com.br\\\/deputado\\\/\",\"logo\":{\"@type\":\"ImageObject\",\"inLanguage\":\"pt-BR\",\"@id\":\"https:\\\/\\\/vanderloubet.com.br\\\/deputado\\\/#\\\/schema\\\/logo\\\/image\\\/\",\"url\":\"https:\\\/\\\/vanderloubet.com.br\\\/deputado\\\/wp-content\\\/uploads\\\/2023\\\/06\\\/foto-2023-06-19-mandato-deputado-vander.jpg\",\"contentUrl\":\"https:\\\/\\\/vanderloubet.com.br\\\/deputado\\\/wp-content\\\/uploads\\\/2023\\\/06\\\/foto-2023-06-19-mandato-deputado-vander.jpg\",\"width\":1080,\"height\":1080,\"caption\":\"Deputado Federal Vander Loubet\"},\"image\":{\"@id\":\"https:\\\/\\\/vanderloubet.com.br\\\/deputado\\\/#\\\/schema\\\/logo\\\/image\\\/\"},\"sameAs\":[\"https:\\\/\\\/facebook.com\\\/deputadovander\",\"https:\\\/\\\/x.com\\\/vanderloubet\",\"https:\\\/\\\/instagram.com\\\/vanderloubet\",\"https:\\\/\\\/youtube.com\\\/vanderloubet\",\"https:\\\/\\\/tiktok.com\\\/@vanderloubetms\"]},{\"@type\":\"Person\",\"@id\":\"https:\\\/\\\/vanderloubet.com.br\\\/deputado\\\/#\\\/schema\\\/person\\\/15b51bd564532a8a68d9dec1b8eb890e\",\"name\":\"\u00c9der\",\"image\":{\"@type\":\"ImageObject\",\"inLanguage\":\"pt-BR\",\"@id\":\"https:\\\/\\\/vanderloubet.com.br\\\/deputado\\\/wp-content\\\/litespeed\\\/avatar\\\/88ca4090d9d5ab1c9495f6ca03b68efa.jpg?ver=1777058957\",\"url\":\"https:\\\/\\\/vanderloubet.com.br\\\/deputado\\\/wp-content\\\/litespeed\\\/avatar\\\/88ca4090d9d5ab1c9495f6ca03b68efa.jpg?ver=1777058957\",\"contentUrl\":\"https:\\\/\\\/vanderloubet.com.br\\\/deputado\\\/wp-content\\\/litespeed\\\/avatar\\\/88ca4090d9d5ab1c9495f6ca03b68efa.jpg?ver=1777058957\",\"caption\":\"\u00c9der\"}}]}<\/script>\n<!-- \/ Yoast SEO plugin. -->","yoast_head_json":{"title":"Gest\u00e3o transparente e desenvolvimento de Campo Grande","robots":{"index":"index","follow":"follow","max-snippet":"max-snippet:-1","max-image-preview":"max-image-preview:large","max-video-preview":"max-video-preview:-1"},"canonical":"https:\/\/vanderloubet.com.br\/deputado\/gestao-transparente-e-desenvolvimento-de-campo-grande\/","og_locale":"pt_BR","og_type":"article","og_title":"Gest\u00e3o transparente e desenvolvimento de Campo Grande","og_description":"Neste artigo, Vander analisa pesquisa na qual Campo Grande ficou atr\u00e1s de 18 capitais no ranking de transpar\u00eancia na gest\u00e3o.","og_url":"https:\/\/vanderloubet.com.br\/deputado\/gestao-transparente-e-desenvolvimento-de-campo-grande\/","og_site_name":"Deputado Federal Vander Loubet","article_publisher":"https:\/\/facebook.com\/deputadovander","article_published_time":"2011-04-02T19:31:32+00:00","og_image":[{"url":"http:\/\/www.deputadovander.com.br\/website\/wp-content\/uploads\/2011\/02\/foto-2011-02-10-campo-grande-400x266.jpg","type":"","width":"","height":""}],"author":"\u00c9der","twitter_card":"summary_large_image","twitter_creator":"@vanderloubet","twitter_site":"@vanderloubet","schema":{"@context":"https:\/\/schema.org","@graph":[{"@type":"Article","@id":"https:\/\/vanderloubet.com.br\/deputado\/gestao-transparente-e-desenvolvimento-de-campo-grande\/#article","isPartOf":{"@id":"https:\/\/vanderloubet.com.br\/deputado\/gestao-transparente-e-desenvolvimento-de-campo-grande\/"},"author":{"name":"\u00c9der","@id":"https:\/\/vanderloubet.com.br\/deputado\/#\/schema\/person\/15b51bd564532a8a68d9dec1b8eb890e"},"headline":"Gest\u00e3o transparente e desenvolvimento de Campo Grande","datePublished":"2011-04-02T19:31:32+00:00","mainEntityOfPage":{"@id":"https:\/\/vanderloubet.com.br\/deputado\/gestao-transparente-e-desenvolvimento-de-campo-grande\/"},"wordCount":735,"publisher":{"@id":"https:\/\/vanderloubet.com.br\/deputado\/#organization"},"image":{"@id":"https:\/\/vanderloubet.com.br\/deputado\/gestao-transparente-e-desenvolvimento-de-campo-grande\/#primaryimage"},"thumbnailUrl":"http:\/\/www.deputadovander.com.br\/website\/wp-content\/uploads\/2011\/02\/foto-2011-02-10-campo-grande-400x266.jpg","keywords":["campo","deputado","federal","filho","gest\u00e3o","grande","inesc","loubet","nelson","pesquisa","prefeito","PT","p\u00fablica","trad","transpar\u00eancia","vander"],"articleSection":["Opini\u00e3o"],"inLanguage":"pt-BR"},{"@type":"WebPage","@id":"https:\/\/vanderloubet.com.br\/deputado\/gestao-transparente-e-desenvolvimento-de-campo-grande\/","url":"https:\/\/vanderloubet.com.br\/deputado\/gestao-transparente-e-desenvolvimento-de-campo-grande\/","name":"Gest\u00e3o transparente e desenvolvimento de Campo Grande","isPartOf":{"@id":"https:\/\/vanderloubet.com.br\/deputado\/#website"},"primaryImageOfPage":{"@id":"https:\/\/vanderloubet.com.br\/deputado\/gestao-transparente-e-desenvolvimento-de-campo-grande\/#primaryimage"},"image":{"@id":"https:\/\/vanderloubet.com.br\/deputado\/gestao-transparente-e-desenvolvimento-de-campo-grande\/#primaryimage"},"thumbnailUrl":"http:\/\/www.deputadovander.com.br\/website\/wp-content\/uploads\/2011\/02\/foto-2011-02-10-campo-grande-400x266.jpg","datePublished":"2011-04-02T19:31:32+00:00","breadcrumb":{"@id":"https:\/\/vanderloubet.com.br\/deputado\/gestao-transparente-e-desenvolvimento-de-campo-grande\/#breadcrumb"},"inLanguage":"pt-BR","potentialAction":[{"@type":"ReadAction","target":["https:\/\/vanderloubet.com.br\/deputado\/gestao-transparente-e-desenvolvimento-de-campo-grande\/"]}]},{"@type":"ImageObject","inLanguage":"pt-BR","@id":"https:\/\/vanderloubet.com.br\/deputado\/gestao-transparente-e-desenvolvimento-de-campo-grande\/#primaryimage","url":"http:\/\/www.deputadovander.com.br\/website\/wp-content\/uploads\/2011\/02\/foto-2011-02-10-campo-grande-400x266.jpg","contentUrl":"http:\/\/www.deputadovander.com.br\/website\/wp-content\/uploads\/2011\/02\/foto-2011-02-10-campo-grande-400x266.jpg"},{"@type":"BreadcrumbList","@id":"https:\/\/vanderloubet.com.br\/deputado\/gestao-transparente-e-desenvolvimento-de-campo-grande\/#breadcrumb","itemListElement":[{"@type":"ListItem","position":1,"name":"In\u00edcio","item":"https:\/\/vanderloubet.com.br\/deputado\/"},{"@type":"ListItem","position":2,"name":"Gest\u00e3o transparente e desenvolvimento de Campo Grande"}]},{"@type":"WebSite","@id":"https:\/\/vanderloubet.com.br\/deputado\/#website","url":"https:\/\/vanderloubet.com.br\/deputado\/","name":"Deputado Federal Vander Loubet","description":"O Federal de MS","publisher":{"@id":"https:\/\/vanderloubet.com.br\/deputado\/#organization"},"alternateName":"Deputado Vander","potentialAction":[{"@type":"SearchAction","target":{"@type":"EntryPoint","urlTemplate":"https:\/\/vanderloubet.com.br\/deputado\/?s={search_term_string}"},"query-input":{"@type":"PropertyValueSpecification","valueRequired":true,"valueName":"search_term_string"}}],"inLanguage":"pt-BR"},{"@type":"Organization","@id":"https:\/\/vanderloubet.com.br\/deputado\/#organization","name":"Deputado Federal Vander Loubet","alternateName":"Deputado Vander","url":"https:\/\/vanderloubet.com.br\/deputado\/","logo":{"@type":"ImageObject","inLanguage":"pt-BR","@id":"https:\/\/vanderloubet.com.br\/deputado\/#\/schema\/logo\/image\/","url":"https:\/\/vanderloubet.com.br\/deputado\/wp-content\/uploads\/2023\/06\/foto-2023-06-19-mandato-deputado-vander.jpg","contentUrl":"https:\/\/vanderloubet.com.br\/deputado\/wp-content\/uploads\/2023\/06\/foto-2023-06-19-mandato-deputado-vander.jpg","width":1080,"height":1080,"caption":"Deputado Federal Vander Loubet"},"image":{"@id":"https:\/\/vanderloubet.com.br\/deputado\/#\/schema\/logo\/image\/"},"sameAs":["https:\/\/facebook.com\/deputadovander","https:\/\/x.com\/vanderloubet","https:\/\/instagram.com\/vanderloubet","https:\/\/youtube.com\/vanderloubet","https:\/\/tiktok.com\/@vanderloubetms"]},{"@type":"Person","@id":"https:\/\/vanderloubet.com.br\/deputado\/#\/schema\/person\/15b51bd564532a8a68d9dec1b8eb890e","name":"\u00c9der","image":{"@type":"ImageObject","inLanguage":"pt-BR","@id":"https:\/\/vanderloubet.com.br\/deputado\/wp-content\/litespeed\/avatar\/88ca4090d9d5ab1c9495f6ca03b68efa.jpg?ver=1777058957","url":"https:\/\/vanderloubet.com.br\/deputado\/wp-content\/litespeed\/avatar\/88ca4090d9d5ab1c9495f6ca03b68efa.jpg?ver=1777058957","contentUrl":"https:\/\/vanderloubet.com.br\/deputado\/wp-content\/litespeed\/avatar\/88ca4090d9d5ab1c9495f6ca03b68efa.jpg?ver=1777058957","caption":"\u00c9der"}}]}},"jetpack_featured_media_url":"","jetpack_sharing_enabled":true,"_links":{"self":[{"href":"https:\/\/vanderloubet.com.br\/deputado\/wp-json\/wp\/v2\/posts\/3051","targetHints":{"allow":["GET"]}}],"collection":[{"href":"https:\/\/vanderloubet.com.br\/deputado\/wp-json\/wp\/v2\/posts"}],"about":[{"href":"https:\/\/vanderloubet.com.br\/deputado\/wp-json\/wp\/v2\/types\/post"}],"author":[{"embeddable":true,"href":"https:\/\/vanderloubet.com.br\/deputado\/wp-json\/wp\/v2\/users\/2"}],"replies":[{"embeddable":true,"href":"https:\/\/vanderloubet.com.br\/deputado\/wp-json\/wp\/v2\/comments?post=3051"}],"version-history":[{"count":0,"href":"https:\/\/vanderloubet.com.br\/deputado\/wp-json\/wp\/v2\/posts\/3051\/revisions"}],"wp:attachment":[{"href":"https:\/\/vanderloubet.com.br\/deputado\/wp-json\/wp\/v2\/media?parent=3051"}],"wp:term":[{"taxonomy":"category","embeddable":true,"href":"https:\/\/vanderloubet.com.br\/deputado\/wp-json\/wp\/v2\/categories?post=3051"},{"taxonomy":"post_tag","embeddable":true,"href":"https:\/\/vanderloubet.com.br\/deputado\/wp-json\/wp\/v2\/tags?post=3051"}],"curies":[{"name":"wp","href":"https:\/\/api.w.org\/{rel}","templated":true}]}}