{"id":3039,"date":"2011-03-29T18:27:30","date_gmt":"2011-03-29T22:27:30","guid":{"rendered":"http:\/\/www.deputadovander.com.br\/website\/?p=3039"},"modified":"2011-03-29T18:27:30","modified_gmt":"2011-03-29T22:27:30","slug":"jose-de-alencar-incomodou-a-dor-afirma-vander","status":"publish","type":"post","link":"https:\/\/vanderloubet.com.br\/deputado\/jose-de-alencar-incomodou-a-dor-afirma-vander\/","title":{"rendered":"Jos\u00e9 Alencar incomodou a dor, afirma Vander"},"content":{"rendered":"<p style=\"text-align: center;\"><figure id=\"attachment_3040\" aria-describedby=\"caption-attachment-3040\" style=\"width: 400px\" class=\"wp-caption aligncenter\"><a href=\"http:\/\/www.deputadovander.com.br\/website\/wp-content\/uploads\/2011\/03\/foto-2011-03-29-jose-alencar-falecimento.jpg\" target=\"_blank\"><img decoding=\"async\" class=\"size-medium wp-image-3040 \" title=\"foto-2011-03-29-jose-alencar-falecimento\" src=\"http:\/\/www.deputadovander.com.br\/website\/wp-content\/uploads\/2011\/03\/foto-2011-03-29-jose-alencar-falecimento-400x266.jpg\" alt=\"Ex-vice-presidente Jos\u00e9 Alencar\" width=\"400\" height=\"266\" \/><\/a><figcaption id=\"caption-attachment-3040\" class=\"wp-caption-text\">Ex-vice-presidente Jos\u00e9 de Alencar<\/figcaption><\/figure><\/p>\n<p>&#8220;Ele foi um guerreiro t\u00e3o not\u00e1vel que mesmo na desvantagem da luta contra a dor e a morte, eram estas que se incomodavam com sua saud\u00e1vel teimosia e sua incr\u00edvel for\u00e7a para acreditar na vida e viver. Ele, na verdade, foi quem incomodou a dor e por ela n\u00e3o se deixou abater&#8221;. A afirma\u00e7\u00e3o \u00e9 do deputado federal Vander Loubet (PT-MS) ao lamentar a morte de Jos\u00e9 Alencar, ex-vice-presidente da Rep\u00fablica, ocorrida nesta ter\u00e7a-feira (29), no Hospital S\u00edrio-Liban\u00eas, em S\u00e3o Paulo, por fal\u00eancia m\u00faltipla dos \u00f3rg\u00e3os. Tinha 79 anos e havia 13 lutava contra o c\u00e2ncer, num enfrentamento her\u00f3ico que passou por 17 cirurgias e dezenas de sess\u00f5es de tratamento contra a doen\u00e7a que atacou diversas partes de seu corpo.<\/p>\n<p>Segundo Vander, quando escolheu Alencar para vice-presidente, ainda em 2002, Luiz In\u00e1cio Lula da Silva provou ter instinto pol\u00edtico agu\u00e7ado e, sobretudo, total consci\u00eancia da import\u00e2ncia de ter a seu lado uma personalidade exemplar e respeitada por todos os segmentos para a tarefa de governar.<\/p>\n<p>&#8220;O Alencar n\u00e3o foi apenas vice-presidente ou ministro de Estado. Ele tamb\u00e9m governou o Pa\u00eds, sendo pe\u00e7a fundamental na engrenagem liderada por Lula para promover as transforma\u00e7\u00f5es que fizeram do Brasil uma na\u00e7\u00e3o mais forte, soberana e reconhecida em todo mundo como par\u00e2metro de desenvolvimento socioecon\u00f4mico e de maturidade pol\u00edtica e democr\u00e1tica&#8221;, destacou o deputado petista.<\/p>\n<p>Antes de assumir a Vice-Presid\u00eancia da Rep\u00fablica, Jos\u00e9 Alencar tamb\u00e9m foi senador. S\u00f3 ingressou na vida p\u00fablica depois de projetar-se como empreendedor. Come\u00e7ou como humilde comerciante no interior de Minas Gerais, comandou com sabedoria e compet\u00eancia seus neg\u00f3cios e tornou-se um dos mais influentes e bem-sucedidos empres\u00e1rios do Pa\u00eds. &#8220;A nossa P\u00e1tria perdeu um de seus representantes mais respeitados&#8221;, finalizou Vander.<\/p>\n<p><small>(Edson Moraes\/Assessoria de Comunica\u00e7\u00e3o)<\/small><\/p>\n","protected":false},"excerpt":{"rendered":"<p>Para deputado, quando escolheu Alencar para vice, Lula mostrou consci\u00eancia de ter a seu lado personalidade exemplar.<\/p>\n","protected":false},"author":2,"featured_media":0,"comment_status":"closed","ping_status":"open","sticky":false,"template":"","format":"standard","meta":{"jetpack_post_was_ever_published":false,"_jetpack_newsletter_access":"","_jetpack_dont_email_post_to_subs":false,"_jetpack_newsletter_tier_id":0,"_jetpack_memberships_contains_paywalled_content":false,"_jetpack_memberships_contains_paid_content":false,"footnotes":""},"categories":[10],"tags":[91,345,608,791,807,1089,1178,1322,1614,1655,2033,2056],"class_list":{"0":"post-3039","1":"post","2":"type-post","3":"status-publish","4":"format-standard","6":"category-noticias","7":"tag-alencar","8":"tag-cancer","9":"tag-deputado","10":"tag-falecimento","11":"tag-federal","12":"tag-jose","13":"tag-loubet","14":"tag-morte","15":"tag-presidente","16":"tag-pt","17":"tag-vander","18":"tag-vice"},"yoast_head":"<!-- This site is optimized with the Yoast SEO plugin v27.4 - https:\/\/yoast.com\/product\/yoast-seo-wordpress\/ -->\n<title>Jos\u00e9 Alencar incomodou a dor, afirma Vander<\/title>\n<meta name=\"robots\" content=\"index, follow, max-snippet:-1, max-image-preview:large, max-video-preview:-1\" \/>\n<link rel=\"canonical\" href=\"http:\/\/vanderloubet.com.br\/deputado\/jose-de-alencar-incomodou-a-dor-afirma-vander\/\" \/>\n<meta property=\"og:locale\" content=\"pt_BR\" \/>\n<meta property=\"og:type\" content=\"article\" \/>\n<meta property=\"og:title\" content=\"Jos\u00e9 Alencar incomodou a dor, afirma Vander\" \/>\n<meta property=\"og:description\" content=\"Para deputado, quando escolheu Alencar para vice, Lula mostrou consci\u00eancia de ter a seu lado personalidade exemplar.\" \/>\n<meta property=\"og:url\" content=\"http:\/\/vanderloubet.com.br\/deputado\/jose-de-alencar-incomodou-a-dor-afirma-vander\/\" \/>\n<meta property=\"og:site_name\" content=\"Deputado Federal Vander Loubet\" \/>\n<meta property=\"article:publisher\" content=\"https:\/\/facebook.com\/deputadovander\" \/>\n<meta property=\"article:published_time\" content=\"2011-03-29T22:27:30+00:00\" \/>\n<meta property=\"og:image\" content=\"http:\/\/www.deputadovander.com.br\/website\/wp-content\/uploads\/2011\/03\/foto-2011-03-29-jose-alencar-falecimento-400x266.jpg\" \/>\n<meta name=\"author\" content=\"\u00c9der\" \/>\n<meta name=\"twitter:card\" content=\"summary_large_image\" \/>\n<meta name=\"twitter:creator\" content=\"@vanderloubet\" \/>\n<meta name=\"twitter:site\" content=\"@vanderloubet\" \/>\n<script type=\"application\/ld+json\" class=\"yoast-schema-graph\">{\"@context\":\"https:\\\/\\\/schema.org\",\"@graph\":[{\"@type\":\"Article\",\"@id\":\"http:\\\/\\\/vanderloubet.com.br\\\/deputado\\\/jose-de-alencar-incomodou-a-dor-afirma-vander\\\/#article\",\"isPartOf\":{\"@id\":\"http:\\\/\\\/vanderloubet.com.br\\\/deputado\\\/jose-de-alencar-incomodou-a-dor-afirma-vander\\\/\"},\"author\":{\"name\":\"\u00c9der\",\"@id\":\"https:\\\/\\\/vanderloubet.com.br\\\/deputado\\\/#\\\/schema\\\/person\\\/15b51bd564532a8a68d9dec1b8eb890e\"},\"headline\":\"Jos\u00e9 Alencar incomodou a dor, afirma Vander\",\"datePublished\":\"2011-03-29T22:27:30+00:00\",\"mainEntityOfPage\":{\"@id\":\"http:\\\/\\\/vanderloubet.com.br\\\/deputado\\\/jose-de-alencar-incomodou-a-dor-afirma-vander\\\/\"},\"wordCount\":345,\"publisher\":{\"@id\":\"https:\\\/\\\/vanderloubet.com.br\\\/deputado\\\/#organization\"},\"image\":{\"@id\":\"http:\\\/\\\/vanderloubet.com.br\\\/deputado\\\/jose-de-alencar-incomodou-a-dor-afirma-vander\\\/#primaryimage\"},\"thumbnailUrl\":\"http:\\\/\\\/www.deputadovander.com.br\\\/website\\\/wp-content\\\/uploads\\\/2011\\\/03\\\/foto-2011-03-29-jose-alencar-falecimento-400x266.jpg\",\"keywords\":[\"alencar\",\"c\u00e2ncer\",\"deputado\",\"falecimento\",\"federal\",\"jos\u00e9\",\"loubet\",\"morte\",\"presidente\",\"PT\",\"vander\",\"vice\"],\"articleSection\":[\"Not\u00edcias\"],\"inLanguage\":\"pt-BR\"},{\"@type\":\"WebPage\",\"@id\":\"http:\\\/\\\/vanderloubet.com.br\\\/deputado\\\/jose-de-alencar-incomodou-a-dor-afirma-vander\\\/\",\"url\":\"http:\\\/\\\/vanderloubet.com.br\\\/deputado\\\/jose-de-alencar-incomodou-a-dor-afirma-vander\\\/\",\"name\":\"Jos\u00e9 Alencar incomodou a dor, afirma Vander\",\"isPartOf\":{\"@id\":\"https:\\\/\\\/vanderloubet.com.br\\\/deputado\\\/#website\"},\"primaryImageOfPage\":{\"@id\":\"http:\\\/\\\/vanderloubet.com.br\\\/deputado\\\/jose-de-alencar-incomodou-a-dor-afirma-vander\\\/#primaryimage\"},\"image\":{\"@id\":\"http:\\\/\\\/vanderloubet.com.br\\\/deputado\\\/jose-de-alencar-incomodou-a-dor-afirma-vander\\\/#primaryimage\"},\"thumbnailUrl\":\"http:\\\/\\\/www.deputadovander.com.br\\\/website\\\/wp-content\\\/uploads\\\/2011\\\/03\\\/foto-2011-03-29-jose-alencar-falecimento-400x266.jpg\",\"datePublished\":\"2011-03-29T22:27:30+00:00\",\"breadcrumb\":{\"@id\":\"http:\\\/\\\/vanderloubet.com.br\\\/deputado\\\/jose-de-alencar-incomodou-a-dor-afirma-vander\\\/#breadcrumb\"},\"inLanguage\":\"pt-BR\",\"potentialAction\":[{\"@type\":\"ReadAction\",\"target\":[\"http:\\\/\\\/vanderloubet.com.br\\\/deputado\\\/jose-de-alencar-incomodou-a-dor-afirma-vander\\\/\"]}]},{\"@type\":\"ImageObject\",\"inLanguage\":\"pt-BR\",\"@id\":\"http:\\\/\\\/vanderloubet.com.br\\\/deputado\\\/jose-de-alencar-incomodou-a-dor-afirma-vander\\\/#primaryimage\",\"url\":\"http:\\\/\\\/www.deputadovander.com.br\\\/website\\\/wp-content\\\/uploads\\\/2011\\\/03\\\/foto-2011-03-29-jose-alencar-falecimento-400x266.jpg\",\"contentUrl\":\"http:\\\/\\\/www.deputadovander.com.br\\\/website\\\/wp-content\\\/uploads\\\/2011\\\/03\\\/foto-2011-03-29-jose-alencar-falecimento-400x266.jpg\"},{\"@type\":\"BreadcrumbList\",\"@id\":\"http:\\\/\\\/vanderloubet.com.br\\\/deputado\\\/jose-de-alencar-incomodou-a-dor-afirma-vander\\\/#breadcrumb\",\"itemListElement\":[{\"@type\":\"ListItem\",\"position\":1,\"name\":\"In\u00edcio\",\"item\":\"https:\\\/\\\/vanderloubet.com.br\\\/deputado\\\/\"},{\"@type\":\"ListItem\",\"position\":2,\"name\":\"Jos\u00e9 Alencar incomodou a dor, afirma Vander\"}]},{\"@type\":\"WebSite\",\"@id\":\"https:\\\/\\\/vanderloubet.com.br\\\/deputado\\\/#website\",\"url\":\"https:\\\/\\\/vanderloubet.com.br\\\/deputado\\\/\",\"name\":\"Deputado Federal Vander Loubet\",\"description\":\"O Federal de MS\",\"publisher\":{\"@id\":\"https:\\\/\\\/vanderloubet.com.br\\\/deputado\\\/#organization\"},\"alternateName\":\"Deputado Vander\",\"potentialAction\":[{\"@type\":\"SearchAction\",\"target\":{\"@type\":\"EntryPoint\",\"urlTemplate\":\"https:\\\/\\\/vanderloubet.com.br\\\/deputado\\\/?s={search_term_string}\"},\"query-input\":{\"@type\":\"PropertyValueSpecification\",\"valueRequired\":true,\"valueName\":\"search_term_string\"}}],\"inLanguage\":\"pt-BR\"},{\"@type\":\"Organization\",\"@id\":\"https:\\\/\\\/vanderloubet.com.br\\\/deputado\\\/#organization\",\"name\":\"Deputado Federal Vander Loubet\",\"alternateName\":\"Deputado Vander\",\"url\":\"https:\\\/\\\/vanderloubet.com.br\\\/deputado\\\/\",\"logo\":{\"@type\":\"ImageObject\",\"inLanguage\":\"pt-BR\",\"@id\":\"https:\\\/\\\/vanderloubet.com.br\\\/deputado\\\/#\\\/schema\\\/logo\\\/image\\\/\",\"url\":\"https:\\\/\\\/vanderloubet.com.br\\\/deputado\\\/wp-content\\\/uploads\\\/2023\\\/06\\\/foto-2023-06-19-mandato-deputado-vander.jpg\",\"contentUrl\":\"https:\\\/\\\/vanderloubet.com.br\\\/deputado\\\/wp-content\\\/uploads\\\/2023\\\/06\\\/foto-2023-06-19-mandato-deputado-vander.jpg\",\"width\":1080,\"height\":1080,\"caption\":\"Deputado Federal Vander Loubet\"},\"image\":{\"@id\":\"https:\\\/\\\/vanderloubet.com.br\\\/deputado\\\/#\\\/schema\\\/logo\\\/image\\\/\"},\"sameAs\":[\"https:\\\/\\\/facebook.com\\\/deputadovander\",\"https:\\\/\\\/x.com\\\/vanderloubet\",\"https:\\\/\\\/instagram.com\\\/vanderloubet\",\"https:\\\/\\\/youtube.com\\\/vanderloubet\",\"https:\\\/\\\/tiktok.com\\\/@vanderloubetms\"]},{\"@type\":\"Person\",\"@id\":\"https:\\\/\\\/vanderloubet.com.br\\\/deputado\\\/#\\\/schema\\\/person\\\/15b51bd564532a8a68d9dec1b8eb890e\",\"name\":\"\u00c9der\",\"image\":{\"@type\":\"ImageObject\",\"inLanguage\":\"pt-BR\",\"@id\":\"https:\\\/\\\/vanderloubet.com.br\\\/deputado\\\/wp-content\\\/litespeed\\\/avatar\\\/88ca4090d9d5ab1c9495f6ca03b68efa.jpg?ver=1777058957\",\"url\":\"https:\\\/\\\/vanderloubet.com.br\\\/deputado\\\/wp-content\\\/litespeed\\\/avatar\\\/88ca4090d9d5ab1c9495f6ca03b68efa.jpg?ver=1777058957\",\"contentUrl\":\"https:\\\/\\\/vanderloubet.com.br\\\/deputado\\\/wp-content\\\/litespeed\\\/avatar\\\/88ca4090d9d5ab1c9495f6ca03b68efa.jpg?ver=1777058957\",\"caption\":\"\u00c9der\"}}]}<\/script>\n<!-- \/ Yoast SEO plugin. -->","yoast_head_json":{"title":"Jos\u00e9 Alencar incomodou a dor, afirma Vander","robots":{"index":"index","follow":"follow","max-snippet":"max-snippet:-1","max-image-preview":"max-image-preview:large","max-video-preview":"max-video-preview:-1"},"canonical":"http:\/\/vanderloubet.com.br\/deputado\/jose-de-alencar-incomodou-a-dor-afirma-vander\/","og_locale":"pt_BR","og_type":"article","og_title":"Jos\u00e9 Alencar incomodou a dor, afirma Vander","og_description":"Para deputado, quando escolheu Alencar para vice, Lula mostrou consci\u00eancia de ter a seu lado personalidade exemplar.","og_url":"http:\/\/vanderloubet.com.br\/deputado\/jose-de-alencar-incomodou-a-dor-afirma-vander\/","og_site_name":"Deputado Federal Vander Loubet","article_publisher":"https:\/\/facebook.com\/deputadovander","article_published_time":"2011-03-29T22:27:30+00:00","og_image":[{"url":"http:\/\/www.deputadovander.com.br\/website\/wp-content\/uploads\/2011\/03\/foto-2011-03-29-jose-alencar-falecimento-400x266.jpg","type":"","width":"","height":""}],"author":"\u00c9der","twitter_card":"summary_large_image","twitter_creator":"@vanderloubet","twitter_site":"@vanderloubet","schema":{"@context":"https:\/\/schema.org","@graph":[{"@type":"Article","@id":"http:\/\/vanderloubet.com.br\/deputado\/jose-de-alencar-incomodou-a-dor-afirma-vander\/#article","isPartOf":{"@id":"http:\/\/vanderloubet.com.br\/deputado\/jose-de-alencar-incomodou-a-dor-afirma-vander\/"},"author":{"name":"\u00c9der","@id":"https:\/\/vanderloubet.com.br\/deputado\/#\/schema\/person\/15b51bd564532a8a68d9dec1b8eb890e"},"headline":"Jos\u00e9 Alencar incomodou a dor, afirma Vander","datePublished":"2011-03-29T22:27:30+00:00","mainEntityOfPage":{"@id":"http:\/\/vanderloubet.com.br\/deputado\/jose-de-alencar-incomodou-a-dor-afirma-vander\/"},"wordCount":345,"publisher":{"@id":"https:\/\/vanderloubet.com.br\/deputado\/#organization"},"image":{"@id":"http:\/\/vanderloubet.com.br\/deputado\/jose-de-alencar-incomodou-a-dor-afirma-vander\/#primaryimage"},"thumbnailUrl":"http:\/\/www.deputadovander.com.br\/website\/wp-content\/uploads\/2011\/03\/foto-2011-03-29-jose-alencar-falecimento-400x266.jpg","keywords":["alencar","c\u00e2ncer","deputado","falecimento","federal","jos\u00e9","loubet","morte","presidente","PT","vander","vice"],"articleSection":["Not\u00edcias"],"inLanguage":"pt-BR"},{"@type":"WebPage","@id":"http:\/\/vanderloubet.com.br\/deputado\/jose-de-alencar-incomodou-a-dor-afirma-vander\/","url":"http:\/\/vanderloubet.com.br\/deputado\/jose-de-alencar-incomodou-a-dor-afirma-vander\/","name":"Jos\u00e9 Alencar incomodou a dor, afirma Vander","isPartOf":{"@id":"https:\/\/vanderloubet.com.br\/deputado\/#website"},"primaryImageOfPage":{"@id":"http:\/\/vanderloubet.com.br\/deputado\/jose-de-alencar-incomodou-a-dor-afirma-vander\/#primaryimage"},"image":{"@id":"http:\/\/vanderloubet.com.br\/deputado\/jose-de-alencar-incomodou-a-dor-afirma-vander\/#primaryimage"},"thumbnailUrl":"http:\/\/www.deputadovander.com.br\/website\/wp-content\/uploads\/2011\/03\/foto-2011-03-29-jose-alencar-falecimento-400x266.jpg","datePublished":"2011-03-29T22:27:30+00:00","breadcrumb":{"@id":"http:\/\/vanderloubet.com.br\/deputado\/jose-de-alencar-incomodou-a-dor-afirma-vander\/#breadcrumb"},"inLanguage":"pt-BR","potentialAction":[{"@type":"ReadAction","target":["http:\/\/vanderloubet.com.br\/deputado\/jose-de-alencar-incomodou-a-dor-afirma-vander\/"]}]},{"@type":"ImageObject","inLanguage":"pt-BR","@id":"http:\/\/vanderloubet.com.br\/deputado\/jose-de-alencar-incomodou-a-dor-afirma-vander\/#primaryimage","url":"http:\/\/www.deputadovander.com.br\/website\/wp-content\/uploads\/2011\/03\/foto-2011-03-29-jose-alencar-falecimento-400x266.jpg","contentUrl":"http:\/\/www.deputadovander.com.br\/website\/wp-content\/uploads\/2011\/03\/foto-2011-03-29-jose-alencar-falecimento-400x266.jpg"},{"@type":"BreadcrumbList","@id":"http:\/\/vanderloubet.com.br\/deputado\/jose-de-alencar-incomodou-a-dor-afirma-vander\/#breadcrumb","itemListElement":[{"@type":"ListItem","position":1,"name":"In\u00edcio","item":"https:\/\/vanderloubet.com.br\/deputado\/"},{"@type":"ListItem","position":2,"name":"Jos\u00e9 Alencar incomodou a dor, afirma Vander"}]},{"@type":"WebSite","@id":"https:\/\/vanderloubet.com.br\/deputado\/#website","url":"https:\/\/vanderloubet.com.br\/deputado\/","name":"Deputado Federal Vander Loubet","description":"O Federal de MS","publisher":{"@id":"https:\/\/vanderloubet.com.br\/deputado\/#organization"},"alternateName":"Deputado Vander","potentialAction":[{"@type":"SearchAction","target":{"@type":"EntryPoint","urlTemplate":"https:\/\/vanderloubet.com.br\/deputado\/?s={search_term_string}"},"query-input":{"@type":"PropertyValueSpecification","valueRequired":true,"valueName":"search_term_string"}}],"inLanguage":"pt-BR"},{"@type":"Organization","@id":"https:\/\/vanderloubet.com.br\/deputado\/#organization","name":"Deputado Federal Vander Loubet","alternateName":"Deputado Vander","url":"https:\/\/vanderloubet.com.br\/deputado\/","logo":{"@type":"ImageObject","inLanguage":"pt-BR","@id":"https:\/\/vanderloubet.com.br\/deputado\/#\/schema\/logo\/image\/","url":"https:\/\/vanderloubet.com.br\/deputado\/wp-content\/uploads\/2023\/06\/foto-2023-06-19-mandato-deputado-vander.jpg","contentUrl":"https:\/\/vanderloubet.com.br\/deputado\/wp-content\/uploads\/2023\/06\/foto-2023-06-19-mandato-deputado-vander.jpg","width":1080,"height":1080,"caption":"Deputado Federal Vander Loubet"},"image":{"@id":"https:\/\/vanderloubet.com.br\/deputado\/#\/schema\/logo\/image\/"},"sameAs":["https:\/\/facebook.com\/deputadovander","https:\/\/x.com\/vanderloubet","https:\/\/instagram.com\/vanderloubet","https:\/\/youtube.com\/vanderloubet","https:\/\/tiktok.com\/@vanderloubetms"]},{"@type":"Person","@id":"https:\/\/vanderloubet.com.br\/deputado\/#\/schema\/person\/15b51bd564532a8a68d9dec1b8eb890e","name":"\u00c9der","image":{"@type":"ImageObject","inLanguage":"pt-BR","@id":"https:\/\/vanderloubet.com.br\/deputado\/wp-content\/litespeed\/avatar\/88ca4090d9d5ab1c9495f6ca03b68efa.jpg?ver=1777058957","url":"https:\/\/vanderloubet.com.br\/deputado\/wp-content\/litespeed\/avatar\/88ca4090d9d5ab1c9495f6ca03b68efa.jpg?ver=1777058957","contentUrl":"https:\/\/vanderloubet.com.br\/deputado\/wp-content\/litespeed\/avatar\/88ca4090d9d5ab1c9495f6ca03b68efa.jpg?ver=1777058957","caption":"\u00c9der"}}]}},"jetpack_featured_media_url":"","jetpack_sharing_enabled":true,"_links":{"self":[{"href":"https:\/\/vanderloubet.com.br\/deputado\/wp-json\/wp\/v2\/posts\/3039","targetHints":{"allow":["GET"]}}],"collection":[{"href":"https:\/\/vanderloubet.com.br\/deputado\/wp-json\/wp\/v2\/posts"}],"about":[{"href":"https:\/\/vanderloubet.com.br\/deputado\/wp-json\/wp\/v2\/types\/post"}],"author":[{"embeddable":true,"href":"https:\/\/vanderloubet.com.br\/deputado\/wp-json\/wp\/v2\/users\/2"}],"replies":[{"embeddable":true,"href":"https:\/\/vanderloubet.com.br\/deputado\/wp-json\/wp\/v2\/comments?post=3039"}],"version-history":[{"count":0,"href":"https:\/\/vanderloubet.com.br\/deputado\/wp-json\/wp\/v2\/posts\/3039\/revisions"}],"wp:attachment":[{"href":"https:\/\/vanderloubet.com.br\/deputado\/wp-json\/wp\/v2\/media?parent=3039"}],"wp:term":[{"taxonomy":"category","embeddable":true,"href":"https:\/\/vanderloubet.com.br\/deputado\/wp-json\/wp\/v2\/categories?post=3039"},{"taxonomy":"post_tag","embeddable":true,"href":"https:\/\/vanderloubet.com.br\/deputado\/wp-json\/wp\/v2\/tags?post=3039"}],"curies":[{"name":"wp","href":"https:\/\/api.w.org\/{rel}","templated":true}]}}