{"id":3013,"date":"2011-03-26T16:26:54","date_gmt":"2011-03-26T20:26:54","guid":{"rendered":"http:\/\/www.deputadovander.com.br\/website\/?p=3013"},"modified":"2011-03-26T16:26:54","modified_gmt":"2011-03-26T20:26:54","slug":"website-de-vander-divulga-informacoes-sobre-mudanca-no-codigo-florestal","status":"publish","type":"post","link":"https:\/\/vanderloubet.com.br\/deputado\/website-de-vander-divulga-informacoes-sobre-mudanca-no-codigo-florestal\/","title":{"rendered":"Vander divulga informa\u00e7\u00f5es sobre mudan\u00e7a no C\u00f3digo Florestal"},"content":{"rendered":"<p style=\"text-align: center;\"><figure id=\"attachment_3029\" aria-describedby=\"caption-attachment-3029\" style=\"width: 400px\" class=\"wp-caption aligncenter\"><a href=\"http:\/\/www.deputadovander.com.br\/website\/wp-content\/uploads\/2011\/03\/foto-2011-03-26-page-codigo-florestal.jpg\" target=\"_blank\"><img decoding=\"async\" class=\"size-medium wp-image-3029 \" title=\"foto-2011-03-26-page-codigo-florestal\" src=\"http:\/\/www.deputadovander.com.br\/website\/wp-content\/uploads\/2011\/03\/foto-2011-03-26-page-codigo-florestal-400x270.jpg\" alt=\"P\u00e1gina traz informa\u00e7\u00f5es sobre C\u00f3digo Florestal\" width=\"400\" height=\"270\" \/><\/a><figcaption id=\"caption-attachment-3029\" class=\"wp-caption-text\">P\u00e1gina traz informa\u00e7\u00f5es sobre C\u00f3digo Florestal<\/figcaption><\/figure><\/p>\n<p>O mandato do deputado federal Vander Loubet (PT-MS) colocou no ar neste s\u00e1bado (26) uma p\u00e1gina dentro do website do deputado com informa\u00e7\u00f5es sobre o processo de mudan\u00e7a do C\u00f3digo Florestal brasileiro. Segundo Vander, o objetivo \u00e9 permitir que os internautas possam conhecer melhor o projeto de lei que trata do tema, bem como os acontecimentos em torno do novo C\u00f3digo.<\/p>\n<p>&#8220;H\u00e1 muita informa\u00e7\u00e3o desencontrada e muitos boatos inver\u00eddicos sobre o novo C\u00f3digo Florestal. A id\u00e9ia \u00e9 poder reunir num lugar s\u00f3 informa\u00e7\u00f5es precisas sobre o assunto. \u00c9 importante que as pessoas tenham acesso a esse conte\u00fado, pois \u00e9 um tema que mexe com a na\u00e7\u00e3o e influencia diversos setores da sociedade&#8221;, destacou o parlamentar petista, que \u00e9 um dos representantes do governo numa c\u00e2mara conciliat\u00f3ria criada para analisar as mudan\u00e7as do C\u00f3digo Florestal e submeter um texto para vota\u00e7\u00e3o na C\u00e2mara Federal.<\/p>\n<p>Na <strong><a title=\"Link\" href=\"http:\/\/www.deputadovander.com.br\/website\/hotpages\/codigo-florestal\/\" target=\"_blank\">p\u00e1gina<\/a><\/strong> &#8211; que pode ser acessada por meio de um banner no site de Vander &#8211; h\u00e1 links para a legisla\u00e7\u00e3o em vigor, o projeto de lei que altera o C\u00f3digo e o parecer do relator da proposta, deputado Aldo Rebelo (PCdoB-SP). Tamb\u00e9m h\u00e1 links para entrevistas e not\u00edcias sobre o assunto, inclusive um quadro comparativo entre o atual C\u00f3digo Florestal e a nova proposta.<\/p>\n<p>As pessoas interessadas em contribuir com o material podem enviar links pelo <a title=\"Link\" href=\"http:\/\/www.deputadovander.com.br\/website\/contato\/\">formul\u00e1rio de contato<\/a> do website do mandato do deputado Vander ou, ainda, dar sua opini\u00e3o pelo formul\u00e1rio existente na pr\u00f3pria p\u00e1gina sobre o C\u00f3digo Florestal.<\/p>\n<p><strong>C\u00e2mara conciliat\u00f3ria<\/strong><\/p>\n<p>Por conta das diverg\u00eancias entre produtores e ambientalistas em torno do novo C\u00f3digo, a C\u00e2mara dos Deputados instalou, no in\u00edcio de mar\u00e7o, a C\u00e2mara de Negocia\u00e7\u00e3o das Mudan\u00e7as no C\u00f3digo Florestal. O colegiado \u00e9 composto por 14 deputados: quatro representantes da produ\u00e7\u00e3o rural, quatro defensores do meio ambiente, dois da lideran\u00e7a do governo e dois da lideran\u00e7a da oposi\u00e7\u00e3o, al\u00e9m do relator Rebelo e do representante da Mesa Diretora, o primeiro-secret\u00e1rio Eduardo Gomes (PSDB-TO).<\/p>\n<p>Um dos nomes que v\u00e3o representar o Governo \u00e9 o do deputado Vander Loubet, indicado pelo l\u00edder do governo na C\u00e2mara, deputado C\u00e2ndido Vaccarezza (PT-SP). Segundo Vaccarezza, a op\u00e7\u00e3o por Vander levou em considera\u00e7\u00e3o a capacidade de negocia\u00e7\u00e3o e de tr\u00e2nsito do parlamentar sul-mato-grossense no Congresso e em Bras\u00edlia.<\/p>\n<p>Para Vander, a sociedade brasileira quer uma solu\u00e7\u00e3o de entendimento que seja capaz de compatibilizar os interesses da produ\u00e7\u00e3o rural com a necessidade de preserva\u00e7\u00e3o do meio ambiente. &#8220;O esfor\u00e7o da C\u00e2mara de Negocia\u00e7\u00e3o ser\u00e1 pelo entendimento entre as partes. Nosso papel vai ser de buscar um consenso para levar um texto ao plen\u00e1rio que represente o equil\u00edbrio&#8221;, destacou.<\/p>\n<p><small>(\u00c9der Yanaguita\/Assessoria de Comunica\u00e7\u00e3o)<\/small><\/p>\n","protected":false},"excerpt":{"rendered":"<p>Segundo o deputado, id\u00e9ia \u00e9 reunir num lugar s\u00f3 informa\u00e7\u00f5es precisas sobre o assunto, j\u00e1 que h\u00e1 muitos boatos.<\/p>\n","protected":false},"author":2,"featured_media":0,"comment_status":"open","ping_status":"open","sticky":false,"template":"","format":"standard","meta":{"jetpack_post_was_ever_published":false,"_jetpack_newsletter_access":"","_jetpack_dont_email_post_to_subs":false,"_jetpack_newsletter_tier_id":0,"_jetpack_memberships_contains_paywalled_content":false,"_jetpack_memberships_contains_paid_content":false,"footnotes":""},"categories":[10],"tags":[88,332,349,467,502,608,807,853,1139,1178,1683,2023,2033],"class_list":{"0":"post-3013","1":"post","2":"type-post","3":"status-publish","4":"format-standard","6":"category-noticias","7":"tag-aldo","8":"tag-camara","9":"tag-candido","10":"tag-codigo","11":"tag-congresso","12":"tag-deputado","13":"tag-federal","14":"tag-florestal","15":"tag-lei","16":"tag-loubet","17":"tag-rebelo","18":"tag-vaccarezza","19":"tag-vander"},"yoast_head":"<!-- This site is optimized with the Yoast SEO plugin v27.4 - https:\/\/yoast.com\/product\/yoast-seo-wordpress\/ -->\n<title>Vander divulga informa\u00e7\u00f5es sobre mudan\u00e7a no C\u00f3digo Florestal<\/title>\n<meta name=\"robots\" content=\"index, follow, max-snippet:-1, max-image-preview:large, max-video-preview:-1\" \/>\n<link rel=\"canonical\" href=\"http:\/\/vanderloubet.com.br\/deputado\/website-de-vander-divulga-informacoes-sobre-mudanca-no-codigo-florestal\/\" \/>\n<meta property=\"og:locale\" content=\"pt_BR\" \/>\n<meta property=\"og:type\" content=\"article\" \/>\n<meta property=\"og:title\" content=\"Vander divulga informa\u00e7\u00f5es sobre mudan\u00e7a no C\u00f3digo Florestal\" \/>\n<meta property=\"og:description\" content=\"Segundo o deputado, id\u00e9ia \u00e9 reunir num lugar s\u00f3 informa\u00e7\u00f5es precisas sobre o assunto, j\u00e1 que h\u00e1 muitos boatos.\" \/>\n<meta property=\"og:url\" content=\"http:\/\/vanderloubet.com.br\/deputado\/website-de-vander-divulga-informacoes-sobre-mudanca-no-codigo-florestal\/\" \/>\n<meta property=\"og:site_name\" content=\"Deputado Federal Vander Loubet\" \/>\n<meta property=\"article:publisher\" content=\"https:\/\/facebook.com\/deputadovander\" \/>\n<meta property=\"article:published_time\" content=\"2011-03-26T20:26:54+00:00\" \/>\n<meta property=\"og:image\" content=\"http:\/\/www.deputadovander.com.br\/website\/wp-content\/uploads\/2011\/03\/foto-2011-03-26-page-codigo-florestal-400x270.jpg\" \/>\n<meta name=\"author\" content=\"\u00c9der\" \/>\n<meta name=\"twitter:card\" content=\"summary_large_image\" \/>\n<meta name=\"twitter:creator\" content=\"@vanderloubet\" \/>\n<meta name=\"twitter:site\" content=\"@vanderloubet\" \/>\n<script type=\"application\/ld+json\" class=\"yoast-schema-graph\">{\"@context\":\"https:\\\/\\\/schema.org\",\"@graph\":[{\"@type\":\"Article\",\"@id\":\"http:\\\/\\\/vanderloubet.com.br\\\/deputado\\\/website-de-vander-divulga-informacoes-sobre-mudanca-no-codigo-florestal\\\/#article\",\"isPartOf\":{\"@id\":\"http:\\\/\\\/vanderloubet.com.br\\\/deputado\\\/website-de-vander-divulga-informacoes-sobre-mudanca-no-codigo-florestal\\\/\"},\"author\":{\"name\":\"\u00c9der\",\"@id\":\"https:\\\/\\\/vanderloubet.com.br\\\/deputado\\\/#\\\/schema\\\/person\\\/15b51bd564532a8a68d9dec1b8eb890e\"},\"headline\":\"Vander divulga informa\u00e7\u00f5es sobre mudan\u00e7a no C\u00f3digo Florestal\",\"datePublished\":\"2011-03-26T20:26:54+00:00\",\"mainEntityOfPage\":{\"@id\":\"http:\\\/\\\/vanderloubet.com.br\\\/deputado\\\/website-de-vander-divulga-informacoes-sobre-mudanca-no-codigo-florestal\\\/\"},\"wordCount\":520,\"commentCount\":0,\"publisher\":{\"@id\":\"https:\\\/\\\/vanderloubet.com.br\\\/deputado\\\/#organization\"},\"image\":{\"@id\":\"http:\\\/\\\/vanderloubet.com.br\\\/deputado\\\/website-de-vander-divulga-informacoes-sobre-mudanca-no-codigo-florestal\\\/#primaryimage\"},\"thumbnailUrl\":\"http:\\\/\\\/www.deputadovander.com.br\\\/website\\\/wp-content\\\/uploads\\\/2011\\\/03\\\/foto-2011-03-26-page-codigo-florestal-400x270.jpg\",\"keywords\":[\"aldo\",\"c\u00e2mara\",\"c\u00e2ndido\",\"c\u00f3digo\",\"congresso\",\"deputado\",\"federal\",\"florestal\",\"lei\",\"loubet\",\"rebelo\",\"vaccarezza\",\"vander\"],\"articleSection\":[\"Not\u00edcias\"],\"inLanguage\":\"pt-BR\",\"potentialAction\":[{\"@type\":\"CommentAction\",\"name\":\"Comment\",\"target\":[\"http:\\\/\\\/vanderloubet.com.br\\\/deputado\\\/website-de-vander-divulga-informacoes-sobre-mudanca-no-codigo-florestal\\\/#respond\"]}]},{\"@type\":\"WebPage\",\"@id\":\"http:\\\/\\\/vanderloubet.com.br\\\/deputado\\\/website-de-vander-divulga-informacoes-sobre-mudanca-no-codigo-florestal\\\/\",\"url\":\"http:\\\/\\\/vanderloubet.com.br\\\/deputado\\\/website-de-vander-divulga-informacoes-sobre-mudanca-no-codigo-florestal\\\/\",\"name\":\"Vander divulga informa\u00e7\u00f5es sobre mudan\u00e7a no C\u00f3digo Florestal\",\"isPartOf\":{\"@id\":\"https:\\\/\\\/vanderloubet.com.br\\\/deputado\\\/#website\"},\"primaryImageOfPage\":{\"@id\":\"http:\\\/\\\/vanderloubet.com.br\\\/deputado\\\/website-de-vander-divulga-informacoes-sobre-mudanca-no-codigo-florestal\\\/#primaryimage\"},\"image\":{\"@id\":\"http:\\\/\\\/vanderloubet.com.br\\\/deputado\\\/website-de-vander-divulga-informacoes-sobre-mudanca-no-codigo-florestal\\\/#primaryimage\"},\"thumbnailUrl\":\"http:\\\/\\\/www.deputadovander.com.br\\\/website\\\/wp-content\\\/uploads\\\/2011\\\/03\\\/foto-2011-03-26-page-codigo-florestal-400x270.jpg\",\"datePublished\":\"2011-03-26T20:26:54+00:00\",\"breadcrumb\":{\"@id\":\"http:\\\/\\\/vanderloubet.com.br\\\/deputado\\\/website-de-vander-divulga-informacoes-sobre-mudanca-no-codigo-florestal\\\/#breadcrumb\"},\"inLanguage\":\"pt-BR\",\"potentialAction\":[{\"@type\":\"ReadAction\",\"target\":[\"http:\\\/\\\/vanderloubet.com.br\\\/deputado\\\/website-de-vander-divulga-informacoes-sobre-mudanca-no-codigo-florestal\\\/\"]}]},{\"@type\":\"ImageObject\",\"inLanguage\":\"pt-BR\",\"@id\":\"http:\\\/\\\/vanderloubet.com.br\\\/deputado\\\/website-de-vander-divulga-informacoes-sobre-mudanca-no-codigo-florestal\\\/#primaryimage\",\"url\":\"http:\\\/\\\/www.deputadovander.com.br\\\/website\\\/wp-content\\\/uploads\\\/2011\\\/03\\\/foto-2011-03-26-page-codigo-florestal-400x270.jpg\",\"contentUrl\":\"http:\\\/\\\/www.deputadovander.com.br\\\/website\\\/wp-content\\\/uploads\\\/2011\\\/03\\\/foto-2011-03-26-page-codigo-florestal-400x270.jpg\"},{\"@type\":\"BreadcrumbList\",\"@id\":\"http:\\\/\\\/vanderloubet.com.br\\\/deputado\\\/website-de-vander-divulga-informacoes-sobre-mudanca-no-codigo-florestal\\\/#breadcrumb\",\"itemListElement\":[{\"@type\":\"ListItem\",\"position\":1,\"name\":\"In\u00edcio\",\"item\":\"https:\\\/\\\/vanderloubet.com.br\\\/deputado\\\/\"},{\"@type\":\"ListItem\",\"position\":2,\"name\":\"Vander divulga informa\u00e7\u00f5es sobre mudan\u00e7a no C\u00f3digo Florestal\"}]},{\"@type\":\"WebSite\",\"@id\":\"https:\\\/\\\/vanderloubet.com.br\\\/deputado\\\/#website\",\"url\":\"https:\\\/\\\/vanderloubet.com.br\\\/deputado\\\/\",\"name\":\"Deputado Federal Vander Loubet\",\"description\":\"O Federal de MS\",\"publisher\":{\"@id\":\"https:\\\/\\\/vanderloubet.com.br\\\/deputado\\\/#organization\"},\"alternateName\":\"Deputado Vander\",\"potentialAction\":[{\"@type\":\"SearchAction\",\"target\":{\"@type\":\"EntryPoint\",\"urlTemplate\":\"https:\\\/\\\/vanderloubet.com.br\\\/deputado\\\/?s={search_term_string}\"},\"query-input\":{\"@type\":\"PropertyValueSpecification\",\"valueRequired\":true,\"valueName\":\"search_term_string\"}}],\"inLanguage\":\"pt-BR\"},{\"@type\":\"Organization\",\"@id\":\"https:\\\/\\\/vanderloubet.com.br\\\/deputado\\\/#organization\",\"name\":\"Deputado Federal Vander Loubet\",\"alternateName\":\"Deputado Vander\",\"url\":\"https:\\\/\\\/vanderloubet.com.br\\\/deputado\\\/\",\"logo\":{\"@type\":\"ImageObject\",\"inLanguage\":\"pt-BR\",\"@id\":\"https:\\\/\\\/vanderloubet.com.br\\\/deputado\\\/#\\\/schema\\\/logo\\\/image\\\/\",\"url\":\"https:\\\/\\\/vanderloubet.com.br\\\/deputado\\\/wp-content\\\/uploads\\\/2023\\\/06\\\/foto-2023-06-19-mandato-deputado-vander.jpg\",\"contentUrl\":\"https:\\\/\\\/vanderloubet.com.br\\\/deputado\\\/wp-content\\\/uploads\\\/2023\\\/06\\\/foto-2023-06-19-mandato-deputado-vander.jpg\",\"width\":1080,\"height\":1080,\"caption\":\"Deputado Federal Vander Loubet\"},\"image\":{\"@id\":\"https:\\\/\\\/vanderloubet.com.br\\\/deputado\\\/#\\\/schema\\\/logo\\\/image\\\/\"},\"sameAs\":[\"https:\\\/\\\/facebook.com\\\/deputadovander\",\"https:\\\/\\\/x.com\\\/vanderloubet\",\"https:\\\/\\\/instagram.com\\\/vanderloubet\",\"https:\\\/\\\/youtube.com\\\/vanderloubet\",\"https:\\\/\\\/tiktok.com\\\/@vanderloubetms\"]},{\"@type\":\"Person\",\"@id\":\"https:\\\/\\\/vanderloubet.com.br\\\/deputado\\\/#\\\/schema\\\/person\\\/15b51bd564532a8a68d9dec1b8eb890e\",\"name\":\"\u00c9der\",\"image\":{\"@type\":\"ImageObject\",\"inLanguage\":\"pt-BR\",\"@id\":\"https:\\\/\\\/vanderloubet.com.br\\\/deputado\\\/wp-content\\\/litespeed\\\/avatar\\\/88ca4090d9d5ab1c9495f6ca03b68efa.jpg?ver=1777058957\",\"url\":\"https:\\\/\\\/vanderloubet.com.br\\\/deputado\\\/wp-content\\\/litespeed\\\/avatar\\\/88ca4090d9d5ab1c9495f6ca03b68efa.jpg?ver=1777058957\",\"contentUrl\":\"https:\\\/\\\/vanderloubet.com.br\\\/deputado\\\/wp-content\\\/litespeed\\\/avatar\\\/88ca4090d9d5ab1c9495f6ca03b68efa.jpg?ver=1777058957\",\"caption\":\"\u00c9der\"}}]}<\/script>\n<!-- \/ Yoast SEO plugin. -->","yoast_head_json":{"title":"Vander divulga informa\u00e7\u00f5es sobre mudan\u00e7a no C\u00f3digo Florestal","robots":{"index":"index","follow":"follow","max-snippet":"max-snippet:-1","max-image-preview":"max-image-preview:large","max-video-preview":"max-video-preview:-1"},"canonical":"http:\/\/vanderloubet.com.br\/deputado\/website-de-vander-divulga-informacoes-sobre-mudanca-no-codigo-florestal\/","og_locale":"pt_BR","og_type":"article","og_title":"Vander divulga informa\u00e7\u00f5es sobre mudan\u00e7a no C\u00f3digo Florestal","og_description":"Segundo o deputado, id\u00e9ia \u00e9 reunir num lugar s\u00f3 informa\u00e7\u00f5es precisas sobre o assunto, j\u00e1 que h\u00e1 muitos boatos.","og_url":"http:\/\/vanderloubet.com.br\/deputado\/website-de-vander-divulga-informacoes-sobre-mudanca-no-codigo-florestal\/","og_site_name":"Deputado Federal Vander Loubet","article_publisher":"https:\/\/facebook.com\/deputadovander","article_published_time":"2011-03-26T20:26:54+00:00","og_image":[{"url":"http:\/\/www.deputadovander.com.br\/website\/wp-content\/uploads\/2011\/03\/foto-2011-03-26-page-codigo-florestal-400x270.jpg","type":"","width":"","height":""}],"author":"\u00c9der","twitter_card":"summary_large_image","twitter_creator":"@vanderloubet","twitter_site":"@vanderloubet","schema":{"@context":"https:\/\/schema.org","@graph":[{"@type":"Article","@id":"http:\/\/vanderloubet.com.br\/deputado\/website-de-vander-divulga-informacoes-sobre-mudanca-no-codigo-florestal\/#article","isPartOf":{"@id":"http:\/\/vanderloubet.com.br\/deputado\/website-de-vander-divulga-informacoes-sobre-mudanca-no-codigo-florestal\/"},"author":{"name":"\u00c9der","@id":"https:\/\/vanderloubet.com.br\/deputado\/#\/schema\/person\/15b51bd564532a8a68d9dec1b8eb890e"},"headline":"Vander divulga informa\u00e7\u00f5es sobre mudan\u00e7a no C\u00f3digo Florestal","datePublished":"2011-03-26T20:26:54+00:00","mainEntityOfPage":{"@id":"http:\/\/vanderloubet.com.br\/deputado\/website-de-vander-divulga-informacoes-sobre-mudanca-no-codigo-florestal\/"},"wordCount":520,"commentCount":0,"publisher":{"@id":"https:\/\/vanderloubet.com.br\/deputado\/#organization"},"image":{"@id":"http:\/\/vanderloubet.com.br\/deputado\/website-de-vander-divulga-informacoes-sobre-mudanca-no-codigo-florestal\/#primaryimage"},"thumbnailUrl":"http:\/\/www.deputadovander.com.br\/website\/wp-content\/uploads\/2011\/03\/foto-2011-03-26-page-codigo-florestal-400x270.jpg","keywords":["aldo","c\u00e2mara","c\u00e2ndido","c\u00f3digo","congresso","deputado","federal","florestal","lei","loubet","rebelo","vaccarezza","vander"],"articleSection":["Not\u00edcias"],"inLanguage":"pt-BR","potentialAction":[{"@type":"CommentAction","name":"Comment","target":["http:\/\/vanderloubet.com.br\/deputado\/website-de-vander-divulga-informacoes-sobre-mudanca-no-codigo-florestal\/#respond"]}]},{"@type":"WebPage","@id":"http:\/\/vanderloubet.com.br\/deputado\/website-de-vander-divulga-informacoes-sobre-mudanca-no-codigo-florestal\/","url":"http:\/\/vanderloubet.com.br\/deputado\/website-de-vander-divulga-informacoes-sobre-mudanca-no-codigo-florestal\/","name":"Vander divulga informa\u00e7\u00f5es sobre mudan\u00e7a no C\u00f3digo Florestal","isPartOf":{"@id":"https:\/\/vanderloubet.com.br\/deputado\/#website"},"primaryImageOfPage":{"@id":"http:\/\/vanderloubet.com.br\/deputado\/website-de-vander-divulga-informacoes-sobre-mudanca-no-codigo-florestal\/#primaryimage"},"image":{"@id":"http:\/\/vanderloubet.com.br\/deputado\/website-de-vander-divulga-informacoes-sobre-mudanca-no-codigo-florestal\/#primaryimage"},"thumbnailUrl":"http:\/\/www.deputadovander.com.br\/website\/wp-content\/uploads\/2011\/03\/foto-2011-03-26-page-codigo-florestal-400x270.jpg","datePublished":"2011-03-26T20:26:54+00:00","breadcrumb":{"@id":"http:\/\/vanderloubet.com.br\/deputado\/website-de-vander-divulga-informacoes-sobre-mudanca-no-codigo-florestal\/#breadcrumb"},"inLanguage":"pt-BR","potentialAction":[{"@type":"ReadAction","target":["http:\/\/vanderloubet.com.br\/deputado\/website-de-vander-divulga-informacoes-sobre-mudanca-no-codigo-florestal\/"]}]},{"@type":"ImageObject","inLanguage":"pt-BR","@id":"http:\/\/vanderloubet.com.br\/deputado\/website-de-vander-divulga-informacoes-sobre-mudanca-no-codigo-florestal\/#primaryimage","url":"http:\/\/www.deputadovander.com.br\/website\/wp-content\/uploads\/2011\/03\/foto-2011-03-26-page-codigo-florestal-400x270.jpg","contentUrl":"http:\/\/www.deputadovander.com.br\/website\/wp-content\/uploads\/2011\/03\/foto-2011-03-26-page-codigo-florestal-400x270.jpg"},{"@type":"BreadcrumbList","@id":"http:\/\/vanderloubet.com.br\/deputado\/website-de-vander-divulga-informacoes-sobre-mudanca-no-codigo-florestal\/#breadcrumb","itemListElement":[{"@type":"ListItem","position":1,"name":"In\u00edcio","item":"https:\/\/vanderloubet.com.br\/deputado\/"},{"@type":"ListItem","position":2,"name":"Vander divulga informa\u00e7\u00f5es sobre mudan\u00e7a no C\u00f3digo Florestal"}]},{"@type":"WebSite","@id":"https:\/\/vanderloubet.com.br\/deputado\/#website","url":"https:\/\/vanderloubet.com.br\/deputado\/","name":"Deputado Federal Vander Loubet","description":"O Federal de MS","publisher":{"@id":"https:\/\/vanderloubet.com.br\/deputado\/#organization"},"alternateName":"Deputado Vander","potentialAction":[{"@type":"SearchAction","target":{"@type":"EntryPoint","urlTemplate":"https:\/\/vanderloubet.com.br\/deputado\/?s={search_term_string}"},"query-input":{"@type":"PropertyValueSpecification","valueRequired":true,"valueName":"search_term_string"}}],"inLanguage":"pt-BR"},{"@type":"Organization","@id":"https:\/\/vanderloubet.com.br\/deputado\/#organization","name":"Deputado Federal Vander Loubet","alternateName":"Deputado Vander","url":"https:\/\/vanderloubet.com.br\/deputado\/","logo":{"@type":"ImageObject","inLanguage":"pt-BR","@id":"https:\/\/vanderloubet.com.br\/deputado\/#\/schema\/logo\/image\/","url":"https:\/\/vanderloubet.com.br\/deputado\/wp-content\/uploads\/2023\/06\/foto-2023-06-19-mandato-deputado-vander.jpg","contentUrl":"https:\/\/vanderloubet.com.br\/deputado\/wp-content\/uploads\/2023\/06\/foto-2023-06-19-mandato-deputado-vander.jpg","width":1080,"height":1080,"caption":"Deputado Federal Vander Loubet"},"image":{"@id":"https:\/\/vanderloubet.com.br\/deputado\/#\/schema\/logo\/image\/"},"sameAs":["https:\/\/facebook.com\/deputadovander","https:\/\/x.com\/vanderloubet","https:\/\/instagram.com\/vanderloubet","https:\/\/youtube.com\/vanderloubet","https:\/\/tiktok.com\/@vanderloubetms"]},{"@type":"Person","@id":"https:\/\/vanderloubet.com.br\/deputado\/#\/schema\/person\/15b51bd564532a8a68d9dec1b8eb890e","name":"\u00c9der","image":{"@type":"ImageObject","inLanguage":"pt-BR","@id":"https:\/\/vanderloubet.com.br\/deputado\/wp-content\/litespeed\/avatar\/88ca4090d9d5ab1c9495f6ca03b68efa.jpg?ver=1777058957","url":"https:\/\/vanderloubet.com.br\/deputado\/wp-content\/litespeed\/avatar\/88ca4090d9d5ab1c9495f6ca03b68efa.jpg?ver=1777058957","contentUrl":"https:\/\/vanderloubet.com.br\/deputado\/wp-content\/litespeed\/avatar\/88ca4090d9d5ab1c9495f6ca03b68efa.jpg?ver=1777058957","caption":"\u00c9der"}}]}},"jetpack_featured_media_url":"","jetpack_sharing_enabled":true,"_links":{"self":[{"href":"https:\/\/vanderloubet.com.br\/deputado\/wp-json\/wp\/v2\/posts\/3013","targetHints":{"allow":["GET"]}}],"collection":[{"href":"https:\/\/vanderloubet.com.br\/deputado\/wp-json\/wp\/v2\/posts"}],"about":[{"href":"https:\/\/vanderloubet.com.br\/deputado\/wp-json\/wp\/v2\/types\/post"}],"author":[{"embeddable":true,"href":"https:\/\/vanderloubet.com.br\/deputado\/wp-json\/wp\/v2\/users\/2"}],"replies":[{"embeddable":true,"href":"https:\/\/vanderloubet.com.br\/deputado\/wp-json\/wp\/v2\/comments?post=3013"}],"version-history":[{"count":0,"href":"https:\/\/vanderloubet.com.br\/deputado\/wp-json\/wp\/v2\/posts\/3013\/revisions"}],"wp:attachment":[{"href":"https:\/\/vanderloubet.com.br\/deputado\/wp-json\/wp\/v2\/media?parent=3013"}],"wp:term":[{"taxonomy":"category","embeddable":true,"href":"https:\/\/vanderloubet.com.br\/deputado\/wp-json\/wp\/v2\/categories?post=3013"},{"taxonomy":"post_tag","embeddable":true,"href":"https:\/\/vanderloubet.com.br\/deputado\/wp-json\/wp\/v2\/tags?post=3013"}],"curies":[{"name":"wp","href":"https:\/\/api.w.org\/{rel}","templated":true}]}}