{"id":2994,"date":"2011-03-21T18:26:14","date_gmt":"2011-03-21T22:26:14","guid":{"rendered":"http:\/\/www.deputadovander.com.br\/website\/?p=2994"},"modified":"2011-03-21T18:26:14","modified_gmt":"2011-03-21T22:26:14","slug":"para-vander-pesquisa-ajuda-a-consolidar-inicio-do-governo-dilma","status":"publish","type":"post","link":"https:\/\/vanderloubet.com.br\/deputado\/para-vander-pesquisa-ajuda-a-consolidar-inicio-do-governo-dilma\/","title":{"rendered":"Para Vander, pesquisa ajuda a consolidar in\u00edcio do governo Dilma"},"content":{"rendered":"<p style=\"text-align: center;\">\n<figure id=\"attachment_2995\" aria-describedby=\"caption-attachment-2995\" style=\"width: 400px\" class=\"wp-caption aligncenter\"><a href=\"http:\/\/www.deputadovander.com.br\/website\/wp-content\/uploads\/2011\/03\/foto-2011-03-21-pesquisa-datafolha-dilma.jpg\" target=\"_blank\"><img decoding=\"async\" class=\"size-medium wp-image-2995 \" title=\"foto-2011-03-21-pesquisa-datafolha-dilma\" src=\"http:\/\/www.deputadovander.com.br\/website\/wp-content\/uploads\/2011\/03\/foto-2011-03-21-pesquisa-datafolha-dilma-400x238.jpg\" alt=\"Destaques da pesquisa Datafolha\" width=\"400\" height=\"238\" \/><\/a><figcaption id=\"caption-attachment-2995\" class=\"wp-caption-text\">Destaques da pesquisa Datafolha (clique p\/ ampliar)<\/figcaption><\/figure>\n<\/p>\n<p>Divulgada no \u00faltimo domingo (20) pelo jornal Folha de S. Paulo e revelando altos \u00edndices de aprova\u00e7\u00e3o popular para o governo de Dilma Rousseff, a pesquisa Datafolha traz um bom conte\u00fado para consolidar o in\u00edcio da gest\u00e3o presidencial. A opini\u00e3o \u00e9 do deputado federal Vander Loubet (PT-MS), para quem a sintonia entre a mandat\u00e1ria e a sociedade, constru\u00edda desde a campanha, precisa ser mantida e aperfei\u00e7oada ao longo de sua administra\u00e7\u00e3o. O Datafolha apurou, entre outros \u00edndices favor\u00e1veis, que 47% dos brasileiros e brasileiras aprovam a gest\u00e3o da presidenta. Foram entrevistadas 3.767 pessoas em 179 munic\u00edpios nos dias 15 e 16 deste m\u00eas.<\/p>\n<p>Vander observa que o par\u00e2metro da sondagem confirma o cuidado da dirigente com a forma\u00e7\u00e3o do minist\u00e9rio e a articula\u00e7\u00e3o da base governista, al\u00e9m da capacidade de esquecer o palanque e buscar a interlocu\u00e7\u00e3o com todas as vertentes pol\u00edticas e sociais. &#8220;Para responder aos seus maiores desafios, o Pa\u00eds precisa ter como base a rela\u00e7\u00e3o s\u00f3lida, transparente e democr\u00e1tica entre o governo e a popula\u00e7\u00e3o. Com isso, \u00e9 poss\u00edvel construir linguagens comuns e procedimentos capazes de atender diferentes aspira\u00e7\u00f5es de uma sociedade t\u00e3o plural quanto a nossa&#8221;, acrescentou.<\/p>\n<p>Para o deputado, Dilma foi exemplar quando, logo ap\u00f3s o segundo turno e a proclama\u00e7\u00e3o dos resultados, provou ser hora de esquecer os palanques e firmar os alicerces de uma gest\u00e3o compartilhada com todas a for\u00e7as. &#8220;Neste aspecto, tivemos o precedente de grandeza do presidente Lula, que governou um Brasil com e para todos os brasileiros&#8221;, analisa o parlamentar. N\u00e3o por acaso, segundo Vander, a pesquisa Datafolha constata que a administra\u00e7\u00e3o da presidenta Dilma recebeu bom e \u00f3timo de 15% dos eleitores do tucano Jos\u00e9 Serra, seu mais forte e combativo advers\u00e1rio na disputa presidencial.<\/p>\n<p><strong>Recortes<\/strong><\/p>\n<p>Apesar dos resultados positivos, o deputado Vander chama a aten\u00e7\u00e3o para dados pontuais da pesquisa que podem e devem contribuir no ajuste dos rumos e das decis\u00f5es de governo. Lembra que a sa\u00fade, a viol\u00eancia\/seguran\u00e7a e a educa\u00e7\u00e3o foram citadas ao Datafolha como os tr\u00eas maiores problemas do Brasil. &#8220;S\u00e3o \u00e1reas que j\u00e1 vinham merecendo aten\u00e7\u00e3o especial no governo Lula. E certamente a nossa presidenta vai redobrar ao m\u00e1ximo essa aten\u00e7\u00e3o dentro das pol\u00edticas p\u00fablicas de investimentos&#8221;, deduz o parlamentar. &#8220;Estou certo que esses \u00edndices v\u00e3o cair \u00e0 medida que o governo for desenvolvendo os programas e ampliando a cobertura social&#8221;.<\/p>\n<p>A primeira pesquisa de Dilma como presidenta det\u00e9m marcas hist\u00f3ricas. Com os 47% de bom e \u00f3timo no primeiro trimestre de governo, ela supera os 43% que Lula alcan\u00e7ou em igual per\u00edodo no primeiro mandato e se iguala tecnicamente aos 48% obtidos pelo petista na segunda gest\u00e3o. Ela superou tamb\u00e9m, em compara\u00e7\u00e3o com os tr\u00eas primeiros meses de cada antecessor avaliados em pesquisa, os 34% de Fernando Collor, os 34% de Itamar Franco, e os 39% e 21% de Fernando Henrique no primeiro e segundo mandatos.<\/p>\n<p><small>(texto: Edson Moraes\/Assessoria &#8211; gr\u00e1fico: Folha de S. Paulo)<\/small><\/p>\n","protected":false},"excerpt":{"rendered":"<p>O deputado chama aten\u00e7\u00e3o para dados pontuais da pesquisa que podem contribuir no ajuste de rumos e decis\u00f5es de governo.<\/p>\n","protected":false},"author":2,"featured_media":0,"comment_status":"closed","ping_status":"open","sticky":false,"template":"","format":"standard","meta":{"jetpack_post_was_ever_published":false,"_jetpack_newsletter_access":"","_jetpack_dont_email_post_to_subs":false,"_jetpack_newsletter_tier_id":0,"_jetpack_memberships_contains_paywalled_content":false,"_jetpack_memberships_contains_paid_content":false,"footnotes":""},"categories":[10],"tags":[573,608,631,807,1178,1189,1538,1613,1655,1757,2033],"class_list":{"0":"post-2994","1":"post","2":"type-post","3":"status-publish","4":"format-standard","6":"category-noticias","7":"tag-datafolha","8":"tag-deputado","9":"tag-dilma","10":"tag-federal","11":"tag-loubet","12":"tag-lula","13":"tag-pesquisa","14":"tag-presidenta","15":"tag-pt","16":"tag-rousseff","17":"tag-vander"},"yoast_head":"<!-- This site is optimized with the Yoast SEO plugin v27.4 - https:\/\/yoast.com\/product\/yoast-seo-wordpress\/ -->\n<title>Para Vander, pesquisa ajuda a consolidar in\u00edcio do governo Dilma<\/title>\n<meta name=\"robots\" content=\"index, follow, max-snippet:-1, max-image-preview:large, max-video-preview:-1\" \/>\n<link rel=\"canonical\" href=\"https:\/\/vanderloubet.com.br\/deputado\/para-vander-pesquisa-ajuda-a-consolidar-inicio-do-governo-dilma\/\" \/>\n<meta property=\"og:locale\" content=\"pt_BR\" \/>\n<meta property=\"og:type\" content=\"article\" \/>\n<meta property=\"og:title\" content=\"Para Vander, pesquisa ajuda a consolidar in\u00edcio do governo Dilma\" \/>\n<meta property=\"og:description\" content=\"O deputado chama aten\u00e7\u00e3o para dados pontuais da pesquisa que podem contribuir no ajuste de rumos e decis\u00f5es de governo.\" \/>\n<meta property=\"og:url\" content=\"https:\/\/vanderloubet.com.br\/deputado\/para-vander-pesquisa-ajuda-a-consolidar-inicio-do-governo-dilma\/\" \/>\n<meta property=\"og:site_name\" content=\"Deputado Federal Vander Loubet\" \/>\n<meta property=\"article:publisher\" content=\"https:\/\/facebook.com\/deputadovander\" \/>\n<meta property=\"article:published_time\" content=\"2011-03-21T22:26:14+00:00\" \/>\n<meta property=\"og:image\" content=\"http:\/\/www.deputadovander.com.br\/website\/wp-content\/uploads\/2011\/03\/foto-2011-03-21-pesquisa-datafolha-dilma-400x238.jpg\" \/>\n<meta name=\"author\" content=\"\u00c9der\" \/>\n<meta name=\"twitter:card\" content=\"summary_large_image\" \/>\n<meta name=\"twitter:creator\" content=\"@vanderloubet\" \/>\n<meta name=\"twitter:site\" content=\"@vanderloubet\" \/>\n<script type=\"application\/ld+json\" class=\"yoast-schema-graph\">{\"@context\":\"https:\\\/\\\/schema.org\",\"@graph\":[{\"@type\":\"Article\",\"@id\":\"https:\\\/\\\/vanderloubet.com.br\\\/deputado\\\/para-vander-pesquisa-ajuda-a-consolidar-inicio-do-governo-dilma\\\/#article\",\"isPartOf\":{\"@id\":\"https:\\\/\\\/vanderloubet.com.br\\\/deputado\\\/para-vander-pesquisa-ajuda-a-consolidar-inicio-do-governo-dilma\\\/\"},\"author\":{\"name\":\"\u00c9der\",\"@id\":\"https:\\\/\\\/vanderloubet.com.br\\\/deputado\\\/#\\\/schema\\\/person\\\/15b51bd564532a8a68d9dec1b8eb890e\"},\"headline\":\"Para Vander, pesquisa ajuda a consolidar in\u00edcio do governo Dilma\",\"datePublished\":\"2011-03-21T22:26:14+00:00\",\"mainEntityOfPage\":{\"@id\":\"https:\\\/\\\/vanderloubet.com.br\\\/deputado\\\/para-vander-pesquisa-ajuda-a-consolidar-inicio-do-governo-dilma\\\/\"},\"wordCount\":552,\"publisher\":{\"@id\":\"https:\\\/\\\/vanderloubet.com.br\\\/deputado\\\/#organization\"},\"image\":{\"@id\":\"https:\\\/\\\/vanderloubet.com.br\\\/deputado\\\/para-vander-pesquisa-ajuda-a-consolidar-inicio-do-governo-dilma\\\/#primaryimage\"},\"thumbnailUrl\":\"http:\\\/\\\/www.deputadovander.com.br\\\/website\\\/wp-content\\\/uploads\\\/2011\\\/03\\\/foto-2011-03-21-pesquisa-datafolha-dilma-400x238.jpg\",\"keywords\":[\"datafolha\",\"deputado\",\"dilma\",\"federal\",\"loubet\",\"lula\",\"pesquisa\",\"presidenta\",\"PT\",\"rousseff\",\"vander\"],\"articleSection\":[\"Not\u00edcias\"],\"inLanguage\":\"pt-BR\"},{\"@type\":\"WebPage\",\"@id\":\"https:\\\/\\\/vanderloubet.com.br\\\/deputado\\\/para-vander-pesquisa-ajuda-a-consolidar-inicio-do-governo-dilma\\\/\",\"url\":\"https:\\\/\\\/vanderloubet.com.br\\\/deputado\\\/para-vander-pesquisa-ajuda-a-consolidar-inicio-do-governo-dilma\\\/\",\"name\":\"Para Vander, pesquisa ajuda a consolidar in\u00edcio do governo Dilma\",\"isPartOf\":{\"@id\":\"https:\\\/\\\/vanderloubet.com.br\\\/deputado\\\/#website\"},\"primaryImageOfPage\":{\"@id\":\"https:\\\/\\\/vanderloubet.com.br\\\/deputado\\\/para-vander-pesquisa-ajuda-a-consolidar-inicio-do-governo-dilma\\\/#primaryimage\"},\"image\":{\"@id\":\"https:\\\/\\\/vanderloubet.com.br\\\/deputado\\\/para-vander-pesquisa-ajuda-a-consolidar-inicio-do-governo-dilma\\\/#primaryimage\"},\"thumbnailUrl\":\"http:\\\/\\\/www.deputadovander.com.br\\\/website\\\/wp-content\\\/uploads\\\/2011\\\/03\\\/foto-2011-03-21-pesquisa-datafolha-dilma-400x238.jpg\",\"datePublished\":\"2011-03-21T22:26:14+00:00\",\"breadcrumb\":{\"@id\":\"https:\\\/\\\/vanderloubet.com.br\\\/deputado\\\/para-vander-pesquisa-ajuda-a-consolidar-inicio-do-governo-dilma\\\/#breadcrumb\"},\"inLanguage\":\"pt-BR\",\"potentialAction\":[{\"@type\":\"ReadAction\",\"target\":[\"https:\\\/\\\/vanderloubet.com.br\\\/deputado\\\/para-vander-pesquisa-ajuda-a-consolidar-inicio-do-governo-dilma\\\/\"]}]},{\"@type\":\"ImageObject\",\"inLanguage\":\"pt-BR\",\"@id\":\"https:\\\/\\\/vanderloubet.com.br\\\/deputado\\\/para-vander-pesquisa-ajuda-a-consolidar-inicio-do-governo-dilma\\\/#primaryimage\",\"url\":\"http:\\\/\\\/www.deputadovander.com.br\\\/website\\\/wp-content\\\/uploads\\\/2011\\\/03\\\/foto-2011-03-21-pesquisa-datafolha-dilma-400x238.jpg\",\"contentUrl\":\"http:\\\/\\\/www.deputadovander.com.br\\\/website\\\/wp-content\\\/uploads\\\/2011\\\/03\\\/foto-2011-03-21-pesquisa-datafolha-dilma-400x238.jpg\"},{\"@type\":\"BreadcrumbList\",\"@id\":\"https:\\\/\\\/vanderloubet.com.br\\\/deputado\\\/para-vander-pesquisa-ajuda-a-consolidar-inicio-do-governo-dilma\\\/#breadcrumb\",\"itemListElement\":[{\"@type\":\"ListItem\",\"position\":1,\"name\":\"In\u00edcio\",\"item\":\"https:\\\/\\\/vanderloubet.com.br\\\/deputado\\\/\"},{\"@type\":\"ListItem\",\"position\":2,\"name\":\"Para Vander, pesquisa ajuda a consolidar in\u00edcio do governo Dilma\"}]},{\"@type\":\"WebSite\",\"@id\":\"https:\\\/\\\/vanderloubet.com.br\\\/deputado\\\/#website\",\"url\":\"https:\\\/\\\/vanderloubet.com.br\\\/deputado\\\/\",\"name\":\"Deputado Federal Vander Loubet\",\"description\":\"O Federal de MS\",\"publisher\":{\"@id\":\"https:\\\/\\\/vanderloubet.com.br\\\/deputado\\\/#organization\"},\"alternateName\":\"Deputado Vander\",\"potentialAction\":[{\"@type\":\"SearchAction\",\"target\":{\"@type\":\"EntryPoint\",\"urlTemplate\":\"https:\\\/\\\/vanderloubet.com.br\\\/deputado\\\/?s={search_term_string}\"},\"query-input\":{\"@type\":\"PropertyValueSpecification\",\"valueRequired\":true,\"valueName\":\"search_term_string\"}}],\"inLanguage\":\"pt-BR\"},{\"@type\":\"Organization\",\"@id\":\"https:\\\/\\\/vanderloubet.com.br\\\/deputado\\\/#organization\",\"name\":\"Deputado Federal Vander Loubet\",\"alternateName\":\"Deputado Vander\",\"url\":\"https:\\\/\\\/vanderloubet.com.br\\\/deputado\\\/\",\"logo\":{\"@type\":\"ImageObject\",\"inLanguage\":\"pt-BR\",\"@id\":\"https:\\\/\\\/vanderloubet.com.br\\\/deputado\\\/#\\\/schema\\\/logo\\\/image\\\/\",\"url\":\"https:\\\/\\\/vanderloubet.com.br\\\/deputado\\\/wp-content\\\/uploads\\\/2023\\\/06\\\/foto-2023-06-19-mandato-deputado-vander.jpg\",\"contentUrl\":\"https:\\\/\\\/vanderloubet.com.br\\\/deputado\\\/wp-content\\\/uploads\\\/2023\\\/06\\\/foto-2023-06-19-mandato-deputado-vander.jpg\",\"width\":1080,\"height\":1080,\"caption\":\"Deputado Federal Vander Loubet\"},\"image\":{\"@id\":\"https:\\\/\\\/vanderloubet.com.br\\\/deputado\\\/#\\\/schema\\\/logo\\\/image\\\/\"},\"sameAs\":[\"https:\\\/\\\/facebook.com\\\/deputadovander\",\"https:\\\/\\\/x.com\\\/vanderloubet\",\"https:\\\/\\\/instagram.com\\\/vanderloubet\",\"https:\\\/\\\/youtube.com\\\/vanderloubet\",\"https:\\\/\\\/tiktok.com\\\/@vanderloubetms\"]},{\"@type\":\"Person\",\"@id\":\"https:\\\/\\\/vanderloubet.com.br\\\/deputado\\\/#\\\/schema\\\/person\\\/15b51bd564532a8a68d9dec1b8eb890e\",\"name\":\"\u00c9der\",\"image\":{\"@type\":\"ImageObject\",\"inLanguage\":\"pt-BR\",\"@id\":\"https:\\\/\\\/vanderloubet.com.br\\\/deputado\\\/wp-content\\\/litespeed\\\/avatar\\\/88ca4090d9d5ab1c9495f6ca03b68efa.jpg?ver=1777058957\",\"url\":\"https:\\\/\\\/vanderloubet.com.br\\\/deputado\\\/wp-content\\\/litespeed\\\/avatar\\\/88ca4090d9d5ab1c9495f6ca03b68efa.jpg?ver=1777058957\",\"contentUrl\":\"https:\\\/\\\/vanderloubet.com.br\\\/deputado\\\/wp-content\\\/litespeed\\\/avatar\\\/88ca4090d9d5ab1c9495f6ca03b68efa.jpg?ver=1777058957\",\"caption\":\"\u00c9der\"}}]}<\/script>\n<!-- \/ Yoast SEO plugin. -->","yoast_head_json":{"title":"Para Vander, pesquisa ajuda a consolidar in\u00edcio do governo Dilma","robots":{"index":"index","follow":"follow","max-snippet":"max-snippet:-1","max-image-preview":"max-image-preview:large","max-video-preview":"max-video-preview:-1"},"canonical":"https:\/\/vanderloubet.com.br\/deputado\/para-vander-pesquisa-ajuda-a-consolidar-inicio-do-governo-dilma\/","og_locale":"pt_BR","og_type":"article","og_title":"Para Vander, pesquisa ajuda a consolidar in\u00edcio do governo Dilma","og_description":"O deputado chama aten\u00e7\u00e3o para dados pontuais da pesquisa que podem contribuir no ajuste de rumos e decis\u00f5es de governo.","og_url":"https:\/\/vanderloubet.com.br\/deputado\/para-vander-pesquisa-ajuda-a-consolidar-inicio-do-governo-dilma\/","og_site_name":"Deputado Federal Vander Loubet","article_publisher":"https:\/\/facebook.com\/deputadovander","article_published_time":"2011-03-21T22:26:14+00:00","og_image":[{"url":"http:\/\/www.deputadovander.com.br\/website\/wp-content\/uploads\/2011\/03\/foto-2011-03-21-pesquisa-datafolha-dilma-400x238.jpg","type":"","width":"","height":""}],"author":"\u00c9der","twitter_card":"summary_large_image","twitter_creator":"@vanderloubet","twitter_site":"@vanderloubet","schema":{"@context":"https:\/\/schema.org","@graph":[{"@type":"Article","@id":"https:\/\/vanderloubet.com.br\/deputado\/para-vander-pesquisa-ajuda-a-consolidar-inicio-do-governo-dilma\/#article","isPartOf":{"@id":"https:\/\/vanderloubet.com.br\/deputado\/para-vander-pesquisa-ajuda-a-consolidar-inicio-do-governo-dilma\/"},"author":{"name":"\u00c9der","@id":"https:\/\/vanderloubet.com.br\/deputado\/#\/schema\/person\/15b51bd564532a8a68d9dec1b8eb890e"},"headline":"Para Vander, pesquisa ajuda a consolidar in\u00edcio do governo Dilma","datePublished":"2011-03-21T22:26:14+00:00","mainEntityOfPage":{"@id":"https:\/\/vanderloubet.com.br\/deputado\/para-vander-pesquisa-ajuda-a-consolidar-inicio-do-governo-dilma\/"},"wordCount":552,"publisher":{"@id":"https:\/\/vanderloubet.com.br\/deputado\/#organization"},"image":{"@id":"https:\/\/vanderloubet.com.br\/deputado\/para-vander-pesquisa-ajuda-a-consolidar-inicio-do-governo-dilma\/#primaryimage"},"thumbnailUrl":"http:\/\/www.deputadovander.com.br\/website\/wp-content\/uploads\/2011\/03\/foto-2011-03-21-pesquisa-datafolha-dilma-400x238.jpg","keywords":["datafolha","deputado","dilma","federal","loubet","lula","pesquisa","presidenta","PT","rousseff","vander"],"articleSection":["Not\u00edcias"],"inLanguage":"pt-BR"},{"@type":"WebPage","@id":"https:\/\/vanderloubet.com.br\/deputado\/para-vander-pesquisa-ajuda-a-consolidar-inicio-do-governo-dilma\/","url":"https:\/\/vanderloubet.com.br\/deputado\/para-vander-pesquisa-ajuda-a-consolidar-inicio-do-governo-dilma\/","name":"Para Vander, pesquisa ajuda a consolidar in\u00edcio do governo Dilma","isPartOf":{"@id":"https:\/\/vanderloubet.com.br\/deputado\/#website"},"primaryImageOfPage":{"@id":"https:\/\/vanderloubet.com.br\/deputado\/para-vander-pesquisa-ajuda-a-consolidar-inicio-do-governo-dilma\/#primaryimage"},"image":{"@id":"https:\/\/vanderloubet.com.br\/deputado\/para-vander-pesquisa-ajuda-a-consolidar-inicio-do-governo-dilma\/#primaryimage"},"thumbnailUrl":"http:\/\/www.deputadovander.com.br\/website\/wp-content\/uploads\/2011\/03\/foto-2011-03-21-pesquisa-datafolha-dilma-400x238.jpg","datePublished":"2011-03-21T22:26:14+00:00","breadcrumb":{"@id":"https:\/\/vanderloubet.com.br\/deputado\/para-vander-pesquisa-ajuda-a-consolidar-inicio-do-governo-dilma\/#breadcrumb"},"inLanguage":"pt-BR","potentialAction":[{"@type":"ReadAction","target":["https:\/\/vanderloubet.com.br\/deputado\/para-vander-pesquisa-ajuda-a-consolidar-inicio-do-governo-dilma\/"]}]},{"@type":"ImageObject","inLanguage":"pt-BR","@id":"https:\/\/vanderloubet.com.br\/deputado\/para-vander-pesquisa-ajuda-a-consolidar-inicio-do-governo-dilma\/#primaryimage","url":"http:\/\/www.deputadovander.com.br\/website\/wp-content\/uploads\/2011\/03\/foto-2011-03-21-pesquisa-datafolha-dilma-400x238.jpg","contentUrl":"http:\/\/www.deputadovander.com.br\/website\/wp-content\/uploads\/2011\/03\/foto-2011-03-21-pesquisa-datafolha-dilma-400x238.jpg"},{"@type":"BreadcrumbList","@id":"https:\/\/vanderloubet.com.br\/deputado\/para-vander-pesquisa-ajuda-a-consolidar-inicio-do-governo-dilma\/#breadcrumb","itemListElement":[{"@type":"ListItem","position":1,"name":"In\u00edcio","item":"https:\/\/vanderloubet.com.br\/deputado\/"},{"@type":"ListItem","position":2,"name":"Para Vander, pesquisa ajuda a consolidar in\u00edcio do governo Dilma"}]},{"@type":"WebSite","@id":"https:\/\/vanderloubet.com.br\/deputado\/#website","url":"https:\/\/vanderloubet.com.br\/deputado\/","name":"Deputado Federal Vander Loubet","description":"O Federal de MS","publisher":{"@id":"https:\/\/vanderloubet.com.br\/deputado\/#organization"},"alternateName":"Deputado Vander","potentialAction":[{"@type":"SearchAction","target":{"@type":"EntryPoint","urlTemplate":"https:\/\/vanderloubet.com.br\/deputado\/?s={search_term_string}"},"query-input":{"@type":"PropertyValueSpecification","valueRequired":true,"valueName":"search_term_string"}}],"inLanguage":"pt-BR"},{"@type":"Organization","@id":"https:\/\/vanderloubet.com.br\/deputado\/#organization","name":"Deputado Federal Vander Loubet","alternateName":"Deputado Vander","url":"https:\/\/vanderloubet.com.br\/deputado\/","logo":{"@type":"ImageObject","inLanguage":"pt-BR","@id":"https:\/\/vanderloubet.com.br\/deputado\/#\/schema\/logo\/image\/","url":"https:\/\/vanderloubet.com.br\/deputado\/wp-content\/uploads\/2023\/06\/foto-2023-06-19-mandato-deputado-vander.jpg","contentUrl":"https:\/\/vanderloubet.com.br\/deputado\/wp-content\/uploads\/2023\/06\/foto-2023-06-19-mandato-deputado-vander.jpg","width":1080,"height":1080,"caption":"Deputado Federal Vander Loubet"},"image":{"@id":"https:\/\/vanderloubet.com.br\/deputado\/#\/schema\/logo\/image\/"},"sameAs":["https:\/\/facebook.com\/deputadovander","https:\/\/x.com\/vanderloubet","https:\/\/instagram.com\/vanderloubet","https:\/\/youtube.com\/vanderloubet","https:\/\/tiktok.com\/@vanderloubetms"]},{"@type":"Person","@id":"https:\/\/vanderloubet.com.br\/deputado\/#\/schema\/person\/15b51bd564532a8a68d9dec1b8eb890e","name":"\u00c9der","image":{"@type":"ImageObject","inLanguage":"pt-BR","@id":"https:\/\/vanderloubet.com.br\/deputado\/wp-content\/litespeed\/avatar\/88ca4090d9d5ab1c9495f6ca03b68efa.jpg?ver=1777058957","url":"https:\/\/vanderloubet.com.br\/deputado\/wp-content\/litespeed\/avatar\/88ca4090d9d5ab1c9495f6ca03b68efa.jpg?ver=1777058957","contentUrl":"https:\/\/vanderloubet.com.br\/deputado\/wp-content\/litespeed\/avatar\/88ca4090d9d5ab1c9495f6ca03b68efa.jpg?ver=1777058957","caption":"\u00c9der"}}]}},"jetpack_featured_media_url":"","jetpack_sharing_enabled":true,"_links":{"self":[{"href":"https:\/\/vanderloubet.com.br\/deputado\/wp-json\/wp\/v2\/posts\/2994","targetHints":{"allow":["GET"]}}],"collection":[{"href":"https:\/\/vanderloubet.com.br\/deputado\/wp-json\/wp\/v2\/posts"}],"about":[{"href":"https:\/\/vanderloubet.com.br\/deputado\/wp-json\/wp\/v2\/types\/post"}],"author":[{"embeddable":true,"href":"https:\/\/vanderloubet.com.br\/deputado\/wp-json\/wp\/v2\/users\/2"}],"replies":[{"embeddable":true,"href":"https:\/\/vanderloubet.com.br\/deputado\/wp-json\/wp\/v2\/comments?post=2994"}],"version-history":[{"count":0,"href":"https:\/\/vanderloubet.com.br\/deputado\/wp-json\/wp\/v2\/posts\/2994\/revisions"}],"wp:attachment":[{"href":"https:\/\/vanderloubet.com.br\/deputado\/wp-json\/wp\/v2\/media?parent=2994"}],"wp:term":[{"taxonomy":"category","embeddable":true,"href":"https:\/\/vanderloubet.com.br\/deputado\/wp-json\/wp\/v2\/categories?post=2994"},{"taxonomy":"post_tag","embeddable":true,"href":"https:\/\/vanderloubet.com.br\/deputado\/wp-json\/wp\/v2\/tags?post=2994"}],"curies":[{"name":"wp","href":"https:\/\/api.w.org\/{rel}","templated":true}]}}