{"id":2986,"date":"2011-03-20T07:47:44","date_gmt":"2011-03-20T11:47:44","guid":{"rendered":"http:\/\/www.deputadovander.com.br\/website\/?p=2986"},"modified":"2011-03-20T07:47:44","modified_gmt":"2011-03-20T11:47:44","slug":"pec-de-vander-propoe-ampla-reformulacao-do-poder-judiciario","status":"publish","type":"post","link":"https:\/\/vanderloubet.com.br\/deputado\/pec-de-vander-propoe-ampla-reformulacao-do-poder-judiciario\/","title":{"rendered":"PEC de Vander e Dagoberto prop\u00f5e ampla reformula\u00e7\u00e3o do Judici\u00e1rio"},"content":{"rendered":"<p style=\"text-align: center;\">\n<figure id=\"attachment_2683\" aria-describedby=\"caption-attachment-2683\" style=\"width: 300px\" class=\"wp-caption aligncenter\"><a href=\"http:\/\/www.deputadovander.com.br\/website\/wp-content\/uploads\/2010\/11\/foto-2010-11-24-dicurso-vander.jpg\" target=\"_blank\"><img decoding=\"async\" class=\"size-medium wp-image-2683 \" title=\"foto-2010-11-24-discurso-vander\" src=\"http:\/\/www.deputadovander.com.br\/website\/wp-content\/uploads\/2010\/11\/foto-2010-11-24-dicurso-vander-300x196.jpg\" alt=\"Deputado Federal Vander Loubet\" width=\"300\" height=\"196\" \/><\/a><figcaption id=\"caption-attachment-2683\" class=\"wp-caption-text\">Deputado Federal Vander Loubet (clique p\/ ampliar)<\/figcaption><\/figure>\n<\/p>\n<p>Tramita na C\u00e2mara dos Deputados a <a title=\"Link\" href=\"http:\/\/www.camara.gov.br\/internet\/sileg\/Prop_Detalhe.asp?id=487393\" target=\"_blank\">Proposta de Emenda \u00e0 Constitui\u00e7\u00e3o (PEC) 519\/2010<\/a>, de autoria deputado federal Vander Loubet (PT) e do ex-deputado federal Dagoberto Nogueira (PDT), que estabelece ampla reformula\u00e7\u00e3o do Poder Judici\u00e1rio. Dentre as principais mudan\u00e7as introduzidas, destacam-se maior independ\u00eancia e agilidade das inst\u00e2ncias e fortalecimento do crit\u00e9rio federativo e da autonomia de estados e munic\u00edpios.<\/p>\n<p>A iniciativa prev\u00ea a cria\u00e7\u00e3o de uma se\u00e7\u00e3o constitucional e tempor\u00e1ria no interior do Supremo Tribunal Federal (STF). Seis ministros &#8211; eleitos pelo Congresso, para um per\u00edodo de sete anos &#8211; passam a integrar o colegiado da suprema corte, sem direito a reelei\u00e7\u00e3o.<\/p>\n<p>&#8220;Esses ministros devem ser dotados de conhecimento especializado em direito constitucional, ter mais de 35 anos e razo\u00e1vel experi\u00eancia pol\u00edtica, nem sempre encontrada nos que exercem a jurisdi\u00e7\u00e3o comum. O objetivo \u00e9 atribuir fun\u00e7\u00e3o pol\u00edtica ao STF&#8221;, destaca Vander.<\/p>\n<p><strong>Solu\u00e7\u00e3o amig\u00e1vel<\/strong><\/p>\n<p>Outra novidade \u00e9 a cria\u00e7\u00e3o de um servi\u00e7o judici\u00e1rio municipal, composto por ju\u00edzes leigos remunerados, com fun\u00e7\u00f5es de media\u00e7\u00e3o, concilia\u00e7\u00e3o e arbitragem, para solu\u00e7\u00e3o amig\u00e1vel de lit\u00edgios e conflitos. Devem atuar como alternativa para aqueles que desejarem solu\u00e7\u00f5es r\u00e1pidas a suas demandas.<\/p>\n<p>Por outro lado, deixa de existir a representa\u00e7\u00e3o classista, em todos os graus de jurisdi\u00e7\u00e3o da Justi\u00e7a do Trabalho. Os autores da proposta consideram que a representa\u00e7\u00e3o nas Juntas de Concilia\u00e7\u00e3o e Julgamento constitui custo desnecess\u00e1rio ao er\u00e1rio.<\/p>\n<p>No texto, o deputado Vander considera ainda que a contribui\u00e7\u00e3o especial dos vogais (ju\u00edzes classistas) seria prescind\u00edvel, podendo ser substitu\u00edda pela colabora\u00e7\u00e3o de peritos, sempre que um juiz togado entender necess\u00e1rio. &#8220;Hoje n\u00e3o se justifica mais a composi\u00e7\u00e3o partid\u00e1ria da Justi\u00e7a do Trabalho, resqu\u00edcio do cooperativismo fascista italiano, atribuindo a leigos, e, \u00e0s vezes sem forma\u00e7\u00e3o escolar, compet\u00eancia judicante&#8221;, observa.<\/p>\n<p><strong>Inconstitucionalidade<\/strong><\/p>\n<p>Ainda no campo das rela\u00e7\u00f5es com o mundo do trabalho, a proposta retira das confedera\u00e7\u00f5es sindicais a prerrogativa de propor A\u00e7\u00e3o Direta de Inconstitucionalidade (Adin), conferida pela atual Constitui\u00e7\u00e3o Federal. O mesmo acontece com os partidos pol\u00edticos representados no Congresso Nacional, que restam destitu\u00eddos da iniciativa. As Mesas Diretoras da C\u00e2mara e do Senado tamb\u00e9m perdem essa prerrogativa, que se transfere \u00e0 Mesa do Congresso.<\/p>\n<p>O Conselho Nacional de Magistratura deixa, por sua vez, de integrar os \u00f3rg\u00e3os do Judici\u00e1rio, tendo em vista &#8220;face \u00e0 desnecessidade de \u00f3rg\u00e3o punitivo criado pelo arb\u00edtrio&#8221;. O princ\u00edpio federativo prevalece, ent\u00e3o, ficando cada Estado incumbido da disciplina em sua al\u00e7ada.<\/p>\n<p>Ainda de acordo com o texto, o Judici\u00e1rio adquire independ\u00eancia funcional, que se acrescenta \u00e0 administrativa e financeira j\u00e1 previstas na Constitui\u00e7\u00e3o em vigor. Assim, a Uni\u00e3o e os estados ficam obrigados a reservar, respectivamente, 3% e 5% da arrecada\u00e7\u00e3o do Tesouro para seu custeio.<\/p>\n<p>&#8220;Essa PEC visa assegurar, de modo efetivo, a independ\u00eancia do Poder Judici\u00e1rio, com regras expressas, e tamb\u00e9m pretende evitar constrangimentos e sobressaltos de eventuais asfixias por terceiros&#8221;, afirma Vander Loubet. Diante do impacto de tantas modifica\u00e7\u00f5es, como observa o pr\u00f3prio parlamentar petista, se aprovada a proposta, o Pa\u00eds estar\u00e1 diante de uma nova Constitui\u00e7\u00e3o.<\/p>\n<p><strong>Tramita\u00e7\u00e3o<\/strong><\/p>\n<p>A proposta ter\u00e1 sua admissibilidade examinada pela Comiss\u00e3o de Constitui\u00e7\u00e3o e Justi\u00e7a e de Cidadania. Se aprovada, ser\u00e1 formada uma comiss\u00e3o especial para avaliar seu m\u00e9rito. Antes de ir para o Senado, a PEC ter\u00e1 que ser votada em dois turnos pelo Plen\u00e1rio.<\/p>\n<p><small>(\u00c9der Yanaguita &#8211; Assessoria de Comunica\u00e7\u00e3o, com informa\u00e7\u00f5es da Ag\u00eancia C\u00e2mara)<\/small><\/p>\n","protected":false},"excerpt":{"rendered":"<p>Entre principais mudan\u00e7as est\u00e3o maior independ\u00eancia e agilidade das inst\u00e2ncias e autonomia de estados e munic\u00edpios.<\/p>\n","protected":false},"author":2,"featured_media":0,"comment_status":"open","ping_status":"open","sticky":false,"template":"","format":"standard","meta":{"jetpack_post_was_ever_published":false,"_jetpack_newsletter_access":"","_jetpack_dont_email_post_to_subs":false,"_jetpack_newsletter_tier_id":0,"_jetpack_memberships_contains_paywalled_content":false,"_jetpack_memberships_contains_paid_content":false,"footnotes":""},"categories":[10],"tags":[332,511,567,608,709,807,1098,1107,1178,1391,1513,1514,1655,1822,2033],"class_list":{"0":"post-2986","1":"post","2":"type-post","3":"status-publish","4":"format-standard","6":"category-noticias","7":"tag-camara","8":"tag-constituicao","9":"tag-dagoberto","10":"tag-deputado","11":"tag-emenda","12":"tag-federal","13":"tag-judiciario","14":"tag-justica","15":"tag-loubet","16":"tag-nogueira","17":"tag-pdt","18":"tag-pec","19":"tag-pt","20":"tag-senado","21":"tag-vander"},"yoast_head":"<!-- This site is optimized with the Yoast SEO plugin v27.4 - https:\/\/yoast.com\/product\/yoast-seo-wordpress\/ -->\n<title>PEC de Vander e Dagoberto prop\u00f5e ampla reformula\u00e7\u00e3o do Judici\u00e1rio<\/title>\n<meta name=\"robots\" content=\"index, follow, max-snippet:-1, max-image-preview:large, max-video-preview:-1\" \/>\n<link rel=\"canonical\" href=\"https:\/\/vanderloubet.com.br\/deputado\/pec-de-vander-propoe-ampla-reformulacao-do-poder-judiciario\/\" \/>\n<meta property=\"og:locale\" content=\"pt_BR\" \/>\n<meta property=\"og:type\" content=\"article\" \/>\n<meta property=\"og:title\" content=\"PEC de Vander e Dagoberto prop\u00f5e ampla reformula\u00e7\u00e3o do Judici\u00e1rio\" \/>\n<meta property=\"og:description\" content=\"Entre principais mudan\u00e7as est\u00e3o maior independ\u00eancia e agilidade das inst\u00e2ncias e autonomia de estados e munic\u00edpios.\" \/>\n<meta property=\"og:url\" content=\"https:\/\/vanderloubet.com.br\/deputado\/pec-de-vander-propoe-ampla-reformulacao-do-poder-judiciario\/\" \/>\n<meta property=\"og:site_name\" content=\"Deputado Federal Vander Loubet\" \/>\n<meta property=\"article:publisher\" content=\"https:\/\/facebook.com\/deputadovander\" \/>\n<meta property=\"article:published_time\" content=\"2011-03-20T11:47:44+00:00\" \/>\n<meta property=\"og:image\" content=\"http:\/\/www.deputadovander.com.br\/website\/wp-content\/uploads\/2010\/11\/foto-2010-11-24-dicurso-vander-300x196.jpg\" \/>\n<meta name=\"author\" content=\"\u00c9der\" \/>\n<meta name=\"twitter:card\" content=\"summary_large_image\" \/>\n<meta name=\"twitter:creator\" content=\"@vanderloubet\" \/>\n<meta name=\"twitter:site\" content=\"@vanderloubet\" \/>\n<script type=\"application\/ld+json\" class=\"yoast-schema-graph\">{\"@context\":\"https:\\\/\\\/schema.org\",\"@graph\":[{\"@type\":\"Article\",\"@id\":\"https:\\\/\\\/vanderloubet.com.br\\\/deputado\\\/pec-de-vander-propoe-ampla-reformulacao-do-poder-judiciario\\\/#article\",\"isPartOf\":{\"@id\":\"https:\\\/\\\/vanderloubet.com.br\\\/deputado\\\/pec-de-vander-propoe-ampla-reformulacao-do-poder-judiciario\\\/\"},\"author\":{\"name\":\"\u00c9der\",\"@id\":\"https:\\\/\\\/vanderloubet.com.br\\\/deputado\\\/#\\\/schema\\\/person\\\/15b51bd564532a8a68d9dec1b8eb890e\"},\"headline\":\"PEC de Vander e Dagoberto prop\u00f5e ampla reformula\u00e7\u00e3o do Judici\u00e1rio\",\"datePublished\":\"2011-03-20T11:47:44+00:00\",\"mainEntityOfPage\":{\"@id\":\"https:\\\/\\\/vanderloubet.com.br\\\/deputado\\\/pec-de-vander-propoe-ampla-reformulacao-do-poder-judiciario\\\/\"},\"wordCount\":653,\"commentCount\":0,\"publisher\":{\"@id\":\"https:\\\/\\\/vanderloubet.com.br\\\/deputado\\\/#organization\"},\"image\":{\"@id\":\"https:\\\/\\\/vanderloubet.com.br\\\/deputado\\\/pec-de-vander-propoe-ampla-reformulacao-do-poder-judiciario\\\/#primaryimage\"},\"thumbnailUrl\":\"http:\\\/\\\/www.deputadovander.com.br\\\/website\\\/wp-content\\\/uploads\\\/2010\\\/11\\\/foto-2010-11-24-dicurso-vander-300x196.jpg\",\"keywords\":[\"c\u00e2mara\",\"constitui\u00e7\u00e3o\",\"dagoberto\",\"deputado\",\"emenda\",\"federal\",\"judici\u00e1rio\",\"justi\u00e7a\",\"loubet\",\"nogueira\",\"pdt\",\"pec\",\"PT\",\"senado\",\"vander\"],\"articleSection\":[\"Not\u00edcias\"],\"inLanguage\":\"pt-BR\",\"potentialAction\":[{\"@type\":\"CommentAction\",\"name\":\"Comment\",\"target\":[\"https:\\\/\\\/vanderloubet.com.br\\\/deputado\\\/pec-de-vander-propoe-ampla-reformulacao-do-poder-judiciario\\\/#respond\"]}]},{\"@type\":\"WebPage\",\"@id\":\"https:\\\/\\\/vanderloubet.com.br\\\/deputado\\\/pec-de-vander-propoe-ampla-reformulacao-do-poder-judiciario\\\/\",\"url\":\"https:\\\/\\\/vanderloubet.com.br\\\/deputado\\\/pec-de-vander-propoe-ampla-reformulacao-do-poder-judiciario\\\/\",\"name\":\"PEC de Vander e Dagoberto prop\u00f5e ampla reformula\u00e7\u00e3o do Judici\u00e1rio\",\"isPartOf\":{\"@id\":\"https:\\\/\\\/vanderloubet.com.br\\\/deputado\\\/#website\"},\"primaryImageOfPage\":{\"@id\":\"https:\\\/\\\/vanderloubet.com.br\\\/deputado\\\/pec-de-vander-propoe-ampla-reformulacao-do-poder-judiciario\\\/#primaryimage\"},\"image\":{\"@id\":\"https:\\\/\\\/vanderloubet.com.br\\\/deputado\\\/pec-de-vander-propoe-ampla-reformulacao-do-poder-judiciario\\\/#primaryimage\"},\"thumbnailUrl\":\"http:\\\/\\\/www.deputadovander.com.br\\\/website\\\/wp-content\\\/uploads\\\/2010\\\/11\\\/foto-2010-11-24-dicurso-vander-300x196.jpg\",\"datePublished\":\"2011-03-20T11:47:44+00:00\",\"breadcrumb\":{\"@id\":\"https:\\\/\\\/vanderloubet.com.br\\\/deputado\\\/pec-de-vander-propoe-ampla-reformulacao-do-poder-judiciario\\\/#breadcrumb\"},\"inLanguage\":\"pt-BR\",\"potentialAction\":[{\"@type\":\"ReadAction\",\"target\":[\"https:\\\/\\\/vanderloubet.com.br\\\/deputado\\\/pec-de-vander-propoe-ampla-reformulacao-do-poder-judiciario\\\/\"]}]},{\"@type\":\"ImageObject\",\"inLanguage\":\"pt-BR\",\"@id\":\"https:\\\/\\\/vanderloubet.com.br\\\/deputado\\\/pec-de-vander-propoe-ampla-reformulacao-do-poder-judiciario\\\/#primaryimage\",\"url\":\"http:\\\/\\\/www.deputadovander.com.br\\\/website\\\/wp-content\\\/uploads\\\/2010\\\/11\\\/foto-2010-11-24-dicurso-vander-300x196.jpg\",\"contentUrl\":\"http:\\\/\\\/www.deputadovander.com.br\\\/website\\\/wp-content\\\/uploads\\\/2010\\\/11\\\/foto-2010-11-24-dicurso-vander-300x196.jpg\"},{\"@type\":\"BreadcrumbList\",\"@id\":\"https:\\\/\\\/vanderloubet.com.br\\\/deputado\\\/pec-de-vander-propoe-ampla-reformulacao-do-poder-judiciario\\\/#breadcrumb\",\"itemListElement\":[{\"@type\":\"ListItem\",\"position\":1,\"name\":\"In\u00edcio\",\"item\":\"https:\\\/\\\/vanderloubet.com.br\\\/deputado\\\/\"},{\"@type\":\"ListItem\",\"position\":2,\"name\":\"PEC de Vander e Dagoberto prop\u00f5e ampla reformula\u00e7\u00e3o do Judici\u00e1rio\"}]},{\"@type\":\"WebSite\",\"@id\":\"https:\\\/\\\/vanderloubet.com.br\\\/deputado\\\/#website\",\"url\":\"https:\\\/\\\/vanderloubet.com.br\\\/deputado\\\/\",\"name\":\"Deputado Federal Vander Loubet\",\"description\":\"O Federal de MS\",\"publisher\":{\"@id\":\"https:\\\/\\\/vanderloubet.com.br\\\/deputado\\\/#organization\"},\"alternateName\":\"Deputado Vander\",\"potentialAction\":[{\"@type\":\"SearchAction\",\"target\":{\"@type\":\"EntryPoint\",\"urlTemplate\":\"https:\\\/\\\/vanderloubet.com.br\\\/deputado\\\/?s={search_term_string}\"},\"query-input\":{\"@type\":\"PropertyValueSpecification\",\"valueRequired\":true,\"valueName\":\"search_term_string\"}}],\"inLanguage\":\"pt-BR\"},{\"@type\":\"Organization\",\"@id\":\"https:\\\/\\\/vanderloubet.com.br\\\/deputado\\\/#organization\",\"name\":\"Deputado Federal Vander Loubet\",\"alternateName\":\"Deputado Vander\",\"url\":\"https:\\\/\\\/vanderloubet.com.br\\\/deputado\\\/\",\"logo\":{\"@type\":\"ImageObject\",\"inLanguage\":\"pt-BR\",\"@id\":\"https:\\\/\\\/vanderloubet.com.br\\\/deputado\\\/#\\\/schema\\\/logo\\\/image\\\/\",\"url\":\"https:\\\/\\\/vanderloubet.com.br\\\/deputado\\\/wp-content\\\/uploads\\\/2023\\\/06\\\/foto-2023-06-19-mandato-deputado-vander.jpg\",\"contentUrl\":\"https:\\\/\\\/vanderloubet.com.br\\\/deputado\\\/wp-content\\\/uploads\\\/2023\\\/06\\\/foto-2023-06-19-mandato-deputado-vander.jpg\",\"width\":1080,\"height\":1080,\"caption\":\"Deputado Federal Vander Loubet\"},\"image\":{\"@id\":\"https:\\\/\\\/vanderloubet.com.br\\\/deputado\\\/#\\\/schema\\\/logo\\\/image\\\/\"},\"sameAs\":[\"https:\\\/\\\/facebook.com\\\/deputadovander\",\"https:\\\/\\\/x.com\\\/vanderloubet\",\"https:\\\/\\\/instagram.com\\\/vanderloubet\",\"https:\\\/\\\/youtube.com\\\/vanderloubet\",\"https:\\\/\\\/tiktok.com\\\/@vanderloubetms\"]},{\"@type\":\"Person\",\"@id\":\"https:\\\/\\\/vanderloubet.com.br\\\/deputado\\\/#\\\/schema\\\/person\\\/15b51bd564532a8a68d9dec1b8eb890e\",\"name\":\"\u00c9der\",\"image\":{\"@type\":\"ImageObject\",\"inLanguage\":\"pt-BR\",\"@id\":\"https:\\\/\\\/vanderloubet.com.br\\\/deputado\\\/wp-content\\\/litespeed\\\/avatar\\\/88ca4090d9d5ab1c9495f6ca03b68efa.jpg?ver=1777058957\",\"url\":\"https:\\\/\\\/vanderloubet.com.br\\\/deputado\\\/wp-content\\\/litespeed\\\/avatar\\\/88ca4090d9d5ab1c9495f6ca03b68efa.jpg?ver=1777058957\",\"contentUrl\":\"https:\\\/\\\/vanderloubet.com.br\\\/deputado\\\/wp-content\\\/litespeed\\\/avatar\\\/88ca4090d9d5ab1c9495f6ca03b68efa.jpg?ver=1777058957\",\"caption\":\"\u00c9der\"}}]}<\/script>\n<!-- \/ Yoast SEO plugin. -->","yoast_head_json":{"title":"PEC de Vander e Dagoberto prop\u00f5e ampla reformula\u00e7\u00e3o do Judici\u00e1rio","robots":{"index":"index","follow":"follow","max-snippet":"max-snippet:-1","max-image-preview":"max-image-preview:large","max-video-preview":"max-video-preview:-1"},"canonical":"https:\/\/vanderloubet.com.br\/deputado\/pec-de-vander-propoe-ampla-reformulacao-do-poder-judiciario\/","og_locale":"pt_BR","og_type":"article","og_title":"PEC de Vander e Dagoberto prop\u00f5e ampla reformula\u00e7\u00e3o do Judici\u00e1rio","og_description":"Entre principais mudan\u00e7as est\u00e3o maior independ\u00eancia e agilidade das inst\u00e2ncias e autonomia de estados e munic\u00edpios.","og_url":"https:\/\/vanderloubet.com.br\/deputado\/pec-de-vander-propoe-ampla-reformulacao-do-poder-judiciario\/","og_site_name":"Deputado Federal Vander Loubet","article_publisher":"https:\/\/facebook.com\/deputadovander","article_published_time":"2011-03-20T11:47:44+00:00","og_image":[{"url":"http:\/\/www.deputadovander.com.br\/website\/wp-content\/uploads\/2010\/11\/foto-2010-11-24-dicurso-vander-300x196.jpg","type":"","width":"","height":""}],"author":"\u00c9der","twitter_card":"summary_large_image","twitter_creator":"@vanderloubet","twitter_site":"@vanderloubet","schema":{"@context":"https:\/\/schema.org","@graph":[{"@type":"Article","@id":"https:\/\/vanderloubet.com.br\/deputado\/pec-de-vander-propoe-ampla-reformulacao-do-poder-judiciario\/#article","isPartOf":{"@id":"https:\/\/vanderloubet.com.br\/deputado\/pec-de-vander-propoe-ampla-reformulacao-do-poder-judiciario\/"},"author":{"name":"\u00c9der","@id":"https:\/\/vanderloubet.com.br\/deputado\/#\/schema\/person\/15b51bd564532a8a68d9dec1b8eb890e"},"headline":"PEC de Vander e Dagoberto prop\u00f5e ampla reformula\u00e7\u00e3o do Judici\u00e1rio","datePublished":"2011-03-20T11:47:44+00:00","mainEntityOfPage":{"@id":"https:\/\/vanderloubet.com.br\/deputado\/pec-de-vander-propoe-ampla-reformulacao-do-poder-judiciario\/"},"wordCount":653,"commentCount":0,"publisher":{"@id":"https:\/\/vanderloubet.com.br\/deputado\/#organization"},"image":{"@id":"https:\/\/vanderloubet.com.br\/deputado\/pec-de-vander-propoe-ampla-reformulacao-do-poder-judiciario\/#primaryimage"},"thumbnailUrl":"http:\/\/www.deputadovander.com.br\/website\/wp-content\/uploads\/2010\/11\/foto-2010-11-24-dicurso-vander-300x196.jpg","keywords":["c\u00e2mara","constitui\u00e7\u00e3o","dagoberto","deputado","emenda","federal","judici\u00e1rio","justi\u00e7a","loubet","nogueira","pdt","pec","PT","senado","vander"],"articleSection":["Not\u00edcias"],"inLanguage":"pt-BR","potentialAction":[{"@type":"CommentAction","name":"Comment","target":["https:\/\/vanderloubet.com.br\/deputado\/pec-de-vander-propoe-ampla-reformulacao-do-poder-judiciario\/#respond"]}]},{"@type":"WebPage","@id":"https:\/\/vanderloubet.com.br\/deputado\/pec-de-vander-propoe-ampla-reformulacao-do-poder-judiciario\/","url":"https:\/\/vanderloubet.com.br\/deputado\/pec-de-vander-propoe-ampla-reformulacao-do-poder-judiciario\/","name":"PEC de Vander e Dagoberto prop\u00f5e ampla reformula\u00e7\u00e3o do Judici\u00e1rio","isPartOf":{"@id":"https:\/\/vanderloubet.com.br\/deputado\/#website"},"primaryImageOfPage":{"@id":"https:\/\/vanderloubet.com.br\/deputado\/pec-de-vander-propoe-ampla-reformulacao-do-poder-judiciario\/#primaryimage"},"image":{"@id":"https:\/\/vanderloubet.com.br\/deputado\/pec-de-vander-propoe-ampla-reformulacao-do-poder-judiciario\/#primaryimage"},"thumbnailUrl":"http:\/\/www.deputadovander.com.br\/website\/wp-content\/uploads\/2010\/11\/foto-2010-11-24-dicurso-vander-300x196.jpg","datePublished":"2011-03-20T11:47:44+00:00","breadcrumb":{"@id":"https:\/\/vanderloubet.com.br\/deputado\/pec-de-vander-propoe-ampla-reformulacao-do-poder-judiciario\/#breadcrumb"},"inLanguage":"pt-BR","potentialAction":[{"@type":"ReadAction","target":["https:\/\/vanderloubet.com.br\/deputado\/pec-de-vander-propoe-ampla-reformulacao-do-poder-judiciario\/"]}]},{"@type":"ImageObject","inLanguage":"pt-BR","@id":"https:\/\/vanderloubet.com.br\/deputado\/pec-de-vander-propoe-ampla-reformulacao-do-poder-judiciario\/#primaryimage","url":"http:\/\/www.deputadovander.com.br\/website\/wp-content\/uploads\/2010\/11\/foto-2010-11-24-dicurso-vander-300x196.jpg","contentUrl":"http:\/\/www.deputadovander.com.br\/website\/wp-content\/uploads\/2010\/11\/foto-2010-11-24-dicurso-vander-300x196.jpg"},{"@type":"BreadcrumbList","@id":"https:\/\/vanderloubet.com.br\/deputado\/pec-de-vander-propoe-ampla-reformulacao-do-poder-judiciario\/#breadcrumb","itemListElement":[{"@type":"ListItem","position":1,"name":"In\u00edcio","item":"https:\/\/vanderloubet.com.br\/deputado\/"},{"@type":"ListItem","position":2,"name":"PEC de Vander e Dagoberto prop\u00f5e ampla reformula\u00e7\u00e3o do Judici\u00e1rio"}]},{"@type":"WebSite","@id":"https:\/\/vanderloubet.com.br\/deputado\/#website","url":"https:\/\/vanderloubet.com.br\/deputado\/","name":"Deputado Federal Vander Loubet","description":"O Federal de MS","publisher":{"@id":"https:\/\/vanderloubet.com.br\/deputado\/#organization"},"alternateName":"Deputado Vander","potentialAction":[{"@type":"SearchAction","target":{"@type":"EntryPoint","urlTemplate":"https:\/\/vanderloubet.com.br\/deputado\/?s={search_term_string}"},"query-input":{"@type":"PropertyValueSpecification","valueRequired":true,"valueName":"search_term_string"}}],"inLanguage":"pt-BR"},{"@type":"Organization","@id":"https:\/\/vanderloubet.com.br\/deputado\/#organization","name":"Deputado Federal Vander Loubet","alternateName":"Deputado Vander","url":"https:\/\/vanderloubet.com.br\/deputado\/","logo":{"@type":"ImageObject","inLanguage":"pt-BR","@id":"https:\/\/vanderloubet.com.br\/deputado\/#\/schema\/logo\/image\/","url":"https:\/\/vanderloubet.com.br\/deputado\/wp-content\/uploads\/2023\/06\/foto-2023-06-19-mandato-deputado-vander.jpg","contentUrl":"https:\/\/vanderloubet.com.br\/deputado\/wp-content\/uploads\/2023\/06\/foto-2023-06-19-mandato-deputado-vander.jpg","width":1080,"height":1080,"caption":"Deputado Federal Vander Loubet"},"image":{"@id":"https:\/\/vanderloubet.com.br\/deputado\/#\/schema\/logo\/image\/"},"sameAs":["https:\/\/facebook.com\/deputadovander","https:\/\/x.com\/vanderloubet","https:\/\/instagram.com\/vanderloubet","https:\/\/youtube.com\/vanderloubet","https:\/\/tiktok.com\/@vanderloubetms"]},{"@type":"Person","@id":"https:\/\/vanderloubet.com.br\/deputado\/#\/schema\/person\/15b51bd564532a8a68d9dec1b8eb890e","name":"\u00c9der","image":{"@type":"ImageObject","inLanguage":"pt-BR","@id":"https:\/\/vanderloubet.com.br\/deputado\/wp-content\/litespeed\/avatar\/88ca4090d9d5ab1c9495f6ca03b68efa.jpg?ver=1777058957","url":"https:\/\/vanderloubet.com.br\/deputado\/wp-content\/litespeed\/avatar\/88ca4090d9d5ab1c9495f6ca03b68efa.jpg?ver=1777058957","contentUrl":"https:\/\/vanderloubet.com.br\/deputado\/wp-content\/litespeed\/avatar\/88ca4090d9d5ab1c9495f6ca03b68efa.jpg?ver=1777058957","caption":"\u00c9der"}}]}},"jetpack_featured_media_url":"","jetpack_sharing_enabled":true,"_links":{"self":[{"href":"https:\/\/vanderloubet.com.br\/deputado\/wp-json\/wp\/v2\/posts\/2986","targetHints":{"allow":["GET"]}}],"collection":[{"href":"https:\/\/vanderloubet.com.br\/deputado\/wp-json\/wp\/v2\/posts"}],"about":[{"href":"https:\/\/vanderloubet.com.br\/deputado\/wp-json\/wp\/v2\/types\/post"}],"author":[{"embeddable":true,"href":"https:\/\/vanderloubet.com.br\/deputado\/wp-json\/wp\/v2\/users\/2"}],"replies":[{"embeddable":true,"href":"https:\/\/vanderloubet.com.br\/deputado\/wp-json\/wp\/v2\/comments?post=2986"}],"version-history":[{"count":0,"href":"https:\/\/vanderloubet.com.br\/deputado\/wp-json\/wp\/v2\/posts\/2986\/revisions"}],"wp:attachment":[{"href":"https:\/\/vanderloubet.com.br\/deputado\/wp-json\/wp\/v2\/media?parent=2986"}],"wp:term":[{"taxonomy":"category","embeddable":true,"href":"https:\/\/vanderloubet.com.br\/deputado\/wp-json\/wp\/v2\/categories?post=2986"},{"taxonomy":"post_tag","embeddable":true,"href":"https:\/\/vanderloubet.com.br\/deputado\/wp-json\/wp\/v2\/tags?post=2986"}],"curies":[{"name":"wp","href":"https:\/\/api.w.org\/{rel}","templated":true}]}}