{"id":2977,"date":"2011-03-16T23:03:00","date_gmt":"2011-03-17T03:03:00","guid":{"rendered":"http:\/\/www.deputadovander.com.br\/website\/?p=2977"},"modified":"2011-03-16T23:03:00","modified_gmt":"2011-03-17T03:03:00","slug":"vander-dialogo-e-equilibrio-foram-decisivos-para-aprimorar-codigo-florestal","status":"publish","type":"post","link":"https:\/\/vanderloubet.com.br\/deputado\/vander-dialogo-e-equilibrio-foram-decisivos-para-aprimorar-codigo-florestal\/","title":{"rendered":"Vander: di\u00e1logo e equil\u00edbrio foram decisivos para C\u00f3digo Florestal"},"content":{"rendered":"<p style=\"text-align: center;\">\n<figure id=\"attachment_2978\" aria-describedby=\"caption-attachment-2978\" style=\"width: 400px\" class=\"wp-caption aligncenter\"><a href=\"http:\/\/www.deputadovander.com.br\/website\/wp-content\/uploads\/2011\/03\/foto-2011-03-15-vander-aldo-vaccarezza.jpg\" target=\"_blank\"><img decoding=\"async\" class=\"size-medium wp-image-2978 \" title=\"foto-2011-03-15-vander-aldo-vaccarezza\" src=\"http:\/\/www.deputadovander.com.br\/website\/wp-content\/uploads\/2011\/03\/foto-2011-03-15-vander-aldo-vaccarezza-400x266.jpg\" alt=\"Vander, Rebelo e Vaccarezza na Acrissul\" width=\"400\" height=\"266\" \/><\/a><figcaption id=\"caption-attachment-2978\" class=\"wp-caption-text\">Vander, Rebelo e Vaccarezza na Acrissul (clique p\/ ampliar)<\/figcaption><\/figure>\n<\/p>\n<p>Para o deputado federal Vander Loubet (PT-MS), o substitutivo do relator Aldo Rebelo (PCdoB-SP) para a atualiza\u00e7\u00e3o do C\u00f3digo Florestal Brasileiro conseguiu reduzir ao m\u00e1ximo o impacto de tens\u00f5es e conflitos que remeteram a pol\u00eamica mat\u00e9ria ao circuito de diferentes avalia\u00e7\u00f5es t\u00e9cnicas, pol\u00edticas e ideol\u00f3gicas. &#8220;O parecer do deputado Rebelo, baseado no di\u00e1logo e constru\u00eddo com equil\u00edbrio, n\u00e3o \u00e9 um texto salom\u00f4nico como alguns cr\u00edticos tentam fazer crer. O C\u00f3digo continua sendo um dos mais rigorosos \u2013 se n\u00e3o o mais rigoroso \u2013 do mundo na esfera da legisla\u00e7\u00e3o ambiental&#8221;, disse Vander.<\/p>\n<p>Segundo o deputado petista, a mat\u00e9ria ser\u00e1 votada ap\u00f3s um longo e amplo processo de di\u00e1logo. &#8220;Os parlamentares governistas e da oposi\u00e7\u00e3o v\u00eam conversando e debatendo com todos os interessados, direta e indiretamente, na mat\u00e9ria, que trata de produ\u00e7\u00e3o, de economia e de sustentabilidade&#8221;, acentuou Vander. A seu ver, o texto corrige algumas situa\u00e7\u00f5es absurdas e descomprime o segmento produtivo de posi\u00e7\u00f5es inc\u00f4modas, mas n\u00e3o abre m\u00e3o de dispositivos b\u00e1sicos de preserva\u00e7\u00e3o, como a Reserva Legal e a \u00c1rea de Preserva\u00e7\u00e3o Permanente.<\/p>\n<p>&#8220;A diferen\u00e7a \u00e9 que foram estabelecidos crit\u00e9rios justos para evitar distor\u00e7\u00f5es e injusti\u00e7as, como, por exemplo, um propriet\u00e1rio rural sofrer multas com valor maior que sua propriedade ou ent\u00e3o ser dono de im\u00f3veis descaracterizados antes da edi\u00e7\u00e3o da obrigatoriedade da Reserva Legal&#8221;, assinalou. Vander observou ainda que conquistas importantes da causa ambientalista est\u00e3o asseguradas, inclusive dentro da proposta original do projeto, como a morat\u00f3ria de cinco anos para barrar a abertura de novas \u00e1reas de explora\u00e7\u00e3o agropecu\u00e1ria e o Zoneamento Ecol\u00f3gico-Econ\u00f4mico, cujo objetivo central \u00e9 proteger o solo e as \u00e1guas da degrada\u00e7\u00e3o e do assoreamento.<\/p>\n<p><strong>Luta de todos<\/strong><\/p>\n<p>Vander Loubet \u00e9 da opini\u00e3o que as ONGs e ambientalistas est\u00e3o lutando legitimamente para defender o meio ambiente. &#8220;Mas esta \u00e9 uma luta de todos n\u00f3s, que queremos o Zoneamento Econol\u00f3gico-Econ\u00f4mico, que condenamos a pesca predat\u00f3ria e a emiss\u00e3o de gases poluentes, que condenamos a baixa cobertura de esgotamento sanit\u00e1rio nas cidades e que n\u00e3o aceitamos o desmatamento das reservas nativas. O produtor precisa de \u00e1rea para produzir e gerar empregos, alimentos, bem estar. \u00c9 poss\u00edvel e vi\u00e1vel compatibilizar as necessidades da produ\u00e7\u00e3o e da natureza, promover o progresso com sustentabilidade. E o C\u00f3digo ser\u00e1 um instrumento em favor dessa possibilidade&#8221;, acredita o parlamentar.<\/p>\n<p>Indicado por C\u00e2ndido Vacarezza (PT-SP), l\u00edder do Governo na C\u00e2mara, Vander \u00e9 o \u00fanico congressista de Mato Grosso do Sul a fazer parte da C\u00e2mara de Negocia\u00e7\u00e3o das Mudan\u00e7as no C\u00f3digo Florestal, instalada no in\u00edcio deste m\u00eas. O colegiado tem 14 deputados, sendo quatro interlocutores da produ\u00e7\u00e3o rural, quatro do meio ambiente, dois da lideran\u00e7a do governo e dois da lideran\u00e7a da minoria, al\u00e9m do relator Aldo Rebelo e do representante da Mesa Diretora, o primeiro-secret\u00e1rio Eduardo Gomes (PSDB-TO), que coordena as a\u00e7\u00f5es do grupo.<\/p>\n<p>Outro aspecto que Vander considera pontual est\u00e1 na clareza e na disposi\u00e7\u00e3o dos deputados da base governista para defender o projeto e fazer o di\u00e1logo com todos os setores, a exemplo do que ocorreu na segunda-feira passada (14), em Campo Grande. Na ocasi\u00e3o, Vacarezza, Rebelo e Vander, tr\u00eas titulares da C\u00e2mara de Negocia\u00e7\u00e3o, participaram de um debate com os produtores, em evento convocado pela Associa\u00e7\u00e3o dos Criadores de Mato Grosso do Sul (Acrissul) e realizado no principal n\u00facleo associativista do agroneg\u00f3cio do estado, o Parque de Exposi\u00e7\u00f5es Lauc\u00eddio Coelho. As posi\u00e7\u00f5es dos dois petistas e do comunista hist\u00f3rico receberam apoio maci\u00e7o dos pecuaristas e agricultores, que superlotaram o recinto. Na ocasi\u00e3o, Rebelo voltou a alertar sobre a press\u00e3o dos EUA e de pa\u00edses da Europa, que para defender as bases de seu expansionismo econ\u00f4mico incentivam as ONGs a atacarem a reforma do C\u00f3digo Florestal Brasileiro.<\/p>\n<p><small>(Edson Moraes &#8211; Assessoria de Comunica\u00e7\u00e3o)<\/small><\/p>\n","protected":false},"excerpt":{"rendered":"<p>Para deputado, texto sobre novo C\u00f3digo Florestal reduziu ao m\u00e1ximo impacto de tens\u00f5es e conflitos.<\/p>\n","protected":false},"author":2,"featured_media":0,"comment_status":"closed","ping_status":"open","sticky":false,"template":"","format":"standard","meta":{"jetpack_post_was_ever_published":false,"_jetpack_newsletter_access":"","_jetpack_dont_email_post_to_subs":false,"_jetpack_newsletter_tier_id":0,"_jetpack_memberships_contains_paywalled_content":false,"_jetpack_memberships_contains_paid_content":false,"footnotes":""},"categories":[10],"tags":[43,88,349,467,608,777,807,853,1178,1655,1683,2023,2033],"class_list":{"0":"post-2977","1":"post","2":"type-post","3":"status-publish","4":"format-standard","6":"category-noticias","7":"tag-acrissul","8":"tag-aldo","9":"tag-candido","10":"tag-codigo","11":"tag-deputado","12":"tag-expogrande","13":"tag-federal","14":"tag-florestal","15":"tag-loubet","16":"tag-pt","17":"tag-rebelo","18":"tag-vaccarezza","19":"tag-vander"},"yoast_head":"<!-- This site is optimized with the Yoast SEO plugin v27.4 - https:\/\/yoast.com\/product\/yoast-seo-wordpress\/ -->\n<title>Vander: di\u00e1logo e equil\u00edbrio foram decisivos para C\u00f3digo Florestal<\/title>\n<meta name=\"robots\" content=\"index, follow, max-snippet:-1, max-image-preview:large, max-video-preview:-1\" \/>\n<link rel=\"canonical\" href=\"https:\/\/vanderloubet.com.br\/deputado\/vander-dialogo-e-equilibrio-foram-decisivos-para-aprimorar-codigo-florestal\/\" \/>\n<meta property=\"og:locale\" content=\"pt_BR\" \/>\n<meta property=\"og:type\" content=\"article\" \/>\n<meta property=\"og:title\" content=\"Vander: di\u00e1logo e equil\u00edbrio foram decisivos para C\u00f3digo Florestal\" \/>\n<meta property=\"og:description\" content=\"Para deputado, texto sobre novo C\u00f3digo Florestal reduziu ao m\u00e1ximo impacto de tens\u00f5es e conflitos.\" \/>\n<meta property=\"og:url\" content=\"https:\/\/vanderloubet.com.br\/deputado\/vander-dialogo-e-equilibrio-foram-decisivos-para-aprimorar-codigo-florestal\/\" \/>\n<meta property=\"og:site_name\" content=\"Deputado Federal Vander Loubet\" \/>\n<meta property=\"article:publisher\" content=\"https:\/\/facebook.com\/deputadovander\" \/>\n<meta property=\"article:published_time\" content=\"2011-03-17T03:03:00+00:00\" \/>\n<meta property=\"og:image\" content=\"http:\/\/www.deputadovander.com.br\/website\/wp-content\/uploads\/2011\/03\/foto-2011-03-15-vander-aldo-vaccarezza-400x266.jpg\" \/>\n<meta name=\"author\" content=\"\u00c9der\" \/>\n<meta name=\"twitter:card\" content=\"summary_large_image\" \/>\n<meta name=\"twitter:creator\" content=\"@vanderloubet\" \/>\n<meta name=\"twitter:site\" content=\"@vanderloubet\" \/>\n<script type=\"application\/ld+json\" class=\"yoast-schema-graph\">{\"@context\":\"https:\\\/\\\/schema.org\",\"@graph\":[{\"@type\":\"Article\",\"@id\":\"https:\\\/\\\/vanderloubet.com.br\\\/deputado\\\/vander-dialogo-e-equilibrio-foram-decisivos-para-aprimorar-codigo-florestal\\\/#article\",\"isPartOf\":{\"@id\":\"https:\\\/\\\/vanderloubet.com.br\\\/deputado\\\/vander-dialogo-e-equilibrio-foram-decisivos-para-aprimorar-codigo-florestal\\\/\"},\"author\":{\"name\":\"\u00c9der\",\"@id\":\"https:\\\/\\\/vanderloubet.com.br\\\/deputado\\\/#\\\/schema\\\/person\\\/15b51bd564532a8a68d9dec1b8eb890e\"},\"headline\":\"Vander: di\u00e1logo e equil\u00edbrio foram decisivos para C\u00f3digo Florestal\",\"datePublished\":\"2011-03-17T03:03:00+00:00\",\"mainEntityOfPage\":{\"@id\":\"https:\\\/\\\/vanderloubet.com.br\\\/deputado\\\/vander-dialogo-e-equilibrio-foram-decisivos-para-aprimorar-codigo-florestal\\\/\"},\"wordCount\":728,\"publisher\":{\"@id\":\"https:\\\/\\\/vanderloubet.com.br\\\/deputado\\\/#organization\"},\"image\":{\"@id\":\"https:\\\/\\\/vanderloubet.com.br\\\/deputado\\\/vander-dialogo-e-equilibrio-foram-decisivos-para-aprimorar-codigo-florestal\\\/#primaryimage\"},\"thumbnailUrl\":\"http:\\\/\\\/www.deputadovander.com.br\\\/website\\\/wp-content\\\/uploads\\\/2011\\\/03\\\/foto-2011-03-15-vander-aldo-vaccarezza-400x266.jpg\",\"keywords\":[\"acrissul\",\"aldo\",\"c\u00e2ndido\",\"c\u00f3digo\",\"deputado\",\"expogrande\",\"federal\",\"florestal\",\"loubet\",\"PT\",\"rebelo\",\"vaccarezza\",\"vander\"],\"articleSection\":[\"Not\u00edcias\"],\"inLanguage\":\"pt-BR\"},{\"@type\":\"WebPage\",\"@id\":\"https:\\\/\\\/vanderloubet.com.br\\\/deputado\\\/vander-dialogo-e-equilibrio-foram-decisivos-para-aprimorar-codigo-florestal\\\/\",\"url\":\"https:\\\/\\\/vanderloubet.com.br\\\/deputado\\\/vander-dialogo-e-equilibrio-foram-decisivos-para-aprimorar-codigo-florestal\\\/\",\"name\":\"Vander: di\u00e1logo e equil\u00edbrio foram decisivos para C\u00f3digo Florestal\",\"isPartOf\":{\"@id\":\"https:\\\/\\\/vanderloubet.com.br\\\/deputado\\\/#website\"},\"primaryImageOfPage\":{\"@id\":\"https:\\\/\\\/vanderloubet.com.br\\\/deputado\\\/vander-dialogo-e-equilibrio-foram-decisivos-para-aprimorar-codigo-florestal\\\/#primaryimage\"},\"image\":{\"@id\":\"https:\\\/\\\/vanderloubet.com.br\\\/deputado\\\/vander-dialogo-e-equilibrio-foram-decisivos-para-aprimorar-codigo-florestal\\\/#primaryimage\"},\"thumbnailUrl\":\"http:\\\/\\\/www.deputadovander.com.br\\\/website\\\/wp-content\\\/uploads\\\/2011\\\/03\\\/foto-2011-03-15-vander-aldo-vaccarezza-400x266.jpg\",\"datePublished\":\"2011-03-17T03:03:00+00:00\",\"breadcrumb\":{\"@id\":\"https:\\\/\\\/vanderloubet.com.br\\\/deputado\\\/vander-dialogo-e-equilibrio-foram-decisivos-para-aprimorar-codigo-florestal\\\/#breadcrumb\"},\"inLanguage\":\"pt-BR\",\"potentialAction\":[{\"@type\":\"ReadAction\",\"target\":[\"https:\\\/\\\/vanderloubet.com.br\\\/deputado\\\/vander-dialogo-e-equilibrio-foram-decisivos-para-aprimorar-codigo-florestal\\\/\"]}]},{\"@type\":\"ImageObject\",\"inLanguage\":\"pt-BR\",\"@id\":\"https:\\\/\\\/vanderloubet.com.br\\\/deputado\\\/vander-dialogo-e-equilibrio-foram-decisivos-para-aprimorar-codigo-florestal\\\/#primaryimage\",\"url\":\"http:\\\/\\\/www.deputadovander.com.br\\\/website\\\/wp-content\\\/uploads\\\/2011\\\/03\\\/foto-2011-03-15-vander-aldo-vaccarezza-400x266.jpg\",\"contentUrl\":\"http:\\\/\\\/www.deputadovander.com.br\\\/website\\\/wp-content\\\/uploads\\\/2011\\\/03\\\/foto-2011-03-15-vander-aldo-vaccarezza-400x266.jpg\"},{\"@type\":\"BreadcrumbList\",\"@id\":\"https:\\\/\\\/vanderloubet.com.br\\\/deputado\\\/vander-dialogo-e-equilibrio-foram-decisivos-para-aprimorar-codigo-florestal\\\/#breadcrumb\",\"itemListElement\":[{\"@type\":\"ListItem\",\"position\":1,\"name\":\"In\u00edcio\",\"item\":\"https:\\\/\\\/vanderloubet.com.br\\\/deputado\\\/\"},{\"@type\":\"ListItem\",\"position\":2,\"name\":\"Vander: di\u00e1logo e equil\u00edbrio foram decisivos para C\u00f3digo Florestal\"}]},{\"@type\":\"WebSite\",\"@id\":\"https:\\\/\\\/vanderloubet.com.br\\\/deputado\\\/#website\",\"url\":\"https:\\\/\\\/vanderloubet.com.br\\\/deputado\\\/\",\"name\":\"Deputado Federal Vander Loubet\",\"description\":\"O Federal de MS\",\"publisher\":{\"@id\":\"https:\\\/\\\/vanderloubet.com.br\\\/deputado\\\/#organization\"},\"alternateName\":\"Deputado Vander\",\"potentialAction\":[{\"@type\":\"SearchAction\",\"target\":{\"@type\":\"EntryPoint\",\"urlTemplate\":\"https:\\\/\\\/vanderloubet.com.br\\\/deputado\\\/?s={search_term_string}\"},\"query-input\":{\"@type\":\"PropertyValueSpecification\",\"valueRequired\":true,\"valueName\":\"search_term_string\"}}],\"inLanguage\":\"pt-BR\"},{\"@type\":\"Organization\",\"@id\":\"https:\\\/\\\/vanderloubet.com.br\\\/deputado\\\/#organization\",\"name\":\"Deputado Federal Vander Loubet\",\"alternateName\":\"Deputado Vander\",\"url\":\"https:\\\/\\\/vanderloubet.com.br\\\/deputado\\\/\",\"logo\":{\"@type\":\"ImageObject\",\"inLanguage\":\"pt-BR\",\"@id\":\"https:\\\/\\\/vanderloubet.com.br\\\/deputado\\\/#\\\/schema\\\/logo\\\/image\\\/\",\"url\":\"https:\\\/\\\/vanderloubet.com.br\\\/deputado\\\/wp-content\\\/uploads\\\/2023\\\/06\\\/foto-2023-06-19-mandato-deputado-vander.jpg\",\"contentUrl\":\"https:\\\/\\\/vanderloubet.com.br\\\/deputado\\\/wp-content\\\/uploads\\\/2023\\\/06\\\/foto-2023-06-19-mandato-deputado-vander.jpg\",\"width\":1080,\"height\":1080,\"caption\":\"Deputado Federal Vander Loubet\"},\"image\":{\"@id\":\"https:\\\/\\\/vanderloubet.com.br\\\/deputado\\\/#\\\/schema\\\/logo\\\/image\\\/\"},\"sameAs\":[\"https:\\\/\\\/facebook.com\\\/deputadovander\",\"https:\\\/\\\/x.com\\\/vanderloubet\",\"https:\\\/\\\/instagram.com\\\/vanderloubet\",\"https:\\\/\\\/youtube.com\\\/vanderloubet\",\"https:\\\/\\\/tiktok.com\\\/@vanderloubetms\"]},{\"@type\":\"Person\",\"@id\":\"https:\\\/\\\/vanderloubet.com.br\\\/deputado\\\/#\\\/schema\\\/person\\\/15b51bd564532a8a68d9dec1b8eb890e\",\"name\":\"\u00c9der\",\"image\":{\"@type\":\"ImageObject\",\"inLanguage\":\"pt-BR\",\"@id\":\"https:\\\/\\\/vanderloubet.com.br\\\/deputado\\\/wp-content\\\/litespeed\\\/avatar\\\/88ca4090d9d5ab1c9495f6ca03b68efa.jpg?ver=1777058957\",\"url\":\"https:\\\/\\\/vanderloubet.com.br\\\/deputado\\\/wp-content\\\/litespeed\\\/avatar\\\/88ca4090d9d5ab1c9495f6ca03b68efa.jpg?ver=1777058957\",\"contentUrl\":\"https:\\\/\\\/vanderloubet.com.br\\\/deputado\\\/wp-content\\\/litespeed\\\/avatar\\\/88ca4090d9d5ab1c9495f6ca03b68efa.jpg?ver=1777058957\",\"caption\":\"\u00c9der\"}}]}<\/script>\n<!-- \/ Yoast SEO plugin. -->","yoast_head_json":{"title":"Vander: di\u00e1logo e equil\u00edbrio foram decisivos para C\u00f3digo Florestal","robots":{"index":"index","follow":"follow","max-snippet":"max-snippet:-1","max-image-preview":"max-image-preview:large","max-video-preview":"max-video-preview:-1"},"canonical":"https:\/\/vanderloubet.com.br\/deputado\/vander-dialogo-e-equilibrio-foram-decisivos-para-aprimorar-codigo-florestal\/","og_locale":"pt_BR","og_type":"article","og_title":"Vander: di\u00e1logo e equil\u00edbrio foram decisivos para C\u00f3digo Florestal","og_description":"Para deputado, texto sobre novo C\u00f3digo Florestal reduziu ao m\u00e1ximo impacto de tens\u00f5es e conflitos.","og_url":"https:\/\/vanderloubet.com.br\/deputado\/vander-dialogo-e-equilibrio-foram-decisivos-para-aprimorar-codigo-florestal\/","og_site_name":"Deputado Federal Vander Loubet","article_publisher":"https:\/\/facebook.com\/deputadovander","article_published_time":"2011-03-17T03:03:00+00:00","og_image":[{"url":"http:\/\/www.deputadovander.com.br\/website\/wp-content\/uploads\/2011\/03\/foto-2011-03-15-vander-aldo-vaccarezza-400x266.jpg","type":"","width":"","height":""}],"author":"\u00c9der","twitter_card":"summary_large_image","twitter_creator":"@vanderloubet","twitter_site":"@vanderloubet","schema":{"@context":"https:\/\/schema.org","@graph":[{"@type":"Article","@id":"https:\/\/vanderloubet.com.br\/deputado\/vander-dialogo-e-equilibrio-foram-decisivos-para-aprimorar-codigo-florestal\/#article","isPartOf":{"@id":"https:\/\/vanderloubet.com.br\/deputado\/vander-dialogo-e-equilibrio-foram-decisivos-para-aprimorar-codigo-florestal\/"},"author":{"name":"\u00c9der","@id":"https:\/\/vanderloubet.com.br\/deputado\/#\/schema\/person\/15b51bd564532a8a68d9dec1b8eb890e"},"headline":"Vander: di\u00e1logo e equil\u00edbrio foram decisivos para C\u00f3digo Florestal","datePublished":"2011-03-17T03:03:00+00:00","mainEntityOfPage":{"@id":"https:\/\/vanderloubet.com.br\/deputado\/vander-dialogo-e-equilibrio-foram-decisivos-para-aprimorar-codigo-florestal\/"},"wordCount":728,"publisher":{"@id":"https:\/\/vanderloubet.com.br\/deputado\/#organization"},"image":{"@id":"https:\/\/vanderloubet.com.br\/deputado\/vander-dialogo-e-equilibrio-foram-decisivos-para-aprimorar-codigo-florestal\/#primaryimage"},"thumbnailUrl":"http:\/\/www.deputadovander.com.br\/website\/wp-content\/uploads\/2011\/03\/foto-2011-03-15-vander-aldo-vaccarezza-400x266.jpg","keywords":["acrissul","aldo","c\u00e2ndido","c\u00f3digo","deputado","expogrande","federal","florestal","loubet","PT","rebelo","vaccarezza","vander"],"articleSection":["Not\u00edcias"],"inLanguage":"pt-BR"},{"@type":"WebPage","@id":"https:\/\/vanderloubet.com.br\/deputado\/vander-dialogo-e-equilibrio-foram-decisivos-para-aprimorar-codigo-florestal\/","url":"https:\/\/vanderloubet.com.br\/deputado\/vander-dialogo-e-equilibrio-foram-decisivos-para-aprimorar-codigo-florestal\/","name":"Vander: di\u00e1logo e equil\u00edbrio foram decisivos para C\u00f3digo Florestal","isPartOf":{"@id":"https:\/\/vanderloubet.com.br\/deputado\/#website"},"primaryImageOfPage":{"@id":"https:\/\/vanderloubet.com.br\/deputado\/vander-dialogo-e-equilibrio-foram-decisivos-para-aprimorar-codigo-florestal\/#primaryimage"},"image":{"@id":"https:\/\/vanderloubet.com.br\/deputado\/vander-dialogo-e-equilibrio-foram-decisivos-para-aprimorar-codigo-florestal\/#primaryimage"},"thumbnailUrl":"http:\/\/www.deputadovander.com.br\/website\/wp-content\/uploads\/2011\/03\/foto-2011-03-15-vander-aldo-vaccarezza-400x266.jpg","datePublished":"2011-03-17T03:03:00+00:00","breadcrumb":{"@id":"https:\/\/vanderloubet.com.br\/deputado\/vander-dialogo-e-equilibrio-foram-decisivos-para-aprimorar-codigo-florestal\/#breadcrumb"},"inLanguage":"pt-BR","potentialAction":[{"@type":"ReadAction","target":["https:\/\/vanderloubet.com.br\/deputado\/vander-dialogo-e-equilibrio-foram-decisivos-para-aprimorar-codigo-florestal\/"]}]},{"@type":"ImageObject","inLanguage":"pt-BR","@id":"https:\/\/vanderloubet.com.br\/deputado\/vander-dialogo-e-equilibrio-foram-decisivos-para-aprimorar-codigo-florestal\/#primaryimage","url":"http:\/\/www.deputadovander.com.br\/website\/wp-content\/uploads\/2011\/03\/foto-2011-03-15-vander-aldo-vaccarezza-400x266.jpg","contentUrl":"http:\/\/www.deputadovander.com.br\/website\/wp-content\/uploads\/2011\/03\/foto-2011-03-15-vander-aldo-vaccarezza-400x266.jpg"},{"@type":"BreadcrumbList","@id":"https:\/\/vanderloubet.com.br\/deputado\/vander-dialogo-e-equilibrio-foram-decisivos-para-aprimorar-codigo-florestal\/#breadcrumb","itemListElement":[{"@type":"ListItem","position":1,"name":"In\u00edcio","item":"https:\/\/vanderloubet.com.br\/deputado\/"},{"@type":"ListItem","position":2,"name":"Vander: di\u00e1logo e equil\u00edbrio foram decisivos para C\u00f3digo Florestal"}]},{"@type":"WebSite","@id":"https:\/\/vanderloubet.com.br\/deputado\/#website","url":"https:\/\/vanderloubet.com.br\/deputado\/","name":"Deputado Federal Vander Loubet","description":"O Federal de MS","publisher":{"@id":"https:\/\/vanderloubet.com.br\/deputado\/#organization"},"alternateName":"Deputado Vander","potentialAction":[{"@type":"SearchAction","target":{"@type":"EntryPoint","urlTemplate":"https:\/\/vanderloubet.com.br\/deputado\/?s={search_term_string}"},"query-input":{"@type":"PropertyValueSpecification","valueRequired":true,"valueName":"search_term_string"}}],"inLanguage":"pt-BR"},{"@type":"Organization","@id":"https:\/\/vanderloubet.com.br\/deputado\/#organization","name":"Deputado Federal Vander Loubet","alternateName":"Deputado Vander","url":"https:\/\/vanderloubet.com.br\/deputado\/","logo":{"@type":"ImageObject","inLanguage":"pt-BR","@id":"https:\/\/vanderloubet.com.br\/deputado\/#\/schema\/logo\/image\/","url":"https:\/\/vanderloubet.com.br\/deputado\/wp-content\/uploads\/2023\/06\/foto-2023-06-19-mandato-deputado-vander.jpg","contentUrl":"https:\/\/vanderloubet.com.br\/deputado\/wp-content\/uploads\/2023\/06\/foto-2023-06-19-mandato-deputado-vander.jpg","width":1080,"height":1080,"caption":"Deputado Federal Vander Loubet"},"image":{"@id":"https:\/\/vanderloubet.com.br\/deputado\/#\/schema\/logo\/image\/"},"sameAs":["https:\/\/facebook.com\/deputadovander","https:\/\/x.com\/vanderloubet","https:\/\/instagram.com\/vanderloubet","https:\/\/youtube.com\/vanderloubet","https:\/\/tiktok.com\/@vanderloubetms"]},{"@type":"Person","@id":"https:\/\/vanderloubet.com.br\/deputado\/#\/schema\/person\/15b51bd564532a8a68d9dec1b8eb890e","name":"\u00c9der","image":{"@type":"ImageObject","inLanguage":"pt-BR","@id":"https:\/\/vanderloubet.com.br\/deputado\/wp-content\/litespeed\/avatar\/88ca4090d9d5ab1c9495f6ca03b68efa.jpg?ver=1777058957","url":"https:\/\/vanderloubet.com.br\/deputado\/wp-content\/litespeed\/avatar\/88ca4090d9d5ab1c9495f6ca03b68efa.jpg?ver=1777058957","contentUrl":"https:\/\/vanderloubet.com.br\/deputado\/wp-content\/litespeed\/avatar\/88ca4090d9d5ab1c9495f6ca03b68efa.jpg?ver=1777058957","caption":"\u00c9der"}}]}},"jetpack_featured_media_url":"","jetpack_sharing_enabled":true,"_links":{"self":[{"href":"https:\/\/vanderloubet.com.br\/deputado\/wp-json\/wp\/v2\/posts\/2977","targetHints":{"allow":["GET"]}}],"collection":[{"href":"https:\/\/vanderloubet.com.br\/deputado\/wp-json\/wp\/v2\/posts"}],"about":[{"href":"https:\/\/vanderloubet.com.br\/deputado\/wp-json\/wp\/v2\/types\/post"}],"author":[{"embeddable":true,"href":"https:\/\/vanderloubet.com.br\/deputado\/wp-json\/wp\/v2\/users\/2"}],"replies":[{"embeddable":true,"href":"https:\/\/vanderloubet.com.br\/deputado\/wp-json\/wp\/v2\/comments?post=2977"}],"version-history":[{"count":0,"href":"https:\/\/vanderloubet.com.br\/deputado\/wp-json\/wp\/v2\/posts\/2977\/revisions"}],"wp:attachment":[{"href":"https:\/\/vanderloubet.com.br\/deputado\/wp-json\/wp\/v2\/media?parent=2977"}],"wp:term":[{"taxonomy":"category","embeddable":true,"href":"https:\/\/vanderloubet.com.br\/deputado\/wp-json\/wp\/v2\/categories?post=2977"},{"taxonomy":"post_tag","embeddable":true,"href":"https:\/\/vanderloubet.com.br\/deputado\/wp-json\/wp\/v2\/tags?post=2977"}],"curies":[{"name":"wp","href":"https:\/\/api.w.org\/{rel}","templated":true}]}}