{"id":2971,"date":"2011-03-14T23:10:55","date_gmt":"2011-03-15T03:10:55","guid":{"rendered":"http:\/\/www.deputadovander.com.br\/website\/?p=2971"},"modified":"2011-03-14T23:10:55","modified_gmt":"2011-03-15T03:10:55","slug":"acrissul-lanca-expogrande-com-palestra-sobre-codigo-florestal","status":"publish","type":"post","link":"https:\/\/vanderloubet.com.br\/deputado\/acrissul-lanca-expogrande-com-palestra-sobre-codigo-florestal\/","title":{"rendered":"Acrissul lan\u00e7a Expogrande com palestra sobre C\u00f3digo Florestal"},"content":{"rendered":"<p style=\"text-align: center;\">\n<figure id=\"attachment_2972\" aria-describedby=\"caption-attachment-2972\" style=\"width: 400px\" class=\"wp-caption aligncenter\"><a href=\"http:\/\/www.deputadovander.com.br\/website\/wp-content\/uploads\/2011\/03\/foto-2011-03-14-palestra-acrissul-expogrande.jpg\" target=\"_blank\"><img decoding=\"async\" class=\"size-medium wp-image-2972 \" title=\"foto-2011-03-14-palestra-acrissul-expogrande\" src=\"http:\/\/www.deputadovander.com.br\/website\/wp-content\/uploads\/2011\/03\/foto-2011-03-14-palestra-acrissul-expogrande-400x300.jpg\" alt=\"Rebelo, Vaccarezza e Vander na Acrissul\" width=\"400\" height=\"300\" \/><\/a><figcaption id=\"caption-attachment-2972\" class=\"wp-caption-text\">Rebelo, Vaccarezza e Vander na Acrissul (clique p\/ ampliar)<\/figcaption><\/figure>\n<\/p>\n<p>Com o objetivo de esclarecer as novas mudan\u00e7as propostas para o C\u00f3digo Florestal brasileiro, o deputado federal Aldo Rebelo (PCdoB-SP), relator do projeto, esteve na noite desta segunda-feira (14) em Campo Grande para uma palestra no tatersal de elite da Associa\u00e7\u00e3o dos Criadores de Mato Grosso do Sul (Acrissul). Junto com a palestra, a Associa\u00e7\u00e3o realizou o lan\u00e7amento oficial da Expogrande 2011, que acontece de 14 a 24 de abril.<\/p>\n<p>Marcaram presen\u00e7a no evento o presidente da Acrissul, Francisco Maia, o deputado federal C\u00e2ndido Vaccarezza (PT-SP) &#8211; l\u00edder do governo na C\u00e2mara Federal, que veio representando a presidenta Dilma Rousseff &#8211; e o deputado federal Vander Loubet (PT-MS), al\u00e9m de outros integrandes da bancada de Mato Grosso do Sul no Congresso Nacional, prefeitos, deputados estaduais, vereadores e l\u00edderan\u00e7as partid\u00e1rias e do setor produtivo.<\/p>\n<p>O convite para a vinda de Rebelo partiu dos pr\u00f3prios integrantes da Acrissul, que manifestam apoio \u00e0s altera\u00e7\u00f5es propostas. Em sua fala, o o relator do projeto de lei que altera o C\u00f3digo Florestal defendeu que as mudan\u00e7as apontadas por seu relat\u00f3rio significam o equil\u00edbrio necess\u00e1rio entre o meio ambiente e a produ\u00e7\u00e3o agropecu\u00e1ria. &#8220;O pa\u00eds n\u00e3o quer renunciar ao meio ambiente e nem \u00e0 produ\u00e7\u00e3o. Essa legisla\u00e7\u00e3o vai poder proteger todas as partes, porque o pa\u00eds depende desses fatores&#8221;, frisou.<\/p>\n<p>O relat\u00f3rio do deputado foi aprovado no dia 6 de julho do ano passado, na Comiss\u00e3o Especial do C\u00f3digo Florestal, por 13 votos favor\u00e1veis e cinco contr\u00e1rios. Mas para substituir o atual C\u00f3digo, o projeto precisa ser aprovado pela C\u00e2mara Federal at\u00e9 11 de junho, pois o prazo para regulariza\u00e7\u00e3o dos produtores rurais termina no dia 12 de junho, conforme o Decreto 7.029\/2009.<\/p>\n<p>J\u00e1 o deputado C\u00e2ndido Vaccarezza, ao fazer uso da palavra ap\u00f3s a palestra de Aldo Rebelo, destacou a import\u00e2ncia do tema para o desenvolvimento do Pa\u00eds e disse que a Presid\u00eancia da Rep\u00fablica est\u00e1 atenta a esse debate no Congresso. Ele tamb\u00e9m agradeceu o empenho do deputado Vander Loubet, que articulou sua vinda de Bras\u00edlia como representante da presidenta Dilma.<\/p>\n<p><strong>C\u00e2mara de Negocia\u00e7\u00e3o<\/strong><\/p>\n<p>Por conta das diverg\u00eancias entre produtores e ambientalistas em torno do novo C\u00f3digo, a C\u00e2mara dos Deputados instalou, no in\u00edcio de mar\u00e7o, a C\u00e2mara de Negocia\u00e7\u00e3o das Mudan\u00e7as no C\u00f3digo Florestal. O colegiado \u00e9 composto por 14 deputados: quatro representantes da produ\u00e7\u00e3o rural, quatro defensores do meio ambiente, dois da lideran\u00e7a do governo e dois da lideran\u00e7a da oposi\u00e7\u00e3o, al\u00e9m do relator Aldo Rebelo (PCdoB-SP) e do representante da Mesa Diretora, o primeiro-secret\u00e1rio Eduardo Gomes (PSDB-TO), que vai coordenar o trabalho.<\/p>\n<p>Um dos nomes que v\u00e3o representar o Governo j\u00e1 est\u00e1 definido: \u00e9 o do deputado Vander Loubet, indicado por Vaccarezza. Segundo Vaccarezza, a op\u00e7\u00e3o por Vander levou em considera\u00e7\u00e3o a capacidade de negocia\u00e7\u00e3o e de tr\u00e2nsito do parlamentar sul-mato-grossense no Congresso e em Bras\u00edlia.<\/p>\n<p>Para Vander, a sociedade brasileira quer uma solu\u00e7\u00e3o de entendimento que seja capaz de compatibilizar os interesses da produ\u00e7\u00e3o rural com a necessidade de preserva\u00e7\u00e3o do meio ambiente. &#8220;O esfor\u00e7o da C\u00e2mara de Negocia\u00e7\u00e3o ser\u00e1 pelo entendimento entre as partes. Nosso papel vai ser de buscar um consenso para levar um texto ao plen\u00e1rio que represente o equil\u00edbrio&#8221;, destacou.<\/p>\n<p><small>(\u00c9der Yanaguita \u2013 Assessoria de Comunica\u00e7\u00e3o)<\/small><\/p>\n","protected":false},"excerpt":{"rendered":"<p>Deputado Aldo Rebelo, relator do novo C\u00f3digo, palestrou. Vander marcou presen\u00e7a junto com l\u00edder do governo, C\u00e2ndido Vaccarezza.<\/p>\n","protected":false},"author":2,"featured_media":0,"comment_status":"open","ping_status":"open","sticky":false,"template":"","format":"standard","meta":{"jetpack_post_was_ever_published":false,"_jetpack_newsletter_access":"","_jetpack_dont_email_post_to_subs":false,"_jetpack_newsletter_tier_id":0,"_jetpack_memberships_contains_paywalled_content":false,"_jetpack_memberships_contains_paid_content":false,"footnotes":""},"categories":[10],"tags":[43,88,349,467,608,777,807,853,1178,1683,2023,2033],"class_list":{"0":"post-2971","1":"post","2":"type-post","3":"status-publish","4":"format-standard","6":"category-noticias","7":"tag-acrissul","8":"tag-aldo","9":"tag-candido","10":"tag-codigo","11":"tag-deputado","12":"tag-expogrande","13":"tag-federal","14":"tag-florestal","15":"tag-loubet","16":"tag-rebelo","17":"tag-vaccarezza","18":"tag-vander"},"yoast_head":"<!-- This site is optimized with the Yoast SEO plugin v27.4 - https:\/\/yoast.com\/product\/yoast-seo-wordpress\/ -->\n<title>Acrissul lan\u00e7a Expogrande com palestra sobre C\u00f3digo Florestal<\/title>\n<meta name=\"robots\" content=\"index, follow, max-snippet:-1, max-image-preview:large, max-video-preview:-1\" \/>\n<link rel=\"canonical\" href=\"http:\/\/vanderloubet.com.br\/deputado\/acrissul-lanca-expogrande-com-palestra-sobre-codigo-florestal\/\" \/>\n<meta property=\"og:locale\" content=\"pt_BR\" \/>\n<meta property=\"og:type\" content=\"article\" \/>\n<meta property=\"og:title\" content=\"Acrissul lan\u00e7a Expogrande com palestra sobre C\u00f3digo Florestal\" \/>\n<meta property=\"og:description\" content=\"Deputado Aldo Rebelo, relator do novo C\u00f3digo, palestrou. Vander marcou presen\u00e7a junto com l\u00edder do governo, C\u00e2ndido Vaccarezza.\" \/>\n<meta property=\"og:url\" content=\"http:\/\/vanderloubet.com.br\/deputado\/acrissul-lanca-expogrande-com-palestra-sobre-codigo-florestal\/\" \/>\n<meta property=\"og:site_name\" content=\"Deputado Federal Vander Loubet\" \/>\n<meta property=\"article:publisher\" content=\"https:\/\/facebook.com\/deputadovander\" \/>\n<meta property=\"article:published_time\" content=\"2011-03-15T03:10:55+00:00\" \/>\n<meta property=\"og:image\" content=\"http:\/\/www.deputadovander.com.br\/website\/wp-content\/uploads\/2011\/03\/foto-2011-03-14-palestra-acrissul-expogrande-400x300.jpg\" \/>\n<meta name=\"author\" content=\"\u00c9der\" \/>\n<meta name=\"twitter:card\" content=\"summary_large_image\" \/>\n<meta name=\"twitter:creator\" content=\"@vanderloubet\" \/>\n<meta name=\"twitter:site\" content=\"@vanderloubet\" \/>\n<script type=\"application\/ld+json\" class=\"yoast-schema-graph\">{\"@context\":\"https:\\\/\\\/schema.org\",\"@graph\":[{\"@type\":\"Article\",\"@id\":\"http:\\\/\\\/vanderloubet.com.br\\\/deputado\\\/acrissul-lanca-expogrande-com-palestra-sobre-codigo-florestal\\\/#article\",\"isPartOf\":{\"@id\":\"http:\\\/\\\/vanderloubet.com.br\\\/deputado\\\/acrissul-lanca-expogrande-com-palestra-sobre-codigo-florestal\\\/\"},\"author\":{\"name\":\"\u00c9der\",\"@id\":\"https:\\\/\\\/vanderloubet.com.br\\\/deputado\\\/#\\\/schema\\\/person\\\/15b51bd564532a8a68d9dec1b8eb890e\"},\"headline\":\"Acrissul lan\u00e7a Expogrande com palestra sobre C\u00f3digo Florestal\",\"datePublished\":\"2011-03-15T03:10:55+00:00\",\"mainEntityOfPage\":{\"@id\":\"http:\\\/\\\/vanderloubet.com.br\\\/deputado\\\/acrissul-lanca-expogrande-com-palestra-sobre-codigo-florestal\\\/\"},\"wordCount\":618,\"commentCount\":0,\"publisher\":{\"@id\":\"https:\\\/\\\/vanderloubet.com.br\\\/deputado\\\/#organization\"},\"image\":{\"@id\":\"http:\\\/\\\/vanderloubet.com.br\\\/deputado\\\/acrissul-lanca-expogrande-com-palestra-sobre-codigo-florestal\\\/#primaryimage\"},\"thumbnailUrl\":\"http:\\\/\\\/www.deputadovander.com.br\\\/website\\\/wp-content\\\/uploads\\\/2011\\\/03\\\/foto-2011-03-14-palestra-acrissul-expogrande-400x300.jpg\",\"keywords\":[\"acrissul\",\"aldo\",\"c\u00e2ndido\",\"c\u00f3digo\",\"deputado\",\"expogrande\",\"federal\",\"florestal\",\"loubet\",\"rebelo\",\"vaccarezza\",\"vander\"],\"articleSection\":[\"Not\u00edcias\"],\"inLanguage\":\"pt-BR\",\"potentialAction\":[{\"@type\":\"CommentAction\",\"name\":\"Comment\",\"target\":[\"http:\\\/\\\/vanderloubet.com.br\\\/deputado\\\/acrissul-lanca-expogrande-com-palestra-sobre-codigo-florestal\\\/#respond\"]}]},{\"@type\":\"WebPage\",\"@id\":\"http:\\\/\\\/vanderloubet.com.br\\\/deputado\\\/acrissul-lanca-expogrande-com-palestra-sobre-codigo-florestal\\\/\",\"url\":\"http:\\\/\\\/vanderloubet.com.br\\\/deputado\\\/acrissul-lanca-expogrande-com-palestra-sobre-codigo-florestal\\\/\",\"name\":\"Acrissul lan\u00e7a Expogrande com palestra sobre C\u00f3digo Florestal\",\"isPartOf\":{\"@id\":\"https:\\\/\\\/vanderloubet.com.br\\\/deputado\\\/#website\"},\"primaryImageOfPage\":{\"@id\":\"http:\\\/\\\/vanderloubet.com.br\\\/deputado\\\/acrissul-lanca-expogrande-com-palestra-sobre-codigo-florestal\\\/#primaryimage\"},\"image\":{\"@id\":\"http:\\\/\\\/vanderloubet.com.br\\\/deputado\\\/acrissul-lanca-expogrande-com-palestra-sobre-codigo-florestal\\\/#primaryimage\"},\"thumbnailUrl\":\"http:\\\/\\\/www.deputadovander.com.br\\\/website\\\/wp-content\\\/uploads\\\/2011\\\/03\\\/foto-2011-03-14-palestra-acrissul-expogrande-400x300.jpg\",\"datePublished\":\"2011-03-15T03:10:55+00:00\",\"breadcrumb\":{\"@id\":\"http:\\\/\\\/vanderloubet.com.br\\\/deputado\\\/acrissul-lanca-expogrande-com-palestra-sobre-codigo-florestal\\\/#breadcrumb\"},\"inLanguage\":\"pt-BR\",\"potentialAction\":[{\"@type\":\"ReadAction\",\"target\":[\"http:\\\/\\\/vanderloubet.com.br\\\/deputado\\\/acrissul-lanca-expogrande-com-palestra-sobre-codigo-florestal\\\/\"]}]},{\"@type\":\"ImageObject\",\"inLanguage\":\"pt-BR\",\"@id\":\"http:\\\/\\\/vanderloubet.com.br\\\/deputado\\\/acrissul-lanca-expogrande-com-palestra-sobre-codigo-florestal\\\/#primaryimage\",\"url\":\"http:\\\/\\\/www.deputadovander.com.br\\\/website\\\/wp-content\\\/uploads\\\/2011\\\/03\\\/foto-2011-03-14-palestra-acrissul-expogrande-400x300.jpg\",\"contentUrl\":\"http:\\\/\\\/www.deputadovander.com.br\\\/website\\\/wp-content\\\/uploads\\\/2011\\\/03\\\/foto-2011-03-14-palestra-acrissul-expogrande-400x300.jpg\"},{\"@type\":\"BreadcrumbList\",\"@id\":\"http:\\\/\\\/vanderloubet.com.br\\\/deputado\\\/acrissul-lanca-expogrande-com-palestra-sobre-codigo-florestal\\\/#breadcrumb\",\"itemListElement\":[{\"@type\":\"ListItem\",\"position\":1,\"name\":\"In\u00edcio\",\"item\":\"https:\\\/\\\/vanderloubet.com.br\\\/deputado\\\/\"},{\"@type\":\"ListItem\",\"position\":2,\"name\":\"Acrissul lan\u00e7a Expogrande com palestra sobre C\u00f3digo Florestal\"}]},{\"@type\":\"WebSite\",\"@id\":\"https:\\\/\\\/vanderloubet.com.br\\\/deputado\\\/#website\",\"url\":\"https:\\\/\\\/vanderloubet.com.br\\\/deputado\\\/\",\"name\":\"Deputado Federal Vander Loubet\",\"description\":\"O Federal de MS\",\"publisher\":{\"@id\":\"https:\\\/\\\/vanderloubet.com.br\\\/deputado\\\/#organization\"},\"alternateName\":\"Deputado Vander\",\"potentialAction\":[{\"@type\":\"SearchAction\",\"target\":{\"@type\":\"EntryPoint\",\"urlTemplate\":\"https:\\\/\\\/vanderloubet.com.br\\\/deputado\\\/?s={search_term_string}\"},\"query-input\":{\"@type\":\"PropertyValueSpecification\",\"valueRequired\":true,\"valueName\":\"search_term_string\"}}],\"inLanguage\":\"pt-BR\"},{\"@type\":\"Organization\",\"@id\":\"https:\\\/\\\/vanderloubet.com.br\\\/deputado\\\/#organization\",\"name\":\"Deputado Federal Vander Loubet\",\"alternateName\":\"Deputado Vander\",\"url\":\"https:\\\/\\\/vanderloubet.com.br\\\/deputado\\\/\",\"logo\":{\"@type\":\"ImageObject\",\"inLanguage\":\"pt-BR\",\"@id\":\"https:\\\/\\\/vanderloubet.com.br\\\/deputado\\\/#\\\/schema\\\/logo\\\/image\\\/\",\"url\":\"https:\\\/\\\/vanderloubet.com.br\\\/deputado\\\/wp-content\\\/uploads\\\/2023\\\/06\\\/foto-2023-06-19-mandato-deputado-vander.jpg\",\"contentUrl\":\"https:\\\/\\\/vanderloubet.com.br\\\/deputado\\\/wp-content\\\/uploads\\\/2023\\\/06\\\/foto-2023-06-19-mandato-deputado-vander.jpg\",\"width\":1080,\"height\":1080,\"caption\":\"Deputado Federal Vander Loubet\"},\"image\":{\"@id\":\"https:\\\/\\\/vanderloubet.com.br\\\/deputado\\\/#\\\/schema\\\/logo\\\/image\\\/\"},\"sameAs\":[\"https:\\\/\\\/facebook.com\\\/deputadovander\",\"https:\\\/\\\/x.com\\\/vanderloubet\",\"https:\\\/\\\/instagram.com\\\/vanderloubet\",\"https:\\\/\\\/youtube.com\\\/vanderloubet\",\"https:\\\/\\\/tiktok.com\\\/@vanderloubetms\"]},{\"@type\":\"Person\",\"@id\":\"https:\\\/\\\/vanderloubet.com.br\\\/deputado\\\/#\\\/schema\\\/person\\\/15b51bd564532a8a68d9dec1b8eb890e\",\"name\":\"\u00c9der\",\"image\":{\"@type\":\"ImageObject\",\"inLanguage\":\"pt-BR\",\"@id\":\"https:\\\/\\\/vanderloubet.com.br\\\/deputado\\\/wp-content\\\/litespeed\\\/avatar\\\/88ca4090d9d5ab1c9495f6ca03b68efa.jpg?ver=1777058957\",\"url\":\"https:\\\/\\\/vanderloubet.com.br\\\/deputado\\\/wp-content\\\/litespeed\\\/avatar\\\/88ca4090d9d5ab1c9495f6ca03b68efa.jpg?ver=1777058957\",\"contentUrl\":\"https:\\\/\\\/vanderloubet.com.br\\\/deputado\\\/wp-content\\\/litespeed\\\/avatar\\\/88ca4090d9d5ab1c9495f6ca03b68efa.jpg?ver=1777058957\",\"caption\":\"\u00c9der\"}}]}<\/script>\n<!-- \/ Yoast SEO plugin. -->","yoast_head_json":{"title":"Acrissul lan\u00e7a Expogrande com palestra sobre C\u00f3digo Florestal","robots":{"index":"index","follow":"follow","max-snippet":"max-snippet:-1","max-image-preview":"max-image-preview:large","max-video-preview":"max-video-preview:-1"},"canonical":"http:\/\/vanderloubet.com.br\/deputado\/acrissul-lanca-expogrande-com-palestra-sobre-codigo-florestal\/","og_locale":"pt_BR","og_type":"article","og_title":"Acrissul lan\u00e7a Expogrande com palestra sobre C\u00f3digo Florestal","og_description":"Deputado Aldo Rebelo, relator do novo C\u00f3digo, palestrou. Vander marcou presen\u00e7a junto com l\u00edder do governo, C\u00e2ndido Vaccarezza.","og_url":"http:\/\/vanderloubet.com.br\/deputado\/acrissul-lanca-expogrande-com-palestra-sobre-codigo-florestal\/","og_site_name":"Deputado Federal Vander Loubet","article_publisher":"https:\/\/facebook.com\/deputadovander","article_published_time":"2011-03-15T03:10:55+00:00","og_image":[{"url":"http:\/\/www.deputadovander.com.br\/website\/wp-content\/uploads\/2011\/03\/foto-2011-03-14-palestra-acrissul-expogrande-400x300.jpg","type":"","width":"","height":""}],"author":"\u00c9der","twitter_card":"summary_large_image","twitter_creator":"@vanderloubet","twitter_site":"@vanderloubet","schema":{"@context":"https:\/\/schema.org","@graph":[{"@type":"Article","@id":"http:\/\/vanderloubet.com.br\/deputado\/acrissul-lanca-expogrande-com-palestra-sobre-codigo-florestal\/#article","isPartOf":{"@id":"http:\/\/vanderloubet.com.br\/deputado\/acrissul-lanca-expogrande-com-palestra-sobre-codigo-florestal\/"},"author":{"name":"\u00c9der","@id":"https:\/\/vanderloubet.com.br\/deputado\/#\/schema\/person\/15b51bd564532a8a68d9dec1b8eb890e"},"headline":"Acrissul lan\u00e7a Expogrande com palestra sobre C\u00f3digo Florestal","datePublished":"2011-03-15T03:10:55+00:00","mainEntityOfPage":{"@id":"http:\/\/vanderloubet.com.br\/deputado\/acrissul-lanca-expogrande-com-palestra-sobre-codigo-florestal\/"},"wordCount":618,"commentCount":0,"publisher":{"@id":"https:\/\/vanderloubet.com.br\/deputado\/#organization"},"image":{"@id":"http:\/\/vanderloubet.com.br\/deputado\/acrissul-lanca-expogrande-com-palestra-sobre-codigo-florestal\/#primaryimage"},"thumbnailUrl":"http:\/\/www.deputadovander.com.br\/website\/wp-content\/uploads\/2011\/03\/foto-2011-03-14-palestra-acrissul-expogrande-400x300.jpg","keywords":["acrissul","aldo","c\u00e2ndido","c\u00f3digo","deputado","expogrande","federal","florestal","loubet","rebelo","vaccarezza","vander"],"articleSection":["Not\u00edcias"],"inLanguage":"pt-BR","potentialAction":[{"@type":"CommentAction","name":"Comment","target":["http:\/\/vanderloubet.com.br\/deputado\/acrissul-lanca-expogrande-com-palestra-sobre-codigo-florestal\/#respond"]}]},{"@type":"WebPage","@id":"http:\/\/vanderloubet.com.br\/deputado\/acrissul-lanca-expogrande-com-palestra-sobre-codigo-florestal\/","url":"http:\/\/vanderloubet.com.br\/deputado\/acrissul-lanca-expogrande-com-palestra-sobre-codigo-florestal\/","name":"Acrissul lan\u00e7a Expogrande com palestra sobre C\u00f3digo Florestal","isPartOf":{"@id":"https:\/\/vanderloubet.com.br\/deputado\/#website"},"primaryImageOfPage":{"@id":"http:\/\/vanderloubet.com.br\/deputado\/acrissul-lanca-expogrande-com-palestra-sobre-codigo-florestal\/#primaryimage"},"image":{"@id":"http:\/\/vanderloubet.com.br\/deputado\/acrissul-lanca-expogrande-com-palestra-sobre-codigo-florestal\/#primaryimage"},"thumbnailUrl":"http:\/\/www.deputadovander.com.br\/website\/wp-content\/uploads\/2011\/03\/foto-2011-03-14-palestra-acrissul-expogrande-400x300.jpg","datePublished":"2011-03-15T03:10:55+00:00","breadcrumb":{"@id":"http:\/\/vanderloubet.com.br\/deputado\/acrissul-lanca-expogrande-com-palestra-sobre-codigo-florestal\/#breadcrumb"},"inLanguage":"pt-BR","potentialAction":[{"@type":"ReadAction","target":["http:\/\/vanderloubet.com.br\/deputado\/acrissul-lanca-expogrande-com-palestra-sobre-codigo-florestal\/"]}]},{"@type":"ImageObject","inLanguage":"pt-BR","@id":"http:\/\/vanderloubet.com.br\/deputado\/acrissul-lanca-expogrande-com-palestra-sobre-codigo-florestal\/#primaryimage","url":"http:\/\/www.deputadovander.com.br\/website\/wp-content\/uploads\/2011\/03\/foto-2011-03-14-palestra-acrissul-expogrande-400x300.jpg","contentUrl":"http:\/\/www.deputadovander.com.br\/website\/wp-content\/uploads\/2011\/03\/foto-2011-03-14-palestra-acrissul-expogrande-400x300.jpg"},{"@type":"BreadcrumbList","@id":"http:\/\/vanderloubet.com.br\/deputado\/acrissul-lanca-expogrande-com-palestra-sobre-codigo-florestal\/#breadcrumb","itemListElement":[{"@type":"ListItem","position":1,"name":"In\u00edcio","item":"https:\/\/vanderloubet.com.br\/deputado\/"},{"@type":"ListItem","position":2,"name":"Acrissul lan\u00e7a Expogrande com palestra sobre C\u00f3digo Florestal"}]},{"@type":"WebSite","@id":"https:\/\/vanderloubet.com.br\/deputado\/#website","url":"https:\/\/vanderloubet.com.br\/deputado\/","name":"Deputado Federal Vander Loubet","description":"O Federal de MS","publisher":{"@id":"https:\/\/vanderloubet.com.br\/deputado\/#organization"},"alternateName":"Deputado Vander","potentialAction":[{"@type":"SearchAction","target":{"@type":"EntryPoint","urlTemplate":"https:\/\/vanderloubet.com.br\/deputado\/?s={search_term_string}"},"query-input":{"@type":"PropertyValueSpecification","valueRequired":true,"valueName":"search_term_string"}}],"inLanguage":"pt-BR"},{"@type":"Organization","@id":"https:\/\/vanderloubet.com.br\/deputado\/#organization","name":"Deputado Federal Vander Loubet","alternateName":"Deputado Vander","url":"https:\/\/vanderloubet.com.br\/deputado\/","logo":{"@type":"ImageObject","inLanguage":"pt-BR","@id":"https:\/\/vanderloubet.com.br\/deputado\/#\/schema\/logo\/image\/","url":"https:\/\/vanderloubet.com.br\/deputado\/wp-content\/uploads\/2023\/06\/foto-2023-06-19-mandato-deputado-vander.jpg","contentUrl":"https:\/\/vanderloubet.com.br\/deputado\/wp-content\/uploads\/2023\/06\/foto-2023-06-19-mandato-deputado-vander.jpg","width":1080,"height":1080,"caption":"Deputado Federal Vander Loubet"},"image":{"@id":"https:\/\/vanderloubet.com.br\/deputado\/#\/schema\/logo\/image\/"},"sameAs":["https:\/\/facebook.com\/deputadovander","https:\/\/x.com\/vanderloubet","https:\/\/instagram.com\/vanderloubet","https:\/\/youtube.com\/vanderloubet","https:\/\/tiktok.com\/@vanderloubetms"]},{"@type":"Person","@id":"https:\/\/vanderloubet.com.br\/deputado\/#\/schema\/person\/15b51bd564532a8a68d9dec1b8eb890e","name":"\u00c9der","image":{"@type":"ImageObject","inLanguage":"pt-BR","@id":"https:\/\/vanderloubet.com.br\/deputado\/wp-content\/litespeed\/avatar\/88ca4090d9d5ab1c9495f6ca03b68efa.jpg?ver=1777058957","url":"https:\/\/vanderloubet.com.br\/deputado\/wp-content\/litespeed\/avatar\/88ca4090d9d5ab1c9495f6ca03b68efa.jpg?ver=1777058957","contentUrl":"https:\/\/vanderloubet.com.br\/deputado\/wp-content\/litespeed\/avatar\/88ca4090d9d5ab1c9495f6ca03b68efa.jpg?ver=1777058957","caption":"\u00c9der"}}]}},"jetpack_featured_media_url":"","jetpack_sharing_enabled":true,"_links":{"self":[{"href":"https:\/\/vanderloubet.com.br\/deputado\/wp-json\/wp\/v2\/posts\/2971","targetHints":{"allow":["GET"]}}],"collection":[{"href":"https:\/\/vanderloubet.com.br\/deputado\/wp-json\/wp\/v2\/posts"}],"about":[{"href":"https:\/\/vanderloubet.com.br\/deputado\/wp-json\/wp\/v2\/types\/post"}],"author":[{"embeddable":true,"href":"https:\/\/vanderloubet.com.br\/deputado\/wp-json\/wp\/v2\/users\/2"}],"replies":[{"embeddable":true,"href":"https:\/\/vanderloubet.com.br\/deputado\/wp-json\/wp\/v2\/comments?post=2971"}],"version-history":[{"count":0,"href":"https:\/\/vanderloubet.com.br\/deputado\/wp-json\/wp\/v2\/posts\/2971\/revisions"}],"wp:attachment":[{"href":"https:\/\/vanderloubet.com.br\/deputado\/wp-json\/wp\/v2\/media?parent=2971"}],"wp:term":[{"taxonomy":"category","embeddable":true,"href":"https:\/\/vanderloubet.com.br\/deputado\/wp-json\/wp\/v2\/categories?post=2971"},{"taxonomy":"post_tag","embeddable":true,"href":"https:\/\/vanderloubet.com.br\/deputado\/wp-json\/wp\/v2\/tags?post=2971"}],"curies":[{"name":"wp","href":"https:\/\/api.w.org\/{rel}","templated":true}]}}