{"id":2968,"date":"2011-03-14T08:34:18","date_gmt":"2011-03-14T12:34:18","guid":{"rendered":"http:\/\/www.deputadovander.com.br\/website\/?p=2968"},"modified":"2011-03-14T08:34:18","modified_gmt":"2011-03-14T12:34:18","slug":"vander-confirma-presenca-de-vaccarezza-em-palestra-sobre-codigo-florestal","status":"publish","type":"post","link":"https:\/\/vanderloubet.com.br\/deputado\/vander-confirma-presenca-de-vaccarezza-em-palestra-sobre-codigo-florestal\/","title":{"rendered":"Vander confirma Vaccarezza em palestra sobre C\u00f3digo Florestal"},"content":{"rendered":"<p style=\"text-align: center;\">\n<figure id=\"attachment_2969\" aria-describedby=\"caption-attachment-2969\" style=\"width: 400px\" class=\"wp-caption aligncenter\"><a href=\"http:\/\/www.deputadovander.com.br\/website\/wp-content\/uploads\/2011\/03\/foto-2011-03-14-vander-vaccarezza-cg.jpg\" target=\"_blank\"><img decoding=\"async\" class=\"size-medium wp-image-2969 \" title=\"foto-2011-03-14-vander-vaccarezza-cg\" src=\"http:\/\/www.deputadovander.com.br\/website\/wp-content\/uploads\/2011\/03\/foto-2011-03-14-vander-vaccarezza-cg-400x300.jpg\" alt=\"Vander Loubet e C\u00e2ndido Vaccarezza\" width=\"400\" height=\"300\" \/><\/a><figcaption id=\"caption-attachment-2969\" class=\"wp-caption-text\">Vander Loubet e C\u00e2ndido Vaccarezza (clique p\/ ampliar)<\/figcaption><\/figure>\n<\/p>\n<p>O deputado federal Vander Loubet (PT-MS) confirmou na manh\u00e3 de hoje (14) que o l\u00edder do governo na C\u00e2mara Federal, deputado C\u00e2ndido Vaccarezza (PT-SP), estar\u00e1 presente na palestra do deputado Aldo Rebelo (PCdoB-SP) sobre o relat\u00f3rio do Projeto de Lei 1.876\/1999, que institui as mudan\u00e7as no C\u00f3digo Florestal. O evento ser\u00e1 na Associa\u00e7\u00e3o dos Criadores de Mato Grosso do Sul (Acrissul), a partir das 20h, e tamb\u00e9m marca o lan\u00e7amento oficial da Expogrande 2011, no Parque de Exposi\u00e7\u00f5es Lauc\u00eddio Coelho.<\/p>\n<p>Segundo o presidente da Acrissul, Francisco Maia, a id\u00e9ia da palestra \u00e9 colocar na mesma mesa lideran\u00e7as de v\u00e1rias inspira\u00e7\u00f5es ideol\u00f3gicas e partid\u00e1rias para debater o assunto, que \u00e9 pol\u00eamico e divide opini\u00f5es entre ruralistas e ambientalistas.<\/p>\n<p>\u00c9 por conta dessas diverg\u00eancias que a C\u00e2mara dos Deputados instalou, no in\u00edcio de mar\u00e7o, a C\u00e2mara de Negocia\u00e7\u00e3o das Mudan\u00e7as no C\u00f3digo Florestal. O colegiado ser\u00e1 composto por 14 deputados: quatro representantes da produ\u00e7\u00e3o rural, quatro defensores do meio ambiente, dois da lideran\u00e7a do governo e dois da lideran\u00e7a da oposi\u00e7\u00e3o, al\u00e9m do relator Aldo Rebelo (PCdoB-SP) e do representante da Mesa Diretora, o primeiro-secret\u00e1rio Eduardo Gomes (PSDB-TO), que vai coordenar o trabalho.<\/p>\n<p>Marco Maia ressaltou que a C\u00e2mara de Negocia\u00e7\u00e3o tem car\u00e1ter informal, pois n\u00e3o \u00e9 deliberativa. &#8220;Seu papel \u00e9 buscar um consenso para levar um texto ao plen\u00e1rio&#8221;, resumiu.<\/p>\n<p><strong>Indicados<\/strong><\/p>\n<p>Um dos nomes que v\u00e3o representar o Governo j\u00e1 est\u00e1 definido: \u00e9 o do deputado Vander Loubet, indicado por Vaccarezza. Segundo Vaccarezza, a op\u00e7\u00e3o por Vander levou em considera\u00e7\u00e3o a capacidade de negocia\u00e7\u00e3o e de tr\u00e2nsito do parlamentar sul-mato-grossense no Congresso e em Bras\u00edlia. \u201cO Vander \u00e9 um dos grandes representantes do PT no Centro-Oeste e esse \u00e9 mais um motivo para ele compor o colegiado, j\u00e1 que a regi\u00e3o \u00e9 uma das mais afetadas pelas quest\u00f5es ambientais, tendo em vista os ecossistemas a serem protegidos e a grande produ\u00e7\u00e3o agropecu\u00e1ria\u201d, afirmou o deputado paulista.<\/p>\n<p>Para Vander, a sociedade brasileira quer uma solu\u00e7\u00e3o de entendimento que seja capaz de compatibilizar os interesses da produ\u00e7\u00e3o rural com a necessidade de preserva\u00e7\u00e3o do meio ambiente. \u201cO esfor\u00e7o da C\u00e2mara de Negocia\u00e7\u00e3o ser\u00e1 por este entendimento, at\u00e9 porque esse tema n\u00e3o \u00e9 uma mat\u00e9ria partid\u00e1ria, nem do governo nem da oposi\u00e7\u00e3o\u201d, destacou.<\/p>\n<p>Os deputados Reinhold Stephanes (PMDB-PR), Paulo Piau (PMDB-MG), Luis Carlos Heinze (PP-RS) e Assis do Couto (PT-PR) ser\u00e3o os representantes dos produtores. J\u00e1 os ambientalistas ser\u00e3o representados por Sarney Filho (PV-MA), M\u00e1rcio Mac\u00eado (PT-SE), Ricardo Tripoli (PSDB-SP) e Ivan Valente (Psol-SP). A oposi\u00e7\u00e3o contar\u00e1 com Antonio Carlos Mendes Thame (PSDB-SP) e ainda vai indicar seu segundo representante.<\/p>\n<p><small>(\u00c9der Yanaguita &#8211; Assessoria de Comunica\u00e7\u00e3o)<\/small><\/p>\n","protected":false},"excerpt":{"rendered":"<p>L\u00edder do governo na C\u00e2mara representar\u00e1 Dilma na palestra de Aldo Rebelo na Acrissul e no lan\u00e7amento da Expogrande.<\/p>\n","protected":false},"author":2,"featured_media":0,"comment_status":"open","ping_status":"open","sticky":false,"template":"","format":"standard","meta":{"jetpack_post_was_ever_published":false,"_jetpack_newsletter_access":"","_jetpack_dont_email_post_to_subs":false,"_jetpack_newsletter_tier_id":0,"_jetpack_memberships_contains_paywalled_content":false,"_jetpack_memberships_contains_paid_content":false,"footnotes":""},"categories":[10],"tags":[43,88,349,467,608,807,853,1178,1655,1683,1892,2023,2033],"class_list":{"0":"post-2968","1":"post","2":"type-post","3":"status-publish","4":"format-standard","6":"category-noticias","7":"tag-acrissul","8":"tag-aldo","9":"tag-candido","10":"tag-codigo","11":"tag-deputado","12":"tag-federal","13":"tag-florestal","14":"tag-loubet","15":"tag-pt","16":"tag-rebelo","17":"tag-sp","18":"tag-vaccarezza","19":"tag-vander"},"yoast_head":"<!-- This site is optimized with the Yoast SEO plugin v27.4 - https:\/\/yoast.com\/product\/yoast-seo-wordpress\/ -->\n<title>Vander confirma Vaccarezza em palestra sobre C\u00f3digo Florestal<\/title>\n<meta name=\"robots\" content=\"index, follow, max-snippet:-1, max-image-preview:large, max-video-preview:-1\" \/>\n<link rel=\"canonical\" href=\"https:\/\/vanderloubet.com.br\/deputado\/vander-confirma-presenca-de-vaccarezza-em-palestra-sobre-codigo-florestal\/\" \/>\n<meta property=\"og:locale\" content=\"pt_BR\" \/>\n<meta property=\"og:type\" content=\"article\" \/>\n<meta property=\"og:title\" content=\"Vander confirma Vaccarezza em palestra sobre C\u00f3digo Florestal\" \/>\n<meta property=\"og:description\" content=\"L\u00edder do governo na C\u00e2mara representar\u00e1 Dilma na palestra de Aldo Rebelo na Acrissul e no lan\u00e7amento da Expogrande.\" \/>\n<meta property=\"og:url\" content=\"https:\/\/vanderloubet.com.br\/deputado\/vander-confirma-presenca-de-vaccarezza-em-palestra-sobre-codigo-florestal\/\" \/>\n<meta property=\"og:site_name\" content=\"Deputado Federal Vander Loubet\" \/>\n<meta property=\"article:publisher\" content=\"https:\/\/facebook.com\/deputadovander\" \/>\n<meta property=\"article:published_time\" content=\"2011-03-14T12:34:18+00:00\" \/>\n<meta property=\"og:image\" content=\"http:\/\/www.deputadovander.com.br\/website\/wp-content\/uploads\/2011\/03\/foto-2011-03-14-vander-vaccarezza-cg-400x300.jpg\" \/>\n<meta name=\"author\" content=\"\u00c9der\" \/>\n<meta name=\"twitter:card\" content=\"summary_large_image\" \/>\n<meta name=\"twitter:creator\" content=\"@vanderloubet\" \/>\n<meta name=\"twitter:site\" content=\"@vanderloubet\" \/>\n<script type=\"application\/ld+json\" class=\"yoast-schema-graph\">{\"@context\":\"https:\\\/\\\/schema.org\",\"@graph\":[{\"@type\":\"Article\",\"@id\":\"https:\\\/\\\/vanderloubet.com.br\\\/deputado\\\/vander-confirma-presenca-de-vaccarezza-em-palestra-sobre-codigo-florestal\\\/#article\",\"isPartOf\":{\"@id\":\"https:\\\/\\\/vanderloubet.com.br\\\/deputado\\\/vander-confirma-presenca-de-vaccarezza-em-palestra-sobre-codigo-florestal\\\/\"},\"author\":{\"name\":\"\u00c9der\",\"@id\":\"https:\\\/\\\/vanderloubet.com.br\\\/deputado\\\/#\\\/schema\\\/person\\\/15b51bd564532a8a68d9dec1b8eb890e\"},\"headline\":\"Vander confirma Vaccarezza em palestra sobre C\u00f3digo Florestal\",\"datePublished\":\"2011-03-14T12:34:18+00:00\",\"mainEntityOfPage\":{\"@id\":\"https:\\\/\\\/vanderloubet.com.br\\\/deputado\\\/vander-confirma-presenca-de-vaccarezza-em-palestra-sobre-codigo-florestal\\\/\"},\"wordCount\":508,\"commentCount\":0,\"publisher\":{\"@id\":\"https:\\\/\\\/vanderloubet.com.br\\\/deputado\\\/#organization\"},\"image\":{\"@id\":\"https:\\\/\\\/vanderloubet.com.br\\\/deputado\\\/vander-confirma-presenca-de-vaccarezza-em-palestra-sobre-codigo-florestal\\\/#primaryimage\"},\"thumbnailUrl\":\"http:\\\/\\\/www.deputadovander.com.br\\\/website\\\/wp-content\\\/uploads\\\/2011\\\/03\\\/foto-2011-03-14-vander-vaccarezza-cg-400x300.jpg\",\"keywords\":[\"acrissul\",\"aldo\",\"c\u00e2ndido\",\"c\u00f3digo\",\"deputado\",\"federal\",\"florestal\",\"loubet\",\"PT\",\"rebelo\",\"sp\",\"vaccarezza\",\"vander\"],\"articleSection\":[\"Not\u00edcias\"],\"inLanguage\":\"pt-BR\",\"potentialAction\":[{\"@type\":\"CommentAction\",\"name\":\"Comment\",\"target\":[\"https:\\\/\\\/vanderloubet.com.br\\\/deputado\\\/vander-confirma-presenca-de-vaccarezza-em-palestra-sobre-codigo-florestal\\\/#respond\"]}]},{\"@type\":\"WebPage\",\"@id\":\"https:\\\/\\\/vanderloubet.com.br\\\/deputado\\\/vander-confirma-presenca-de-vaccarezza-em-palestra-sobre-codigo-florestal\\\/\",\"url\":\"https:\\\/\\\/vanderloubet.com.br\\\/deputado\\\/vander-confirma-presenca-de-vaccarezza-em-palestra-sobre-codigo-florestal\\\/\",\"name\":\"Vander confirma Vaccarezza em palestra sobre C\u00f3digo Florestal\",\"isPartOf\":{\"@id\":\"https:\\\/\\\/vanderloubet.com.br\\\/deputado\\\/#website\"},\"primaryImageOfPage\":{\"@id\":\"https:\\\/\\\/vanderloubet.com.br\\\/deputado\\\/vander-confirma-presenca-de-vaccarezza-em-palestra-sobre-codigo-florestal\\\/#primaryimage\"},\"image\":{\"@id\":\"https:\\\/\\\/vanderloubet.com.br\\\/deputado\\\/vander-confirma-presenca-de-vaccarezza-em-palestra-sobre-codigo-florestal\\\/#primaryimage\"},\"thumbnailUrl\":\"http:\\\/\\\/www.deputadovander.com.br\\\/website\\\/wp-content\\\/uploads\\\/2011\\\/03\\\/foto-2011-03-14-vander-vaccarezza-cg-400x300.jpg\",\"datePublished\":\"2011-03-14T12:34:18+00:00\",\"breadcrumb\":{\"@id\":\"https:\\\/\\\/vanderloubet.com.br\\\/deputado\\\/vander-confirma-presenca-de-vaccarezza-em-palestra-sobre-codigo-florestal\\\/#breadcrumb\"},\"inLanguage\":\"pt-BR\",\"potentialAction\":[{\"@type\":\"ReadAction\",\"target\":[\"https:\\\/\\\/vanderloubet.com.br\\\/deputado\\\/vander-confirma-presenca-de-vaccarezza-em-palestra-sobre-codigo-florestal\\\/\"]}]},{\"@type\":\"ImageObject\",\"inLanguage\":\"pt-BR\",\"@id\":\"https:\\\/\\\/vanderloubet.com.br\\\/deputado\\\/vander-confirma-presenca-de-vaccarezza-em-palestra-sobre-codigo-florestal\\\/#primaryimage\",\"url\":\"http:\\\/\\\/www.deputadovander.com.br\\\/website\\\/wp-content\\\/uploads\\\/2011\\\/03\\\/foto-2011-03-14-vander-vaccarezza-cg-400x300.jpg\",\"contentUrl\":\"http:\\\/\\\/www.deputadovander.com.br\\\/website\\\/wp-content\\\/uploads\\\/2011\\\/03\\\/foto-2011-03-14-vander-vaccarezza-cg-400x300.jpg\"},{\"@type\":\"BreadcrumbList\",\"@id\":\"https:\\\/\\\/vanderloubet.com.br\\\/deputado\\\/vander-confirma-presenca-de-vaccarezza-em-palestra-sobre-codigo-florestal\\\/#breadcrumb\",\"itemListElement\":[{\"@type\":\"ListItem\",\"position\":1,\"name\":\"In\u00edcio\",\"item\":\"https:\\\/\\\/vanderloubet.com.br\\\/deputado\\\/\"},{\"@type\":\"ListItem\",\"position\":2,\"name\":\"Vander confirma Vaccarezza em palestra sobre C\u00f3digo Florestal\"}]},{\"@type\":\"WebSite\",\"@id\":\"https:\\\/\\\/vanderloubet.com.br\\\/deputado\\\/#website\",\"url\":\"https:\\\/\\\/vanderloubet.com.br\\\/deputado\\\/\",\"name\":\"Deputado Federal Vander Loubet\",\"description\":\"O Federal de MS\",\"publisher\":{\"@id\":\"https:\\\/\\\/vanderloubet.com.br\\\/deputado\\\/#organization\"},\"alternateName\":\"Deputado Vander\",\"potentialAction\":[{\"@type\":\"SearchAction\",\"target\":{\"@type\":\"EntryPoint\",\"urlTemplate\":\"https:\\\/\\\/vanderloubet.com.br\\\/deputado\\\/?s={search_term_string}\"},\"query-input\":{\"@type\":\"PropertyValueSpecification\",\"valueRequired\":true,\"valueName\":\"search_term_string\"}}],\"inLanguage\":\"pt-BR\"},{\"@type\":\"Organization\",\"@id\":\"https:\\\/\\\/vanderloubet.com.br\\\/deputado\\\/#organization\",\"name\":\"Deputado Federal Vander Loubet\",\"alternateName\":\"Deputado Vander\",\"url\":\"https:\\\/\\\/vanderloubet.com.br\\\/deputado\\\/\",\"logo\":{\"@type\":\"ImageObject\",\"inLanguage\":\"pt-BR\",\"@id\":\"https:\\\/\\\/vanderloubet.com.br\\\/deputado\\\/#\\\/schema\\\/logo\\\/image\\\/\",\"url\":\"https:\\\/\\\/vanderloubet.com.br\\\/deputado\\\/wp-content\\\/uploads\\\/2023\\\/06\\\/foto-2023-06-19-mandato-deputado-vander.jpg\",\"contentUrl\":\"https:\\\/\\\/vanderloubet.com.br\\\/deputado\\\/wp-content\\\/uploads\\\/2023\\\/06\\\/foto-2023-06-19-mandato-deputado-vander.jpg\",\"width\":1080,\"height\":1080,\"caption\":\"Deputado Federal Vander Loubet\"},\"image\":{\"@id\":\"https:\\\/\\\/vanderloubet.com.br\\\/deputado\\\/#\\\/schema\\\/logo\\\/image\\\/\"},\"sameAs\":[\"https:\\\/\\\/facebook.com\\\/deputadovander\",\"https:\\\/\\\/x.com\\\/vanderloubet\",\"https:\\\/\\\/instagram.com\\\/vanderloubet\",\"https:\\\/\\\/youtube.com\\\/vanderloubet\",\"https:\\\/\\\/tiktok.com\\\/@vanderloubetms\"]},{\"@type\":\"Person\",\"@id\":\"https:\\\/\\\/vanderloubet.com.br\\\/deputado\\\/#\\\/schema\\\/person\\\/15b51bd564532a8a68d9dec1b8eb890e\",\"name\":\"\u00c9der\",\"image\":{\"@type\":\"ImageObject\",\"inLanguage\":\"pt-BR\",\"@id\":\"https:\\\/\\\/vanderloubet.com.br\\\/deputado\\\/wp-content\\\/litespeed\\\/avatar\\\/88ca4090d9d5ab1c9495f6ca03b68efa.jpg?ver=1777058957\",\"url\":\"https:\\\/\\\/vanderloubet.com.br\\\/deputado\\\/wp-content\\\/litespeed\\\/avatar\\\/88ca4090d9d5ab1c9495f6ca03b68efa.jpg?ver=1777058957\",\"contentUrl\":\"https:\\\/\\\/vanderloubet.com.br\\\/deputado\\\/wp-content\\\/litespeed\\\/avatar\\\/88ca4090d9d5ab1c9495f6ca03b68efa.jpg?ver=1777058957\",\"caption\":\"\u00c9der\"}}]}<\/script>\n<!-- \/ Yoast SEO plugin. -->","yoast_head_json":{"title":"Vander confirma Vaccarezza em palestra sobre C\u00f3digo Florestal","robots":{"index":"index","follow":"follow","max-snippet":"max-snippet:-1","max-image-preview":"max-image-preview:large","max-video-preview":"max-video-preview:-1"},"canonical":"https:\/\/vanderloubet.com.br\/deputado\/vander-confirma-presenca-de-vaccarezza-em-palestra-sobre-codigo-florestal\/","og_locale":"pt_BR","og_type":"article","og_title":"Vander confirma Vaccarezza em palestra sobre C\u00f3digo Florestal","og_description":"L\u00edder do governo na C\u00e2mara representar\u00e1 Dilma na palestra de Aldo Rebelo na Acrissul e no lan\u00e7amento da Expogrande.","og_url":"https:\/\/vanderloubet.com.br\/deputado\/vander-confirma-presenca-de-vaccarezza-em-palestra-sobre-codigo-florestal\/","og_site_name":"Deputado Federal Vander Loubet","article_publisher":"https:\/\/facebook.com\/deputadovander","article_published_time":"2011-03-14T12:34:18+00:00","og_image":[{"url":"http:\/\/www.deputadovander.com.br\/website\/wp-content\/uploads\/2011\/03\/foto-2011-03-14-vander-vaccarezza-cg-400x300.jpg","type":"","width":"","height":""}],"author":"\u00c9der","twitter_card":"summary_large_image","twitter_creator":"@vanderloubet","twitter_site":"@vanderloubet","schema":{"@context":"https:\/\/schema.org","@graph":[{"@type":"Article","@id":"https:\/\/vanderloubet.com.br\/deputado\/vander-confirma-presenca-de-vaccarezza-em-palestra-sobre-codigo-florestal\/#article","isPartOf":{"@id":"https:\/\/vanderloubet.com.br\/deputado\/vander-confirma-presenca-de-vaccarezza-em-palestra-sobre-codigo-florestal\/"},"author":{"name":"\u00c9der","@id":"https:\/\/vanderloubet.com.br\/deputado\/#\/schema\/person\/15b51bd564532a8a68d9dec1b8eb890e"},"headline":"Vander confirma Vaccarezza em palestra sobre C\u00f3digo Florestal","datePublished":"2011-03-14T12:34:18+00:00","mainEntityOfPage":{"@id":"https:\/\/vanderloubet.com.br\/deputado\/vander-confirma-presenca-de-vaccarezza-em-palestra-sobre-codigo-florestal\/"},"wordCount":508,"commentCount":0,"publisher":{"@id":"https:\/\/vanderloubet.com.br\/deputado\/#organization"},"image":{"@id":"https:\/\/vanderloubet.com.br\/deputado\/vander-confirma-presenca-de-vaccarezza-em-palestra-sobre-codigo-florestal\/#primaryimage"},"thumbnailUrl":"http:\/\/www.deputadovander.com.br\/website\/wp-content\/uploads\/2011\/03\/foto-2011-03-14-vander-vaccarezza-cg-400x300.jpg","keywords":["acrissul","aldo","c\u00e2ndido","c\u00f3digo","deputado","federal","florestal","loubet","PT","rebelo","sp","vaccarezza","vander"],"articleSection":["Not\u00edcias"],"inLanguage":"pt-BR","potentialAction":[{"@type":"CommentAction","name":"Comment","target":["https:\/\/vanderloubet.com.br\/deputado\/vander-confirma-presenca-de-vaccarezza-em-palestra-sobre-codigo-florestal\/#respond"]}]},{"@type":"WebPage","@id":"https:\/\/vanderloubet.com.br\/deputado\/vander-confirma-presenca-de-vaccarezza-em-palestra-sobre-codigo-florestal\/","url":"https:\/\/vanderloubet.com.br\/deputado\/vander-confirma-presenca-de-vaccarezza-em-palestra-sobre-codigo-florestal\/","name":"Vander confirma Vaccarezza em palestra sobre C\u00f3digo Florestal","isPartOf":{"@id":"https:\/\/vanderloubet.com.br\/deputado\/#website"},"primaryImageOfPage":{"@id":"https:\/\/vanderloubet.com.br\/deputado\/vander-confirma-presenca-de-vaccarezza-em-palestra-sobre-codigo-florestal\/#primaryimage"},"image":{"@id":"https:\/\/vanderloubet.com.br\/deputado\/vander-confirma-presenca-de-vaccarezza-em-palestra-sobre-codigo-florestal\/#primaryimage"},"thumbnailUrl":"http:\/\/www.deputadovander.com.br\/website\/wp-content\/uploads\/2011\/03\/foto-2011-03-14-vander-vaccarezza-cg-400x300.jpg","datePublished":"2011-03-14T12:34:18+00:00","breadcrumb":{"@id":"https:\/\/vanderloubet.com.br\/deputado\/vander-confirma-presenca-de-vaccarezza-em-palestra-sobre-codigo-florestal\/#breadcrumb"},"inLanguage":"pt-BR","potentialAction":[{"@type":"ReadAction","target":["https:\/\/vanderloubet.com.br\/deputado\/vander-confirma-presenca-de-vaccarezza-em-palestra-sobre-codigo-florestal\/"]}]},{"@type":"ImageObject","inLanguage":"pt-BR","@id":"https:\/\/vanderloubet.com.br\/deputado\/vander-confirma-presenca-de-vaccarezza-em-palestra-sobre-codigo-florestal\/#primaryimage","url":"http:\/\/www.deputadovander.com.br\/website\/wp-content\/uploads\/2011\/03\/foto-2011-03-14-vander-vaccarezza-cg-400x300.jpg","contentUrl":"http:\/\/www.deputadovander.com.br\/website\/wp-content\/uploads\/2011\/03\/foto-2011-03-14-vander-vaccarezza-cg-400x300.jpg"},{"@type":"BreadcrumbList","@id":"https:\/\/vanderloubet.com.br\/deputado\/vander-confirma-presenca-de-vaccarezza-em-palestra-sobre-codigo-florestal\/#breadcrumb","itemListElement":[{"@type":"ListItem","position":1,"name":"In\u00edcio","item":"https:\/\/vanderloubet.com.br\/deputado\/"},{"@type":"ListItem","position":2,"name":"Vander confirma Vaccarezza em palestra sobre C\u00f3digo Florestal"}]},{"@type":"WebSite","@id":"https:\/\/vanderloubet.com.br\/deputado\/#website","url":"https:\/\/vanderloubet.com.br\/deputado\/","name":"Deputado Federal Vander Loubet","description":"O Federal de MS","publisher":{"@id":"https:\/\/vanderloubet.com.br\/deputado\/#organization"},"alternateName":"Deputado Vander","potentialAction":[{"@type":"SearchAction","target":{"@type":"EntryPoint","urlTemplate":"https:\/\/vanderloubet.com.br\/deputado\/?s={search_term_string}"},"query-input":{"@type":"PropertyValueSpecification","valueRequired":true,"valueName":"search_term_string"}}],"inLanguage":"pt-BR"},{"@type":"Organization","@id":"https:\/\/vanderloubet.com.br\/deputado\/#organization","name":"Deputado Federal Vander Loubet","alternateName":"Deputado Vander","url":"https:\/\/vanderloubet.com.br\/deputado\/","logo":{"@type":"ImageObject","inLanguage":"pt-BR","@id":"https:\/\/vanderloubet.com.br\/deputado\/#\/schema\/logo\/image\/","url":"https:\/\/vanderloubet.com.br\/deputado\/wp-content\/uploads\/2023\/06\/foto-2023-06-19-mandato-deputado-vander.jpg","contentUrl":"https:\/\/vanderloubet.com.br\/deputado\/wp-content\/uploads\/2023\/06\/foto-2023-06-19-mandato-deputado-vander.jpg","width":1080,"height":1080,"caption":"Deputado Federal Vander Loubet"},"image":{"@id":"https:\/\/vanderloubet.com.br\/deputado\/#\/schema\/logo\/image\/"},"sameAs":["https:\/\/facebook.com\/deputadovander","https:\/\/x.com\/vanderloubet","https:\/\/instagram.com\/vanderloubet","https:\/\/youtube.com\/vanderloubet","https:\/\/tiktok.com\/@vanderloubetms"]},{"@type":"Person","@id":"https:\/\/vanderloubet.com.br\/deputado\/#\/schema\/person\/15b51bd564532a8a68d9dec1b8eb890e","name":"\u00c9der","image":{"@type":"ImageObject","inLanguage":"pt-BR","@id":"https:\/\/vanderloubet.com.br\/deputado\/wp-content\/litespeed\/avatar\/88ca4090d9d5ab1c9495f6ca03b68efa.jpg?ver=1777058957","url":"https:\/\/vanderloubet.com.br\/deputado\/wp-content\/litespeed\/avatar\/88ca4090d9d5ab1c9495f6ca03b68efa.jpg?ver=1777058957","contentUrl":"https:\/\/vanderloubet.com.br\/deputado\/wp-content\/litespeed\/avatar\/88ca4090d9d5ab1c9495f6ca03b68efa.jpg?ver=1777058957","caption":"\u00c9der"}}]}},"jetpack_featured_media_url":"","jetpack_sharing_enabled":true,"_links":{"self":[{"href":"https:\/\/vanderloubet.com.br\/deputado\/wp-json\/wp\/v2\/posts\/2968","targetHints":{"allow":["GET"]}}],"collection":[{"href":"https:\/\/vanderloubet.com.br\/deputado\/wp-json\/wp\/v2\/posts"}],"about":[{"href":"https:\/\/vanderloubet.com.br\/deputado\/wp-json\/wp\/v2\/types\/post"}],"author":[{"embeddable":true,"href":"https:\/\/vanderloubet.com.br\/deputado\/wp-json\/wp\/v2\/users\/2"}],"replies":[{"embeddable":true,"href":"https:\/\/vanderloubet.com.br\/deputado\/wp-json\/wp\/v2\/comments?post=2968"}],"version-history":[{"count":0,"href":"https:\/\/vanderloubet.com.br\/deputado\/wp-json\/wp\/v2\/posts\/2968\/revisions"}],"wp:attachment":[{"href":"https:\/\/vanderloubet.com.br\/deputado\/wp-json\/wp\/v2\/media?parent=2968"}],"wp:term":[{"taxonomy":"category","embeddable":true,"href":"https:\/\/vanderloubet.com.br\/deputado\/wp-json\/wp\/v2\/categories?post=2968"},{"taxonomy":"post_tag","embeddable":true,"href":"https:\/\/vanderloubet.com.br\/deputado\/wp-json\/wp\/v2\/tags?post=2968"}],"curies":[{"name":"wp","href":"https:\/\/api.w.org\/{rel}","templated":true}]}}