{"id":2935,"date":"2011-03-10T15:59:40","date_gmt":"2011-03-10T19:59:40","guid":{"rendered":"http:\/\/www.deputadovander.com.br\/website\/?p=2935"},"modified":"2011-03-10T15:59:40","modified_gmt":"2011-03-10T19:59:40","slug":"vander-e-indicado-do-governo-para-camara-de-negociacao-do-codigo-florestal","status":"publish","type":"post","link":"https:\/\/vanderloubet.com.br\/deputado\/vander-e-indicado-do-governo-para-camara-de-negociacao-do-codigo-florestal\/","title":{"rendered":"Vander \u00e9 indicado para C\u00e2mara de Negocia\u00e7\u00e3o do C\u00f3digo Florestal"},"content":{"rendered":"<p style=\"text-align: center;\">\n<figure id=\"attachment_2936\" aria-describedby=\"caption-attachment-2936\" style=\"width: 400px\" class=\"wp-caption aligncenter\"><a href=\"http:\/\/www.deputadovander.com.br\/website\/wp-content\/uploads\/2011\/03\/foto-2011-03-10-camara-negociacao-codigo.jpg\" target=\"_blank\"><img decoding=\"async\" class=\"size-medium wp-image-2936 \" title=\"foto-2011-03-10-camara-negociacao-codigo\" src=\"http:\/\/www.deputadovander.com.br\/website\/wp-content\/uploads\/2011\/03\/foto-2011-03-10-camara-negociacao-codigo-400x266.jpg\" alt=\"C\u00e2mara de Negocia\u00e7\u00e3o \u00e9 instalada em Bras\u00edlia\" width=\"400\" height=\"266\" \/><\/a><figcaption id=\"caption-attachment-2936\" class=\"wp-caption-text\">C\u00e2mara de Negocia\u00e7\u00e3o \u00e9 instalada em Bras\u00edlia (clique p\/ ampliar)<\/figcaption><\/figure>\n<\/p>\n<p>No dia 29 de setembro de 2009 foi instalada na C\u00e2mara dos Deputados uma comiss\u00e3o especial para analisar o <a title=\"Link\" href=\"http:\/\/www.camara.gov.br\/internet\/sileg\/Prop_Detalhe.asp?id=17338\" target=\"_blank\">Projeto de Lei 1.876\/1999<\/a> e mais onze projetos que tramitam apensados a ele. O tema dos projetos \u00e9 o C\u00f3digo Florestal brasileiro, cujo debate se apresenta como uma das agendas mais importantes no in\u00edcio da nova legislatura da C\u00e2mara Federal.<\/p>\n<p>Por ainda existirem diverg\u00eancias significativas entre ruralistas e ambientalistas o presidente da C\u00e2mara, deputado Marco Maia (PT-RS), instalou na semana passada a C\u00e2mara de Negocia\u00e7\u00e3o das Mudan\u00e7as no C\u00f3digo Florestal. O colegiado ser\u00e1 composto por 14 deputados: quatro representantes da produ\u00e7\u00e3o rural, quatro defensores do meio ambiente, dois da lideran\u00e7a do governo e dois da lideran\u00e7a da oposi\u00e7\u00e3o, al\u00e9m do relator Aldo Rebelo (PCdoB-SP) e do representante da Mesa Diretora, o primeiro-secret\u00e1rio Eduardo Gomes (PSDB-TO), que vai coordenar o trabalho.<\/p>\n<p>Marco Maia ressaltou que a C\u00e2mara de Negocia\u00e7\u00e3o tem car\u00e1ter informal, pois n\u00e3o \u00e9 deliberativa. &#8220;Seu papel \u00e9 buscar um consenso para levar um texto ao plen\u00e1rio&#8221;, resumiu.<\/p>\n<p>Um dos nomes que v\u00e3o representar o Governo j\u00e1 est\u00e1 definido: \u00e9 o do deputado federal Vander Loubet (PT-MS), indicado pelo l\u00edder do Executivo na C\u00e2mara, deputado C\u00e2ndido Vaccarezza (PT-SP). Segundo Vaccarezza, a op\u00e7\u00e3o por Vander levou em considera\u00e7\u00e3o a capacidade de negocia\u00e7\u00e3o e de tr\u00e2nsito do parlamentar sul-mato-grossense no Congresso e em Bras\u00edlia. &#8220;O Vander \u00e9 um dos grandes representantes do PT no Centro-Oeste e esse \u00e9 mais um motivo para ele compor o colegiado, j\u00e1 que a regi\u00e3o \u00e9 uma das mais afetadas pelas quest\u00f5es ambientais, tendo em vista os ecossistemas a serem protegidos e a grande produ\u00e7\u00e3o agropecu\u00e1ria&#8221;, afirmou o deputado paulista.<\/p>\n<p>Para Vander, a sociedade brasileira quer uma solu\u00e7\u00e3o de entendimento que seja capaz de compatibilizar os interesses da produ\u00e7\u00e3o rural com a necessidade de preserva\u00e7\u00e3o do meio ambiente. &#8220;O esfor\u00e7o da C\u00e2mara de Negocia\u00e7\u00e3o ser\u00e1 por este entendimento, at\u00e9 porque esse tema n\u00e3o \u00e9 uma mat\u00e9ria partid\u00e1ria, nem do governo nem da oposi\u00e7\u00e3o&#8221;, destacou.<\/p>\n<p>Os deputados Reinhold Stephanes (PMDB-PR), Paulo Piau (PMDB-MG), Luis Carlos Heinze (PP-RS) e Assis do Couto (PT-PR) ser\u00e3o os representantes dos produtores. J\u00e1 os ambientalistas ser\u00e3o representados por Sarney Filho (PV-MA), M\u00e1rcio Mac\u00eado (PT-SE), Ricardo Tripoli (PSDB-SP) e Ivan Valente (Psol-SP). A oposi\u00e7\u00e3o contar\u00e1 com Antonio Carlos Mendes Thame (PSDB-SP) e ainda vai indicar seu segundo representante.<\/p>\n<p><strong>Reuni\u00e3o na Acrissul<\/strong><\/p>\n<p>O deputado Aldo Rebelo estar\u00e1 em Campo Grande na segunda-feira (14) para uma palestra sobre seu relat\u00f3rio na Associa\u00e7\u00e3o dos Criadores de Mato Grosso do Sul (Acrissul), \u00e0s 20h. A atividade ser\u00e1 no mesmo dia em que a Associa\u00e7\u00e3o lan\u00e7a oficialmente a Expogrande 2011, no Parque de Exposi\u00e7\u00f5es Lauc\u00eddio Coelho. A id\u00e9ia \u00e9 colocar na mesma mesa lideran\u00e7as de v\u00e1rias inspira\u00e7\u00f5es ideol\u00f3gicas e partid\u00e1rias para debater o assunto. O deputado Vander Loubet tamb\u00e9m confirmou presen\u00e7a no debate.<\/p>\n<p><small>(\u00c9der Yanaguita &#8211; Assessoria de Comunica\u00e7\u00e3o, com foto e informa\u00e7\u00f5es da Ag\u00eancia C\u00e2mara)<small><\/small><\/small><\/p>\n","protected":false},"excerpt":{"rendered":"<p>Grupo buscar\u00e1 consenso sobre texto que muda C\u00f3digo Florestal. Vander vai representar o Governo.<\/p>\n","protected":false},"author":2,"featured_media":0,"comment_status":"open","ping_status":"open","sticky":false,"template":"","format":"standard","meta":{"jetpack_post_was_ever_published":false,"_jetpack_newsletter_access":"","_jetpack_dont_email_post_to_subs":false,"_jetpack_newsletter_tier_id":0,"_jetpack_memberships_contains_paywalled_content":false,"_jetpack_memberships_contains_paid_content":false,"footnotes":""},"categories":[10],"tags":[43,88,332,467,608,777,807,853,1178,1199,1220,1370,1683,2033],"class_list":{"0":"post-2935","1":"post","2":"type-post","3":"status-publish","4":"format-standard","6":"category-noticias","7":"tag-acrissul","8":"tag-aldo","9":"tag-camara","10":"tag-codigo","11":"tag-deputado","12":"tag-expogrande","13":"tag-federal","14":"tag-florestal","15":"tag-loubet","16":"tag-maia","17":"tag-marco","18":"tag-negociacao","19":"tag-rebelo","20":"tag-vander"},"yoast_head":"<!-- This site is optimized with the Yoast SEO plugin v27.4 - https:\/\/yoast.com\/product\/yoast-seo-wordpress\/ -->\n<title>Vander \u00e9 indicado para C\u00e2mara de Negocia\u00e7\u00e3o do C\u00f3digo Florestal<\/title>\n<meta name=\"robots\" content=\"index, follow, max-snippet:-1, max-image-preview:large, max-video-preview:-1\" \/>\n<link rel=\"canonical\" href=\"https:\/\/vanderloubet.com.br\/deputado\/vander-e-indicado-do-governo-para-camara-de-negociacao-do-codigo-florestal\/\" \/>\n<meta property=\"og:locale\" content=\"pt_BR\" \/>\n<meta property=\"og:type\" content=\"article\" \/>\n<meta property=\"og:title\" content=\"Vander \u00e9 indicado para C\u00e2mara de Negocia\u00e7\u00e3o do C\u00f3digo Florestal\" \/>\n<meta property=\"og:description\" content=\"Grupo buscar\u00e1 consenso sobre texto que muda C\u00f3digo Florestal. Vander vai representar o Governo.\" \/>\n<meta property=\"og:url\" content=\"https:\/\/vanderloubet.com.br\/deputado\/vander-e-indicado-do-governo-para-camara-de-negociacao-do-codigo-florestal\/\" \/>\n<meta property=\"og:site_name\" content=\"Deputado Federal Vander Loubet\" \/>\n<meta property=\"article:publisher\" content=\"https:\/\/facebook.com\/deputadovander\" \/>\n<meta property=\"article:published_time\" content=\"2011-03-10T19:59:40+00:00\" \/>\n<meta property=\"og:image\" content=\"http:\/\/www.deputadovander.com.br\/website\/wp-content\/uploads\/2011\/03\/foto-2011-03-10-camara-negociacao-codigo-400x266.jpg\" \/>\n<meta name=\"author\" content=\"\u00c9der\" \/>\n<meta name=\"twitter:card\" content=\"summary_large_image\" \/>\n<meta name=\"twitter:creator\" content=\"@vanderloubet\" \/>\n<meta name=\"twitter:site\" content=\"@vanderloubet\" \/>\n<script type=\"application\/ld+json\" class=\"yoast-schema-graph\">{\"@context\":\"https:\\\/\\\/schema.org\",\"@graph\":[{\"@type\":\"Article\",\"@id\":\"https:\\\/\\\/vanderloubet.com.br\\\/deputado\\\/vander-e-indicado-do-governo-para-camara-de-negociacao-do-codigo-florestal\\\/#article\",\"isPartOf\":{\"@id\":\"https:\\\/\\\/vanderloubet.com.br\\\/deputado\\\/vander-e-indicado-do-governo-para-camara-de-negociacao-do-codigo-florestal\\\/\"},\"author\":{\"name\":\"\u00c9der\",\"@id\":\"https:\\\/\\\/vanderloubet.com.br\\\/deputado\\\/#\\\/schema\\\/person\\\/15b51bd564532a8a68d9dec1b8eb890e\"},\"headline\":\"Vander \u00e9 indicado para C\u00e2mara de Negocia\u00e7\u00e3o do C\u00f3digo Florestal\",\"datePublished\":\"2011-03-10T19:59:40+00:00\",\"mainEntityOfPage\":{\"@id\":\"https:\\\/\\\/vanderloubet.com.br\\\/deputado\\\/vander-e-indicado-do-governo-para-camara-de-negociacao-do-codigo-florestal\\\/\"},\"wordCount\":562,\"commentCount\":0,\"publisher\":{\"@id\":\"https:\\\/\\\/vanderloubet.com.br\\\/deputado\\\/#organization\"},\"image\":{\"@id\":\"https:\\\/\\\/vanderloubet.com.br\\\/deputado\\\/vander-e-indicado-do-governo-para-camara-de-negociacao-do-codigo-florestal\\\/#primaryimage\"},\"thumbnailUrl\":\"http:\\\/\\\/www.deputadovander.com.br\\\/website\\\/wp-content\\\/uploads\\\/2011\\\/03\\\/foto-2011-03-10-camara-negociacao-codigo-400x266.jpg\",\"keywords\":[\"acrissul\",\"aldo\",\"c\u00e2mara\",\"c\u00f3digo\",\"deputado\",\"expogrande\",\"federal\",\"florestal\",\"loubet\",\"maia\",\"marco\",\"negocia\u00e7\u00e3o\",\"rebelo\",\"vander\"],\"articleSection\":[\"Not\u00edcias\"],\"inLanguage\":\"pt-BR\",\"potentialAction\":[{\"@type\":\"CommentAction\",\"name\":\"Comment\",\"target\":[\"https:\\\/\\\/vanderloubet.com.br\\\/deputado\\\/vander-e-indicado-do-governo-para-camara-de-negociacao-do-codigo-florestal\\\/#respond\"]}]},{\"@type\":\"WebPage\",\"@id\":\"https:\\\/\\\/vanderloubet.com.br\\\/deputado\\\/vander-e-indicado-do-governo-para-camara-de-negociacao-do-codigo-florestal\\\/\",\"url\":\"https:\\\/\\\/vanderloubet.com.br\\\/deputado\\\/vander-e-indicado-do-governo-para-camara-de-negociacao-do-codigo-florestal\\\/\",\"name\":\"Vander \u00e9 indicado para C\u00e2mara de Negocia\u00e7\u00e3o do C\u00f3digo Florestal\",\"isPartOf\":{\"@id\":\"https:\\\/\\\/vanderloubet.com.br\\\/deputado\\\/#website\"},\"primaryImageOfPage\":{\"@id\":\"https:\\\/\\\/vanderloubet.com.br\\\/deputado\\\/vander-e-indicado-do-governo-para-camara-de-negociacao-do-codigo-florestal\\\/#primaryimage\"},\"image\":{\"@id\":\"https:\\\/\\\/vanderloubet.com.br\\\/deputado\\\/vander-e-indicado-do-governo-para-camara-de-negociacao-do-codigo-florestal\\\/#primaryimage\"},\"thumbnailUrl\":\"http:\\\/\\\/www.deputadovander.com.br\\\/website\\\/wp-content\\\/uploads\\\/2011\\\/03\\\/foto-2011-03-10-camara-negociacao-codigo-400x266.jpg\",\"datePublished\":\"2011-03-10T19:59:40+00:00\",\"breadcrumb\":{\"@id\":\"https:\\\/\\\/vanderloubet.com.br\\\/deputado\\\/vander-e-indicado-do-governo-para-camara-de-negociacao-do-codigo-florestal\\\/#breadcrumb\"},\"inLanguage\":\"pt-BR\",\"potentialAction\":[{\"@type\":\"ReadAction\",\"target\":[\"https:\\\/\\\/vanderloubet.com.br\\\/deputado\\\/vander-e-indicado-do-governo-para-camara-de-negociacao-do-codigo-florestal\\\/\"]}]},{\"@type\":\"ImageObject\",\"inLanguage\":\"pt-BR\",\"@id\":\"https:\\\/\\\/vanderloubet.com.br\\\/deputado\\\/vander-e-indicado-do-governo-para-camara-de-negociacao-do-codigo-florestal\\\/#primaryimage\",\"url\":\"http:\\\/\\\/www.deputadovander.com.br\\\/website\\\/wp-content\\\/uploads\\\/2011\\\/03\\\/foto-2011-03-10-camara-negociacao-codigo-400x266.jpg\",\"contentUrl\":\"http:\\\/\\\/www.deputadovander.com.br\\\/website\\\/wp-content\\\/uploads\\\/2011\\\/03\\\/foto-2011-03-10-camara-negociacao-codigo-400x266.jpg\"},{\"@type\":\"BreadcrumbList\",\"@id\":\"https:\\\/\\\/vanderloubet.com.br\\\/deputado\\\/vander-e-indicado-do-governo-para-camara-de-negociacao-do-codigo-florestal\\\/#breadcrumb\",\"itemListElement\":[{\"@type\":\"ListItem\",\"position\":1,\"name\":\"In\u00edcio\",\"item\":\"https:\\\/\\\/vanderloubet.com.br\\\/deputado\\\/\"},{\"@type\":\"ListItem\",\"position\":2,\"name\":\"Vander \u00e9 indicado para C\u00e2mara de Negocia\u00e7\u00e3o do C\u00f3digo Florestal\"}]},{\"@type\":\"WebSite\",\"@id\":\"https:\\\/\\\/vanderloubet.com.br\\\/deputado\\\/#website\",\"url\":\"https:\\\/\\\/vanderloubet.com.br\\\/deputado\\\/\",\"name\":\"Deputado Federal Vander Loubet\",\"description\":\"O Federal de MS\",\"publisher\":{\"@id\":\"https:\\\/\\\/vanderloubet.com.br\\\/deputado\\\/#organization\"},\"alternateName\":\"Deputado Vander\",\"potentialAction\":[{\"@type\":\"SearchAction\",\"target\":{\"@type\":\"EntryPoint\",\"urlTemplate\":\"https:\\\/\\\/vanderloubet.com.br\\\/deputado\\\/?s={search_term_string}\"},\"query-input\":{\"@type\":\"PropertyValueSpecification\",\"valueRequired\":true,\"valueName\":\"search_term_string\"}}],\"inLanguage\":\"pt-BR\"},{\"@type\":\"Organization\",\"@id\":\"https:\\\/\\\/vanderloubet.com.br\\\/deputado\\\/#organization\",\"name\":\"Deputado Federal Vander Loubet\",\"alternateName\":\"Deputado Vander\",\"url\":\"https:\\\/\\\/vanderloubet.com.br\\\/deputado\\\/\",\"logo\":{\"@type\":\"ImageObject\",\"inLanguage\":\"pt-BR\",\"@id\":\"https:\\\/\\\/vanderloubet.com.br\\\/deputado\\\/#\\\/schema\\\/logo\\\/image\\\/\",\"url\":\"https:\\\/\\\/vanderloubet.com.br\\\/deputado\\\/wp-content\\\/uploads\\\/2023\\\/06\\\/foto-2023-06-19-mandato-deputado-vander.jpg\",\"contentUrl\":\"https:\\\/\\\/vanderloubet.com.br\\\/deputado\\\/wp-content\\\/uploads\\\/2023\\\/06\\\/foto-2023-06-19-mandato-deputado-vander.jpg\",\"width\":1080,\"height\":1080,\"caption\":\"Deputado Federal Vander Loubet\"},\"image\":{\"@id\":\"https:\\\/\\\/vanderloubet.com.br\\\/deputado\\\/#\\\/schema\\\/logo\\\/image\\\/\"},\"sameAs\":[\"https:\\\/\\\/facebook.com\\\/deputadovander\",\"https:\\\/\\\/x.com\\\/vanderloubet\",\"https:\\\/\\\/instagram.com\\\/vanderloubet\",\"https:\\\/\\\/youtube.com\\\/vanderloubet\",\"https:\\\/\\\/tiktok.com\\\/@vanderloubetms\"]},{\"@type\":\"Person\",\"@id\":\"https:\\\/\\\/vanderloubet.com.br\\\/deputado\\\/#\\\/schema\\\/person\\\/15b51bd564532a8a68d9dec1b8eb890e\",\"name\":\"\u00c9der\",\"image\":{\"@type\":\"ImageObject\",\"inLanguage\":\"pt-BR\",\"@id\":\"https:\\\/\\\/vanderloubet.com.br\\\/deputado\\\/wp-content\\\/litespeed\\\/avatar\\\/88ca4090d9d5ab1c9495f6ca03b68efa.jpg?ver=1777058957\",\"url\":\"https:\\\/\\\/vanderloubet.com.br\\\/deputado\\\/wp-content\\\/litespeed\\\/avatar\\\/88ca4090d9d5ab1c9495f6ca03b68efa.jpg?ver=1777058957\",\"contentUrl\":\"https:\\\/\\\/vanderloubet.com.br\\\/deputado\\\/wp-content\\\/litespeed\\\/avatar\\\/88ca4090d9d5ab1c9495f6ca03b68efa.jpg?ver=1777058957\",\"caption\":\"\u00c9der\"}}]}<\/script>\n<!-- \/ Yoast SEO plugin. -->","yoast_head_json":{"title":"Vander \u00e9 indicado para C\u00e2mara de Negocia\u00e7\u00e3o do C\u00f3digo Florestal","robots":{"index":"index","follow":"follow","max-snippet":"max-snippet:-1","max-image-preview":"max-image-preview:large","max-video-preview":"max-video-preview:-1"},"canonical":"https:\/\/vanderloubet.com.br\/deputado\/vander-e-indicado-do-governo-para-camara-de-negociacao-do-codigo-florestal\/","og_locale":"pt_BR","og_type":"article","og_title":"Vander \u00e9 indicado para C\u00e2mara de Negocia\u00e7\u00e3o do C\u00f3digo Florestal","og_description":"Grupo buscar\u00e1 consenso sobre texto que muda C\u00f3digo Florestal. Vander vai representar o Governo.","og_url":"https:\/\/vanderloubet.com.br\/deputado\/vander-e-indicado-do-governo-para-camara-de-negociacao-do-codigo-florestal\/","og_site_name":"Deputado Federal Vander Loubet","article_publisher":"https:\/\/facebook.com\/deputadovander","article_published_time":"2011-03-10T19:59:40+00:00","og_image":[{"url":"http:\/\/www.deputadovander.com.br\/website\/wp-content\/uploads\/2011\/03\/foto-2011-03-10-camara-negociacao-codigo-400x266.jpg","type":"","width":"","height":""}],"author":"\u00c9der","twitter_card":"summary_large_image","twitter_creator":"@vanderloubet","twitter_site":"@vanderloubet","schema":{"@context":"https:\/\/schema.org","@graph":[{"@type":"Article","@id":"https:\/\/vanderloubet.com.br\/deputado\/vander-e-indicado-do-governo-para-camara-de-negociacao-do-codigo-florestal\/#article","isPartOf":{"@id":"https:\/\/vanderloubet.com.br\/deputado\/vander-e-indicado-do-governo-para-camara-de-negociacao-do-codigo-florestal\/"},"author":{"name":"\u00c9der","@id":"https:\/\/vanderloubet.com.br\/deputado\/#\/schema\/person\/15b51bd564532a8a68d9dec1b8eb890e"},"headline":"Vander \u00e9 indicado para C\u00e2mara de Negocia\u00e7\u00e3o do C\u00f3digo Florestal","datePublished":"2011-03-10T19:59:40+00:00","mainEntityOfPage":{"@id":"https:\/\/vanderloubet.com.br\/deputado\/vander-e-indicado-do-governo-para-camara-de-negociacao-do-codigo-florestal\/"},"wordCount":562,"commentCount":0,"publisher":{"@id":"https:\/\/vanderloubet.com.br\/deputado\/#organization"},"image":{"@id":"https:\/\/vanderloubet.com.br\/deputado\/vander-e-indicado-do-governo-para-camara-de-negociacao-do-codigo-florestal\/#primaryimage"},"thumbnailUrl":"http:\/\/www.deputadovander.com.br\/website\/wp-content\/uploads\/2011\/03\/foto-2011-03-10-camara-negociacao-codigo-400x266.jpg","keywords":["acrissul","aldo","c\u00e2mara","c\u00f3digo","deputado","expogrande","federal","florestal","loubet","maia","marco","negocia\u00e7\u00e3o","rebelo","vander"],"articleSection":["Not\u00edcias"],"inLanguage":"pt-BR","potentialAction":[{"@type":"CommentAction","name":"Comment","target":["https:\/\/vanderloubet.com.br\/deputado\/vander-e-indicado-do-governo-para-camara-de-negociacao-do-codigo-florestal\/#respond"]}]},{"@type":"WebPage","@id":"https:\/\/vanderloubet.com.br\/deputado\/vander-e-indicado-do-governo-para-camara-de-negociacao-do-codigo-florestal\/","url":"https:\/\/vanderloubet.com.br\/deputado\/vander-e-indicado-do-governo-para-camara-de-negociacao-do-codigo-florestal\/","name":"Vander \u00e9 indicado para C\u00e2mara de Negocia\u00e7\u00e3o do C\u00f3digo Florestal","isPartOf":{"@id":"https:\/\/vanderloubet.com.br\/deputado\/#website"},"primaryImageOfPage":{"@id":"https:\/\/vanderloubet.com.br\/deputado\/vander-e-indicado-do-governo-para-camara-de-negociacao-do-codigo-florestal\/#primaryimage"},"image":{"@id":"https:\/\/vanderloubet.com.br\/deputado\/vander-e-indicado-do-governo-para-camara-de-negociacao-do-codigo-florestal\/#primaryimage"},"thumbnailUrl":"http:\/\/www.deputadovander.com.br\/website\/wp-content\/uploads\/2011\/03\/foto-2011-03-10-camara-negociacao-codigo-400x266.jpg","datePublished":"2011-03-10T19:59:40+00:00","breadcrumb":{"@id":"https:\/\/vanderloubet.com.br\/deputado\/vander-e-indicado-do-governo-para-camara-de-negociacao-do-codigo-florestal\/#breadcrumb"},"inLanguage":"pt-BR","potentialAction":[{"@type":"ReadAction","target":["https:\/\/vanderloubet.com.br\/deputado\/vander-e-indicado-do-governo-para-camara-de-negociacao-do-codigo-florestal\/"]}]},{"@type":"ImageObject","inLanguage":"pt-BR","@id":"https:\/\/vanderloubet.com.br\/deputado\/vander-e-indicado-do-governo-para-camara-de-negociacao-do-codigo-florestal\/#primaryimage","url":"http:\/\/www.deputadovander.com.br\/website\/wp-content\/uploads\/2011\/03\/foto-2011-03-10-camara-negociacao-codigo-400x266.jpg","contentUrl":"http:\/\/www.deputadovander.com.br\/website\/wp-content\/uploads\/2011\/03\/foto-2011-03-10-camara-negociacao-codigo-400x266.jpg"},{"@type":"BreadcrumbList","@id":"https:\/\/vanderloubet.com.br\/deputado\/vander-e-indicado-do-governo-para-camara-de-negociacao-do-codigo-florestal\/#breadcrumb","itemListElement":[{"@type":"ListItem","position":1,"name":"In\u00edcio","item":"https:\/\/vanderloubet.com.br\/deputado\/"},{"@type":"ListItem","position":2,"name":"Vander \u00e9 indicado para C\u00e2mara de Negocia\u00e7\u00e3o do C\u00f3digo Florestal"}]},{"@type":"WebSite","@id":"https:\/\/vanderloubet.com.br\/deputado\/#website","url":"https:\/\/vanderloubet.com.br\/deputado\/","name":"Deputado Federal Vander Loubet","description":"O Federal de MS","publisher":{"@id":"https:\/\/vanderloubet.com.br\/deputado\/#organization"},"alternateName":"Deputado Vander","potentialAction":[{"@type":"SearchAction","target":{"@type":"EntryPoint","urlTemplate":"https:\/\/vanderloubet.com.br\/deputado\/?s={search_term_string}"},"query-input":{"@type":"PropertyValueSpecification","valueRequired":true,"valueName":"search_term_string"}}],"inLanguage":"pt-BR"},{"@type":"Organization","@id":"https:\/\/vanderloubet.com.br\/deputado\/#organization","name":"Deputado Federal Vander Loubet","alternateName":"Deputado Vander","url":"https:\/\/vanderloubet.com.br\/deputado\/","logo":{"@type":"ImageObject","inLanguage":"pt-BR","@id":"https:\/\/vanderloubet.com.br\/deputado\/#\/schema\/logo\/image\/","url":"https:\/\/vanderloubet.com.br\/deputado\/wp-content\/uploads\/2023\/06\/foto-2023-06-19-mandato-deputado-vander.jpg","contentUrl":"https:\/\/vanderloubet.com.br\/deputado\/wp-content\/uploads\/2023\/06\/foto-2023-06-19-mandato-deputado-vander.jpg","width":1080,"height":1080,"caption":"Deputado Federal Vander Loubet"},"image":{"@id":"https:\/\/vanderloubet.com.br\/deputado\/#\/schema\/logo\/image\/"},"sameAs":["https:\/\/facebook.com\/deputadovander","https:\/\/x.com\/vanderloubet","https:\/\/instagram.com\/vanderloubet","https:\/\/youtube.com\/vanderloubet","https:\/\/tiktok.com\/@vanderloubetms"]},{"@type":"Person","@id":"https:\/\/vanderloubet.com.br\/deputado\/#\/schema\/person\/15b51bd564532a8a68d9dec1b8eb890e","name":"\u00c9der","image":{"@type":"ImageObject","inLanguage":"pt-BR","@id":"https:\/\/vanderloubet.com.br\/deputado\/wp-content\/litespeed\/avatar\/88ca4090d9d5ab1c9495f6ca03b68efa.jpg?ver=1777058957","url":"https:\/\/vanderloubet.com.br\/deputado\/wp-content\/litespeed\/avatar\/88ca4090d9d5ab1c9495f6ca03b68efa.jpg?ver=1777058957","contentUrl":"https:\/\/vanderloubet.com.br\/deputado\/wp-content\/litespeed\/avatar\/88ca4090d9d5ab1c9495f6ca03b68efa.jpg?ver=1777058957","caption":"\u00c9der"}}]}},"jetpack_featured_media_url":"","jetpack_sharing_enabled":true,"_links":{"self":[{"href":"https:\/\/vanderloubet.com.br\/deputado\/wp-json\/wp\/v2\/posts\/2935","targetHints":{"allow":["GET"]}}],"collection":[{"href":"https:\/\/vanderloubet.com.br\/deputado\/wp-json\/wp\/v2\/posts"}],"about":[{"href":"https:\/\/vanderloubet.com.br\/deputado\/wp-json\/wp\/v2\/types\/post"}],"author":[{"embeddable":true,"href":"https:\/\/vanderloubet.com.br\/deputado\/wp-json\/wp\/v2\/users\/2"}],"replies":[{"embeddable":true,"href":"https:\/\/vanderloubet.com.br\/deputado\/wp-json\/wp\/v2\/comments?post=2935"}],"version-history":[{"count":0,"href":"https:\/\/vanderloubet.com.br\/deputado\/wp-json\/wp\/v2\/posts\/2935\/revisions"}],"wp:attachment":[{"href":"https:\/\/vanderloubet.com.br\/deputado\/wp-json\/wp\/v2\/media?parent=2935"}],"wp:term":[{"taxonomy":"category","embeddable":true,"href":"https:\/\/vanderloubet.com.br\/deputado\/wp-json\/wp\/v2\/categories?post=2935"},{"taxonomy":"post_tag","embeddable":true,"href":"https:\/\/vanderloubet.com.br\/deputado\/wp-json\/wp\/v2\/tags?post=2935"}],"curies":[{"name":"wp","href":"https:\/\/api.w.org\/{rel}","templated":true}]}}