{"id":2930,"date":"2011-03-08T07:00:03","date_gmt":"2011-03-08T11:00:03","guid":{"rendered":"http:\/\/www.deputadovander.com.br\/website\/?p=2930"},"modified":"2011-03-08T07:00:03","modified_gmt":"2011-03-08T11:00:03","slug":"dias-da-mulher-dias-de-atitudes","status":"publish","type":"post","link":"https:\/\/vanderloubet.com.br\/deputado\/dias-da-mulher-dias-de-atitudes\/","title":{"rendered":"Dias da mulher, dias de atitudes"},"content":{"rendered":"<p><em>Vander Loubet &#8211; Deputado Federal (PT-MS)<\/em><\/p>\n<p>A import\u00e2ncia do Dia Internacional da Mulher est\u00e1 muito acima da formalidade epis\u00f3dica dos registros festivos. Seu simbolismo transcende a inten\u00e7\u00e3o da homenagem. O pr\u00f3prio hist\u00f3rico de oficializa\u00e7\u00e3o da data revela o corpo da universalidade institu\u00edda no g\u00eanero escolhido por Deus para gerar a vida. Como se sabe, tudo come\u00e7ou em 8 de mar\u00e7o de 1.857. A mando do sistema, a pol\u00edcia reprimiu um movimento reivindicat\u00f3rio de trabalhadoras inglesas, trancando-as dentro da f\u00e1brica e incendiando o local.<\/p>\n<p>Naquele dia, 130 oper\u00e1rias morreram carbonizadas porque cobravam melhores condi\u00e7\u00f5es de trabalho e sal\u00e1rios dignos. No entanto, a data s\u00f3 passou a ser reconhecida mundial e oficialmente como Dia Internacional da Mulher 118 anos depois, em 1975, por meio de um decreto da Organiza\u00e7\u00e3o das Na\u00e7\u00f5es Unidas (ONU).<\/p>\n<p style=\"text-align: center;\">\n<figure id=\"attachment_2931\" aria-describedby=\"caption-attachment-2931\" style=\"width: 400px\" class=\"wp-caption aligncenter\"><a href=\"http:\/\/www.deputadovander.com.br\/website\/wp-content\/uploads\/2011\/03\/foto-2011-03-08-dia-mulher.jpg\" target=\"_blank\"><img decoding=\"async\" class=\"size-medium wp-image-2931 \" title=\"foto-2011-03-08-dia-mulher\" src=\"http:\/\/www.deputadovander.com.br\/website\/wp-content\/uploads\/2011\/03\/foto-2011-03-08-dia-mulher-400x300.jpg\" alt=\"Trabalhadoras inglesas: s\u00edmbolo da luta contra a intoler\u00e2ncia\" width=\"400\" height=\"300\" \/><\/a><figcaption id=\"caption-attachment-2931\" class=\"wp-caption-text\">Trabalhadoras inglesas: s\u00edmbolo da luta contra a intoler\u00e2ncia<\/figcaption><\/figure>\n<\/p>\n<p>N\u00e3o h\u00e1 como negar o excepcional significado da data que, ao reverenciar a mulher, na verdade assenta um instigante desafio aos pendores libert\u00e1rios, fraternos e humanistas da sociedade. Resistir \u00e0 opress\u00e3o machista \u00e9 tal qual resistir \u00e0s demais formas de opress\u00e3o e intoler\u00e2ncia: racial, pol\u00edtica, religiosa, ideol\u00f3gica, de g\u00eanero e de escolhas, social e econ\u00f4mica.<\/p>\n<p>A ess\u00eancia greg\u00e1ria do ser humano imp\u00f5e o estabelecimento e a organiza\u00e7\u00e3o das pessoas em sociedade ou grupos sociais, que se experimentam na conviv\u00eancia e na intera\u00e7\u00e3o, num processo em que pap\u00e9is espec\u00edficos s\u00e3o cada vez mais raros. Ao longo dos milhares de anos, as sucessivas civiliza\u00e7\u00f5es do planeta mant\u00eam arraigados os h\u00e1bitos, tabus e culturas de domina\u00e7\u00e3o masculina, justificada na for\u00e7a e num absurdo e estapaf\u00fardio conceito de supremacia.<\/p>\n<p>O 8 de Mar\u00e7o, desde que passou a ser visto como ponto de partida num novel cap\u00edtulo da Hist\u00f3ria e n\u00e3o como um marco esgotado em seu embri\u00e3o epis\u00f3dico, \u00e9 de tamanha dimens\u00e3o que produziu novos pensares e atitudes em favor da justi\u00e7a e da igualdade. A data gerou sua pr\u00f3pria prole, a exemplo do que fizeram os africanos, ou melhor, as africanas, que t\u00eam o seu dia da mulher em 31 de julho.<\/p>\n<p>Nos pa\u00edses africanos, a domina\u00e7\u00e3o machista se manifestava pelos meios mais violentos e primitivos. Al\u00e9m de sofrer com os abusos e maus tratos da opress\u00e3o colonial, as africanas eram pisoteadas pela fome e a mis\u00e9ria. Eram obrigadas a deslocar-se de uma terra para outra em busca de comida ou fugindo de sangrentas guerras civis. N\u00e3o bastasse, ainda eram exploradas como escravas e for\u00e7adas a se prostituir. N\u00e3o tinham direito ao ensino, ao voto e \u00e0 propriedade. N\u00e3o eram donas de seus pr\u00f3prios destinos, mas lutaram bravamente por isso, at\u00e9 abrir caminho para a Confer\u00eancia das Mulheres do Oeste Africano, em 1961. Foi l\u00e1 que nasceu e prosperou a ideia de criar o Dia da Mulher Africana, institu\u00eddo um ano depois, a 31 de Julho.<\/p>\n<p>Maior ainda \u00e9 o exemplo da africanidade libertadora quando a ci\u00eancia informa que o rastro mais antigo da esp\u00e9cie humana \u00e9 o esqueleto de Lucy, uma africana de 3,5 milh\u00f5es de anos descoberto na \u00c1frica Oriental. Para muitos, entre cientistas, leigos e religiosos, Lucy poderia ser Eva, a primeira mulher que Deus criou.<\/p>\n<p>Verdade ou n\u00e3o, o fato \u00e9 que o Dia da Mulher incorpora todas as datas humanistas, de refer\u00eancia afetiva e de simbologia voltada \u00e0 promo\u00e7\u00e3o dos valores e direitos da pessoa. Dia das M\u00e3es, Dia dos Pais, Dia das Crian\u00e7as, Dia dos Namorados, Dia dos Direitos Humanos, tudo isso cabe no Dia Internacional da Mulher. Cabe porque \u00e9 Dia da Mulher e s\u00f3 ela pode ser m\u00e3e, em cujo cora\u00e7\u00e3o sempre cabe mais um.<\/p>\n","protected":false},"excerpt":{"rendered":"<p>Artigo de Vander Loubet sobre Dia da Mulher. Para deputado, data incorpora datas de simbologia voltada aos valores e direitos da pessoa.<\/p>\n","protected":false},"author":2,"featured_media":0,"comment_status":"open","ping_status":"open","sticky":false,"template":"","format":"standard","meta":{"jetpack_post_was_ever_published":false,"_jetpack_newsletter_access":"","_jetpack_dont_email_post_to_subs":false,"_jetpack_newsletter_tier_id":0,"_jetpack_memberships_contains_paywalled_content":false,"_jetpack_memberships_contains_paid_content":false,"footnotes":""},"categories":[11],"tags":[186,608,625,768,807,1178,1185,1195,1220,1340,1429,1655,1962,2033],"class_list":{"0":"post-2930","1":"post","2":"type-post","3":"status-publish","4":"format-standard","6":"category-opinioes","7":"tag-artigo","8":"tag-deputado","9":"tag-dia","10":"tag-eva","11":"tag-federal","12":"tag-loubet","13":"tag-lucy","14":"tag-mae","15":"tag-marco","16":"tag-mulher","17":"tag-onu","18":"tag-pt","19":"tag-trabalhadora","20":"tag-vander"},"yoast_head":"<!-- This site is optimized with the Yoast SEO plugin v27.4 - https:\/\/yoast.com\/product\/yoast-seo-wordpress\/ -->\n<title>Dias da mulher, dias de atitudes<\/title>\n<meta name=\"robots\" content=\"index, follow, max-snippet:-1, max-image-preview:large, max-video-preview:-1\" \/>\n<link rel=\"canonical\" href=\"https:\/\/vanderloubet.com.br\/deputado\/dias-da-mulher-dias-de-atitudes\/\" \/>\n<meta property=\"og:locale\" content=\"pt_BR\" \/>\n<meta property=\"og:type\" content=\"article\" \/>\n<meta property=\"og:title\" content=\"Dias da mulher, dias de atitudes\" \/>\n<meta property=\"og:description\" content=\"Artigo de Vander Loubet sobre Dia da Mulher. Para deputado, data incorpora datas de simbologia voltada aos valores e direitos da pessoa.\" \/>\n<meta property=\"og:url\" content=\"https:\/\/vanderloubet.com.br\/deputado\/dias-da-mulher-dias-de-atitudes\/\" \/>\n<meta property=\"og:site_name\" content=\"Deputado Federal Vander Loubet\" \/>\n<meta property=\"article:publisher\" content=\"https:\/\/facebook.com\/deputadovander\" \/>\n<meta property=\"article:published_time\" content=\"2011-03-08T11:00:03+00:00\" \/>\n<meta property=\"og:image\" content=\"http:\/\/www.deputadovander.com.br\/website\/wp-content\/uploads\/2011\/03\/foto-2011-03-08-dia-mulher-400x300.jpg\" \/>\n<meta name=\"author\" content=\"\u00c9der\" \/>\n<meta name=\"twitter:card\" content=\"summary_large_image\" \/>\n<meta name=\"twitter:creator\" content=\"@vanderloubet\" \/>\n<meta name=\"twitter:site\" content=\"@vanderloubet\" \/>\n<script type=\"application\/ld+json\" class=\"yoast-schema-graph\">{\"@context\":\"https:\\\/\\\/schema.org\",\"@graph\":[{\"@type\":\"Article\",\"@id\":\"https:\\\/\\\/vanderloubet.com.br\\\/deputado\\\/dias-da-mulher-dias-de-atitudes\\\/#article\",\"isPartOf\":{\"@id\":\"https:\\\/\\\/vanderloubet.com.br\\\/deputado\\\/dias-da-mulher-dias-de-atitudes\\\/\"},\"author\":{\"name\":\"\u00c9der\",\"@id\":\"https:\\\/\\\/vanderloubet.com.br\\\/deputado\\\/#\\\/schema\\\/person\\\/15b51bd564532a8a68d9dec1b8eb890e\"},\"headline\":\"Dias da mulher, dias de atitudes\",\"datePublished\":\"2011-03-08T11:00:03+00:00\",\"mainEntityOfPage\":{\"@id\":\"https:\\\/\\\/vanderloubet.com.br\\\/deputado\\\/dias-da-mulher-dias-de-atitudes\\\/\"},\"wordCount\":660,\"commentCount\":0,\"publisher\":{\"@id\":\"https:\\\/\\\/vanderloubet.com.br\\\/deputado\\\/#organization\"},\"image\":{\"@id\":\"https:\\\/\\\/vanderloubet.com.br\\\/deputado\\\/dias-da-mulher-dias-de-atitudes\\\/#primaryimage\"},\"thumbnailUrl\":\"http:\\\/\\\/www.deputadovander.com.br\\\/website\\\/wp-content\\\/uploads\\\/2011\\\/03\\\/foto-2011-03-08-dia-mulher-400x300.jpg\",\"keywords\":[\"artigo\",\"deputado\",\"dia\",\"eva\",\"federal\",\"loubet\",\"lucy\",\"m\u00e3e\",\"marco\",\"mulher\",\"onu\",\"PT\",\"trabalhadora\",\"vander\"],\"articleSection\":[\"Opini\u00e3o\"],\"inLanguage\":\"pt-BR\",\"potentialAction\":[{\"@type\":\"CommentAction\",\"name\":\"Comment\",\"target\":[\"https:\\\/\\\/vanderloubet.com.br\\\/deputado\\\/dias-da-mulher-dias-de-atitudes\\\/#respond\"]}]},{\"@type\":\"WebPage\",\"@id\":\"https:\\\/\\\/vanderloubet.com.br\\\/deputado\\\/dias-da-mulher-dias-de-atitudes\\\/\",\"url\":\"https:\\\/\\\/vanderloubet.com.br\\\/deputado\\\/dias-da-mulher-dias-de-atitudes\\\/\",\"name\":\"Dias da mulher, dias de atitudes\",\"isPartOf\":{\"@id\":\"https:\\\/\\\/vanderloubet.com.br\\\/deputado\\\/#website\"},\"primaryImageOfPage\":{\"@id\":\"https:\\\/\\\/vanderloubet.com.br\\\/deputado\\\/dias-da-mulher-dias-de-atitudes\\\/#primaryimage\"},\"image\":{\"@id\":\"https:\\\/\\\/vanderloubet.com.br\\\/deputado\\\/dias-da-mulher-dias-de-atitudes\\\/#primaryimage\"},\"thumbnailUrl\":\"http:\\\/\\\/www.deputadovander.com.br\\\/website\\\/wp-content\\\/uploads\\\/2011\\\/03\\\/foto-2011-03-08-dia-mulher-400x300.jpg\",\"datePublished\":\"2011-03-08T11:00:03+00:00\",\"breadcrumb\":{\"@id\":\"https:\\\/\\\/vanderloubet.com.br\\\/deputado\\\/dias-da-mulher-dias-de-atitudes\\\/#breadcrumb\"},\"inLanguage\":\"pt-BR\",\"potentialAction\":[{\"@type\":\"ReadAction\",\"target\":[\"https:\\\/\\\/vanderloubet.com.br\\\/deputado\\\/dias-da-mulher-dias-de-atitudes\\\/\"]}]},{\"@type\":\"ImageObject\",\"inLanguage\":\"pt-BR\",\"@id\":\"https:\\\/\\\/vanderloubet.com.br\\\/deputado\\\/dias-da-mulher-dias-de-atitudes\\\/#primaryimage\",\"url\":\"http:\\\/\\\/www.deputadovander.com.br\\\/website\\\/wp-content\\\/uploads\\\/2011\\\/03\\\/foto-2011-03-08-dia-mulher-400x300.jpg\",\"contentUrl\":\"http:\\\/\\\/www.deputadovander.com.br\\\/website\\\/wp-content\\\/uploads\\\/2011\\\/03\\\/foto-2011-03-08-dia-mulher-400x300.jpg\"},{\"@type\":\"BreadcrumbList\",\"@id\":\"https:\\\/\\\/vanderloubet.com.br\\\/deputado\\\/dias-da-mulher-dias-de-atitudes\\\/#breadcrumb\",\"itemListElement\":[{\"@type\":\"ListItem\",\"position\":1,\"name\":\"In\u00edcio\",\"item\":\"https:\\\/\\\/vanderloubet.com.br\\\/deputado\\\/\"},{\"@type\":\"ListItem\",\"position\":2,\"name\":\"Dias da mulher, dias de atitudes\"}]},{\"@type\":\"WebSite\",\"@id\":\"https:\\\/\\\/vanderloubet.com.br\\\/deputado\\\/#website\",\"url\":\"https:\\\/\\\/vanderloubet.com.br\\\/deputado\\\/\",\"name\":\"Deputado Federal Vander Loubet\",\"description\":\"O Federal de MS\",\"publisher\":{\"@id\":\"https:\\\/\\\/vanderloubet.com.br\\\/deputado\\\/#organization\"},\"alternateName\":\"Deputado Vander\",\"potentialAction\":[{\"@type\":\"SearchAction\",\"target\":{\"@type\":\"EntryPoint\",\"urlTemplate\":\"https:\\\/\\\/vanderloubet.com.br\\\/deputado\\\/?s={search_term_string}\"},\"query-input\":{\"@type\":\"PropertyValueSpecification\",\"valueRequired\":true,\"valueName\":\"search_term_string\"}}],\"inLanguage\":\"pt-BR\"},{\"@type\":\"Organization\",\"@id\":\"https:\\\/\\\/vanderloubet.com.br\\\/deputado\\\/#organization\",\"name\":\"Deputado Federal Vander Loubet\",\"alternateName\":\"Deputado Vander\",\"url\":\"https:\\\/\\\/vanderloubet.com.br\\\/deputado\\\/\",\"logo\":{\"@type\":\"ImageObject\",\"inLanguage\":\"pt-BR\",\"@id\":\"https:\\\/\\\/vanderloubet.com.br\\\/deputado\\\/#\\\/schema\\\/logo\\\/image\\\/\",\"url\":\"https:\\\/\\\/vanderloubet.com.br\\\/deputado\\\/wp-content\\\/uploads\\\/2023\\\/06\\\/foto-2023-06-19-mandato-deputado-vander.jpg\",\"contentUrl\":\"https:\\\/\\\/vanderloubet.com.br\\\/deputado\\\/wp-content\\\/uploads\\\/2023\\\/06\\\/foto-2023-06-19-mandato-deputado-vander.jpg\",\"width\":1080,\"height\":1080,\"caption\":\"Deputado Federal Vander Loubet\"},\"image\":{\"@id\":\"https:\\\/\\\/vanderloubet.com.br\\\/deputado\\\/#\\\/schema\\\/logo\\\/image\\\/\"},\"sameAs\":[\"https:\\\/\\\/facebook.com\\\/deputadovander\",\"https:\\\/\\\/x.com\\\/vanderloubet\",\"https:\\\/\\\/instagram.com\\\/vanderloubet\",\"https:\\\/\\\/youtube.com\\\/vanderloubet\",\"https:\\\/\\\/tiktok.com\\\/@vanderloubetms\"]},{\"@type\":\"Person\",\"@id\":\"https:\\\/\\\/vanderloubet.com.br\\\/deputado\\\/#\\\/schema\\\/person\\\/15b51bd564532a8a68d9dec1b8eb890e\",\"name\":\"\u00c9der\",\"image\":{\"@type\":\"ImageObject\",\"inLanguage\":\"pt-BR\",\"@id\":\"https:\\\/\\\/vanderloubet.com.br\\\/deputado\\\/wp-content\\\/litespeed\\\/avatar\\\/88ca4090d9d5ab1c9495f6ca03b68efa.jpg?ver=1777058957\",\"url\":\"https:\\\/\\\/vanderloubet.com.br\\\/deputado\\\/wp-content\\\/litespeed\\\/avatar\\\/88ca4090d9d5ab1c9495f6ca03b68efa.jpg?ver=1777058957\",\"contentUrl\":\"https:\\\/\\\/vanderloubet.com.br\\\/deputado\\\/wp-content\\\/litespeed\\\/avatar\\\/88ca4090d9d5ab1c9495f6ca03b68efa.jpg?ver=1777058957\",\"caption\":\"\u00c9der\"}}]}<\/script>\n<!-- \/ Yoast SEO plugin. -->","yoast_head_json":{"title":"Dias da mulher, dias de atitudes","robots":{"index":"index","follow":"follow","max-snippet":"max-snippet:-1","max-image-preview":"max-image-preview:large","max-video-preview":"max-video-preview:-1"},"canonical":"https:\/\/vanderloubet.com.br\/deputado\/dias-da-mulher-dias-de-atitudes\/","og_locale":"pt_BR","og_type":"article","og_title":"Dias da mulher, dias de atitudes","og_description":"Artigo de Vander Loubet sobre Dia da Mulher. Para deputado, data incorpora datas de simbologia voltada aos valores e direitos da pessoa.","og_url":"https:\/\/vanderloubet.com.br\/deputado\/dias-da-mulher-dias-de-atitudes\/","og_site_name":"Deputado Federal Vander Loubet","article_publisher":"https:\/\/facebook.com\/deputadovander","article_published_time":"2011-03-08T11:00:03+00:00","og_image":[{"url":"http:\/\/www.deputadovander.com.br\/website\/wp-content\/uploads\/2011\/03\/foto-2011-03-08-dia-mulher-400x300.jpg","type":"","width":"","height":""}],"author":"\u00c9der","twitter_card":"summary_large_image","twitter_creator":"@vanderloubet","twitter_site":"@vanderloubet","schema":{"@context":"https:\/\/schema.org","@graph":[{"@type":"Article","@id":"https:\/\/vanderloubet.com.br\/deputado\/dias-da-mulher-dias-de-atitudes\/#article","isPartOf":{"@id":"https:\/\/vanderloubet.com.br\/deputado\/dias-da-mulher-dias-de-atitudes\/"},"author":{"name":"\u00c9der","@id":"https:\/\/vanderloubet.com.br\/deputado\/#\/schema\/person\/15b51bd564532a8a68d9dec1b8eb890e"},"headline":"Dias da mulher, dias de atitudes","datePublished":"2011-03-08T11:00:03+00:00","mainEntityOfPage":{"@id":"https:\/\/vanderloubet.com.br\/deputado\/dias-da-mulher-dias-de-atitudes\/"},"wordCount":660,"commentCount":0,"publisher":{"@id":"https:\/\/vanderloubet.com.br\/deputado\/#organization"},"image":{"@id":"https:\/\/vanderloubet.com.br\/deputado\/dias-da-mulher-dias-de-atitudes\/#primaryimage"},"thumbnailUrl":"http:\/\/www.deputadovander.com.br\/website\/wp-content\/uploads\/2011\/03\/foto-2011-03-08-dia-mulher-400x300.jpg","keywords":["artigo","deputado","dia","eva","federal","loubet","lucy","m\u00e3e","marco","mulher","onu","PT","trabalhadora","vander"],"articleSection":["Opini\u00e3o"],"inLanguage":"pt-BR","potentialAction":[{"@type":"CommentAction","name":"Comment","target":["https:\/\/vanderloubet.com.br\/deputado\/dias-da-mulher-dias-de-atitudes\/#respond"]}]},{"@type":"WebPage","@id":"https:\/\/vanderloubet.com.br\/deputado\/dias-da-mulher-dias-de-atitudes\/","url":"https:\/\/vanderloubet.com.br\/deputado\/dias-da-mulher-dias-de-atitudes\/","name":"Dias da mulher, dias de atitudes","isPartOf":{"@id":"https:\/\/vanderloubet.com.br\/deputado\/#website"},"primaryImageOfPage":{"@id":"https:\/\/vanderloubet.com.br\/deputado\/dias-da-mulher-dias-de-atitudes\/#primaryimage"},"image":{"@id":"https:\/\/vanderloubet.com.br\/deputado\/dias-da-mulher-dias-de-atitudes\/#primaryimage"},"thumbnailUrl":"http:\/\/www.deputadovander.com.br\/website\/wp-content\/uploads\/2011\/03\/foto-2011-03-08-dia-mulher-400x300.jpg","datePublished":"2011-03-08T11:00:03+00:00","breadcrumb":{"@id":"https:\/\/vanderloubet.com.br\/deputado\/dias-da-mulher-dias-de-atitudes\/#breadcrumb"},"inLanguage":"pt-BR","potentialAction":[{"@type":"ReadAction","target":["https:\/\/vanderloubet.com.br\/deputado\/dias-da-mulher-dias-de-atitudes\/"]}]},{"@type":"ImageObject","inLanguage":"pt-BR","@id":"https:\/\/vanderloubet.com.br\/deputado\/dias-da-mulher-dias-de-atitudes\/#primaryimage","url":"http:\/\/www.deputadovander.com.br\/website\/wp-content\/uploads\/2011\/03\/foto-2011-03-08-dia-mulher-400x300.jpg","contentUrl":"http:\/\/www.deputadovander.com.br\/website\/wp-content\/uploads\/2011\/03\/foto-2011-03-08-dia-mulher-400x300.jpg"},{"@type":"BreadcrumbList","@id":"https:\/\/vanderloubet.com.br\/deputado\/dias-da-mulher-dias-de-atitudes\/#breadcrumb","itemListElement":[{"@type":"ListItem","position":1,"name":"In\u00edcio","item":"https:\/\/vanderloubet.com.br\/deputado\/"},{"@type":"ListItem","position":2,"name":"Dias da mulher, dias de atitudes"}]},{"@type":"WebSite","@id":"https:\/\/vanderloubet.com.br\/deputado\/#website","url":"https:\/\/vanderloubet.com.br\/deputado\/","name":"Deputado Federal Vander Loubet","description":"O Federal de MS","publisher":{"@id":"https:\/\/vanderloubet.com.br\/deputado\/#organization"},"alternateName":"Deputado Vander","potentialAction":[{"@type":"SearchAction","target":{"@type":"EntryPoint","urlTemplate":"https:\/\/vanderloubet.com.br\/deputado\/?s={search_term_string}"},"query-input":{"@type":"PropertyValueSpecification","valueRequired":true,"valueName":"search_term_string"}}],"inLanguage":"pt-BR"},{"@type":"Organization","@id":"https:\/\/vanderloubet.com.br\/deputado\/#organization","name":"Deputado Federal Vander Loubet","alternateName":"Deputado Vander","url":"https:\/\/vanderloubet.com.br\/deputado\/","logo":{"@type":"ImageObject","inLanguage":"pt-BR","@id":"https:\/\/vanderloubet.com.br\/deputado\/#\/schema\/logo\/image\/","url":"https:\/\/vanderloubet.com.br\/deputado\/wp-content\/uploads\/2023\/06\/foto-2023-06-19-mandato-deputado-vander.jpg","contentUrl":"https:\/\/vanderloubet.com.br\/deputado\/wp-content\/uploads\/2023\/06\/foto-2023-06-19-mandato-deputado-vander.jpg","width":1080,"height":1080,"caption":"Deputado Federal Vander Loubet"},"image":{"@id":"https:\/\/vanderloubet.com.br\/deputado\/#\/schema\/logo\/image\/"},"sameAs":["https:\/\/facebook.com\/deputadovander","https:\/\/x.com\/vanderloubet","https:\/\/instagram.com\/vanderloubet","https:\/\/youtube.com\/vanderloubet","https:\/\/tiktok.com\/@vanderloubetms"]},{"@type":"Person","@id":"https:\/\/vanderloubet.com.br\/deputado\/#\/schema\/person\/15b51bd564532a8a68d9dec1b8eb890e","name":"\u00c9der","image":{"@type":"ImageObject","inLanguage":"pt-BR","@id":"https:\/\/vanderloubet.com.br\/deputado\/wp-content\/litespeed\/avatar\/88ca4090d9d5ab1c9495f6ca03b68efa.jpg?ver=1777058957","url":"https:\/\/vanderloubet.com.br\/deputado\/wp-content\/litespeed\/avatar\/88ca4090d9d5ab1c9495f6ca03b68efa.jpg?ver=1777058957","contentUrl":"https:\/\/vanderloubet.com.br\/deputado\/wp-content\/litespeed\/avatar\/88ca4090d9d5ab1c9495f6ca03b68efa.jpg?ver=1777058957","caption":"\u00c9der"}}]}},"jetpack_featured_media_url":"","jetpack_sharing_enabled":true,"_links":{"self":[{"href":"https:\/\/vanderloubet.com.br\/deputado\/wp-json\/wp\/v2\/posts\/2930","targetHints":{"allow":["GET"]}}],"collection":[{"href":"https:\/\/vanderloubet.com.br\/deputado\/wp-json\/wp\/v2\/posts"}],"about":[{"href":"https:\/\/vanderloubet.com.br\/deputado\/wp-json\/wp\/v2\/types\/post"}],"author":[{"embeddable":true,"href":"https:\/\/vanderloubet.com.br\/deputado\/wp-json\/wp\/v2\/users\/2"}],"replies":[{"embeddable":true,"href":"https:\/\/vanderloubet.com.br\/deputado\/wp-json\/wp\/v2\/comments?post=2930"}],"version-history":[{"count":0,"href":"https:\/\/vanderloubet.com.br\/deputado\/wp-json\/wp\/v2\/posts\/2930\/revisions"}],"wp:attachment":[{"href":"https:\/\/vanderloubet.com.br\/deputado\/wp-json\/wp\/v2\/media?parent=2930"}],"wp:term":[{"taxonomy":"category","embeddable":true,"href":"https:\/\/vanderloubet.com.br\/deputado\/wp-json\/wp\/v2\/categories?post=2930"},{"taxonomy":"post_tag","embeddable":true,"href":"https:\/\/vanderloubet.com.br\/deputado\/wp-json\/wp\/v2\/tags?post=2930"}],"curies":[{"name":"wp","href":"https:\/\/api.w.org\/{rel}","templated":true}]}}