{"id":2927,"date":"2011-03-06T14:26:54","date_gmt":"2011-03-06T18:26:54","guid":{"rendered":"http:\/\/www.deputadovander.com.br\/website\/?p=2927"},"modified":"2011-03-06T14:26:54","modified_gmt":"2011-03-06T18:26:54","slug":"vander-solicita-ao-mec-ensino-de-idiomas-gratuito-pela-internet","status":"publish","type":"post","link":"https:\/\/vanderloubet.com.br\/deputado\/vander-solicita-ao-mec-ensino-de-idiomas-gratuito-pela-internet\/","title":{"rendered":"Vander solicita ao MEC ensino de idiomas gratuito pela internet"},"content":{"rendered":"<p style=\"text-align: center;\">\n<figure id=\"attachment_448\" aria-describedby=\"caption-attachment-448\" style=\"width: 300px\" class=\"wp-caption aligncenter\"><a href=\"http:\/\/www.deputadovander.com.br\/website\/wp-content\/uploads\/2010\/03\/foto-2010-03-25-discurso-wwf1.jpg\" target=\"_blank\"><img decoding=\"async\" class=\"size-medium wp-image-448 \" title=\"foto-2010-03-25-discurso-wwf\" src=\"http:\/\/www.deputadovander.com.br\/website\/wp-content\/uploads\/2010\/03\/foto-2010-03-25-discurso-wwf1-300x225.jpg\" alt=\"Deputado Vander no Plen\u00e1rio da C\u00e2mara\" width=\"300\" height=\"225\" \/><\/a><figcaption id=\"caption-attachment-448\" class=\"wp-caption-text\">Deputado Vander no Plen\u00e1rio da C\u00e2mara<\/figcaption><\/figure>\n<\/p>\n<p>Em Indica\u00e7\u00e3o enviada no final de fevereiro ao Minist\u00e9rio da Educa\u00e7\u00e3o (MEC), o deputado federal Vander Loubet sugere o ensino gratuito de idiomas pela internet, tendo em vista a proximidade de grandes eventos internacionais no Brasil, como a Copa do Mundo de 2014 e as Olimp\u00edadas de 2016 no Rio de Janeiro. De acordo com Vander, o poder p\u00fablico precisa se empenhar para dotar o Brasil da infraestrutura necess\u00e1ria para realiz\u00e1-los com \u00eaxito. &#8220;Precisamos traduzir, na pr\u00e1tica, a ess\u00eancia do nosso povo, um povo hospitaleiro, alegre, democr\u00e1tico, vocacionado para a plena conviv\u00eancia humana e apto a transmitir uma singular cultura de paz e de toler\u00e2ncia religiosa e multirracial&#8221;, destaca o parlamentar.<\/p>\n<p>No documento enviado ao Executivo federal (INC 95\/2011), o deputado Vander argumenta que novas ferramentas devem ser incrementadas para promover, com maior agilidade, a forma\u00e7\u00e3o m\u00ednima e necess\u00e1ria para o contingente de pessoas que v\u00e3o atuar profissional ou voluntariamente na Copa e nas Olimp\u00edadas. Segundo o petista, a inform\u00e1tica e o ensino \u00e0 dist\u00e2ncia constituem meios eficazes na massifica\u00e7\u00e3o desse preparo.<\/p>\n<p>&#8220;Por que n\u00e3o oferecer, p\u00fablica e gratuitamente, cursos b\u00e1sicos de Ingl\u00eas, Espanhol, Franc\u00eas pela internet? J\u00e1 est\u00e3o vencidos o preconceito e as barreiras que existiam contra o ensino \u00e0 dist\u00e2ncia. Uma das metas priorizadas pela presidenta Dilma \u00e9 oferecer a banda larga para todos a um pre\u00e7o popular. H\u00e1 uma quantidade formid\u00e1vel de lan houses e escolas j\u00e1 informatizadas em todo o territ\u00f3rio nacional. Por que n\u00e3o explorar e aproveitar essa log\u00edstica para tornar acess\u00edvel um conhecimento que ir\u00e1 ser requisito cada vez mais determinante na comunica\u00e7\u00e3o e na integra\u00e7\u00e3o dos povos e nas rela\u00e7\u00f5es sociais?&#8221;, questiona Vander Loubet.<\/p>\n<p>Vander encerra sua indica\u00e7\u00e3o afirmando que a internet faz parte do cotidiano das pessoas, mas que, muitas vezes, faltam conte\u00fado e op\u00e7\u00f5es para que a rede se transforme definitivamente em um instrumento \u00fatil e indispens\u00e1vel a ser explorado p\u00fablica e gratuitamente n\u00e3o apenas de forma circunstancial ou epis\u00f3dica.<\/p>\n<p><small>(\u00c9der Yanaguita &#8211; Assessoria de Comunica\u00e7\u00e3o)<\/small><\/p>\n","protected":false},"excerpt":{"rendered":"<p>Para deputado, ensino de idiomas \u00e9 importante tendo em vista eventos mundiais como Copa de 2014 e Olimp\u00edadas de 2016.<\/p>\n","protected":false},"author":2,"featured_media":0,"comment_status":"open","ping_status":"open","sticky":false,"template":"","format":"standard","meta":{"jetpack_post_was_ever_published":false,"_jetpack_newsletter_access":"","_jetpack_dont_email_post_to_subs":false,"_jetpack_newsletter_tier_id":0,"_jetpack_memberships_contains_paywalled_content":false,"_jetpack_memberships_contains_paid_content":false,"footnotes":""},"categories":[10],"tags":[525,608,697,807,893,987,1015,1034,1178,1252,1302,1343,1420,1734,2033],"class_list":{"0":"post-2927","1":"post","2":"type-post","3":"status-publish","4":"format-standard","6":"category-noticias","7":"tag-copa","8":"tag-deputado","9":"tag-educacao","10":"tag-federal","11":"tag-futebol","12":"tag-idioma","13":"tag-indicacao","14":"tag-internet","15":"tag-loubet","16":"tag-mec","17":"tag-ministerio","18":"tag-mundo","19":"tag-olimpiadas","20":"tag-rio","21":"tag-vander"},"yoast_head":"<!-- This site is optimized with the Yoast SEO plugin v27.4 - https:\/\/yoast.com\/product\/yoast-seo-wordpress\/ -->\n<title>Vander solicita ao MEC ensino de idiomas gratuito pela internet<\/title>\n<meta name=\"robots\" content=\"index, follow, max-snippet:-1, max-image-preview:large, max-video-preview:-1\" \/>\n<link rel=\"canonical\" href=\"https:\/\/vanderloubet.com.br\/deputado\/vander-solicita-ao-mec-ensino-de-idiomas-gratuito-pela-internet\/\" \/>\n<meta property=\"og:locale\" content=\"pt_BR\" \/>\n<meta property=\"og:type\" content=\"article\" \/>\n<meta property=\"og:title\" content=\"Vander solicita ao MEC ensino de idiomas gratuito pela internet\" \/>\n<meta property=\"og:description\" content=\"Para deputado, ensino de idiomas \u00e9 importante tendo em vista eventos mundiais como Copa de 2014 e Olimp\u00edadas de 2016.\" \/>\n<meta property=\"og:url\" content=\"https:\/\/vanderloubet.com.br\/deputado\/vander-solicita-ao-mec-ensino-de-idiomas-gratuito-pela-internet\/\" \/>\n<meta property=\"og:site_name\" content=\"Deputado Federal Vander Loubet\" \/>\n<meta property=\"article:publisher\" content=\"https:\/\/facebook.com\/deputadovander\" \/>\n<meta property=\"article:published_time\" content=\"2011-03-06T18:26:54+00:00\" \/>\n<meta property=\"og:image\" content=\"http:\/\/www.deputadovander.com.br\/website\/wp-content\/uploads\/2010\/03\/foto-2010-03-25-discurso-wwf1-300x225.jpg\" \/>\n<meta name=\"author\" content=\"\u00c9der\" \/>\n<meta name=\"twitter:card\" content=\"summary_large_image\" \/>\n<meta name=\"twitter:creator\" content=\"@vanderloubet\" \/>\n<meta name=\"twitter:site\" content=\"@vanderloubet\" \/>\n<script type=\"application\/ld+json\" class=\"yoast-schema-graph\">{\"@context\":\"https:\\\/\\\/schema.org\",\"@graph\":[{\"@type\":\"Article\",\"@id\":\"https:\\\/\\\/vanderloubet.com.br\\\/deputado\\\/vander-solicita-ao-mec-ensino-de-idiomas-gratuito-pela-internet\\\/#article\",\"isPartOf\":{\"@id\":\"https:\\\/\\\/vanderloubet.com.br\\\/deputado\\\/vander-solicita-ao-mec-ensino-de-idiomas-gratuito-pela-internet\\\/\"},\"author\":{\"name\":\"\u00c9der\",\"@id\":\"https:\\\/\\\/vanderloubet.com.br\\\/deputado\\\/#\\\/schema\\\/person\\\/15b51bd564532a8a68d9dec1b8eb890e\"},\"headline\":\"Vander solicita ao MEC ensino de idiomas gratuito pela internet\",\"datePublished\":\"2011-03-06T18:26:54+00:00\",\"mainEntityOfPage\":{\"@id\":\"https:\\\/\\\/vanderloubet.com.br\\\/deputado\\\/vander-solicita-ao-mec-ensino-de-idiomas-gratuito-pela-internet\\\/\"},\"wordCount\":389,\"commentCount\":0,\"publisher\":{\"@id\":\"https:\\\/\\\/vanderloubet.com.br\\\/deputado\\\/#organization\"},\"image\":{\"@id\":\"https:\\\/\\\/vanderloubet.com.br\\\/deputado\\\/vander-solicita-ao-mec-ensino-de-idiomas-gratuito-pela-internet\\\/#primaryimage\"},\"thumbnailUrl\":\"http:\\\/\\\/www.deputadovander.com.br\\\/website\\\/wp-content\\\/uploads\\\/2010\\\/03\\\/foto-2010-03-25-discurso-wwf1-300x225.jpg\",\"keywords\":[\"copa\",\"deputado\",\"educa\u00e7\u00e3o\",\"federal\",\"futebol\",\"idioma\",\"indica\u00e7\u00e3o\",\"internet\",\"loubet\",\"mec\",\"minist\u00e9rio\",\"mundo\",\"olimp\u00edadas\",\"rio\",\"vander\"],\"articleSection\":[\"Not\u00edcias\"],\"inLanguage\":\"pt-BR\",\"potentialAction\":[{\"@type\":\"CommentAction\",\"name\":\"Comment\",\"target\":[\"https:\\\/\\\/vanderloubet.com.br\\\/deputado\\\/vander-solicita-ao-mec-ensino-de-idiomas-gratuito-pela-internet\\\/#respond\"]}]},{\"@type\":\"WebPage\",\"@id\":\"https:\\\/\\\/vanderloubet.com.br\\\/deputado\\\/vander-solicita-ao-mec-ensino-de-idiomas-gratuito-pela-internet\\\/\",\"url\":\"https:\\\/\\\/vanderloubet.com.br\\\/deputado\\\/vander-solicita-ao-mec-ensino-de-idiomas-gratuito-pela-internet\\\/\",\"name\":\"Vander solicita ao MEC ensino de idiomas gratuito pela internet\",\"isPartOf\":{\"@id\":\"https:\\\/\\\/vanderloubet.com.br\\\/deputado\\\/#website\"},\"primaryImageOfPage\":{\"@id\":\"https:\\\/\\\/vanderloubet.com.br\\\/deputado\\\/vander-solicita-ao-mec-ensino-de-idiomas-gratuito-pela-internet\\\/#primaryimage\"},\"image\":{\"@id\":\"https:\\\/\\\/vanderloubet.com.br\\\/deputado\\\/vander-solicita-ao-mec-ensino-de-idiomas-gratuito-pela-internet\\\/#primaryimage\"},\"thumbnailUrl\":\"http:\\\/\\\/www.deputadovander.com.br\\\/website\\\/wp-content\\\/uploads\\\/2010\\\/03\\\/foto-2010-03-25-discurso-wwf1-300x225.jpg\",\"datePublished\":\"2011-03-06T18:26:54+00:00\",\"breadcrumb\":{\"@id\":\"https:\\\/\\\/vanderloubet.com.br\\\/deputado\\\/vander-solicita-ao-mec-ensino-de-idiomas-gratuito-pela-internet\\\/#breadcrumb\"},\"inLanguage\":\"pt-BR\",\"potentialAction\":[{\"@type\":\"ReadAction\",\"target\":[\"https:\\\/\\\/vanderloubet.com.br\\\/deputado\\\/vander-solicita-ao-mec-ensino-de-idiomas-gratuito-pela-internet\\\/\"]}]},{\"@type\":\"ImageObject\",\"inLanguage\":\"pt-BR\",\"@id\":\"https:\\\/\\\/vanderloubet.com.br\\\/deputado\\\/vander-solicita-ao-mec-ensino-de-idiomas-gratuito-pela-internet\\\/#primaryimage\",\"url\":\"http:\\\/\\\/www.deputadovander.com.br\\\/website\\\/wp-content\\\/uploads\\\/2010\\\/03\\\/foto-2010-03-25-discurso-wwf1-300x225.jpg\",\"contentUrl\":\"http:\\\/\\\/www.deputadovander.com.br\\\/website\\\/wp-content\\\/uploads\\\/2010\\\/03\\\/foto-2010-03-25-discurso-wwf1-300x225.jpg\"},{\"@type\":\"BreadcrumbList\",\"@id\":\"https:\\\/\\\/vanderloubet.com.br\\\/deputado\\\/vander-solicita-ao-mec-ensino-de-idiomas-gratuito-pela-internet\\\/#breadcrumb\",\"itemListElement\":[{\"@type\":\"ListItem\",\"position\":1,\"name\":\"In\u00edcio\",\"item\":\"https:\\\/\\\/vanderloubet.com.br\\\/deputado\\\/\"},{\"@type\":\"ListItem\",\"position\":2,\"name\":\"Vander solicita ao MEC ensino de idiomas gratuito pela internet\"}]},{\"@type\":\"WebSite\",\"@id\":\"https:\\\/\\\/vanderloubet.com.br\\\/deputado\\\/#website\",\"url\":\"https:\\\/\\\/vanderloubet.com.br\\\/deputado\\\/\",\"name\":\"Deputado Federal Vander Loubet\",\"description\":\"O Federal de MS\",\"publisher\":{\"@id\":\"https:\\\/\\\/vanderloubet.com.br\\\/deputado\\\/#organization\"},\"alternateName\":\"Deputado Vander\",\"potentialAction\":[{\"@type\":\"SearchAction\",\"target\":{\"@type\":\"EntryPoint\",\"urlTemplate\":\"https:\\\/\\\/vanderloubet.com.br\\\/deputado\\\/?s={search_term_string}\"},\"query-input\":{\"@type\":\"PropertyValueSpecification\",\"valueRequired\":true,\"valueName\":\"search_term_string\"}}],\"inLanguage\":\"pt-BR\"},{\"@type\":\"Organization\",\"@id\":\"https:\\\/\\\/vanderloubet.com.br\\\/deputado\\\/#organization\",\"name\":\"Deputado Federal Vander Loubet\",\"alternateName\":\"Deputado Vander\",\"url\":\"https:\\\/\\\/vanderloubet.com.br\\\/deputado\\\/\",\"logo\":{\"@type\":\"ImageObject\",\"inLanguage\":\"pt-BR\",\"@id\":\"https:\\\/\\\/vanderloubet.com.br\\\/deputado\\\/#\\\/schema\\\/logo\\\/image\\\/\",\"url\":\"https:\\\/\\\/vanderloubet.com.br\\\/deputado\\\/wp-content\\\/uploads\\\/2023\\\/06\\\/foto-2023-06-19-mandato-deputado-vander.jpg\",\"contentUrl\":\"https:\\\/\\\/vanderloubet.com.br\\\/deputado\\\/wp-content\\\/uploads\\\/2023\\\/06\\\/foto-2023-06-19-mandato-deputado-vander.jpg\",\"width\":1080,\"height\":1080,\"caption\":\"Deputado Federal Vander Loubet\"},\"image\":{\"@id\":\"https:\\\/\\\/vanderloubet.com.br\\\/deputado\\\/#\\\/schema\\\/logo\\\/image\\\/\"},\"sameAs\":[\"https:\\\/\\\/facebook.com\\\/deputadovander\",\"https:\\\/\\\/x.com\\\/vanderloubet\",\"https:\\\/\\\/instagram.com\\\/vanderloubet\",\"https:\\\/\\\/youtube.com\\\/vanderloubet\",\"https:\\\/\\\/tiktok.com\\\/@vanderloubetms\"]},{\"@type\":\"Person\",\"@id\":\"https:\\\/\\\/vanderloubet.com.br\\\/deputado\\\/#\\\/schema\\\/person\\\/15b51bd564532a8a68d9dec1b8eb890e\",\"name\":\"\u00c9der\",\"image\":{\"@type\":\"ImageObject\",\"inLanguage\":\"pt-BR\",\"@id\":\"https:\\\/\\\/vanderloubet.com.br\\\/deputado\\\/wp-content\\\/litespeed\\\/avatar\\\/88ca4090d9d5ab1c9495f6ca03b68efa.jpg?ver=1777058957\",\"url\":\"https:\\\/\\\/vanderloubet.com.br\\\/deputado\\\/wp-content\\\/litespeed\\\/avatar\\\/88ca4090d9d5ab1c9495f6ca03b68efa.jpg?ver=1777058957\",\"contentUrl\":\"https:\\\/\\\/vanderloubet.com.br\\\/deputado\\\/wp-content\\\/litespeed\\\/avatar\\\/88ca4090d9d5ab1c9495f6ca03b68efa.jpg?ver=1777058957\",\"caption\":\"\u00c9der\"}}]}<\/script>\n<!-- \/ Yoast SEO plugin. -->","yoast_head_json":{"title":"Vander solicita ao MEC ensino de idiomas gratuito pela internet","robots":{"index":"index","follow":"follow","max-snippet":"max-snippet:-1","max-image-preview":"max-image-preview:large","max-video-preview":"max-video-preview:-1"},"canonical":"https:\/\/vanderloubet.com.br\/deputado\/vander-solicita-ao-mec-ensino-de-idiomas-gratuito-pela-internet\/","og_locale":"pt_BR","og_type":"article","og_title":"Vander solicita ao MEC ensino de idiomas gratuito pela internet","og_description":"Para deputado, ensino de idiomas \u00e9 importante tendo em vista eventos mundiais como Copa de 2014 e Olimp\u00edadas de 2016.","og_url":"https:\/\/vanderloubet.com.br\/deputado\/vander-solicita-ao-mec-ensino-de-idiomas-gratuito-pela-internet\/","og_site_name":"Deputado Federal Vander Loubet","article_publisher":"https:\/\/facebook.com\/deputadovander","article_published_time":"2011-03-06T18:26:54+00:00","og_image":[{"url":"http:\/\/www.deputadovander.com.br\/website\/wp-content\/uploads\/2010\/03\/foto-2010-03-25-discurso-wwf1-300x225.jpg","type":"","width":"","height":""}],"author":"\u00c9der","twitter_card":"summary_large_image","twitter_creator":"@vanderloubet","twitter_site":"@vanderloubet","schema":{"@context":"https:\/\/schema.org","@graph":[{"@type":"Article","@id":"https:\/\/vanderloubet.com.br\/deputado\/vander-solicita-ao-mec-ensino-de-idiomas-gratuito-pela-internet\/#article","isPartOf":{"@id":"https:\/\/vanderloubet.com.br\/deputado\/vander-solicita-ao-mec-ensino-de-idiomas-gratuito-pela-internet\/"},"author":{"name":"\u00c9der","@id":"https:\/\/vanderloubet.com.br\/deputado\/#\/schema\/person\/15b51bd564532a8a68d9dec1b8eb890e"},"headline":"Vander solicita ao MEC ensino de idiomas gratuito pela internet","datePublished":"2011-03-06T18:26:54+00:00","mainEntityOfPage":{"@id":"https:\/\/vanderloubet.com.br\/deputado\/vander-solicita-ao-mec-ensino-de-idiomas-gratuito-pela-internet\/"},"wordCount":389,"commentCount":0,"publisher":{"@id":"https:\/\/vanderloubet.com.br\/deputado\/#organization"},"image":{"@id":"https:\/\/vanderloubet.com.br\/deputado\/vander-solicita-ao-mec-ensino-de-idiomas-gratuito-pela-internet\/#primaryimage"},"thumbnailUrl":"http:\/\/www.deputadovander.com.br\/website\/wp-content\/uploads\/2010\/03\/foto-2010-03-25-discurso-wwf1-300x225.jpg","keywords":["copa","deputado","educa\u00e7\u00e3o","federal","futebol","idioma","indica\u00e7\u00e3o","internet","loubet","mec","minist\u00e9rio","mundo","olimp\u00edadas","rio","vander"],"articleSection":["Not\u00edcias"],"inLanguage":"pt-BR","potentialAction":[{"@type":"CommentAction","name":"Comment","target":["https:\/\/vanderloubet.com.br\/deputado\/vander-solicita-ao-mec-ensino-de-idiomas-gratuito-pela-internet\/#respond"]}]},{"@type":"WebPage","@id":"https:\/\/vanderloubet.com.br\/deputado\/vander-solicita-ao-mec-ensino-de-idiomas-gratuito-pela-internet\/","url":"https:\/\/vanderloubet.com.br\/deputado\/vander-solicita-ao-mec-ensino-de-idiomas-gratuito-pela-internet\/","name":"Vander solicita ao MEC ensino de idiomas gratuito pela internet","isPartOf":{"@id":"https:\/\/vanderloubet.com.br\/deputado\/#website"},"primaryImageOfPage":{"@id":"https:\/\/vanderloubet.com.br\/deputado\/vander-solicita-ao-mec-ensino-de-idiomas-gratuito-pela-internet\/#primaryimage"},"image":{"@id":"https:\/\/vanderloubet.com.br\/deputado\/vander-solicita-ao-mec-ensino-de-idiomas-gratuito-pela-internet\/#primaryimage"},"thumbnailUrl":"http:\/\/www.deputadovander.com.br\/website\/wp-content\/uploads\/2010\/03\/foto-2010-03-25-discurso-wwf1-300x225.jpg","datePublished":"2011-03-06T18:26:54+00:00","breadcrumb":{"@id":"https:\/\/vanderloubet.com.br\/deputado\/vander-solicita-ao-mec-ensino-de-idiomas-gratuito-pela-internet\/#breadcrumb"},"inLanguage":"pt-BR","potentialAction":[{"@type":"ReadAction","target":["https:\/\/vanderloubet.com.br\/deputado\/vander-solicita-ao-mec-ensino-de-idiomas-gratuito-pela-internet\/"]}]},{"@type":"ImageObject","inLanguage":"pt-BR","@id":"https:\/\/vanderloubet.com.br\/deputado\/vander-solicita-ao-mec-ensino-de-idiomas-gratuito-pela-internet\/#primaryimage","url":"http:\/\/www.deputadovander.com.br\/website\/wp-content\/uploads\/2010\/03\/foto-2010-03-25-discurso-wwf1-300x225.jpg","contentUrl":"http:\/\/www.deputadovander.com.br\/website\/wp-content\/uploads\/2010\/03\/foto-2010-03-25-discurso-wwf1-300x225.jpg"},{"@type":"BreadcrumbList","@id":"https:\/\/vanderloubet.com.br\/deputado\/vander-solicita-ao-mec-ensino-de-idiomas-gratuito-pela-internet\/#breadcrumb","itemListElement":[{"@type":"ListItem","position":1,"name":"In\u00edcio","item":"https:\/\/vanderloubet.com.br\/deputado\/"},{"@type":"ListItem","position":2,"name":"Vander solicita ao MEC ensino de idiomas gratuito pela internet"}]},{"@type":"WebSite","@id":"https:\/\/vanderloubet.com.br\/deputado\/#website","url":"https:\/\/vanderloubet.com.br\/deputado\/","name":"Deputado Federal Vander Loubet","description":"O Federal de MS","publisher":{"@id":"https:\/\/vanderloubet.com.br\/deputado\/#organization"},"alternateName":"Deputado Vander","potentialAction":[{"@type":"SearchAction","target":{"@type":"EntryPoint","urlTemplate":"https:\/\/vanderloubet.com.br\/deputado\/?s={search_term_string}"},"query-input":{"@type":"PropertyValueSpecification","valueRequired":true,"valueName":"search_term_string"}}],"inLanguage":"pt-BR"},{"@type":"Organization","@id":"https:\/\/vanderloubet.com.br\/deputado\/#organization","name":"Deputado Federal Vander Loubet","alternateName":"Deputado Vander","url":"https:\/\/vanderloubet.com.br\/deputado\/","logo":{"@type":"ImageObject","inLanguage":"pt-BR","@id":"https:\/\/vanderloubet.com.br\/deputado\/#\/schema\/logo\/image\/","url":"https:\/\/vanderloubet.com.br\/deputado\/wp-content\/uploads\/2023\/06\/foto-2023-06-19-mandato-deputado-vander.jpg","contentUrl":"https:\/\/vanderloubet.com.br\/deputado\/wp-content\/uploads\/2023\/06\/foto-2023-06-19-mandato-deputado-vander.jpg","width":1080,"height":1080,"caption":"Deputado Federal Vander Loubet"},"image":{"@id":"https:\/\/vanderloubet.com.br\/deputado\/#\/schema\/logo\/image\/"},"sameAs":["https:\/\/facebook.com\/deputadovander","https:\/\/x.com\/vanderloubet","https:\/\/instagram.com\/vanderloubet","https:\/\/youtube.com\/vanderloubet","https:\/\/tiktok.com\/@vanderloubetms"]},{"@type":"Person","@id":"https:\/\/vanderloubet.com.br\/deputado\/#\/schema\/person\/15b51bd564532a8a68d9dec1b8eb890e","name":"\u00c9der","image":{"@type":"ImageObject","inLanguage":"pt-BR","@id":"https:\/\/vanderloubet.com.br\/deputado\/wp-content\/litespeed\/avatar\/88ca4090d9d5ab1c9495f6ca03b68efa.jpg?ver=1777058957","url":"https:\/\/vanderloubet.com.br\/deputado\/wp-content\/litespeed\/avatar\/88ca4090d9d5ab1c9495f6ca03b68efa.jpg?ver=1777058957","contentUrl":"https:\/\/vanderloubet.com.br\/deputado\/wp-content\/litespeed\/avatar\/88ca4090d9d5ab1c9495f6ca03b68efa.jpg?ver=1777058957","caption":"\u00c9der"}}]}},"jetpack_featured_media_url":"","jetpack_sharing_enabled":true,"_links":{"self":[{"href":"https:\/\/vanderloubet.com.br\/deputado\/wp-json\/wp\/v2\/posts\/2927","targetHints":{"allow":["GET"]}}],"collection":[{"href":"https:\/\/vanderloubet.com.br\/deputado\/wp-json\/wp\/v2\/posts"}],"about":[{"href":"https:\/\/vanderloubet.com.br\/deputado\/wp-json\/wp\/v2\/types\/post"}],"author":[{"embeddable":true,"href":"https:\/\/vanderloubet.com.br\/deputado\/wp-json\/wp\/v2\/users\/2"}],"replies":[{"embeddable":true,"href":"https:\/\/vanderloubet.com.br\/deputado\/wp-json\/wp\/v2\/comments?post=2927"}],"version-history":[{"count":0,"href":"https:\/\/vanderloubet.com.br\/deputado\/wp-json\/wp\/v2\/posts\/2927\/revisions"}],"wp:attachment":[{"href":"https:\/\/vanderloubet.com.br\/deputado\/wp-json\/wp\/v2\/media?parent=2927"}],"wp:term":[{"taxonomy":"category","embeddable":true,"href":"https:\/\/vanderloubet.com.br\/deputado\/wp-json\/wp\/v2\/categories?post=2927"},{"taxonomy":"post_tag","embeddable":true,"href":"https:\/\/vanderloubet.com.br\/deputado\/wp-json\/wp\/v2\/tags?post=2927"}],"curies":[{"name":"wp","href":"https:\/\/api.w.org\/{rel}","templated":true}]}}