{"id":2905,"date":"2011-02-23T15:11:04","date_gmt":"2011-02-23T19:11:04","guid":{"rendered":"http:\/\/www.deputadovander.com.br\/website\/?p=2905"},"modified":"2011-02-23T15:11:04","modified_gmt":"2011-02-23T19:11:04","slug":"os-dois-centavos-que-fazem-a-diferenca","status":"publish","type":"post","link":"https:\/\/vanderloubet.com.br\/deputado\/os-dois-centavos-que-fazem-a-diferenca\/","title":{"rendered":"Os dois centavos que fazem a diferen\u00e7a"},"content":{"rendered":"<p><em>Vander Loubet &#8211; Deputado Federal (PT-MS)<\/em><\/p>\n<p>Agora est\u00e1 consumado: o prefeito Nelson Trad Filho (PMDB) oficializou esta semana que a tarifa dos \u00f4nibus urbanos de Campo Grande ser\u00e1 a segunda mais cara do Brasil. S\u00f3 &#8220;perdemos&#8221; para S\u00e3o Paulo, a maior cidade da Am\u00e9rica Latina, que com 12 milh\u00f5es de habitantes, tem uma tarifa de R$ 3,00. O valor definido pela gest\u00e3o de Nelsinho \u00e9 o mesmo pago em Porto Alegre. A diferen\u00e7a: a capital ga\u00facha, al\u00e9m de possuir o dobro de moradores (1,5 milh\u00e3o de habitantes) que Campo Grande, conta com um dos transportes coletivos mais modernos e mais bem avaliados do Pa\u00eds em termos de qualidade, seguran\u00e7a e comodidade.<\/p>\n<p>A passagem do transporte coletivo de Campo Grande passou de R$ 2,50 para R$ 2,70, embora os estudos da Universidade Federal de Mato Grosso do Sul (UFMS) tenham indicado que o valor deveria ser de R$ 2,68. Segundo o diretor da Ag\u00eancia Municipal de Transporte e Tr\u00e2nsito (Agetran), Rudel Trindade, o valor foi arredondado para &#8220;facilitar&#8221; o troco.<\/p>\n<p style=\"text-align: center;\">\n<figure id=\"attachment_2906\" aria-describedby=\"caption-attachment-2906\" style=\"width: 400px\" class=\"wp-caption aligncenter\"><a href=\"http:\/\/www.deputadovander.com.br\/website\/wp-content\/uploads\/2011\/02\/foto-2011-02-23-transporte-coletivo.jpg\" target=\"_blank\"><img decoding=\"async\" class=\"size-medium wp-image-2906 \" title=\"foto-2011-02-23-transporte-coletivo\" src=\"http:\/\/www.deputadovander.com.br\/website\/wp-content\/uploads\/2011\/02\/foto-2011-02-23-transporte-coletivo-400x266.jpg\" alt=\"Tarifa de \u00f4nibus da Capital \u00e9 a segunda mais cara do Pa\u00eds\" width=\"400\" height=\"266\" \/><\/a><figcaption id=\"caption-attachment-2906\" class=\"wp-caption-text\">Tarifa de \u00f4nibus da Capital \u00e9 a segunda mais cara do Pa\u00eds<\/figcaption><\/figure>\n<\/p>\n<p>A decis\u00e3o de arredondar o pre\u00e7o de R$ 2,68 para R$ 2,70 n\u00e3o implica somente em uma facilita\u00e7\u00e3o de troco. \u00c9 o reflexo de uma forma de fazer pol\u00edtica, de tomar decis\u00f5es sem que o interesse da maioria tenha import\u00e2ncia. Se fosse mesmo para arredondar, por que n\u00e3o para menos? De R$ 2,68 para R$ 2,65 ou para R$ 2,60, por exemplo. Isso n\u00e3o s\u00f3 facilitaria o troco, como pretendem, mas tamb\u00e9m beneficiaria os usu\u00e1rios e at\u00e9 os empres\u00e1rios que pagam vale transporte aos seus funcion\u00e1rios.<\/p>\n<p>Numa conta simples, a decis\u00e3o &#8220;arredondadora&#8221; da Prefeitura far\u00e1 com que os donos das empresas de \u00f4nibus tenham seus ganhos aumentados em cerca de R$ 1,7 milh\u00e3o em um ano, pois R$ 0,02 x 230 mil (m\u00e9dia de passageiros\/dia transportados) = R$ 4.600,00\/dia. Esse \u00e9 o valor que poderia ficar com os passageiros para refor\u00e7ar seus or\u00e7amentos familiares. Dois centavos podem parecer pouco para os afortunados, mas para as pessoas mais pobres \u00e9 o p\u00e3o, \u00e9 o leite da casa.<\/p>\n<p>Ao caminhar pela nossa Capital e conversar com as pessoas, eleitores ou n\u00e3o, o que tenho ouvido s\u00e3o reclama\u00e7\u00f5es de pequenos empres\u00e1rios, trabalhadores, donas de casa, estudantes, que consideram que as coisas em Campo Grande n\u00e3o apontam para a forma de governo que a cidade onde vivemos e que tanto admiramos deveria ter. Nossa Cidade Morena merece de seus dirigentes uma forma mais moderna e participativa de ser administrada.<\/p>\n<p>\u00c9 dif\u00edcil entender como temos o segundo transporte coletivo mais caro do Brasil se esse servi\u00e7o possui tantas defici\u00eancias, como falta de cobertura em pontos de \u00f4nibus; desrespeito aos idosos, gestantes e deficientes e superlota\u00e7\u00e3o de ve\u00edculos. Al\u00e9m disso, n\u00e3o h\u00e1 compara\u00e7\u00e3o entre a realidade f\u00edsica de Campo Grande e os longos e lentos percursos de cidades como S\u00e3o Paulo e Porto Alegre, cujas complexidades urbanas s\u00e3o bem mais desafiadoras que as da nossa Capital. Sem falar na velha explica\u00e7\u00e3o de que o transporte coletivo aqui \u00e9 mais caro em fun\u00e7\u00e3o das gratuidades. Esse argumento n\u00e3o se sustenta na totalidade, pois em outras cidades h\u00e1 benef\u00edcios menos restritivos que os daqui e nem por isso as tarifas s\u00e3o t\u00e3o caras.<\/p>\n<p>O desfecho final do reajuste mostrou-se ainda mais emblem\u00e1tico. De portas fechadas, foi tomada uma decis\u00e3o que deveria ser p\u00fablica, transparente e participativa, tendo em vista a dimens\u00e3o e o impacto que o reajuste da tarifa provoca no custo de sobreviv\u00eancia da esmagadora maioria da popula\u00e7\u00e3o e na pr\u00f3pria din\u00e2mica da economia local. No final, s\u00e3o dois centavos muito caros e que fazem toda a diferen\u00e7a.<\/p>\n","protected":false},"excerpt":{"rendered":"<p>Artigo do deputado Vander Loubet abordando os m\u00e9todos utilizados pela Prefeitura de Campo Grande para reajustar tarifa de \u00f4nibus.<\/p>\n","protected":false},"author":2,"featured_media":0,"comment_status":"open","ping_status":"open","sticky":false,"template":"","format":"standard","meta":{"jetpack_post_was_ever_published":false,"_jetpack_newsletter_access":"","_jetpack_dont_email_post_to_subs":false,"_jetpack_newsletter_tier_id":0,"_jetpack_memberships_contains_paywalled_content":false,"_jetpack_memberships_contains_paid_content":false,"footnotes":""},"categories":[11],"tags":[186,341,608,807,936,1178,1427,1916,1972,2033],"class_list":{"0":"post-2905","1":"post","2":"type-post","3":"status-publish","4":"format-standard","6":"category-opinioes","7":"tag-artigo","8":"tag-campo","9":"tag-deputado","10":"tag-federal","11":"tag-grande","12":"tag-loubet","13":"tag-onibus","14":"tag-tarifa","15":"tag-transporte","16":"tag-vander"},"yoast_head":"<!-- This site is optimized with the Yoast SEO plugin v27.4 - https:\/\/yoast.com\/product\/yoast-seo-wordpress\/ -->\n<title>Os dois centavos que fazem a diferen\u00e7a<\/title>\n<meta name=\"robots\" content=\"index, follow, max-snippet:-1, max-image-preview:large, max-video-preview:-1\" \/>\n<link rel=\"canonical\" href=\"https:\/\/vanderloubet.com.br\/deputado\/os-dois-centavos-que-fazem-a-diferenca\/\" \/>\n<meta property=\"og:locale\" content=\"pt_BR\" \/>\n<meta property=\"og:type\" content=\"article\" \/>\n<meta property=\"og:title\" content=\"Os dois centavos que fazem a diferen\u00e7a\" \/>\n<meta property=\"og:description\" content=\"Artigo do deputado Vander Loubet abordando os m\u00e9todos utilizados pela Prefeitura de Campo Grande para reajustar tarifa de \u00f4nibus.\" \/>\n<meta property=\"og:url\" content=\"https:\/\/vanderloubet.com.br\/deputado\/os-dois-centavos-que-fazem-a-diferenca\/\" \/>\n<meta property=\"og:site_name\" content=\"Deputado Federal Vander Loubet\" \/>\n<meta property=\"article:publisher\" content=\"https:\/\/facebook.com\/deputadovander\" \/>\n<meta property=\"article:published_time\" content=\"2011-02-23T19:11:04+00:00\" \/>\n<meta property=\"og:image\" content=\"http:\/\/www.deputadovander.com.br\/website\/wp-content\/uploads\/2011\/02\/foto-2011-02-23-transporte-coletivo-400x266.jpg\" \/>\n<meta name=\"author\" content=\"\u00c9der\" \/>\n<meta name=\"twitter:card\" content=\"summary_large_image\" \/>\n<meta name=\"twitter:creator\" content=\"@vanderloubet\" \/>\n<meta name=\"twitter:site\" content=\"@vanderloubet\" \/>\n<script type=\"application\/ld+json\" class=\"yoast-schema-graph\">{\"@context\":\"https:\\\/\\\/schema.org\",\"@graph\":[{\"@type\":\"Article\",\"@id\":\"https:\\\/\\\/vanderloubet.com.br\\\/deputado\\\/os-dois-centavos-que-fazem-a-diferenca\\\/#article\",\"isPartOf\":{\"@id\":\"https:\\\/\\\/vanderloubet.com.br\\\/deputado\\\/os-dois-centavos-que-fazem-a-diferenca\\\/\"},\"author\":{\"name\":\"\u00c9der\",\"@id\":\"https:\\\/\\\/vanderloubet.com.br\\\/deputado\\\/#\\\/schema\\\/person\\\/15b51bd564532a8a68d9dec1b8eb890e\"},\"headline\":\"Os dois centavos que fazem a diferen\u00e7a\",\"datePublished\":\"2011-02-23T19:11:04+00:00\",\"mainEntityOfPage\":{\"@id\":\"https:\\\/\\\/vanderloubet.com.br\\\/deputado\\\/os-dois-centavos-que-fazem-a-diferenca\\\/\"},\"wordCount\":660,\"commentCount\":0,\"publisher\":{\"@id\":\"https:\\\/\\\/vanderloubet.com.br\\\/deputado\\\/#organization\"},\"image\":{\"@id\":\"https:\\\/\\\/vanderloubet.com.br\\\/deputado\\\/os-dois-centavos-que-fazem-a-diferenca\\\/#primaryimage\"},\"thumbnailUrl\":\"http:\\\/\\\/www.deputadovander.com.br\\\/website\\\/wp-content\\\/uploads\\\/2011\\\/02\\\/foto-2011-02-23-transporte-coletivo-400x266.jpg\",\"keywords\":[\"artigo\",\"campo\",\"deputado\",\"federal\",\"grande\",\"loubet\",\"\u00f4nibus\",\"tarifa\",\"transporte\",\"vander\"],\"articleSection\":[\"Opini\u00e3o\"],\"inLanguage\":\"pt-BR\",\"potentialAction\":[{\"@type\":\"CommentAction\",\"name\":\"Comment\",\"target\":[\"https:\\\/\\\/vanderloubet.com.br\\\/deputado\\\/os-dois-centavos-que-fazem-a-diferenca\\\/#respond\"]}]},{\"@type\":\"WebPage\",\"@id\":\"https:\\\/\\\/vanderloubet.com.br\\\/deputado\\\/os-dois-centavos-que-fazem-a-diferenca\\\/\",\"url\":\"https:\\\/\\\/vanderloubet.com.br\\\/deputado\\\/os-dois-centavos-que-fazem-a-diferenca\\\/\",\"name\":\"Os dois centavos que fazem a diferen\u00e7a\",\"isPartOf\":{\"@id\":\"https:\\\/\\\/vanderloubet.com.br\\\/deputado\\\/#website\"},\"primaryImageOfPage\":{\"@id\":\"https:\\\/\\\/vanderloubet.com.br\\\/deputado\\\/os-dois-centavos-que-fazem-a-diferenca\\\/#primaryimage\"},\"image\":{\"@id\":\"https:\\\/\\\/vanderloubet.com.br\\\/deputado\\\/os-dois-centavos-que-fazem-a-diferenca\\\/#primaryimage\"},\"thumbnailUrl\":\"http:\\\/\\\/www.deputadovander.com.br\\\/website\\\/wp-content\\\/uploads\\\/2011\\\/02\\\/foto-2011-02-23-transporte-coletivo-400x266.jpg\",\"datePublished\":\"2011-02-23T19:11:04+00:00\",\"breadcrumb\":{\"@id\":\"https:\\\/\\\/vanderloubet.com.br\\\/deputado\\\/os-dois-centavos-que-fazem-a-diferenca\\\/#breadcrumb\"},\"inLanguage\":\"pt-BR\",\"potentialAction\":[{\"@type\":\"ReadAction\",\"target\":[\"https:\\\/\\\/vanderloubet.com.br\\\/deputado\\\/os-dois-centavos-que-fazem-a-diferenca\\\/\"]}]},{\"@type\":\"ImageObject\",\"inLanguage\":\"pt-BR\",\"@id\":\"https:\\\/\\\/vanderloubet.com.br\\\/deputado\\\/os-dois-centavos-que-fazem-a-diferenca\\\/#primaryimage\",\"url\":\"http:\\\/\\\/www.deputadovander.com.br\\\/website\\\/wp-content\\\/uploads\\\/2011\\\/02\\\/foto-2011-02-23-transporte-coletivo-400x266.jpg\",\"contentUrl\":\"http:\\\/\\\/www.deputadovander.com.br\\\/website\\\/wp-content\\\/uploads\\\/2011\\\/02\\\/foto-2011-02-23-transporte-coletivo-400x266.jpg\"},{\"@type\":\"BreadcrumbList\",\"@id\":\"https:\\\/\\\/vanderloubet.com.br\\\/deputado\\\/os-dois-centavos-que-fazem-a-diferenca\\\/#breadcrumb\",\"itemListElement\":[{\"@type\":\"ListItem\",\"position\":1,\"name\":\"In\u00edcio\",\"item\":\"https:\\\/\\\/vanderloubet.com.br\\\/deputado\\\/\"},{\"@type\":\"ListItem\",\"position\":2,\"name\":\"Os dois centavos que fazem a diferen\u00e7a\"}]},{\"@type\":\"WebSite\",\"@id\":\"https:\\\/\\\/vanderloubet.com.br\\\/deputado\\\/#website\",\"url\":\"https:\\\/\\\/vanderloubet.com.br\\\/deputado\\\/\",\"name\":\"Deputado Federal Vander Loubet\",\"description\":\"O Federal de MS\",\"publisher\":{\"@id\":\"https:\\\/\\\/vanderloubet.com.br\\\/deputado\\\/#organization\"},\"alternateName\":\"Deputado Vander\",\"potentialAction\":[{\"@type\":\"SearchAction\",\"target\":{\"@type\":\"EntryPoint\",\"urlTemplate\":\"https:\\\/\\\/vanderloubet.com.br\\\/deputado\\\/?s={search_term_string}\"},\"query-input\":{\"@type\":\"PropertyValueSpecification\",\"valueRequired\":true,\"valueName\":\"search_term_string\"}}],\"inLanguage\":\"pt-BR\"},{\"@type\":\"Organization\",\"@id\":\"https:\\\/\\\/vanderloubet.com.br\\\/deputado\\\/#organization\",\"name\":\"Deputado Federal Vander Loubet\",\"alternateName\":\"Deputado Vander\",\"url\":\"https:\\\/\\\/vanderloubet.com.br\\\/deputado\\\/\",\"logo\":{\"@type\":\"ImageObject\",\"inLanguage\":\"pt-BR\",\"@id\":\"https:\\\/\\\/vanderloubet.com.br\\\/deputado\\\/#\\\/schema\\\/logo\\\/image\\\/\",\"url\":\"https:\\\/\\\/vanderloubet.com.br\\\/deputado\\\/wp-content\\\/uploads\\\/2023\\\/06\\\/foto-2023-06-19-mandato-deputado-vander.jpg\",\"contentUrl\":\"https:\\\/\\\/vanderloubet.com.br\\\/deputado\\\/wp-content\\\/uploads\\\/2023\\\/06\\\/foto-2023-06-19-mandato-deputado-vander.jpg\",\"width\":1080,\"height\":1080,\"caption\":\"Deputado Federal Vander Loubet\"},\"image\":{\"@id\":\"https:\\\/\\\/vanderloubet.com.br\\\/deputado\\\/#\\\/schema\\\/logo\\\/image\\\/\"},\"sameAs\":[\"https:\\\/\\\/facebook.com\\\/deputadovander\",\"https:\\\/\\\/x.com\\\/vanderloubet\",\"https:\\\/\\\/instagram.com\\\/vanderloubet\",\"https:\\\/\\\/youtube.com\\\/vanderloubet\",\"https:\\\/\\\/tiktok.com\\\/@vanderloubetms\"]},{\"@type\":\"Person\",\"@id\":\"https:\\\/\\\/vanderloubet.com.br\\\/deputado\\\/#\\\/schema\\\/person\\\/15b51bd564532a8a68d9dec1b8eb890e\",\"name\":\"\u00c9der\",\"image\":{\"@type\":\"ImageObject\",\"inLanguage\":\"pt-BR\",\"@id\":\"https:\\\/\\\/vanderloubet.com.br\\\/deputado\\\/wp-content\\\/litespeed\\\/avatar\\\/88ca4090d9d5ab1c9495f6ca03b68efa.jpg?ver=1777058957\",\"url\":\"https:\\\/\\\/vanderloubet.com.br\\\/deputado\\\/wp-content\\\/litespeed\\\/avatar\\\/88ca4090d9d5ab1c9495f6ca03b68efa.jpg?ver=1777058957\",\"contentUrl\":\"https:\\\/\\\/vanderloubet.com.br\\\/deputado\\\/wp-content\\\/litespeed\\\/avatar\\\/88ca4090d9d5ab1c9495f6ca03b68efa.jpg?ver=1777058957\",\"caption\":\"\u00c9der\"}}]}<\/script>\n<!-- \/ Yoast SEO plugin. -->","yoast_head_json":{"title":"Os dois centavos que fazem a diferen\u00e7a","robots":{"index":"index","follow":"follow","max-snippet":"max-snippet:-1","max-image-preview":"max-image-preview:large","max-video-preview":"max-video-preview:-1"},"canonical":"https:\/\/vanderloubet.com.br\/deputado\/os-dois-centavos-que-fazem-a-diferenca\/","og_locale":"pt_BR","og_type":"article","og_title":"Os dois centavos que fazem a diferen\u00e7a","og_description":"Artigo do deputado Vander Loubet abordando os m\u00e9todos utilizados pela Prefeitura de Campo Grande para reajustar tarifa de \u00f4nibus.","og_url":"https:\/\/vanderloubet.com.br\/deputado\/os-dois-centavos-que-fazem-a-diferenca\/","og_site_name":"Deputado Federal Vander Loubet","article_publisher":"https:\/\/facebook.com\/deputadovander","article_published_time":"2011-02-23T19:11:04+00:00","og_image":[{"url":"http:\/\/www.deputadovander.com.br\/website\/wp-content\/uploads\/2011\/02\/foto-2011-02-23-transporte-coletivo-400x266.jpg","type":"","width":"","height":""}],"author":"\u00c9der","twitter_card":"summary_large_image","twitter_creator":"@vanderloubet","twitter_site":"@vanderloubet","schema":{"@context":"https:\/\/schema.org","@graph":[{"@type":"Article","@id":"https:\/\/vanderloubet.com.br\/deputado\/os-dois-centavos-que-fazem-a-diferenca\/#article","isPartOf":{"@id":"https:\/\/vanderloubet.com.br\/deputado\/os-dois-centavos-que-fazem-a-diferenca\/"},"author":{"name":"\u00c9der","@id":"https:\/\/vanderloubet.com.br\/deputado\/#\/schema\/person\/15b51bd564532a8a68d9dec1b8eb890e"},"headline":"Os dois centavos que fazem a diferen\u00e7a","datePublished":"2011-02-23T19:11:04+00:00","mainEntityOfPage":{"@id":"https:\/\/vanderloubet.com.br\/deputado\/os-dois-centavos-que-fazem-a-diferenca\/"},"wordCount":660,"commentCount":0,"publisher":{"@id":"https:\/\/vanderloubet.com.br\/deputado\/#organization"},"image":{"@id":"https:\/\/vanderloubet.com.br\/deputado\/os-dois-centavos-que-fazem-a-diferenca\/#primaryimage"},"thumbnailUrl":"http:\/\/www.deputadovander.com.br\/website\/wp-content\/uploads\/2011\/02\/foto-2011-02-23-transporte-coletivo-400x266.jpg","keywords":["artigo","campo","deputado","federal","grande","loubet","\u00f4nibus","tarifa","transporte","vander"],"articleSection":["Opini\u00e3o"],"inLanguage":"pt-BR","potentialAction":[{"@type":"CommentAction","name":"Comment","target":["https:\/\/vanderloubet.com.br\/deputado\/os-dois-centavos-que-fazem-a-diferenca\/#respond"]}]},{"@type":"WebPage","@id":"https:\/\/vanderloubet.com.br\/deputado\/os-dois-centavos-que-fazem-a-diferenca\/","url":"https:\/\/vanderloubet.com.br\/deputado\/os-dois-centavos-que-fazem-a-diferenca\/","name":"Os dois centavos que fazem a diferen\u00e7a","isPartOf":{"@id":"https:\/\/vanderloubet.com.br\/deputado\/#website"},"primaryImageOfPage":{"@id":"https:\/\/vanderloubet.com.br\/deputado\/os-dois-centavos-que-fazem-a-diferenca\/#primaryimage"},"image":{"@id":"https:\/\/vanderloubet.com.br\/deputado\/os-dois-centavos-que-fazem-a-diferenca\/#primaryimage"},"thumbnailUrl":"http:\/\/www.deputadovander.com.br\/website\/wp-content\/uploads\/2011\/02\/foto-2011-02-23-transporte-coletivo-400x266.jpg","datePublished":"2011-02-23T19:11:04+00:00","breadcrumb":{"@id":"https:\/\/vanderloubet.com.br\/deputado\/os-dois-centavos-que-fazem-a-diferenca\/#breadcrumb"},"inLanguage":"pt-BR","potentialAction":[{"@type":"ReadAction","target":["https:\/\/vanderloubet.com.br\/deputado\/os-dois-centavos-que-fazem-a-diferenca\/"]}]},{"@type":"ImageObject","inLanguage":"pt-BR","@id":"https:\/\/vanderloubet.com.br\/deputado\/os-dois-centavos-que-fazem-a-diferenca\/#primaryimage","url":"http:\/\/www.deputadovander.com.br\/website\/wp-content\/uploads\/2011\/02\/foto-2011-02-23-transporte-coletivo-400x266.jpg","contentUrl":"http:\/\/www.deputadovander.com.br\/website\/wp-content\/uploads\/2011\/02\/foto-2011-02-23-transporte-coletivo-400x266.jpg"},{"@type":"BreadcrumbList","@id":"https:\/\/vanderloubet.com.br\/deputado\/os-dois-centavos-que-fazem-a-diferenca\/#breadcrumb","itemListElement":[{"@type":"ListItem","position":1,"name":"In\u00edcio","item":"https:\/\/vanderloubet.com.br\/deputado\/"},{"@type":"ListItem","position":2,"name":"Os dois centavos que fazem a diferen\u00e7a"}]},{"@type":"WebSite","@id":"https:\/\/vanderloubet.com.br\/deputado\/#website","url":"https:\/\/vanderloubet.com.br\/deputado\/","name":"Deputado Federal Vander Loubet","description":"O Federal de MS","publisher":{"@id":"https:\/\/vanderloubet.com.br\/deputado\/#organization"},"alternateName":"Deputado Vander","potentialAction":[{"@type":"SearchAction","target":{"@type":"EntryPoint","urlTemplate":"https:\/\/vanderloubet.com.br\/deputado\/?s={search_term_string}"},"query-input":{"@type":"PropertyValueSpecification","valueRequired":true,"valueName":"search_term_string"}}],"inLanguage":"pt-BR"},{"@type":"Organization","@id":"https:\/\/vanderloubet.com.br\/deputado\/#organization","name":"Deputado Federal Vander Loubet","alternateName":"Deputado Vander","url":"https:\/\/vanderloubet.com.br\/deputado\/","logo":{"@type":"ImageObject","inLanguage":"pt-BR","@id":"https:\/\/vanderloubet.com.br\/deputado\/#\/schema\/logo\/image\/","url":"https:\/\/vanderloubet.com.br\/deputado\/wp-content\/uploads\/2023\/06\/foto-2023-06-19-mandato-deputado-vander.jpg","contentUrl":"https:\/\/vanderloubet.com.br\/deputado\/wp-content\/uploads\/2023\/06\/foto-2023-06-19-mandato-deputado-vander.jpg","width":1080,"height":1080,"caption":"Deputado Federal Vander Loubet"},"image":{"@id":"https:\/\/vanderloubet.com.br\/deputado\/#\/schema\/logo\/image\/"},"sameAs":["https:\/\/facebook.com\/deputadovander","https:\/\/x.com\/vanderloubet","https:\/\/instagram.com\/vanderloubet","https:\/\/youtube.com\/vanderloubet","https:\/\/tiktok.com\/@vanderloubetms"]},{"@type":"Person","@id":"https:\/\/vanderloubet.com.br\/deputado\/#\/schema\/person\/15b51bd564532a8a68d9dec1b8eb890e","name":"\u00c9der","image":{"@type":"ImageObject","inLanguage":"pt-BR","@id":"https:\/\/vanderloubet.com.br\/deputado\/wp-content\/litespeed\/avatar\/88ca4090d9d5ab1c9495f6ca03b68efa.jpg?ver=1777058957","url":"https:\/\/vanderloubet.com.br\/deputado\/wp-content\/litespeed\/avatar\/88ca4090d9d5ab1c9495f6ca03b68efa.jpg?ver=1777058957","contentUrl":"https:\/\/vanderloubet.com.br\/deputado\/wp-content\/litespeed\/avatar\/88ca4090d9d5ab1c9495f6ca03b68efa.jpg?ver=1777058957","caption":"\u00c9der"}}]}},"jetpack_featured_media_url":"","jetpack_sharing_enabled":true,"_links":{"self":[{"href":"https:\/\/vanderloubet.com.br\/deputado\/wp-json\/wp\/v2\/posts\/2905","targetHints":{"allow":["GET"]}}],"collection":[{"href":"https:\/\/vanderloubet.com.br\/deputado\/wp-json\/wp\/v2\/posts"}],"about":[{"href":"https:\/\/vanderloubet.com.br\/deputado\/wp-json\/wp\/v2\/types\/post"}],"author":[{"embeddable":true,"href":"https:\/\/vanderloubet.com.br\/deputado\/wp-json\/wp\/v2\/users\/2"}],"replies":[{"embeddable":true,"href":"https:\/\/vanderloubet.com.br\/deputado\/wp-json\/wp\/v2\/comments?post=2905"}],"version-history":[{"count":0,"href":"https:\/\/vanderloubet.com.br\/deputado\/wp-json\/wp\/v2\/posts\/2905\/revisions"}],"wp:attachment":[{"href":"https:\/\/vanderloubet.com.br\/deputado\/wp-json\/wp\/v2\/media?parent=2905"}],"wp:term":[{"taxonomy":"category","embeddable":true,"href":"https:\/\/vanderloubet.com.br\/deputado\/wp-json\/wp\/v2\/categories?post=2905"},{"taxonomy":"post_tag","embeddable":true,"href":"https:\/\/vanderloubet.com.br\/deputado\/wp-json\/wp\/v2\/tags?post=2905"}],"curies":[{"name":"wp","href":"https:\/\/api.w.org\/{rel}","templated":true}]}}