{"id":2884,"date":"2011-02-17T14:57:22","date_gmt":"2011-02-17T18:57:22","guid":{"rendered":"http:\/\/www.deputadovander.com.br\/website\/?p=2884"},"modified":"2011-02-17T14:57:22","modified_gmt":"2011-02-17T18:57:22","slug":"iluminacao-do-virotao-e-inaugurada-com-grande-festa-em-navirai","status":"publish","type":"post","link":"https:\/\/vanderloubet.com.br\/deputado\/iluminacao-do-virotao-e-inaugurada-com-grande-festa-em-navirai\/","title":{"rendered":"Ilumina\u00e7\u00e3o do Virot\u00e3o \u00e9 inaugurada com grande festa em Navira\u00ed"},"content":{"rendered":"<p style=\"text-align: center;\">\n<figure id=\"attachment_2885\" aria-describedby=\"caption-attachment-2885\" style=\"width: 400px\" class=\"wp-caption aligncenter\"><a href=\"http:\/\/www.deputadovander.com.br\/website\/wp-content\/uploads\/2011\/02\/foto-2011-02-17-iluminacao-virotao.jpg\" target=\"_blank\"><img decoding=\"async\" class=\"size-medium wp-image-2885 \" title=\"foto-2011-02-17-iluminacao-virotao\" src=\"http:\/\/www.deputadovander.com.br\/website\/wp-content\/uploads\/2011\/02\/foto-2011-02-17-iluminacao-virotao-400x300.jpg\" alt=\"Ilumina\u00e7\u00e3o do Virot\u00e3o garantiu festa em Navira\u00ed\" width=\"400\" height=\"300\" \/><\/a><figcaption id=\"caption-attachment-2885\" class=\"wp-caption-text\">Ilumina\u00e7\u00e3o do Virot\u00e3o garantiu festa em Navira\u00ed (clique p\/ ampliar)<\/figcaption><\/figure>\n<\/p>\n<p>Na noite da \u00faltima quarta-feira (16), pouco mais de 2.300 torcedores marcaram presen\u00e7a no Est\u00e1dio Municipal Jos\u00e9 Augusto dos Santos, o Virot\u00e3o, em Navira\u00ed, para o jogo entre Naviraiense e Santo Andr\u00e9, v\u00e1lido pela Copa do Brasil. A partida ficou marcada pela inaugura\u00e7\u00e3o do sistema de ilumina\u00e7\u00e3o do est\u00e1dio, cuja obra contou com R$ 300 mil de emenda parlamentar do deputado federal Vander Loubet (PT-MS) e contrapartida da Prefeitura. A a\u00e7\u00e3o garantiu o jogo do Naviraiense em casa.<\/p>\n<p>Para o deputado, que n\u00e3o p\u00f4de ir ao jogo por estar em Bras\u00edlia participando da vota\u00e7\u00e3o da Medida Provis\u00f3ria sobre o sal\u00e1rio m\u00ednimo, \u00e9 importante que o esporte sul-mato-grossense seja incentivado e apoiado. &#8220;A ilumina\u00e7\u00e3o vai ajudar a fortalecer as competi\u00e7\u00f5es esportivas no Virot\u00e3o. Navira\u00ed agora pode receber jogos \u00e0 noite. Isso \u00e9 bom para o torcedor e deve possibilitar um p\u00fablico maior no est\u00e1dio&#8221;, afirmou Vander.<\/p>\n<p>O placar do jogo terminou em 2 a 1 para os visitantes. Em sua primeira partida oficial na temporada, o Naviraiense, com um jogador a menos durante quase todo o jogo, quase resistiu ao Santo Andr\u00e9. Apesar da derrota, o Jacar\u00e9 do Cone Sul conseguiu for\u00e7ar a partida de volta com o Ramalh\u00e3o, que est\u00e1 marcada para a pr\u00f3xima quarta-feira (23), no Est\u00e1dio Bruno Jos\u00e9 Daniel, na cidade paulista.<\/p>\n<p>O presidente do Naviraiense, Ronaldo Botelho, considerou o resultado importante. &#8220;Foi um grande jogo, uma festa para nossa torcida. O time mostrou disposi\u00e7\u00e3o em campo e est\u00e1 evoluindo. Isso \u00e9 importante para o crescimento da equipe na temporada. Agora vamos treinar durante esta semana e fazer uma boa partida em S\u00e3o Paulo&#8221;, disse Botelho.<\/p>\n<p><small>(\u00c9der Yanaguita &#8211; Assessoria, com informa\u00e7\u00f5es e fotos do Correio do Sul e Portal do MS)<\/small><\/p>\n","protected":false},"excerpt":{"rendered":"<p>Obra contou com R$ 300 mil de emenda parlamentar do deputado Vander e garantiu jogo do Naviraiense em casa.<\/p>\n","protected":false},"author":2,"featured_media":0,"comment_status":"open","ping_status":"open","sticky":false,"template":"","format":"standard","meta":{"jetpack_post_was_ever_published":false,"_jetpack_newsletter_access":"","_jetpack_dont_email_post_to_subs":false,"_jetpack_newsletter_tier_id":0,"_jetpack_memberships_contains_paywalled_content":false,"_jetpack_memberships_contains_paid_content":false,"footnotes":""},"categories":[10],"tags":[131,299,525,608,739,807,1178,1366,1367,1792,2033,2066],"class_list":{"0":"post-2884","1":"post","2":"type-post","3":"status-publish","4":"format-standard","6":"category-noticias","7":"tag-andre","8":"tag-brasil","9":"tag-copa","10":"tag-deputado","11":"tag-esporte","12":"tag-federal","13":"tag-loubet","14":"tag-navirai","15":"tag-naviraiense","16":"tag-santo","17":"tag-vander","18":"tag-virotao"},"yoast_head":"<!-- This site is optimized with the Yoast SEO plugin v27.4 - https:\/\/yoast.com\/product\/yoast-seo-wordpress\/ -->\n<title>Ilumina\u00e7\u00e3o do Virot\u00e3o \u00e9 inaugurada com grande festa em Navira\u00ed<\/title>\n<meta name=\"robots\" content=\"index, follow, max-snippet:-1, max-image-preview:large, max-video-preview:-1\" \/>\n<link rel=\"canonical\" href=\"https:\/\/vanderloubet.com.br\/deputado\/iluminacao-do-virotao-e-inaugurada-com-grande-festa-em-navirai\/\" \/>\n<meta property=\"og:locale\" content=\"pt_BR\" \/>\n<meta property=\"og:type\" content=\"article\" \/>\n<meta property=\"og:title\" content=\"Ilumina\u00e7\u00e3o do Virot\u00e3o \u00e9 inaugurada com grande festa em Navira\u00ed\" \/>\n<meta property=\"og:description\" content=\"Obra contou com R$ 300 mil de emenda parlamentar do deputado Vander e garantiu jogo do Naviraiense em casa.\" \/>\n<meta property=\"og:url\" content=\"https:\/\/vanderloubet.com.br\/deputado\/iluminacao-do-virotao-e-inaugurada-com-grande-festa-em-navirai\/\" \/>\n<meta property=\"og:site_name\" content=\"Deputado Federal Vander Loubet\" \/>\n<meta property=\"article:publisher\" content=\"https:\/\/facebook.com\/deputadovander\" \/>\n<meta property=\"article:published_time\" content=\"2011-02-17T18:57:22+00:00\" \/>\n<meta property=\"og:image\" content=\"http:\/\/www.deputadovander.com.br\/website\/wp-content\/uploads\/2011\/02\/foto-2011-02-17-iluminacao-virotao-400x300.jpg\" \/>\n<meta name=\"author\" content=\"\u00c9der\" \/>\n<meta name=\"twitter:card\" content=\"summary_large_image\" \/>\n<meta name=\"twitter:creator\" content=\"@vanderloubet\" \/>\n<meta name=\"twitter:site\" content=\"@vanderloubet\" \/>\n<script type=\"application\/ld+json\" class=\"yoast-schema-graph\">{\"@context\":\"https:\\\/\\\/schema.org\",\"@graph\":[{\"@type\":\"Article\",\"@id\":\"https:\\\/\\\/vanderloubet.com.br\\\/deputado\\\/iluminacao-do-virotao-e-inaugurada-com-grande-festa-em-navirai\\\/#article\",\"isPartOf\":{\"@id\":\"https:\\\/\\\/vanderloubet.com.br\\\/deputado\\\/iluminacao-do-virotao-e-inaugurada-com-grande-festa-em-navirai\\\/\"},\"author\":{\"name\":\"\u00c9der\",\"@id\":\"https:\\\/\\\/vanderloubet.com.br\\\/deputado\\\/#\\\/schema\\\/person\\\/15b51bd564532a8a68d9dec1b8eb890e\"},\"headline\":\"Ilumina\u00e7\u00e3o do Virot\u00e3o \u00e9 inaugurada com grande festa em Navira\u00ed\",\"datePublished\":\"2011-02-17T18:57:22+00:00\",\"mainEntityOfPage\":{\"@id\":\"https:\\\/\\\/vanderloubet.com.br\\\/deputado\\\/iluminacao-do-virotao-e-inaugurada-com-grande-festa-em-navirai\\\/\"},\"wordCount\":332,\"commentCount\":0,\"publisher\":{\"@id\":\"https:\\\/\\\/vanderloubet.com.br\\\/deputado\\\/#organization\"},\"image\":{\"@id\":\"https:\\\/\\\/vanderloubet.com.br\\\/deputado\\\/iluminacao-do-virotao-e-inaugurada-com-grande-festa-em-navirai\\\/#primaryimage\"},\"thumbnailUrl\":\"http:\\\/\\\/www.deputadovander.com.br\\\/website\\\/wp-content\\\/uploads\\\/2011\\\/02\\\/foto-2011-02-17-iluminacao-virotao-400x300.jpg\",\"keywords\":[\"andr\u00e9\",\"brasil\",\"copa\",\"deputado\",\"esporte\",\"federal\",\"loubet\",\"navira\u00ed\",\"naviraiense\",\"santo\",\"vander\",\"virot\u00e3o\"],\"articleSection\":[\"Not\u00edcias\"],\"inLanguage\":\"pt-BR\",\"potentialAction\":[{\"@type\":\"CommentAction\",\"name\":\"Comment\",\"target\":[\"https:\\\/\\\/vanderloubet.com.br\\\/deputado\\\/iluminacao-do-virotao-e-inaugurada-com-grande-festa-em-navirai\\\/#respond\"]}]},{\"@type\":\"WebPage\",\"@id\":\"https:\\\/\\\/vanderloubet.com.br\\\/deputado\\\/iluminacao-do-virotao-e-inaugurada-com-grande-festa-em-navirai\\\/\",\"url\":\"https:\\\/\\\/vanderloubet.com.br\\\/deputado\\\/iluminacao-do-virotao-e-inaugurada-com-grande-festa-em-navirai\\\/\",\"name\":\"Ilumina\u00e7\u00e3o do Virot\u00e3o \u00e9 inaugurada com grande festa em Navira\u00ed\",\"isPartOf\":{\"@id\":\"https:\\\/\\\/vanderloubet.com.br\\\/deputado\\\/#website\"},\"primaryImageOfPage\":{\"@id\":\"https:\\\/\\\/vanderloubet.com.br\\\/deputado\\\/iluminacao-do-virotao-e-inaugurada-com-grande-festa-em-navirai\\\/#primaryimage\"},\"image\":{\"@id\":\"https:\\\/\\\/vanderloubet.com.br\\\/deputado\\\/iluminacao-do-virotao-e-inaugurada-com-grande-festa-em-navirai\\\/#primaryimage\"},\"thumbnailUrl\":\"http:\\\/\\\/www.deputadovander.com.br\\\/website\\\/wp-content\\\/uploads\\\/2011\\\/02\\\/foto-2011-02-17-iluminacao-virotao-400x300.jpg\",\"datePublished\":\"2011-02-17T18:57:22+00:00\",\"breadcrumb\":{\"@id\":\"https:\\\/\\\/vanderloubet.com.br\\\/deputado\\\/iluminacao-do-virotao-e-inaugurada-com-grande-festa-em-navirai\\\/#breadcrumb\"},\"inLanguage\":\"pt-BR\",\"potentialAction\":[{\"@type\":\"ReadAction\",\"target\":[\"https:\\\/\\\/vanderloubet.com.br\\\/deputado\\\/iluminacao-do-virotao-e-inaugurada-com-grande-festa-em-navirai\\\/\"]}]},{\"@type\":\"ImageObject\",\"inLanguage\":\"pt-BR\",\"@id\":\"https:\\\/\\\/vanderloubet.com.br\\\/deputado\\\/iluminacao-do-virotao-e-inaugurada-com-grande-festa-em-navirai\\\/#primaryimage\",\"url\":\"http:\\\/\\\/www.deputadovander.com.br\\\/website\\\/wp-content\\\/uploads\\\/2011\\\/02\\\/foto-2011-02-17-iluminacao-virotao-400x300.jpg\",\"contentUrl\":\"http:\\\/\\\/www.deputadovander.com.br\\\/website\\\/wp-content\\\/uploads\\\/2011\\\/02\\\/foto-2011-02-17-iluminacao-virotao-400x300.jpg\"},{\"@type\":\"BreadcrumbList\",\"@id\":\"https:\\\/\\\/vanderloubet.com.br\\\/deputado\\\/iluminacao-do-virotao-e-inaugurada-com-grande-festa-em-navirai\\\/#breadcrumb\",\"itemListElement\":[{\"@type\":\"ListItem\",\"position\":1,\"name\":\"In\u00edcio\",\"item\":\"https:\\\/\\\/vanderloubet.com.br\\\/deputado\\\/\"},{\"@type\":\"ListItem\",\"position\":2,\"name\":\"Ilumina\u00e7\u00e3o do Virot\u00e3o \u00e9 inaugurada com grande festa em Navira\u00ed\"}]},{\"@type\":\"WebSite\",\"@id\":\"https:\\\/\\\/vanderloubet.com.br\\\/deputado\\\/#website\",\"url\":\"https:\\\/\\\/vanderloubet.com.br\\\/deputado\\\/\",\"name\":\"Deputado Federal Vander Loubet\",\"description\":\"O Federal de MS\",\"publisher\":{\"@id\":\"https:\\\/\\\/vanderloubet.com.br\\\/deputado\\\/#organization\"},\"alternateName\":\"Deputado Vander\",\"potentialAction\":[{\"@type\":\"SearchAction\",\"target\":{\"@type\":\"EntryPoint\",\"urlTemplate\":\"https:\\\/\\\/vanderloubet.com.br\\\/deputado\\\/?s={search_term_string}\"},\"query-input\":{\"@type\":\"PropertyValueSpecification\",\"valueRequired\":true,\"valueName\":\"search_term_string\"}}],\"inLanguage\":\"pt-BR\"},{\"@type\":\"Organization\",\"@id\":\"https:\\\/\\\/vanderloubet.com.br\\\/deputado\\\/#organization\",\"name\":\"Deputado Federal Vander Loubet\",\"alternateName\":\"Deputado Vander\",\"url\":\"https:\\\/\\\/vanderloubet.com.br\\\/deputado\\\/\",\"logo\":{\"@type\":\"ImageObject\",\"inLanguage\":\"pt-BR\",\"@id\":\"https:\\\/\\\/vanderloubet.com.br\\\/deputado\\\/#\\\/schema\\\/logo\\\/image\\\/\",\"url\":\"https:\\\/\\\/vanderloubet.com.br\\\/deputado\\\/wp-content\\\/uploads\\\/2023\\\/06\\\/foto-2023-06-19-mandato-deputado-vander.jpg\",\"contentUrl\":\"https:\\\/\\\/vanderloubet.com.br\\\/deputado\\\/wp-content\\\/uploads\\\/2023\\\/06\\\/foto-2023-06-19-mandato-deputado-vander.jpg\",\"width\":1080,\"height\":1080,\"caption\":\"Deputado Federal Vander Loubet\"},\"image\":{\"@id\":\"https:\\\/\\\/vanderloubet.com.br\\\/deputado\\\/#\\\/schema\\\/logo\\\/image\\\/\"},\"sameAs\":[\"https:\\\/\\\/facebook.com\\\/deputadovander\",\"https:\\\/\\\/x.com\\\/vanderloubet\",\"https:\\\/\\\/instagram.com\\\/vanderloubet\",\"https:\\\/\\\/youtube.com\\\/vanderloubet\",\"https:\\\/\\\/tiktok.com\\\/@vanderloubetms\"]},{\"@type\":\"Person\",\"@id\":\"https:\\\/\\\/vanderloubet.com.br\\\/deputado\\\/#\\\/schema\\\/person\\\/15b51bd564532a8a68d9dec1b8eb890e\",\"name\":\"\u00c9der\",\"image\":{\"@type\":\"ImageObject\",\"inLanguage\":\"pt-BR\",\"@id\":\"https:\\\/\\\/vanderloubet.com.br\\\/deputado\\\/wp-content\\\/litespeed\\\/avatar\\\/88ca4090d9d5ab1c9495f6ca03b68efa.jpg?ver=1777058957\",\"url\":\"https:\\\/\\\/vanderloubet.com.br\\\/deputado\\\/wp-content\\\/litespeed\\\/avatar\\\/88ca4090d9d5ab1c9495f6ca03b68efa.jpg?ver=1777058957\",\"contentUrl\":\"https:\\\/\\\/vanderloubet.com.br\\\/deputado\\\/wp-content\\\/litespeed\\\/avatar\\\/88ca4090d9d5ab1c9495f6ca03b68efa.jpg?ver=1777058957\",\"caption\":\"\u00c9der\"}}]}<\/script>\n<!-- \/ Yoast SEO plugin. -->","yoast_head_json":{"title":"Ilumina\u00e7\u00e3o do Virot\u00e3o \u00e9 inaugurada com grande festa em Navira\u00ed","robots":{"index":"index","follow":"follow","max-snippet":"max-snippet:-1","max-image-preview":"max-image-preview:large","max-video-preview":"max-video-preview:-1"},"canonical":"https:\/\/vanderloubet.com.br\/deputado\/iluminacao-do-virotao-e-inaugurada-com-grande-festa-em-navirai\/","og_locale":"pt_BR","og_type":"article","og_title":"Ilumina\u00e7\u00e3o do Virot\u00e3o \u00e9 inaugurada com grande festa em Navira\u00ed","og_description":"Obra contou com R$ 300 mil de emenda parlamentar do deputado Vander e garantiu jogo do Naviraiense em casa.","og_url":"https:\/\/vanderloubet.com.br\/deputado\/iluminacao-do-virotao-e-inaugurada-com-grande-festa-em-navirai\/","og_site_name":"Deputado Federal Vander Loubet","article_publisher":"https:\/\/facebook.com\/deputadovander","article_published_time":"2011-02-17T18:57:22+00:00","og_image":[{"url":"http:\/\/www.deputadovander.com.br\/website\/wp-content\/uploads\/2011\/02\/foto-2011-02-17-iluminacao-virotao-400x300.jpg","type":"","width":"","height":""}],"author":"\u00c9der","twitter_card":"summary_large_image","twitter_creator":"@vanderloubet","twitter_site":"@vanderloubet","schema":{"@context":"https:\/\/schema.org","@graph":[{"@type":"Article","@id":"https:\/\/vanderloubet.com.br\/deputado\/iluminacao-do-virotao-e-inaugurada-com-grande-festa-em-navirai\/#article","isPartOf":{"@id":"https:\/\/vanderloubet.com.br\/deputado\/iluminacao-do-virotao-e-inaugurada-com-grande-festa-em-navirai\/"},"author":{"name":"\u00c9der","@id":"https:\/\/vanderloubet.com.br\/deputado\/#\/schema\/person\/15b51bd564532a8a68d9dec1b8eb890e"},"headline":"Ilumina\u00e7\u00e3o do Virot\u00e3o \u00e9 inaugurada com grande festa em Navira\u00ed","datePublished":"2011-02-17T18:57:22+00:00","mainEntityOfPage":{"@id":"https:\/\/vanderloubet.com.br\/deputado\/iluminacao-do-virotao-e-inaugurada-com-grande-festa-em-navirai\/"},"wordCount":332,"commentCount":0,"publisher":{"@id":"https:\/\/vanderloubet.com.br\/deputado\/#organization"},"image":{"@id":"https:\/\/vanderloubet.com.br\/deputado\/iluminacao-do-virotao-e-inaugurada-com-grande-festa-em-navirai\/#primaryimage"},"thumbnailUrl":"http:\/\/www.deputadovander.com.br\/website\/wp-content\/uploads\/2011\/02\/foto-2011-02-17-iluminacao-virotao-400x300.jpg","keywords":["andr\u00e9","brasil","copa","deputado","esporte","federal","loubet","navira\u00ed","naviraiense","santo","vander","virot\u00e3o"],"articleSection":["Not\u00edcias"],"inLanguage":"pt-BR","potentialAction":[{"@type":"CommentAction","name":"Comment","target":["https:\/\/vanderloubet.com.br\/deputado\/iluminacao-do-virotao-e-inaugurada-com-grande-festa-em-navirai\/#respond"]}]},{"@type":"WebPage","@id":"https:\/\/vanderloubet.com.br\/deputado\/iluminacao-do-virotao-e-inaugurada-com-grande-festa-em-navirai\/","url":"https:\/\/vanderloubet.com.br\/deputado\/iluminacao-do-virotao-e-inaugurada-com-grande-festa-em-navirai\/","name":"Ilumina\u00e7\u00e3o do Virot\u00e3o \u00e9 inaugurada com grande festa em Navira\u00ed","isPartOf":{"@id":"https:\/\/vanderloubet.com.br\/deputado\/#website"},"primaryImageOfPage":{"@id":"https:\/\/vanderloubet.com.br\/deputado\/iluminacao-do-virotao-e-inaugurada-com-grande-festa-em-navirai\/#primaryimage"},"image":{"@id":"https:\/\/vanderloubet.com.br\/deputado\/iluminacao-do-virotao-e-inaugurada-com-grande-festa-em-navirai\/#primaryimage"},"thumbnailUrl":"http:\/\/www.deputadovander.com.br\/website\/wp-content\/uploads\/2011\/02\/foto-2011-02-17-iluminacao-virotao-400x300.jpg","datePublished":"2011-02-17T18:57:22+00:00","breadcrumb":{"@id":"https:\/\/vanderloubet.com.br\/deputado\/iluminacao-do-virotao-e-inaugurada-com-grande-festa-em-navirai\/#breadcrumb"},"inLanguage":"pt-BR","potentialAction":[{"@type":"ReadAction","target":["https:\/\/vanderloubet.com.br\/deputado\/iluminacao-do-virotao-e-inaugurada-com-grande-festa-em-navirai\/"]}]},{"@type":"ImageObject","inLanguage":"pt-BR","@id":"https:\/\/vanderloubet.com.br\/deputado\/iluminacao-do-virotao-e-inaugurada-com-grande-festa-em-navirai\/#primaryimage","url":"http:\/\/www.deputadovander.com.br\/website\/wp-content\/uploads\/2011\/02\/foto-2011-02-17-iluminacao-virotao-400x300.jpg","contentUrl":"http:\/\/www.deputadovander.com.br\/website\/wp-content\/uploads\/2011\/02\/foto-2011-02-17-iluminacao-virotao-400x300.jpg"},{"@type":"BreadcrumbList","@id":"https:\/\/vanderloubet.com.br\/deputado\/iluminacao-do-virotao-e-inaugurada-com-grande-festa-em-navirai\/#breadcrumb","itemListElement":[{"@type":"ListItem","position":1,"name":"In\u00edcio","item":"https:\/\/vanderloubet.com.br\/deputado\/"},{"@type":"ListItem","position":2,"name":"Ilumina\u00e7\u00e3o do Virot\u00e3o \u00e9 inaugurada com grande festa em Navira\u00ed"}]},{"@type":"WebSite","@id":"https:\/\/vanderloubet.com.br\/deputado\/#website","url":"https:\/\/vanderloubet.com.br\/deputado\/","name":"Deputado Federal Vander Loubet","description":"O Federal de MS","publisher":{"@id":"https:\/\/vanderloubet.com.br\/deputado\/#organization"},"alternateName":"Deputado Vander","potentialAction":[{"@type":"SearchAction","target":{"@type":"EntryPoint","urlTemplate":"https:\/\/vanderloubet.com.br\/deputado\/?s={search_term_string}"},"query-input":{"@type":"PropertyValueSpecification","valueRequired":true,"valueName":"search_term_string"}}],"inLanguage":"pt-BR"},{"@type":"Organization","@id":"https:\/\/vanderloubet.com.br\/deputado\/#organization","name":"Deputado Federal Vander Loubet","alternateName":"Deputado Vander","url":"https:\/\/vanderloubet.com.br\/deputado\/","logo":{"@type":"ImageObject","inLanguage":"pt-BR","@id":"https:\/\/vanderloubet.com.br\/deputado\/#\/schema\/logo\/image\/","url":"https:\/\/vanderloubet.com.br\/deputado\/wp-content\/uploads\/2023\/06\/foto-2023-06-19-mandato-deputado-vander.jpg","contentUrl":"https:\/\/vanderloubet.com.br\/deputado\/wp-content\/uploads\/2023\/06\/foto-2023-06-19-mandato-deputado-vander.jpg","width":1080,"height":1080,"caption":"Deputado Federal Vander Loubet"},"image":{"@id":"https:\/\/vanderloubet.com.br\/deputado\/#\/schema\/logo\/image\/"},"sameAs":["https:\/\/facebook.com\/deputadovander","https:\/\/x.com\/vanderloubet","https:\/\/instagram.com\/vanderloubet","https:\/\/youtube.com\/vanderloubet","https:\/\/tiktok.com\/@vanderloubetms"]},{"@type":"Person","@id":"https:\/\/vanderloubet.com.br\/deputado\/#\/schema\/person\/15b51bd564532a8a68d9dec1b8eb890e","name":"\u00c9der","image":{"@type":"ImageObject","inLanguage":"pt-BR","@id":"https:\/\/vanderloubet.com.br\/deputado\/wp-content\/litespeed\/avatar\/88ca4090d9d5ab1c9495f6ca03b68efa.jpg?ver=1777058957","url":"https:\/\/vanderloubet.com.br\/deputado\/wp-content\/litespeed\/avatar\/88ca4090d9d5ab1c9495f6ca03b68efa.jpg?ver=1777058957","contentUrl":"https:\/\/vanderloubet.com.br\/deputado\/wp-content\/litespeed\/avatar\/88ca4090d9d5ab1c9495f6ca03b68efa.jpg?ver=1777058957","caption":"\u00c9der"}}]}},"jetpack_featured_media_url":"","jetpack_sharing_enabled":true,"_links":{"self":[{"href":"https:\/\/vanderloubet.com.br\/deputado\/wp-json\/wp\/v2\/posts\/2884","targetHints":{"allow":["GET"]}}],"collection":[{"href":"https:\/\/vanderloubet.com.br\/deputado\/wp-json\/wp\/v2\/posts"}],"about":[{"href":"https:\/\/vanderloubet.com.br\/deputado\/wp-json\/wp\/v2\/types\/post"}],"author":[{"embeddable":true,"href":"https:\/\/vanderloubet.com.br\/deputado\/wp-json\/wp\/v2\/users\/2"}],"replies":[{"embeddable":true,"href":"https:\/\/vanderloubet.com.br\/deputado\/wp-json\/wp\/v2\/comments?post=2884"}],"version-history":[{"count":0,"href":"https:\/\/vanderloubet.com.br\/deputado\/wp-json\/wp\/v2\/posts\/2884\/revisions"}],"wp:attachment":[{"href":"https:\/\/vanderloubet.com.br\/deputado\/wp-json\/wp\/v2\/media?parent=2884"}],"wp:term":[{"taxonomy":"category","embeddable":true,"href":"https:\/\/vanderloubet.com.br\/deputado\/wp-json\/wp\/v2\/categories?post=2884"},{"taxonomy":"post_tag","embeddable":true,"href":"https:\/\/vanderloubet.com.br\/deputado\/wp-json\/wp\/v2\/tags?post=2884"}],"curies":[{"name":"wp","href":"https:\/\/api.w.org\/{rel}","templated":true}]}}